{"id":5259,"date":"2013-06-06T10:15:57","date_gmt":"2013-06-06T09:15:57","guid":{"rendered":"https:\/\/www.athome.lu\/blog\/services\/conseils\/?p=5259"},"modified":"2022-05-11T08:59:10","modified_gmt":"2022-05-11T06:59:10","slug":"aeroport-immobility-how-to-conciliate","status":"publish","type":"post","link":"https:\/\/www.athome.lu\/blog\/en\/mon-logement\/vie-quotidienne-mon-logement\/aeroport-immobilier-comment-concilier\/","title":{"rendered":"Airport and real estate: how to reconcile?"},"content":{"rendered":"<p><span style=\"color: #000000;\">For many years, the Luxembourg airport authorities have been trying to implement measures to limit noise and the number of people newly exposed.<\/span><\/p>\n\n\n\n<p><span style=\"color: #000000;\">An update on a sometimes critical situation between local residents and the authorities.<\/span><\/p>\n\n\n\n<h2 class=\"wp-block-heading\"><span style=\"color: #000000;\"><b><span style=\"text-decoration: underline;\">An air curfew<\/span><\/b><\/span><\/h2>\n\n\n\n<p><span style=\"color: #000000;\"><b><span style=\"text-decoration: underline;\"><br><\/span><\/b><i><span style=\"text-decoration: underline;\"><br><\/span><\/i>For many years, the authorities, aware of the noise pollution caused by the airport, have been trying to find solutions to improve the daily life of local residents.<\/span><\/p>\n\n\n\n<p><span style=\"color: #000000;\">The first action was to put in place a Grand Ducal decree, (modified on 24 May 1998), setting out the technical and operational operating conditions of Luxembourg Airport. The opening hours and air traffic are thus fixed between 6 a.m. and 11 p.m.<\/span><\/p>\n\n\n\n<p><span style=\"color: #000000;\">In terms of infrastructure, progress has also been made to reduce the noise pollution caused by the aircraft of Luxembourg companies.<\/span><br><span style=\"color: #000000;\"> However, the airport also receives aircraft from other foreign companies, even if they do not meet the noise emission standards imposed on Luxembourg companies.<\/span><\/p>\n\n\n\n<h2 class=\"wp-block-heading\"><span style=\"color: #000000;\"><b><span style=\"text-decoration: underline;\">Noise mapping to create an action plan<\/span><\/b><\/span><\/h2>\n\n\n\n<p><span style=\"color: #000000;\">Of course, the authorities are aware that the geographical location of the airport, close to the city, requires specific arrangements to protect local residents from noise.<\/span><\/p>\n\n\n\n<p><span style=\"color: #000000;\">In January 2008, a charter between users, residents and authorities was signed.<\/span><br><span style=\"color: #000000;\"> It concerned the practice of general aviation training and continuous training at Findel airport; its objective was to manage emissions and noise in the vicinity of the airport, in relation to the training of general aviation pilots, while ensuring that the interest and legitimacy of these activities were not undermined.<\/span><\/p>\n\n\n\n<p><span style=\"color: #000000;\">To continue this trend, the current Minister of the Environment (who had signed the charter a few months earlier) took stock of noise pollution a few months later and drew up a new noise map.<\/span><br><span style=\"color: #000000;\"> According to this report, 10 municipalities near the Findel were affected by noise pollution: 3,900 people were exposed to an Lden of more than 65 decibels and 18,400 had to endure a daily Lden of more than 60 decibels.<\/span><\/p>\n\n\n\n<p><span style=\"color: #000000;\">Two years later, the Ministry of Sustainable Development and Infrastructure also took action, proposing an \"Action plan to combat noise at Luxembourg Airport\".<\/span><br><span style=\"color: #000000;\"> The main aim of the plan was to reduce noise pollution at source in the noise management areas identified through noise mapping.<\/span><\/p>\n\n\n<section id=\"section-3-14695\" class=\"ct-section\" ><div class=\"ct-section-inner-wrap\"><div id=\"div_block-4-14695\" class=\"ct-div-block\" ><div id=\"new_columns-7-14695\" class=\"ct-new-columns\" ><div id=\"div_block-8-14695\" class=\"ct-div-block\" ><div id=\"div_block-14-14695\" class=\"ct-div-block\" ><\/div><\/div><div id=\"div_block-9-14695\" class=\"ct-div-block\" ><h1 id=\"headline-11-14695\" class=\"ct-headline\">What are the property prices at the moment?<\/h1><div id=\"text_block-12-14695\" class=\"ct-text-block\" >Prices are slowing down. Interest rates are rising. What are the trends for the coming months?<\/div><a id=\"link_button-13-14695\" class=\"ct-link-button\" href=\"https:\/\/www.athome.lu\/blog\/blog\/marche-immobilier\/prix\/tendances-2022\/\" target=\"_blank\"  >Read the analysis<\/a><\/div><\/div><\/div><\/div><\/section>\n\n\n<p><span style=\"color: #000000;\">Among the solutions identified, the issue of home insulation was addressed.<\/span><br><span style=\"color: #000000;\"> Indeed, as mentioned in the plan : <i>\"The only effective means of achieving a substantial and lasting reduction in noise for residents in highly exposed areas is to act on the dwellings themselves. This is achieved by soundproofing the dwellings so that the remaining noise levels inside the dwellings are compatible with the specific use of the premises. However, in order to ensure the sustainability of the investments made, it is necessary that the degree of sound insulation achieved corresponds to a sustainable design, i.e. that it corresponds not only to current noise levels but also to the noise levels envisaged in the longer term.<\/i><\/span><\/p>\n\n\n\n<p><span style=\"color: #000000;\">The plan also indicated future actions that would be taken to soundproof homes.<\/span><br><span style=\"color: #000000;\"> Of course, only those dwellings considered to be exposed (according to precise criteria) would be concerned and the means would be implemented according to the degree of exposure, with priority given to the treatment of the most exposed dwellings (zone A according to the noise map).<\/span><\/p>\n\n\n\n<p><span style=\"color: #000000;\">Other solutions included sensible land-use planning, including limiting the construction of housing and other sensitive infrastructure in noisy areas.<\/span><\/p>\n\n\n\n<p><span style=\"color: #000000;\">Noise-affected municipalities were asked not to create new residential areas in \"at risk\" locations and were informed of the noise map in order to plan their urban fabric in an intelligent way.<\/span><\/p>\n\n\n\n<p><span style=\"color: #000000;\">In terms of airport development initiatives, an airport noise working group was tasked with developing a list of anti-noise measures.<\/span><\/p>\n\n\n\n<h2 class=\"wp-block-heading\"><span style=\"color: #000000;\"><br><\/span><br><span style=\"color: #000000;\"> <b><span style=\"text-decoration: underline;\">Soundproof homes<\/span><\/b><\/span><\/h2>\n\n\n\n<p><span style=\"color: #000000;\">As mentioned above, the 2010 action plan envisaged measures for soundproofing homes in noise zones.<\/span><\/p>\n\n\n\n<p><span style=\"color: #000000;\">In October 2011, the Chamber of Deputies adopted the bill creating the<strong>aid for soundproofing homes<\/strong>&nbsp;located in the vicinity of the<strong>Findel Airport<\/strong>.<\/span><br><span style=\"color: #000000;\"> This measure, which is still topical, particularly because of the controversy surrounding night flights for the survival of Cargolux, is intended to help people living near the airport to cope better with aircraft noise.<\/span><\/p>\n\n\n\n<p><span style=\"color: #000000;\">Of course, not all dwellings will be eligible for this financial assistance.<\/span><br><span style=\"color: #000000;\"> This concerns owners of residential buildings located in the municipalities of Betzdorf, Flaxweiler, Hesperange, Luxembourg, Niederanven, Sandweiler and Schuttrange and whose building permit was issued before 31 August 1986 (date of entry into force of the partial development plan \"Airport and Surroundings\").<\/span><\/p>\n\n\n\n<p><span style=\"color: #000000;\">In order to determine the necessary soundproofing measures, a building acoustics advisor will have to make a diagnosis on how to improve the soundproofing of the dwelling.<\/span><\/p>\n\n\n\n<p><span style=\"color: #000000;\">The state grant is only available for the following works:<\/span><br><span style=\"color: #000000;\"> - replacement of windows ;<\/span><br><span style=\"color: #000000;\"> - insulation of roller boxes ;<\/span><br><span style=\"color: #000000;\"> - the installation of controlled ventilation;<\/span><br><span style=\"color: #000000;\"> - wallpapering and plastering ;<\/span><br><span style=\"color: #000000;\"> - roof or attic slab renovation.<\/span><\/p>\n\n\n\n<p><span style=\"color: #000000;\">The total amount of subsidies granted for these soundproofing investments is limited to&nbsp;<strong>12,500 euros for a house<\/strong>&nbsp;and to&nbsp;<strong>6,250 for a flat<\/strong><b>.<\/b><\/span><\/p>\n\n\n\n<p><span style=\"color: #000000;\">To qualify, prior advice on improving sound insulation must be obtained; and the work must be supervised by a building acoustics consultant.<\/span><br><span style=\"color: #000000;\"> These amounts can be covered by aid, but with a ceiling.<\/span><\/p>\n\n\n\n<p><span style=\"color: #000000;\">For the production of a consultancy report, a subsidy of 70 euros \/ hour is granted, but not exceeding :<\/span><br><span style=\"color: #000000;\"> - 1,000 for a house;<\/span><\/p>\n\n\n\n<p><span style=\"color: #000000;\">- 1,200 for an apartment building consisting of two flats.<\/span><br><span style=\"color: #000000;\"> In addition to this basic amount, there is a supplement of 100 euros for each additional flat.<\/span><\/p>\n\n\n\n<p><span style=\"color: #000000;\">Note that the total amount to be allocated is limited to 1,500 euros.<\/span><br><span style=\"color: #000000;\"> The advisor will also be required to provide a completion report.<\/span><\/p>\n\n\n\n<p><span style=\"color: #000000;\">For the supervision and monitoring of the work carried out, the subsidy granted is also 70 euros\/hour and the maximum limits are as follows:<\/span><br><span style=\"color: #000000;\"> - 1,000 for a house;<\/span><\/p>\n\n\n\n<p><span style=\"color: #000000;\">- 1,200 for an apartment building consisting of two flats.<\/span><br><span style=\"color: #000000;\"> In addition to this basic amount, there is a supplement of 100 euros for each additional flat.<\/span><br><span style=\"color: #000000;\"> The total amount to be granted is also limited to 1,500 euros and is granted for a residential building with flats. The grants are divided equally between all the flats in the building, regardless of the number of flats actually affected by the work.<\/span><\/p>\n\n\n\n<p><span style=\"color: #000000;\">Grants are awarded on the basis of receipted invoices for the work covered by the grants.<\/span><br><span style=\"color: #000000;\"> All applications for aid must be submitted to the Administration by registered mail (with acknowledgement of receipt) or by certified electronic mail.<\/span><\/p>\n\n\n\n<p><span style=\"color: #000000;\">&nbsp;<\/span><\/p>\n\n\n\n<p><span style=\"color: #000000;\">For more information on these grants and on the noise action plan, contact the environment portal or surf to <a href=\"http:\/\/www.emwelt.lu\/\"><span style=\"color: #000000;\">www.emwelt.lu<\/span><\/a><\/span><\/p>\n\n\n\n<p><span style=\"color: #000000;\">&nbsp;<\/span><\/p>\n\n\n\n<p><span style=\"color: #000000;\">&nbsp;<\/span><\/p>\n\n\n\n<p><span style=\"color: #000000;\">&nbsp;<\/span><\/p>\n\n\n\n<p><span style=\"color: #000000;\">&nbsp;<\/span><\/p>\n\n\n\n<p><span style=\"color: #000000;\">&nbsp;<\/span><\/p>","protected":false},"excerpt":{"rendered":"<p>Depuis de nombreuses ann\u00e9es, les autorit\u00e9s de l\u2019a\u00e9roport de Luxembourg tentent de mettre des mesures en \u0153uvre afin de limiter le bruit ainsi que le nombre de personnes nouvellement expos\u00e9es. Point sur une situation parfois critique entre les riverains et les autorit\u00e9s. Un couvre-feu a\u00e9rien Depuis de nombreuses ann\u00e9es, les autorit\u00e9s, conscientes des nuisances sonores [&hellip;]<\/p>\n","protected":false},"author":17,"featured_media":7367,"comment_status":"closed","ping_status":"open","sticky":false,"template":"","format":"standard","meta":{"_acf_changed":false,"footnotes":""},"categories":[214],"tags":[95,94],"class_list":["post-5259","post","type-post","status-publish","format-standard","has-post-thumbnail","hentry","category-vie-quotidienne-mon-logement","tag-centre","tag-luxembourg-ville"],"acf":[],"yoast_head":"<!-- This site is optimized with the Yoast SEO plugin v27.4 - https:\/\/yoast.com\/product\/yoast-seo-wordpress\/ -->\n<title>A\u00e9roport et immobilier: comment concilier? - atHome Blog<\/title>\n<meta name=\"robots\" content=\"index, follow, max-snippet:-1, max-image-preview:large, max-video-preview:-1\" \/>\n<link rel=\"canonical\" href=\"https:\/\/www.athome.lu\/blog\/en\/my-home\/daily-life\/aeroport-immobility-how-to-conciliate\/\" \/>\n<meta property=\"og:locale\" content=\"en_GB\" \/>\n<meta property=\"og:type\" content=\"article\" \/>\n<meta property=\"og:title\" content=\"A\u00e9roport et immobilier: comment concilier? - atHome Blog\" \/>\n<meta property=\"og:description\" content=\"Depuis de nombreuses ann\u00e9es, les autorit\u00e9s de l\u2019a\u00e9roport de Luxembourg tentent de mettre des mesures en \u0153uvre afin de limiter le bruit ainsi que le nombre de personnes nouvellement expos\u00e9es. Point sur une situation parfois critique entre les riverains et les autorit\u00e9s. Un couvre-feu a\u00e9rien Depuis de nombreuses ann\u00e9es, les autorit\u00e9s, conscientes des nuisances sonores [&hellip;]\" \/>\n<meta property=\"og:url\" content=\"https:\/\/www.athome.lu\/blog\/en\/my-home\/daily-life\/aeroport-immobility-how-to-conciliate\/\" \/>\n<meta property=\"og:site_name\" content=\"atHome Blog\" \/>\n<meta property=\"article:publisher\" content=\"https:\/\/www.facebook.com\/atHome.lu\/\" \/>\n<meta property=\"article:published_time\" content=\"2013-06-06T09:15:57+00:00\" \/>\n<meta property=\"article:modified_time\" content=\"2022-05-11T06:59:10+00:00\" \/>\n<meta property=\"og:image\" content=\"https:\/\/www.athome.lu\/blog\/wp-content\/uploads\/2010\/05\/ljh-stanhope-gardens-203.jpg\" \/>\n\t<meta property=\"og:image:width\" content=\"1200\" \/>\n\t<meta property=\"og:image:height\" content=\"798\" \/>\n\t<meta property=\"og:image:type\" content=\"image\/jpeg\" \/>\n<meta name=\"author\" content=\"Fanny Pimentel\" \/>\n<meta name=\"twitter:card\" content=\"summary_large_image\" \/>\n<meta name=\"twitter:creator\" content=\"@athomelu\" \/>\n<meta name=\"twitter:site\" content=\"@athomelu\" \/>\n<meta name=\"twitter:label1\" content=\"Written by\" \/>\n\t<meta name=\"twitter:data1\" content=\"Fanny Pimentel\" \/>\n\t<meta name=\"twitter:label2\" content=\"Estimated reading time\" \/>\n\t<meta name=\"twitter:data2\" content=\"7 minutes\" \/>\n<script type=\"application\/ld+json\" class=\"yoast-schema-graph\">{\"@context\":\"https:\\\/\\\/schema.org\",\"@graph\":[{\"@type\":\"Article\",\"@id\":\"https:\\\/\\\/www.athome.lu\\\/blog\\\/mon-logement\\\/vie-quotidienne-mon-logement\\\/aeroport-immobilier-comment-concilier\\\/#article\",\"isPartOf\":{\"@id\":\"https:\\\/\\\/www.athome.lu\\\/blog\\\/mon-logement\\\/vie-quotidienne-mon-logement\\\/aeroport-immobilier-comment-concilier\\\/\"},\"author\":{\"name\":\"Fanny Pimentel\",\"@id\":\"https:\\\/\\\/www.athome.lu\\\/blog\\\/#\\\/schema\\\/person\\\/47f7a38089f837e792876ceddc4cb2dc\"},\"headline\":\"A\u00e9roport et immobilier: comment concilier?\",\"datePublished\":\"2013-06-06T09:15:57+00:00\",\"dateModified\":\"2022-05-11T06:59:10+00:00\",\"mainEntityOfPage\":{\"@id\":\"https:\\\/\\\/www.athome.lu\\\/blog\\\/mon-logement\\\/vie-quotidienne-mon-logement\\\/aeroport-immobilier-comment-concilier\\\/\"},\"wordCount\":1410,\"image\":{\"@id\":\"https:\\\/\\\/www.athome.lu\\\/blog\\\/mon-logement\\\/vie-quotidienne-mon-logement\\\/aeroport-immobilier-comment-concilier\\\/#primaryimage\"},\"thumbnailUrl\":\"https:\\\/\\\/www.athome.lu\\\/blog\\\/wp-content\\\/uploads\\\/2010\\\/05\\\/ljh-stanhope-gardens-203.jpg\",\"keywords\":[\"Centre\",\"Luxembourg-ville\"],\"articleSection\":[\"Vie quotidienne\"],\"inLanguage\":\"en-GB\"},{\"@type\":\"WebPage\",\"@id\":\"https:\\\/\\\/www.athome.lu\\\/blog\\\/mon-logement\\\/vie-quotidienne-mon-logement\\\/aeroport-immobilier-comment-concilier\\\/\",\"url\":\"https:\\\/\\\/www.athome.lu\\\/blog\\\/mon-logement\\\/vie-quotidienne-mon-logement\\\/aeroport-immobilier-comment-concilier\\\/\",\"name\":\"A\u00e9roport et immobilier: comment concilier? - atHome Blog\",\"isPartOf\":{\"@id\":\"https:\\\/\\\/www.athome.lu\\\/blog\\\/#website\"},\"primaryImageOfPage\":{\"@id\":\"https:\\\/\\\/www.athome.lu\\\/blog\\\/mon-logement\\\/vie-quotidienne-mon-logement\\\/aeroport-immobilier-comment-concilier\\\/#primaryimage\"},\"image\":{\"@id\":\"https:\\\/\\\/www.athome.lu\\\/blog\\\/mon-logement\\\/vie-quotidienne-mon-logement\\\/aeroport-immobilier-comment-concilier\\\/#primaryimage\"},\"thumbnailUrl\":\"https:\\\/\\\/www.athome.lu\\\/blog\\\/wp-content\\\/uploads\\\/2010\\\/05\\\/ljh-stanhope-gardens-203.jpg\",\"datePublished\":\"2013-06-06T09:15:57+00:00\",\"dateModified\":\"2022-05-11T06:59:10+00:00\",\"author\":{\"@id\":\"https:\\\/\\\/www.athome.lu\\\/blog\\\/#\\\/schema\\\/person\\\/47f7a38089f837e792876ceddc4cb2dc\"},\"breadcrumb\":{\"@id\":\"https:\\\/\\\/www.athome.lu\\\/blog\\\/mon-logement\\\/vie-quotidienne-mon-logement\\\/aeroport-immobilier-comment-concilier\\\/#breadcrumb\"},\"inLanguage\":\"en-GB\",\"potentialAction\":[{\"@type\":\"ReadAction\",\"target\":[\"https:\\\/\\\/www.athome.lu\\\/blog\\\/mon-logement\\\/vie-quotidienne-mon-logement\\\/aeroport-immobilier-comment-concilier\\\/\"]}]},{\"@type\":\"ImageObject\",\"inLanguage\":\"en-GB\",\"@id\":\"https:\\\/\\\/www.athome.lu\\\/blog\\\/mon-logement\\\/vie-quotidienne-mon-logement\\\/aeroport-immobilier-comment-concilier\\\/#primaryimage\",\"url\":\"https:\\\/\\\/www.athome.lu\\\/blog\\\/wp-content\\\/uploads\\\/2010\\\/05\\\/ljh-stanhope-gardens-203.jpg\",\"contentUrl\":\"https:\\\/\\\/www.athome.lu\\\/blog\\\/wp-content\\\/uploads\\\/2010\\\/05\\\/ljh-stanhope-gardens-203.jpg\",\"width\":1200,\"height\":798,\"caption\":\"Maison moderne en travaux\"},{\"@type\":\"BreadcrumbList\",\"@id\":\"https:\\\/\\\/www.athome.lu\\\/blog\\\/mon-logement\\\/vie-quotidienne-mon-logement\\\/aeroport-immobilier-comment-concilier\\\/#breadcrumb\",\"itemListElement\":[{\"@type\":\"ListItem\",\"position\":1,\"name\":\"Accueil\",\"item\":\"https:\\\/\\\/www.athome.lu\\\/blog\\\/\"},{\"@type\":\"ListItem\",\"position\":2,\"name\":\"Mon logement\",\"item\":\"https:\\\/\\\/www.athome.lu\\\/blog\\\/de\\\/category\\\/mein-haus\\\/\"},{\"@type\":\"ListItem\",\"position\":3,\"name\":\"Vie quotidienne\",\"item\":\"https:\\\/\\\/www.athome.lu\\\/blog\\\/category\\\/mon-logement\\\/vie-quotidienne-mon-logement\\\/\"},{\"@type\":\"ListItem\",\"position\":4,\"name\":\"A\u00e9roport et immobilier: comment concilier?\"}]},{\"@type\":\"WebSite\",\"@id\":\"https:\\\/\\\/www.athome.lu\\\/blog\\\/#website\",\"url\":\"https:\\\/\\\/www.athome.lu\\\/blog\\\/\",\"name\":\"atHome Blog\",\"description\":\"Annonces immobili\u00e8res au Luxembourg. Le portail immobilier n\u00b01 au Luxembourg.\",\"potentialAction\":[{\"@type\":\"SearchAction\",\"target\":{\"@type\":\"EntryPoint\",\"urlTemplate\":\"https:\\\/\\\/www.athome.lu\\\/blog\\\/?s={search_term_string}\"},\"query-input\":{\"@type\":\"PropertyValueSpecification\",\"valueRequired\":true,\"valueName\":\"search_term_string\"}}],\"inLanguage\":\"en-GB\"},{\"@type\":\"Person\",\"@id\":\"https:\\\/\\\/www.athome.lu\\\/blog\\\/#\\\/schema\\\/person\\\/47f7a38089f837e792876ceddc4cb2dc\",\"name\":\"Fanny Pimentel\",\"image\":{\"@type\":\"ImageObject\",\"inLanguage\":\"en-GB\",\"@id\":\"https:\\\/\\\/secure.gravatar.com\\\/avatar\\\/c60b27b93851dc9503f9cc9150e73dcb0a86ba6150657e5e4b11d988400bc633?s=96&d=mm&r=g\",\"url\":\"https:\\\/\\\/secure.gravatar.com\\\/avatar\\\/c60b27b93851dc9503f9cc9150e73dcb0a86ba6150657e5e4b11d988400bc633?s=96&d=mm&r=g\",\"contentUrl\":\"https:\\\/\\\/secure.gravatar.com\\\/avatar\\\/c60b27b93851dc9503f9cc9150e73dcb0a86ba6150657e5e4b11d988400bc633?s=96&d=mm&r=g\",\"caption\":\"Fanny Pimentel\"}}]}<\/script>\n<!-- \/ Yoast SEO plugin. -->","yoast_head_json":{"title":"Airport and real estate: how to reconcile? - atHome Blog","robots":{"index":"index","follow":"follow","max-snippet":"max-snippet:-1","max-image-preview":"max-image-preview:large","max-video-preview":"max-video-preview:-1"},"canonical":"https:\/\/www.athome.lu\/blog\/en\/my-home\/daily-life\/aeroport-immobility-how-to-conciliate\/","og_locale":"en_GB","og_type":"article","og_title":"A\u00e9roport et immobilier: comment concilier? - atHome Blog","og_description":"Depuis de nombreuses ann\u00e9es, les autorit\u00e9s de l\u2019a\u00e9roport de Luxembourg tentent de mettre des mesures en \u0153uvre afin de limiter le bruit ainsi que le nombre de personnes nouvellement expos\u00e9es. Point sur une situation parfois critique entre les riverains et les autorit\u00e9s. Un couvre-feu a\u00e9rien Depuis de nombreuses ann\u00e9es, les autorit\u00e9s, conscientes des nuisances sonores [&hellip;]","og_url":"https:\/\/www.athome.lu\/blog\/en\/my-home\/daily-life\/aeroport-immobility-how-to-conciliate\/","og_site_name":"atHome Blog","article_publisher":"https:\/\/www.facebook.com\/atHome.lu\/","article_published_time":"2013-06-06T09:15:57+00:00","article_modified_time":"2022-05-11T06:59:10+00:00","og_image":[{"width":1200,"height":798,"url":"https:\/\/www.athome.lu\/blog\/wp-content\/uploads\/2010\/05\/ljh-stanhope-gardens-203.jpg","type":"image\/jpeg"}],"author":"Fanny Pimentel","twitter_card":"summary_large_image","twitter_creator":"@athomelu","twitter_site":"@athomelu","twitter_misc":{"Written by":"Fanny Pimentel","Estimated reading time":"7 minutes"},"schema":{"@context":"https:\/\/schema.org","@graph":[{"@type":"Article","@id":"https:\/\/www.athome.lu\/blog\/mon-logement\/vie-quotidienne-mon-logement\/aeroport-immobilier-comment-concilier\/#article","isPartOf":{"@id":"https:\/\/www.athome.lu\/blog\/mon-logement\/vie-quotidienne-mon-logement\/aeroport-immobilier-comment-concilier\/"},"author":{"name":"Fanny Pimentel","@id":"https:\/\/www.athome.lu\/blog\/#\/schema\/person\/47f7a38089f837e792876ceddc4cb2dc"},"headline":"A\u00e9roport et immobilier: comment concilier?","datePublished":"2013-06-06T09:15:57+00:00","dateModified":"2022-05-11T06:59:10+00:00","mainEntityOfPage":{"@id":"https:\/\/www.athome.lu\/blog\/mon-logement\/vie-quotidienne-mon-logement\/aeroport-immobilier-comment-concilier\/"},"wordCount":1410,"image":{"@id":"https:\/\/www.athome.lu\/blog\/mon-logement\/vie-quotidienne-mon-logement\/aeroport-immobilier-comment-concilier\/#primaryimage"},"thumbnailUrl":"https:\/\/www.athome.lu\/blog\/wp-content\/uploads\/2010\/05\/ljh-stanhope-gardens-203.jpg","keywords":["Centre","Luxembourg-ville"],"articleSection":["Vie quotidienne"],"inLanguage":"en-GB"},{"@type":"WebPage","@id":"https:\/\/www.athome.lu\/blog\/mon-logement\/vie-quotidienne-mon-logement\/aeroport-immobilier-comment-concilier\/","url":"https:\/\/www.athome.lu\/blog\/mon-logement\/vie-quotidienne-mon-logement\/aeroport-immobilier-comment-concilier\/","name":"Airport and real estate: how to reconcile? - atHome Blog","isPartOf":{"@id":"https:\/\/www.athome.lu\/blog\/#website"},"primaryImageOfPage":{"@id":"https:\/\/www.athome.lu\/blog\/mon-logement\/vie-quotidienne-mon-logement\/aeroport-immobilier-comment-concilier\/#primaryimage"},"image":{"@id":"https:\/\/www.athome.lu\/blog\/mon-logement\/vie-quotidienne-mon-logement\/aeroport-immobilier-comment-concilier\/#primaryimage"},"thumbnailUrl":"https:\/\/www.athome.lu\/blog\/wp-content\/uploads\/2010\/05\/ljh-stanhope-gardens-203.jpg","datePublished":"2013-06-06T09:15:57+00:00","dateModified":"2022-05-11T06:59:10+00:00","author":{"@id":"https:\/\/www.athome.lu\/blog\/#\/schema\/person\/47f7a38089f837e792876ceddc4cb2dc"},"breadcrumb":{"@id":"https:\/\/www.athome.lu\/blog\/mon-logement\/vie-quotidienne-mon-logement\/aeroport-immobilier-comment-concilier\/#breadcrumb"},"inLanguage":"en-GB","potentialAction":[{"@type":"ReadAction","target":["https:\/\/www.athome.lu\/blog\/mon-logement\/vie-quotidienne-mon-logement\/aeroport-immobilier-comment-concilier\/"]}]},{"@type":"ImageObject","inLanguage":"en-GB","@id":"https:\/\/www.athome.lu\/blog\/mon-logement\/vie-quotidienne-mon-logement\/aeroport-immobilier-comment-concilier\/#primaryimage","url":"https:\/\/www.athome.lu\/blog\/wp-content\/uploads\/2010\/05\/ljh-stanhope-gardens-203.jpg","contentUrl":"https:\/\/www.athome.lu\/blog\/wp-content\/uploads\/2010\/05\/ljh-stanhope-gardens-203.jpg","width":1200,"height":798,"caption":"Maison moderne en travaux"},{"@type":"BreadcrumbList","@id":"https:\/\/www.athome.lu\/blog\/mon-logement\/vie-quotidienne-mon-logement\/aeroport-immobilier-comment-concilier\/#breadcrumb","itemListElement":[{"@type":"ListItem","position":1,"name":"Accueil","item":"https:\/\/www.athome.lu\/blog\/"},{"@type":"ListItem","position":2,"name":"Mon logement","item":"https:\/\/www.athome.lu\/blog\/de\/category\/mein-haus\/"},{"@type":"ListItem","position":3,"name":"Vie quotidienne","item":"https:\/\/www.athome.lu\/blog\/category\/mon-logement\/vie-quotidienne-mon-logement\/"},{"@type":"ListItem","position":4,"name":"A\u00e9roport et immobilier: comment concilier?"}]},{"@type":"WebSite","@id":"https:\/\/www.athome.lu\/blog\/#website","url":"https:\/\/www.athome.lu\/blog\/","name":"atHome Blog","description":"Real estate ads in Luxembourg. The n\u00b01 real estate portal in Luxembourg.","potentialAction":[{"@type":"SearchAction","target":{"@type":"EntryPoint","urlTemplate":"https:\/\/www.athome.lu\/blog\/?s={search_term_string}"},"query-input":{"@type":"PropertyValueSpecification","valueRequired":true,"valueName":"search_term_string"}}],"inLanguage":"en-GB"},{"@type":"Person","@id":"https:\/\/www.athome.lu\/blog\/#\/schema\/person\/47f7a38089f837e792876ceddc4cb2dc","name":"Fanny Pimentel","image":{"@type":"ImageObject","inLanguage":"en-GB","@id":"https:\/\/secure.gravatar.com\/avatar\/c60b27b93851dc9503f9cc9150e73dcb0a86ba6150657e5e4b11d988400bc633?s=96&d=mm&r=g","url":"https:\/\/secure.gravatar.com\/avatar\/c60b27b93851dc9503f9cc9150e73dcb0a86ba6150657e5e4b11d988400bc633?s=96&d=mm&r=g","contentUrl":"https:\/\/secure.gravatar.com\/avatar\/c60b27b93851dc9503f9cc9150e73dcb0a86ba6150657e5e4b11d988400bc633?s=96&d=mm&r=g","caption":"Fanny Pimentel"}}]}},"featured_media_src_url":"https:\/\/www.athome.lu\/blog\/wp-content\/uploads\/2010\/05\/ljh-stanhope-gardens-203-1024x681.jpg","_links":{"self":[{"href":"https:\/\/www.athome.lu\/blog\/en\/wp-json\/wp\/v2\/posts\/5259","targetHints":{"allow":["GET"]}}],"collection":[{"href":"https:\/\/www.athome.lu\/blog\/en\/wp-json\/wp\/v2\/posts"}],"about":[{"href":"https:\/\/www.athome.lu\/blog\/en\/wp-json\/wp\/v2\/types\/post"}],"author":[{"embeddable":true,"href":"https:\/\/www.athome.lu\/blog\/en\/wp-json\/wp\/v2\/users\/17"}],"replies":[{"embeddable":true,"href":"https:\/\/www.athome.lu\/blog\/en\/wp-json\/wp\/v2\/comments?post=5259"}],"version-history":[{"count":3,"href":"https:\/\/www.athome.lu\/blog\/en\/wp-json\/wp\/v2\/posts\/5259\/revisions"}],"predecessor-version":[{"id":14752,"href":"https:\/\/www.athome.lu\/blog\/en\/wp-json\/wp\/v2\/posts\/5259\/revisions\/14752"}],"wp:featuredmedia":[{"embeddable":true,"href":"https:\/\/www.athome.lu\/blog\/en\/wp-json\/wp\/v2\/media\/7367"}],"wp:attachment":[{"href":"https:\/\/www.athome.lu\/blog\/en\/wp-json\/wp\/v2\/media?parent=5259"}],"wp:term":[{"taxonomy":"category","embeddable":true,"href":"https:\/\/www.athome.lu\/blog\/en\/wp-json\/wp\/v2\/categories?post=5259"},{"taxonomy":"post_tag","embeddable":true,"href":"https:\/\/www.athome.lu\/blog\/en\/wp-json\/wp\/v2\/tags?post=5259"}],"curies":[{"name":"wp","href":"https:\/\/api.w.org\/{rel}","templated":true}]}}