{"id":5361,"date":"2013-07-12T09:46:30","date_gmt":"2013-07-12T08:46:30","guid":{"rendered":"https:\/\/www.athome.lu\/blog\/services\/conseils\/?p=5361"},"modified":"2022-05-11T09:01:08","modified_gmt":"2022-05-11T07:01:08","slug":"mullerthal-holiday-rental-in-little-luxembourg-switzerland","status":"publish","type":"post","link":"https:\/\/www.athome.lu\/blog\/en\/mon-logement\/vie-quotidienne-mon-logement\/mullerthal-limmobilier-de-vacances-dans-la-petite-suisse-luxembourgeoise\/","title":{"rendered":"Mullerthal: holiday property in Luxembourg's Little Switzerland"},"content":{"rendered":"<p><span style=\"color: #000000;\">Want to get away... without flying?<\/span><br><span style=\"color: #000000;\"> Many people think that this is mission impossible!<\/span><\/p>\n\n\n\n<p><span style=\"color: #000000;\">However, our country is full of historical and natural treasures, which tourists know how to appreciate!<\/span><br><span style=\"color: #000000;\"> One of these treasures is the Mullerthal Region, also called Luxembourg's Little Switzerland.<\/span><\/p>\n\n\n\n<p><span style=\"color: #000000;\">Immediate departure for a breath of fresh air in Luxembourg.<\/span><\/p>\n\n\n\n<p><b><span style=\"color: #000000;\">A region for walking in the heart of nature and history<\/span><span style=\"text-decoration: underline;\"><br><\/span><\/b><\/p>\n\n\n\n<p><span style=\"color: #000000;\">The Mullerthal region is characterised by its many rocky hills, which have earned it the nickname of \"Luxembourg's Little Switzerland\". It is a delight for hikers, nature and history lovers.<\/span><br><span style=\"color: #000000;\"> Beautiful forests and spectacular rocks invite hikers to stroll along the small streams running through the green areas.<\/span><br><span style=\"color: #000000;\"> The picturesque villages of the region and the imposing ruins of the medieval castles of Beaufort and Larochette are also worth a visit.<\/span><\/p>\n\n\n\n<p><span style=\"color: #ffffff;\">.<\/span><\/p>\n\n\n\n<h2 class=\"wp-block-heading\"><span style=\"color: #000000;\"><b>Tourists: where to stay?<br><\/b><\/span><br><span style=\"color: #000000;\"> <\/span><\/h2>\n\n\n\n<p><span style=\"color: #000000;\">After Luxembourg City, the Mullerthal is one of the most visited regions by tourists.<\/span><br><span style=\"color: #000000;\"> Whether it's a day trip or a few days away from home, you need to plan for the necessary infrastructure.<\/span><\/p>\n\n\n\n<p><span style=\"color: #000000;\">The Mullerthall region is famous for its many accommodation options.<\/span><br><span style=\"color: #000000;\"> There is something for everyone, from charming hotels and innovative campsites to youth hostels and quiet family accommodation.<\/span><\/p>\n\n\n\n<p><span style=\"color: #000000;\">A wide range of accommodation is therefore needed to meet all needs in terms of length of stay, expectations of comfort, expected facilities and also budget.<\/span><\/p>\n\n\n<section id=\"section-3-14695\" class=\"ct-section\" ><div class=\"ct-section-inner-wrap\"><div id=\"div_block-4-14695\" class=\"ct-div-block\" ><div id=\"new_columns-7-14695\" class=\"ct-new-columns\" ><div id=\"div_block-8-14695\" class=\"ct-div-block\" ><div id=\"div_block-14-14695\" class=\"ct-div-block\" ><\/div><\/div><div id=\"div_block-9-14695\" class=\"ct-div-block\" ><h1 id=\"headline-11-14695\" class=\"ct-headline\">What are the property prices at the moment?<\/h1><div id=\"text_block-12-14695\" class=\"ct-text-block\" >Prices are slowing down. Interest rates are rising. What are the trends for the coming months?<\/div><a id=\"link_button-13-14695\" class=\"ct-link-button\" href=\"https:\/\/www.athome.lu\/blog\/blog\/marche-immobilier\/prix\/tendances-2022\/\" target=\"_blank\"  >Read the analysis<\/a><\/div><\/div><\/div><\/div><\/section>\n\n\n<h2 class=\"wp-block-heading\"><span style=\"color: #000000;\"><span style=\"text-decoration: underline;\">Charming hotels or hostels: comfort at your fingertips<\/span><\/span><\/h2>\n\n\n\n<p><span style=\"color: #000000;\"><span style=\"text-decoration: underline;\"><br><\/span>Among the accommodation on offer, Luxembourgers in search of greenery or tourists from elsewhere can rest or eat in one of the 30 establishments listed on mullerthal.lu<\/span><br><span style=\"color: #000000;\"> Whether it is a hotel, a hostel or a youth hostel, they all offer a room rental service, including or not the use of facilities such as swimming pool, wellness centre...<\/span><br><span style=\"color: #000000;\"> The ideal solution for not having to worry about anything, sometimes not even the meal if you choose the all-inclusive formula.<\/span><\/p>\n\n\n\n<h2 class=\"wp-block-heading\"><span style=\"color: #000000;\"><span style=\"text-decoration: underline;\">Picturesque villas or wooden chalets to rent for more freedom<\/span><\/span><\/h2>\n\n\n\n<p><span style=\"color: #000000;\"><span style=\"text-decoration: underline;\"><br><\/span>Families or groups of hikers wishing to enjoy a certain degree of autonomy will choose this type of accommodation.<\/span><br><span style=\"color: #000000;\"> From a wooden chalet in a campsite to a cosy flat, holiday rentals offer many possibilities.<\/span><\/p>","protected":false},"excerpt":{"rendered":"<p>Envie d\u2019\u00e9vasion\u2026 sans prendre l\u2019avion&nbsp;? Beaucoup pensent que c\u2019est mission impossible&nbsp;! Pourtant, notre pays regorge de tr\u00e9sors historiques et naturels, que les touristes savent appr\u00e9cier&nbsp;! Parmi ces tr\u00e9sors, la R\u00e9gion Mullerthal, appel\u00e9e \u00e9galement la Petite Suisse luxembourgeoise. D\u00e9part imm\u00e9diat pour prendre un bon bol d\u2019air luxembourgeois. Une r\u00e9gion propice \u00e0 la promenade au c\u0153ur de [&hellip;]<\/p>\n","protected":false},"author":17,"featured_media":7062,"comment_status":"closed","ping_status":"open","sticky":false,"template":"","format":"standard","meta":{"_acf_changed":false,"footnotes":""},"categories":[214],"tags":[97,90],"class_list":["post-5361","post","type-post","status-publish","format-standard","has-post-thumbnail","hentry","category-vie-quotidienne-mon-logement","tag-est","tag-vie-quotidienne"],"acf":[],"yoast_head":"<!-- This site is optimized with the Yoast SEO plugin v27.4 - https:\/\/yoast.com\/product\/yoast-seo-wordpress\/ -->\n<title>Mullerthal : l&#039;immobilier de vacances dans la Petite Suisse luxembourgeoise - atHome Blog<\/title>\n<meta name=\"robots\" content=\"index, follow, max-snippet:-1, max-image-preview:large, max-video-preview:-1\" \/>\n<link rel=\"canonical\" href=\"https:\/\/www.athome.lu\/blog\/en\/my-home\/daily-life\/mullerthal-holiday-rental-in-little-luxembourg-switzerland\/\" \/>\n<meta property=\"og:locale\" content=\"en_GB\" \/>\n<meta property=\"og:type\" content=\"article\" \/>\n<meta property=\"og:title\" content=\"Mullerthal : l&#039;immobilier de vacances dans la Petite Suisse luxembourgeoise - atHome Blog\" \/>\n<meta property=\"og:description\" content=\"Envie d\u2019\u00e9vasion\u2026 sans prendre l\u2019avion&nbsp;? Beaucoup pensent que c\u2019est mission impossible&nbsp;! Pourtant, notre pays regorge de tr\u00e9sors historiques et naturels, que les touristes savent appr\u00e9cier&nbsp;! Parmi ces tr\u00e9sors, la R\u00e9gion Mullerthal, appel\u00e9e \u00e9galement la Petite Suisse luxembourgeoise. D\u00e9part imm\u00e9diat pour prendre un bon bol d\u2019air luxembourgeois. Une r\u00e9gion propice \u00e0 la promenade au c\u0153ur de [&hellip;]\" \/>\n<meta property=\"og:url\" content=\"https:\/\/www.athome.lu\/blog\/en\/my-home\/daily-life\/mullerthal-holiday-rental-in-little-luxembourg-switzerland\/\" \/>\n<meta property=\"og:site_name\" content=\"atHome Blog\" \/>\n<meta property=\"article:publisher\" content=\"https:\/\/www.facebook.com\/atHome.lu\/\" \/>\n<meta property=\"article:published_time\" content=\"2013-07-12T08:46:30+00:00\" \/>\n<meta property=\"article:modified_time\" content=\"2022-05-11T07:01:08+00:00\" \/>\n<meta property=\"og:image\" content=\"https:\/\/www.athome.lu\/blog\/wp-content\/uploads\/2015\/10\/marche-immo_2.jpg\" \/>\n\t<meta property=\"og:image:width\" content=\"2500\" \/>\n\t<meta property=\"og:image:height\" content=\"1871\" \/>\n\t<meta property=\"og:image:type\" content=\"image\/jpeg\" \/>\n<meta name=\"author\" content=\"Fanny Pimentel\" \/>\n<meta name=\"twitter:card\" content=\"summary_large_image\" \/>\n<meta name=\"twitter:creator\" content=\"@athomelu\" \/>\n<meta name=\"twitter:site\" content=\"@athomelu\" \/>\n<meta name=\"twitter:label1\" content=\"Written by\" \/>\n\t<meta name=\"twitter:data1\" content=\"Fanny Pimentel\" \/>\n\t<meta name=\"twitter:label2\" content=\"Estimated reading time\" \/>\n\t<meta name=\"twitter:data2\" content=\"3 minutes\" \/>\n<script type=\"application\/ld+json\" class=\"yoast-schema-graph\">{\"@context\":\"https:\\\/\\\/schema.org\",\"@graph\":[{\"@type\":\"Article\",\"@id\":\"https:\\\/\\\/www.athome.lu\\\/blog\\\/mon-logement\\\/vie-quotidienne-mon-logement\\\/mullerthal-limmobilier-de-vacances-dans-la-petite-suisse-luxembourgeoise\\\/#article\",\"isPartOf\":{\"@id\":\"https:\\\/\\\/www.athome.lu\\\/blog\\\/mon-logement\\\/vie-quotidienne-mon-logement\\\/mullerthal-limmobilier-de-vacances-dans-la-petite-suisse-luxembourgeoise\\\/\"},\"author\":{\"name\":\"Fanny Pimentel\",\"@id\":\"https:\\\/\\\/www.athome.lu\\\/blog\\\/#\\\/schema\\\/person\\\/47f7a38089f837e792876ceddc4cb2dc\"},\"headline\":\"Mullerthal : l'immobilier de vacances dans la Petite Suisse luxembourgeoise\",\"datePublished\":\"2013-07-12T08:46:30+00:00\",\"dateModified\":\"2022-05-11T07:01:08+00:00\",\"mainEntityOfPage\":{\"@id\":\"https:\\\/\\\/www.athome.lu\\\/blog\\\/mon-logement\\\/vie-quotidienne-mon-logement\\\/mullerthal-limmobilier-de-vacances-dans-la-petite-suisse-luxembourgeoise\\\/\"},\"wordCount\":477,\"image\":{\"@id\":\"https:\\\/\\\/www.athome.lu\\\/blog\\\/mon-logement\\\/vie-quotidienne-mon-logement\\\/mullerthal-limmobilier-de-vacances-dans-la-petite-suisse-luxembourgeoise\\\/#primaryimage\"},\"thumbnailUrl\":\"https:\\\/\\\/www.athome.lu\\\/blog\\\/wp-content\\\/uploads\\\/2015\\\/10\\\/marche-immo_2.jpg\",\"keywords\":[\"Est\",\"Vie quotidienne\"],\"articleSection\":[\"Vie quotidienne\"],\"inLanguage\":\"en-GB\"},{\"@type\":\"WebPage\",\"@id\":\"https:\\\/\\\/www.athome.lu\\\/blog\\\/mon-logement\\\/vie-quotidienne-mon-logement\\\/mullerthal-limmobilier-de-vacances-dans-la-petite-suisse-luxembourgeoise\\\/\",\"url\":\"https:\\\/\\\/www.athome.lu\\\/blog\\\/mon-logement\\\/vie-quotidienne-mon-logement\\\/mullerthal-limmobilier-de-vacances-dans-la-petite-suisse-luxembourgeoise\\\/\",\"name\":\"Mullerthal : l'immobilier de vacances dans la Petite Suisse luxembourgeoise - atHome Blog\",\"isPartOf\":{\"@id\":\"https:\\\/\\\/www.athome.lu\\\/blog\\\/#website\"},\"primaryImageOfPage\":{\"@id\":\"https:\\\/\\\/www.athome.lu\\\/blog\\\/mon-logement\\\/vie-quotidienne-mon-logement\\\/mullerthal-limmobilier-de-vacances-dans-la-petite-suisse-luxembourgeoise\\\/#primaryimage\"},\"image\":{\"@id\":\"https:\\\/\\\/www.athome.lu\\\/blog\\\/mon-logement\\\/vie-quotidienne-mon-logement\\\/mullerthal-limmobilier-de-vacances-dans-la-petite-suisse-luxembourgeoise\\\/#primaryimage\"},\"thumbnailUrl\":\"https:\\\/\\\/www.athome.lu\\\/blog\\\/wp-content\\\/uploads\\\/2015\\\/10\\\/marche-immo_2.jpg\",\"datePublished\":\"2013-07-12T08:46:30+00:00\",\"dateModified\":\"2022-05-11T07:01:08+00:00\",\"author\":{\"@id\":\"https:\\\/\\\/www.athome.lu\\\/blog\\\/#\\\/schema\\\/person\\\/47f7a38089f837e792876ceddc4cb2dc\"},\"breadcrumb\":{\"@id\":\"https:\\\/\\\/www.athome.lu\\\/blog\\\/mon-logement\\\/vie-quotidienne-mon-logement\\\/mullerthal-limmobilier-de-vacances-dans-la-petite-suisse-luxembourgeoise\\\/#breadcrumb\"},\"inLanguage\":\"en-GB\",\"potentialAction\":[{\"@type\":\"ReadAction\",\"target\":[\"https:\\\/\\\/www.athome.lu\\\/blog\\\/mon-logement\\\/vie-quotidienne-mon-logement\\\/mullerthal-limmobilier-de-vacances-dans-la-petite-suisse-luxembourgeoise\\\/\"]}]},{\"@type\":\"ImageObject\",\"inLanguage\":\"en-GB\",\"@id\":\"https:\\\/\\\/www.athome.lu\\\/blog\\\/mon-logement\\\/vie-quotidienne-mon-logement\\\/mullerthal-limmobilier-de-vacances-dans-la-petite-suisse-luxembourgeoise\\\/#primaryimage\",\"url\":\"https:\\\/\\\/www.athome.lu\\\/blog\\\/wp-content\\\/uploads\\\/2015\\\/10\\\/marche-immo_2.jpg\",\"contentUrl\":\"https:\\\/\\\/www.athome.lu\\\/blog\\\/wp-content\\\/uploads\\\/2015\\\/10\\\/marche-immo_2.jpg\",\"width\":2500,\"height\":1871,\"caption\":\"Couple devant leur maison\"},{\"@type\":\"BreadcrumbList\",\"@id\":\"https:\\\/\\\/www.athome.lu\\\/blog\\\/mon-logement\\\/vie-quotidienne-mon-logement\\\/mullerthal-limmobilier-de-vacances-dans-la-petite-suisse-luxembourgeoise\\\/#breadcrumb\",\"itemListElement\":[{\"@type\":\"ListItem\",\"position\":1,\"name\":\"Accueil\",\"item\":\"https:\\\/\\\/www.athome.lu\\\/blog\\\/\"},{\"@type\":\"ListItem\",\"position\":2,\"name\":\"Mon logement\",\"item\":\"https:\\\/\\\/www.athome.lu\\\/blog\\\/de\\\/category\\\/mein-haus\\\/\"},{\"@type\":\"ListItem\",\"position\":3,\"name\":\"Vie quotidienne\",\"item\":\"https:\\\/\\\/www.athome.lu\\\/blog\\\/category\\\/mon-logement\\\/vie-quotidienne-mon-logement\\\/\"},{\"@type\":\"ListItem\",\"position\":4,\"name\":\"Mullerthal : l'immobilier de vacances dans la Petite Suisse luxembourgeoise\"}]},{\"@type\":\"WebSite\",\"@id\":\"https:\\\/\\\/www.athome.lu\\\/blog\\\/#website\",\"url\":\"https:\\\/\\\/www.athome.lu\\\/blog\\\/\",\"name\":\"atHome Blog\",\"description\":\"Annonces immobili\u00e8res au Luxembourg. Le portail immobilier n\u00b01 au Luxembourg.\",\"potentialAction\":[{\"@type\":\"SearchAction\",\"target\":{\"@type\":\"EntryPoint\",\"urlTemplate\":\"https:\\\/\\\/www.athome.lu\\\/blog\\\/?s={search_term_string}\"},\"query-input\":{\"@type\":\"PropertyValueSpecification\",\"valueRequired\":true,\"valueName\":\"search_term_string\"}}],\"inLanguage\":\"en-GB\"},{\"@type\":\"Person\",\"@id\":\"https:\\\/\\\/www.athome.lu\\\/blog\\\/#\\\/schema\\\/person\\\/47f7a38089f837e792876ceddc4cb2dc\",\"name\":\"Fanny Pimentel\",\"image\":{\"@type\":\"ImageObject\",\"inLanguage\":\"en-GB\",\"@id\":\"https:\\\/\\\/secure.gravatar.com\\\/avatar\\\/c60b27b93851dc9503f9cc9150e73dcb0a86ba6150657e5e4b11d988400bc633?s=96&d=mm&r=g\",\"url\":\"https:\\\/\\\/secure.gravatar.com\\\/avatar\\\/c60b27b93851dc9503f9cc9150e73dcb0a86ba6150657e5e4b11d988400bc633?s=96&d=mm&r=g\",\"contentUrl\":\"https:\\\/\\\/secure.gravatar.com\\\/avatar\\\/c60b27b93851dc9503f9cc9150e73dcb0a86ba6150657e5e4b11d988400bc633?s=96&d=mm&r=g\",\"caption\":\"Fanny Pimentel\"}}]}<\/script>\n<!-- \/ Yoast SEO plugin. -->","yoast_head_json":{"title":"Mullerthal: holiday property in Luxembourg's Little Switzerland - atHome Blog","robots":{"index":"index","follow":"follow","max-snippet":"max-snippet:-1","max-image-preview":"max-image-preview:large","max-video-preview":"max-video-preview:-1"},"canonical":"https:\/\/www.athome.lu\/blog\/en\/my-home\/daily-life\/mullerthal-holiday-rental-in-little-luxembourg-switzerland\/","og_locale":"en_GB","og_type":"article","og_title":"Mullerthal : l'immobilier de vacances dans la Petite Suisse luxembourgeoise - atHome Blog","og_description":"Envie d\u2019\u00e9vasion\u2026 sans prendre l\u2019avion&nbsp;? Beaucoup pensent que c\u2019est mission impossible&nbsp;! Pourtant, notre pays regorge de tr\u00e9sors historiques et naturels, que les touristes savent appr\u00e9cier&nbsp;! Parmi ces tr\u00e9sors, la R\u00e9gion Mullerthal, appel\u00e9e \u00e9galement la Petite Suisse luxembourgeoise. D\u00e9part imm\u00e9diat pour prendre un bon bol d\u2019air luxembourgeois. Une r\u00e9gion propice \u00e0 la promenade au c\u0153ur de [&hellip;]","og_url":"https:\/\/www.athome.lu\/blog\/en\/my-home\/daily-life\/mullerthal-holiday-rental-in-little-luxembourg-switzerland\/","og_site_name":"atHome Blog","article_publisher":"https:\/\/www.facebook.com\/atHome.lu\/","article_published_time":"2013-07-12T08:46:30+00:00","article_modified_time":"2022-05-11T07:01:08+00:00","og_image":[{"width":2500,"height":1871,"url":"https:\/\/www.athome.lu\/blog\/wp-content\/uploads\/2015\/10\/marche-immo_2.jpg","type":"image\/jpeg"}],"author":"Fanny Pimentel","twitter_card":"summary_large_image","twitter_creator":"@athomelu","twitter_site":"@athomelu","twitter_misc":{"Written by":"Fanny Pimentel","Estimated reading time":"3 minutes"},"schema":{"@context":"https:\/\/schema.org","@graph":[{"@type":"Article","@id":"https:\/\/www.athome.lu\/blog\/mon-logement\/vie-quotidienne-mon-logement\/mullerthal-limmobilier-de-vacances-dans-la-petite-suisse-luxembourgeoise\/#article","isPartOf":{"@id":"https:\/\/www.athome.lu\/blog\/mon-logement\/vie-quotidienne-mon-logement\/mullerthal-limmobilier-de-vacances-dans-la-petite-suisse-luxembourgeoise\/"},"author":{"name":"Fanny Pimentel","@id":"https:\/\/www.athome.lu\/blog\/#\/schema\/person\/47f7a38089f837e792876ceddc4cb2dc"},"headline":"Mullerthal : l'immobilier de vacances dans la Petite Suisse luxembourgeoise","datePublished":"2013-07-12T08:46:30+00:00","dateModified":"2022-05-11T07:01:08+00:00","mainEntityOfPage":{"@id":"https:\/\/www.athome.lu\/blog\/mon-logement\/vie-quotidienne-mon-logement\/mullerthal-limmobilier-de-vacances-dans-la-petite-suisse-luxembourgeoise\/"},"wordCount":477,"image":{"@id":"https:\/\/www.athome.lu\/blog\/mon-logement\/vie-quotidienne-mon-logement\/mullerthal-limmobilier-de-vacances-dans-la-petite-suisse-luxembourgeoise\/#primaryimage"},"thumbnailUrl":"https:\/\/www.athome.lu\/blog\/wp-content\/uploads\/2015\/10\/marche-immo_2.jpg","keywords":["Est","Vie quotidienne"],"articleSection":["Vie quotidienne"],"inLanguage":"en-GB"},{"@type":"WebPage","@id":"https:\/\/www.athome.lu\/blog\/mon-logement\/vie-quotidienne-mon-logement\/mullerthal-limmobilier-de-vacances-dans-la-petite-suisse-luxembourgeoise\/","url":"https:\/\/www.athome.lu\/blog\/mon-logement\/vie-quotidienne-mon-logement\/mullerthal-limmobilier-de-vacances-dans-la-petite-suisse-luxembourgeoise\/","name":"Mullerthal: holiday property in Luxembourg's Little Switzerland - atHome Blog","isPartOf":{"@id":"https:\/\/www.athome.lu\/blog\/#website"},"primaryImageOfPage":{"@id":"https:\/\/www.athome.lu\/blog\/mon-logement\/vie-quotidienne-mon-logement\/mullerthal-limmobilier-de-vacances-dans-la-petite-suisse-luxembourgeoise\/#primaryimage"},"image":{"@id":"https:\/\/www.athome.lu\/blog\/mon-logement\/vie-quotidienne-mon-logement\/mullerthal-limmobilier-de-vacances-dans-la-petite-suisse-luxembourgeoise\/#primaryimage"},"thumbnailUrl":"https:\/\/www.athome.lu\/blog\/wp-content\/uploads\/2015\/10\/marche-immo_2.jpg","datePublished":"2013-07-12T08:46:30+00:00","dateModified":"2022-05-11T07:01:08+00:00","author":{"@id":"https:\/\/www.athome.lu\/blog\/#\/schema\/person\/47f7a38089f837e792876ceddc4cb2dc"},"breadcrumb":{"@id":"https:\/\/www.athome.lu\/blog\/mon-logement\/vie-quotidienne-mon-logement\/mullerthal-limmobilier-de-vacances-dans-la-petite-suisse-luxembourgeoise\/#breadcrumb"},"inLanguage":"en-GB","potentialAction":[{"@type":"ReadAction","target":["https:\/\/www.athome.lu\/blog\/mon-logement\/vie-quotidienne-mon-logement\/mullerthal-limmobilier-de-vacances-dans-la-petite-suisse-luxembourgeoise\/"]}]},{"@type":"ImageObject","inLanguage":"en-GB","@id":"https:\/\/www.athome.lu\/blog\/mon-logement\/vie-quotidienne-mon-logement\/mullerthal-limmobilier-de-vacances-dans-la-petite-suisse-luxembourgeoise\/#primaryimage","url":"https:\/\/www.athome.lu\/blog\/wp-content\/uploads\/2015\/10\/marche-immo_2.jpg","contentUrl":"https:\/\/www.athome.lu\/blog\/wp-content\/uploads\/2015\/10\/marche-immo_2.jpg","width":2500,"height":1871,"caption":"Couple devant leur maison"},{"@type":"BreadcrumbList","@id":"https:\/\/www.athome.lu\/blog\/mon-logement\/vie-quotidienne-mon-logement\/mullerthal-limmobilier-de-vacances-dans-la-petite-suisse-luxembourgeoise\/#breadcrumb","itemListElement":[{"@type":"ListItem","position":1,"name":"Accueil","item":"https:\/\/www.athome.lu\/blog\/"},{"@type":"ListItem","position":2,"name":"Mon logement","item":"https:\/\/www.athome.lu\/blog\/de\/category\/mein-haus\/"},{"@type":"ListItem","position":3,"name":"Vie quotidienne","item":"https:\/\/www.athome.lu\/blog\/category\/mon-logement\/vie-quotidienne-mon-logement\/"},{"@type":"ListItem","position":4,"name":"Mullerthal : l'immobilier de vacances dans la Petite Suisse luxembourgeoise"}]},{"@type":"WebSite","@id":"https:\/\/www.athome.lu\/blog\/#website","url":"https:\/\/www.athome.lu\/blog\/","name":"atHome Blog","description":"Real estate ads in Luxembourg. The n\u00b01 real estate portal in Luxembourg.","potentialAction":[{"@type":"SearchAction","target":{"@type":"EntryPoint","urlTemplate":"https:\/\/www.athome.lu\/blog\/?s={search_term_string}"},"query-input":{"@type":"PropertyValueSpecification","valueRequired":true,"valueName":"search_term_string"}}],"inLanguage":"en-GB"},{"@type":"Person","@id":"https:\/\/www.athome.lu\/blog\/#\/schema\/person\/47f7a38089f837e792876ceddc4cb2dc","name":"Fanny Pimentel","image":{"@type":"ImageObject","inLanguage":"en-GB","@id":"https:\/\/secure.gravatar.com\/avatar\/c60b27b93851dc9503f9cc9150e73dcb0a86ba6150657e5e4b11d988400bc633?s=96&d=mm&r=g","url":"https:\/\/secure.gravatar.com\/avatar\/c60b27b93851dc9503f9cc9150e73dcb0a86ba6150657e5e4b11d988400bc633?s=96&d=mm&r=g","contentUrl":"https:\/\/secure.gravatar.com\/avatar\/c60b27b93851dc9503f9cc9150e73dcb0a86ba6150657e5e4b11d988400bc633?s=96&d=mm&r=g","caption":"Fanny Pimentel"}}]}},"featured_media_src_url":"https:\/\/www.athome.lu\/blog\/wp-content\/uploads\/2015\/10\/marche-immo_2-1024x766.jpg","_links":{"self":[{"href":"https:\/\/www.athome.lu\/blog\/en\/wp-json\/wp\/v2\/posts\/5361","targetHints":{"allow":["GET"]}}],"collection":[{"href":"https:\/\/www.athome.lu\/blog\/en\/wp-json\/wp\/v2\/posts"}],"about":[{"href":"https:\/\/www.athome.lu\/blog\/en\/wp-json\/wp\/v2\/types\/post"}],"author":[{"embeddable":true,"href":"https:\/\/www.athome.lu\/blog\/en\/wp-json\/wp\/v2\/users\/17"}],"replies":[{"embeddable":true,"href":"https:\/\/www.athome.lu\/blog\/en\/wp-json\/wp\/v2\/comments?post=5361"}],"version-history":[{"count":3,"href":"https:\/\/www.athome.lu\/blog\/en\/wp-json\/wp\/v2\/posts\/5361\/revisions"}],"predecessor-version":[{"id":14755,"href":"https:\/\/www.athome.lu\/blog\/en\/wp-json\/wp\/v2\/posts\/5361\/revisions\/14755"}],"wp:featuredmedia":[{"embeddable":true,"href":"https:\/\/www.athome.lu\/blog\/en\/wp-json\/wp\/v2\/media\/7062"}],"wp:attachment":[{"href":"https:\/\/www.athome.lu\/blog\/en\/wp-json\/wp\/v2\/media?parent=5361"}],"wp:term":[{"taxonomy":"category","embeddable":true,"href":"https:\/\/www.athome.lu\/blog\/en\/wp-json\/wp\/v2\/categories?post=5361"},{"taxonomy":"post_tag","embeddable":true,"href":"https:\/\/www.athome.lu\/blog\/en\/wp-json\/wp\/v2\/tags?post=5361"}],"curies":[{"name":"wp","href":"https:\/\/api.w.org\/{rel}","templated":true}]}}