{"id":9443,"date":"2020-02-17T10:23:03","date_gmt":"2020-02-17T09:23:03","guid":{"rendered":"https:\/\/www.athome.lu\/blog\/?p=9443"},"modified":"2022-06-14T13:48:33","modified_gmt":"2022-06-14T11:48:33","slug":"price-m2-per-district-luxembourg","status":"publish","type":"post","link":"https:\/\/www.athome.lu\/blog\/en\/marche-immobilier\/prix\/prix-m2-par-quartier-du-luxembourg\/","title":{"rendered":"Prices per m2 in Luxembourg by district"},"content":{"rendered":"<p style=\"text-align: left;\"><span style=\"color: #000000;\">In Luxembourg City, the average price per m2 in Luxembourg is 9,266 euros\/m2.<br \/><\/span><span style=\"color: #000000;\">But don't be fooled by this average, because the Luxembourg capital has 24 districts with very different prices, ranging from \u20ac7,700 to \u20ac12,000 per m2 for the most expensive districts. In other words, depending on your budget, some areas will be affordable and others will certainly be less so. Here are the detailed prices per m2 in Luxembourg City by district.<\/span><\/p>\n<p><em>For our latest analyses of property prices in Luxembourg, see <a href=\"https:\/\/www.athome.lu\/blog\/blog\/marche-immobilier\/prix\/\">this section<\/a>.<\/em><\/p>\n<h2 style=\"text-align: justify;\"><strong><span style=\"color: #000000;\">Prices per m2 in Luxembourg City by district<\/span><\/strong><\/h2>\n<table class=\"alignleft\" style=\"height: 1082px;\" width=\"695\">\n<tbody>\n<tr>\n<td width=\"151\">Neighbourhood<\/td>\n<td width=\"91\">Flat<\/td>\n<td width=\"72\">House<\/td>\n<td width=\"109\">Average<\/td>\n<\/tr>\n<tr>\n<td>\u00a0Beggen<\/td>\n<td>8 350 \u20ac<\/td>\n<td>6 521 \u20ac<\/td>\n<td>7 725 \u20ac<\/td>\n<\/tr>\n<tr>\n<td>\u00a0Belair<\/td>\n<td>10 485 \u20ac<\/td>\n<td>10 649 \u20ac<\/td>\n<td>10 526 \u20ac<\/td>\n<\/tr>\n<tr>\n<td>\u00a0Bonnevoie<\/td>\n<td>8 872 \u20ac<\/td>\n<td>7 710 \u20ac<\/td>\n<td>8 638 \u20ac<\/td>\n<\/tr>\n<tr>\n<td>\u00a0Centre<\/td>\n<td>10 261 \u20ac<\/td>\n<td>9 523 \u20ac<\/td>\n<td>10 071 \u20ac<\/td>\n<\/tr>\n<tr>\n<td>\u00a0Hundreds<\/td>\n<td>7 898 \u20ac<\/td>\n<td>7 665 \u20ac<\/td>\n<td>7 833 \u20ac<\/td>\n<\/tr>\n<tr>\n<td>\u00a0Cessange<\/td>\n<td>10 179 \u20ac<\/td>\n<td>6 320 \u20ac<\/td>\n<td>9 643 \u20ac<\/td>\n<\/tr>\n<tr>\n<td>\u00a0Clausen<\/td>\n<td>*<\/td>\n<td>*<\/td>\n<td>*<\/td>\n<\/tr>\n<tr>\n<td>\u00a0Dommeldange<\/td>\n<td>8 561 \u20ac<\/td>\n<td>7 185 \u20ac<\/td>\n<td>8 131 \u20ac<\/td>\n<\/tr>\n<tr>\n<td>\u00a0Eich<\/td>\n<td>8 526 \u20ac<\/td>\n<td>*<\/td>\n<td>8 526 \u20ac<\/td>\n<\/tr>\n<tr>\n<td>\u00a0Station<\/td>\n<td>9 940 \u20ac<\/td>\n<td>*<\/td>\n<td>9 940 \u20ac<\/td>\n<\/tr>\n<tr>\n<td>\u00a0Gasperich<\/td>\n<td>8 523 \u20ac<\/td>\n<td>7 315 \u20ac<\/td>\n<td>7 911 \u20ac<\/td>\n<\/tr>\n<tr>\n<td>\u00a0Grund<\/td>\n<td>10 628 \u20ac<\/td>\n<td>*<\/td>\n<td>10 628 \u20ac<\/td>\n<\/tr>\n<tr>\n<td>\u00a0Hamm<\/td>\n<td>8 369 \u20ac<\/td>\n<td>7 292 \u20ac<\/td>\n<td>8 046 \u20ac<\/td>\n<\/tr>\n<tr>\n<td>\u00a0Hollerich<\/td>\n<td>8 671 \u20ac<\/td>\n<td>8 125 \u20ac<\/td>\n<td>8 632 \u20ac<\/td>\n<\/tr>\n<tr>\n<td>\u00a0Kirchberg<\/td>\n<td>11 159 \u20ac<\/td>\n<td>9 619 \u20ac<\/td>\n<td>10 663 \u20ac<\/td>\n<\/tr>\n<tr>\n<td>\u00a0Kohlenberg<\/td>\n<td>*<\/td>\n<td>9 803 \u20ac<\/td>\n<td>9 803 \u20ac<\/td>\n<\/tr>\n<tr>\n<td>\u00a0Limpertsberg<\/td>\n<td>12 868 \u20ac<\/td>\n<td>9 000 \u20ac<\/td>\n<td>12 050 \u20ac<\/td>\n<\/tr>\n<tr>\n<td>\u00a0Merl<\/td>\n<td>8 952 \u20ac<\/td>\n<td>7 217 \u20ac<\/td>\n<td>8 841 \u20ac<\/td>\n<\/tr>\n<tr>\n<td>\u00a0Muhlenbach<\/td>\n<td>8 472 \u20ac<\/td>\n<td>7 716 \u20ac<\/td>\n<td>8 432 \u20ac<\/td>\n<\/tr>\n<tr>\n<td>\u00a0Neudorf<\/td>\n<td>9 496 \u20ac<\/td>\n<td>9 502 \u20ac<\/td>\n<td>9 497 \u20ac<\/td>\n<\/tr>\n<tr>\n<td>\u00a0Pfaffenthall<\/td>\n<td>9 212 \u20ac<\/td>\n<td>*<\/td>\n<td>9 212 \u20ac<\/td>\n<\/tr>\n<tr>\n<td>\u00a0Pulvermuehle<\/td>\n<td>*<\/td>\n<td>*<\/td>\n<td>*<\/td>\n<\/tr>\n<tr>\n<td>\u00a0Rollingergrund<\/td>\n<td>8 903 \u20ac<\/td>\n<td>8 581 \u20ac<\/td>\n<td>8 818 \u20ac<\/td>\n<\/tr>\n<tr>\n<td>\u00a0Verlorenkost<\/td>\n<td>*<\/td>\n<td>*<\/td>\n<td>*<\/td>\n<\/tr>\n<tr>\n<td>\u00a0Weimershof<\/td>\n<td>10 387 \u20ac<\/td>\n<td>8 462 \u20ac<\/td>\n<td>9 905 \u20ac<\/td>\n<\/tr>\n<tr>\n<td>\u00a0Weimerskirch<\/td>\n<td>8 165 \u20ac<\/td>\n<td>5 996 \u20ac<\/td>\n<td>6 809 \u20ac<\/td>\n<\/tr>\n<tr>\n<td width=\"151\">Grand total<\/td>\n<td width=\"91\">9 562 \u20ac<\/td>\n<td width=\"72\">8 264 \u20ac<\/td>\n<td width=\"109\">9 266 \u20ac<\/td>\n<\/tr>\n<\/tbody>\n<\/table>\n<p style=\"text-align: left;\"><span style=\"color: #000000;\"><br \/>Find all property prices in Luxembourg in <a href=\"https:\/\/www.athome.lu\/blog\/blog\/marche-de-limmobilier\/athome-magazine\/\">atHome Magazine.\u00a0<\/a><\/span><\/p>\n<p>These average prices are calculated on the prices displayed on atHome.lu for the period September 2018 - September 2019<br \/>* Insufficient statistical data<\/p>\n<p>\u00a0<\/p>\n<p><em><span style=\"color: #999999;\">Updated 17\/02\/2020<\/span><\/em><\/p>\n\n<section id=\"section-3-14695\" class=\"ct-section\" ><div class=\"ct-section-inner-wrap\"><div id=\"div_block-4-14695\" class=\"ct-div-block\" ><div id=\"new_columns-7-14695\" class=\"ct-new-columns\" ><div id=\"div_block-8-14695\" class=\"ct-div-block\" ><div id=\"div_block-14-14695\" class=\"ct-div-block\" ><\/div><\/div><div id=\"div_block-9-14695\" class=\"ct-div-block\" ><h1 id=\"headline-11-14695\" class=\"ct-headline\">What are the property prices at the moment?<\/h1><div id=\"text_block-12-14695\" class=\"ct-text-block\" >Prices are slowing down. Interest rates are rising. What are the trends for the coming months?<\/div><a id=\"link_button-13-14695\" class=\"ct-link-button\" href=\"https:\/\/www.athome.lu\/blog\/blog\/marche-immobilier\/prix\/tendances-2022\/\" target=\"_blank\"  >Read the analysis<\/a><\/div><\/div><\/div><\/div><\/section>","protected":false},"excerpt":{"rendered":"<p>A Luxembourg-ville, le prix au m2 \u00e0 Luxembourg s'\u00e9l\u00e8ve en moyenne \u00e0 9 266 euros\/m2.Mais ne vous fiez pas \u00e0 cette moyenne, car la capitale luxembourgeoise compte 24 quartiers avec des prix bien diff\u00e9rents, pouvant aller de 7 700 \u20ac \u00e0 12 000 \u20ac par m2 pour les quartiers plus chers. Autrement dit selon le [&hellip;]<\/p>\n","protected":false},"author":17,"featured_media":9511,"comment_status":"closed","ping_status":"open","sticky":false,"template":"","format":"standard","meta":{"_acf_changed":false,"footnotes":""},"categories":[219],"tags":[30,32],"class_list":["post-9443","post","type-post","status-publish","format-standard","has-post-thumbnail","hentry","category-prix","tag-achat","tag-prix"],"acf":[],"yoast_head":"<!-- This site is optimized with the Yoast SEO plugin v27.4 - https:\/\/yoast.com\/product\/yoast-seo-wordpress\/ -->\n<title>Prix au m2 \u00e0 Luxembourg-Ville, quartier par quartier - atHome Blog<\/title>\n<meta name=\"description\" content=\"Belair, Merl, Bonnevoie, Kirchberg, Clausen, Centre... D\u00e9couvrez en d\u00e9tail les prix au m2 \u00e0 Luxembourg-ville quartier par quartier.\" \/>\n<meta name=\"robots\" content=\"index, follow, max-snippet:-1, max-image-preview:large, max-video-preview:-1\" \/>\n<link rel=\"canonical\" href=\"https:\/\/www.athome.lu\/blog\/en\/real-estate-market\/price\/price-m2-per-district-luxembourg\/\" \/>\n<meta property=\"og:locale\" content=\"en_GB\" \/>\n<meta property=\"og:type\" content=\"article\" \/>\n<meta property=\"og:title\" content=\"Prix au m2 \u00e0 Luxembourg-Ville, quartier par quartier - atHome Blog\" \/>\n<meta property=\"og:description\" content=\"Belair, Merl, Bonnevoie, Kirchberg, Clausen, Centre... D\u00e9couvrez en d\u00e9tail les prix au m2 \u00e0 Luxembourg-ville quartier par quartier.\" \/>\n<meta property=\"og:url\" content=\"https:\/\/www.athome.lu\/blog\/en\/real-estate-market\/price\/price-m2-per-district-luxembourg\/\" \/>\n<meta property=\"og:site_name\" content=\"atHome Blog\" \/>\n<meta property=\"article:publisher\" content=\"https:\/\/www.facebook.com\/atHome.lu\/\" \/>\n<meta property=\"article:published_time\" content=\"2020-02-17T09:23:03+00:00\" \/>\n<meta property=\"article:modified_time\" content=\"2022-06-14T11:48:33+00:00\" \/>\n<meta property=\"og:image\" content=\"https:\/\/www.athome.lu\/blog\/wp-content\/uploads\/2017\/04\/luxembourg-hotel-de-ville-e1493126384446.jpg\" \/>\n\t<meta property=\"og:image:width\" content=\"1200\" \/>\n\t<meta property=\"og:image:height\" content=\"675\" \/>\n\t<meta property=\"og:image:type\" content=\"image\/jpeg\" \/>\n<meta name=\"author\" content=\"Fanny Pimentel\" \/>\n<meta name=\"twitter:card\" content=\"summary_large_image\" \/>\n<meta name=\"twitter:creator\" content=\"@athomelu\" \/>\n<meta name=\"twitter:site\" content=\"@athomelu\" \/>\n<meta name=\"twitter:label1\" content=\"Written by\" \/>\n\t<meta name=\"twitter:data1\" content=\"Fanny Pimentel\" \/>\n\t<meta name=\"twitter:label2\" content=\"Estimated reading time\" \/>\n\t<meta name=\"twitter:data2\" content=\"3 minutes\" \/>\n<script type=\"application\/ld+json\" class=\"yoast-schema-graph\">{\"@context\":\"https:\\\/\\\/schema.org\",\"@graph\":[{\"@type\":\"Article\",\"@id\":\"https:\\\/\\\/www.athome.lu\\\/blog\\\/marche-immobilier\\\/prix\\\/prix-m2-par-quartier-du-luxembourg\\\/#article\",\"isPartOf\":{\"@id\":\"https:\\\/\\\/www.athome.lu\\\/blog\\\/marche-immobilier\\\/prix\\\/prix-m2-par-quartier-du-luxembourg\\\/\"},\"author\":{\"name\":\"Fanny Pimentel\",\"@id\":\"https:\\\/\\\/www.athome.lu\\\/blog\\\/#\\\/schema\\\/person\\\/47f7a38089f837e792876ceddc4cb2dc\"},\"headline\":\"Les prix au m2 \u00e0 Luxembourg par quartier\",\"datePublished\":\"2020-02-17T09:23:03+00:00\",\"dateModified\":\"2022-06-14T11:48:33+00:00\",\"mainEntityOfPage\":{\"@id\":\"https:\\\/\\\/www.athome.lu\\\/blog\\\/marche-immobilier\\\/prix\\\/prix-m2-par-quartier-du-luxembourg\\\/\"},\"wordCount\":179,\"image\":{\"@id\":\"https:\\\/\\\/www.athome.lu\\\/blog\\\/marche-immobilier\\\/prix\\\/prix-m2-par-quartier-du-luxembourg\\\/#primaryimage\"},\"thumbnailUrl\":\"https:\\\/\\\/www.athome.lu\\\/blog\\\/wp-content\\\/uploads\\\/2017\\\/04\\\/luxembourg-hotel-de-ville-e1493126384446.jpg\",\"keywords\":[\"Achat\",\"Prix\"],\"articleSection\":[\"Prix\"],\"inLanguage\":\"en-GB\"},{\"@type\":\"WebPage\",\"@id\":\"https:\\\/\\\/www.athome.lu\\\/blog\\\/marche-immobilier\\\/prix\\\/prix-m2-par-quartier-du-luxembourg\\\/\",\"url\":\"https:\\\/\\\/www.athome.lu\\\/blog\\\/marche-immobilier\\\/prix\\\/prix-m2-par-quartier-du-luxembourg\\\/\",\"name\":\"Prix au m2 \u00e0 Luxembourg-Ville, quartier par quartier - atHome Blog\",\"isPartOf\":{\"@id\":\"https:\\\/\\\/www.athome.lu\\\/blog\\\/#website\"},\"primaryImageOfPage\":{\"@id\":\"https:\\\/\\\/www.athome.lu\\\/blog\\\/marche-immobilier\\\/prix\\\/prix-m2-par-quartier-du-luxembourg\\\/#primaryimage\"},\"image\":{\"@id\":\"https:\\\/\\\/www.athome.lu\\\/blog\\\/marche-immobilier\\\/prix\\\/prix-m2-par-quartier-du-luxembourg\\\/#primaryimage\"},\"thumbnailUrl\":\"https:\\\/\\\/www.athome.lu\\\/blog\\\/wp-content\\\/uploads\\\/2017\\\/04\\\/luxembourg-hotel-de-ville-e1493126384446.jpg\",\"datePublished\":\"2020-02-17T09:23:03+00:00\",\"dateModified\":\"2022-06-14T11:48:33+00:00\",\"author\":{\"@id\":\"https:\\\/\\\/www.athome.lu\\\/blog\\\/#\\\/schema\\\/person\\\/47f7a38089f837e792876ceddc4cb2dc\"},\"description\":\"Belair, Merl, Bonnevoie, Kirchberg, Clausen, Centre... D\u00e9couvrez en d\u00e9tail les prix au m2 \u00e0 Luxembourg-ville quartier par quartier.\",\"breadcrumb\":{\"@id\":\"https:\\\/\\\/www.athome.lu\\\/blog\\\/marche-immobilier\\\/prix\\\/prix-m2-par-quartier-du-luxembourg\\\/#breadcrumb\"},\"inLanguage\":\"en-GB\",\"potentialAction\":[{\"@type\":\"ReadAction\",\"target\":[\"https:\\\/\\\/www.athome.lu\\\/blog\\\/marche-immobilier\\\/prix\\\/prix-m2-par-quartier-du-luxembourg\\\/\"]}]},{\"@type\":\"ImageObject\",\"inLanguage\":\"en-GB\",\"@id\":\"https:\\\/\\\/www.athome.lu\\\/blog\\\/marche-immobilier\\\/prix\\\/prix-m2-par-quartier-du-luxembourg\\\/#primaryimage\",\"url\":\"https:\\\/\\\/www.athome.lu\\\/blog\\\/wp-content\\\/uploads\\\/2017\\\/04\\\/luxembourg-hotel-de-ville-e1493126384446.jpg\",\"contentUrl\":\"https:\\\/\\\/www.athome.lu\\\/blog\\\/wp-content\\\/uploads\\\/2017\\\/04\\\/luxembourg-hotel-de-ville-e1493126384446.jpg\",\"width\":1200,\"height\":675,\"caption\":\"Prix au m2 luxembourg ville\"},{\"@type\":\"BreadcrumbList\",\"@id\":\"https:\\\/\\\/www.athome.lu\\\/blog\\\/marche-immobilier\\\/prix\\\/prix-m2-par-quartier-du-luxembourg\\\/#breadcrumb\",\"itemListElement\":[{\"@type\":\"ListItem\",\"position\":1,\"name\":\"Accueil\",\"item\":\"https:\\\/\\\/www.athome.lu\\\/blog\\\/\"},{\"@type\":\"ListItem\",\"position\":2,\"name\":\"March\u00e9 immobilier\",\"item\":\"https:\\\/\\\/www.athome.lu\\\/blog\\\/category\\\/marche-immobilier\\\/\"},{\"@type\":\"ListItem\",\"position\":3,\"name\":\"Prix\",\"item\":\"https:\\\/\\\/www.athome.lu\\\/blog\\\/category\\\/marche-immobilier\\\/prix\\\/\"},{\"@type\":\"ListItem\",\"position\":4,\"name\":\"Les prix au m2 \u00e0 Luxembourg par quartier\"}]},{\"@type\":\"WebSite\",\"@id\":\"https:\\\/\\\/www.athome.lu\\\/blog\\\/#website\",\"url\":\"https:\\\/\\\/www.athome.lu\\\/blog\\\/\",\"name\":\"atHome Blog\",\"description\":\"Annonces immobili\u00e8res au Luxembourg. Le portail immobilier n\u00b01 au Luxembourg.\",\"potentialAction\":[{\"@type\":\"SearchAction\",\"target\":{\"@type\":\"EntryPoint\",\"urlTemplate\":\"https:\\\/\\\/www.athome.lu\\\/blog\\\/?s={search_term_string}\"},\"query-input\":{\"@type\":\"PropertyValueSpecification\",\"valueRequired\":true,\"valueName\":\"search_term_string\"}}],\"inLanguage\":\"en-GB\"},{\"@type\":\"Person\",\"@id\":\"https:\\\/\\\/www.athome.lu\\\/blog\\\/#\\\/schema\\\/person\\\/47f7a38089f837e792876ceddc4cb2dc\",\"name\":\"Fanny Pimentel\",\"image\":{\"@type\":\"ImageObject\",\"inLanguage\":\"en-GB\",\"@id\":\"https:\\\/\\\/secure.gravatar.com\\\/avatar\\\/c60b27b93851dc9503f9cc9150e73dcb0a86ba6150657e5e4b11d988400bc633?s=96&d=mm&r=g\",\"url\":\"https:\\\/\\\/secure.gravatar.com\\\/avatar\\\/c60b27b93851dc9503f9cc9150e73dcb0a86ba6150657e5e4b11d988400bc633?s=96&d=mm&r=g\",\"contentUrl\":\"https:\\\/\\\/secure.gravatar.com\\\/avatar\\\/c60b27b93851dc9503f9cc9150e73dcb0a86ba6150657e5e4b11d988400bc633?s=96&d=mm&r=g\",\"caption\":\"Fanny Pimentel\"}}]}<\/script>\n<!-- \/ Yoast SEO plugin. -->","yoast_head_json":{"title":"Prices per m2 in Luxembourg City, neighbourhood by neighbourhood - atHome Blog","description":"Belair, Merl, Bonnevoie, Kirchberg, Clausen, Centre... Discover in detail the prices per m2 in Luxembourg city district by district.","robots":{"index":"index","follow":"follow","max-snippet":"max-snippet:-1","max-image-preview":"max-image-preview:large","max-video-preview":"max-video-preview:-1"},"canonical":"https:\/\/www.athome.lu\/blog\/en\/real-estate-market\/price\/price-m2-per-district-luxembourg\/","og_locale":"en_GB","og_type":"article","og_title":"Prix au m2 \u00e0 Luxembourg-Ville, quartier par quartier - atHome Blog","og_description":"Belair, Merl, Bonnevoie, Kirchberg, Clausen, Centre... D\u00e9couvrez en d\u00e9tail les prix au m2 \u00e0 Luxembourg-ville quartier par quartier.","og_url":"https:\/\/www.athome.lu\/blog\/en\/real-estate-market\/price\/price-m2-per-district-luxembourg\/","og_site_name":"atHome Blog","article_publisher":"https:\/\/www.facebook.com\/atHome.lu\/","article_published_time":"2020-02-17T09:23:03+00:00","article_modified_time":"2022-06-14T11:48:33+00:00","og_image":[{"width":1200,"height":675,"url":"https:\/\/www.athome.lu\/blog\/wp-content\/uploads\/2017\/04\/luxembourg-hotel-de-ville-e1493126384446.jpg","type":"image\/jpeg"}],"author":"Fanny Pimentel","twitter_card":"summary_large_image","twitter_creator":"@athomelu","twitter_site":"@athomelu","twitter_misc":{"Written by":"Fanny Pimentel","Estimated reading time":"3 minutes"},"schema":{"@context":"https:\/\/schema.org","@graph":[{"@type":"Article","@id":"https:\/\/www.athome.lu\/blog\/marche-immobilier\/prix\/prix-m2-par-quartier-du-luxembourg\/#article","isPartOf":{"@id":"https:\/\/www.athome.lu\/blog\/marche-immobilier\/prix\/prix-m2-par-quartier-du-luxembourg\/"},"author":{"name":"Fanny Pimentel","@id":"https:\/\/www.athome.lu\/blog\/#\/schema\/person\/47f7a38089f837e792876ceddc4cb2dc"},"headline":"Les prix au m2 \u00e0 Luxembourg par quartier","datePublished":"2020-02-17T09:23:03+00:00","dateModified":"2022-06-14T11:48:33+00:00","mainEntityOfPage":{"@id":"https:\/\/www.athome.lu\/blog\/marche-immobilier\/prix\/prix-m2-par-quartier-du-luxembourg\/"},"wordCount":179,"image":{"@id":"https:\/\/www.athome.lu\/blog\/marche-immobilier\/prix\/prix-m2-par-quartier-du-luxembourg\/#primaryimage"},"thumbnailUrl":"https:\/\/www.athome.lu\/blog\/wp-content\/uploads\/2017\/04\/luxembourg-hotel-de-ville-e1493126384446.jpg","keywords":["Achat","Prix"],"articleSection":["Prix"],"inLanguage":"en-GB"},{"@type":"WebPage","@id":"https:\/\/www.athome.lu\/blog\/marche-immobilier\/prix\/prix-m2-par-quartier-du-luxembourg\/","url":"https:\/\/www.athome.lu\/blog\/marche-immobilier\/prix\/prix-m2-par-quartier-du-luxembourg\/","name":"Prices per m2 in Luxembourg City, neighbourhood by neighbourhood - atHome Blog","isPartOf":{"@id":"https:\/\/www.athome.lu\/blog\/#website"},"primaryImageOfPage":{"@id":"https:\/\/www.athome.lu\/blog\/marche-immobilier\/prix\/prix-m2-par-quartier-du-luxembourg\/#primaryimage"},"image":{"@id":"https:\/\/www.athome.lu\/blog\/marche-immobilier\/prix\/prix-m2-par-quartier-du-luxembourg\/#primaryimage"},"thumbnailUrl":"https:\/\/www.athome.lu\/blog\/wp-content\/uploads\/2017\/04\/luxembourg-hotel-de-ville-e1493126384446.jpg","datePublished":"2020-02-17T09:23:03+00:00","dateModified":"2022-06-14T11:48:33+00:00","author":{"@id":"https:\/\/www.athome.lu\/blog\/#\/schema\/person\/47f7a38089f837e792876ceddc4cb2dc"},"description":"Belair, Merl, Bonnevoie, Kirchberg, Clausen, Centre... Discover in detail the prices per m2 in Luxembourg city district by district.","breadcrumb":{"@id":"https:\/\/www.athome.lu\/blog\/marche-immobilier\/prix\/prix-m2-par-quartier-du-luxembourg\/#breadcrumb"},"inLanguage":"en-GB","potentialAction":[{"@type":"ReadAction","target":["https:\/\/www.athome.lu\/blog\/marche-immobilier\/prix\/prix-m2-par-quartier-du-luxembourg\/"]}]},{"@type":"ImageObject","inLanguage":"en-GB","@id":"https:\/\/www.athome.lu\/blog\/marche-immobilier\/prix\/prix-m2-par-quartier-du-luxembourg\/#primaryimage","url":"https:\/\/www.athome.lu\/blog\/wp-content\/uploads\/2017\/04\/luxembourg-hotel-de-ville-e1493126384446.jpg","contentUrl":"https:\/\/www.athome.lu\/blog\/wp-content\/uploads\/2017\/04\/luxembourg-hotel-de-ville-e1493126384446.jpg","width":1200,"height":675,"caption":"Prix au m2 luxembourg ville"},{"@type":"BreadcrumbList","@id":"https:\/\/www.athome.lu\/blog\/marche-immobilier\/prix\/prix-m2-par-quartier-du-luxembourg\/#breadcrumb","itemListElement":[{"@type":"ListItem","position":1,"name":"Accueil","item":"https:\/\/www.athome.lu\/blog\/"},{"@type":"ListItem","position":2,"name":"March\u00e9 immobilier","item":"https:\/\/www.athome.lu\/blog\/category\/marche-immobilier\/"},{"@type":"ListItem","position":3,"name":"Prix","item":"https:\/\/www.athome.lu\/blog\/category\/marche-immobilier\/prix\/"},{"@type":"ListItem","position":4,"name":"Les prix au m2 \u00e0 Luxembourg par quartier"}]},{"@type":"WebSite","@id":"https:\/\/www.athome.lu\/blog\/#website","url":"https:\/\/www.athome.lu\/blog\/","name":"atHome Blog","description":"Real estate ads in Luxembourg. The n\u00b01 real estate portal in Luxembourg.","potentialAction":[{"@type":"SearchAction","target":{"@type":"EntryPoint","urlTemplate":"https:\/\/www.athome.lu\/blog\/?s={search_term_string}"},"query-input":{"@type":"PropertyValueSpecification","valueRequired":true,"valueName":"search_term_string"}}],"inLanguage":"en-GB"},{"@type":"Person","@id":"https:\/\/www.athome.lu\/blog\/#\/schema\/person\/47f7a38089f837e792876ceddc4cb2dc","name":"Fanny Pimentel","image":{"@type":"ImageObject","inLanguage":"en-GB","@id":"https:\/\/secure.gravatar.com\/avatar\/c60b27b93851dc9503f9cc9150e73dcb0a86ba6150657e5e4b11d988400bc633?s=96&d=mm&r=g","url":"https:\/\/secure.gravatar.com\/avatar\/c60b27b93851dc9503f9cc9150e73dcb0a86ba6150657e5e4b11d988400bc633?s=96&d=mm&r=g","contentUrl":"https:\/\/secure.gravatar.com\/avatar\/c60b27b93851dc9503f9cc9150e73dcb0a86ba6150657e5e4b11d988400bc633?s=96&d=mm&r=g","caption":"Fanny Pimentel"}}]}},"featured_media_src_url":"https:\/\/www.athome.lu\/blog\/wp-content\/uploads\/2017\/04\/luxembourg-hotel-de-ville-e1493126384446-1024x576.jpg","_links":{"self":[{"href":"https:\/\/www.athome.lu\/blog\/en\/wp-json\/wp\/v2\/posts\/9443","targetHints":{"allow":["GET"]}}],"collection":[{"href":"https:\/\/www.athome.lu\/blog\/en\/wp-json\/wp\/v2\/posts"}],"about":[{"href":"https:\/\/www.athome.lu\/blog\/en\/wp-json\/wp\/v2\/types\/post"}],"author":[{"embeddable":true,"href":"https:\/\/www.athome.lu\/blog\/en\/wp-json\/wp\/v2\/users\/17"}],"replies":[{"embeddable":true,"href":"https:\/\/www.athome.lu\/blog\/en\/wp-json\/wp\/v2\/comments?post=9443"}],"version-history":[{"count":3,"href":"https:\/\/www.athome.lu\/blog\/en\/wp-json\/wp\/v2\/posts\/9443\/revisions"}],"predecessor-version":[{"id":15527,"href":"https:\/\/www.athome.lu\/blog\/en\/wp-json\/wp\/v2\/posts\/9443\/revisions\/15527"}],"wp:featuredmedia":[{"embeddable":true,"href":"https:\/\/www.athome.lu\/blog\/en\/wp-json\/wp\/v2\/media\/9511"}],"wp:attachment":[{"href":"https:\/\/www.athome.lu\/blog\/en\/wp-json\/wp\/v2\/media?parent=9443"}],"wp:term":[{"taxonomy":"category","embeddable":true,"href":"https:\/\/www.athome.lu\/blog\/en\/wp-json\/wp\/v2\/categories?post=9443"},{"taxonomy":"post_tag","embeddable":true,"href":"https:\/\/www.athome.lu\/blog\/en\/wp-json\/wp\/v2\/tags?post=9443"}],"curies":[{"name":"wp","href":"https:\/\/api.w.org\/{rel}","templated":true}]}}