{"id":9539,"date":"2017-05-02T12:57:01","date_gmt":"2017-05-02T11:57:01","guid":{"rendered":"https:\/\/www.athome.lu\/blog\/?p=9539"},"modified":"2022-05-12T09:19:14","modified_gmt":"2022-05-12T07:19:14","slug":"how-to-put-a-bike-in-an-apartment","status":"publish","type":"post","link":"https:\/\/www.athome.lu\/blog\/en\/mon-logement\/meuble-decoration\/comment-ranger-son-velo-dans-un-appartement\/","title":{"rendered":"How to store your bike in a flat?"},"content":{"rendered":"<p style=\"text-align: justify;\"><span style=\"color: #000000;\">On the occasion of the Schleck Gran Fondo cycling race in Mondorf-les-Bains on 20 May, and while waiting to go and cheer on our team :-), we took an interest in the place of the bicycle in the home.<\/span><\/p>\n<p style=\"text-align: justify;\"><span style=\"color: #000000;\">Because when you live in the city, and especially in a flat ... without a garage, it is not at all easy to find storage for your bike. <\/span><br \/><span style=\"color: #000000;\"> And yet, as you will see, there are aesthetic solutions for storing your bike, even if you live in a small flat.<\/span><\/p>\n<h2 style=\"text-align: justify;\"><span style=\"color: #000000;\"><strong>5 bike storage ideas<\/strong><\/span><\/h2>\n<p><br \/><!-- Please call pinit.js only once per page --><br \/><script async=\"\" defer=\"\" src=\"\/\/assets.pinterest.com\/js\/pinit.js\"><\/script><\/p>\n<p><br \/><!-- Please call pinit.js only once per page --><br \/><script async=\"\" defer=\"\" src=\"\/\/assets.pinterest.com\/js\/pinit.js\"><\/script><\/p>\n<p><br \/><!-- Please call pinit.js only once per page --><br \/><script async=\"\" defer=\"\" src=\"\/\/assets.pinterest.com\/js\/pinit.js\"><\/script><\/p>\n<p><br \/><!-- Please call pinit.js only once per page --><br \/><script async=\"\" defer=\"\" src=\"\/\/assets.pinterest.com\/js\/pinit.js\"><\/script><\/p>\n<p><br \/><!-- Please call pinit.js only once per page --><br \/><script async=\"\" defer=\"\" src=\"\/\/assets.pinterest.com\/js\/pinit.js\"><\/script><\/p>\n<p><span style=\"color: #000000;\">Share your own bike storage ideas with us!<\/span><\/p>\n\n<section id=\"section-3-14695\" class=\"ct-section\" ><div class=\"ct-section-inner-wrap\"><div id=\"div_block-4-14695\" class=\"ct-div-block\" ><div id=\"new_columns-7-14695\" class=\"ct-new-columns\" ><div id=\"div_block-8-14695\" class=\"ct-div-block\" ><div id=\"div_block-14-14695\" class=\"ct-div-block\" ><\/div><\/div><div id=\"div_block-9-14695\" class=\"ct-div-block\" ><h1 id=\"headline-11-14695\" class=\"ct-headline\">What are the property prices at the moment?<\/h1><div id=\"text_block-12-14695\" class=\"ct-text-block\" >Prices are slowing down. Interest rates are rising. What are the trends for the coming months?<\/div><a id=\"link_button-13-14695\" class=\"ct-link-button\" href=\"https:\/\/www.athome.lu\/blog\/blog\/marche-immobilier\/prix\/tendances-2022\/\" target=\"_blank\"  >Read the analysis<\/a><\/div><\/div><\/div><\/div><\/section>","protected":false},"excerpt":{"rendered":"<p>A l'occasion de la course cycliste Schleck Gran Fondo \u00e0 Mondorf-les-Bains le 20 mai prochain, et en attendant d'aller encourager notre \u00e9quipe :-), nous nous sommes int\u00e9ress\u00e9s \u00e0 la place du v\u00e9lo dans la maison. Parce que quand on habite en ville, et plus particuli\u00e8rement dans un appartement \u2026sans garage, il n\u2019est pas du tout [&hellip;]<\/p>\n","protected":false},"author":17,"featured_media":9546,"comment_status":"closed","ping_status":"open","sticky":false,"template":"","format":"standard","meta":{"_acf_changed":false,"footnotes":""},"categories":[210],"tags":[82],"class_list":["post-9539","post","type-post","status-publish","format-standard","has-post-thumbnail","hentry","category-meuble-decoration","tag-ameublement"],"acf":[],"yoast_head":"<!-- This site is optimized with the Yoast SEO plugin v27.4 - https:\/\/yoast.com\/product\/yoast-seo-wordpress\/ -->\n<title>\u25b7 Comment Ranger son V\u00e9lo dans un Appartement | atHome<\/title>\n<meta name=\"description\" content=\"Quand on habite en ville, et plus particuli\u00e8rement dans un appartement, il n\u2019est pas du tout simple de trouver un rangement pour son v\u00e9lo.\" \/>\n<meta name=\"robots\" content=\"index, follow, max-snippet:-1, max-image-preview:large, max-video-preview:-1\" \/>\n<link rel=\"canonical\" href=\"https:\/\/www.athome.lu\/blog\/en\/my-home\/decoration-2\/how-to-put-a-bike-in-an-apartment\/\" \/>\n<meta property=\"og:locale\" content=\"en_GB\" \/>\n<meta property=\"og:type\" content=\"article\" \/>\n<meta property=\"og:title\" content=\"\u25b7 Comment Ranger son V\u00e9lo dans un Appartement | atHome\" \/>\n<meta property=\"og:description\" content=\"Quand on habite en ville, et plus particuli\u00e8rement dans un appartement, il n\u2019est pas du tout simple de trouver un rangement pour son v\u00e9lo.\" \/>\n<meta property=\"og:url\" content=\"https:\/\/www.athome.lu\/blog\/en\/my-home\/decoration-2\/how-to-put-a-bike-in-an-apartment\/\" \/>\n<meta property=\"og:site_name\" content=\"atHome Blog\" \/>\n<meta property=\"article:publisher\" content=\"https:\/\/www.facebook.com\/atHome.lu\/\" \/>\n<meta property=\"article:published_time\" content=\"2017-05-02T11:57:01+00:00\" \/>\n<meta property=\"article:modified_time\" content=\"2022-05-12T07:19:14+00:00\" \/>\n<meta property=\"og:image\" content=\"https:\/\/www.athome.lu\/blog\/wp-content\/uploads\/2017\/05\/bicycle-1280.jpg\" \/>\n\t<meta property=\"og:image:width\" content=\"1279\" \/>\n\t<meta property=\"og:image:height\" content=\"794\" \/>\n\t<meta property=\"og:image:type\" content=\"image\/jpeg\" \/>\n<meta name=\"author\" content=\"Fanny Pimentel\" \/>\n<meta name=\"twitter:card\" content=\"summary_large_image\" \/>\n<meta name=\"twitter:creator\" content=\"@athomelu\" \/>\n<meta name=\"twitter:site\" content=\"@athomelu\" \/>\n<meta name=\"twitter:label1\" content=\"Written by\" \/>\n\t<meta name=\"twitter:data1\" content=\"Fanny Pimentel\" \/>\n\t<meta name=\"twitter:label2\" content=\"Estimated reading time\" \/>\n\t<meta name=\"twitter:data2\" content=\"1 minute\" \/>\n<script type=\"application\/ld+json\" class=\"yoast-schema-graph\">{\"@context\":\"https:\\\/\\\/schema.org\",\"@graph\":[{\"@type\":\"Article\",\"@id\":\"https:\\\/\\\/www.athome.lu\\\/blog\\\/mon-logement\\\/meuble-decoration\\\/comment-ranger-son-velo-dans-un-appartement\\\/#article\",\"isPartOf\":{\"@id\":\"https:\\\/\\\/www.athome.lu\\\/blog\\\/mon-logement\\\/meuble-decoration\\\/comment-ranger-son-velo-dans-un-appartement\\\/\"},\"author\":{\"name\":\"Fanny Pimentel\",\"@id\":\"https:\\\/\\\/www.athome.lu\\\/blog\\\/#\\\/schema\\\/person\\\/47f7a38089f837e792876ceddc4cb2dc\"},\"headline\":\"Comment ranger son v\u00e9lo dans un appartement\u00a0?\",\"datePublished\":\"2017-05-02T11:57:01+00:00\",\"dateModified\":\"2022-05-12T07:19:14+00:00\",\"mainEntityOfPage\":{\"@id\":\"https:\\\/\\\/www.athome.lu\\\/blog\\\/mon-logement\\\/meuble-decoration\\\/comment-ranger-son-velo-dans-un-appartement\\\/\"},\"wordCount\":118,\"image\":{\"@id\":\"https:\\\/\\\/www.athome.lu\\\/blog\\\/mon-logement\\\/meuble-decoration\\\/comment-ranger-son-velo-dans-un-appartement\\\/#primaryimage\"},\"thumbnailUrl\":\"https:\\\/\\\/www.athome.lu\\\/blog\\\/wp-content\\\/uploads\\\/2017\\\/05\\\/bicycle-1280.jpg\",\"keywords\":[\"Ameublement\"],\"articleSection\":[\"Meubler et D\u00e9corer\"],\"inLanguage\":\"en-GB\"},{\"@type\":\"WebPage\",\"@id\":\"https:\\\/\\\/www.athome.lu\\\/blog\\\/mon-logement\\\/meuble-decoration\\\/comment-ranger-son-velo-dans-un-appartement\\\/\",\"url\":\"https:\\\/\\\/www.athome.lu\\\/blog\\\/mon-logement\\\/meuble-decoration\\\/comment-ranger-son-velo-dans-un-appartement\\\/\",\"name\":\"\u25b7 Comment Ranger son V\u00e9lo dans un Appartement | atHome\",\"isPartOf\":{\"@id\":\"https:\\\/\\\/www.athome.lu\\\/blog\\\/#website\"},\"primaryImageOfPage\":{\"@id\":\"https:\\\/\\\/www.athome.lu\\\/blog\\\/mon-logement\\\/meuble-decoration\\\/comment-ranger-son-velo-dans-un-appartement\\\/#primaryimage\"},\"image\":{\"@id\":\"https:\\\/\\\/www.athome.lu\\\/blog\\\/mon-logement\\\/meuble-decoration\\\/comment-ranger-son-velo-dans-un-appartement\\\/#primaryimage\"},\"thumbnailUrl\":\"https:\\\/\\\/www.athome.lu\\\/blog\\\/wp-content\\\/uploads\\\/2017\\\/05\\\/bicycle-1280.jpg\",\"datePublished\":\"2017-05-02T11:57:01+00:00\",\"dateModified\":\"2022-05-12T07:19:14+00:00\",\"author\":{\"@id\":\"https:\\\/\\\/www.athome.lu\\\/blog\\\/#\\\/schema\\\/person\\\/47f7a38089f837e792876ceddc4cb2dc\"},\"description\":\"Quand on habite en ville, et plus particuli\u00e8rement dans un appartement, il n\u2019est pas du tout simple de trouver un rangement pour son v\u00e9lo.\",\"breadcrumb\":{\"@id\":\"https:\\\/\\\/www.athome.lu\\\/blog\\\/mon-logement\\\/meuble-decoration\\\/comment-ranger-son-velo-dans-un-appartement\\\/#breadcrumb\"},\"inLanguage\":\"en-GB\",\"potentialAction\":[{\"@type\":\"ReadAction\",\"target\":[\"https:\\\/\\\/www.athome.lu\\\/blog\\\/mon-logement\\\/meuble-decoration\\\/comment-ranger-son-velo-dans-un-appartement\\\/\"]}]},{\"@type\":\"ImageObject\",\"inLanguage\":\"en-GB\",\"@id\":\"https:\\\/\\\/www.athome.lu\\\/blog\\\/mon-logement\\\/meuble-decoration\\\/comment-ranger-son-velo-dans-un-appartement\\\/#primaryimage\",\"url\":\"https:\\\/\\\/www.athome.lu\\\/blog\\\/wp-content\\\/uploads\\\/2017\\\/05\\\/bicycle-1280.jpg\",\"contentUrl\":\"https:\\\/\\\/www.athome.lu\\\/blog\\\/wp-content\\\/uploads\\\/2017\\\/05\\\/bicycle-1280.jpg\",\"width\":1279,\"height\":794,\"caption\":\"Rangement v\u00e9lo\"},{\"@type\":\"BreadcrumbList\",\"@id\":\"https:\\\/\\\/www.athome.lu\\\/blog\\\/mon-logement\\\/meuble-decoration\\\/comment-ranger-son-velo-dans-un-appartement\\\/#breadcrumb\",\"itemListElement\":[{\"@type\":\"ListItem\",\"position\":1,\"name\":\"Accueil\",\"item\":\"https:\\\/\\\/www.athome.lu\\\/blog\\\/\"},{\"@type\":\"ListItem\",\"position\":2,\"name\":\"Mon logement\",\"item\":\"https:\\\/\\\/www.athome.lu\\\/blog\\\/de\\\/category\\\/mein-haus\\\/\"},{\"@type\":\"ListItem\",\"position\":3,\"name\":\"Meubler et D\u00e9corer\",\"item\":\"https:\\\/\\\/www.athome.lu\\\/blog\\\/de\\\/category\\\/mein-haus\\\/deko-mobel\\\/\"},{\"@type\":\"ListItem\",\"position\":4,\"name\":\"Comment ranger son v\u00e9lo dans un appartement\u00a0?\"}]},{\"@type\":\"WebSite\",\"@id\":\"https:\\\/\\\/www.athome.lu\\\/blog\\\/#website\",\"url\":\"https:\\\/\\\/www.athome.lu\\\/blog\\\/\",\"name\":\"atHome Blog\",\"description\":\"Annonces immobili\u00e8res au Luxembourg. Le portail immobilier n\u00b01 au Luxembourg.\",\"potentialAction\":[{\"@type\":\"SearchAction\",\"target\":{\"@type\":\"EntryPoint\",\"urlTemplate\":\"https:\\\/\\\/www.athome.lu\\\/blog\\\/?s={search_term_string}\"},\"query-input\":{\"@type\":\"PropertyValueSpecification\",\"valueRequired\":true,\"valueName\":\"search_term_string\"}}],\"inLanguage\":\"en-GB\"},{\"@type\":\"Person\",\"@id\":\"https:\\\/\\\/www.athome.lu\\\/blog\\\/#\\\/schema\\\/person\\\/47f7a38089f837e792876ceddc4cb2dc\",\"name\":\"Fanny Pimentel\",\"image\":{\"@type\":\"ImageObject\",\"inLanguage\":\"en-GB\",\"@id\":\"https:\\\/\\\/secure.gravatar.com\\\/avatar\\\/c60b27b93851dc9503f9cc9150e73dcb0a86ba6150657e5e4b11d988400bc633?s=96&d=mm&r=g\",\"url\":\"https:\\\/\\\/secure.gravatar.com\\\/avatar\\\/c60b27b93851dc9503f9cc9150e73dcb0a86ba6150657e5e4b11d988400bc633?s=96&d=mm&r=g\",\"contentUrl\":\"https:\\\/\\\/secure.gravatar.com\\\/avatar\\\/c60b27b93851dc9503f9cc9150e73dcb0a86ba6150657e5e4b11d988400bc633?s=96&d=mm&r=g\",\"caption\":\"Fanny Pimentel\"}}]}<\/script>\n<!-- \/ Yoast SEO plugin. -->","yoast_head_json":{"title":"\u25b7 How to Store Your Bike in an Apartment | atHome","description":"When you live in the city, especially in a flat, it is not easy to find storage for your bike.","robots":{"index":"index","follow":"follow","max-snippet":"max-snippet:-1","max-image-preview":"max-image-preview:large","max-video-preview":"max-video-preview:-1"},"canonical":"https:\/\/www.athome.lu\/blog\/en\/my-home\/decoration-2\/how-to-put-a-bike-in-an-apartment\/","og_locale":"en_GB","og_type":"article","og_title":"\u25b7 Comment Ranger son V\u00e9lo dans un Appartement | atHome","og_description":"Quand on habite en ville, et plus particuli\u00e8rement dans un appartement, il n\u2019est pas du tout simple de trouver un rangement pour son v\u00e9lo.","og_url":"https:\/\/www.athome.lu\/blog\/en\/my-home\/decoration-2\/how-to-put-a-bike-in-an-apartment\/","og_site_name":"atHome Blog","article_publisher":"https:\/\/www.facebook.com\/atHome.lu\/","article_published_time":"2017-05-02T11:57:01+00:00","article_modified_time":"2022-05-12T07:19:14+00:00","og_image":[{"width":1279,"height":794,"url":"https:\/\/www.athome.lu\/blog\/wp-content\/uploads\/2017\/05\/bicycle-1280.jpg","type":"image\/jpeg"}],"author":"Fanny Pimentel","twitter_card":"summary_large_image","twitter_creator":"@athomelu","twitter_site":"@athomelu","twitter_misc":{"Written by":"Fanny Pimentel","Estimated reading time":"1 minute"},"schema":{"@context":"https:\/\/schema.org","@graph":[{"@type":"Article","@id":"https:\/\/www.athome.lu\/blog\/mon-logement\/meuble-decoration\/comment-ranger-son-velo-dans-un-appartement\/#article","isPartOf":{"@id":"https:\/\/www.athome.lu\/blog\/mon-logement\/meuble-decoration\/comment-ranger-son-velo-dans-un-appartement\/"},"author":{"name":"Fanny Pimentel","@id":"https:\/\/www.athome.lu\/blog\/#\/schema\/person\/47f7a38089f837e792876ceddc4cb2dc"},"headline":"Comment ranger son v\u00e9lo dans un appartement\u00a0?","datePublished":"2017-05-02T11:57:01+00:00","dateModified":"2022-05-12T07:19:14+00:00","mainEntityOfPage":{"@id":"https:\/\/www.athome.lu\/blog\/mon-logement\/meuble-decoration\/comment-ranger-son-velo-dans-un-appartement\/"},"wordCount":118,"image":{"@id":"https:\/\/www.athome.lu\/blog\/mon-logement\/meuble-decoration\/comment-ranger-son-velo-dans-un-appartement\/#primaryimage"},"thumbnailUrl":"https:\/\/www.athome.lu\/blog\/wp-content\/uploads\/2017\/05\/bicycle-1280.jpg","keywords":["Ameublement"],"articleSection":["Meubler et D\u00e9corer"],"inLanguage":"en-GB"},{"@type":"WebPage","@id":"https:\/\/www.athome.lu\/blog\/mon-logement\/meuble-decoration\/comment-ranger-son-velo-dans-un-appartement\/","url":"https:\/\/www.athome.lu\/blog\/mon-logement\/meuble-decoration\/comment-ranger-son-velo-dans-un-appartement\/","name":"\u25b7 How to Store Your Bike in an Apartment | atHome","isPartOf":{"@id":"https:\/\/www.athome.lu\/blog\/#website"},"primaryImageOfPage":{"@id":"https:\/\/www.athome.lu\/blog\/mon-logement\/meuble-decoration\/comment-ranger-son-velo-dans-un-appartement\/#primaryimage"},"image":{"@id":"https:\/\/www.athome.lu\/blog\/mon-logement\/meuble-decoration\/comment-ranger-son-velo-dans-un-appartement\/#primaryimage"},"thumbnailUrl":"https:\/\/www.athome.lu\/blog\/wp-content\/uploads\/2017\/05\/bicycle-1280.jpg","datePublished":"2017-05-02T11:57:01+00:00","dateModified":"2022-05-12T07:19:14+00:00","author":{"@id":"https:\/\/www.athome.lu\/blog\/#\/schema\/person\/47f7a38089f837e792876ceddc4cb2dc"},"description":"When you live in the city, especially in a flat, it is not easy to find storage for your bike.","breadcrumb":{"@id":"https:\/\/www.athome.lu\/blog\/mon-logement\/meuble-decoration\/comment-ranger-son-velo-dans-un-appartement\/#breadcrumb"},"inLanguage":"en-GB","potentialAction":[{"@type":"ReadAction","target":["https:\/\/www.athome.lu\/blog\/mon-logement\/meuble-decoration\/comment-ranger-son-velo-dans-un-appartement\/"]}]},{"@type":"ImageObject","inLanguage":"en-GB","@id":"https:\/\/www.athome.lu\/blog\/mon-logement\/meuble-decoration\/comment-ranger-son-velo-dans-un-appartement\/#primaryimage","url":"https:\/\/www.athome.lu\/blog\/wp-content\/uploads\/2017\/05\/bicycle-1280.jpg","contentUrl":"https:\/\/www.athome.lu\/blog\/wp-content\/uploads\/2017\/05\/bicycle-1280.jpg","width":1279,"height":794,"caption":"Rangement v\u00e9lo"},{"@type":"BreadcrumbList","@id":"https:\/\/www.athome.lu\/blog\/mon-logement\/meuble-decoration\/comment-ranger-son-velo-dans-un-appartement\/#breadcrumb","itemListElement":[{"@type":"ListItem","position":1,"name":"Accueil","item":"https:\/\/www.athome.lu\/blog\/"},{"@type":"ListItem","position":2,"name":"Mon logement","item":"https:\/\/www.athome.lu\/blog\/de\/category\/mein-haus\/"},{"@type":"ListItem","position":3,"name":"Meubler et D\u00e9corer","item":"https:\/\/www.athome.lu\/blog\/de\/category\/mein-haus\/deko-mobel\/"},{"@type":"ListItem","position":4,"name":"Comment ranger son v\u00e9lo dans un appartement\u00a0?"}]},{"@type":"WebSite","@id":"https:\/\/www.athome.lu\/blog\/#website","url":"https:\/\/www.athome.lu\/blog\/","name":"atHome Blog","description":"Real estate ads in Luxembourg. The n\u00b01 real estate portal in Luxembourg.","potentialAction":[{"@type":"SearchAction","target":{"@type":"EntryPoint","urlTemplate":"https:\/\/www.athome.lu\/blog\/?s={search_term_string}"},"query-input":{"@type":"PropertyValueSpecification","valueRequired":true,"valueName":"search_term_string"}}],"inLanguage":"en-GB"},{"@type":"Person","@id":"https:\/\/www.athome.lu\/blog\/#\/schema\/person\/47f7a38089f837e792876ceddc4cb2dc","name":"Fanny Pimentel","image":{"@type":"ImageObject","inLanguage":"en-GB","@id":"https:\/\/secure.gravatar.com\/avatar\/c60b27b93851dc9503f9cc9150e73dcb0a86ba6150657e5e4b11d988400bc633?s=96&d=mm&r=g","url":"https:\/\/secure.gravatar.com\/avatar\/c60b27b93851dc9503f9cc9150e73dcb0a86ba6150657e5e4b11d988400bc633?s=96&d=mm&r=g","contentUrl":"https:\/\/secure.gravatar.com\/avatar\/c60b27b93851dc9503f9cc9150e73dcb0a86ba6150657e5e4b11d988400bc633?s=96&d=mm&r=g","caption":"Fanny Pimentel"}}]}},"featured_media_src_url":"https:\/\/www.athome.lu\/blog\/wp-content\/uploads\/2017\/05\/bicycle-1280-1024x636.jpg","_links":{"self":[{"href":"https:\/\/www.athome.lu\/blog\/en\/wp-json\/wp\/v2\/posts\/9539","targetHints":{"allow":["GET"]}}],"collection":[{"href":"https:\/\/www.athome.lu\/blog\/en\/wp-json\/wp\/v2\/posts"}],"about":[{"href":"https:\/\/www.athome.lu\/blog\/en\/wp-json\/wp\/v2\/types\/post"}],"author":[{"embeddable":true,"href":"https:\/\/www.athome.lu\/blog\/en\/wp-json\/wp\/v2\/users\/17"}],"replies":[{"embeddable":true,"href":"https:\/\/www.athome.lu\/blog\/en\/wp-json\/wp\/v2\/comments?post=9539"}],"version-history":[{"count":2,"href":"https:\/\/www.athome.lu\/blog\/en\/wp-json\/wp\/v2\/posts\/9539\/revisions"}],"predecessor-version":[{"id":15283,"href":"https:\/\/www.athome.lu\/blog\/en\/wp-json\/wp\/v2\/posts\/9539\/revisions\/15283"}],"wp:featuredmedia":[{"embeddable":true,"href":"https:\/\/www.athome.lu\/blog\/en\/wp-json\/wp\/v2\/media\/9546"}],"wp:attachment":[{"href":"https:\/\/www.athome.lu\/blog\/en\/wp-json\/wp\/v2\/media?parent=9539"}],"wp:term":[{"taxonomy":"category","embeddable":true,"href":"https:\/\/www.athome.lu\/blog\/en\/wp-json\/wp\/v2\/categories?post=9539"},{"taxonomy":"post_tag","embeddable":true,"href":"https:\/\/www.athome.lu\/blog\/en\/wp-json\/wp\/v2\/tags?post=9539"}],"curies":[{"name":"wp","href":"https:\/\/api.w.org\/{rel}","templated":true}]}}