{"id":10007,"date":"2017-08-09T09:26:47","date_gmt":"2017-08-09T08:26:47","guid":{"rendered":"https:\/\/www.athome.lu\/blog\/?p=10007"},"modified":"2022-05-12T09:05:47","modified_gmt":"2022-05-12T07:05:47","slug":"kayl-la-commune-sudiste-regarde-vers-le-nord","status":"publish","type":"post","link":"https:\/\/www.athome.lu\/blog\/marche-immobilier\/villes\/kayl-la-commune-sudiste-regarde-vers-le-nord\/","title":{"rendered":"Kayl, la commune sudiste regarde vers le nord"},"content":{"rendered":"\n<p><span style=\"color: #000000;\">Le d\u00e9veloppement de la commune de Kayl s\u2019articule autour du nouveau quartier de Kayl Nord (Toussaintsmillen) o\u00f9 700 logements seront construits dans le futur.&nbsp;D\u00e8s \u00e0 pr\u00e9sent, la commune se pr\u00e9pare \u00e0 accueillir ces nouveaux arrivants en am\u00e9liorant ses infrastructures.<\/span><\/p>\n\n\n\n<p><span style=\"color: #000000;\">Situ\u00e9e au sud du Grand-Duch\u00e9 de Luxembourg, dans cette r\u00e9gion que l\u2019on appelle depuis plus de cent ans \"Le Bassin minier\", la Commune de Kayl est en plein renouveau. Situ\u00e9e \u00e0 la fronti\u00e8re fran\u00e7aise, son territoire est d\u00e9limit\u00e9 par les Communes de Rumelange, d'Esch\/Alzette, de Schifflange, de Bettembourg de Dudelange, de Volmerange-les Mines et d\u2019Ottange. Cette position centrale entre les principaux p\u00f4les du sud du pays lui assure aujourd\u2019hui une force d\u2019attraction grandissante pour les personnes \u00e0 la recherche d\u2019une petite commune tourn\u00e9e vers l\u2019avenir.<\/span><\/p>\n\n\n\n<p><span style=\"color: #000000;\">Si le de\u0301clin de l\u2019industrie de l\u2019acier dans les anne\u0301es 60 et 70, surtout \u00e0 T\u00e9tange, avait men\u00e9 \u00e0 une perte d\u2019emplois et \u00e0 une diminution du nombre d\u2019habitants, c\u2019est d\u00e9sormais de l\u2019histoire ancienne. Aujourd\u2019hui, Kayl est un lieu de re\u0301sidence tre\u0300s attrayant avec pr\u00e8s de 9.000 habitants, un bon re\u0301seau routier et une infrastructure tre\u0300s moderne. \u00ab&nbsp;Nous recensions 8.776 habitants au 15 septembre 2016, dont 5.034 pour Kayl et 3.742 \u00e0 T\u00e9tange&nbsp;\u00bb, compte John Lorent, le bourgmestre de la commune. Des chiffres en constante augmentation.<\/span><\/p>\n\n\n\n<h2 class=\"wp-block-heading\"><span style=\"color: #000000;\"><strong>700 nouveaux logements dans les cartons<\/strong><\/span><\/h2>\n\n\n\n<div class=\"wp-block-image\"><figure class=\"aligncenter\"><img loading=\"lazy\" decoding=\"async\" width=\"1024\" height=\"626\" src=\"https:\/\/www.athome.lu\/blog\/blog\/wp-content\/uploads\/2017\/08\/kayl3-1024x626.jpg\" alt=\"Immobilier \u00e0 Kayl\" class=\"wp-image-10008\" srcset=\"https:\/\/www.athome.lu\/blog\/wp-content\/uploads\/2017\/08\/kayl3-1024x626.jpg 1024w, https:\/\/www.athome.lu\/blog\/wp-content\/uploads\/2017\/08\/kayl3-300x183.jpg 300w, https:\/\/www.athome.lu\/blog\/wp-content\/uploads\/2017\/08\/kayl3-768x469.jpg 768w, https:\/\/www.athome.lu\/blog\/wp-content\/uploads\/2017\/08\/kayl3-18x12.jpg 18w, https:\/\/www.athome.lu\/blog\/wp-content\/uploads\/2017\/08\/kayl3.jpg 1280w\" sizes=\"auto, (max-width: 1024px) 100vw, 1024px\" \/><\/figure><\/div>\n\n\n\n<p><span style=\"color: #000000;\">Pour assurer son d\u00e9veloppement harmonieux dans les ann\u00e9es \u00e0 venir, la commune vient de lancer la mise en production de son Plan d\u2019Am\u00e9nagement G\u00e9n\u00e9ral (PAG). Dans les cartons depuis 2014, il pr\u00e9voit une extension urbanistique importante au nord de la commune. \u00ab Ce plan a permis le reclassement de certaines zones et tous les regards se tournent d\u00e9sormais vers le nouveau quartier de Kayl Nord (Toussaintsmillen) o\u00f9 700 nouveaux logements seront construits dans le futur.&nbsp;\u00bb Pour l\u2019heure, le projet en est \u00e0 ses d\u00e9buts. Un am\u00e9nagement progressif, par secteur, est pr\u00e9vu. \u00ab&nbsp;Tout d\u00e9pend notamment de la bonne volont\u00e9 des propri\u00e9taires terriens d\u2019avancer avec nous dans ce projet ambitieux, sur base du Plan d\u2019am\u00e9nagement particulier (PAP)&nbsp;\u00bb, poursuit le bourgmestre. A terme, ce sont environ 1500 r\u00e9sidents qui devraient rejoindre la commune et contribuer \u00e0 son essor. Cette large zone comprise entre la rue de Schifflange, la rue de Noertzange \u00e0 l\u2019est et la collectrice du sud au nord devrait accueillir appartements et maisons unifamiliales, avec un minimum de 30% de logements \u00e0 loyer mod\u00e9r\u00e9<\/span><\/p>\n\n\n\n<p><span style=\"color: #000000;\">Sur la plan \u00e9conomique et de l\u2019emploi, la commune est id\u00e9alement situ\u00e9e \u00e0 mi-chemin entre Dudelange et Esch-sur-Alzette. \u00ab&nbsp;Nous disposons par ailleurs d\u2019une liaison directe en bus vers la capitale via la ligne RGTR 197&nbsp;\u00bb, pr\u00e9cise John Lorent, dont l\u2019objectif est d\u2019accro\u00eetre l\u2019attractivit\u00e9 de sa commune. \u00ab&nbsp;Une zone artisanale et commerciale va voir le jour entre T\u00e9tange et Rumelange, sur le site de l\u2019ancien crassier de l\u2019usine, \u00e0 l\u2019abandon. Jusqu\u2019\u00e0 pr\u00e9sent, nous manquions de place pour ce type d\u2019activit\u00e9s. Cette zone devrait attirer de nouveaux commerces et petits artisans de la r\u00e9gion.&nbsp;\u00bb<\/span><\/p>\n\n\n\n<h2 class=\"wp-block-heading\"><span style=\"color: #000000;\"><strong>Restructuration de l\u2019offre scolaire<\/strong><\/span><\/h2>\n\n\n\n<div class=\"wp-block-image\"><figure class=\"aligncenter\"><img loading=\"lazy\" decoding=\"async\" width=\"1024\" height=\"642\" src=\"https:\/\/www.athome.lu\/blog\/blog\/wp-content\/uploads\/2017\/08\/kayl-1024x642.jpg\" alt=\"Infrastructures \u00e0 Kayl\" class=\"wp-image-10009\" srcset=\"https:\/\/www.athome.lu\/blog\/wp-content\/uploads\/2017\/08\/kayl-1024x642.jpg 1024w, https:\/\/www.athome.lu\/blog\/wp-content\/uploads\/2017\/08\/kayl-300x188.jpg 300w, https:\/\/www.athome.lu\/blog\/wp-content\/uploads\/2017\/08\/kayl-768x481.jpg 768w, https:\/\/www.athome.lu\/blog\/wp-content\/uploads\/2017\/08\/kayl-18x12.jpg 18w, https:\/\/www.athome.lu\/blog\/wp-content\/uploads\/2017\/08\/kayl.jpg 1280w\" sizes=\"auto, (max-width: 1024px) 100vw, 1024px\" \/><\/figure><\/div>\n\n\n\n<p><span style=\"color: #000000;\">Ces derni\u00e8res ann\u00e9es, la commune de Kayl a concentr\u00e9 une grande partie de ses efforts dans les \u00e9coles et les infrastructures scolaires. La nouvelle maison-relais, sur le site du campus \u00ab\u00a0Um Widdem\u00a0\u00bb, est en cours de construction et devrait ouvrir ses portes \u00e0 la rentr\u00e9e 2017. \u00ab\u00a0Plus de 200 enfants, du pr\u00e9scolaire au primaire, pourront y \u00eatre accueillis dans d\u2019excellentes conditions\u00a0\u00bb, pr\u00e9cise le bourgmestre. \u00ab\u00a0La jeunesse est une de nos priorit\u00e9s. Une nouvelle \u00e9cole et une piscine d\u2019apprentissage vont prendre place sur le site de l\u2019ancienne \u00e9cole du Faubourg. Nous avons \u00e9galement beaucoup travaill\u00e9 \u00e0 la r\u00e9installation d\u2019\u00e9coles de quartier. Nos pr\u00e9d\u00e9cesseurs \u00e0 la t\u00eate de la commune avaient voulu centraliser l\u2019offre scolaire, mais cela engendre de nombreux probl\u00e8mes de trafic. A l\u2019inverse, nous voulons rapprocher les \u00e9coles des quartiers, r\u00e9duire les d\u00e9placements et offrir un meilleur cadre de vie \u00e0 tous, parents et enfants.\u00a0\u00bb Prochainement, en collaboration avec le priv\u00e9, la commune disposera \u00e9galement d\u2019un centre m\u00e9dical de proximit\u00e9. Il sera install\u00e9 rue Neuve, non loin du Cactus.<\/span><\/p>\n\n\n<section id=\"section-3-14695\" class=\" ct-section\" ><div class=\"ct-section-inner-wrap\"><div id=\"div_block-4-14695\" class=\"ct-div-block\" ><div id=\"new_columns-7-14695\" class=\"ct-new-columns\" ><div id=\"div_block-8-14695\" class=\"ct-div-block\" ><div id=\"div_block-14-14695\" class=\"ct-div-block\" ><\/div><\/div><div id=\"div_block-9-14695\" class=\"ct-div-block\" ><h1 id=\"headline-11-14695\" class=\"ct-headline\">Quels sont les prix de l'immobilier en ce moment ?<\/h1><div id=\"text_block-12-14695\" class=\"ct-text-block\" >Les prix ralentissent. Les taux d'int\u00e9r\u00eat augmentent. Quelles tendances pour les mois \u00e0 venir ?<\/div><a id=\"link_button-13-14695\" class=\"ct-link-button\" href=\"https:\/\/www.athome.lu\/blog\/blog\/marche-immobilier\/prix\/tendances-2022\/\" target=\"_blank\"  >Lire l'analyse<\/a><\/div><\/div><\/div><\/div><\/section>\n\n\n<h2 class=\"wp-block-heading\"><span style=\"color: #000000;\"><strong>Entre nature, histoire et culture<\/strong><\/span><\/h2>\n\n\n\n<div class=\"wp-block-image\"><figure class=\"aligncenter\"><img loading=\"lazy\" decoding=\"async\" width=\"1024\" height=\"682\" src=\"https:\/\/www.athome.lu\/blog\/blog\/wp-content\/uploads\/2017\/08\/kayl4-1024x682.jpg\" alt=\"Paysage Kayl\" class=\"wp-image-10013\" srcset=\"https:\/\/www.athome.lu\/blog\/wp-content\/uploads\/2017\/08\/kayl4-1024x682.jpg 1024w, https:\/\/www.athome.lu\/blog\/wp-content\/uploads\/2017\/08\/kayl4-300x200.jpg 300w, https:\/\/www.athome.lu\/blog\/wp-content\/uploads\/2017\/08\/kayl4-768x512.jpg 768w, https:\/\/www.athome.lu\/blog\/wp-content\/uploads\/2017\/08\/kayl4-18x12.jpg 18w, https:\/\/www.athome.lu\/blog\/wp-content\/uploads\/2017\/08\/kayl4.jpg 1280w\" sizes=\"auto, (max-width: 1024px) 100vw, 1024px\" \/><\/figure><\/div>\n\n\n\n<p><span style=\"color: #000000;\">Avec la cessation de l'activit\u00e9 mini\u00e8re en 1978, le paysage de la commune porte encore quelques stigmates de l'activit\u00e9 humaine. Mais la nature a t\u00f4t fait de r\u00e9parer en tout ou en partie ces blessures. Le territoire d\u00e9laiss\u00e9 est devenu, du fait de la pr\u00e9sence d'esp\u00e8ces pionni\u00e8res de toutes sortes, un espace digne d'une protection pouss\u00e9e. Ainsi, le Parc naturel \"Haard\" \u00e0 l'est invite les habitants \u00e0 la d\u00e9tente en respect avec la nature. Un nouvel espace de r\u00e9serve naturelle se d\u00e9veloppe \u00e9galement au nord-ouest avec la mise sous protection de la zone \"Lall\u00e9ngerbierg\" et \"Brucherbierg\" (Communes de Schifflange, d'Esch\/Alzette et de Kayl).<\/span><\/p>\n\n\n\n<p><span style=\"color: #000000;\">S'y ajoute, en tant qu'endroit tr\u00e8s remarquable, la zone situ\u00e9e pr\u00e8s du Monument national des mineurs et appel\u00e9e \"L\u00e9iffr\u00e4chen\" avec son impressionnant front de taille permettant de retracer 170 millions d'histoire g\u00e9ologique du bassin de Paris.<\/span><\/p>\n\n\n\n<p><span style=\"color: #000000;\">Les amateurs de nature et d'histoire industrielle prendront donc un immense plaisir \u00e0 visiter la Commune de Kayl. De tr\u00e8s nombreuses associations locales contribuent pour leur part \u00e0 la qualit\u00e9 et \u00e0 la diversit\u00e9 de l\u2019offre culturelle et de loisirs, pour les petits comme pour les grands.<\/span><\/p>\n","protected":false},"excerpt":{"rendered":"<p>Le d\u00e9veloppement de la commune de Kayl s\u2019articule autour du nouveau quartier de Kayl Nord (Toussaintsmillen) o\u00f9 700 logements seront construits dans le futur.&nbsp;D\u00e8s \u00e0 pr\u00e9sent, la commune se pr\u00e9pare \u00e0 accueillir ces nouveaux arrivants en am\u00e9liorant ses infrastructures. Situ\u00e9e au sud du Grand-Duch\u00e9 de Luxembourg, dans cette r\u00e9gion que l\u2019on appelle depuis plus de [&hellip;]<\/p>\n","protected":false},"author":17,"featured_media":10010,"comment_status":"closed","ping_status":"open","sticky":false,"template":"","format":"standard","meta":{"_acf_changed":false,"footnotes":""},"categories":[218],"tags":[98,90],"class_list":["post-10007","post","type-post","status-publish","format-standard","has-post-thumbnail","hentry","category-villes","tag-sud","tag-vie-quotidienne"],"acf":[],"yoast_head":"<!-- This site is optimized with the Yoast SEO plugin v27.4 - https:\/\/yoast.com\/product\/yoast-seo-wordpress\/ -->\n<title>Kayl, la commune sudiste regarde vers le nord | atHome<\/title>\n<meta name=\"description\" content=\"Le d\u00e9veloppement de la commune de Kayl s\u2019articule autour du nouveau quartier de Kayl Nord o\u00f9 700 logements seront construits dans le futur.\" \/>\n<meta name=\"robots\" content=\"index, follow, max-snippet:-1, max-image-preview:large, max-video-preview:-1\" \/>\n<link rel=\"canonical\" href=\"https:\/\/www.athome.lu\/blog\/marche-immobilier\/villes\/kayl-la-commune-sudiste-regarde-vers-le-nord\/\" \/>\n<meta property=\"og:locale\" content=\"fr_FR\" \/>\n<meta property=\"og:type\" content=\"article\" \/>\n<meta property=\"og:title\" content=\"Kayl, la commune sudiste regarde vers le nord | atHome\" \/>\n<meta property=\"og:description\" content=\"Le d\u00e9veloppement de la commune de Kayl s\u2019articule autour du nouveau quartier de Kayl Nord o\u00f9 700 logements seront construits dans le futur.\" \/>\n<meta property=\"og:url\" content=\"https:\/\/www.athome.lu\/blog\/marche-immobilier\/villes\/kayl-la-commune-sudiste-regarde-vers-le-nord\/\" \/>\n<meta property=\"og:site_name\" content=\"atHome Blog\" \/>\n<meta property=\"article:publisher\" content=\"https:\/\/www.facebook.com\/atHome.lu\/\" \/>\n<meta property=\"article:published_time\" content=\"2017-08-09T08:26:47+00:00\" \/>\n<meta property=\"article:modified_time\" content=\"2022-05-12T07:05:47+00:00\" \/>\n<meta property=\"og:image\" content=\"https:\/\/www.athome.lu\/blog\/wp-content\/uploads\/2017\/08\/kayl2.jpg\" \/>\n\t<meta property=\"og:image:width\" content=\"1280\" \/>\n\t<meta property=\"og:image:height\" content=\"800\" \/>\n\t<meta property=\"og:image:type\" content=\"image\/jpeg\" \/>\n<meta name=\"author\" content=\"Fanny Pimentel\" \/>\n<meta name=\"twitter:card\" content=\"summary_large_image\" \/>\n<meta name=\"twitter:creator\" content=\"@athomelu\" \/>\n<meta name=\"twitter:site\" content=\"@athomelu\" \/>\n<meta name=\"twitter:label1\" content=\"\u00c9crit par\" \/>\n\t<meta name=\"twitter:data1\" content=\"Fanny Pimentel\" \/>\n\t<meta name=\"twitter:label2\" content=\"Dur\u00e9e de lecture estim\u00e9e\" \/>\n\t<meta name=\"twitter:data2\" content=\"5 minutes\" \/>\n<script type=\"application\/ld+json\" class=\"yoast-schema-graph\">{\"@context\":\"https:\\\/\\\/schema.org\",\"@graph\":[{\"@type\":\"Article\",\"@id\":\"https:\\\/\\\/www.athome.lu\\\/blog\\\/marche-immobilier\\\/villes\\\/kayl-la-commune-sudiste-regarde-vers-le-nord\\\/#article\",\"isPartOf\":{\"@id\":\"https:\\\/\\\/www.athome.lu\\\/blog\\\/marche-immobilier\\\/villes\\\/kayl-la-commune-sudiste-regarde-vers-le-nord\\\/\"},\"author\":{\"name\":\"Fanny Pimentel\",\"@id\":\"https:\\\/\\\/www.athome.lu\\\/blog\\\/#\\\/schema\\\/person\\\/47f7a38089f837e792876ceddc4cb2dc\"},\"headline\":\"Kayl, la commune sudiste regarde vers le nord\",\"datePublished\":\"2017-08-09T08:26:47+00:00\",\"dateModified\":\"2022-05-12T07:05:47+00:00\",\"mainEntityOfPage\":{\"@id\":\"https:\\\/\\\/www.athome.lu\\\/blog\\\/marche-immobilier\\\/villes\\\/kayl-la-commune-sudiste-regarde-vers-le-nord\\\/\"},\"wordCount\":939,\"image\":{\"@id\":\"https:\\\/\\\/www.athome.lu\\\/blog\\\/marche-immobilier\\\/villes\\\/kayl-la-commune-sudiste-regarde-vers-le-nord\\\/#primaryimage\"},\"thumbnailUrl\":\"https:\\\/\\\/www.athome.lu\\\/blog\\\/wp-content\\\/uploads\\\/2017\\\/08\\\/kayl2.jpg\",\"keywords\":[\"Sud\",\"Vie quotidienne\"],\"articleSection\":[\"Villes\"],\"inLanguage\":\"fr-FR\"},{\"@type\":\"WebPage\",\"@id\":\"https:\\\/\\\/www.athome.lu\\\/blog\\\/marche-immobilier\\\/villes\\\/kayl-la-commune-sudiste-regarde-vers-le-nord\\\/\",\"url\":\"https:\\\/\\\/www.athome.lu\\\/blog\\\/marche-immobilier\\\/villes\\\/kayl-la-commune-sudiste-regarde-vers-le-nord\\\/\",\"name\":\"Kayl, la commune sudiste regarde vers le nord | atHome\",\"isPartOf\":{\"@id\":\"https:\\\/\\\/www.athome.lu\\\/blog\\\/#website\"},\"primaryImageOfPage\":{\"@id\":\"https:\\\/\\\/www.athome.lu\\\/blog\\\/marche-immobilier\\\/villes\\\/kayl-la-commune-sudiste-regarde-vers-le-nord\\\/#primaryimage\"},\"image\":{\"@id\":\"https:\\\/\\\/www.athome.lu\\\/blog\\\/marche-immobilier\\\/villes\\\/kayl-la-commune-sudiste-regarde-vers-le-nord\\\/#primaryimage\"},\"thumbnailUrl\":\"https:\\\/\\\/www.athome.lu\\\/blog\\\/wp-content\\\/uploads\\\/2017\\\/08\\\/kayl2.jpg\",\"datePublished\":\"2017-08-09T08:26:47+00:00\",\"dateModified\":\"2022-05-12T07:05:47+00:00\",\"author\":{\"@id\":\"https:\\\/\\\/www.athome.lu\\\/blog\\\/#\\\/schema\\\/person\\\/47f7a38089f837e792876ceddc4cb2dc\"},\"description\":\"Le d\u00e9veloppement de la commune de Kayl s\u2019articule autour du nouveau quartier de Kayl Nord o\u00f9 700 logements seront construits dans le futur.\",\"breadcrumb\":{\"@id\":\"https:\\\/\\\/www.athome.lu\\\/blog\\\/marche-immobilier\\\/villes\\\/kayl-la-commune-sudiste-regarde-vers-le-nord\\\/#breadcrumb\"},\"inLanguage\":\"fr-FR\",\"potentialAction\":[{\"@type\":\"ReadAction\",\"target\":[\"https:\\\/\\\/www.athome.lu\\\/blog\\\/marche-immobilier\\\/villes\\\/kayl-la-commune-sudiste-regarde-vers-le-nord\\\/\"]}]},{\"@type\":\"ImageObject\",\"inLanguage\":\"fr-FR\",\"@id\":\"https:\\\/\\\/www.athome.lu\\\/blog\\\/marche-immobilier\\\/villes\\\/kayl-la-commune-sudiste-regarde-vers-le-nord\\\/#primaryimage\",\"url\":\"https:\\\/\\\/www.athome.lu\\\/blog\\\/wp-content\\\/uploads\\\/2017\\\/08\\\/kayl2.jpg\",\"contentUrl\":\"https:\\\/\\\/www.athome.lu\\\/blog\\\/wp-content\\\/uploads\\\/2017\\\/08\\\/kayl2.jpg\",\"width\":1280,\"height\":800},{\"@type\":\"BreadcrumbList\",\"@id\":\"https:\\\/\\\/www.athome.lu\\\/blog\\\/marche-immobilier\\\/villes\\\/kayl-la-commune-sudiste-regarde-vers-le-nord\\\/#breadcrumb\",\"itemListElement\":[{\"@type\":\"ListItem\",\"position\":1,\"name\":\"Accueil\",\"item\":\"https:\\\/\\\/www.athome.lu\\\/blog\\\/\"},{\"@type\":\"ListItem\",\"position\":2,\"name\":\"March\u00e9 immobilier\",\"item\":\"https:\\\/\\\/www.athome.lu\\\/blog\\\/category\\\/marche-immobilier\\\/\"},{\"@type\":\"ListItem\",\"position\":3,\"name\":\"Villes\",\"item\":\"https:\\\/\\\/www.athome.lu\\\/blog\\\/category\\\/marche-immobilier\\\/villes\\\/\"},{\"@type\":\"ListItem\",\"position\":4,\"name\":\"Kayl, la commune sudiste regarde vers le nord\"}]},{\"@type\":\"WebSite\",\"@id\":\"https:\\\/\\\/www.athome.lu\\\/blog\\\/#website\",\"url\":\"https:\\\/\\\/www.athome.lu\\\/blog\\\/\",\"name\":\"atHome Blog\",\"description\":\"Annonces immobili\u00e8res au Luxembourg. Le portail immobilier n\u00b01 au Luxembourg.\",\"potentialAction\":[{\"@type\":\"SearchAction\",\"target\":{\"@type\":\"EntryPoint\",\"urlTemplate\":\"https:\\\/\\\/www.athome.lu\\\/blog\\\/?s={search_term_string}\"},\"query-input\":{\"@type\":\"PropertyValueSpecification\",\"valueRequired\":true,\"valueName\":\"search_term_string\"}}],\"inLanguage\":\"fr-FR\"},{\"@type\":\"Person\",\"@id\":\"https:\\\/\\\/www.athome.lu\\\/blog\\\/#\\\/schema\\\/person\\\/47f7a38089f837e792876ceddc4cb2dc\",\"name\":\"Fanny Pimentel\",\"image\":{\"@type\":\"ImageObject\",\"inLanguage\":\"fr-FR\",\"@id\":\"https:\\\/\\\/secure.gravatar.com\\\/avatar\\\/c60b27b93851dc9503f9cc9150e73dcb0a86ba6150657e5e4b11d988400bc633?s=96&d=mm&r=g\",\"url\":\"https:\\\/\\\/secure.gravatar.com\\\/avatar\\\/c60b27b93851dc9503f9cc9150e73dcb0a86ba6150657e5e4b11d988400bc633?s=96&d=mm&r=g\",\"contentUrl\":\"https:\\\/\\\/secure.gravatar.com\\\/avatar\\\/c60b27b93851dc9503f9cc9150e73dcb0a86ba6150657e5e4b11d988400bc633?s=96&d=mm&r=g\",\"caption\":\"Fanny Pimentel\"}}]}<\/script>\n<!-- \/ Yoast SEO plugin. -->","yoast_head_json":{"title":"Kayl, la commune sudiste regarde vers le nord | atHome","description":"Le d\u00e9veloppement de la commune de Kayl s\u2019articule autour du nouveau quartier de Kayl Nord o\u00f9 700 logements seront construits dans le futur.","robots":{"index":"index","follow":"follow","max-snippet":"max-snippet:-1","max-image-preview":"max-image-preview:large","max-video-preview":"max-video-preview:-1"},"canonical":"https:\/\/www.athome.lu\/blog\/marche-immobilier\/villes\/kayl-la-commune-sudiste-regarde-vers-le-nord\/","og_locale":"fr_FR","og_type":"article","og_title":"Kayl, la commune sudiste regarde vers le nord | atHome","og_description":"Le d\u00e9veloppement de la commune de Kayl s\u2019articule autour du nouveau quartier de Kayl Nord o\u00f9 700 logements seront construits dans le futur.","og_url":"https:\/\/www.athome.lu\/blog\/marche-immobilier\/villes\/kayl-la-commune-sudiste-regarde-vers-le-nord\/","og_site_name":"atHome Blog","article_publisher":"https:\/\/www.facebook.com\/atHome.lu\/","article_published_time":"2017-08-09T08:26:47+00:00","article_modified_time":"2022-05-12T07:05:47+00:00","og_image":[{"width":1280,"height":800,"url":"https:\/\/www.athome.lu\/blog\/wp-content\/uploads\/2017\/08\/kayl2.jpg","type":"image\/jpeg"}],"author":"Fanny Pimentel","twitter_card":"summary_large_image","twitter_creator":"@athomelu","twitter_site":"@athomelu","twitter_misc":{"\u00c9crit par":"Fanny Pimentel","Dur\u00e9e de lecture estim\u00e9e":"5 minutes"},"schema":{"@context":"https:\/\/schema.org","@graph":[{"@type":"Article","@id":"https:\/\/www.athome.lu\/blog\/marche-immobilier\/villes\/kayl-la-commune-sudiste-regarde-vers-le-nord\/#article","isPartOf":{"@id":"https:\/\/www.athome.lu\/blog\/marche-immobilier\/villes\/kayl-la-commune-sudiste-regarde-vers-le-nord\/"},"author":{"name":"Fanny Pimentel","@id":"https:\/\/www.athome.lu\/blog\/#\/schema\/person\/47f7a38089f837e792876ceddc4cb2dc"},"headline":"Kayl, la commune sudiste regarde vers le nord","datePublished":"2017-08-09T08:26:47+00:00","dateModified":"2022-05-12T07:05:47+00:00","mainEntityOfPage":{"@id":"https:\/\/www.athome.lu\/blog\/marche-immobilier\/villes\/kayl-la-commune-sudiste-regarde-vers-le-nord\/"},"wordCount":939,"image":{"@id":"https:\/\/www.athome.lu\/blog\/marche-immobilier\/villes\/kayl-la-commune-sudiste-regarde-vers-le-nord\/#primaryimage"},"thumbnailUrl":"https:\/\/www.athome.lu\/blog\/wp-content\/uploads\/2017\/08\/kayl2.jpg","keywords":["Sud","Vie quotidienne"],"articleSection":["Villes"],"inLanguage":"fr-FR"},{"@type":"WebPage","@id":"https:\/\/www.athome.lu\/blog\/marche-immobilier\/villes\/kayl-la-commune-sudiste-regarde-vers-le-nord\/","url":"https:\/\/www.athome.lu\/blog\/marche-immobilier\/villes\/kayl-la-commune-sudiste-regarde-vers-le-nord\/","name":"Kayl, la commune sudiste regarde vers le nord | atHome","isPartOf":{"@id":"https:\/\/www.athome.lu\/blog\/#website"},"primaryImageOfPage":{"@id":"https:\/\/www.athome.lu\/blog\/marche-immobilier\/villes\/kayl-la-commune-sudiste-regarde-vers-le-nord\/#primaryimage"},"image":{"@id":"https:\/\/www.athome.lu\/blog\/marche-immobilier\/villes\/kayl-la-commune-sudiste-regarde-vers-le-nord\/#primaryimage"},"thumbnailUrl":"https:\/\/www.athome.lu\/blog\/wp-content\/uploads\/2017\/08\/kayl2.jpg","datePublished":"2017-08-09T08:26:47+00:00","dateModified":"2022-05-12T07:05:47+00:00","author":{"@id":"https:\/\/www.athome.lu\/blog\/#\/schema\/person\/47f7a38089f837e792876ceddc4cb2dc"},"description":"Le d\u00e9veloppement de la commune de Kayl s\u2019articule autour du nouveau quartier de Kayl Nord o\u00f9 700 logements seront construits dans le futur.","breadcrumb":{"@id":"https:\/\/www.athome.lu\/blog\/marche-immobilier\/villes\/kayl-la-commune-sudiste-regarde-vers-le-nord\/#breadcrumb"},"inLanguage":"fr-FR","potentialAction":[{"@type":"ReadAction","target":["https:\/\/www.athome.lu\/blog\/marche-immobilier\/villes\/kayl-la-commune-sudiste-regarde-vers-le-nord\/"]}]},{"@type":"ImageObject","inLanguage":"fr-FR","@id":"https:\/\/www.athome.lu\/blog\/marche-immobilier\/villes\/kayl-la-commune-sudiste-regarde-vers-le-nord\/#primaryimage","url":"https:\/\/www.athome.lu\/blog\/wp-content\/uploads\/2017\/08\/kayl2.jpg","contentUrl":"https:\/\/www.athome.lu\/blog\/wp-content\/uploads\/2017\/08\/kayl2.jpg","width":1280,"height":800},{"@type":"BreadcrumbList","@id":"https:\/\/www.athome.lu\/blog\/marche-immobilier\/villes\/kayl-la-commune-sudiste-regarde-vers-le-nord\/#breadcrumb","itemListElement":[{"@type":"ListItem","position":1,"name":"Accueil","item":"https:\/\/www.athome.lu\/blog\/"},{"@type":"ListItem","position":2,"name":"March\u00e9 immobilier","item":"https:\/\/www.athome.lu\/blog\/category\/marche-immobilier\/"},{"@type":"ListItem","position":3,"name":"Villes","item":"https:\/\/www.athome.lu\/blog\/category\/marche-immobilier\/villes\/"},{"@type":"ListItem","position":4,"name":"Kayl, la commune sudiste regarde vers le nord"}]},{"@type":"WebSite","@id":"https:\/\/www.athome.lu\/blog\/#website","url":"https:\/\/www.athome.lu\/blog\/","name":"atHome Blog","description":"Annonces immobili\u00e8res au Luxembourg. Le portail immobilier n\u00b01 au Luxembourg.","potentialAction":[{"@type":"SearchAction","target":{"@type":"EntryPoint","urlTemplate":"https:\/\/www.athome.lu\/blog\/?s={search_term_string}"},"query-input":{"@type":"PropertyValueSpecification","valueRequired":true,"valueName":"search_term_string"}}],"inLanguage":"fr-FR"},{"@type":"Person","@id":"https:\/\/www.athome.lu\/blog\/#\/schema\/person\/47f7a38089f837e792876ceddc4cb2dc","name":"Fanny Pimentel","image":{"@type":"ImageObject","inLanguage":"fr-FR","@id":"https:\/\/secure.gravatar.com\/avatar\/c60b27b93851dc9503f9cc9150e73dcb0a86ba6150657e5e4b11d988400bc633?s=96&d=mm&r=g","url":"https:\/\/secure.gravatar.com\/avatar\/c60b27b93851dc9503f9cc9150e73dcb0a86ba6150657e5e4b11d988400bc633?s=96&d=mm&r=g","contentUrl":"https:\/\/secure.gravatar.com\/avatar\/c60b27b93851dc9503f9cc9150e73dcb0a86ba6150657e5e4b11d988400bc633?s=96&d=mm&r=g","caption":"Fanny Pimentel"}}]}},"featured_media_src_url":"https:\/\/www.athome.lu\/blog\/wp-content\/uploads\/2017\/08\/kayl2-1024x640.jpg","_links":{"self":[{"href":"https:\/\/www.athome.lu\/blog\/wp-json\/wp\/v2\/posts\/10007","targetHints":{"allow":["GET"]}}],"collection":[{"href":"https:\/\/www.athome.lu\/blog\/wp-json\/wp\/v2\/posts"}],"about":[{"href":"https:\/\/www.athome.lu\/blog\/wp-json\/wp\/v2\/types\/post"}],"author":[{"embeddable":true,"href":"https:\/\/www.athome.lu\/blog\/wp-json\/wp\/v2\/users\/17"}],"replies":[{"embeddable":true,"href":"https:\/\/www.athome.lu\/blog\/wp-json\/wp\/v2\/comments?post=10007"}],"version-history":[{"count":2,"href":"https:\/\/www.athome.lu\/blog\/wp-json\/wp\/v2\/posts\/10007\/revisions"}],"predecessor-version":[{"id":15247,"href":"https:\/\/www.athome.lu\/blog\/wp-json\/wp\/v2\/posts\/10007\/revisions\/15247"}],"wp:featuredmedia":[{"embeddable":true,"href":"https:\/\/www.athome.lu\/blog\/wp-json\/wp\/v2\/media\/10010"}],"wp:attachment":[{"href":"https:\/\/www.athome.lu\/blog\/wp-json\/wp\/v2\/media?parent=10007"}],"wp:term":[{"taxonomy":"category","embeddable":true,"href":"https:\/\/www.athome.lu\/blog\/wp-json\/wp\/v2\/categories?post=10007"},{"taxonomy":"post_tag","embeddable":true,"href":"https:\/\/www.athome.lu\/blog\/wp-json\/wp\/v2\/tags?post=10007"}],"curies":[{"name":"wp","href":"https:\/\/api.w.org\/{rel}","templated":true}]}}