{"id":10094,"date":"2017-08-31T08:17:29","date_gmt":"2017-08-31T07:17:29","guid":{"rendered":"https:\/\/www.athome.lu\/blog\/?p=10094"},"modified":"2022-05-12T09:04:00","modified_gmt":"2022-05-12T07:04:00","slug":"steinsel-la-tranquillite-aux-portes-de-la-capitale","status":"publish","type":"post","link":"https:\/\/www.athome.lu\/blog\/marche-immobilier\/villes\/steinsel-la-tranquillite-aux-portes-de-la-capitale\/","title":{"rendered":"Steinsel, la tranquillit\u00e9 aux portes de la capitale"},"content":{"rendered":"\n<p><span style=\"color: #000000;\">Situ\u00e9e \u00e0 quelques kilom\u00e8tres de Luxembourg-Ville, Steinsel n\u2019en reste pas moins une commune rurale et de taille moyenne o\u00f9 il fait bon vivre. Soucieuse du bien-\u00eatre de ses habitants, elle veille \u00e0 se d\u00e9velopper de mani\u00e8re r\u00e9fl\u00e9chie. <\/span><\/p>\n\n\n\n<p><span style=\"color: #000000;\">Commune pourtant limitrophe de la capitale, Steinsel appara\u00eet d\u2019embl\u00e9e paisible et sereine, loin de toute agitation urbaine. Comprenant trois localit\u00e9s \u2013 Steinsel, Heisdorf et Mullendorf \u2013, la commune accueille quelque 5.300 habitants sur une superficie de pr\u00e8s de 22 km<sup>2<\/sup>. Elle affiche ainsi une densit\u00e9 moyennement forte, au regard des chiffres enregistr\u00e9s par certaines des sept communes voisines, telles que Luxembourg-Ville, Walferdange ou encore Kopstal. Au cours de ces 15 derni\u00e8res ann\u00e9es, la population de la commune a grandi de fa\u00e7on mesur\u00e9e, augmentant d\u2019une cinquantaine de personnes chaque ann\u00e9e. \u00ab&nbsp;<em>S\u2019il reste des terrains \u00e0 b\u00e2tir, des espaces disponibles, notre objectif n\u2019est pas d\u2019attirer le plus de monde et de construire \u00e0 outrance&nbsp;<\/em>\u00bb, pr\u00e9cise d\u2019embl\u00e9e Jean-Pierre Klein, le bourgmestre de Steinsel. Au contraire.<\/span><\/p>\n\n\n\n<p><span style=\"color: #000000;\">La commune, qui modifie actuellement son Plan d\u2019Am\u00e9nagement G\u00e9n\u00e9ral fixant les grands axes de d\u00e9veloppement pour l\u2019avenir, entend pr\u00e9server le cadre harmonieux de ses entit\u00e9s et maintenir une certaine qualit\u00e9 de vie pour ses r\u00e9sidents. Trois grands piliers ont ainsi \u00e9t\u00e9 d\u00e9termin\u00e9s. \u00ab&nbsp;<em>Ils consistent \u00e0 pr\u00e9server le caract\u00e8re rural de la commune, \u00e0 ne pas \u00e9tendre le p\u00e9rim\u00e8tre d\u2019agglom\u00e9ration et \u00e0 r\u00e9server des terrains fonciers pour l\u2019usage public&nbsp;<\/em>\u00bb, explique le bourgmestre. Parmi les projets phares d\u00e9fendus dans ce sens, citons la suppression du passage \u00e0 niveau de Heisdorf et son remplacement par un chemin sous-terrain afin de mieux garantir la s\u00e9curit\u00e9 de tous&nbsp;; l\u2019am\u00e9nagement d\u2019un centre de recyclage au niveau intercommunal ou encore la renaturation du lit de l\u2019Alzette, qui traverse la commune, en collaboration avec le minist\u00e8re de l\u2019Agriculture.<\/span><\/p>\n\n\n\n<h2 class=\"wp-block-heading\"><span style=\"color: #000000;\"><strong>Des projets respectueux<\/strong><\/span><\/h2>\n\n\n\n<p><span style=\"color: #000000;\">Steinsel veille en effet \u00e0 prot\u00e9ger son environnement du mieux possible. La commune renferme plus de 1.200 hectares de for\u00eat, soit plus de la moiti\u00e9 de sa superficie, dont 363 qui appartiennent \u00e0 la commune. Ces zones vertes offrent de multiples chemins de promenade et constituent un v\u00e9ritable poumon vert.&nbsp;\u00ab&nbsp;<em>Nous avons la chance de vivre dans une commune rurale, tout en \u00e9tant proches de la ville. Nous devons pr\u00e9server cette richesse, que les familles, notamment, appr\u00e9cient grandement <\/em>\u00bb, commente Jean-Pierre Klein.<\/span><\/p>\n\n\n\n<div class=\"wp-block-image\"><figure class=\"aligncenter\"><img loading=\"lazy\" decoding=\"async\" width=\"1024\" height=\"682\" src=\"https:\/\/www.athome.lu\/blog\/blog\/wp-content\/uploads\/2017\/08\/steinsel2-1024x682.jpg\" alt=\"Immobilier neuf \u00e0 Steinsel\" class=\"wp-image-10096\" srcset=\"https:\/\/www.athome.lu\/blog\/wp-content\/uploads\/2017\/08\/steinsel2-1024x682.jpg 1024w, https:\/\/www.athome.lu\/blog\/wp-content\/uploads\/2017\/08\/steinsel2-300x200.jpg 300w, https:\/\/www.athome.lu\/blog\/wp-content\/uploads\/2017\/08\/steinsel2-768x512.jpg 768w, https:\/\/www.athome.lu\/blog\/wp-content\/uploads\/2017\/08\/steinsel2-18x12.jpg 18w, https:\/\/www.athome.lu\/blog\/wp-content\/uploads\/2017\/08\/steinsel2.jpg 1280w\" sizes=\"auto, (max-width: 1024px) 100vw, 1024px\" \/><\/figure><\/div>\n\n\n\n<p><\/p>\n\n\n\n<p><span style=\"color: #000000;\">C\u00f4t\u00e9 <a href=\"https:\/\/www.athome.lu\/blog\/recherche\/resultats\/fu\/0\/tr\/by\/md\/0\/w\/a,Steinsel\" target=\"_blank\" rel=\"noopener noreferrer\">immobilier \u00e0 Steinsel<\/a>, les am\u00e9nagements restent donc mod\u00e9r\u00e9s, de mani\u00e8re \u00e0 maintenir cette harmonie caract\u00e9ristique de la commune. L\u2019am\u00e9nagement du centre de Steinsel, autour de la place de l\u2019\u00e9glise, est en phase de se terminer. A terme, ce quartier mixte abritera des logements de haut standing et \u00e9tendra l\u2019offre d\u00e9j\u00e0 disponible de commerces et \u00e9tablissements de service n\u00e9cessaires au quotidien. \u00ab\u00a0<em>Avec le Fonds du Logement, nous allons inaugurer prochainement une r\u00e9sidence de 14 logements sociaux pour locataires tandis que 52 autres unit\u00e9s sont toujours en construction \u00e0 Heisdorf\u00a0<\/em>\u00bb, ajoute le maire. Un important projet de logements devrait encore \u00eatre d\u00e9velopp\u00e9 \u00e0 l\u2019entr\u00e9e de Steinsel, aux abords de la rue basse.<\/span><\/p>\n\n\n<section id=\"section-3-14695\" class=\" ct-section\" ><div class=\"ct-section-inner-wrap\"><div id=\"div_block-4-14695\" class=\"ct-div-block\" ><div id=\"new_columns-7-14695\" class=\"ct-new-columns\" ><div id=\"div_block-8-14695\" class=\"ct-div-block\" ><div id=\"div_block-14-14695\" class=\"ct-div-block\" ><\/div><\/div><div id=\"div_block-9-14695\" class=\"ct-div-block\" ><h1 id=\"headline-11-14695\" class=\"ct-headline\">Quels sont les prix de l'immobilier en ce moment ?<\/h1><div id=\"text_block-12-14695\" class=\"ct-text-block\" >Les prix ralentissent. Les taux d'int\u00e9r\u00eat augmentent. Quelles tendances pour les mois \u00e0 venir ?<\/div><a id=\"link_button-13-14695\" class=\"ct-link-button\" href=\"https:\/\/www.athome.lu\/blog\/blog\/marche-immobilier\/prix\/tendances-2022\/\" target=\"_blank\"  >Lire l'analyse<\/a><\/div><\/div><\/div><\/div><\/section>\n\n\n<h2 class=\"wp-block-heading\"><span style=\"color: #000000;\"><strong>Une situation id\u00e9ale, entre Luxembourg et Mersch <\/strong><\/span><\/h2>\n\n\n\n<p><span style=\"color: #000000;\">A l\u2019image de toutes les communes qui entourent la capitale, les terrains tout comme les habitations des entit\u00e9s de Steinsel partent \u00e0 haut prix. A titre d\u2019exemple, le prix de vente moyen d\u2019un appartement existant est de 5.950 euros du m\u00e8tre carr\u00e9, et de 4.808\u20ac pour une maison (statistiques atHome.lu \u2013 avril 2017). La proximit\u00e9 de Luxembourg-Ville \u2013 \u00e0 8 km seulement de Steinsel \u2013 explique en grande partie ce ph\u00e9nom\u00e8ne. \u00ab&nbsp;<em>Toute la commune est reli\u00e9e de fa\u00e7on exemplaire au centre de Luxembourg et au Kirchberg par le transport public, ce qui facilite les d\u00e9placements des travailleurs <\/em>\u00bb, mentionne Jean-Pierre Klein. Il est \u00e9galement tr\u00e8s simple de rejoindre Mersch, qui se trouve elle aussi \u00e0 une dizaine de kilom\u00e8tres. Le train, qui relie Luxembourg-Ville au nord du pays, s\u2019arr\u00eate en effet \u00e0 Heisdorf. Enfin, la mobilit\u00e9 douce est encourag\u00e9e, gr\u00e2ce au d\u00e9veloppement permanent des chemins pi\u00e9tons, des pistes cyclables et d\u2019espaces de stationnement facilitant le covoiturage, visant \u00e0 limiter l\u2019usage des v\u00e9hicules individuels.<\/span><\/p>\n\n\n\n<p><span style=\"color: #000000;\">Mais si la commune est voisine de la capitale et y est facilement reli\u00e9e, elle offre aussi sur son territoire de nombreuses possibilit\u00e9s d\u2019emploi, gr\u00e2ce aux quelque 300 soci\u00e9t\u00e9s qui y sont implant\u00e9es, notamment au sein de la zone industrielle.<\/span><\/p>\n\n\n\n<h2 class=\"wp-block-heading\"><span style=\"color: #000000;\"><strong>Une commune qui bouge<\/strong><\/span><\/h2>\n\n\n\n<p><span style=\"color: #000000;\">Sur le plan des loisirs, Steinsel est \u00e9galement bien fournie. \u00ab&nbsp;<em>La vie culturelle de notre commune est tr\u00e8s anim\u00e9e, gr\u00e2ce aux nombreux \u00e9v\u00e9nements organis\u00e9s&nbsp;\u2013expositions, cabarets, th\u00e9\u00e2tres\u2026 \u2013 qui permettent \u00e0 chacun de trouver son bonheur&nbsp;<\/em>\u00bb, assure Jean-Pierre Klein. Membre de la PIDAL (Piscine Intercommunale de l\u2019Alzette) situ\u00e9e \u00e0 Helmsange, \u00e0 moins de trois kilom\u00e8tres, la commune, en partenariat avec les associations locales, propose aussi une belle palette de cours sur son territoire, que ce soit dans le domaine artistique,&nbsp; linguistique ou sportif. \u00ab&nbsp;<em>Nous disposons de la meilleure \u00e9quipe luxembourgeoise de basket, que ce soit chez les hommes ou chez les dames. Nos \u00e9quipes de football sont \u00e9galement bien positionn\u00e9es&nbsp;<\/em>\u00bb, souligne avec fiert\u00e9 le maire.<\/span><\/p>\n\n\n\n<div class=\"wp-block-image\"><figure class=\"aligncenter\"><img loading=\"lazy\" decoding=\"async\" width=\"1024\" height=\"682\" src=\"https:\/\/www.athome.lu\/blog\/blog\/wp-content\/uploads\/2017\/08\/steinsel3-1024x682.jpg\" alt=\"Centre de Steinsel\" class=\"wp-image-10097\" srcset=\"https:\/\/www.athome.lu\/blog\/wp-content\/uploads\/2017\/08\/steinsel3-1024x682.jpg 1024w, https:\/\/www.athome.lu\/blog\/wp-content\/uploads\/2017\/08\/steinsel3-300x200.jpg 300w, https:\/\/www.athome.lu\/blog\/wp-content\/uploads\/2017\/08\/steinsel3-768x512.jpg 768w, https:\/\/www.athome.lu\/blog\/wp-content\/uploads\/2017\/08\/steinsel3-18x12.jpg 18w, https:\/\/www.athome.lu\/blog\/wp-content\/uploads\/2017\/08\/steinsel3.jpg 1280w\" sizes=\"auto, (max-width: 1024px) 100vw, 1024px\" \/><\/figure><\/div>\n\n\n\n<p><\/p>\n\n\n\n<p><span style=\"color: #000000;\">Afin de renforcer encore davantage l\u2019offre en mati\u00e8re de divertissements, un second hall sportif et culturel verra bient\u00f4t le jour \u00e0 Heisdorf. L\u2019espace int\u00e9grera aussi une nouvelle cr\u00e8che et une maison-relais, permettant d\u2019accueillir de mani\u00e8re optimale les enfants du village et d\u2019aider les parents \u00e0 mieux concilier vie familiale et vie professionnelle. Le campus scolaire de Heisdorf accueille d\u00e9j\u00e0 le cycle 1 de l\u2019enseignement fondamental, tandis que celui de Steinsel regroupe les cycles 2 \u00e0 4 ainsi qu\u2019une maison-relais, un hall omnisport, une salle culturelle et une cr\u00e8che. \u00ab&nbsp;<em>L\u2019avenir de nos enfants est essentiel. C\u2019est pourquoi nous souhaitons moderniser les infrastructures qui leur sont d\u00e9di\u00e9es, afin de leur assurer un environnement vivant et dynamique&nbsp;<\/em>\u00bb, \u00e9voque le bourgmestre. Cela se traduit par la cr\u00e9ation de nouvelles infrastructures, l\u2019am\u00e9nagement de nombreuses aires de jeux et le d\u00e9veloppement d\u2019animations au sein de la maison des jeunes. \u00ab&nbsp;<em>De la m\u00eame mani\u00e8re, nous accordons une attention particuli\u00e8re aux seniors, en mettant sur pied des activit\u00e9s sp\u00e9cifiques pour leurs loisirs et des structures pour encourager au maximum le maintien \u00e0 domicile&nbsp;<\/em>\u00bb, conclut-il. Par l\u00e0, Steinsel entend assurer \u00e0 tous, petits et grands, un environnement et un encadrement de qualit\u00e9.<\/span><\/p>\n","protected":false},"excerpt":{"rendered":"<p>Situ\u00e9e \u00e0 quelques kilom\u00e8tres de Luxembourg-Ville, Steinsel n\u2019en reste pas moins une commune rurale et de taille moyenne o\u00f9 il fait bon vivre. Soucieuse du bien-\u00eatre de ses habitants, elle veille \u00e0 se d\u00e9velopper de mani\u00e8re r\u00e9fl\u00e9chie. Commune pourtant limitrophe de la capitale, Steinsel appara\u00eet d\u2019embl\u00e9e paisible et sereine, loin de toute agitation urbaine. Comprenant [&hellip;]<\/p>\n","protected":false},"author":17,"featured_media":10095,"comment_status":"closed","ping_status":"open","sticky":false,"template":"","format":"standard","meta":{"_acf_changed":false,"footnotes":""},"categories":[218],"tags":[95],"class_list":["post-10094","post","type-post","status-publish","format-standard","has-post-thumbnail","hentry","category-villes","tag-centre"],"acf":[],"yoast_head":"<!-- This site is optimized with the Yoast SEO plugin v27.4 - https:\/\/yoast.com\/product\/yoast-seo-wordpress\/ -->\n<title>Zoom sur Steinsel: la tranquillit\u00e9 aux portes de la capitale | atHome<\/title>\n<meta name=\"description\" content=\"Situ\u00e9e \u00e0 quelques km de Luxembourg-Ville, Steinsel n\u2019en reste pas moins une commune rurale et de taille moyenne o\u00f9 il fait bon vivre.\" \/>\n<meta name=\"robots\" content=\"index, follow, max-snippet:-1, max-image-preview:large, max-video-preview:-1\" \/>\n<link rel=\"canonical\" href=\"https:\/\/www.athome.lu\/blog\/marche-immobilier\/villes\/steinsel-la-tranquillite-aux-portes-de-la-capitale\/\" \/>\n<meta property=\"og:locale\" content=\"fr_FR\" \/>\n<meta property=\"og:type\" content=\"article\" \/>\n<meta property=\"og:title\" content=\"Zoom sur Steinsel: la tranquillit\u00e9 aux portes de la capitale | atHome\" \/>\n<meta property=\"og:description\" content=\"Situ\u00e9e \u00e0 quelques km de Luxembourg-Ville, Steinsel n\u2019en reste pas moins une commune rurale et de taille moyenne o\u00f9 il fait bon vivre.\" \/>\n<meta property=\"og:url\" content=\"https:\/\/www.athome.lu\/blog\/marche-immobilier\/villes\/steinsel-la-tranquillite-aux-portes-de-la-capitale\/\" \/>\n<meta property=\"og:site_name\" content=\"atHome Blog\" \/>\n<meta property=\"article:publisher\" content=\"https:\/\/www.facebook.com\/atHome.lu\/\" \/>\n<meta property=\"article:published_time\" content=\"2017-08-31T07:17:29+00:00\" \/>\n<meta property=\"article:modified_time\" content=\"2022-05-12T07:04:00+00:00\" \/>\n<meta property=\"og:image\" content=\"https:\/\/www.athome.lu\/blog\/wp-content\/uploads\/2017\/08\/steinsel.jpg\" \/>\n\t<meta property=\"og:image:width\" content=\"1280\" \/>\n\t<meta property=\"og:image:height\" content=\"853\" \/>\n\t<meta property=\"og:image:type\" content=\"image\/jpeg\" \/>\n<meta name=\"author\" content=\"Fanny Pimentel\" \/>\n<meta name=\"twitter:card\" content=\"summary_large_image\" \/>\n<meta name=\"twitter:creator\" content=\"@athomelu\" \/>\n<meta name=\"twitter:site\" content=\"@athomelu\" \/>\n<meta name=\"twitter:label1\" content=\"\u00c9crit par\" \/>\n\t<meta name=\"twitter:data1\" content=\"Fanny Pimentel\" \/>\n\t<meta name=\"twitter:label2\" content=\"Dur\u00e9e de lecture estim\u00e9e\" \/>\n\t<meta name=\"twitter:data2\" content=\"6 minutes\" \/>\n<script type=\"application\/ld+json\" class=\"yoast-schema-graph\">{\"@context\":\"https:\\\/\\\/schema.org\",\"@graph\":[{\"@type\":\"Article\",\"@id\":\"https:\\\/\\\/www.athome.lu\\\/blog\\\/marche-immobilier\\\/villes\\\/steinsel-la-tranquillite-aux-portes-de-la-capitale\\\/#article\",\"isPartOf\":{\"@id\":\"https:\\\/\\\/www.athome.lu\\\/blog\\\/marche-immobilier\\\/villes\\\/steinsel-la-tranquillite-aux-portes-de-la-capitale\\\/\"},\"author\":{\"name\":\"Fanny Pimentel\",\"@id\":\"https:\\\/\\\/www.athome.lu\\\/blog\\\/#\\\/schema\\\/person\\\/47f7a38089f837e792876ceddc4cb2dc\"},\"headline\":\"Steinsel, la tranquillit\u00e9 aux portes de la capitale\",\"datePublished\":\"2017-08-31T07:17:29+00:00\",\"dateModified\":\"2022-05-12T07:04:00+00:00\",\"mainEntityOfPage\":{\"@id\":\"https:\\\/\\\/www.athome.lu\\\/blog\\\/marche-immobilier\\\/villes\\\/steinsel-la-tranquillite-aux-portes-de-la-capitale\\\/\"},\"wordCount\":1126,\"image\":{\"@id\":\"https:\\\/\\\/www.athome.lu\\\/blog\\\/marche-immobilier\\\/villes\\\/steinsel-la-tranquillite-aux-portes-de-la-capitale\\\/#primaryimage\"},\"thumbnailUrl\":\"https:\\\/\\\/www.athome.lu\\\/blog\\\/wp-content\\\/uploads\\\/2017\\\/08\\\/steinsel.jpg\",\"keywords\":[\"Centre\"],\"articleSection\":[\"Villes\"],\"inLanguage\":\"fr-FR\"},{\"@type\":\"WebPage\",\"@id\":\"https:\\\/\\\/www.athome.lu\\\/blog\\\/marche-immobilier\\\/villes\\\/steinsel-la-tranquillite-aux-portes-de-la-capitale\\\/\",\"url\":\"https:\\\/\\\/www.athome.lu\\\/blog\\\/marche-immobilier\\\/villes\\\/steinsel-la-tranquillite-aux-portes-de-la-capitale\\\/\",\"name\":\"Zoom sur Steinsel: la tranquillit\u00e9 aux portes de la capitale | atHome\",\"isPartOf\":{\"@id\":\"https:\\\/\\\/www.athome.lu\\\/blog\\\/#website\"},\"primaryImageOfPage\":{\"@id\":\"https:\\\/\\\/www.athome.lu\\\/blog\\\/marche-immobilier\\\/villes\\\/steinsel-la-tranquillite-aux-portes-de-la-capitale\\\/#primaryimage\"},\"image\":{\"@id\":\"https:\\\/\\\/www.athome.lu\\\/blog\\\/marche-immobilier\\\/villes\\\/steinsel-la-tranquillite-aux-portes-de-la-capitale\\\/#primaryimage\"},\"thumbnailUrl\":\"https:\\\/\\\/www.athome.lu\\\/blog\\\/wp-content\\\/uploads\\\/2017\\\/08\\\/steinsel.jpg\",\"datePublished\":\"2017-08-31T07:17:29+00:00\",\"dateModified\":\"2022-05-12T07:04:00+00:00\",\"author\":{\"@id\":\"https:\\\/\\\/www.athome.lu\\\/blog\\\/#\\\/schema\\\/person\\\/47f7a38089f837e792876ceddc4cb2dc\"},\"description\":\"Situ\u00e9e \u00e0 quelques km de Luxembourg-Ville, Steinsel n\u2019en reste pas moins une commune rurale et de taille moyenne o\u00f9 il fait bon vivre.\",\"breadcrumb\":{\"@id\":\"https:\\\/\\\/www.athome.lu\\\/blog\\\/marche-immobilier\\\/villes\\\/steinsel-la-tranquillite-aux-portes-de-la-capitale\\\/#breadcrumb\"},\"inLanguage\":\"fr-FR\",\"potentialAction\":[{\"@type\":\"ReadAction\",\"target\":[\"https:\\\/\\\/www.athome.lu\\\/blog\\\/marche-immobilier\\\/villes\\\/steinsel-la-tranquillite-aux-portes-de-la-capitale\\\/\"]}]},{\"@type\":\"ImageObject\",\"inLanguage\":\"fr-FR\",\"@id\":\"https:\\\/\\\/www.athome.lu\\\/blog\\\/marche-immobilier\\\/villes\\\/steinsel-la-tranquillite-aux-portes-de-la-capitale\\\/#primaryimage\",\"url\":\"https:\\\/\\\/www.athome.lu\\\/blog\\\/wp-content\\\/uploads\\\/2017\\\/08\\\/steinsel.jpg\",\"contentUrl\":\"https:\\\/\\\/www.athome.lu\\\/blog\\\/wp-content\\\/uploads\\\/2017\\\/08\\\/steinsel.jpg\",\"width\":1280,\"height\":853,\"caption\":\"Vue de Steinsel\"},{\"@type\":\"BreadcrumbList\",\"@id\":\"https:\\\/\\\/www.athome.lu\\\/blog\\\/marche-immobilier\\\/villes\\\/steinsel-la-tranquillite-aux-portes-de-la-capitale\\\/#breadcrumb\",\"itemListElement\":[{\"@type\":\"ListItem\",\"position\":1,\"name\":\"Accueil\",\"item\":\"https:\\\/\\\/www.athome.lu\\\/blog\\\/\"},{\"@type\":\"ListItem\",\"position\":2,\"name\":\"March\u00e9 immobilier\",\"item\":\"https:\\\/\\\/www.athome.lu\\\/blog\\\/category\\\/marche-immobilier\\\/\"},{\"@type\":\"ListItem\",\"position\":3,\"name\":\"Villes\",\"item\":\"https:\\\/\\\/www.athome.lu\\\/blog\\\/category\\\/marche-immobilier\\\/villes\\\/\"},{\"@type\":\"ListItem\",\"position\":4,\"name\":\"Steinsel, la tranquillit\u00e9 aux portes de la capitale\"}]},{\"@type\":\"WebSite\",\"@id\":\"https:\\\/\\\/www.athome.lu\\\/blog\\\/#website\",\"url\":\"https:\\\/\\\/www.athome.lu\\\/blog\\\/\",\"name\":\"atHome Blog\",\"description\":\"Annonces immobili\u00e8res au Luxembourg. Le portail immobilier n\u00b01 au Luxembourg.\",\"potentialAction\":[{\"@type\":\"SearchAction\",\"target\":{\"@type\":\"EntryPoint\",\"urlTemplate\":\"https:\\\/\\\/www.athome.lu\\\/blog\\\/?s={search_term_string}\"},\"query-input\":{\"@type\":\"PropertyValueSpecification\",\"valueRequired\":true,\"valueName\":\"search_term_string\"}}],\"inLanguage\":\"fr-FR\"},{\"@type\":\"Person\",\"@id\":\"https:\\\/\\\/www.athome.lu\\\/blog\\\/#\\\/schema\\\/person\\\/47f7a38089f837e792876ceddc4cb2dc\",\"name\":\"Fanny Pimentel\",\"image\":{\"@type\":\"ImageObject\",\"inLanguage\":\"fr-FR\",\"@id\":\"https:\\\/\\\/secure.gravatar.com\\\/avatar\\\/c60b27b93851dc9503f9cc9150e73dcb0a86ba6150657e5e4b11d988400bc633?s=96&d=mm&r=g\",\"url\":\"https:\\\/\\\/secure.gravatar.com\\\/avatar\\\/c60b27b93851dc9503f9cc9150e73dcb0a86ba6150657e5e4b11d988400bc633?s=96&d=mm&r=g\",\"contentUrl\":\"https:\\\/\\\/secure.gravatar.com\\\/avatar\\\/c60b27b93851dc9503f9cc9150e73dcb0a86ba6150657e5e4b11d988400bc633?s=96&d=mm&r=g\",\"caption\":\"Fanny Pimentel\"}}]}<\/script>\n<!-- \/ Yoast SEO plugin. -->","yoast_head_json":{"title":"Zoom sur Steinsel: la tranquillit\u00e9 aux portes de la capitale | atHome","description":"Situ\u00e9e \u00e0 quelques km de Luxembourg-Ville, Steinsel n\u2019en reste pas moins une commune rurale et de taille moyenne o\u00f9 il fait bon vivre.","robots":{"index":"index","follow":"follow","max-snippet":"max-snippet:-1","max-image-preview":"max-image-preview:large","max-video-preview":"max-video-preview:-1"},"canonical":"https:\/\/www.athome.lu\/blog\/marche-immobilier\/villes\/steinsel-la-tranquillite-aux-portes-de-la-capitale\/","og_locale":"fr_FR","og_type":"article","og_title":"Zoom sur Steinsel: la tranquillit\u00e9 aux portes de la capitale | atHome","og_description":"Situ\u00e9e \u00e0 quelques km de Luxembourg-Ville, Steinsel n\u2019en reste pas moins une commune rurale et de taille moyenne o\u00f9 il fait bon vivre.","og_url":"https:\/\/www.athome.lu\/blog\/marche-immobilier\/villes\/steinsel-la-tranquillite-aux-portes-de-la-capitale\/","og_site_name":"atHome Blog","article_publisher":"https:\/\/www.facebook.com\/atHome.lu\/","article_published_time":"2017-08-31T07:17:29+00:00","article_modified_time":"2022-05-12T07:04:00+00:00","og_image":[{"width":1280,"height":853,"url":"https:\/\/www.athome.lu\/blog\/wp-content\/uploads\/2017\/08\/steinsel.jpg","type":"image\/jpeg"}],"author":"Fanny Pimentel","twitter_card":"summary_large_image","twitter_creator":"@athomelu","twitter_site":"@athomelu","twitter_misc":{"\u00c9crit par":"Fanny Pimentel","Dur\u00e9e de lecture estim\u00e9e":"6 minutes"},"schema":{"@context":"https:\/\/schema.org","@graph":[{"@type":"Article","@id":"https:\/\/www.athome.lu\/blog\/marche-immobilier\/villes\/steinsel-la-tranquillite-aux-portes-de-la-capitale\/#article","isPartOf":{"@id":"https:\/\/www.athome.lu\/blog\/marche-immobilier\/villes\/steinsel-la-tranquillite-aux-portes-de-la-capitale\/"},"author":{"name":"Fanny Pimentel","@id":"https:\/\/www.athome.lu\/blog\/#\/schema\/person\/47f7a38089f837e792876ceddc4cb2dc"},"headline":"Steinsel, la tranquillit\u00e9 aux portes de la capitale","datePublished":"2017-08-31T07:17:29+00:00","dateModified":"2022-05-12T07:04:00+00:00","mainEntityOfPage":{"@id":"https:\/\/www.athome.lu\/blog\/marche-immobilier\/villes\/steinsel-la-tranquillite-aux-portes-de-la-capitale\/"},"wordCount":1126,"image":{"@id":"https:\/\/www.athome.lu\/blog\/marche-immobilier\/villes\/steinsel-la-tranquillite-aux-portes-de-la-capitale\/#primaryimage"},"thumbnailUrl":"https:\/\/www.athome.lu\/blog\/wp-content\/uploads\/2017\/08\/steinsel.jpg","keywords":["Centre"],"articleSection":["Villes"],"inLanguage":"fr-FR"},{"@type":"WebPage","@id":"https:\/\/www.athome.lu\/blog\/marche-immobilier\/villes\/steinsel-la-tranquillite-aux-portes-de-la-capitale\/","url":"https:\/\/www.athome.lu\/blog\/marche-immobilier\/villes\/steinsel-la-tranquillite-aux-portes-de-la-capitale\/","name":"Zoom sur Steinsel: la tranquillit\u00e9 aux portes de la capitale | atHome","isPartOf":{"@id":"https:\/\/www.athome.lu\/blog\/#website"},"primaryImageOfPage":{"@id":"https:\/\/www.athome.lu\/blog\/marche-immobilier\/villes\/steinsel-la-tranquillite-aux-portes-de-la-capitale\/#primaryimage"},"image":{"@id":"https:\/\/www.athome.lu\/blog\/marche-immobilier\/villes\/steinsel-la-tranquillite-aux-portes-de-la-capitale\/#primaryimage"},"thumbnailUrl":"https:\/\/www.athome.lu\/blog\/wp-content\/uploads\/2017\/08\/steinsel.jpg","datePublished":"2017-08-31T07:17:29+00:00","dateModified":"2022-05-12T07:04:00+00:00","author":{"@id":"https:\/\/www.athome.lu\/blog\/#\/schema\/person\/47f7a38089f837e792876ceddc4cb2dc"},"description":"Situ\u00e9e \u00e0 quelques km de Luxembourg-Ville, Steinsel n\u2019en reste pas moins une commune rurale et de taille moyenne o\u00f9 il fait bon vivre.","breadcrumb":{"@id":"https:\/\/www.athome.lu\/blog\/marche-immobilier\/villes\/steinsel-la-tranquillite-aux-portes-de-la-capitale\/#breadcrumb"},"inLanguage":"fr-FR","potentialAction":[{"@type":"ReadAction","target":["https:\/\/www.athome.lu\/blog\/marche-immobilier\/villes\/steinsel-la-tranquillite-aux-portes-de-la-capitale\/"]}]},{"@type":"ImageObject","inLanguage":"fr-FR","@id":"https:\/\/www.athome.lu\/blog\/marche-immobilier\/villes\/steinsel-la-tranquillite-aux-portes-de-la-capitale\/#primaryimage","url":"https:\/\/www.athome.lu\/blog\/wp-content\/uploads\/2017\/08\/steinsel.jpg","contentUrl":"https:\/\/www.athome.lu\/blog\/wp-content\/uploads\/2017\/08\/steinsel.jpg","width":1280,"height":853,"caption":"Vue de Steinsel"},{"@type":"BreadcrumbList","@id":"https:\/\/www.athome.lu\/blog\/marche-immobilier\/villes\/steinsel-la-tranquillite-aux-portes-de-la-capitale\/#breadcrumb","itemListElement":[{"@type":"ListItem","position":1,"name":"Accueil","item":"https:\/\/www.athome.lu\/blog\/"},{"@type":"ListItem","position":2,"name":"March\u00e9 immobilier","item":"https:\/\/www.athome.lu\/blog\/category\/marche-immobilier\/"},{"@type":"ListItem","position":3,"name":"Villes","item":"https:\/\/www.athome.lu\/blog\/category\/marche-immobilier\/villes\/"},{"@type":"ListItem","position":4,"name":"Steinsel, la tranquillit\u00e9 aux portes de la capitale"}]},{"@type":"WebSite","@id":"https:\/\/www.athome.lu\/blog\/#website","url":"https:\/\/www.athome.lu\/blog\/","name":"atHome Blog","description":"Annonces immobili\u00e8res au Luxembourg. Le portail immobilier n\u00b01 au Luxembourg.","potentialAction":[{"@type":"SearchAction","target":{"@type":"EntryPoint","urlTemplate":"https:\/\/www.athome.lu\/blog\/?s={search_term_string}"},"query-input":{"@type":"PropertyValueSpecification","valueRequired":true,"valueName":"search_term_string"}}],"inLanguage":"fr-FR"},{"@type":"Person","@id":"https:\/\/www.athome.lu\/blog\/#\/schema\/person\/47f7a38089f837e792876ceddc4cb2dc","name":"Fanny Pimentel","image":{"@type":"ImageObject","inLanguage":"fr-FR","@id":"https:\/\/secure.gravatar.com\/avatar\/c60b27b93851dc9503f9cc9150e73dcb0a86ba6150657e5e4b11d988400bc633?s=96&d=mm&r=g","url":"https:\/\/secure.gravatar.com\/avatar\/c60b27b93851dc9503f9cc9150e73dcb0a86ba6150657e5e4b11d988400bc633?s=96&d=mm&r=g","contentUrl":"https:\/\/secure.gravatar.com\/avatar\/c60b27b93851dc9503f9cc9150e73dcb0a86ba6150657e5e4b11d988400bc633?s=96&d=mm&r=g","caption":"Fanny Pimentel"}}]}},"featured_media_src_url":"https:\/\/www.athome.lu\/blog\/wp-content\/uploads\/2017\/08\/steinsel-1024x682.jpg","_links":{"self":[{"href":"https:\/\/www.athome.lu\/blog\/wp-json\/wp\/v2\/posts\/10094","targetHints":{"allow":["GET"]}}],"collection":[{"href":"https:\/\/www.athome.lu\/blog\/wp-json\/wp\/v2\/posts"}],"about":[{"href":"https:\/\/www.athome.lu\/blog\/wp-json\/wp\/v2\/types\/post"}],"author":[{"embeddable":true,"href":"https:\/\/www.athome.lu\/blog\/wp-json\/wp\/v2\/users\/17"}],"replies":[{"embeddable":true,"href":"https:\/\/www.athome.lu\/blog\/wp-json\/wp\/v2\/comments?post=10094"}],"version-history":[{"count":2,"href":"https:\/\/www.athome.lu\/blog\/wp-json\/wp\/v2\/posts\/10094\/revisions"}],"predecessor-version":[{"id":15241,"href":"https:\/\/www.athome.lu\/blog\/wp-json\/wp\/v2\/posts\/10094\/revisions\/15241"}],"wp:featuredmedia":[{"embeddable":true,"href":"https:\/\/www.athome.lu\/blog\/wp-json\/wp\/v2\/media\/10095"}],"wp:attachment":[{"href":"https:\/\/www.athome.lu\/blog\/wp-json\/wp\/v2\/media?parent=10094"}],"wp:term":[{"taxonomy":"category","embeddable":true,"href":"https:\/\/www.athome.lu\/blog\/wp-json\/wp\/v2\/categories?post=10094"},{"taxonomy":"post_tag","embeddable":true,"href":"https:\/\/www.athome.lu\/blog\/wp-json\/wp\/v2\/tags?post=10094"}],"curies":[{"name":"wp","href":"https:\/\/api.w.org\/{rel}","templated":true}]}}