{"id":10427,"date":"2017-10-26T10:04:10","date_gmt":"2017-10-26T09:04:10","guid":{"rendered":"https:\/\/www.athome.lu\/blog\/?p=10427"},"modified":"2022-05-12T11:10:48","modified_gmt":"2022-05-12T09:10:48","slug":"vous-venez-demmenager-louez-vos-meubles","status":"publish","type":"post","link":"https:\/\/www.athome.lu\/blog\/mon-logement\/demenagement\/vous-venez-demmenager-louez-vos-meubles\/","title":{"rendered":"Vous venez d\u2019emm\u00e9nager\u00a0? Louez vos meubles\u00a0!"},"content":{"rendered":"\n<p><span style=\"color: #000000;\">Vous venez de pousser la porte de votre nouvel \u2013 et charmant \u2013 appartement. Seul souci, puisque vous d\u00e9barquez au Luxembourg ou vous vous installez \u00ab&nbsp;chez vous&nbsp;\u00bb pour la premi\u00e8re fois, il est affreusement vide. Et si louer des meubles \u00e9tait la bonne solution&nbsp;?<\/span><\/p>\n\n\n\n<h2 class=\"wp-block-heading\"><span style=\"color: #000000;\"><strong>Choisissez vos meubles en ligne<\/strong><\/span><\/h2>\n\n\n\n<p><span style=\"color: #000000;\">\u00c0 moins d\u2019avoir opt\u00e9 pour une location meubl\u00e9e, votre nouveau logement n\u2019abrite que des murs et fen\u00eatres, une salle de bains, des toilettes\u2026 Il n\u2019est m\u00eame pas certain que la cuisine soit am\u00e9nag\u00e9e. Et votre budget n\u2019est pas extensible au point de vous permettre de le meubler enti\u00e8rement. Vous devriez penser \u00e0 la location de meubles.<\/span><\/p>\n\n\n\n<p><span style=\"color: #000000;\">En pratique, rien de tr\u00e8s compliqu\u00e9. Vous vous connectez sur un site d\u00e9di\u00e9 (comme <a style=\"color: #000000;\" href=\"https:\/\/www.in-lease.com\/\">In-Lease<\/a> ou <a style=\"color: #000000;\" href=\"https:\/\/www.semeubler.com\/\">SeMeubler.com<\/a>) et vous s\u00e9lectionnez dans le catalogue le lit, le canap\u00e9, la table, les chaises et autres espaces de rangement dont vous avez besoin. Si vous n\u2019avez pas la patience de les choisir un par un, des packs, par pi\u00e8ce et dans diff\u00e9rentes ambiances, vous sont m\u00eame propos\u00e9s. Le choix est vaste, vous pouvez donc, en prime, am\u00e9nager votre appartement comme bon vous semble. Et si vous recherchez de l'inspiration, regardez un peu sur notre blog les <a href=\"https:\/\/www.athome.lu\/blog\/blog\/mobilier-les-ingredients-de-votre-deco-pour-lautomne\/\" target=\"_blank\" rel=\"noopener noreferrer\">tendances de cet automne en mati\u00e8re de mobilier.<\/a> Les meubles sont ensuite livr\u00e9s chez vous, mont\u00e9s et install\u00e9s, et le tour est jou\u00e9&nbsp;: vous avez emm\u00e9nag\u00e9\u2026 Ils seront r\u00e9cup\u00e9r\u00e9s au terme de la location.<\/span><\/p>\n\n\n\n<p><span style=\"color: #000000;\">Par contre, il se peut que vous ayez \u00e9galement besoin d\u2019\u00e9lectrom\u00e9nager et\/ou d\u2019\u00e9quipements multim\u00e9dias. Ils sont eux aussi propos\u00e9s \u00e0 la location, au m\u00eame titre que du mat\u00e9riel de sport ou de jardin. Bref, de quoi agr\u00e9menter votre nouvelle vie&nbsp;!<\/span><\/p>\n\n\n\n<h2 class=\"wp-block-heading\"><span style=\"color: #000000;\"><strong>Des options \u00e0 la carte<\/strong><\/span><\/h2>\n\n\n\n<p><span style=\"color: #000000;\">Les entreprises qui officient dans la location de meubles ont pens\u00e9 \u00e0 tous les cas de figure&nbsp;: que vous attendiez votre d\u00e9m\u00e9nagement, que vous ne pr\u00e9voyiez d\u2019habiter que quelques mois au Luxembourg, que vous souhaitiez \u00e9conomiser un peu avant d\u2019acheter ou que vous soyez d\u00e9finitivement conquis par ce syst\u00e8me (qui vous permet en outre de changer d\u2019ambiance quand bon vous semble), vous pouvez vous engager \u00e0 court, moyen ou long terme (60 mois au maximum). Choisir la dur\u00e9e de location est d\u2019ailleurs l\u2019une des premi\u00e8res choses \u00e0 faire, m\u00eame si les formules sont de plus en plus flexibles.<\/span><\/p>\n\n\n\n<p><span style=\"color: #000000;\">Et ce n\u2019est pas tout. \u00c0 l\u2019image des voitures, vous avez la possibilit\u00e9 d\u2019opter pour un leasing et donc d\u2019acheter ce mobilier dans lequel vous vous sentez si bien au terme du contrat.<\/span><\/p>\n\n\n\n<p><span style=\"color: #000000;\">Derni\u00e8re pr\u00e9cision, les meubles et \u00e9quipements sont bien entendu garantis. En plus, faites le calcul, vous constaterez que cette solution est non seulement pratique, mais \u00e9galement \u00e9conomique.<\/span><\/p>\n\n\n<section id=\"section-3-14695\" class=\" ct-section\" ><div class=\"ct-section-inner-wrap\"><div id=\"div_block-4-14695\" class=\"ct-div-block\" ><div id=\"new_columns-7-14695\" class=\"ct-new-columns\" ><div id=\"div_block-8-14695\" class=\"ct-div-block\" ><div id=\"div_block-14-14695\" class=\"ct-div-block\" ><\/div><\/div><div id=\"div_block-9-14695\" class=\"ct-div-block\" ><h1 id=\"headline-11-14695\" class=\"ct-headline\">Quels sont les prix de l'immobilier en ce moment ?<\/h1><div id=\"text_block-12-14695\" class=\"ct-text-block\" >Les prix ralentissent. Les taux d'int\u00e9r\u00eat augmentent. Quelles tendances pour les mois \u00e0 venir ?<\/div><a id=\"link_button-13-14695\" class=\"ct-link-button\" href=\"https:\/\/www.athome.lu\/blog\/blog\/marche-immobilier\/prix\/tendances-2022\/\" target=\"_blank\"  >Lire l'analyse<\/a><\/div><\/div><\/div><\/div><\/section>","protected":false},"excerpt":{"rendered":"<p>Vous venez de pousser la porte de votre nouvel \u2013 et charmant \u2013 appartement. Seul souci, puisque vous d\u00e9barquez au Luxembourg ou vous vous installez \u00ab&nbsp;chez vous&nbsp;\u00bb pour la premi\u00e8re fois, il est affreusement vide. Et si louer des meubles \u00e9tait la bonne solution&nbsp;? Choisissez vos meubles en ligne \u00c0 moins d\u2019avoir opt\u00e9 pour une [&hellip;]<\/p>\n","protected":false},"author":17,"featured_media":10429,"comment_status":"closed","ping_status":"open","sticky":false,"template":"","format":"standard","meta":{"_acf_changed":false,"footnotes":""},"categories":[203],"tags":[82,107,49],"class_list":["post-10427","post","type-post","status-publish","format-standard","has-post-thumbnail","hentry","category-demenagement","tag-ameublement","tag-expatrie","tag-location"],"acf":[],"yoast_head":"<!-- This site is optimized with the Yoast SEO plugin v27.4 - https:\/\/yoast.com\/product\/yoast-seo-wordpress\/ -->\n<title>Vous venez d\u2019emm\u00e9nager\u00a0? Louez vos meubles\u00a0! | atHome<\/title>\n<meta name=\"description\" content=\"Vous venez de d\u00e9barquer au Luxembourg pour la premi\u00e8re fois, et votre appart est vide. Et si louer des meubles \u00e9tait la bonne solution ?\" \/>\n<meta name=\"robots\" content=\"index, follow, max-snippet:-1, max-image-preview:large, max-video-preview:-1\" \/>\n<link rel=\"canonical\" href=\"https:\/\/www.athome.lu\/blog\/mon-logement\/demenagement\/vous-venez-demmenager-louez-vos-meubles\/\" \/>\n<meta property=\"og:locale\" content=\"fr_FR\" \/>\n<meta property=\"og:type\" content=\"article\" \/>\n<meta property=\"og:title\" content=\"Vous venez d\u2019emm\u00e9nager\u00a0? Louez vos meubles\u00a0! | atHome\" \/>\n<meta property=\"og:description\" content=\"Vous venez de d\u00e9barquer au Luxembourg pour la premi\u00e8re fois, et votre appart est vide. Et si louer des meubles \u00e9tait la bonne solution ?\" \/>\n<meta property=\"og:url\" content=\"https:\/\/www.athome.lu\/blog\/mon-logement\/demenagement\/vous-venez-demmenager-louez-vos-meubles\/\" \/>\n<meta property=\"og:site_name\" content=\"atHome Blog\" \/>\n<meta property=\"article:publisher\" content=\"https:\/\/www.facebook.com\/atHome.lu\/\" \/>\n<meta property=\"article:published_time\" content=\"2017-10-26T09:04:10+00:00\" \/>\n<meta property=\"article:modified_time\" content=\"2022-05-12T09:10:48+00:00\" \/>\n<meta property=\"og:image\" content=\"https:\/\/www.athome.lu\/blog\/wp-content\/uploads\/2017\/10\/living-room-2155376_1280.jpg\" \/>\n\t<meta property=\"og:image:width\" content=\"1233\" \/>\n\t<meta property=\"og:image:height\" content=\"822\" \/>\n\t<meta property=\"og:image:type\" content=\"image\/jpeg\" \/>\n<meta name=\"author\" content=\"Fanny Pimentel\" \/>\n<meta name=\"twitter:card\" content=\"summary_large_image\" \/>\n<meta name=\"twitter:creator\" content=\"@athomelu\" \/>\n<meta name=\"twitter:site\" content=\"@athomelu\" \/>\n<meta name=\"twitter:label1\" content=\"\u00c9crit par\" \/>\n\t<meta name=\"twitter:data1\" content=\"Fanny Pimentel\" \/>\n\t<meta name=\"twitter:label2\" content=\"Dur\u00e9e de lecture estim\u00e9e\" \/>\n\t<meta name=\"twitter:data2\" content=\"3 minutes\" \/>\n<script type=\"application\/ld+json\" class=\"yoast-schema-graph\">{\"@context\":\"https:\\\/\\\/schema.org\",\"@graph\":[{\"@type\":\"Article\",\"@id\":\"https:\\\/\\\/www.athome.lu\\\/blog\\\/mon-logement\\\/demenagement\\\/vous-venez-demmenager-louez-vos-meubles\\\/#article\",\"isPartOf\":{\"@id\":\"https:\\\/\\\/www.athome.lu\\\/blog\\\/mon-logement\\\/demenagement\\\/vous-venez-demmenager-louez-vos-meubles\\\/\"},\"author\":{\"name\":\"Fanny Pimentel\",\"@id\":\"https:\\\/\\\/www.athome.lu\\\/blog\\\/#\\\/schema\\\/person\\\/47f7a38089f837e792876ceddc4cb2dc\"},\"headline\":\"Vous venez d\u2019emm\u00e9nager\u00a0? Louez vos meubles\u00a0!\",\"datePublished\":\"2017-10-26T09:04:10+00:00\",\"dateModified\":\"2022-05-12T09:10:48+00:00\",\"mainEntityOfPage\":{\"@id\":\"https:\\\/\\\/www.athome.lu\\\/blog\\\/mon-logement\\\/demenagement\\\/vous-venez-demmenager-louez-vos-meubles\\\/\"},\"wordCount\":496,\"image\":{\"@id\":\"https:\\\/\\\/www.athome.lu\\\/blog\\\/mon-logement\\\/demenagement\\\/vous-venez-demmenager-louez-vos-meubles\\\/#primaryimage\"},\"thumbnailUrl\":\"https:\\\/\\\/www.athome.lu\\\/blog\\\/wp-content\\\/uploads\\\/2017\\\/10\\\/living-room-2155376_1280.jpg\",\"keywords\":[\"Ameublement\",\"Expatri\u00e9\",\"Location\"],\"articleSection\":[\"D\u00e9m\u00e9nagement\"],\"inLanguage\":\"fr-FR\"},{\"@type\":\"WebPage\",\"@id\":\"https:\\\/\\\/www.athome.lu\\\/blog\\\/mon-logement\\\/demenagement\\\/vous-venez-demmenager-louez-vos-meubles\\\/\",\"url\":\"https:\\\/\\\/www.athome.lu\\\/blog\\\/mon-logement\\\/demenagement\\\/vous-venez-demmenager-louez-vos-meubles\\\/\",\"name\":\"Vous venez d\u2019emm\u00e9nager\u00a0? Louez vos meubles\u00a0! | atHome\",\"isPartOf\":{\"@id\":\"https:\\\/\\\/www.athome.lu\\\/blog\\\/#website\"},\"primaryImageOfPage\":{\"@id\":\"https:\\\/\\\/www.athome.lu\\\/blog\\\/mon-logement\\\/demenagement\\\/vous-venez-demmenager-louez-vos-meubles\\\/#primaryimage\"},\"image\":{\"@id\":\"https:\\\/\\\/www.athome.lu\\\/blog\\\/mon-logement\\\/demenagement\\\/vous-venez-demmenager-louez-vos-meubles\\\/#primaryimage\"},\"thumbnailUrl\":\"https:\\\/\\\/www.athome.lu\\\/blog\\\/wp-content\\\/uploads\\\/2017\\\/10\\\/living-room-2155376_1280.jpg\",\"datePublished\":\"2017-10-26T09:04:10+00:00\",\"dateModified\":\"2022-05-12T09:10:48+00:00\",\"author\":{\"@id\":\"https:\\\/\\\/www.athome.lu\\\/blog\\\/#\\\/schema\\\/person\\\/47f7a38089f837e792876ceddc4cb2dc\"},\"description\":\"Vous venez de d\u00e9barquer au Luxembourg pour la premi\u00e8re fois, et votre appart est vide. Et si louer des meubles \u00e9tait la bonne solution ?\",\"breadcrumb\":{\"@id\":\"https:\\\/\\\/www.athome.lu\\\/blog\\\/mon-logement\\\/demenagement\\\/vous-venez-demmenager-louez-vos-meubles\\\/#breadcrumb\"},\"inLanguage\":\"fr-FR\",\"potentialAction\":[{\"@type\":\"ReadAction\",\"target\":[\"https:\\\/\\\/www.athome.lu\\\/blog\\\/mon-logement\\\/demenagement\\\/vous-venez-demmenager-louez-vos-meubles\\\/\"]}]},{\"@type\":\"ImageObject\",\"inLanguage\":\"fr-FR\",\"@id\":\"https:\\\/\\\/www.athome.lu\\\/blog\\\/mon-logement\\\/demenagement\\\/vous-venez-demmenager-louez-vos-meubles\\\/#primaryimage\",\"url\":\"https:\\\/\\\/www.athome.lu\\\/blog\\\/wp-content\\\/uploads\\\/2017\\\/10\\\/living-room-2155376_1280.jpg\",\"contentUrl\":\"https:\\\/\\\/www.athome.lu\\\/blog\\\/wp-content\\\/uploads\\\/2017\\\/10\\\/living-room-2155376_1280.jpg\",\"width\":1233,\"height\":822,\"caption\":\"Location de meuble\"},{\"@type\":\"BreadcrumbList\",\"@id\":\"https:\\\/\\\/www.athome.lu\\\/blog\\\/mon-logement\\\/demenagement\\\/vous-venez-demmenager-louez-vos-meubles\\\/#breadcrumb\",\"itemListElement\":[{\"@type\":\"ListItem\",\"position\":1,\"name\":\"Accueil\",\"item\":\"https:\\\/\\\/www.athome.lu\\\/blog\\\/\"},{\"@type\":\"ListItem\",\"position\":2,\"name\":\"Mon logement\",\"item\":\"https:\\\/\\\/www.athome.lu\\\/blog\\\/de\\\/category\\\/mein-haus\\\/\"},{\"@type\":\"ListItem\",\"position\":3,\"name\":\"D\u00e9m\u00e9nagement\",\"item\":\"https:\\\/\\\/www.athome.lu\\\/blog\\\/category\\\/mon-logement\\\/demenagement\\\/\"},{\"@type\":\"ListItem\",\"position\":4,\"name\":\"Vous venez d\u2019emm\u00e9nager\u00a0? Louez vos meubles\u00a0!\"}]},{\"@type\":\"WebSite\",\"@id\":\"https:\\\/\\\/www.athome.lu\\\/blog\\\/#website\",\"url\":\"https:\\\/\\\/www.athome.lu\\\/blog\\\/\",\"name\":\"atHome Blog\",\"description\":\"Annonces immobili\u00e8res au Luxembourg. Le portail immobilier n\u00b01 au Luxembourg.\",\"potentialAction\":[{\"@type\":\"SearchAction\",\"target\":{\"@type\":\"EntryPoint\",\"urlTemplate\":\"https:\\\/\\\/www.athome.lu\\\/blog\\\/?s={search_term_string}\"},\"query-input\":{\"@type\":\"PropertyValueSpecification\",\"valueRequired\":true,\"valueName\":\"search_term_string\"}}],\"inLanguage\":\"fr-FR\"},{\"@type\":\"Person\",\"@id\":\"https:\\\/\\\/www.athome.lu\\\/blog\\\/#\\\/schema\\\/person\\\/47f7a38089f837e792876ceddc4cb2dc\",\"name\":\"Fanny Pimentel\",\"image\":{\"@type\":\"ImageObject\",\"inLanguage\":\"fr-FR\",\"@id\":\"https:\\\/\\\/secure.gravatar.com\\\/avatar\\\/c60b27b93851dc9503f9cc9150e73dcb0a86ba6150657e5e4b11d988400bc633?s=96&d=mm&r=g\",\"url\":\"https:\\\/\\\/secure.gravatar.com\\\/avatar\\\/c60b27b93851dc9503f9cc9150e73dcb0a86ba6150657e5e4b11d988400bc633?s=96&d=mm&r=g\",\"contentUrl\":\"https:\\\/\\\/secure.gravatar.com\\\/avatar\\\/c60b27b93851dc9503f9cc9150e73dcb0a86ba6150657e5e4b11d988400bc633?s=96&d=mm&r=g\",\"caption\":\"Fanny Pimentel\"}}]}<\/script>\n<!-- \/ Yoast SEO plugin. -->","yoast_head_json":{"title":"Vous venez d\u2019emm\u00e9nager\u00a0? Louez vos meubles\u00a0! | atHome","description":"Vous venez de d\u00e9barquer au Luxembourg pour la premi\u00e8re fois, et votre appart est vide. Et si louer des meubles \u00e9tait la bonne solution ?","robots":{"index":"index","follow":"follow","max-snippet":"max-snippet:-1","max-image-preview":"max-image-preview:large","max-video-preview":"max-video-preview:-1"},"canonical":"https:\/\/www.athome.lu\/blog\/mon-logement\/demenagement\/vous-venez-demmenager-louez-vos-meubles\/","og_locale":"fr_FR","og_type":"article","og_title":"Vous venez d\u2019emm\u00e9nager\u00a0? Louez vos meubles\u00a0! | atHome","og_description":"Vous venez de d\u00e9barquer au Luxembourg pour la premi\u00e8re fois, et votre appart est vide. Et si louer des meubles \u00e9tait la bonne solution ?","og_url":"https:\/\/www.athome.lu\/blog\/mon-logement\/demenagement\/vous-venez-demmenager-louez-vos-meubles\/","og_site_name":"atHome Blog","article_publisher":"https:\/\/www.facebook.com\/atHome.lu\/","article_published_time":"2017-10-26T09:04:10+00:00","article_modified_time":"2022-05-12T09:10:48+00:00","og_image":[{"width":1233,"height":822,"url":"https:\/\/www.athome.lu\/blog\/wp-content\/uploads\/2017\/10\/living-room-2155376_1280.jpg","type":"image\/jpeg"}],"author":"Fanny Pimentel","twitter_card":"summary_large_image","twitter_creator":"@athomelu","twitter_site":"@athomelu","twitter_misc":{"\u00c9crit par":"Fanny Pimentel","Dur\u00e9e de lecture estim\u00e9e":"3 minutes"},"schema":{"@context":"https:\/\/schema.org","@graph":[{"@type":"Article","@id":"https:\/\/www.athome.lu\/blog\/mon-logement\/demenagement\/vous-venez-demmenager-louez-vos-meubles\/#article","isPartOf":{"@id":"https:\/\/www.athome.lu\/blog\/mon-logement\/demenagement\/vous-venez-demmenager-louez-vos-meubles\/"},"author":{"name":"Fanny Pimentel","@id":"https:\/\/www.athome.lu\/blog\/#\/schema\/person\/47f7a38089f837e792876ceddc4cb2dc"},"headline":"Vous venez d\u2019emm\u00e9nager\u00a0? Louez vos meubles\u00a0!","datePublished":"2017-10-26T09:04:10+00:00","dateModified":"2022-05-12T09:10:48+00:00","mainEntityOfPage":{"@id":"https:\/\/www.athome.lu\/blog\/mon-logement\/demenagement\/vous-venez-demmenager-louez-vos-meubles\/"},"wordCount":496,"image":{"@id":"https:\/\/www.athome.lu\/blog\/mon-logement\/demenagement\/vous-venez-demmenager-louez-vos-meubles\/#primaryimage"},"thumbnailUrl":"https:\/\/www.athome.lu\/blog\/wp-content\/uploads\/2017\/10\/living-room-2155376_1280.jpg","keywords":["Ameublement","Expatri\u00e9","Location"],"articleSection":["D\u00e9m\u00e9nagement"],"inLanguage":"fr-FR"},{"@type":"WebPage","@id":"https:\/\/www.athome.lu\/blog\/mon-logement\/demenagement\/vous-venez-demmenager-louez-vos-meubles\/","url":"https:\/\/www.athome.lu\/blog\/mon-logement\/demenagement\/vous-venez-demmenager-louez-vos-meubles\/","name":"Vous venez d\u2019emm\u00e9nager\u00a0? Louez vos meubles\u00a0! | atHome","isPartOf":{"@id":"https:\/\/www.athome.lu\/blog\/#website"},"primaryImageOfPage":{"@id":"https:\/\/www.athome.lu\/blog\/mon-logement\/demenagement\/vous-venez-demmenager-louez-vos-meubles\/#primaryimage"},"image":{"@id":"https:\/\/www.athome.lu\/blog\/mon-logement\/demenagement\/vous-venez-demmenager-louez-vos-meubles\/#primaryimage"},"thumbnailUrl":"https:\/\/www.athome.lu\/blog\/wp-content\/uploads\/2017\/10\/living-room-2155376_1280.jpg","datePublished":"2017-10-26T09:04:10+00:00","dateModified":"2022-05-12T09:10:48+00:00","author":{"@id":"https:\/\/www.athome.lu\/blog\/#\/schema\/person\/47f7a38089f837e792876ceddc4cb2dc"},"description":"Vous venez de d\u00e9barquer au Luxembourg pour la premi\u00e8re fois, et votre appart est vide. Et si louer des meubles \u00e9tait la bonne solution ?","breadcrumb":{"@id":"https:\/\/www.athome.lu\/blog\/mon-logement\/demenagement\/vous-venez-demmenager-louez-vos-meubles\/#breadcrumb"},"inLanguage":"fr-FR","potentialAction":[{"@type":"ReadAction","target":["https:\/\/www.athome.lu\/blog\/mon-logement\/demenagement\/vous-venez-demmenager-louez-vos-meubles\/"]}]},{"@type":"ImageObject","inLanguage":"fr-FR","@id":"https:\/\/www.athome.lu\/blog\/mon-logement\/demenagement\/vous-venez-demmenager-louez-vos-meubles\/#primaryimage","url":"https:\/\/www.athome.lu\/blog\/wp-content\/uploads\/2017\/10\/living-room-2155376_1280.jpg","contentUrl":"https:\/\/www.athome.lu\/blog\/wp-content\/uploads\/2017\/10\/living-room-2155376_1280.jpg","width":1233,"height":822,"caption":"Location de meuble"},{"@type":"BreadcrumbList","@id":"https:\/\/www.athome.lu\/blog\/mon-logement\/demenagement\/vous-venez-demmenager-louez-vos-meubles\/#breadcrumb","itemListElement":[{"@type":"ListItem","position":1,"name":"Accueil","item":"https:\/\/www.athome.lu\/blog\/"},{"@type":"ListItem","position":2,"name":"Mon logement","item":"https:\/\/www.athome.lu\/blog\/de\/category\/mein-haus\/"},{"@type":"ListItem","position":3,"name":"D\u00e9m\u00e9nagement","item":"https:\/\/www.athome.lu\/blog\/category\/mon-logement\/demenagement\/"},{"@type":"ListItem","position":4,"name":"Vous venez d\u2019emm\u00e9nager\u00a0? Louez vos meubles\u00a0!"}]},{"@type":"WebSite","@id":"https:\/\/www.athome.lu\/blog\/#website","url":"https:\/\/www.athome.lu\/blog\/","name":"atHome Blog","description":"Annonces immobili\u00e8res au Luxembourg. Le portail immobilier n\u00b01 au Luxembourg.","potentialAction":[{"@type":"SearchAction","target":{"@type":"EntryPoint","urlTemplate":"https:\/\/www.athome.lu\/blog\/?s={search_term_string}"},"query-input":{"@type":"PropertyValueSpecification","valueRequired":true,"valueName":"search_term_string"}}],"inLanguage":"fr-FR"},{"@type":"Person","@id":"https:\/\/www.athome.lu\/blog\/#\/schema\/person\/47f7a38089f837e792876ceddc4cb2dc","name":"Fanny Pimentel","image":{"@type":"ImageObject","inLanguage":"fr-FR","@id":"https:\/\/secure.gravatar.com\/avatar\/c60b27b93851dc9503f9cc9150e73dcb0a86ba6150657e5e4b11d988400bc633?s=96&d=mm&r=g","url":"https:\/\/secure.gravatar.com\/avatar\/c60b27b93851dc9503f9cc9150e73dcb0a86ba6150657e5e4b11d988400bc633?s=96&d=mm&r=g","contentUrl":"https:\/\/secure.gravatar.com\/avatar\/c60b27b93851dc9503f9cc9150e73dcb0a86ba6150657e5e4b11d988400bc633?s=96&d=mm&r=g","caption":"Fanny Pimentel"}}]}},"featured_media_src_url":"https:\/\/www.athome.lu\/blog\/wp-content\/uploads\/2017\/10\/living-room-2155376_1280-1024x683.jpg","_links":{"self":[{"href":"https:\/\/www.athome.lu\/blog\/wp-json\/wp\/v2\/posts\/10427","targetHints":{"allow":["GET"]}}],"collection":[{"href":"https:\/\/www.athome.lu\/blog\/wp-json\/wp\/v2\/posts"}],"about":[{"href":"https:\/\/www.athome.lu\/blog\/wp-json\/wp\/v2\/types\/post"}],"author":[{"embeddable":true,"href":"https:\/\/www.athome.lu\/blog\/wp-json\/wp\/v2\/users\/17"}],"replies":[{"embeddable":true,"href":"https:\/\/www.athome.lu\/blog\/wp-json\/wp\/v2\/comments?post=10427"}],"version-history":[{"count":2,"href":"https:\/\/www.athome.lu\/blog\/wp-json\/wp\/v2\/posts\/10427\/revisions"}],"predecessor-version":[{"id":15226,"href":"https:\/\/www.athome.lu\/blog\/wp-json\/wp\/v2\/posts\/10427\/revisions\/15226"}],"wp:featuredmedia":[{"embeddable":true,"href":"https:\/\/www.athome.lu\/blog\/wp-json\/wp\/v2\/media\/10429"}],"wp:attachment":[{"href":"https:\/\/www.athome.lu\/blog\/wp-json\/wp\/v2\/media?parent=10427"}],"wp:term":[{"taxonomy":"category","embeddable":true,"href":"https:\/\/www.athome.lu\/blog\/wp-json\/wp\/v2\/categories?post=10427"},{"taxonomy":"post_tag","embeddable":true,"href":"https:\/\/www.athome.lu\/blog\/wp-json\/wp\/v2\/tags?post=10427"}],"curies":[{"name":"wp","href":"https:\/\/api.w.org\/{rel}","templated":true}]}}