{"id":10494,"date":"2017-11-08T10:04:36","date_gmt":"2017-11-08T09:04:36","guid":{"rendered":"https:\/\/www.athome.lu\/blog\/?p=10494"},"modified":"2022-05-12T08:56:16","modified_gmt":"2022-05-12T06:56:16","slug":"quels-eclairages-privilegier-en-hiver","status":"publish","type":"post","link":"https:\/\/www.athome.lu\/blog\/mon-logement\/meuble-decoration\/quels-eclairages-privilegier-en-hiver\/","title":{"rendered":"Quels \u00e9clairages privil\u00e9gier en hiver\u00a0chez vous ?"},"content":{"rendered":"\n<p><span style=\"color: #000000;\">La nuit qui tombe plus vite sur des jours devenus plus sombres&nbsp;: pas de doute, l\u2019hiver s\u2019est install\u00e9 pour quelques mois. Vous commencez \u00e0 manquer de lumi\u00e8re et cela risque de se ressentir sur votre moral. Agissez&nbsp;!<\/span><\/p>\n\n\n\n<h2 class=\"wp-block-heading\"><span style=\"color: #000000;\"><strong>Apportez de la luminosit\u00e9<\/strong><\/span><\/h2>\n\n\n\n<p><span style=\"color: #000000;\">Votre objectif pour les semaines \u00e0 venir sera de proposer chez vous ce dont Dame Nature vous prive, \u00e0 savoir la luminosit\u00e9. En p\u00e9riode hivernale, vous pouvez ainsi augmenter le nombre de watts de vos ampoules et privil\u00e9gier les halog\u00e8nes puisque ce sont elles qui diffusent la lumi\u00e8re la plus proche de la lumi\u00e8re naturelle. Sans pour autant refaire toute votre installation, vous pouvez \u00e9galement installer des \u00e9clairages le long des fen\u00eatres (par exemple des spots) qui auront pour effet d\u2019imiter une lumi\u00e8re venant de l\u2019ext\u00e9rieur.<\/span><\/p>\n\n\n\n<h2 class=\"wp-block-heading\"><span style=\"color: #000000;\"><strong>Multipliez les \u00e9clairages<\/strong><\/span><\/h2>\n\n\n\n<p><span style=\"color: #000000;\">En hiver, il est \u00e9galement conseill\u00e9 de multiplier les \u00e9clairages, et ce qu\u2019ils soient directs ou indirects. Si vous ne le faites pas et si vous vous limitez au plafonnier du salon, par exemple, vous aurez l\u2019impression d\u2019un espace restreint. Jouez avec les lampes, les lampadaires, les appliques et m\u00eame les guirlandes lumineuses pour que les pi\u00e8ces de la maison soient baign\u00e9es de lumi\u00e8re. Il s\u2019agit de cr\u00e9er une ambiance plus vivante (sans transformer la maison en f\u00eate foraine, il s\u2019entend).<\/span><\/p>\n\n\n\n<h2 class=\"wp-block-heading\"><span style=\"color: #000000;\"><strong>Attention aux d\u00e9tails techniques<\/strong><\/span><\/h2>\n\n\n\n<p><span style=\"color: #000000;\">Si vous d\u00e9cidez effectivement de changer vos ampoules pour obtenir davantage de lumi\u00e8re, rappelez-vous que nous sommes pass\u00e9s \u00e0 l\u2019\u00e8re des ampoules basse consommation. Vous devez donc raisonner en lumens&nbsp;: pr\u00e9f\u00e9rez ainsi 700\/750 lumens (l\u2019\u00e9quivalent de 60 watts) \u00e0 410\/430 lumens (soit 40 watts). Pour une lumi\u00e8re chaude, regardez les degr\u00e9s Kelvin de l\u2019emballage, ils doivent \u00eatre de 3000&nbsp;\u00b0K. Plus ils d\u00e9passeront ce chiffre, plus vous obtiendrez une lumi\u00e8re froide. Sachez enfin que les fabricants vous indiquent l\u2019IRC, ou Indice de rendu des couleurs, qui doit se rapprocher de 100 (la lumi\u00e8re naturelle) si vous ne voulez pas avoir de mauvaises surprises apr\u00e8s vos s\u00e9ances maquillage dans la salle de bains par exemple.<\/span><\/p>\n\n\n\n<h2 class=\"wp-block-heading\"><span style=\"color: #000000;\"><strong>Connaissez-vous la luminoth\u00e9rapie&nbsp;?<\/strong><\/span><\/h2>\n\n\n\n<p><span style=\"color: #000000;\">Malgr\u00e9 tous ces conseils et changements, la morosit\u00e9 ambiante ne vous l\u00e2che pas\u00a0? Vous \u00eates proche de la d\u00e9pression saisonni\u00e8re\u00a0? Vous avez encore une solution, la luminoth\u00e9rapie. En achetant une lampe sp\u00e9ciale, qui diffuse une lumi\u00e8re blanche \u00e0 large spectre, parfaite imitation de celle du soleil, et en vous y exposant quotidiennement, vous profiterez des bienfaits de la lumi\u00e8re sur votre organisme.<\/span><\/p>\n\n\n<section id=\"section-3-14695\" class=\" ct-section\" ><div class=\"ct-section-inner-wrap\"><div id=\"div_block-4-14695\" class=\"ct-div-block\" ><div id=\"new_columns-7-14695\" class=\"ct-new-columns\" ><div id=\"div_block-8-14695\" class=\"ct-div-block\" ><div id=\"div_block-14-14695\" class=\"ct-div-block\" ><\/div><\/div><div id=\"div_block-9-14695\" class=\"ct-div-block\" ><h1 id=\"headline-11-14695\" class=\"ct-headline\">Quels sont les prix de l'immobilier en ce moment ?<\/h1><div id=\"text_block-12-14695\" class=\"ct-text-block\" >Les prix ralentissent. Les taux d'int\u00e9r\u00eat augmentent. Quelles tendances pour les mois \u00e0 venir ?<\/div><a id=\"link_button-13-14695\" class=\"ct-link-button\" href=\"https:\/\/www.athome.lu\/blog\/blog\/marche-immobilier\/prix\/tendances-2022\/\" target=\"_blank\"  >Lire l'analyse<\/a><\/div><\/div><\/div><\/div><\/section>","protected":false},"excerpt":{"rendered":"<p>La nuit qui tombe plus vite sur des jours devenus plus sombres&nbsp;: pas de doute, l\u2019hiver s\u2019est install\u00e9 pour quelques mois. Vous commencez \u00e0 manquer de lumi\u00e8re et cela risque de se ressentir sur votre moral. Agissez&nbsp;! Apportez de la luminosit\u00e9 Votre objectif pour les semaines \u00e0 venir sera de proposer chez vous ce dont [&hellip;]<\/p>\n","protected":false},"author":17,"featured_media":10495,"comment_status":"closed","ping_status":"open","sticky":false,"template":"","format":"standard","meta":{"_acf_changed":false,"footnotes":""},"categories":[210],"tags":[79],"class_list":["post-10494","post","type-post","status-publish","format-standard","has-post-thumbnail","hentry","category-meuble-decoration","tag-decoration"],"acf":[],"yoast_head":"<!-- This site is optimized with the Yoast SEO plugin v27.4 - https:\/\/yoast.com\/product\/yoast-seo-wordpress\/ -->\n<title>Quels \u00e9clairages privil\u00e9gier en hiver\u00a0\u00e0 la maison? | atHome.lu<\/title>\n<meta name=\"description\" content=\"En hiver, vous commencez \u00e0 manquer de lumi\u00e8re et cela risque de se ressentir sur votre moral. Agissez sur votre \u00e9clairage !\" \/>\n<meta name=\"robots\" content=\"index, follow, max-snippet:-1, max-image-preview:large, max-video-preview:-1\" \/>\n<link rel=\"canonical\" href=\"https:\/\/www.athome.lu\/blog\/mon-logement\/meuble-decoration\/quels-eclairages-privilegier-en-hiver\/\" \/>\n<meta property=\"og:locale\" content=\"fr_FR\" \/>\n<meta property=\"og:type\" content=\"article\" \/>\n<meta property=\"og:title\" content=\"Quels \u00e9clairages privil\u00e9gier en hiver\u00a0\u00e0 la maison? | atHome.lu\" \/>\n<meta property=\"og:description\" content=\"En hiver, vous commencez \u00e0 manquer de lumi\u00e8re et cela risque de se ressentir sur votre moral. Agissez sur votre \u00e9clairage !\" \/>\n<meta property=\"og:url\" content=\"https:\/\/www.athome.lu\/blog\/mon-logement\/meuble-decoration\/quels-eclairages-privilegier-en-hiver\/\" \/>\n<meta property=\"og:site_name\" content=\"atHome Blog\" \/>\n<meta property=\"article:publisher\" content=\"https:\/\/www.facebook.com\/atHome.lu\/\" \/>\n<meta property=\"article:published_time\" content=\"2017-11-08T09:04:36+00:00\" \/>\n<meta property=\"article:modified_time\" content=\"2022-05-12T06:56:16+00:00\" \/>\n<meta property=\"og:image\" content=\"https:\/\/www.athome.lu\/blog\/wp-content\/uploads\/2017\/11\/light-2572771_1280.jpg\" \/>\n\t<meta property=\"og:image:width\" content=\"1200\" \/>\n\t<meta property=\"og:image:height\" content=\"800\" \/>\n\t<meta property=\"og:image:type\" content=\"image\/jpeg\" \/>\n<meta name=\"author\" content=\"Fanny Pimentel\" \/>\n<meta name=\"twitter:card\" content=\"summary_large_image\" \/>\n<meta name=\"twitter:creator\" content=\"@athomelu\" \/>\n<meta name=\"twitter:site\" content=\"@athomelu\" \/>\n<meta name=\"twitter:label1\" content=\"\u00c9crit par\" \/>\n\t<meta name=\"twitter:data1\" content=\"Fanny Pimentel\" \/>\n\t<meta name=\"twitter:label2\" content=\"Dur\u00e9e de lecture estim\u00e9e\" \/>\n\t<meta name=\"twitter:data2\" content=\"3 minutes\" \/>\n<script type=\"application\/ld+json\" class=\"yoast-schema-graph\">{\"@context\":\"https:\\\/\\\/schema.org\",\"@graph\":[{\"@type\":\"Article\",\"@id\":\"https:\\\/\\\/www.athome.lu\\\/blog\\\/mon-logement\\\/meuble-decoration\\\/quels-eclairages-privilegier-en-hiver\\\/#article\",\"isPartOf\":{\"@id\":\"https:\\\/\\\/www.athome.lu\\\/blog\\\/mon-logement\\\/meuble-decoration\\\/quels-eclairages-privilegier-en-hiver\\\/\"},\"author\":{\"name\":\"Fanny Pimentel\",\"@id\":\"https:\\\/\\\/www.athome.lu\\\/blog\\\/#\\\/schema\\\/person\\\/47f7a38089f837e792876ceddc4cb2dc\"},\"headline\":\"Quels \u00e9clairages privil\u00e9gier en hiver\u00a0chez vous ?\",\"datePublished\":\"2017-11-08T09:04:36+00:00\",\"dateModified\":\"2022-05-12T06:56:16+00:00\",\"mainEntityOfPage\":{\"@id\":\"https:\\\/\\\/www.athome.lu\\\/blog\\\/mon-logement\\\/meuble-decoration\\\/quels-eclairages-privilegier-en-hiver\\\/\"},\"wordCount\":444,\"image\":{\"@id\":\"https:\\\/\\\/www.athome.lu\\\/blog\\\/mon-logement\\\/meuble-decoration\\\/quels-eclairages-privilegier-en-hiver\\\/#primaryimage\"},\"thumbnailUrl\":\"https:\\\/\\\/www.athome.lu\\\/blog\\\/wp-content\\\/uploads\\\/2017\\\/11\\\/light-2572771_1280.jpg\",\"keywords\":[\"D\u00e9coration\"],\"articleSection\":[\"Meubler et D\u00e9corer\"],\"inLanguage\":\"fr-FR\"},{\"@type\":\"WebPage\",\"@id\":\"https:\\\/\\\/www.athome.lu\\\/blog\\\/mon-logement\\\/meuble-decoration\\\/quels-eclairages-privilegier-en-hiver\\\/\",\"url\":\"https:\\\/\\\/www.athome.lu\\\/blog\\\/mon-logement\\\/meuble-decoration\\\/quels-eclairages-privilegier-en-hiver\\\/\",\"name\":\"Quels \u00e9clairages privil\u00e9gier en hiver\u00a0\u00e0 la maison? | atHome.lu\",\"isPartOf\":{\"@id\":\"https:\\\/\\\/www.athome.lu\\\/blog\\\/#website\"},\"primaryImageOfPage\":{\"@id\":\"https:\\\/\\\/www.athome.lu\\\/blog\\\/mon-logement\\\/meuble-decoration\\\/quels-eclairages-privilegier-en-hiver\\\/#primaryimage\"},\"image\":{\"@id\":\"https:\\\/\\\/www.athome.lu\\\/blog\\\/mon-logement\\\/meuble-decoration\\\/quels-eclairages-privilegier-en-hiver\\\/#primaryimage\"},\"thumbnailUrl\":\"https:\\\/\\\/www.athome.lu\\\/blog\\\/wp-content\\\/uploads\\\/2017\\\/11\\\/light-2572771_1280.jpg\",\"datePublished\":\"2017-11-08T09:04:36+00:00\",\"dateModified\":\"2022-05-12T06:56:16+00:00\",\"author\":{\"@id\":\"https:\\\/\\\/www.athome.lu\\\/blog\\\/#\\\/schema\\\/person\\\/47f7a38089f837e792876ceddc4cb2dc\"},\"description\":\"En hiver, vous commencez \u00e0 manquer de lumi\u00e8re et cela risque de se ressentir sur votre moral. Agissez sur votre \u00e9clairage !\",\"breadcrumb\":{\"@id\":\"https:\\\/\\\/www.athome.lu\\\/blog\\\/mon-logement\\\/meuble-decoration\\\/quels-eclairages-privilegier-en-hiver\\\/#breadcrumb\"},\"inLanguage\":\"fr-FR\",\"potentialAction\":[{\"@type\":\"ReadAction\",\"target\":[\"https:\\\/\\\/www.athome.lu\\\/blog\\\/mon-logement\\\/meuble-decoration\\\/quels-eclairages-privilegier-en-hiver\\\/\"]}]},{\"@type\":\"ImageObject\",\"inLanguage\":\"fr-FR\",\"@id\":\"https:\\\/\\\/www.athome.lu\\\/blog\\\/mon-logement\\\/meuble-decoration\\\/quels-eclairages-privilegier-en-hiver\\\/#primaryimage\",\"url\":\"https:\\\/\\\/www.athome.lu\\\/blog\\\/wp-content\\\/uploads\\\/2017\\\/11\\\/light-2572771_1280.jpg\",\"contentUrl\":\"https:\\\/\\\/www.athome.lu\\\/blog\\\/wp-content\\\/uploads\\\/2017\\\/11\\\/light-2572771_1280.jpg\",\"width\":1200,\"height\":800,\"caption\":\"Eclairage int\u00e9rieur\"},{\"@type\":\"BreadcrumbList\",\"@id\":\"https:\\\/\\\/www.athome.lu\\\/blog\\\/mon-logement\\\/meuble-decoration\\\/quels-eclairages-privilegier-en-hiver\\\/#breadcrumb\",\"itemListElement\":[{\"@type\":\"ListItem\",\"position\":1,\"name\":\"Accueil\",\"item\":\"https:\\\/\\\/www.athome.lu\\\/blog\\\/\"},{\"@type\":\"ListItem\",\"position\":2,\"name\":\"Mon logement\",\"item\":\"https:\\\/\\\/www.athome.lu\\\/blog\\\/de\\\/category\\\/mein-haus\\\/\"},{\"@type\":\"ListItem\",\"position\":3,\"name\":\"Meubler et D\u00e9corer\",\"item\":\"https:\\\/\\\/www.athome.lu\\\/blog\\\/de\\\/category\\\/mein-haus\\\/deko-mobel\\\/\"},{\"@type\":\"ListItem\",\"position\":4,\"name\":\"Quels \u00e9clairages privil\u00e9gier en hiver\u00a0chez vous ?\"}]},{\"@type\":\"WebSite\",\"@id\":\"https:\\\/\\\/www.athome.lu\\\/blog\\\/#website\",\"url\":\"https:\\\/\\\/www.athome.lu\\\/blog\\\/\",\"name\":\"atHome Blog\",\"description\":\"Annonces immobili\u00e8res au Luxembourg. Le portail immobilier n\u00b01 au Luxembourg.\",\"potentialAction\":[{\"@type\":\"SearchAction\",\"target\":{\"@type\":\"EntryPoint\",\"urlTemplate\":\"https:\\\/\\\/www.athome.lu\\\/blog\\\/?s={search_term_string}\"},\"query-input\":{\"@type\":\"PropertyValueSpecification\",\"valueRequired\":true,\"valueName\":\"search_term_string\"}}],\"inLanguage\":\"fr-FR\"},{\"@type\":\"Person\",\"@id\":\"https:\\\/\\\/www.athome.lu\\\/blog\\\/#\\\/schema\\\/person\\\/47f7a38089f837e792876ceddc4cb2dc\",\"name\":\"Fanny Pimentel\",\"image\":{\"@type\":\"ImageObject\",\"inLanguage\":\"fr-FR\",\"@id\":\"https:\\\/\\\/secure.gravatar.com\\\/avatar\\\/c60b27b93851dc9503f9cc9150e73dcb0a86ba6150657e5e4b11d988400bc633?s=96&d=mm&r=g\",\"url\":\"https:\\\/\\\/secure.gravatar.com\\\/avatar\\\/c60b27b93851dc9503f9cc9150e73dcb0a86ba6150657e5e4b11d988400bc633?s=96&d=mm&r=g\",\"contentUrl\":\"https:\\\/\\\/secure.gravatar.com\\\/avatar\\\/c60b27b93851dc9503f9cc9150e73dcb0a86ba6150657e5e4b11d988400bc633?s=96&d=mm&r=g\",\"caption\":\"Fanny Pimentel\"}}]}<\/script>\n<!-- \/ Yoast SEO plugin. -->","yoast_head_json":{"title":"Quels \u00e9clairages privil\u00e9gier en hiver\u00a0\u00e0 la maison? | atHome.lu","description":"En hiver, vous commencez \u00e0 manquer de lumi\u00e8re et cela risque de se ressentir sur votre moral. Agissez sur votre \u00e9clairage !","robots":{"index":"index","follow":"follow","max-snippet":"max-snippet:-1","max-image-preview":"max-image-preview:large","max-video-preview":"max-video-preview:-1"},"canonical":"https:\/\/www.athome.lu\/blog\/mon-logement\/meuble-decoration\/quels-eclairages-privilegier-en-hiver\/","og_locale":"fr_FR","og_type":"article","og_title":"Quels \u00e9clairages privil\u00e9gier en hiver\u00a0\u00e0 la maison? | atHome.lu","og_description":"En hiver, vous commencez \u00e0 manquer de lumi\u00e8re et cela risque de se ressentir sur votre moral. Agissez sur votre \u00e9clairage !","og_url":"https:\/\/www.athome.lu\/blog\/mon-logement\/meuble-decoration\/quels-eclairages-privilegier-en-hiver\/","og_site_name":"atHome Blog","article_publisher":"https:\/\/www.facebook.com\/atHome.lu\/","article_published_time":"2017-11-08T09:04:36+00:00","article_modified_time":"2022-05-12T06:56:16+00:00","og_image":[{"width":1200,"height":800,"url":"https:\/\/www.athome.lu\/blog\/wp-content\/uploads\/2017\/11\/light-2572771_1280.jpg","type":"image\/jpeg"}],"author":"Fanny Pimentel","twitter_card":"summary_large_image","twitter_creator":"@athomelu","twitter_site":"@athomelu","twitter_misc":{"\u00c9crit par":"Fanny Pimentel","Dur\u00e9e de lecture estim\u00e9e":"3 minutes"},"schema":{"@context":"https:\/\/schema.org","@graph":[{"@type":"Article","@id":"https:\/\/www.athome.lu\/blog\/mon-logement\/meuble-decoration\/quels-eclairages-privilegier-en-hiver\/#article","isPartOf":{"@id":"https:\/\/www.athome.lu\/blog\/mon-logement\/meuble-decoration\/quels-eclairages-privilegier-en-hiver\/"},"author":{"name":"Fanny Pimentel","@id":"https:\/\/www.athome.lu\/blog\/#\/schema\/person\/47f7a38089f837e792876ceddc4cb2dc"},"headline":"Quels \u00e9clairages privil\u00e9gier en hiver\u00a0chez vous ?","datePublished":"2017-11-08T09:04:36+00:00","dateModified":"2022-05-12T06:56:16+00:00","mainEntityOfPage":{"@id":"https:\/\/www.athome.lu\/blog\/mon-logement\/meuble-decoration\/quels-eclairages-privilegier-en-hiver\/"},"wordCount":444,"image":{"@id":"https:\/\/www.athome.lu\/blog\/mon-logement\/meuble-decoration\/quels-eclairages-privilegier-en-hiver\/#primaryimage"},"thumbnailUrl":"https:\/\/www.athome.lu\/blog\/wp-content\/uploads\/2017\/11\/light-2572771_1280.jpg","keywords":["D\u00e9coration"],"articleSection":["Meubler et D\u00e9corer"],"inLanguage":"fr-FR"},{"@type":"WebPage","@id":"https:\/\/www.athome.lu\/blog\/mon-logement\/meuble-decoration\/quels-eclairages-privilegier-en-hiver\/","url":"https:\/\/www.athome.lu\/blog\/mon-logement\/meuble-decoration\/quels-eclairages-privilegier-en-hiver\/","name":"Quels \u00e9clairages privil\u00e9gier en hiver\u00a0\u00e0 la maison? | atHome.lu","isPartOf":{"@id":"https:\/\/www.athome.lu\/blog\/#website"},"primaryImageOfPage":{"@id":"https:\/\/www.athome.lu\/blog\/mon-logement\/meuble-decoration\/quels-eclairages-privilegier-en-hiver\/#primaryimage"},"image":{"@id":"https:\/\/www.athome.lu\/blog\/mon-logement\/meuble-decoration\/quels-eclairages-privilegier-en-hiver\/#primaryimage"},"thumbnailUrl":"https:\/\/www.athome.lu\/blog\/wp-content\/uploads\/2017\/11\/light-2572771_1280.jpg","datePublished":"2017-11-08T09:04:36+00:00","dateModified":"2022-05-12T06:56:16+00:00","author":{"@id":"https:\/\/www.athome.lu\/blog\/#\/schema\/person\/47f7a38089f837e792876ceddc4cb2dc"},"description":"En hiver, vous commencez \u00e0 manquer de lumi\u00e8re et cela risque de se ressentir sur votre moral. Agissez sur votre \u00e9clairage !","breadcrumb":{"@id":"https:\/\/www.athome.lu\/blog\/mon-logement\/meuble-decoration\/quels-eclairages-privilegier-en-hiver\/#breadcrumb"},"inLanguage":"fr-FR","potentialAction":[{"@type":"ReadAction","target":["https:\/\/www.athome.lu\/blog\/mon-logement\/meuble-decoration\/quels-eclairages-privilegier-en-hiver\/"]}]},{"@type":"ImageObject","inLanguage":"fr-FR","@id":"https:\/\/www.athome.lu\/blog\/mon-logement\/meuble-decoration\/quels-eclairages-privilegier-en-hiver\/#primaryimage","url":"https:\/\/www.athome.lu\/blog\/wp-content\/uploads\/2017\/11\/light-2572771_1280.jpg","contentUrl":"https:\/\/www.athome.lu\/blog\/wp-content\/uploads\/2017\/11\/light-2572771_1280.jpg","width":1200,"height":800,"caption":"Eclairage int\u00e9rieur"},{"@type":"BreadcrumbList","@id":"https:\/\/www.athome.lu\/blog\/mon-logement\/meuble-decoration\/quels-eclairages-privilegier-en-hiver\/#breadcrumb","itemListElement":[{"@type":"ListItem","position":1,"name":"Accueil","item":"https:\/\/www.athome.lu\/blog\/"},{"@type":"ListItem","position":2,"name":"Mon logement","item":"https:\/\/www.athome.lu\/blog\/de\/category\/mein-haus\/"},{"@type":"ListItem","position":3,"name":"Meubler et D\u00e9corer","item":"https:\/\/www.athome.lu\/blog\/de\/category\/mein-haus\/deko-mobel\/"},{"@type":"ListItem","position":4,"name":"Quels \u00e9clairages privil\u00e9gier en hiver\u00a0chez vous ?"}]},{"@type":"WebSite","@id":"https:\/\/www.athome.lu\/blog\/#website","url":"https:\/\/www.athome.lu\/blog\/","name":"atHome Blog","description":"Annonces immobili\u00e8res au Luxembourg. Le portail immobilier n\u00b01 au Luxembourg.","potentialAction":[{"@type":"SearchAction","target":{"@type":"EntryPoint","urlTemplate":"https:\/\/www.athome.lu\/blog\/?s={search_term_string}"},"query-input":{"@type":"PropertyValueSpecification","valueRequired":true,"valueName":"search_term_string"}}],"inLanguage":"fr-FR"},{"@type":"Person","@id":"https:\/\/www.athome.lu\/blog\/#\/schema\/person\/47f7a38089f837e792876ceddc4cb2dc","name":"Fanny Pimentel","image":{"@type":"ImageObject","inLanguage":"fr-FR","@id":"https:\/\/secure.gravatar.com\/avatar\/c60b27b93851dc9503f9cc9150e73dcb0a86ba6150657e5e4b11d988400bc633?s=96&d=mm&r=g","url":"https:\/\/secure.gravatar.com\/avatar\/c60b27b93851dc9503f9cc9150e73dcb0a86ba6150657e5e4b11d988400bc633?s=96&d=mm&r=g","contentUrl":"https:\/\/secure.gravatar.com\/avatar\/c60b27b93851dc9503f9cc9150e73dcb0a86ba6150657e5e4b11d988400bc633?s=96&d=mm&r=g","caption":"Fanny Pimentel"}}]}},"featured_media_src_url":"https:\/\/www.athome.lu\/blog\/wp-content\/uploads\/2017\/11\/light-2572771_1280-1024x683.jpg","_links":{"self":[{"href":"https:\/\/www.athome.lu\/blog\/wp-json\/wp\/v2\/posts\/10494","targetHints":{"allow":["GET"]}}],"collection":[{"href":"https:\/\/www.athome.lu\/blog\/wp-json\/wp\/v2\/posts"}],"about":[{"href":"https:\/\/www.athome.lu\/blog\/wp-json\/wp\/v2\/types\/post"}],"author":[{"embeddable":true,"href":"https:\/\/www.athome.lu\/blog\/wp-json\/wp\/v2\/users\/17"}],"replies":[{"embeddable":true,"href":"https:\/\/www.athome.lu\/blog\/wp-json\/wp\/v2\/comments?post=10494"}],"version-history":[{"count":2,"href":"https:\/\/www.athome.lu\/blog\/wp-json\/wp\/v2\/posts\/10494\/revisions"}],"predecessor-version":[{"id":15218,"href":"https:\/\/www.athome.lu\/blog\/wp-json\/wp\/v2\/posts\/10494\/revisions\/15218"}],"wp:featuredmedia":[{"embeddable":true,"href":"https:\/\/www.athome.lu\/blog\/wp-json\/wp\/v2\/media\/10495"}],"wp:attachment":[{"href":"https:\/\/www.athome.lu\/blog\/wp-json\/wp\/v2\/media?parent=10494"}],"wp:term":[{"taxonomy":"category","embeddable":true,"href":"https:\/\/www.athome.lu\/blog\/wp-json\/wp\/v2\/categories?post=10494"},{"taxonomy":"post_tag","embeddable":true,"href":"https:\/\/www.athome.lu\/blog\/wp-json\/wp\/v2\/tags?post=10494"}],"curies":[{"name":"wp","href":"https:\/\/api.w.org\/{rel}","templated":true}]}}