{"id":10586,"date":"2017-11-21T08:10:39","date_gmt":"2017-11-21T07:10:39","guid":{"rendered":"https:\/\/www.athome.lu\/blog\/?p=10586"},"modified":"2022-05-12T08:53:58","modified_gmt":"2022-05-12T06:53:58","slug":"beggen-un-poumon-vert-pour-la-capitale","status":"publish","type":"post","link":"https:\/\/www.athome.lu\/blog\/marche-immobilier\/villes\/beggen-un-poumon-vert-pour-la-capitale\/","title":{"rendered":"Beggen, un poumon vert pour la capitale"},"content":{"rendered":"\n<p><span style=\"color: #000000;\">A la lisi\u00e8re nord de la capitale, le quartier de Beggen jouit d\u2019une situation id\u00e9ale. Avec ses \u00eelots de verdure et l\u2019Alzette qui le traverse, Beggen est un havre de paix, au point d\u2019attirer de plus en plus de nouveaux r\u00e9sidents \u00e0 la recherche de calme \u00e0 proximit\u00e9 du centre-ville. Plusieurs projets immobiliers sont en cours de d\u00e9veloppement.<\/span><\/p>\n\n\n\n<p><span style=\"color: #000000;\">Entour\u00e9 par les quartiers de Dommeldange \u00e0 l\u2019est, d\u2019Eich au sud et de M\u00fchlenbach \u00e0 l\u2019ouest, ainsi que par les communes de Walferdange et Bereldange au nord, Beggen est un quartier relativement calme et familial.<\/span><\/p>\n\n\n\n<h2 class=\"wp-block-heading\"><span style=\"color: #000000;\"><strong>Une population cosmopolite<\/strong><\/span><\/h2>\n\n\n\n<p><span style=\"color: #000000;\">Avec 3.455 habitants (au 31 d\u00e9cembre 2016), Beggen regroupe 3% de la population de Luxembourg-Ville sur un territoire de 4km<sup>2<\/sup>. La mixit\u00e9 y est importante puisque 90 nationalit\u00e9s sont repr\u00e9sent\u00e9es dans le quartier. Si les luxembourgeois constituent environ 30% des r\u00e9sidents, la majorit\u00e9 de la population est d\u2019origine \u00e9trang\u00e8re. Fran\u00e7ais, Portugais, Italiens, Belges, Russes, Allemands et Polonais sont les nationalit\u00e9s les plus fortement repr\u00e9sent\u00e9es.<\/span><\/p>\n\n\n\n<p><span style=\"color: #000000;\">La population y est plut\u00f4t jeune, compos\u00e9e majoritairement de familles avec enfants. En mati\u00e8re de logement, le quartier comporte principalement des rues r\u00e9sidentielles avec des maisons individuelles.<\/span><\/p>\n\n\n\n<div class=\"wp-block-image\"><figure class=\"aligncenter\"><img loading=\"lazy\" decoding=\"async\" width=\"1024\" height=\"683\" src=\"https:\/\/www.athome.lu\/blog\/blog\/wp-content\/uploads\/2017\/11\/beggen2-1024x683.jpg\" alt=\"Beggen, Luxembourg\" class=\"wp-image-10589\" srcset=\"https:\/\/www.athome.lu\/blog\/wp-content\/uploads\/2017\/11\/beggen2-1024x683.jpg 1024w, https:\/\/www.athome.lu\/blog\/wp-content\/uploads\/2017\/11\/beggen2-300x200.jpg 300w, https:\/\/www.athome.lu\/blog\/wp-content\/uploads\/2017\/11\/beggen2-768x512.jpg 768w, https:\/\/www.athome.lu\/blog\/wp-content\/uploads\/2017\/11\/beggen2-18x12.jpg 18w, https:\/\/www.athome.lu\/blog\/wp-content\/uploads\/2017\/11\/beggen2.jpg 1200w\" sizes=\"auto, (max-width: 1024px) 100vw, 1024px\" \/><\/figure><\/div>\n\n\n\n<p><\/p>\n\n\n\n<h2 class=\"wp-block-heading\"><span style=\"color: #000000;\"><strong>Bonnes liaisons avec le centre-ville<\/strong><\/span><\/h2>\n\n\n\n<p><span style=\"color: #000000;\">Beggen peut compter parmi ses atouts, de tr\u00e8s bonnes liaisons avec le centre-ville. Plusieurs lignes de bus desservent chaque jour le quartier qui compte une douzaine d\u2019arr\u00eats. Beggen compte \u00e9galement 10 emplacements qui r\u00e9serv\u00e9s aux personnes \u00e0 mobilit\u00e9 r\u00e9duite. La mobilit\u00e9 douce n\u2019est pas oubli\u00e9e. Plusieurs pistes cyclables sont emprunt\u00e9es quotidiennement.<\/span><\/p>\n\n\n\n<p><span style=\"color: #000000;\">Sa proximit\u00e9 avec le centre et le quartier du Kirchberg entra\u00eene toutefois une hausse importante du trafic sur l\u2019art\u00e8re principale mais \u00e9galement dans les rues r\u00e9sidentielles perpendiculaires. M\u00eame si le quartier ne dispose pas de sa propre gare, il est travers\u00e9 par la ligne de chemin de fer reliant le centre-ville aux gares de Dommeldange et Walferdange. Parall\u00e8le \u00e0 la route principale et \u00e0 l\u2019Alzette, la voie ferr\u00e9e divise le quartier en trois zones individuelles.<\/span><\/p>\n\n\n<section id=\"section-3-14695\" class=\" ct-section\" ><div class=\"ct-section-inner-wrap\"><div id=\"div_block-4-14695\" class=\"ct-div-block\" ><div id=\"new_columns-7-14695\" class=\"ct-new-columns\" ><div id=\"div_block-8-14695\" class=\"ct-div-block\" ><div id=\"div_block-14-14695\" class=\"ct-div-block\" ><\/div><\/div><div id=\"div_block-9-14695\" class=\"ct-div-block\" ><h1 id=\"headline-11-14695\" class=\"ct-headline\">Quels sont les prix de l'immobilier en ce moment ?<\/h1><div id=\"text_block-12-14695\" class=\"ct-text-block\" >Les prix ralentissent. Les taux d'int\u00e9r\u00eat augmentent. Quelles tendances pour les mois \u00e0 venir ?<\/div><a id=\"link_button-13-14695\" class=\"ct-link-button\" href=\"https:\/\/www.athome.lu\/blog\/blog\/marche-immobilier\/prix\/tendances-2022\/\" target=\"_blank\"  >Lire l'analyse<\/a><\/div><\/div><\/div><\/div><\/section>\n\n\n<h2 class=\"wp-block-heading\"><span style=\"color: #000000;\"><strong>Une offre importante d\u2019infrastructures<\/strong><\/span><\/h2>\n\n\n\n<p><span style=\"color: #000000;\">Au niveau de ses infrastructures, Beggen peut compter sur de nombreux atouts. Le quartier dispose de zones importantes de loisirs d\u00e9di\u00e9es \u00e0 la culture et au sport. Jeunes et moins jeunes peuvent ainsi profiter de cinq aires de jeux, d\u2019un terrain de foot, de terrains de tennis, d\u2019un hall omnisports, d\u2019un stade mais \u00e9galement d\u2019un centre culturel. Cette offre tr\u00e8s large et de qualit\u00e9 r\u00e9pond \u00e0 tous les besoins ou presque.<\/span><\/p>\n\n\n\n<p><span style=\"color: #000000;\">Afin de r\u00e9pondre au mieux \u00e0 l\u2019augmentation de sa population et aux besoins des familles, Beggen poss\u00e8de une offre compl\u00e8te d\u2019enseignement fondamental. Plusieurs \u00e9tablissements situ\u00e9s au centre du quartier accueillent les enfants&nbsp; des premiers. Un foyer scolaire dont la capacit\u00e9 d\u2019accueil a \u00e9t\u00e9 revue \u00e0 la hausse vient compl\u00e9ter cette offre.<\/span><\/p>\n\n\n\n<p><span style=\"color: #000000;\">La rue de Beggen, l\u2019art\u00e8re principale, regroupe les diff\u00e9rents commerces du quartier et en fait un lieu de passage fr\u00e9quent\u00e9. Beggen dispose de son propre centre commercial, Centre Espace, qui compte une quinzaine d\u2019enseignes.<\/span><\/p>\n\n\n\n<h2 class=\"wp-block-heading\"><span style=\"color: #000000;\"><strong>La nature mise \u00e0 l\u2019honneur<\/strong><\/span><\/h2>\n\n\n\n<p><span style=\"color: #000000;\">Beggen dispose \u00e9galement de nombreux espaces de d\u00e9tente et plusieurs ilots de verdure au niveau de l\u2019Eecherfeld et du Mont Dommeldange qui invitent \u00e0 la ballade, en v\u00e9lo ou \u00e0 pied, sur les sentiers p\u00e9destres et pistes cyclables. Des espaces verts le long de l\u2019Alzette renforcent l\u2019attractivit\u00e9 du quartier.<\/span><\/p>\n\n\n\n<h2 class=\"wp-block-heading\"><span style=\"color: #000000;\"><strong>De nouveaux am\u00e9nagements r\u00e9alis\u00e9s ou en cours<\/strong><\/span><\/h2>\n\n\n\n<p><span style=\"color: #000000;\">Pour assurer la qualit\u00e9 de vie de ses habitants, Beggen d\u00e9veloppe de nouveaux projets. Sa station d\u2019\u00e9puration, \u00e0 la fronti\u00e8re avec la commune de Walferdange, est un point central du quartier. La Ville de Luxembourg y a entrepris en 2012 des travaux de construction d\u2019un collecteur la reliant \u00e0 la station d\u2019\u00e9puration de Bonnevoie sur une longueur de plus de 6 kilom\u00e8tres. Le chantier, qui devrait se terminer en 2019, a pour objectif de rassembler \u00e0 Beggen les eaux us\u00e9es provenant des autres quartiers de la Ville et d\u00e9charger ainsi les collecteurs existants. Les avantages sont nombreux, ce collecteur pourra \u00e9galement servir de bassin de r\u00e9tention des eaux ou de bassin de secours en cas de panne de la station. Un projet vot\u00e9 en d\u00e9but d\u2019ann\u00e9e pr\u00e9voit \u00e9galement l\u2019installation de traitement des eaux de reflux de la d\u00e9shydratation des boues.<\/span><\/p>\n\n\n\n<div class=\"wp-block-image\"><figure class=\"aligncenter\"><img loading=\"lazy\" decoding=\"async\" width=\"1024\" height=\"683\" src=\"https:\/\/www.athome.lu\/blog\/blog\/wp-content\/uploads\/2017\/11\/beggen3-1024x683.jpg\" alt=\"R\u00e9sidence Beggen\" class=\"wp-image-10590\" srcset=\"https:\/\/www.athome.lu\/blog\/wp-content\/uploads\/2017\/11\/beggen3-1024x683.jpg 1024w, https:\/\/www.athome.lu\/blog\/wp-content\/uploads\/2017\/11\/beggen3-300x200.jpg 300w, https:\/\/www.athome.lu\/blog\/wp-content\/uploads\/2017\/11\/beggen3-768x512.jpg 768w, https:\/\/www.athome.lu\/blog\/wp-content\/uploads\/2017\/11\/beggen3-18x12.jpg 18w, https:\/\/www.athome.lu\/blog\/wp-content\/uploads\/2017\/11\/beggen3.jpg 1200w\" sizes=\"auto, (max-width: 1024px) 100vw, 1024px\" \/><\/figure><\/div>\n\n\n\n<p><\/p>\n\n\n\n<p><span style=\"color: #000000;\">En mati\u00e8re de logement, la r\u00e9sidence interg\u00e9n\u00e9rationnelle de Luxembourg-Beggen \u00ab&nbsp;Doheem mateneen&nbsp;\u00bb de 25 appartements a \u00e9t\u00e9 inaugur\u00e9e en f\u00e9vrier 2017. Ce projet, pilot\u00e9 par Caritas Luxembourg, permet \u00e0 des personnes \u00e2g\u00e9es \u00e0 revenus modestes de cohabiter avec des \u00e9tudiants de l\u2019Universit\u00e9 du Luxembourg. Le but est de r\u00e9unir ces cat\u00e9gories de personnes parfois isol\u00e9es. En \u00e9change d\u2019un loyer tr\u00e8s mod\u00e9r\u00e9, les \u00e9tudiants aident leurs a\u00een\u00e9s dans les t\u00e2ches quotidiennes. La r\u00e9sidence est partag\u00e9e entre des espaces r\u00e9serv\u00e9s aux \u00e9tudiants et d\u2019autres aux personnes \u00e2g\u00e9es en raison de leur rythme de vie diff\u00e9rents, compl\u00e9t\u00e9s par des espaces communs. <\/span><br><span style=\"color: #000000;\"> Depuis mars 2016, atHome Group et Caritas Luxembourg sont d\u2019ailleurs partenaires, avec un objectif commun : am\u00e9liorer l\u2019habitat et le relogement des personnes les plus vuln\u00e9rables. Le 15 d\u00e9cembre 2016, autour d\u2019une journ\u00e9e sociale et solidaire, 60 employ\u00e9s d\u2019atHome ont particip\u00e9 \u00e0 l\u2019am\u00e9nagement de la r\u00e9sidence de Beggen, chacun avec ses comp\u00e9tences et sa bonne humeur !<\/span><\/p>\n\n\n\n<p><span style=\"color: #000000;\">Enfin, un centre de communication pour personnes sourdes et malentendantes devrait \u00e9galement voir le jour alors que le pont franchissant l\u2019Alzette sera remplac\u00e9.<\/span><\/p>\n","protected":false},"excerpt":{"rendered":"<p>A la lisi\u00e8re nord de la capitale, le quartier de Beggen jouit d\u2019une situation id\u00e9ale. Avec ses \u00eelots de verdure et l\u2019Alzette qui le traverse, Beggen est un havre de paix, au point d\u2019attirer de plus en plus de nouveaux r\u00e9sidents \u00e0 la recherche de calme \u00e0 proximit\u00e9 du centre-ville. Plusieurs projets immobiliers sont en [&hellip;]<\/p>\n","protected":false},"author":17,"featured_media":10588,"comment_status":"closed","ping_status":"open","sticky":false,"template":"","format":"standard","meta":{"_acf_changed":false,"footnotes":""},"categories":[218],"tags":[95,90],"class_list":["post-10586","post","type-post","status-publish","format-standard","has-post-thumbnail","hentry","category-villes","tag-centre","tag-vie-quotidienne"],"acf":[],"yoast_head":"<!-- This site is optimized with the Yoast SEO plugin v27.4 - https:\/\/yoast.com\/product\/yoast-seo-wordpress\/ -->\n<title>\u25b7 Beggen, un poumon vert pour la capitale | atHome<\/title>\n<meta name=\"description\" content=\"Zoom sur le quartier de Beggen \u25ba Avec ses \u00eelots de verdure et l\u2019Alzette qui le traverse, Beggen est un havre de paix.\" \/>\n<meta name=\"robots\" content=\"index, follow, max-snippet:-1, max-image-preview:large, max-video-preview:-1\" \/>\n<link rel=\"canonical\" href=\"https:\/\/www.athome.lu\/blog\/marche-immobilier\/villes\/beggen-un-poumon-vert-pour-la-capitale\/\" \/>\n<meta property=\"og:locale\" content=\"fr_FR\" \/>\n<meta property=\"og:type\" content=\"article\" \/>\n<meta property=\"og:title\" content=\"\u25b7 Beggen, un poumon vert pour la capitale | atHome\" \/>\n<meta property=\"og:description\" content=\"Zoom sur le quartier de Beggen \u25ba Avec ses \u00eelots de verdure et l\u2019Alzette qui le traverse, Beggen est un havre de paix.\" \/>\n<meta property=\"og:url\" content=\"https:\/\/www.athome.lu\/blog\/marche-immobilier\/villes\/beggen-un-poumon-vert-pour-la-capitale\/\" \/>\n<meta property=\"og:site_name\" content=\"atHome Blog\" \/>\n<meta property=\"article:publisher\" content=\"https:\/\/www.facebook.com\/atHome.lu\/\" \/>\n<meta property=\"article:published_time\" content=\"2017-11-21T07:10:39+00:00\" \/>\n<meta property=\"article:modified_time\" content=\"2022-05-12T06:53:58+00:00\" \/>\n<meta property=\"og:image\" content=\"https:\/\/www.athome.lu\/blog\/wp-content\/uploads\/2017\/11\/Beggen.jpg\" \/>\n\t<meta property=\"og:image:width\" content=\"1200\" \/>\n\t<meta property=\"og:image:height\" content=\"800\" \/>\n\t<meta property=\"og:image:type\" content=\"image\/jpeg\" \/>\n<meta name=\"author\" content=\"Fanny Pimentel\" \/>\n<meta name=\"twitter:card\" content=\"summary_large_image\" \/>\n<meta name=\"twitter:creator\" content=\"@athomelu\" \/>\n<meta name=\"twitter:site\" content=\"@athomelu\" \/>\n<meta name=\"twitter:label1\" content=\"\u00c9crit par\" \/>\n\t<meta name=\"twitter:data1\" content=\"Fanny Pimentel\" \/>\n\t<meta name=\"twitter:label2\" content=\"Dur\u00e9e de lecture estim\u00e9e\" \/>\n\t<meta name=\"twitter:data2\" content=\"5 minutes\" \/>\n<script type=\"application\/ld+json\" class=\"yoast-schema-graph\">{\"@context\":\"https:\\\/\\\/schema.org\",\"@graph\":[{\"@type\":\"Article\",\"@id\":\"https:\\\/\\\/www.athome.lu\\\/blog\\\/marche-immobilier\\\/villes\\\/beggen-un-poumon-vert-pour-la-capitale\\\/#article\",\"isPartOf\":{\"@id\":\"https:\\\/\\\/www.athome.lu\\\/blog\\\/marche-immobilier\\\/villes\\\/beggen-un-poumon-vert-pour-la-capitale\\\/\"},\"author\":{\"name\":\"Fanny Pimentel\",\"@id\":\"https:\\\/\\\/www.athome.lu\\\/blog\\\/#\\\/schema\\\/person\\\/47f7a38089f837e792876ceddc4cb2dc\"},\"headline\":\"Beggen, un poumon vert pour la capitale\",\"datePublished\":\"2017-11-21T07:10:39+00:00\",\"dateModified\":\"2022-05-12T06:53:58+00:00\",\"mainEntityOfPage\":{\"@id\":\"https:\\\/\\\/www.athome.lu\\\/blog\\\/marche-immobilier\\\/villes\\\/beggen-un-poumon-vert-pour-la-capitale\\\/\"},\"wordCount\":958,\"image\":{\"@id\":\"https:\\\/\\\/www.athome.lu\\\/blog\\\/marche-immobilier\\\/villes\\\/beggen-un-poumon-vert-pour-la-capitale\\\/#primaryimage\"},\"thumbnailUrl\":\"https:\\\/\\\/www.athome.lu\\\/blog\\\/wp-content\\\/uploads\\\/2017\\\/11\\\/Beggen.jpg\",\"keywords\":[\"Centre\",\"Vie quotidienne\"],\"articleSection\":[\"Villes\"],\"inLanguage\":\"fr-FR\"},{\"@type\":\"WebPage\",\"@id\":\"https:\\\/\\\/www.athome.lu\\\/blog\\\/marche-immobilier\\\/villes\\\/beggen-un-poumon-vert-pour-la-capitale\\\/\",\"url\":\"https:\\\/\\\/www.athome.lu\\\/blog\\\/marche-immobilier\\\/villes\\\/beggen-un-poumon-vert-pour-la-capitale\\\/\",\"name\":\"\u25b7 Beggen, un poumon vert pour la capitale | atHome\",\"isPartOf\":{\"@id\":\"https:\\\/\\\/www.athome.lu\\\/blog\\\/#website\"},\"primaryImageOfPage\":{\"@id\":\"https:\\\/\\\/www.athome.lu\\\/blog\\\/marche-immobilier\\\/villes\\\/beggen-un-poumon-vert-pour-la-capitale\\\/#primaryimage\"},\"image\":{\"@id\":\"https:\\\/\\\/www.athome.lu\\\/blog\\\/marche-immobilier\\\/villes\\\/beggen-un-poumon-vert-pour-la-capitale\\\/#primaryimage\"},\"thumbnailUrl\":\"https:\\\/\\\/www.athome.lu\\\/blog\\\/wp-content\\\/uploads\\\/2017\\\/11\\\/Beggen.jpg\",\"datePublished\":\"2017-11-21T07:10:39+00:00\",\"dateModified\":\"2022-05-12T06:53:58+00:00\",\"author\":{\"@id\":\"https:\\\/\\\/www.athome.lu\\\/blog\\\/#\\\/schema\\\/person\\\/47f7a38089f837e792876ceddc4cb2dc\"},\"description\":\"Zoom sur le quartier de Beggen \u25ba Avec ses \u00eelots de verdure et l\u2019Alzette qui le traverse, Beggen est un havre de paix.\",\"breadcrumb\":{\"@id\":\"https:\\\/\\\/www.athome.lu\\\/blog\\\/marche-immobilier\\\/villes\\\/beggen-un-poumon-vert-pour-la-capitale\\\/#breadcrumb\"},\"inLanguage\":\"fr-FR\",\"potentialAction\":[{\"@type\":\"ReadAction\",\"target\":[\"https:\\\/\\\/www.athome.lu\\\/blog\\\/marche-immobilier\\\/villes\\\/beggen-un-poumon-vert-pour-la-capitale\\\/\"]}]},{\"@type\":\"ImageObject\",\"inLanguage\":\"fr-FR\",\"@id\":\"https:\\\/\\\/www.athome.lu\\\/blog\\\/marche-immobilier\\\/villes\\\/beggen-un-poumon-vert-pour-la-capitale\\\/#primaryimage\",\"url\":\"https:\\\/\\\/www.athome.lu\\\/blog\\\/wp-content\\\/uploads\\\/2017\\\/11\\\/Beggen.jpg\",\"contentUrl\":\"https:\\\/\\\/www.athome.lu\\\/blog\\\/wp-content\\\/uploads\\\/2017\\\/11\\\/Beggen.jpg\",\"width\":1200,\"height\":800,\"caption\":\"Quartier de Beggen\"},{\"@type\":\"BreadcrumbList\",\"@id\":\"https:\\\/\\\/www.athome.lu\\\/blog\\\/marche-immobilier\\\/villes\\\/beggen-un-poumon-vert-pour-la-capitale\\\/#breadcrumb\",\"itemListElement\":[{\"@type\":\"ListItem\",\"position\":1,\"name\":\"Accueil\",\"item\":\"https:\\\/\\\/www.athome.lu\\\/blog\\\/\"},{\"@type\":\"ListItem\",\"position\":2,\"name\":\"March\u00e9 immobilier\",\"item\":\"https:\\\/\\\/www.athome.lu\\\/blog\\\/category\\\/marche-immobilier\\\/\"},{\"@type\":\"ListItem\",\"position\":3,\"name\":\"Villes\",\"item\":\"https:\\\/\\\/www.athome.lu\\\/blog\\\/category\\\/marche-immobilier\\\/villes\\\/\"},{\"@type\":\"ListItem\",\"position\":4,\"name\":\"Beggen, un poumon vert pour la capitale\"}]},{\"@type\":\"WebSite\",\"@id\":\"https:\\\/\\\/www.athome.lu\\\/blog\\\/#website\",\"url\":\"https:\\\/\\\/www.athome.lu\\\/blog\\\/\",\"name\":\"atHome Blog\",\"description\":\"Annonces immobili\u00e8res au Luxembourg. Le portail immobilier n\u00b01 au Luxembourg.\",\"potentialAction\":[{\"@type\":\"SearchAction\",\"target\":{\"@type\":\"EntryPoint\",\"urlTemplate\":\"https:\\\/\\\/www.athome.lu\\\/blog\\\/?s={search_term_string}\"},\"query-input\":{\"@type\":\"PropertyValueSpecification\",\"valueRequired\":true,\"valueName\":\"search_term_string\"}}],\"inLanguage\":\"fr-FR\"},{\"@type\":\"Person\",\"@id\":\"https:\\\/\\\/www.athome.lu\\\/blog\\\/#\\\/schema\\\/person\\\/47f7a38089f837e792876ceddc4cb2dc\",\"name\":\"Fanny Pimentel\",\"image\":{\"@type\":\"ImageObject\",\"inLanguage\":\"fr-FR\",\"@id\":\"https:\\\/\\\/secure.gravatar.com\\\/avatar\\\/c60b27b93851dc9503f9cc9150e73dcb0a86ba6150657e5e4b11d988400bc633?s=96&d=mm&r=g\",\"url\":\"https:\\\/\\\/secure.gravatar.com\\\/avatar\\\/c60b27b93851dc9503f9cc9150e73dcb0a86ba6150657e5e4b11d988400bc633?s=96&d=mm&r=g\",\"contentUrl\":\"https:\\\/\\\/secure.gravatar.com\\\/avatar\\\/c60b27b93851dc9503f9cc9150e73dcb0a86ba6150657e5e4b11d988400bc633?s=96&d=mm&r=g\",\"caption\":\"Fanny Pimentel\"}}]}<\/script>\n<!-- \/ Yoast SEO plugin. -->","yoast_head_json":{"title":"\u25b7 Beggen, un poumon vert pour la capitale | atHome","description":"Zoom sur le quartier de Beggen \u25ba Avec ses \u00eelots de verdure et l\u2019Alzette qui le traverse, Beggen est un havre de paix.","robots":{"index":"index","follow":"follow","max-snippet":"max-snippet:-1","max-image-preview":"max-image-preview:large","max-video-preview":"max-video-preview:-1"},"canonical":"https:\/\/www.athome.lu\/blog\/marche-immobilier\/villes\/beggen-un-poumon-vert-pour-la-capitale\/","og_locale":"fr_FR","og_type":"article","og_title":"\u25b7 Beggen, un poumon vert pour la capitale | atHome","og_description":"Zoom sur le quartier de Beggen \u25ba Avec ses \u00eelots de verdure et l\u2019Alzette qui le traverse, Beggen est un havre de paix.","og_url":"https:\/\/www.athome.lu\/blog\/marche-immobilier\/villes\/beggen-un-poumon-vert-pour-la-capitale\/","og_site_name":"atHome Blog","article_publisher":"https:\/\/www.facebook.com\/atHome.lu\/","article_published_time":"2017-11-21T07:10:39+00:00","article_modified_time":"2022-05-12T06:53:58+00:00","og_image":[{"width":1200,"height":800,"url":"https:\/\/www.athome.lu\/blog\/wp-content\/uploads\/2017\/11\/Beggen.jpg","type":"image\/jpeg"}],"author":"Fanny Pimentel","twitter_card":"summary_large_image","twitter_creator":"@athomelu","twitter_site":"@athomelu","twitter_misc":{"\u00c9crit par":"Fanny Pimentel","Dur\u00e9e de lecture estim\u00e9e":"5 minutes"},"schema":{"@context":"https:\/\/schema.org","@graph":[{"@type":"Article","@id":"https:\/\/www.athome.lu\/blog\/marche-immobilier\/villes\/beggen-un-poumon-vert-pour-la-capitale\/#article","isPartOf":{"@id":"https:\/\/www.athome.lu\/blog\/marche-immobilier\/villes\/beggen-un-poumon-vert-pour-la-capitale\/"},"author":{"name":"Fanny Pimentel","@id":"https:\/\/www.athome.lu\/blog\/#\/schema\/person\/47f7a38089f837e792876ceddc4cb2dc"},"headline":"Beggen, un poumon vert pour la capitale","datePublished":"2017-11-21T07:10:39+00:00","dateModified":"2022-05-12T06:53:58+00:00","mainEntityOfPage":{"@id":"https:\/\/www.athome.lu\/blog\/marche-immobilier\/villes\/beggen-un-poumon-vert-pour-la-capitale\/"},"wordCount":958,"image":{"@id":"https:\/\/www.athome.lu\/blog\/marche-immobilier\/villes\/beggen-un-poumon-vert-pour-la-capitale\/#primaryimage"},"thumbnailUrl":"https:\/\/www.athome.lu\/blog\/wp-content\/uploads\/2017\/11\/Beggen.jpg","keywords":["Centre","Vie quotidienne"],"articleSection":["Villes"],"inLanguage":"fr-FR"},{"@type":"WebPage","@id":"https:\/\/www.athome.lu\/blog\/marche-immobilier\/villes\/beggen-un-poumon-vert-pour-la-capitale\/","url":"https:\/\/www.athome.lu\/blog\/marche-immobilier\/villes\/beggen-un-poumon-vert-pour-la-capitale\/","name":"\u25b7 Beggen, un poumon vert pour la capitale | atHome","isPartOf":{"@id":"https:\/\/www.athome.lu\/blog\/#website"},"primaryImageOfPage":{"@id":"https:\/\/www.athome.lu\/blog\/marche-immobilier\/villes\/beggen-un-poumon-vert-pour-la-capitale\/#primaryimage"},"image":{"@id":"https:\/\/www.athome.lu\/blog\/marche-immobilier\/villes\/beggen-un-poumon-vert-pour-la-capitale\/#primaryimage"},"thumbnailUrl":"https:\/\/www.athome.lu\/blog\/wp-content\/uploads\/2017\/11\/Beggen.jpg","datePublished":"2017-11-21T07:10:39+00:00","dateModified":"2022-05-12T06:53:58+00:00","author":{"@id":"https:\/\/www.athome.lu\/blog\/#\/schema\/person\/47f7a38089f837e792876ceddc4cb2dc"},"description":"Zoom sur le quartier de Beggen \u25ba Avec ses \u00eelots de verdure et l\u2019Alzette qui le traverse, Beggen est un havre de paix.","breadcrumb":{"@id":"https:\/\/www.athome.lu\/blog\/marche-immobilier\/villes\/beggen-un-poumon-vert-pour-la-capitale\/#breadcrumb"},"inLanguage":"fr-FR","potentialAction":[{"@type":"ReadAction","target":["https:\/\/www.athome.lu\/blog\/marche-immobilier\/villes\/beggen-un-poumon-vert-pour-la-capitale\/"]}]},{"@type":"ImageObject","inLanguage":"fr-FR","@id":"https:\/\/www.athome.lu\/blog\/marche-immobilier\/villes\/beggen-un-poumon-vert-pour-la-capitale\/#primaryimage","url":"https:\/\/www.athome.lu\/blog\/wp-content\/uploads\/2017\/11\/Beggen.jpg","contentUrl":"https:\/\/www.athome.lu\/blog\/wp-content\/uploads\/2017\/11\/Beggen.jpg","width":1200,"height":800,"caption":"Quartier de Beggen"},{"@type":"BreadcrumbList","@id":"https:\/\/www.athome.lu\/blog\/marche-immobilier\/villes\/beggen-un-poumon-vert-pour-la-capitale\/#breadcrumb","itemListElement":[{"@type":"ListItem","position":1,"name":"Accueil","item":"https:\/\/www.athome.lu\/blog\/"},{"@type":"ListItem","position":2,"name":"March\u00e9 immobilier","item":"https:\/\/www.athome.lu\/blog\/category\/marche-immobilier\/"},{"@type":"ListItem","position":3,"name":"Villes","item":"https:\/\/www.athome.lu\/blog\/category\/marche-immobilier\/villes\/"},{"@type":"ListItem","position":4,"name":"Beggen, un poumon vert pour la capitale"}]},{"@type":"WebSite","@id":"https:\/\/www.athome.lu\/blog\/#website","url":"https:\/\/www.athome.lu\/blog\/","name":"atHome Blog","description":"Annonces immobili\u00e8res au Luxembourg. Le portail immobilier n\u00b01 au Luxembourg.","potentialAction":[{"@type":"SearchAction","target":{"@type":"EntryPoint","urlTemplate":"https:\/\/www.athome.lu\/blog\/?s={search_term_string}"},"query-input":{"@type":"PropertyValueSpecification","valueRequired":true,"valueName":"search_term_string"}}],"inLanguage":"fr-FR"},{"@type":"Person","@id":"https:\/\/www.athome.lu\/blog\/#\/schema\/person\/47f7a38089f837e792876ceddc4cb2dc","name":"Fanny Pimentel","image":{"@type":"ImageObject","inLanguage":"fr-FR","@id":"https:\/\/secure.gravatar.com\/avatar\/c60b27b93851dc9503f9cc9150e73dcb0a86ba6150657e5e4b11d988400bc633?s=96&d=mm&r=g","url":"https:\/\/secure.gravatar.com\/avatar\/c60b27b93851dc9503f9cc9150e73dcb0a86ba6150657e5e4b11d988400bc633?s=96&d=mm&r=g","contentUrl":"https:\/\/secure.gravatar.com\/avatar\/c60b27b93851dc9503f9cc9150e73dcb0a86ba6150657e5e4b11d988400bc633?s=96&d=mm&r=g","caption":"Fanny Pimentel"}}]}},"featured_media_src_url":"https:\/\/www.athome.lu\/blog\/wp-content\/uploads\/2017\/11\/Beggen-1024x683.jpg","_links":{"self":[{"href":"https:\/\/www.athome.lu\/blog\/wp-json\/wp\/v2\/posts\/10586","targetHints":{"allow":["GET"]}}],"collection":[{"href":"https:\/\/www.athome.lu\/blog\/wp-json\/wp\/v2\/posts"}],"about":[{"href":"https:\/\/www.athome.lu\/blog\/wp-json\/wp\/v2\/types\/post"}],"author":[{"embeddable":true,"href":"https:\/\/www.athome.lu\/blog\/wp-json\/wp\/v2\/users\/17"}],"replies":[{"embeddable":true,"href":"https:\/\/www.athome.lu\/blog\/wp-json\/wp\/v2\/comments?post=10586"}],"version-history":[{"count":2,"href":"https:\/\/www.athome.lu\/blog\/wp-json\/wp\/v2\/posts\/10586\/revisions"}],"predecessor-version":[{"id":15211,"href":"https:\/\/www.athome.lu\/blog\/wp-json\/wp\/v2\/posts\/10586\/revisions\/15211"}],"wp:featuredmedia":[{"embeddable":true,"href":"https:\/\/www.athome.lu\/blog\/wp-json\/wp\/v2\/media\/10588"}],"wp:attachment":[{"href":"https:\/\/www.athome.lu\/blog\/wp-json\/wp\/v2\/media?parent=10586"}],"wp:term":[{"taxonomy":"category","embeddable":true,"href":"https:\/\/www.athome.lu\/blog\/wp-json\/wp\/v2\/categories?post=10586"},{"taxonomy":"post_tag","embeddable":true,"href":"https:\/\/www.athome.lu\/blog\/wp-json\/wp\/v2\/tags?post=10586"}],"curies":[{"name":"wp","href":"https:\/\/api.w.org\/{rel}","templated":true}]}}