{"id":10641,"date":"2017-12-13T15:15:12","date_gmt":"2017-12-13T14:15:12","guid":{"rendered":"https:\/\/www.athome.lu\/blog\/?p=10641"},"modified":"2022-05-12T08:48:57","modified_gmt":"2022-05-12T06:48:57","slug":"des-astuces-pour-vendre-son-bien-en-hiver","status":"publish","type":"post","link":"https:\/\/www.athome.lu\/blog\/vendre\/conseils\/des-astuces-pour-vendre-son-bien-en-hiver\/","title":{"rendered":"Des astuces pour vendre son bien en hiver"},"content":{"rendered":"\n<p><span style=\"color: #000000;\">Tout le monde vous le dira&nbsp;: l\u2019hiver n\u2019est pas la saison id\u00e9ale pour vendre un bien immobilier. Mais on n\u2019a parfois pas le choix. Rassurez-vous si c\u2019est votre cas, il y a quand m\u00eame des acheteurs \u00e0 cette p\u00e9riode de l\u2019ann\u00e9e, et mieux encore, des acheteurs a priori fortement int\u00e9ress\u00e9s.<\/span><\/p>\n\n\n\n<h2 class=\"wp-block-heading\"><span style=\"color: #000000;\"><strong>Des ext\u00e9rieurs soign\u00e9s<\/strong><\/span><\/h2>\n\n\n\n<p><span style=\"color: #000000;\">De potentiels acheteurs arrivent chez vous\u2026 Top chrono, vous avez 90&nbsp;secondes pour faire bonne impression. Si vous avez des ext\u00e9rieurs, il est hors de question de pr\u00e9senter un jardin abandonn\u00e9 sous pr\u00e9texte qu\u2019il fait froid dehors. Bien au contraire, l\u2019ext\u00e9rieur doit \u00eatre propre, les cl\u00f4tures et le portail impeccables, les haies taill\u00e9es, les feuilles ramass\u00e9es, etc. Aucun outil ne tra\u00eenera, les meubles de jardin seront rang\u00e9s. En fait, il vous faut montrer que d\u2019une part vous prenez soin des ext\u00e9rieurs (et donc de la maison toute enti\u00e8re), d\u2019autre part qu\u2019il s\u2019agit d\u2019un beau jardin simplement endormi et qui r\u00e9v\u00e8lera tout son \u00e9clat au printemps.<\/span><\/p>\n\n\n\n<p><span style=\"color: #000000;\">D\u2019ailleurs, vous avez aussi la possibilit\u00e9 d\u2019embellir les ext\u00e9rieurs de votre bien en investissant dans quelques plantes r\u00e9sistantes au froid comme les roses de No\u00ebl, les pens\u00e9es, les primev\u00e8res et autres arbustes (cam\u00e9lia, ch\u00e8vrefeuille d\u2019hiver\u2026). Nous vous conseillons \u00e9galement de rendre la terrasse agr\u00e9able, en la nettoyant bien entendu, mais \u00e9galement en ajoutant des lanternes et, pourquoi pas, un brasero.<\/span><\/p>\n\n\n\n<h2 class=\"wp-block-heading\"><span style=\"color: #000000;\"><strong>Un int\u00e9rieur douillet comme un cocon<\/strong><\/span><\/h2>\n\n\n\n<p><span style=\"color: #000000;\">Pour l\u2019int\u00e9rieur de la maison, vous devez penser \u00ab&nbsp;cocon douillet&nbsp;\u00bb, y compris au niveau de l\u2019<a href=\"https:\/\/www.athome.lu\/blog\/blog\/quels-eclairages-privilegier-en-hiver\/\" target=\"_blank\" rel=\"noopener noreferrer\">\u00e9clairage<\/a> qui vous servira \u00e0 mettre en valeur des pi\u00e8ces. En effet, sauf pour celles expos\u00e9es plein sud, inutile de compter sur l\u2019aide du soleil et de la lumi\u00e8re naturelle.<\/span><\/p>\n\n\n\n<p><span style=\"color: #000000;\">Mais tout d\u2019abord, chercher des acqu\u00e9reurs en hiver ne vous exempte pas du b.a.-ba de la vente immobili\u00e8re&nbsp;: d\u00e9sencombrer, d\u00e9personnaliser, r\u00e9parer ce qui doit l\u2019\u00eatre, veiller aux finitions et nettoyer le logement de fond en comble. C\u2019est ensuite que vous pourrez cr\u00e9er une ambiance conviviale, inspir\u00e9e par exemple des principes du hygge danois. Jetez des plaids sur les canap\u00e9s et les fauteuils, parez votre lit de la couette la plus douce, r\u00e9chauffez le sol avec un discret tapis, ajoutez des bougies ici et l\u00e0\u2026<\/span><\/p>\n\n\n\n<p><span style=\"color: #000000;\">Concernant l\u2019\u00e9clairage, l\u2019erreur consisterait \u00e0 multiplier les watts en pensant que vos pi\u00e8ces seront mieux vues. R\u00e9confortez au contraire vos visiteurs en installant diff\u00e9rentes sources lumineuses, \u00e0 tous les niveaux, du sol aux \u00e9tag\u00e8res. Ils pourraient d\u00e9j\u00e0 se sentir chez eux\u00a0!<\/span><\/p>\n\n\n<section id=\"section-3-14695\" class=\" ct-section\" ><div class=\"ct-section-inner-wrap\"><div id=\"div_block-4-14695\" class=\"ct-div-block\" ><div id=\"new_columns-7-14695\" class=\"ct-new-columns\" ><div id=\"div_block-8-14695\" class=\"ct-div-block\" ><div id=\"div_block-14-14695\" class=\"ct-div-block\" ><\/div><\/div><div id=\"div_block-9-14695\" class=\"ct-div-block\" ><h1 id=\"headline-11-14695\" class=\"ct-headline\">Quels sont les prix de l'immobilier en ce moment ?<\/h1><div id=\"text_block-12-14695\" class=\"ct-text-block\" >Les prix ralentissent. Les taux d'int\u00e9r\u00eat augmentent. Quelles tendances pour les mois \u00e0 venir ?<\/div><a id=\"link_button-13-14695\" class=\"ct-link-button\" href=\"https:\/\/www.athome.lu\/blog\/blog\/marche-immobilier\/prix\/tendances-2022\/\" target=\"_blank\"  >Lire l'analyse<\/a><\/div><\/div><\/div><\/div><\/section>","protected":false},"excerpt":{"rendered":"<p>Tout le monde vous le dira&nbsp;: l\u2019hiver n\u2019est pas la saison id\u00e9ale pour vendre un bien immobilier. Mais on n\u2019a parfois pas le choix. Rassurez-vous si c\u2019est votre cas, il y a quand m\u00eame des acheteurs \u00e0 cette p\u00e9riode de l\u2019ann\u00e9e, et mieux encore, des acheteurs a priori fortement int\u00e9ress\u00e9s. Des ext\u00e9rieurs soign\u00e9s De potentiels [&hellip;]<\/p>\n","protected":false},"author":17,"featured_media":10643,"comment_status":"closed","ping_status":"open","sticky":false,"template":"","format":"standard","meta":{"_acf_changed":false,"footnotes":""},"categories":[225],"tags":[37],"class_list":["post-10641","post","type-post","status-publish","format-standard","has-post-thumbnail","hentry","category-conseils","tag-vente"],"acf":[],"yoast_head":"<!-- This site is optimized with the Yoast SEO plugin v27.4 - https:\/\/yoast.com\/product\/yoast-seo-wordpress\/ -->\n<title>Des astuces pour vendre son bien en hiver | atHome<\/title>\n<meta name=\"description\" content=\"L\u2019hiver n\u2019est pas la saison id\u00e9ale pour vendre un bien immobilier. Mais rassurez-vous si c\u2019est votre cas, il y a quand m\u00eame des acheteurs.\" \/>\n<meta name=\"robots\" content=\"index, follow, max-snippet:-1, max-image-preview:large, max-video-preview:-1\" \/>\n<link rel=\"canonical\" href=\"https:\/\/www.athome.lu\/blog\/vendre\/conseils\/des-astuces-pour-vendre-son-bien-en-hiver\/\" \/>\n<meta property=\"og:locale\" content=\"fr_FR\" \/>\n<meta property=\"og:type\" content=\"article\" \/>\n<meta property=\"og:title\" content=\"Des astuces pour vendre son bien en hiver | atHome\" \/>\n<meta property=\"og:description\" content=\"L\u2019hiver n\u2019est pas la saison id\u00e9ale pour vendre un bien immobilier. Mais rassurez-vous si c\u2019est votre cas, il y a quand m\u00eame des acheteurs.\" \/>\n<meta property=\"og:url\" content=\"https:\/\/www.athome.lu\/blog\/vendre\/conseils\/des-astuces-pour-vendre-son-bien-en-hiver\/\" \/>\n<meta property=\"og:site_name\" content=\"atHome Blog\" \/>\n<meta property=\"article:publisher\" content=\"https:\/\/www.facebook.com\/atHome.lu\/\" \/>\n<meta property=\"article:published_time\" content=\"2017-12-13T14:15:12+00:00\" \/>\n<meta property=\"article:modified_time\" content=\"2022-05-12T06:48:57+00:00\" \/>\n<meta property=\"og:image\" content=\"https:\/\/www.athome.lu\/blog\/wp-content\/uploads\/2017\/12\/maison-neige.jpg\" \/>\n\t<meta property=\"og:image:width\" content=\"1200\" \/>\n\t<meta property=\"og:image:height\" content=\"800\" \/>\n\t<meta property=\"og:image:type\" content=\"image\/jpeg\" \/>\n<meta name=\"author\" content=\"Fanny Pimentel\" \/>\n<meta name=\"twitter:card\" content=\"summary_large_image\" \/>\n<meta name=\"twitter:creator\" content=\"@athomelu\" \/>\n<meta name=\"twitter:site\" content=\"@athomelu\" \/>\n<meta name=\"twitter:label1\" content=\"\u00c9crit par\" \/>\n\t<meta name=\"twitter:data1\" content=\"Fanny Pimentel\" \/>\n\t<meta name=\"twitter:label2\" content=\"Dur\u00e9e de lecture estim\u00e9e\" \/>\n\t<meta name=\"twitter:data2\" content=\"3 minutes\" \/>\n<script type=\"application\/ld+json\" class=\"yoast-schema-graph\">{\"@context\":\"https:\\\/\\\/schema.org\",\"@graph\":[{\"@type\":\"Article\",\"@id\":\"https:\\\/\\\/www.athome.lu\\\/blog\\\/vendre\\\/conseils\\\/des-astuces-pour-vendre-son-bien-en-hiver\\\/#article\",\"isPartOf\":{\"@id\":\"https:\\\/\\\/www.athome.lu\\\/blog\\\/vendre\\\/conseils\\\/des-astuces-pour-vendre-son-bien-en-hiver\\\/\"},\"author\":{\"name\":\"Fanny Pimentel\",\"@id\":\"https:\\\/\\\/www.athome.lu\\\/blog\\\/#\\\/schema\\\/person\\\/47f7a38089f837e792876ceddc4cb2dc\"},\"headline\":\"Des astuces pour vendre son bien en hiver\",\"datePublished\":\"2017-12-13T14:15:12+00:00\",\"dateModified\":\"2022-05-12T06:48:57+00:00\",\"mainEntityOfPage\":{\"@id\":\"https:\\\/\\\/www.athome.lu\\\/blog\\\/vendre\\\/conseils\\\/des-astuces-pour-vendre-son-bien-en-hiver\\\/\"},\"wordCount\":475,\"image\":{\"@id\":\"https:\\\/\\\/www.athome.lu\\\/blog\\\/vendre\\\/conseils\\\/des-astuces-pour-vendre-son-bien-en-hiver\\\/#primaryimage\"},\"thumbnailUrl\":\"https:\\\/\\\/www.athome.lu\\\/blog\\\/wp-content\\\/uploads\\\/2017\\\/12\\\/maison-neige.jpg\",\"keywords\":[\"Vente\"],\"articleSection\":[\"Conseils\"],\"inLanguage\":\"fr-FR\"},{\"@type\":\"WebPage\",\"@id\":\"https:\\\/\\\/www.athome.lu\\\/blog\\\/vendre\\\/conseils\\\/des-astuces-pour-vendre-son-bien-en-hiver\\\/\",\"url\":\"https:\\\/\\\/www.athome.lu\\\/blog\\\/vendre\\\/conseils\\\/des-astuces-pour-vendre-son-bien-en-hiver\\\/\",\"name\":\"Des astuces pour vendre son bien en hiver | atHome\",\"isPartOf\":{\"@id\":\"https:\\\/\\\/www.athome.lu\\\/blog\\\/#website\"},\"primaryImageOfPage\":{\"@id\":\"https:\\\/\\\/www.athome.lu\\\/blog\\\/vendre\\\/conseils\\\/des-astuces-pour-vendre-son-bien-en-hiver\\\/#primaryimage\"},\"image\":{\"@id\":\"https:\\\/\\\/www.athome.lu\\\/blog\\\/vendre\\\/conseils\\\/des-astuces-pour-vendre-son-bien-en-hiver\\\/#primaryimage\"},\"thumbnailUrl\":\"https:\\\/\\\/www.athome.lu\\\/blog\\\/wp-content\\\/uploads\\\/2017\\\/12\\\/maison-neige.jpg\",\"datePublished\":\"2017-12-13T14:15:12+00:00\",\"dateModified\":\"2022-05-12T06:48:57+00:00\",\"author\":{\"@id\":\"https:\\\/\\\/www.athome.lu\\\/blog\\\/#\\\/schema\\\/person\\\/47f7a38089f837e792876ceddc4cb2dc\"},\"description\":\"L\u2019hiver n\u2019est pas la saison id\u00e9ale pour vendre un bien immobilier. Mais rassurez-vous si c\u2019est votre cas, il y a quand m\u00eame des acheteurs.\",\"breadcrumb\":{\"@id\":\"https:\\\/\\\/www.athome.lu\\\/blog\\\/vendre\\\/conseils\\\/des-astuces-pour-vendre-son-bien-en-hiver\\\/#breadcrumb\"},\"inLanguage\":\"fr-FR\",\"potentialAction\":[{\"@type\":\"ReadAction\",\"target\":[\"https:\\\/\\\/www.athome.lu\\\/blog\\\/vendre\\\/conseils\\\/des-astuces-pour-vendre-son-bien-en-hiver\\\/\"]}]},{\"@type\":\"ImageObject\",\"inLanguage\":\"fr-FR\",\"@id\":\"https:\\\/\\\/www.athome.lu\\\/blog\\\/vendre\\\/conseils\\\/des-astuces-pour-vendre-son-bien-en-hiver\\\/#primaryimage\",\"url\":\"https:\\\/\\\/www.athome.lu\\\/blog\\\/wp-content\\\/uploads\\\/2017\\\/12\\\/maison-neige.jpg\",\"contentUrl\":\"https:\\\/\\\/www.athome.lu\\\/blog\\\/wp-content\\\/uploads\\\/2017\\\/12\\\/maison-neige.jpg\",\"width\":1200,\"height\":800,\"caption\":\"Vendre une maison en hiver\"},{\"@type\":\"BreadcrumbList\",\"@id\":\"https:\\\/\\\/www.athome.lu\\\/blog\\\/vendre\\\/conseils\\\/des-astuces-pour-vendre-son-bien-en-hiver\\\/#breadcrumb\",\"itemListElement\":[{\"@type\":\"ListItem\",\"position\":1,\"name\":\"Accueil\",\"item\":\"https:\\\/\\\/www.athome.lu\\\/blog\\\/\"},{\"@type\":\"ListItem\",\"position\":2,\"name\":\"Vendre\",\"item\":\"https:\\\/\\\/www.athome.lu\\\/blog\\\/en\\\/category\\\/sell\\\/\"},{\"@type\":\"ListItem\",\"position\":3,\"name\":\"Conseils\",\"item\":\"https:\\\/\\\/www.athome.lu\\\/blog\\\/en\\\/category\\\/sell\\\/advice\\\/\"},{\"@type\":\"ListItem\",\"position\":4,\"name\":\"Des astuces pour vendre son bien en hiver\"}]},{\"@type\":\"WebSite\",\"@id\":\"https:\\\/\\\/www.athome.lu\\\/blog\\\/#website\",\"url\":\"https:\\\/\\\/www.athome.lu\\\/blog\\\/\",\"name\":\"atHome Blog\",\"description\":\"Annonces immobili\u00e8res au Luxembourg. Le portail immobilier n\u00b01 au Luxembourg.\",\"potentialAction\":[{\"@type\":\"SearchAction\",\"target\":{\"@type\":\"EntryPoint\",\"urlTemplate\":\"https:\\\/\\\/www.athome.lu\\\/blog\\\/?s={search_term_string}\"},\"query-input\":{\"@type\":\"PropertyValueSpecification\",\"valueRequired\":true,\"valueName\":\"search_term_string\"}}],\"inLanguage\":\"fr-FR\"},{\"@type\":\"Person\",\"@id\":\"https:\\\/\\\/www.athome.lu\\\/blog\\\/#\\\/schema\\\/person\\\/47f7a38089f837e792876ceddc4cb2dc\",\"name\":\"Fanny Pimentel\",\"image\":{\"@type\":\"ImageObject\",\"inLanguage\":\"fr-FR\",\"@id\":\"https:\\\/\\\/secure.gravatar.com\\\/avatar\\\/c60b27b93851dc9503f9cc9150e73dcb0a86ba6150657e5e4b11d988400bc633?s=96&d=mm&r=g\",\"url\":\"https:\\\/\\\/secure.gravatar.com\\\/avatar\\\/c60b27b93851dc9503f9cc9150e73dcb0a86ba6150657e5e4b11d988400bc633?s=96&d=mm&r=g\",\"contentUrl\":\"https:\\\/\\\/secure.gravatar.com\\\/avatar\\\/c60b27b93851dc9503f9cc9150e73dcb0a86ba6150657e5e4b11d988400bc633?s=96&d=mm&r=g\",\"caption\":\"Fanny Pimentel\"}}]}<\/script>\n<!-- \/ Yoast SEO plugin. -->","yoast_head_json":{"title":"Des astuces pour vendre son bien en hiver | atHome","description":"L\u2019hiver n\u2019est pas la saison id\u00e9ale pour vendre un bien immobilier. Mais rassurez-vous si c\u2019est votre cas, il y a quand m\u00eame des acheteurs.","robots":{"index":"index","follow":"follow","max-snippet":"max-snippet:-1","max-image-preview":"max-image-preview:large","max-video-preview":"max-video-preview:-1"},"canonical":"https:\/\/www.athome.lu\/blog\/vendre\/conseils\/des-astuces-pour-vendre-son-bien-en-hiver\/","og_locale":"fr_FR","og_type":"article","og_title":"Des astuces pour vendre son bien en hiver | atHome","og_description":"L\u2019hiver n\u2019est pas la saison id\u00e9ale pour vendre un bien immobilier. Mais rassurez-vous si c\u2019est votre cas, il y a quand m\u00eame des acheteurs.","og_url":"https:\/\/www.athome.lu\/blog\/vendre\/conseils\/des-astuces-pour-vendre-son-bien-en-hiver\/","og_site_name":"atHome Blog","article_publisher":"https:\/\/www.facebook.com\/atHome.lu\/","article_published_time":"2017-12-13T14:15:12+00:00","article_modified_time":"2022-05-12T06:48:57+00:00","og_image":[{"width":1200,"height":800,"url":"https:\/\/www.athome.lu\/blog\/wp-content\/uploads\/2017\/12\/maison-neige.jpg","type":"image\/jpeg"}],"author":"Fanny Pimentel","twitter_card":"summary_large_image","twitter_creator":"@athomelu","twitter_site":"@athomelu","twitter_misc":{"\u00c9crit par":"Fanny Pimentel","Dur\u00e9e de lecture estim\u00e9e":"3 minutes"},"schema":{"@context":"https:\/\/schema.org","@graph":[{"@type":"Article","@id":"https:\/\/www.athome.lu\/blog\/vendre\/conseils\/des-astuces-pour-vendre-son-bien-en-hiver\/#article","isPartOf":{"@id":"https:\/\/www.athome.lu\/blog\/vendre\/conseils\/des-astuces-pour-vendre-son-bien-en-hiver\/"},"author":{"name":"Fanny Pimentel","@id":"https:\/\/www.athome.lu\/blog\/#\/schema\/person\/47f7a38089f837e792876ceddc4cb2dc"},"headline":"Des astuces pour vendre son bien en hiver","datePublished":"2017-12-13T14:15:12+00:00","dateModified":"2022-05-12T06:48:57+00:00","mainEntityOfPage":{"@id":"https:\/\/www.athome.lu\/blog\/vendre\/conseils\/des-astuces-pour-vendre-son-bien-en-hiver\/"},"wordCount":475,"image":{"@id":"https:\/\/www.athome.lu\/blog\/vendre\/conseils\/des-astuces-pour-vendre-son-bien-en-hiver\/#primaryimage"},"thumbnailUrl":"https:\/\/www.athome.lu\/blog\/wp-content\/uploads\/2017\/12\/maison-neige.jpg","keywords":["Vente"],"articleSection":["Conseils"],"inLanguage":"fr-FR"},{"@type":"WebPage","@id":"https:\/\/www.athome.lu\/blog\/vendre\/conseils\/des-astuces-pour-vendre-son-bien-en-hiver\/","url":"https:\/\/www.athome.lu\/blog\/vendre\/conseils\/des-astuces-pour-vendre-son-bien-en-hiver\/","name":"Des astuces pour vendre son bien en hiver | atHome","isPartOf":{"@id":"https:\/\/www.athome.lu\/blog\/#website"},"primaryImageOfPage":{"@id":"https:\/\/www.athome.lu\/blog\/vendre\/conseils\/des-astuces-pour-vendre-son-bien-en-hiver\/#primaryimage"},"image":{"@id":"https:\/\/www.athome.lu\/blog\/vendre\/conseils\/des-astuces-pour-vendre-son-bien-en-hiver\/#primaryimage"},"thumbnailUrl":"https:\/\/www.athome.lu\/blog\/wp-content\/uploads\/2017\/12\/maison-neige.jpg","datePublished":"2017-12-13T14:15:12+00:00","dateModified":"2022-05-12T06:48:57+00:00","author":{"@id":"https:\/\/www.athome.lu\/blog\/#\/schema\/person\/47f7a38089f837e792876ceddc4cb2dc"},"description":"L\u2019hiver n\u2019est pas la saison id\u00e9ale pour vendre un bien immobilier. Mais rassurez-vous si c\u2019est votre cas, il y a quand m\u00eame des acheteurs.","breadcrumb":{"@id":"https:\/\/www.athome.lu\/blog\/vendre\/conseils\/des-astuces-pour-vendre-son-bien-en-hiver\/#breadcrumb"},"inLanguage":"fr-FR","potentialAction":[{"@type":"ReadAction","target":["https:\/\/www.athome.lu\/blog\/vendre\/conseils\/des-astuces-pour-vendre-son-bien-en-hiver\/"]}]},{"@type":"ImageObject","inLanguage":"fr-FR","@id":"https:\/\/www.athome.lu\/blog\/vendre\/conseils\/des-astuces-pour-vendre-son-bien-en-hiver\/#primaryimage","url":"https:\/\/www.athome.lu\/blog\/wp-content\/uploads\/2017\/12\/maison-neige.jpg","contentUrl":"https:\/\/www.athome.lu\/blog\/wp-content\/uploads\/2017\/12\/maison-neige.jpg","width":1200,"height":800,"caption":"Vendre une maison en hiver"},{"@type":"BreadcrumbList","@id":"https:\/\/www.athome.lu\/blog\/vendre\/conseils\/des-astuces-pour-vendre-son-bien-en-hiver\/#breadcrumb","itemListElement":[{"@type":"ListItem","position":1,"name":"Accueil","item":"https:\/\/www.athome.lu\/blog\/"},{"@type":"ListItem","position":2,"name":"Vendre","item":"https:\/\/www.athome.lu\/blog\/en\/category\/sell\/"},{"@type":"ListItem","position":3,"name":"Conseils","item":"https:\/\/www.athome.lu\/blog\/en\/category\/sell\/advice\/"},{"@type":"ListItem","position":4,"name":"Des astuces pour vendre son bien en hiver"}]},{"@type":"WebSite","@id":"https:\/\/www.athome.lu\/blog\/#website","url":"https:\/\/www.athome.lu\/blog\/","name":"atHome Blog","description":"Annonces immobili\u00e8res au Luxembourg. Le portail immobilier n\u00b01 au Luxembourg.","potentialAction":[{"@type":"SearchAction","target":{"@type":"EntryPoint","urlTemplate":"https:\/\/www.athome.lu\/blog\/?s={search_term_string}"},"query-input":{"@type":"PropertyValueSpecification","valueRequired":true,"valueName":"search_term_string"}}],"inLanguage":"fr-FR"},{"@type":"Person","@id":"https:\/\/www.athome.lu\/blog\/#\/schema\/person\/47f7a38089f837e792876ceddc4cb2dc","name":"Fanny Pimentel","image":{"@type":"ImageObject","inLanguage":"fr-FR","@id":"https:\/\/secure.gravatar.com\/avatar\/c60b27b93851dc9503f9cc9150e73dcb0a86ba6150657e5e4b11d988400bc633?s=96&d=mm&r=g","url":"https:\/\/secure.gravatar.com\/avatar\/c60b27b93851dc9503f9cc9150e73dcb0a86ba6150657e5e4b11d988400bc633?s=96&d=mm&r=g","contentUrl":"https:\/\/secure.gravatar.com\/avatar\/c60b27b93851dc9503f9cc9150e73dcb0a86ba6150657e5e4b11d988400bc633?s=96&d=mm&r=g","caption":"Fanny Pimentel"}}]}},"featured_media_src_url":"https:\/\/www.athome.lu\/blog\/wp-content\/uploads\/2017\/12\/maison-neige-1024x683.jpg","_links":{"self":[{"href":"https:\/\/www.athome.lu\/blog\/wp-json\/wp\/v2\/posts\/10641","targetHints":{"allow":["GET"]}}],"collection":[{"href":"https:\/\/www.athome.lu\/blog\/wp-json\/wp\/v2\/posts"}],"about":[{"href":"https:\/\/www.athome.lu\/blog\/wp-json\/wp\/v2\/types\/post"}],"author":[{"embeddable":true,"href":"https:\/\/www.athome.lu\/blog\/wp-json\/wp\/v2\/users\/17"}],"replies":[{"embeddable":true,"href":"https:\/\/www.athome.lu\/blog\/wp-json\/wp\/v2\/comments?post=10641"}],"version-history":[{"count":2,"href":"https:\/\/www.athome.lu\/blog\/wp-json\/wp\/v2\/posts\/10641\/revisions"}],"predecessor-version":[{"id":15203,"href":"https:\/\/www.athome.lu\/blog\/wp-json\/wp\/v2\/posts\/10641\/revisions\/15203"}],"wp:featuredmedia":[{"embeddable":true,"href":"https:\/\/www.athome.lu\/blog\/wp-json\/wp\/v2\/media\/10643"}],"wp:attachment":[{"href":"https:\/\/www.athome.lu\/blog\/wp-json\/wp\/v2\/media?parent=10641"}],"wp:term":[{"taxonomy":"category","embeddable":true,"href":"https:\/\/www.athome.lu\/blog\/wp-json\/wp\/v2\/categories?post=10641"},{"taxonomy":"post_tag","embeddable":true,"href":"https:\/\/www.athome.lu\/blog\/wp-json\/wp\/v2\/tags?post=10641"}],"curies":[{"name":"wp","href":"https:\/\/api.w.org\/{rel}","templated":true}]}}