{"id":10714,"date":"2018-01-10T15:44:22","date_gmt":"2018-01-10T14:44:22","guid":{"rendered":"https:\/\/www.athome.lu\/blog\/?p=10714"},"modified":"2022-05-12T08:46:33","modified_gmt":"2022-05-12T06:46:33","slug":"comment-amenager-une-buanderie","status":"publish","type":"post","link":"https:\/\/www.athome.lu\/blog\/mon-logement\/meuble-decoration\/comment-amenager-une-buanderie\/","title":{"rendered":"Comment am\u00e9nager une buanderie ?"},"content":{"rendered":"\n<p><span style=\"color: #000000;\">Voil\u00e0 un espace restreint, dont pourtant beaucoup de personnes r\u00eavent : la buanderie. Elle permet d\u2019entreposer machine \u00e0 laver, s\u00e8che-linge, table \u00e0 repasser, le linge et les produits qui vont avec ! Quelques conseils pour am\u00e9nager une buanderie chez soi.<\/span><\/p>\n\n\n\n<h2 class=\"wp-block-heading\"><span style=\"color: #000000;\"><strong>Cr\u00e9er son espace<\/strong><\/span><\/h2>\n\n\n\n<p><span style=\"color: #000000;\">L\u2019id\u00e9al, bien s\u00fbr, est de pouvoir am\u00e9nager sa buanderie dans une pi\u00e8ce \u00e0 part (existante ou \u00e0 cr\u00e9er avec porte et cloisons). Mais tout le monde ne dispose pas de l\u2019espace n\u00e9cessaire\u2026 Pourtant il faudra bien en trouver un minimum si vous souhaitez disposer d\u2019un espace fonctionnel, dans lequel vous pourrez circuler sans probl\u00e8me. 4,5 m\u00b2 semblent corrects, pouvant accueillir lave-linge, s\u00e8che-linge, un petit cong\u00e9lateur et des rangements. Vous pouvez superposer les deux premiers appareils ou les poser c\u00f4te \u00e0 c\u00f4te et les couvrir d\u2019un plan de travail qui vous sera d\u2019une grande utilit\u00e9, ne serait-ce que pour trier et plier le linge. Attention, n\u2019oubliez pas d\u2019installer un bon syst\u00e8me de ventilation et bien s\u00fbr un \u00e9clairage adapt\u00e9 car il y a peu de chance que votre buanderie dispose d\u2019une fen\u00eatre.<\/span><\/p>\n\n\n\n<h2 class=\"wp-block-heading\"><span style=\"color: #000000;\"><strong>Meubler sa buanderie<\/strong><\/span><\/h2>\n\n\n\n<p><span style=\"color: #000000;\">Sorte de \u00ab pi\u00e8ce \u00e0 tout faire \u00bb, o\u00f9 vous pouvez aussi entreposer certains ustensiles de cuisine et autres appareils \u00e9lectrom\u00e9nagers, la buanderie doit d\u2019abord \u00eatre fonctionnelle. Elle r\u00e9clame donc un maximum de rangements. Une fois le gros \u00e9lectrom\u00e9nager install\u00e9, misez sur des meubles bas et des \u00e9tag\u00e8res en tous genres. Les caisses vous seront aussi d\u2019une grande utilit\u00e9. Et les accessoires feront toute la diff\u00e9rence pour vous simplifier la vie : crochets, aimants, sacs sous vide pour les v\u00eatements qui ne sont pas de saison\u2026 Multipliez-les de mani\u00e8re \u00e0 utiliser chaque recoin.<\/span><\/p>\n\n\n\n<h2 class=\"wp-block-heading\"><span style=\"color: #000000;\"><strong>Organiser sa buanderie<\/strong><\/span><\/h2>\n\n\n\n<p><span style=\"color: #000000;\">Satisfait du r\u00e9sultat ? Bien, mais il ne s\u2019agirait pas de vous reposer sur vos lauriers. Par d\u00e9finition, vous allez mettre beaucoup de choses dans votre buanderie. Hors de question de laisser s\u2019installer le bazar, sinon vous risquez de ne plus vous y retrouver en quelques semaines. Pensez donc \u00e0 bien organiser cet espace, en regroupant vos produits et \u00e9quipements par famille. Restez pratique et veillez \u00e0 la bonne accessibilit\u00e9 des affaires dont vous vous servez quotidiennement. Le service \u00e0 fondue pourra \u00eatre rang\u00e9 au fond et la valise qui ne vous sert qu\u2019une fois par an tout en haut.<\/span><\/p>\n\n\n<section id=\"section-3-14695\" class=\" ct-section\" ><div class=\"ct-section-inner-wrap\"><div id=\"div_block-4-14695\" class=\"ct-div-block\" ><div id=\"new_columns-7-14695\" class=\"ct-new-columns\" ><div id=\"div_block-8-14695\" class=\"ct-div-block\" ><div id=\"div_block-14-14695\" class=\"ct-div-block\" ><\/div><\/div><div id=\"div_block-9-14695\" class=\"ct-div-block\" ><h1 id=\"headline-11-14695\" class=\"ct-headline\">Quels sont les prix de l'immobilier en ce moment ?<\/h1><div id=\"text_block-12-14695\" class=\"ct-text-block\" >Les prix ralentissent. Les taux d'int\u00e9r\u00eat augmentent. Quelles tendances pour les mois \u00e0 venir ?<\/div><a id=\"link_button-13-14695\" class=\"ct-link-button\" href=\"https:\/\/www.athome.lu\/blog\/blog\/marche-immobilier\/prix\/tendances-2022\/\" target=\"_blank\"  >Lire l'analyse<\/a><\/div><\/div><\/div><\/div><\/section>","protected":false},"excerpt":{"rendered":"<p>Voil\u00e0 un espace restreint, dont pourtant beaucoup de personnes r\u00eavent : la buanderie. Elle permet d\u2019entreposer machine \u00e0 laver, s\u00e8che-linge, table \u00e0 repasser, le linge et les produits qui vont avec ! Quelques conseils pour am\u00e9nager une buanderie chez soi. Cr\u00e9er son espace L\u2019id\u00e9al, bien s\u00fbr, est de pouvoir am\u00e9nager sa buanderie dans une pi\u00e8ce [&hellip;]<\/p>\n","protected":false},"author":17,"featured_media":10717,"comment_status":"closed","ping_status":"open","sticky":false,"template":"","format":"standard","meta":{"_acf_changed":false,"footnotes":""},"categories":[210],"tags":[82,79],"class_list":["post-10714","post","type-post","status-publish","format-standard","has-post-thumbnail","hentry","category-meuble-decoration","tag-ameublement","tag-decoration"],"acf":[],"yoast_head":"<!-- This site is optimized with the Yoast SEO plugin v27.4 - https:\/\/yoast.com\/product\/yoast-seo-wordpress\/ -->\n<title>\u25b7 Comment am\u00e9nager une buanderie chez soi ? | atHome<\/title>\n<meta name=\"description\" content=\"La buanderie permet d\u2019entreposer machine \u00e0 laver, s\u00e8che-linge, table \u00e0 repasser, le linge et les produits qui vont avec !\" \/>\n<meta name=\"robots\" content=\"index, follow, max-snippet:-1, max-image-preview:large, max-video-preview:-1\" \/>\n<link rel=\"canonical\" href=\"https:\/\/www.athome.lu\/blog\/mon-logement\/meuble-decoration\/comment-amenager-une-buanderie\/\" \/>\n<meta property=\"og:locale\" content=\"fr_FR\" \/>\n<meta property=\"og:type\" content=\"article\" \/>\n<meta property=\"og:title\" content=\"\u25b7 Comment am\u00e9nager une buanderie chez soi ? | atHome\" \/>\n<meta property=\"og:description\" content=\"La buanderie permet d\u2019entreposer machine \u00e0 laver, s\u00e8che-linge, table \u00e0 repasser, le linge et les produits qui vont avec !\" \/>\n<meta property=\"og:url\" content=\"https:\/\/www.athome.lu\/blog\/mon-logement\/meuble-decoration\/comment-amenager-une-buanderie\/\" \/>\n<meta property=\"og:site_name\" content=\"atHome Blog\" \/>\n<meta property=\"article:publisher\" content=\"https:\/\/www.facebook.com\/atHome.lu\/\" \/>\n<meta property=\"article:published_time\" content=\"2018-01-10T14:44:22+00:00\" \/>\n<meta property=\"article:modified_time\" content=\"2022-05-12T06:46:33+00:00\" \/>\n<meta property=\"og:image\" content=\"https:\/\/www.athome.lu\/blog\/wp-content\/uploads\/2018\/01\/Buanderie-1200-iStock-541007468.jpg\" \/>\n\t<meta property=\"og:image:width\" content=\"1200\" \/>\n\t<meta property=\"og:image:height\" content=\"800\" \/>\n\t<meta property=\"og:image:type\" content=\"image\/jpeg\" \/>\n<meta name=\"author\" content=\"Fanny Pimentel\" \/>\n<meta name=\"twitter:card\" content=\"summary_large_image\" \/>\n<meta name=\"twitter:creator\" content=\"@athomelu\" \/>\n<meta name=\"twitter:site\" content=\"@athomelu\" \/>\n<meta name=\"twitter:label1\" content=\"\u00c9crit par\" \/>\n\t<meta name=\"twitter:data1\" content=\"Fanny Pimentel\" \/>\n\t<meta name=\"twitter:label2\" content=\"Dur\u00e9e de lecture estim\u00e9e\" \/>\n\t<meta name=\"twitter:data2\" content=\"2 minutes\" \/>\n<script type=\"application\/ld+json\" class=\"yoast-schema-graph\">{\"@context\":\"https:\\\/\\\/schema.org\",\"@graph\":[{\"@type\":\"Article\",\"@id\":\"https:\\\/\\\/www.athome.lu\\\/blog\\\/mon-logement\\\/meuble-decoration\\\/comment-amenager-une-buanderie\\\/#article\",\"isPartOf\":{\"@id\":\"https:\\\/\\\/www.athome.lu\\\/blog\\\/mon-logement\\\/meuble-decoration\\\/comment-amenager-une-buanderie\\\/\"},\"author\":{\"name\":\"Fanny Pimentel\",\"@id\":\"https:\\\/\\\/www.athome.lu\\\/blog\\\/#\\\/schema\\\/person\\\/47f7a38089f837e792876ceddc4cb2dc\"},\"headline\":\"Comment am\u00e9nager une buanderie ?\",\"datePublished\":\"2018-01-10T14:44:22+00:00\",\"dateModified\":\"2022-05-12T06:46:33+00:00\",\"mainEntityOfPage\":{\"@id\":\"https:\\\/\\\/www.athome.lu\\\/blog\\\/mon-logement\\\/meuble-decoration\\\/comment-amenager-une-buanderie\\\/\"},\"wordCount\":403,\"image\":{\"@id\":\"https:\\\/\\\/www.athome.lu\\\/blog\\\/mon-logement\\\/meuble-decoration\\\/comment-amenager-une-buanderie\\\/#primaryimage\"},\"thumbnailUrl\":\"https:\\\/\\\/www.athome.lu\\\/blog\\\/wp-content\\\/uploads\\\/2018\\\/01\\\/Buanderie-1200-iStock-541007468.jpg\",\"keywords\":[\"Ameublement\",\"D\u00e9coration\"],\"articleSection\":[\"Meubler et D\u00e9corer\"],\"inLanguage\":\"fr-FR\"},{\"@type\":\"WebPage\",\"@id\":\"https:\\\/\\\/www.athome.lu\\\/blog\\\/mon-logement\\\/meuble-decoration\\\/comment-amenager-une-buanderie\\\/\",\"url\":\"https:\\\/\\\/www.athome.lu\\\/blog\\\/mon-logement\\\/meuble-decoration\\\/comment-amenager-une-buanderie\\\/\",\"name\":\"\u25b7 Comment am\u00e9nager une buanderie chez soi ? | atHome\",\"isPartOf\":{\"@id\":\"https:\\\/\\\/www.athome.lu\\\/blog\\\/#website\"},\"primaryImageOfPage\":{\"@id\":\"https:\\\/\\\/www.athome.lu\\\/blog\\\/mon-logement\\\/meuble-decoration\\\/comment-amenager-une-buanderie\\\/#primaryimage\"},\"image\":{\"@id\":\"https:\\\/\\\/www.athome.lu\\\/blog\\\/mon-logement\\\/meuble-decoration\\\/comment-amenager-une-buanderie\\\/#primaryimage\"},\"thumbnailUrl\":\"https:\\\/\\\/www.athome.lu\\\/blog\\\/wp-content\\\/uploads\\\/2018\\\/01\\\/Buanderie-1200-iStock-541007468.jpg\",\"datePublished\":\"2018-01-10T14:44:22+00:00\",\"dateModified\":\"2022-05-12T06:46:33+00:00\",\"author\":{\"@id\":\"https:\\\/\\\/www.athome.lu\\\/blog\\\/#\\\/schema\\\/person\\\/47f7a38089f837e792876ceddc4cb2dc\"},\"description\":\"La buanderie permet d\u2019entreposer machine \u00e0 laver, s\u00e8che-linge, table \u00e0 repasser, le linge et les produits qui vont avec !\",\"breadcrumb\":{\"@id\":\"https:\\\/\\\/www.athome.lu\\\/blog\\\/mon-logement\\\/meuble-decoration\\\/comment-amenager-une-buanderie\\\/#breadcrumb\"},\"inLanguage\":\"fr-FR\",\"potentialAction\":[{\"@type\":\"ReadAction\",\"target\":[\"https:\\\/\\\/www.athome.lu\\\/blog\\\/mon-logement\\\/meuble-decoration\\\/comment-amenager-une-buanderie\\\/\"]}]},{\"@type\":\"ImageObject\",\"inLanguage\":\"fr-FR\",\"@id\":\"https:\\\/\\\/www.athome.lu\\\/blog\\\/mon-logement\\\/meuble-decoration\\\/comment-amenager-une-buanderie\\\/#primaryimage\",\"url\":\"https:\\\/\\\/www.athome.lu\\\/blog\\\/wp-content\\\/uploads\\\/2018\\\/01\\\/Buanderie-1200-iStock-541007468.jpg\",\"contentUrl\":\"https:\\\/\\\/www.athome.lu\\\/blog\\\/wp-content\\\/uploads\\\/2018\\\/01\\\/Buanderie-1200-iStock-541007468.jpg\",\"width\":1200,\"height\":800,\"caption\":\"Am\u00e9nager une buanderie\"},{\"@type\":\"BreadcrumbList\",\"@id\":\"https:\\\/\\\/www.athome.lu\\\/blog\\\/mon-logement\\\/meuble-decoration\\\/comment-amenager-une-buanderie\\\/#breadcrumb\",\"itemListElement\":[{\"@type\":\"ListItem\",\"position\":1,\"name\":\"Accueil\",\"item\":\"https:\\\/\\\/www.athome.lu\\\/blog\\\/\"},{\"@type\":\"ListItem\",\"position\":2,\"name\":\"Mon logement\",\"item\":\"https:\\\/\\\/www.athome.lu\\\/blog\\\/de\\\/category\\\/mein-haus\\\/\"},{\"@type\":\"ListItem\",\"position\":3,\"name\":\"Meubler et D\u00e9corer\",\"item\":\"https:\\\/\\\/www.athome.lu\\\/blog\\\/de\\\/category\\\/mein-haus\\\/deko-mobel\\\/\"},{\"@type\":\"ListItem\",\"position\":4,\"name\":\"Comment am\u00e9nager une buanderie ?\"}]},{\"@type\":\"WebSite\",\"@id\":\"https:\\\/\\\/www.athome.lu\\\/blog\\\/#website\",\"url\":\"https:\\\/\\\/www.athome.lu\\\/blog\\\/\",\"name\":\"atHome Blog\",\"description\":\"Annonces immobili\u00e8res au Luxembourg. Le portail immobilier n\u00b01 au Luxembourg.\",\"potentialAction\":[{\"@type\":\"SearchAction\",\"target\":{\"@type\":\"EntryPoint\",\"urlTemplate\":\"https:\\\/\\\/www.athome.lu\\\/blog\\\/?s={search_term_string}\"},\"query-input\":{\"@type\":\"PropertyValueSpecification\",\"valueRequired\":true,\"valueName\":\"search_term_string\"}}],\"inLanguage\":\"fr-FR\"},{\"@type\":\"Person\",\"@id\":\"https:\\\/\\\/www.athome.lu\\\/blog\\\/#\\\/schema\\\/person\\\/47f7a38089f837e792876ceddc4cb2dc\",\"name\":\"Fanny Pimentel\",\"image\":{\"@type\":\"ImageObject\",\"inLanguage\":\"fr-FR\",\"@id\":\"https:\\\/\\\/secure.gravatar.com\\\/avatar\\\/c60b27b93851dc9503f9cc9150e73dcb0a86ba6150657e5e4b11d988400bc633?s=96&d=mm&r=g\",\"url\":\"https:\\\/\\\/secure.gravatar.com\\\/avatar\\\/c60b27b93851dc9503f9cc9150e73dcb0a86ba6150657e5e4b11d988400bc633?s=96&d=mm&r=g\",\"contentUrl\":\"https:\\\/\\\/secure.gravatar.com\\\/avatar\\\/c60b27b93851dc9503f9cc9150e73dcb0a86ba6150657e5e4b11d988400bc633?s=96&d=mm&r=g\",\"caption\":\"Fanny Pimentel\"}}]}<\/script>\n<!-- \/ Yoast SEO plugin. -->","yoast_head_json":{"title":"\u25b7 Comment am\u00e9nager une buanderie chez soi ? | atHome","description":"La buanderie permet d\u2019entreposer machine \u00e0 laver, s\u00e8che-linge, table \u00e0 repasser, le linge et les produits qui vont avec !","robots":{"index":"index","follow":"follow","max-snippet":"max-snippet:-1","max-image-preview":"max-image-preview:large","max-video-preview":"max-video-preview:-1"},"canonical":"https:\/\/www.athome.lu\/blog\/mon-logement\/meuble-decoration\/comment-amenager-une-buanderie\/","og_locale":"fr_FR","og_type":"article","og_title":"\u25b7 Comment am\u00e9nager une buanderie chez soi ? | atHome","og_description":"La buanderie permet d\u2019entreposer machine \u00e0 laver, s\u00e8che-linge, table \u00e0 repasser, le linge et les produits qui vont avec !","og_url":"https:\/\/www.athome.lu\/blog\/mon-logement\/meuble-decoration\/comment-amenager-une-buanderie\/","og_site_name":"atHome Blog","article_publisher":"https:\/\/www.facebook.com\/atHome.lu\/","article_published_time":"2018-01-10T14:44:22+00:00","article_modified_time":"2022-05-12T06:46:33+00:00","og_image":[{"width":1200,"height":800,"url":"https:\/\/www.athome.lu\/blog\/wp-content\/uploads\/2018\/01\/Buanderie-1200-iStock-541007468.jpg","type":"image\/jpeg"}],"author":"Fanny Pimentel","twitter_card":"summary_large_image","twitter_creator":"@athomelu","twitter_site":"@athomelu","twitter_misc":{"\u00c9crit par":"Fanny Pimentel","Dur\u00e9e de lecture estim\u00e9e":"2 minutes"},"schema":{"@context":"https:\/\/schema.org","@graph":[{"@type":"Article","@id":"https:\/\/www.athome.lu\/blog\/mon-logement\/meuble-decoration\/comment-amenager-une-buanderie\/#article","isPartOf":{"@id":"https:\/\/www.athome.lu\/blog\/mon-logement\/meuble-decoration\/comment-amenager-une-buanderie\/"},"author":{"name":"Fanny Pimentel","@id":"https:\/\/www.athome.lu\/blog\/#\/schema\/person\/47f7a38089f837e792876ceddc4cb2dc"},"headline":"Comment am\u00e9nager une buanderie ?","datePublished":"2018-01-10T14:44:22+00:00","dateModified":"2022-05-12T06:46:33+00:00","mainEntityOfPage":{"@id":"https:\/\/www.athome.lu\/blog\/mon-logement\/meuble-decoration\/comment-amenager-une-buanderie\/"},"wordCount":403,"image":{"@id":"https:\/\/www.athome.lu\/blog\/mon-logement\/meuble-decoration\/comment-amenager-une-buanderie\/#primaryimage"},"thumbnailUrl":"https:\/\/www.athome.lu\/blog\/wp-content\/uploads\/2018\/01\/Buanderie-1200-iStock-541007468.jpg","keywords":["Ameublement","D\u00e9coration"],"articleSection":["Meubler et D\u00e9corer"],"inLanguage":"fr-FR"},{"@type":"WebPage","@id":"https:\/\/www.athome.lu\/blog\/mon-logement\/meuble-decoration\/comment-amenager-une-buanderie\/","url":"https:\/\/www.athome.lu\/blog\/mon-logement\/meuble-decoration\/comment-amenager-une-buanderie\/","name":"\u25b7 Comment am\u00e9nager une buanderie chez soi ? | atHome","isPartOf":{"@id":"https:\/\/www.athome.lu\/blog\/#website"},"primaryImageOfPage":{"@id":"https:\/\/www.athome.lu\/blog\/mon-logement\/meuble-decoration\/comment-amenager-une-buanderie\/#primaryimage"},"image":{"@id":"https:\/\/www.athome.lu\/blog\/mon-logement\/meuble-decoration\/comment-amenager-une-buanderie\/#primaryimage"},"thumbnailUrl":"https:\/\/www.athome.lu\/blog\/wp-content\/uploads\/2018\/01\/Buanderie-1200-iStock-541007468.jpg","datePublished":"2018-01-10T14:44:22+00:00","dateModified":"2022-05-12T06:46:33+00:00","author":{"@id":"https:\/\/www.athome.lu\/blog\/#\/schema\/person\/47f7a38089f837e792876ceddc4cb2dc"},"description":"La buanderie permet d\u2019entreposer machine \u00e0 laver, s\u00e8che-linge, table \u00e0 repasser, le linge et les produits qui vont avec !","breadcrumb":{"@id":"https:\/\/www.athome.lu\/blog\/mon-logement\/meuble-decoration\/comment-amenager-une-buanderie\/#breadcrumb"},"inLanguage":"fr-FR","potentialAction":[{"@type":"ReadAction","target":["https:\/\/www.athome.lu\/blog\/mon-logement\/meuble-decoration\/comment-amenager-une-buanderie\/"]}]},{"@type":"ImageObject","inLanguage":"fr-FR","@id":"https:\/\/www.athome.lu\/blog\/mon-logement\/meuble-decoration\/comment-amenager-une-buanderie\/#primaryimage","url":"https:\/\/www.athome.lu\/blog\/wp-content\/uploads\/2018\/01\/Buanderie-1200-iStock-541007468.jpg","contentUrl":"https:\/\/www.athome.lu\/blog\/wp-content\/uploads\/2018\/01\/Buanderie-1200-iStock-541007468.jpg","width":1200,"height":800,"caption":"Am\u00e9nager une buanderie"},{"@type":"BreadcrumbList","@id":"https:\/\/www.athome.lu\/blog\/mon-logement\/meuble-decoration\/comment-amenager-une-buanderie\/#breadcrumb","itemListElement":[{"@type":"ListItem","position":1,"name":"Accueil","item":"https:\/\/www.athome.lu\/blog\/"},{"@type":"ListItem","position":2,"name":"Mon logement","item":"https:\/\/www.athome.lu\/blog\/de\/category\/mein-haus\/"},{"@type":"ListItem","position":3,"name":"Meubler et D\u00e9corer","item":"https:\/\/www.athome.lu\/blog\/de\/category\/mein-haus\/deko-mobel\/"},{"@type":"ListItem","position":4,"name":"Comment am\u00e9nager une buanderie ?"}]},{"@type":"WebSite","@id":"https:\/\/www.athome.lu\/blog\/#website","url":"https:\/\/www.athome.lu\/blog\/","name":"atHome Blog","description":"Annonces immobili\u00e8res au Luxembourg. Le portail immobilier n\u00b01 au Luxembourg.","potentialAction":[{"@type":"SearchAction","target":{"@type":"EntryPoint","urlTemplate":"https:\/\/www.athome.lu\/blog\/?s={search_term_string}"},"query-input":{"@type":"PropertyValueSpecification","valueRequired":true,"valueName":"search_term_string"}}],"inLanguage":"fr-FR"},{"@type":"Person","@id":"https:\/\/www.athome.lu\/blog\/#\/schema\/person\/47f7a38089f837e792876ceddc4cb2dc","name":"Fanny Pimentel","image":{"@type":"ImageObject","inLanguage":"fr-FR","@id":"https:\/\/secure.gravatar.com\/avatar\/c60b27b93851dc9503f9cc9150e73dcb0a86ba6150657e5e4b11d988400bc633?s=96&d=mm&r=g","url":"https:\/\/secure.gravatar.com\/avatar\/c60b27b93851dc9503f9cc9150e73dcb0a86ba6150657e5e4b11d988400bc633?s=96&d=mm&r=g","contentUrl":"https:\/\/secure.gravatar.com\/avatar\/c60b27b93851dc9503f9cc9150e73dcb0a86ba6150657e5e4b11d988400bc633?s=96&d=mm&r=g","caption":"Fanny Pimentel"}}]}},"featured_media_src_url":"https:\/\/www.athome.lu\/blog\/wp-content\/uploads\/2018\/01\/Buanderie-1200-iStock-541007468-1024x683.jpg","_links":{"self":[{"href":"https:\/\/www.athome.lu\/blog\/wp-json\/wp\/v2\/posts\/10714","targetHints":{"allow":["GET"]}}],"collection":[{"href":"https:\/\/www.athome.lu\/blog\/wp-json\/wp\/v2\/posts"}],"about":[{"href":"https:\/\/www.athome.lu\/blog\/wp-json\/wp\/v2\/types\/post"}],"author":[{"embeddable":true,"href":"https:\/\/www.athome.lu\/blog\/wp-json\/wp\/v2\/users\/17"}],"replies":[{"embeddable":true,"href":"https:\/\/www.athome.lu\/blog\/wp-json\/wp\/v2\/comments?post=10714"}],"version-history":[{"count":2,"href":"https:\/\/www.athome.lu\/blog\/wp-json\/wp\/v2\/posts\/10714\/revisions"}],"predecessor-version":[{"id":15197,"href":"https:\/\/www.athome.lu\/blog\/wp-json\/wp\/v2\/posts\/10714\/revisions\/15197"}],"wp:featuredmedia":[{"embeddable":true,"href":"https:\/\/www.athome.lu\/blog\/wp-json\/wp\/v2\/media\/10717"}],"wp:attachment":[{"href":"https:\/\/www.athome.lu\/blog\/wp-json\/wp\/v2\/media?parent=10714"}],"wp:term":[{"taxonomy":"category","embeddable":true,"href":"https:\/\/www.athome.lu\/blog\/wp-json\/wp\/v2\/categories?post=10714"},{"taxonomy":"post_tag","embeddable":true,"href":"https:\/\/www.athome.lu\/blog\/wp-json\/wp\/v2\/tags?post=10714"}],"curies":[{"name":"wp","href":"https:\/\/api.w.org\/{rel}","templated":true}]}}