{"id":10768,"date":"2018-01-30T13:53:15","date_gmt":"2018-01-30T12:53:15","guid":{"rendered":"https:\/\/www.athome.lu\/blog\/?p=10768"},"modified":"2022-05-12T08:43:09","modified_gmt":"2022-05-12T06:43:09","slug":"diekirch-une-ville-qui-se-reinvente","status":"publish","type":"post","link":"https:\/\/www.athome.lu\/blog\/marche-immobilier\/villes\/diekirch-une-ville-qui-se-reinvente\/","title":{"rendered":"Diekirch, une ville qui se r\u00e9invente"},"content":{"rendered":"\n<p><span style=\"color: #000000;\">Bien connue pour sa brasserie, la commune de Diekirch est nich\u00e9e au c\u0153ur d\u2019un \u00e9crin naturel particuli\u00e8rement attrayant. Un cadre magnifique auquel il faut ajouter des infrastructures scolaires, sportives et culturelles \u00e0 la pointe. Diekirch est en pleine phase de mutation, avec plusieurs projets immobiliers au niveau de la ville et de ses abords.<\/span><\/p>\n\n\n\n<p><span style=\"color: #000000;\">Pos\u00e9e au bord de la S\u00fbre, la ville de Diekirch offre un cadre de vie paisible \u00e0 ses habitants. \u00ab Il suffit de faire 500 m\u00e8tres \u00e0 pied pour \u00eatre dans la nature, indique Claude Haagen, bourgmestre de la commune. \u00ab C\u2019est une ville verte qui a longtemps profit\u00e9 d\u2019une activit\u00e9 touristique d\u00e9bordante. C\u2019est encore le cas aujourd\u2019hui, m\u00eame si on a moins de touristes qui viennent pour deux semaines comme c\u2019\u00e9tait le cas il y a quelques d\u00e9cennies. La tendance est plus aux s\u00e9jours courts, de 1 \u00e0 5 ou 6 jours. \u00bb<\/span><\/p>\n\n\n\n<p><span style=\"color: #000000;\">Les campings sont d\u2019ailleurs encore en activit\u00e9 dans la ville et la commune a investi dans une station de cano\u00eb-kayak dernier cri. Les amateurs peuvent pratiquer leur passion en toute s\u00e9curit\u00e9, gr\u00e2ce \u00e0 un canal d\u2019eau vive situ\u00e9 au lieu-dit \u00ab Al Schwemm \u00bb. Les installations sportives pr\u00e9sentes sur le territoire de la commune ne sont pas r\u00e9serv\u00e9es qu\u2019aux touristes. Entre la piscine, les terrains de tennis et de foot synth\u00e9tiques, le hall sportif ou le stade, il y a de quoi contenter chaque habitant de la commune. <\/span><\/p>\n\n\n\n<div class=\"wp-block-image\"><figure class=\"aligncenter\"><img loading=\"lazy\" decoding=\"async\" width=\"500\" height=\"255\" src=\"https:\/\/www.athome.lu\/blog\/blog\/wp-content\/uploads\/2018\/01\/diekirch-2_500.jpg\" alt=\"Diekirch \" class=\"wp-image-10772\" srcset=\"https:\/\/www.athome.lu\/blog\/wp-content\/uploads\/2018\/01\/diekirch-2_500.jpg 500w, https:\/\/www.athome.lu\/blog\/wp-content\/uploads\/2018\/01\/diekirch-2_500-300x153.jpg 300w, https:\/\/www.athome.lu\/blog\/wp-content\/uploads\/2018\/01\/diekirch-2_500-18x9.jpg 18w\" sizes=\"auto, (max-width: 500px) 100vw, 500px\" \/><\/figure><\/div>\n\n\n\n<h2 class=\"wp-block-heading\"><span style=\"color: #000000;\"><strong>Ville militaire, administrative et culturelle<\/strong><\/span><\/h2>\n\n\n\n<p><span style=\"color: #000000;\">Historiquement, Diekirch est surtout une ville militaire. \u00ab La caserne Grand-Duc Jean, la seule du Luxembourg, est situ\u00e9e dans notre ville \u00bb, pr\u00e9cise ainsi Claude Haagen. La commune est toujours un centre d\u2019activit\u00e9 \u00e9tatique important, mais plut\u00f4t dans le secteur administratif. La ville de Diekirch est aussi fr\u00e9quent\u00e9e par de nombreux \u00e9tudiants. Plusieurs lyc\u00e9es, dont le lyc\u00e9e technique h\u00f4telier Alexis-Heck, sont situ\u00e9s sur son territoire.<\/span><\/p>\n\n\n\n<p><span style=\"color: #000000;\">Aujourd\u2019hui, c\u2019est vers la culture que se tourne la ville. \u00ab Nous y comptons cinq mus\u00e9es, poursuit le bourgmestre. Et nous avons ouvert il y a quelques mois notre nouveau complexe cin\u00e9matographique. C\u2019est un ensemble comportant cinq salles \u00e9quip\u00e9es des derni\u00e8res technologies, que l\u2019on parle du son ou de l\u2019image, avec notamment des \u00e9quipements 3D. \u00bb <\/span><\/p>\n\n\n\n<p><span style=\"color: #000000;\">L\u2019activit\u00e9 \u00e9conomique n\u2019est en outre pas en reste puisqu\u2019une nouvelle zone d\u2019activit\u00e9 \u00e9conomique va voir le jour au Friedhof. Selon Claude Haagen, \u00ab une trentaine d\u2019entreprises vont s\u2019y installer dans les prochaines ann\u00e9es, dans les secteurs de l\u2019automobile, du g\u00e9nie civil, etc. \u00bb<\/span><\/p>\n\n\n<section id=\"section-3-14695\" class=\" ct-section\" ><div class=\"ct-section-inner-wrap\"><div id=\"div_block-4-14695\" class=\"ct-div-block\" ><div id=\"new_columns-7-14695\" class=\"ct-new-columns\" ><div id=\"div_block-8-14695\" class=\"ct-div-block\" ><div id=\"div_block-14-14695\" class=\"ct-div-block\" ><\/div><\/div><div id=\"div_block-9-14695\" class=\"ct-div-block\" ><h1 id=\"headline-11-14695\" class=\"ct-headline\">Quels sont les prix de l'immobilier en ce moment ?<\/h1><div id=\"text_block-12-14695\" class=\"ct-text-block\" >Les prix ralentissent. Les taux d'int\u00e9r\u00eat augmentent. Quelles tendances pour les mois \u00e0 venir ?<\/div><a id=\"link_button-13-14695\" class=\"ct-link-button\" href=\"https:\/\/www.athome.lu\/blog\/blog\/marche-immobilier\/prix\/tendances-2022\/\" target=\"_blank\"  >Lire l'analyse<\/a><\/div><\/div><\/div><\/div><\/section>\n\n\n<h2 class=\"wp-block-heading\"><span style=\"color: #000000;\"><strong>Des projets immobiliers pr\u00f4nant la mixit\u00e9 sociale<\/strong><\/span><\/h2>\n\n\n\n<p><span style=\"color: #000000;\">L\u2019importante offre de services pr\u00e9sente sur Diekirch conjugu\u00e9e \u00e0 son cadre bucolique fait de la commune une entit\u00e9 \u00e0 la population croissante. Pour r\u00e9pondre \u00e0 la demande de logement, la mutation de Diekirch se poursuit avec un ma\u00eetre-mot : la mixit\u00e9. \u00ab Trois grands projets immobiliers vont \u00eatre finalis\u00e9s durant les six prochaines ann\u00e9es, d\u00e9taille Claude Haagen. Le premier concerne le site de la brasserie, qui est en train de faire peau neuve. Des appartements mais aussi des logements sociaux devraient y \u00eatre construits. Un parking souterrain est \u00e9galement pr\u00e9vu dans ce nouvel ensemble. \u00bb<\/span><\/p>\n\n\n\n<p><span style=\"color: #000000;\">Le bourgmestre annonce \u00e9galement la cr\u00e9ation, au cours des deux ou trois prochaines ann\u00e9es, d\u2019un nouveau lotissement au Walebroch. Le remembrement a d\u00e9j\u00e0 \u00e9t\u00e9 effectu\u00e9 et des habitations vont bient\u00f4t y voir le jour. Enfin, la cit\u00e9 militaire de Diekirch va \u00eatre r\u00e9am\u00e9nag\u00e9e pour y int\u00e9grer, en plein centre de la ville, des logements conventionnels ou sociaux, un parking, des restaurants, des commerces\u2026 <\/span><\/p>\n\n\n\n<p><span style=\"color: #000000;\">On le voit, Claude Haagen et la commune de Diekirch n\u2019h\u00e9sitent pas \u00e0 initier des projets \u00e0 plusieurs facettes, qui m\u00e9langent les genres mais aussi les populations. \u00ab On ne souhaite pas proc\u00e9der comme on le faisait auparavant : construire des b\u00e2timents qui seront exclusivement affect\u00e9s au logement social. Nous croyons qu\u2019il est pr\u00e9f\u00e9rable de m\u00e9langer les diff\u00e9rentes populations dans un m\u00eame ensemble. \u00bb<\/span><\/p>\n\n\n\n<h2 class=\"wp-block-heading\"><span style=\"color: #000000;\"><strong>Des services qui accompagnent les projets immobiliers<\/strong><\/span><\/h2>\n\n\n\n<p><span style=\"color: #000000;\">La vis\u00e9e sociale des \u00e9lus communaux ne s\u2019arr\u00eate pas l\u00e0. Diekirch a d\u00e9velopp\u00e9 un projet \u00e0 caract\u00e8re social propre en mati\u00e8re de logement. \u00ab Nous avons fait appel aux propri\u00e9taires disposant de cellules de logement libres, explique Claude Haagen. Les propri\u00e9taires peuvent louer ces logements \u00e0 la commune, qui les sous-loue aux personnes r\u00e9pondant aux crit\u00e8res du fonds du logement pour une somme 10% inf\u00e9rieure au cours du march\u00e9. Le propri\u00e9taire touche certes un peu moins d\u2019argent mais, d\u2019une part, il est certain de recevoir son loyer en temps et en heure et, d\u2019autre part, il a la garantie que son bien est entretenu. \u00bb<\/span><\/p>\n\n\n\n<p><span style=\"color: #000000;\">Pour tous les habitants de la commune, des services destin\u00e9s \u00e0 l\u2019enfance sont d\u00e9j\u00e0 mis en place. \u00ab Et ils vont se d\u00e9velopper, souligne le bourgmestre. Nous disposons d\u2019une maison-relais et nous allons en cr\u00e9er une nouvelle. Quant \u00e0 la cr\u00e8che, elle a \u00e9t\u00e9 \u00e9tendue. Nous allons sans doute devoir en construire une seconde \u00e0 proximit\u00e9 de l\u2019un de nos nouveaux projets immobiliers. Enfin, je ne m\u2019en fais pas trop pour les \u00e9coles fondamentales, qui ont une capacit\u00e9 suffisante pour pallier les besoins des six prochaines ann\u00e9es, ni pour l\u2019accueil g\u00e9riatrique, qui est assur\u00e9 par une maison de retraite et une maison de soins. \u00bb<\/span><\/p>\n\n\n\n<p><span style=\"color: #000000;\">Tout est donc en place pour que la commune de Diekirch poursuive sa mutation en douceur. Et continue \u00e0 faire valoir sa renomm\u00e9e, qui doit beaucoup \u00e0 sa qualit\u00e9 de vie ainsi qu\u2019\u00e0 sa (nouvelle) brasserie\u2026 <\/span><\/p>\n","protected":false},"excerpt":{"rendered":"<p>Bien connue pour sa brasserie, la commune de Diekirch est nich\u00e9e au c\u0153ur d\u2019un \u00e9crin naturel particuli\u00e8rement attrayant. Un cadre magnifique auquel il faut ajouter des infrastructures scolaires, sportives et culturelles \u00e0 la pointe. Diekirch est en pleine phase de mutation, avec plusieurs projets immobiliers au niveau de la ville et de ses abords. Pos\u00e9e [&hellip;]<\/p>\n","protected":false},"author":17,"featured_media":10771,"comment_status":"closed","ping_status":"open","sticky":false,"template":"","format":"standard","meta":{"_acf_changed":false,"footnotes":""},"categories":[218],"tags":[117],"class_list":["post-10768","post","type-post","status-publish","format-standard","has-post-thumbnail","hentry","category-villes","tag-diekirch"],"acf":[],"yoast_head":"<!-- This site is optimized with the Yoast SEO plugin v27.4 - https:\/\/yoast.com\/product\/yoast-seo-wordpress\/ -->\n<title>\u25b7 Diekirch, une ville qui se r\u00e9invente | atHome<\/title>\n<meta name=\"description\" content=\"Bien connue pour sa brasserie, la commune de Diekirch est nich\u00e9e au c\u0153ur d\u2019un \u00e9crin naturel particuli\u00e8rement attrayant.\" \/>\n<meta name=\"robots\" content=\"index, follow, max-snippet:-1, max-image-preview:large, max-video-preview:-1\" \/>\n<link rel=\"canonical\" href=\"https:\/\/www.athome.lu\/blog\/marche-immobilier\/villes\/diekirch-une-ville-qui-se-reinvente\/\" \/>\n<meta property=\"og:locale\" content=\"fr_FR\" \/>\n<meta property=\"og:type\" content=\"article\" \/>\n<meta property=\"og:title\" content=\"\u25b7 Diekirch, une ville qui se r\u00e9invente | atHome\" \/>\n<meta property=\"og:description\" content=\"Bien connue pour sa brasserie, la commune de Diekirch est nich\u00e9e au c\u0153ur d\u2019un \u00e9crin naturel particuli\u00e8rement attrayant.\" \/>\n<meta property=\"og:url\" content=\"https:\/\/www.athome.lu\/blog\/marche-immobilier\/villes\/diekirch-une-ville-qui-se-reinvente\/\" \/>\n<meta property=\"og:site_name\" content=\"atHome Blog\" \/>\n<meta property=\"article:publisher\" content=\"https:\/\/www.facebook.com\/atHome.lu\/\" \/>\n<meta property=\"article:published_time\" content=\"2018-01-30T12:53:15+00:00\" \/>\n<meta property=\"article:modified_time\" content=\"2022-05-12T06:43:09+00:00\" \/>\n<meta property=\"og:image\" content=\"https:\/\/www.athome.lu\/blog\/wp-content\/uploads\/2018\/01\/Diekirch-1.jpg\" \/>\n\t<meta property=\"og:image:width\" content=\"1266\" \/>\n\t<meta property=\"og:image:height\" content=\"844\" \/>\n\t<meta property=\"og:image:type\" content=\"image\/jpeg\" \/>\n<meta name=\"author\" content=\"Fanny Pimentel\" \/>\n<meta name=\"twitter:card\" content=\"summary_large_image\" \/>\n<meta name=\"twitter:creator\" content=\"@athomelu\" \/>\n<meta name=\"twitter:site\" content=\"@athomelu\" \/>\n<meta name=\"twitter:label1\" content=\"\u00c9crit par\" \/>\n\t<meta name=\"twitter:data1\" content=\"Fanny Pimentel\" \/>\n\t<meta name=\"twitter:label2\" content=\"Dur\u00e9e de lecture estim\u00e9e\" \/>\n\t<meta name=\"twitter:data2\" content=\"5 minutes\" \/>\n<script type=\"application\/ld+json\" class=\"yoast-schema-graph\">{\"@context\":\"https:\\\/\\\/schema.org\",\"@graph\":[{\"@type\":\"Article\",\"@id\":\"https:\\\/\\\/www.athome.lu\\\/blog\\\/marche-immobilier\\\/villes\\\/diekirch-une-ville-qui-se-reinvente\\\/#article\",\"isPartOf\":{\"@id\":\"https:\\\/\\\/www.athome.lu\\\/blog\\\/marche-immobilier\\\/villes\\\/diekirch-une-ville-qui-se-reinvente\\\/\"},\"author\":{\"name\":\"Fanny Pimentel\",\"@id\":\"https:\\\/\\\/www.athome.lu\\\/blog\\\/#\\\/schema\\\/person\\\/47f7a38089f837e792876ceddc4cb2dc\"},\"headline\":\"Diekirch, une ville qui se r\u00e9invente\",\"datePublished\":\"2018-01-30T12:53:15+00:00\",\"dateModified\":\"2022-05-12T06:43:09+00:00\",\"mainEntityOfPage\":{\"@id\":\"https:\\\/\\\/www.athome.lu\\\/blog\\\/marche-immobilier\\\/villes\\\/diekirch-une-ville-qui-se-reinvente\\\/\"},\"wordCount\":964,\"image\":{\"@id\":\"https:\\\/\\\/www.athome.lu\\\/blog\\\/marche-immobilier\\\/villes\\\/diekirch-une-ville-qui-se-reinvente\\\/#primaryimage\"},\"thumbnailUrl\":\"https:\\\/\\\/www.athome.lu\\\/blog\\\/wp-content\\\/uploads\\\/2018\\\/01\\\/Diekirch-1.jpg\",\"keywords\":[\"Diekirch\"],\"articleSection\":[\"Villes\"],\"inLanguage\":\"fr-FR\"},{\"@type\":\"WebPage\",\"@id\":\"https:\\\/\\\/www.athome.lu\\\/blog\\\/marche-immobilier\\\/villes\\\/diekirch-une-ville-qui-se-reinvente\\\/\",\"url\":\"https:\\\/\\\/www.athome.lu\\\/blog\\\/marche-immobilier\\\/villes\\\/diekirch-une-ville-qui-se-reinvente\\\/\",\"name\":\"\u25b7 Diekirch, une ville qui se r\u00e9invente | atHome\",\"isPartOf\":{\"@id\":\"https:\\\/\\\/www.athome.lu\\\/blog\\\/#website\"},\"primaryImageOfPage\":{\"@id\":\"https:\\\/\\\/www.athome.lu\\\/blog\\\/marche-immobilier\\\/villes\\\/diekirch-une-ville-qui-se-reinvente\\\/#primaryimage\"},\"image\":{\"@id\":\"https:\\\/\\\/www.athome.lu\\\/blog\\\/marche-immobilier\\\/villes\\\/diekirch-une-ville-qui-se-reinvente\\\/#primaryimage\"},\"thumbnailUrl\":\"https:\\\/\\\/www.athome.lu\\\/blog\\\/wp-content\\\/uploads\\\/2018\\\/01\\\/Diekirch-1.jpg\",\"datePublished\":\"2018-01-30T12:53:15+00:00\",\"dateModified\":\"2022-05-12T06:43:09+00:00\",\"author\":{\"@id\":\"https:\\\/\\\/www.athome.lu\\\/blog\\\/#\\\/schema\\\/person\\\/47f7a38089f837e792876ceddc4cb2dc\"},\"description\":\"Bien connue pour sa brasserie, la commune de Diekirch est nich\u00e9e au c\u0153ur d\u2019un \u00e9crin naturel particuli\u00e8rement attrayant.\",\"breadcrumb\":{\"@id\":\"https:\\\/\\\/www.athome.lu\\\/blog\\\/marche-immobilier\\\/villes\\\/diekirch-une-ville-qui-se-reinvente\\\/#breadcrumb\"},\"inLanguage\":\"fr-FR\",\"potentialAction\":[{\"@type\":\"ReadAction\",\"target\":[\"https:\\\/\\\/www.athome.lu\\\/blog\\\/marche-immobilier\\\/villes\\\/diekirch-une-ville-qui-se-reinvente\\\/\"]}]},{\"@type\":\"ImageObject\",\"inLanguage\":\"fr-FR\",\"@id\":\"https:\\\/\\\/www.athome.lu\\\/blog\\\/marche-immobilier\\\/villes\\\/diekirch-une-ville-qui-se-reinvente\\\/#primaryimage\",\"url\":\"https:\\\/\\\/www.athome.lu\\\/blog\\\/wp-content\\\/uploads\\\/2018\\\/01\\\/Diekirch-1.jpg\",\"contentUrl\":\"https:\\\/\\\/www.athome.lu\\\/blog\\\/wp-content\\\/uploads\\\/2018\\\/01\\\/Diekirch-1.jpg\",\"width\":1266,\"height\":844,\"caption\":\"Ville de Diekirch\"},{\"@type\":\"BreadcrumbList\",\"@id\":\"https:\\\/\\\/www.athome.lu\\\/blog\\\/marche-immobilier\\\/villes\\\/diekirch-une-ville-qui-se-reinvente\\\/#breadcrumb\",\"itemListElement\":[{\"@type\":\"ListItem\",\"position\":1,\"name\":\"Accueil\",\"item\":\"https:\\\/\\\/www.athome.lu\\\/blog\\\/\"},{\"@type\":\"ListItem\",\"position\":2,\"name\":\"March\u00e9 immobilier\",\"item\":\"https:\\\/\\\/www.athome.lu\\\/blog\\\/category\\\/marche-immobilier\\\/\"},{\"@type\":\"ListItem\",\"position\":3,\"name\":\"Villes\",\"item\":\"https:\\\/\\\/www.athome.lu\\\/blog\\\/category\\\/marche-immobilier\\\/villes\\\/\"},{\"@type\":\"ListItem\",\"position\":4,\"name\":\"Diekirch, une ville qui se r\u00e9invente\"}]},{\"@type\":\"WebSite\",\"@id\":\"https:\\\/\\\/www.athome.lu\\\/blog\\\/#website\",\"url\":\"https:\\\/\\\/www.athome.lu\\\/blog\\\/\",\"name\":\"atHome Blog\",\"description\":\"Annonces immobili\u00e8res au Luxembourg. Le portail immobilier n\u00b01 au Luxembourg.\",\"potentialAction\":[{\"@type\":\"SearchAction\",\"target\":{\"@type\":\"EntryPoint\",\"urlTemplate\":\"https:\\\/\\\/www.athome.lu\\\/blog\\\/?s={search_term_string}\"},\"query-input\":{\"@type\":\"PropertyValueSpecification\",\"valueRequired\":true,\"valueName\":\"search_term_string\"}}],\"inLanguage\":\"fr-FR\"},{\"@type\":\"Person\",\"@id\":\"https:\\\/\\\/www.athome.lu\\\/blog\\\/#\\\/schema\\\/person\\\/47f7a38089f837e792876ceddc4cb2dc\",\"name\":\"Fanny Pimentel\",\"image\":{\"@type\":\"ImageObject\",\"inLanguage\":\"fr-FR\",\"@id\":\"https:\\\/\\\/secure.gravatar.com\\\/avatar\\\/c60b27b93851dc9503f9cc9150e73dcb0a86ba6150657e5e4b11d988400bc633?s=96&d=mm&r=g\",\"url\":\"https:\\\/\\\/secure.gravatar.com\\\/avatar\\\/c60b27b93851dc9503f9cc9150e73dcb0a86ba6150657e5e4b11d988400bc633?s=96&d=mm&r=g\",\"contentUrl\":\"https:\\\/\\\/secure.gravatar.com\\\/avatar\\\/c60b27b93851dc9503f9cc9150e73dcb0a86ba6150657e5e4b11d988400bc633?s=96&d=mm&r=g\",\"caption\":\"Fanny Pimentel\"}}]}<\/script>\n<!-- \/ Yoast SEO plugin. -->","yoast_head_json":{"title":"\u25b7 Diekirch, une ville qui se r\u00e9invente | atHome","description":"Bien connue pour sa brasserie, la commune de Diekirch est nich\u00e9e au c\u0153ur d\u2019un \u00e9crin naturel particuli\u00e8rement attrayant.","robots":{"index":"index","follow":"follow","max-snippet":"max-snippet:-1","max-image-preview":"max-image-preview:large","max-video-preview":"max-video-preview:-1"},"canonical":"https:\/\/www.athome.lu\/blog\/marche-immobilier\/villes\/diekirch-une-ville-qui-se-reinvente\/","og_locale":"fr_FR","og_type":"article","og_title":"\u25b7 Diekirch, une ville qui se r\u00e9invente | atHome","og_description":"Bien connue pour sa brasserie, la commune de Diekirch est nich\u00e9e au c\u0153ur d\u2019un \u00e9crin naturel particuli\u00e8rement attrayant.","og_url":"https:\/\/www.athome.lu\/blog\/marche-immobilier\/villes\/diekirch-une-ville-qui-se-reinvente\/","og_site_name":"atHome Blog","article_publisher":"https:\/\/www.facebook.com\/atHome.lu\/","article_published_time":"2018-01-30T12:53:15+00:00","article_modified_time":"2022-05-12T06:43:09+00:00","og_image":[{"width":1266,"height":844,"url":"https:\/\/www.athome.lu\/blog\/wp-content\/uploads\/2018\/01\/Diekirch-1.jpg","type":"image\/jpeg"}],"author":"Fanny Pimentel","twitter_card":"summary_large_image","twitter_creator":"@athomelu","twitter_site":"@athomelu","twitter_misc":{"\u00c9crit par":"Fanny Pimentel","Dur\u00e9e de lecture estim\u00e9e":"5 minutes"},"schema":{"@context":"https:\/\/schema.org","@graph":[{"@type":"Article","@id":"https:\/\/www.athome.lu\/blog\/marche-immobilier\/villes\/diekirch-une-ville-qui-se-reinvente\/#article","isPartOf":{"@id":"https:\/\/www.athome.lu\/blog\/marche-immobilier\/villes\/diekirch-une-ville-qui-se-reinvente\/"},"author":{"name":"Fanny Pimentel","@id":"https:\/\/www.athome.lu\/blog\/#\/schema\/person\/47f7a38089f837e792876ceddc4cb2dc"},"headline":"Diekirch, une ville qui se r\u00e9invente","datePublished":"2018-01-30T12:53:15+00:00","dateModified":"2022-05-12T06:43:09+00:00","mainEntityOfPage":{"@id":"https:\/\/www.athome.lu\/blog\/marche-immobilier\/villes\/diekirch-une-ville-qui-se-reinvente\/"},"wordCount":964,"image":{"@id":"https:\/\/www.athome.lu\/blog\/marche-immobilier\/villes\/diekirch-une-ville-qui-se-reinvente\/#primaryimage"},"thumbnailUrl":"https:\/\/www.athome.lu\/blog\/wp-content\/uploads\/2018\/01\/Diekirch-1.jpg","keywords":["Diekirch"],"articleSection":["Villes"],"inLanguage":"fr-FR"},{"@type":"WebPage","@id":"https:\/\/www.athome.lu\/blog\/marche-immobilier\/villes\/diekirch-une-ville-qui-se-reinvente\/","url":"https:\/\/www.athome.lu\/blog\/marche-immobilier\/villes\/diekirch-une-ville-qui-se-reinvente\/","name":"\u25b7 Diekirch, une ville qui se r\u00e9invente | atHome","isPartOf":{"@id":"https:\/\/www.athome.lu\/blog\/#website"},"primaryImageOfPage":{"@id":"https:\/\/www.athome.lu\/blog\/marche-immobilier\/villes\/diekirch-une-ville-qui-se-reinvente\/#primaryimage"},"image":{"@id":"https:\/\/www.athome.lu\/blog\/marche-immobilier\/villes\/diekirch-une-ville-qui-se-reinvente\/#primaryimage"},"thumbnailUrl":"https:\/\/www.athome.lu\/blog\/wp-content\/uploads\/2018\/01\/Diekirch-1.jpg","datePublished":"2018-01-30T12:53:15+00:00","dateModified":"2022-05-12T06:43:09+00:00","author":{"@id":"https:\/\/www.athome.lu\/blog\/#\/schema\/person\/47f7a38089f837e792876ceddc4cb2dc"},"description":"Bien connue pour sa brasserie, la commune de Diekirch est nich\u00e9e au c\u0153ur d\u2019un \u00e9crin naturel particuli\u00e8rement attrayant.","breadcrumb":{"@id":"https:\/\/www.athome.lu\/blog\/marche-immobilier\/villes\/diekirch-une-ville-qui-se-reinvente\/#breadcrumb"},"inLanguage":"fr-FR","potentialAction":[{"@type":"ReadAction","target":["https:\/\/www.athome.lu\/blog\/marche-immobilier\/villes\/diekirch-une-ville-qui-se-reinvente\/"]}]},{"@type":"ImageObject","inLanguage":"fr-FR","@id":"https:\/\/www.athome.lu\/blog\/marche-immobilier\/villes\/diekirch-une-ville-qui-se-reinvente\/#primaryimage","url":"https:\/\/www.athome.lu\/blog\/wp-content\/uploads\/2018\/01\/Diekirch-1.jpg","contentUrl":"https:\/\/www.athome.lu\/blog\/wp-content\/uploads\/2018\/01\/Diekirch-1.jpg","width":1266,"height":844,"caption":"Ville de Diekirch"},{"@type":"BreadcrumbList","@id":"https:\/\/www.athome.lu\/blog\/marche-immobilier\/villes\/diekirch-une-ville-qui-se-reinvente\/#breadcrumb","itemListElement":[{"@type":"ListItem","position":1,"name":"Accueil","item":"https:\/\/www.athome.lu\/blog\/"},{"@type":"ListItem","position":2,"name":"March\u00e9 immobilier","item":"https:\/\/www.athome.lu\/blog\/category\/marche-immobilier\/"},{"@type":"ListItem","position":3,"name":"Villes","item":"https:\/\/www.athome.lu\/blog\/category\/marche-immobilier\/villes\/"},{"@type":"ListItem","position":4,"name":"Diekirch, une ville qui se r\u00e9invente"}]},{"@type":"WebSite","@id":"https:\/\/www.athome.lu\/blog\/#website","url":"https:\/\/www.athome.lu\/blog\/","name":"atHome Blog","description":"Annonces immobili\u00e8res au Luxembourg. Le portail immobilier n\u00b01 au Luxembourg.","potentialAction":[{"@type":"SearchAction","target":{"@type":"EntryPoint","urlTemplate":"https:\/\/www.athome.lu\/blog\/?s={search_term_string}"},"query-input":{"@type":"PropertyValueSpecification","valueRequired":true,"valueName":"search_term_string"}}],"inLanguage":"fr-FR"},{"@type":"Person","@id":"https:\/\/www.athome.lu\/blog\/#\/schema\/person\/47f7a38089f837e792876ceddc4cb2dc","name":"Fanny Pimentel","image":{"@type":"ImageObject","inLanguage":"fr-FR","@id":"https:\/\/secure.gravatar.com\/avatar\/c60b27b93851dc9503f9cc9150e73dcb0a86ba6150657e5e4b11d988400bc633?s=96&d=mm&r=g","url":"https:\/\/secure.gravatar.com\/avatar\/c60b27b93851dc9503f9cc9150e73dcb0a86ba6150657e5e4b11d988400bc633?s=96&d=mm&r=g","contentUrl":"https:\/\/secure.gravatar.com\/avatar\/c60b27b93851dc9503f9cc9150e73dcb0a86ba6150657e5e4b11d988400bc633?s=96&d=mm&r=g","caption":"Fanny Pimentel"}}]}},"featured_media_src_url":"https:\/\/www.athome.lu\/blog\/wp-content\/uploads\/2018\/01\/Diekirch-1-1024x683.jpg","_links":{"self":[{"href":"https:\/\/www.athome.lu\/blog\/wp-json\/wp\/v2\/posts\/10768","targetHints":{"allow":["GET"]}}],"collection":[{"href":"https:\/\/www.athome.lu\/blog\/wp-json\/wp\/v2\/posts"}],"about":[{"href":"https:\/\/www.athome.lu\/blog\/wp-json\/wp\/v2\/types\/post"}],"author":[{"embeddable":true,"href":"https:\/\/www.athome.lu\/blog\/wp-json\/wp\/v2\/users\/17"}],"replies":[{"embeddable":true,"href":"https:\/\/www.athome.lu\/blog\/wp-json\/wp\/v2\/comments?post=10768"}],"version-history":[{"count":2,"href":"https:\/\/www.athome.lu\/blog\/wp-json\/wp\/v2\/posts\/10768\/revisions"}],"predecessor-version":[{"id":15189,"href":"https:\/\/www.athome.lu\/blog\/wp-json\/wp\/v2\/posts\/10768\/revisions\/15189"}],"wp:featuredmedia":[{"embeddable":true,"href":"https:\/\/www.athome.lu\/blog\/wp-json\/wp\/v2\/media\/10771"}],"wp:attachment":[{"href":"https:\/\/www.athome.lu\/blog\/wp-json\/wp\/v2\/media?parent=10768"}],"wp:term":[{"taxonomy":"category","embeddable":true,"href":"https:\/\/www.athome.lu\/blog\/wp-json\/wp\/v2\/categories?post=10768"},{"taxonomy":"post_tag","embeddable":true,"href":"https:\/\/www.athome.lu\/blog\/wp-json\/wp\/v2\/tags?post=10768"}],"curies":[{"name":"wp","href":"https:\/\/api.w.org\/{rel}","templated":true}]}}