{"id":10839,"date":"2018-02-19T09:59:03","date_gmt":"2018-02-19T08:59:03","guid":{"rendered":"https:\/\/www.athome.lu\/blog\/?p=10839"},"modified":"2022-05-12T08:39:10","modified_gmt":"2022-05-12T06:39:10","slug":"mamer-la-commune-aux-1000-atouts","status":"publish","type":"post","link":"https:\/\/www.athome.lu\/blog\/marche-immobilier\/villes\/mamer-la-commune-aux-1000-atouts\/","title":{"rendered":"Mamer, la commune aux 1000 atouts"},"content":{"rendered":"\n<p><span style=\"color: #000000;\">Ecole europ\u00e9enne, institutions internationales, activit\u00e9 \u00e9conomique d\u00e9bordante, nature, culture\u2026 La commune de Mamer dispose d\u2019atouts consid\u00e9rables qui ont une influence tr\u00e8s positive sur la croissance de la population. Cette belle attractivit\u00e9 n\u2019est cependant pas sans impact sur la demande en logements et sur les prix de l\u2019immobilier\u2026 <\/span><\/p>\n\n\n\n<p><span style=\"color: #000000;\">En un coup d\u2019\u0153il sur la carte du Grand-Duch\u00e9 de Luxembourg, on comprend rapidement pourquoi Mamer attire des institutions internationales, des acteurs \u00e9conomiques importants et une population croissante. La commune, qui comprend \u00e9galement les localit\u00e9s de Holzem et Capellen, est en effet situ\u00e9e \u00e0 mi-distance entre la fronti\u00e8re belge et la ville de Luxembourg. En outre, deux axes routiers importants s\u2019y rencontrent : la N6 et la A6. \u00ab Le r\u00e9seau de transports en commun y est aussi tr\u00e8s bien structur\u00e9 \u00bb, explique Gilles Roth, qui occupe le si\u00e8ge de bourgmestre de la commune depuis\u2026 18 ans. \u00ab Les bus et trains y sont nombreux et permettent de rejoindre facilement Luxembourg-Ville. Et ce n\u2019est pas tout puisque le tram pourrait bient\u00f4t arriver jusque Mamer. Les travaux ne seraient pas bien compliqu\u00e9s, il suffirait de lui faire longer la N6. \u00bb<\/span><\/p>\n\n\n\n<h2 class=\"wp-block-heading\"><strong><span style=\"color: #000000;\">L\u2019attrait des institutions et des entreprises informatiques<\/span><\/strong><\/h2>\n\n\n\n<p><span style=\"color: #000000;\">Pas \u00e9tonnant, d\u00e8s lors, que des acteurs importants se soient install\u00e9s sur le territoire de Mamer. Et que la population ait suivi. \u00ab Beaucoup de fonctionnaires europ\u00e9ens qui travaillent \u00e0 Luxembourg-ville habitent sur le territoire de Mamer, poursuit Gilles Roth. Mais depuis 1968, une agence de l\u2019OTAN est \u00e9galement install\u00e9e sur notre commune, \u00e0 Capellen : la NATO Support and Procurement Agency. Celle-ci attire pas mal de personnel, qui habite souvent chez nous. \u00bb<\/span><\/p>\n\n\n\n<p><span style=\"color: #000000;\">Autre gros pourvoyeur d\u2019habitants \u00e0 Mamer : le secteur des technologies informatiques. On trouve, \u00e0 Capellen, dans ce que certains ont nomm\u00e9 la \u00ab Silicon Valley luxembourgeoise \u00bb, une forte concentration d\u2019acteurs technologiques. \u00ab Ce secteur a commenc\u00e9 \u00e0 se d\u00e9velopper au sein du parc d\u2019activit\u00e9s \u00e9conomiques de Capellen au d\u00e9but des ann\u00e9es 2000, se souvient le bourgmestre. Cela a commenc\u00e9 doucement, avec l\u2019arriv\u00e9e d\u2019entreprises travaillant dans l\u2019informatique, attir\u00e9es par la pr\u00e9sence de terrains proches de Luxembourg-Ville, mais \u00e0 des prix bien plus bas que ceux pratiqu\u00e9s dans la capitale. Puis il y a eu comme un effet boule de neige et les entreprises sp\u00e9cialis\u00e9es dans ce secteur ont commenc\u00e9 \u00e0 affluer : Hewlet-Packard, Fujitsu, IBM\u2026 \u00bb <\/span><\/p>\n\n\n\n<p><span style=\"color: #000000;\">Au-del\u00e0 de ces acteurs particuliers, le parc d\u2019activit\u00e9s \u00e9conomiques de Capellen a \u00e9galement r\u00e9ussi \u00e0 attirer des leaders mondiaux dans leur secteur, comme l\u2019entreprise belge Jan De Nul, sp\u00e9cialis\u00e9e dans le dragage maritime et la construction de canaux de grande envergure.<\/span><\/p>\n\n\n\n<h2 class=\"wp-block-heading\"><strong><span style=\"color: #000000;\">Une population en croissance<\/span><\/strong><\/h2>\n\n\n\n<p><span style=\"color: #000000;\">La commune de Mamer compte actuellement environ 9500 habitants, dont 48% de non-Luxembourgeois. Sa population est en croissance constante. \u00ab Au cours des cinq derni\u00e8res ann\u00e9es, la population a augment\u00e9 d\u2019environ 3% par an, pr\u00e9cise Gilles Roth. Cela repr\u00e9sente une croissance positive annuelle d\u2019environ 250 personnes. \u00bb<\/span><\/p>\n\n\n\n<div class=\"wp-block-image\"><figure class=\"aligncenter\"><img loading=\"lazy\" decoding=\"async\" width=\"500\" height=\"333\" src=\"https:\/\/www.athome.lu\/blog\/blog\/wp-content\/uploads\/2018\/02\/mamer2-500.jpg\" alt=\"Parc de Mamer\" class=\"wp-image-10841\" srcset=\"https:\/\/www.athome.lu\/blog\/wp-content\/uploads\/2018\/02\/mamer2-500.jpg 500w, https:\/\/www.athome.lu\/blog\/wp-content\/uploads\/2018\/02\/mamer2-500-300x200.jpg 300w, https:\/\/www.athome.lu\/blog\/wp-content\/uploads\/2018\/02\/mamer2-500-18x12.jpg 18w\" sizes=\"auto, (max-width: 500px) 100vw, 500px\" \/><\/figure><\/div>\n\n\n\n<p><\/p>\n\n\n\n<p><span style=\"color: #000000;\">Au-del\u00e0 des atouts que sont les nombreux emplois disponibles et l\u2019accessibilit\u00e9, on peut encore \u00e9voquer la pr\u00e9sence sur le territoire de Mamer d\u2019une offre scolaire quasiment sans \u00e9quivalent au Grand-Duch\u00e9. \u00ab Depuis 2000, nous avons investi pas moins de 315 millions d\u2019euros dans des infrastructures scolaires ou parascolaires, d\u00e9taille le bourgmestre. Aujourd\u2019hui, nous pouvons donc recevoir chaque enfant \u00e0 partir de 3 ans dans notre service pr\u00e9scolaire ou au sein de notre maison-relais. C\u2019est assez exceptionnel au Luxembourg. Mamer compte aussi une \u00e9cole europ\u00e9enne, sans oublier le lyc\u00e9e Josy Barthel. \u00bb<\/span><\/p>\n\n\n\n<p><span style=\"color: #000000;\">Evidemment, une telle attractivit\u00e9 doit \u00eatre bien appr\u00e9hend\u00e9e. Il faut \u00eatre en capacit\u00e9 de r\u00e9pondre \u00e0 la demande en logements. Les \u00e9lus locaux, tout comme les responsables nationaux, ont donc veill\u00e9 \u00e0 mettre en place des plans d\u2019am\u00e9nagement du territoire adapt\u00e9s. Un sens de l\u2019anticipation dont se f\u00e9licite le bourgmestre de Mamer. \u00ab En 2013, nous avons sorti un Plan d\u2019Am\u00e9nagement G\u00e9n\u00e9ral qui pr\u00e9voyait la construction de nouveaux lotissements ainsi qu\u2019une densification de l\u2019habitat urbain, notamment le long de la route d\u2019Arlon \u00e0 Mamer. Des nouvelles maisons unifamiliales vont \u00eatre construites sur cet axe. Notre plan d\u2019am\u00e9nagement respecte les prescriptions des futurs plans sectoriels pour le logement projet\u00e9s par le gouvernement. La commune de Mamer y est consid\u00e9r\u00e9e comme prioritaire, ce qui signifie que son offre de logement doit augmenter de 20% en 6 ans. \u00bb<\/span><\/p>\n\n\n<section id=\"section-3-14695\" class=\" ct-section\" ><div class=\"ct-section-inner-wrap\"><div id=\"div_block-4-14695\" class=\"ct-div-block\" ><div id=\"new_columns-7-14695\" class=\"ct-new-columns\" ><div id=\"div_block-8-14695\" class=\"ct-div-block\" ><div id=\"div_block-14-14695\" class=\"ct-div-block\" ><\/div><\/div><div id=\"div_block-9-14695\" class=\"ct-div-block\" ><h1 id=\"headline-11-14695\" class=\"ct-headline\">Quels sont les prix de l'immobilier en ce moment ?<\/h1><div id=\"text_block-12-14695\" class=\"ct-text-block\" >Les prix ralentissent. Les taux d'int\u00e9r\u00eat augmentent. Quelles tendances pour les mois \u00e0 venir ?<\/div><a id=\"link_button-13-14695\" class=\"ct-link-button\" href=\"https:\/\/www.athome.lu\/blog\/blog\/marche-immobilier\/prix\/tendances-2022\/\" target=\"_blank\"  >Lire l'analyse<\/a><\/div><\/div><\/div><\/div><\/section>\n\n\n<h2 class=\"wp-block-heading\"><strong><span style=\"color: #000000;\">Le co\u00fbt du logement, une grosse \u00e9pine dans le pied<\/span><\/strong><\/h2>\n\n\n\n<p><span style=\"color: #000000;\">Il n\u2019est pas question pour les responsables communaux de se reposer sur leurs lauriers. La difficult\u00e9 est de parvenir \u00e0 proposer des logements qui restent accessibles pour des bourses modestes. \u00ab Le probl\u00e8me du co\u00fbt du logement est un fl\u00e9au que connaissent toutes les communes limitrophes de Luxembourg-Ville, reconna\u00eet Gilles Roth. A Mamer, l\u2019are de terrain co\u00fbte 125.000 euros \u00e0 l\u2019achat. M\u00eame un couple d\u2019enseignants avec un bon salaire ne peut pas se le permettre. Autant dire que c\u2019est tout bonnement impossible pour des jeunes qui commencent \u00e0 travailler et n\u2019ont pas de fonds propres ou de soutien de leurs parents par exemple. \u00bb<\/span><\/p>\n\n\n\n<div class=\"wp-block-image\"><figure class=\"aligncenter\"><img loading=\"lazy\" decoding=\"async\" width=\"500\" height=\"333\" src=\"https:\/\/www.athome.lu\/blog\/blog\/wp-content\/uploads\/2018\/02\/mamer3-500.jpg\" alt=\"Logement \u00e0 Mamer\" class=\"wp-image-10842\" srcset=\"https:\/\/www.athome.lu\/blog\/wp-content\/uploads\/2018\/02\/mamer3-500.jpg 500w, https:\/\/www.athome.lu\/blog\/wp-content\/uploads\/2018\/02\/mamer3-500-300x200.jpg 300w, https:\/\/www.athome.lu\/blog\/wp-content\/uploads\/2018\/02\/mamer3-500-18x12.jpg 18w\" sizes=\"auto, (max-width: 500px) 100vw, 500px\" \/><\/figure><\/div>\n\n\n\n<p><\/p>\n\n\n\n<p><span style=\"color: #000000;\">Pour y rem\u00e9dier, la commune de Mamer planche sur diff\u00e9rentes solutions. \u00ab La plus \u00e9vidente est d\u2019augmenter l\u2019offre. Mais la population n\u2019y est pas toujours favorable, explique le bourgmestre. Cela dit, nous avons d\u00e9j\u00e0 pris les devants en pr\u00e9voyant la construction, d\u00e8s 2018, d\u2019un lotissement de 152 logements \u00e0 co\u00fbt mod\u00e9r\u00e9. Il sera situ\u00e9 pr\u00e8s de l\u2019\u00e9cole europ\u00e9enne et propose des habitations aux standards de qualit\u00e9 tr\u00e8s \u00e9lev\u00e9s. Nous ne voulons pas que les gens doivent loger dans des logements de pi\u00e8tre qualit\u00e9 parce qu\u2019ils paient moins cher. \u00bb<\/span><\/p>\n\n\n\n<p><span style=\"color: #000000;\">Autre piste avanc\u00e9e : la mise en avant du logement locatif. \u00ab Un syst\u00e8me adapt\u00e9 a \u00e9t\u00e9 instaur\u00e9 pour les personnes qui souhaitent mettre leur bien en location par le biais de notre agence immobili\u00e8re sociale, d\u00e9taille Gilles Roth. Ces propri\u00e9taires re\u00e7oivent certes un loyer moins \u00e9lev\u00e9, mais ils ont la garantie d\u2019\u00eatre pay\u00e9s. De plus, ils ne sont impos\u00e9s qu\u2019\u00e0 50% sur ces revenus. Au final, leur revenu net est \u00e0 peu pr\u00e8s identique \u00e0 celui qu\u2019ils percevraient dans un syst\u00e8me de location classique. \u00bb<\/span><\/p>\n\n\n\n<h2 class=\"wp-block-heading\"><strong><span style=\"color: #000000;\">Nature et culture, les autres perles de Mamer<\/span><\/strong><\/h2>\n\n\n\n<p><span style=\"color: #000000;\">Selon son bourgmestre, Mamer ne serait sans doute pas aussi attractive sans son cadre de vie, particuli\u00e8rement rustique tout en \u00e9tant proche de la ville. \u00ab Une bonne partie des 28 km2 de notre territoire est encore occup\u00e9e par des terres agricoles, explique-t-il. Nous avons aussi beaucoup de for\u00eats, dont celles situ\u00e9es le long de la rivi\u00e8re Mamer, qui sont tr\u00e8s jolies. En outre, nous avons am\u00e9nag\u00e9 l\u2019an dernier un parc naturel de 11 hectares en plein centre de Mamer : on y trouve une nature intacte, des aires de jeu pour les enfants et un pavillon avec de la restauration et des services sanitaires. Cet espace a beaucoup de succ\u00e8s. \u00bb<\/span><\/p>\n\n\n\n<p><span style=\"color: #000000;\">Ajoutez \u00e0 cela un Centre culturel r\u00e9gional ouvert en 2010 et proposant 100 spectacles par an, ainsi que la construction prochaine d\u2019une \u00e9cole de musique publique, et vous comprendrez pourquoi nous avons surnomm\u00e9 Mamer \u00ab la commune aux 1000 atouts \u00bb\u2026<\/span><\/p>\n","protected":false},"excerpt":{"rendered":"<p>Ecole europ\u00e9enne, institutions internationales, activit\u00e9 \u00e9conomique d\u00e9bordante, nature, culture\u2026 La commune de Mamer dispose d\u2019atouts consid\u00e9rables qui ont une influence tr\u00e8s positive sur la croissance de la population. Cette belle attractivit\u00e9 n\u2019est cependant pas sans impact sur la demande en logements et sur les prix de l\u2019immobilier\u2026 En un coup d\u2019\u0153il sur la carte du [&hellip;]<\/p>\n","protected":false},"author":17,"featured_media":10843,"comment_status":"closed","ping_status":"open","sticky":false,"template":"","format":"standard","meta":{"_acf_changed":false,"footnotes":""},"categories":[218],"tags":[],"class_list":["post-10839","post","type-post","status-publish","format-standard","has-post-thumbnail","hentry","category-villes"],"acf":[],"yoast_head":"<!-- This site is optimized with the Yoast SEO plugin v27.4 - https:\/\/yoast.com\/product\/yoast-seo-wordpress\/ -->\n<title>Zoom sur Mamer: la commune aux 1000 atouts | atHome<\/title>\n<meta name=\"description\" content=\"La commune de Mamer dispose d\u2019atouts consid\u00e9rables qui ont une influence tr\u00e8s positive sur la croissance de la population.\" \/>\n<meta name=\"robots\" content=\"index, follow, max-snippet:-1, max-image-preview:large, max-video-preview:-1\" \/>\n<link rel=\"canonical\" href=\"https:\/\/www.athome.lu\/blog\/marche-immobilier\/villes\/mamer-la-commune-aux-1000-atouts\/\" \/>\n<meta property=\"og:locale\" content=\"fr_FR\" \/>\n<meta property=\"og:type\" content=\"article\" \/>\n<meta property=\"og:title\" content=\"Zoom sur Mamer: la commune aux 1000 atouts | atHome\" \/>\n<meta property=\"og:description\" content=\"La commune de Mamer dispose d\u2019atouts consid\u00e9rables qui ont une influence tr\u00e8s positive sur la croissance de la population.\" \/>\n<meta property=\"og:url\" content=\"https:\/\/www.athome.lu\/blog\/marche-immobilier\/villes\/mamer-la-commune-aux-1000-atouts\/\" \/>\n<meta property=\"og:site_name\" content=\"atHome Blog\" \/>\n<meta property=\"article:publisher\" content=\"https:\/\/www.facebook.com\/atHome.lu\/\" \/>\n<meta property=\"article:published_time\" content=\"2018-02-19T08:59:03+00:00\" \/>\n<meta property=\"article:modified_time\" content=\"2022-05-12T06:39:10+00:00\" \/>\n<meta property=\"og:image\" content=\"https:\/\/www.athome.lu\/blog\/wp-content\/uploads\/2018\/02\/mamer1.jpg\" \/>\n\t<meta property=\"og:image:width\" content=\"1200\" \/>\n\t<meta property=\"og:image:height\" content=\"800\" \/>\n\t<meta property=\"og:image:type\" content=\"image\/jpeg\" \/>\n<meta name=\"author\" content=\"Fanny Pimentel\" \/>\n<meta name=\"twitter:card\" content=\"summary_large_image\" \/>\n<meta name=\"twitter:creator\" content=\"@athomelu\" \/>\n<meta name=\"twitter:site\" content=\"@athomelu\" \/>\n<meta name=\"twitter:label1\" content=\"\u00c9crit par\" \/>\n\t<meta name=\"twitter:data1\" content=\"Fanny Pimentel\" \/>\n\t<meta name=\"twitter:label2\" content=\"Dur\u00e9e de lecture estim\u00e9e\" \/>\n\t<meta name=\"twitter:data2\" content=\"7 minutes\" \/>\n<script type=\"application\/ld+json\" class=\"yoast-schema-graph\">{\"@context\":\"https:\\\/\\\/schema.org\",\"@graph\":[{\"@type\":\"Article\",\"@id\":\"https:\\\/\\\/www.athome.lu\\\/blog\\\/marche-immobilier\\\/villes\\\/mamer-la-commune-aux-1000-atouts\\\/#article\",\"isPartOf\":{\"@id\":\"https:\\\/\\\/www.athome.lu\\\/blog\\\/marche-immobilier\\\/villes\\\/mamer-la-commune-aux-1000-atouts\\\/\"},\"author\":{\"name\":\"Fanny Pimentel\",\"@id\":\"https:\\\/\\\/www.athome.lu\\\/blog\\\/#\\\/schema\\\/person\\\/47f7a38089f837e792876ceddc4cb2dc\"},\"headline\":\"Mamer, la commune aux 1000 atouts\",\"datePublished\":\"2018-02-19T08:59:03+00:00\",\"dateModified\":\"2022-05-12T06:39:10+00:00\",\"mainEntityOfPage\":{\"@id\":\"https:\\\/\\\/www.athome.lu\\\/blog\\\/marche-immobilier\\\/villes\\\/mamer-la-commune-aux-1000-atouts\\\/\"},\"wordCount\":1222,\"image\":{\"@id\":\"https:\\\/\\\/www.athome.lu\\\/blog\\\/marche-immobilier\\\/villes\\\/mamer-la-commune-aux-1000-atouts\\\/#primaryimage\"},\"thumbnailUrl\":\"https:\\\/\\\/www.athome.lu\\\/blog\\\/wp-content\\\/uploads\\\/2018\\\/02\\\/mamer1.jpg\",\"articleSection\":[\"Villes\"],\"inLanguage\":\"fr-FR\"},{\"@type\":\"WebPage\",\"@id\":\"https:\\\/\\\/www.athome.lu\\\/blog\\\/marche-immobilier\\\/villes\\\/mamer-la-commune-aux-1000-atouts\\\/\",\"url\":\"https:\\\/\\\/www.athome.lu\\\/blog\\\/marche-immobilier\\\/villes\\\/mamer-la-commune-aux-1000-atouts\\\/\",\"name\":\"Zoom sur Mamer: la commune aux 1000 atouts | atHome\",\"isPartOf\":{\"@id\":\"https:\\\/\\\/www.athome.lu\\\/blog\\\/#website\"},\"primaryImageOfPage\":{\"@id\":\"https:\\\/\\\/www.athome.lu\\\/blog\\\/marche-immobilier\\\/villes\\\/mamer-la-commune-aux-1000-atouts\\\/#primaryimage\"},\"image\":{\"@id\":\"https:\\\/\\\/www.athome.lu\\\/blog\\\/marche-immobilier\\\/villes\\\/mamer-la-commune-aux-1000-atouts\\\/#primaryimage\"},\"thumbnailUrl\":\"https:\\\/\\\/www.athome.lu\\\/blog\\\/wp-content\\\/uploads\\\/2018\\\/02\\\/mamer1.jpg\",\"datePublished\":\"2018-02-19T08:59:03+00:00\",\"dateModified\":\"2022-05-12T06:39:10+00:00\",\"author\":{\"@id\":\"https:\\\/\\\/www.athome.lu\\\/blog\\\/#\\\/schema\\\/person\\\/47f7a38089f837e792876ceddc4cb2dc\"},\"description\":\"La commune de Mamer dispose d\u2019atouts consid\u00e9rables qui ont une influence tr\u00e8s positive sur la croissance de la population.\",\"breadcrumb\":{\"@id\":\"https:\\\/\\\/www.athome.lu\\\/blog\\\/marche-immobilier\\\/villes\\\/mamer-la-commune-aux-1000-atouts\\\/#breadcrumb\"},\"inLanguage\":\"fr-FR\",\"potentialAction\":[{\"@type\":\"ReadAction\",\"target\":[\"https:\\\/\\\/www.athome.lu\\\/blog\\\/marche-immobilier\\\/villes\\\/mamer-la-commune-aux-1000-atouts\\\/\"]}]},{\"@type\":\"ImageObject\",\"inLanguage\":\"fr-FR\",\"@id\":\"https:\\\/\\\/www.athome.lu\\\/blog\\\/marche-immobilier\\\/villes\\\/mamer-la-commune-aux-1000-atouts\\\/#primaryimage\",\"url\":\"https:\\\/\\\/www.athome.lu\\\/blog\\\/wp-content\\\/uploads\\\/2018\\\/02\\\/mamer1.jpg\",\"contentUrl\":\"https:\\\/\\\/www.athome.lu\\\/blog\\\/wp-content\\\/uploads\\\/2018\\\/02\\\/mamer1.jpg\",\"width\":1200,\"height\":800,\"caption\":\"Commune de mamer\"},{\"@type\":\"BreadcrumbList\",\"@id\":\"https:\\\/\\\/www.athome.lu\\\/blog\\\/marche-immobilier\\\/villes\\\/mamer-la-commune-aux-1000-atouts\\\/#breadcrumb\",\"itemListElement\":[{\"@type\":\"ListItem\",\"position\":1,\"name\":\"Accueil\",\"item\":\"https:\\\/\\\/www.athome.lu\\\/blog\\\/\"},{\"@type\":\"ListItem\",\"position\":2,\"name\":\"March\u00e9 immobilier\",\"item\":\"https:\\\/\\\/www.athome.lu\\\/blog\\\/category\\\/marche-immobilier\\\/\"},{\"@type\":\"ListItem\",\"position\":3,\"name\":\"Villes\",\"item\":\"https:\\\/\\\/www.athome.lu\\\/blog\\\/category\\\/marche-immobilier\\\/villes\\\/\"},{\"@type\":\"ListItem\",\"position\":4,\"name\":\"Mamer, la commune aux 1000 atouts\"}]},{\"@type\":\"WebSite\",\"@id\":\"https:\\\/\\\/www.athome.lu\\\/blog\\\/#website\",\"url\":\"https:\\\/\\\/www.athome.lu\\\/blog\\\/\",\"name\":\"atHome Blog\",\"description\":\"Annonces immobili\u00e8res au Luxembourg. Le portail immobilier n\u00b01 au Luxembourg.\",\"potentialAction\":[{\"@type\":\"SearchAction\",\"target\":{\"@type\":\"EntryPoint\",\"urlTemplate\":\"https:\\\/\\\/www.athome.lu\\\/blog\\\/?s={search_term_string}\"},\"query-input\":{\"@type\":\"PropertyValueSpecification\",\"valueRequired\":true,\"valueName\":\"search_term_string\"}}],\"inLanguage\":\"fr-FR\"},{\"@type\":\"Person\",\"@id\":\"https:\\\/\\\/www.athome.lu\\\/blog\\\/#\\\/schema\\\/person\\\/47f7a38089f837e792876ceddc4cb2dc\",\"name\":\"Fanny Pimentel\",\"image\":{\"@type\":\"ImageObject\",\"inLanguage\":\"fr-FR\",\"@id\":\"https:\\\/\\\/secure.gravatar.com\\\/avatar\\\/c60b27b93851dc9503f9cc9150e73dcb0a86ba6150657e5e4b11d988400bc633?s=96&d=mm&r=g\",\"url\":\"https:\\\/\\\/secure.gravatar.com\\\/avatar\\\/c60b27b93851dc9503f9cc9150e73dcb0a86ba6150657e5e4b11d988400bc633?s=96&d=mm&r=g\",\"contentUrl\":\"https:\\\/\\\/secure.gravatar.com\\\/avatar\\\/c60b27b93851dc9503f9cc9150e73dcb0a86ba6150657e5e4b11d988400bc633?s=96&d=mm&r=g\",\"caption\":\"Fanny Pimentel\"}}]}<\/script>\n<!-- \/ Yoast SEO plugin. -->","yoast_head_json":{"title":"Zoom sur Mamer: la commune aux 1000 atouts | atHome","description":"La commune de Mamer dispose d\u2019atouts consid\u00e9rables qui ont une influence tr\u00e8s positive sur la croissance de la population.","robots":{"index":"index","follow":"follow","max-snippet":"max-snippet:-1","max-image-preview":"max-image-preview:large","max-video-preview":"max-video-preview:-1"},"canonical":"https:\/\/www.athome.lu\/blog\/marche-immobilier\/villes\/mamer-la-commune-aux-1000-atouts\/","og_locale":"fr_FR","og_type":"article","og_title":"Zoom sur Mamer: la commune aux 1000 atouts | atHome","og_description":"La commune de Mamer dispose d\u2019atouts consid\u00e9rables qui ont une influence tr\u00e8s positive sur la croissance de la population.","og_url":"https:\/\/www.athome.lu\/blog\/marche-immobilier\/villes\/mamer-la-commune-aux-1000-atouts\/","og_site_name":"atHome Blog","article_publisher":"https:\/\/www.facebook.com\/atHome.lu\/","article_published_time":"2018-02-19T08:59:03+00:00","article_modified_time":"2022-05-12T06:39:10+00:00","og_image":[{"width":1200,"height":800,"url":"https:\/\/www.athome.lu\/blog\/wp-content\/uploads\/2018\/02\/mamer1.jpg","type":"image\/jpeg"}],"author":"Fanny Pimentel","twitter_card":"summary_large_image","twitter_creator":"@athomelu","twitter_site":"@athomelu","twitter_misc":{"\u00c9crit par":"Fanny Pimentel","Dur\u00e9e de lecture estim\u00e9e":"7 minutes"},"schema":{"@context":"https:\/\/schema.org","@graph":[{"@type":"Article","@id":"https:\/\/www.athome.lu\/blog\/marche-immobilier\/villes\/mamer-la-commune-aux-1000-atouts\/#article","isPartOf":{"@id":"https:\/\/www.athome.lu\/blog\/marche-immobilier\/villes\/mamer-la-commune-aux-1000-atouts\/"},"author":{"name":"Fanny Pimentel","@id":"https:\/\/www.athome.lu\/blog\/#\/schema\/person\/47f7a38089f837e792876ceddc4cb2dc"},"headline":"Mamer, la commune aux 1000 atouts","datePublished":"2018-02-19T08:59:03+00:00","dateModified":"2022-05-12T06:39:10+00:00","mainEntityOfPage":{"@id":"https:\/\/www.athome.lu\/blog\/marche-immobilier\/villes\/mamer-la-commune-aux-1000-atouts\/"},"wordCount":1222,"image":{"@id":"https:\/\/www.athome.lu\/blog\/marche-immobilier\/villes\/mamer-la-commune-aux-1000-atouts\/#primaryimage"},"thumbnailUrl":"https:\/\/www.athome.lu\/blog\/wp-content\/uploads\/2018\/02\/mamer1.jpg","articleSection":["Villes"],"inLanguage":"fr-FR"},{"@type":"WebPage","@id":"https:\/\/www.athome.lu\/blog\/marche-immobilier\/villes\/mamer-la-commune-aux-1000-atouts\/","url":"https:\/\/www.athome.lu\/blog\/marche-immobilier\/villes\/mamer-la-commune-aux-1000-atouts\/","name":"Zoom sur Mamer: la commune aux 1000 atouts | atHome","isPartOf":{"@id":"https:\/\/www.athome.lu\/blog\/#website"},"primaryImageOfPage":{"@id":"https:\/\/www.athome.lu\/blog\/marche-immobilier\/villes\/mamer-la-commune-aux-1000-atouts\/#primaryimage"},"image":{"@id":"https:\/\/www.athome.lu\/blog\/marche-immobilier\/villes\/mamer-la-commune-aux-1000-atouts\/#primaryimage"},"thumbnailUrl":"https:\/\/www.athome.lu\/blog\/wp-content\/uploads\/2018\/02\/mamer1.jpg","datePublished":"2018-02-19T08:59:03+00:00","dateModified":"2022-05-12T06:39:10+00:00","author":{"@id":"https:\/\/www.athome.lu\/blog\/#\/schema\/person\/47f7a38089f837e792876ceddc4cb2dc"},"description":"La commune de Mamer dispose d\u2019atouts consid\u00e9rables qui ont une influence tr\u00e8s positive sur la croissance de la population.","breadcrumb":{"@id":"https:\/\/www.athome.lu\/blog\/marche-immobilier\/villes\/mamer-la-commune-aux-1000-atouts\/#breadcrumb"},"inLanguage":"fr-FR","potentialAction":[{"@type":"ReadAction","target":["https:\/\/www.athome.lu\/blog\/marche-immobilier\/villes\/mamer-la-commune-aux-1000-atouts\/"]}]},{"@type":"ImageObject","inLanguage":"fr-FR","@id":"https:\/\/www.athome.lu\/blog\/marche-immobilier\/villes\/mamer-la-commune-aux-1000-atouts\/#primaryimage","url":"https:\/\/www.athome.lu\/blog\/wp-content\/uploads\/2018\/02\/mamer1.jpg","contentUrl":"https:\/\/www.athome.lu\/blog\/wp-content\/uploads\/2018\/02\/mamer1.jpg","width":1200,"height":800,"caption":"Commune de mamer"},{"@type":"BreadcrumbList","@id":"https:\/\/www.athome.lu\/blog\/marche-immobilier\/villes\/mamer-la-commune-aux-1000-atouts\/#breadcrumb","itemListElement":[{"@type":"ListItem","position":1,"name":"Accueil","item":"https:\/\/www.athome.lu\/blog\/"},{"@type":"ListItem","position":2,"name":"March\u00e9 immobilier","item":"https:\/\/www.athome.lu\/blog\/category\/marche-immobilier\/"},{"@type":"ListItem","position":3,"name":"Villes","item":"https:\/\/www.athome.lu\/blog\/category\/marche-immobilier\/villes\/"},{"@type":"ListItem","position":4,"name":"Mamer, la commune aux 1000 atouts"}]},{"@type":"WebSite","@id":"https:\/\/www.athome.lu\/blog\/#website","url":"https:\/\/www.athome.lu\/blog\/","name":"atHome Blog","description":"Annonces immobili\u00e8res au Luxembourg. Le portail immobilier n\u00b01 au Luxembourg.","potentialAction":[{"@type":"SearchAction","target":{"@type":"EntryPoint","urlTemplate":"https:\/\/www.athome.lu\/blog\/?s={search_term_string}"},"query-input":{"@type":"PropertyValueSpecification","valueRequired":true,"valueName":"search_term_string"}}],"inLanguage":"fr-FR"},{"@type":"Person","@id":"https:\/\/www.athome.lu\/blog\/#\/schema\/person\/47f7a38089f837e792876ceddc4cb2dc","name":"Fanny Pimentel","image":{"@type":"ImageObject","inLanguage":"fr-FR","@id":"https:\/\/secure.gravatar.com\/avatar\/c60b27b93851dc9503f9cc9150e73dcb0a86ba6150657e5e4b11d988400bc633?s=96&d=mm&r=g","url":"https:\/\/secure.gravatar.com\/avatar\/c60b27b93851dc9503f9cc9150e73dcb0a86ba6150657e5e4b11d988400bc633?s=96&d=mm&r=g","contentUrl":"https:\/\/secure.gravatar.com\/avatar\/c60b27b93851dc9503f9cc9150e73dcb0a86ba6150657e5e4b11d988400bc633?s=96&d=mm&r=g","caption":"Fanny Pimentel"}}]}},"featured_media_src_url":"https:\/\/www.athome.lu\/blog\/wp-content\/uploads\/2018\/02\/mamer1-1024x683.jpg","_links":{"self":[{"href":"https:\/\/www.athome.lu\/blog\/wp-json\/wp\/v2\/posts\/10839","targetHints":{"allow":["GET"]}}],"collection":[{"href":"https:\/\/www.athome.lu\/blog\/wp-json\/wp\/v2\/posts"}],"about":[{"href":"https:\/\/www.athome.lu\/blog\/wp-json\/wp\/v2\/types\/post"}],"author":[{"embeddable":true,"href":"https:\/\/www.athome.lu\/blog\/wp-json\/wp\/v2\/users\/17"}],"replies":[{"embeddable":true,"href":"https:\/\/www.athome.lu\/blog\/wp-json\/wp\/v2\/comments?post=10839"}],"version-history":[{"count":2,"href":"https:\/\/www.athome.lu\/blog\/wp-json\/wp\/v2\/posts\/10839\/revisions"}],"predecessor-version":[{"id":15179,"href":"https:\/\/www.athome.lu\/blog\/wp-json\/wp\/v2\/posts\/10839\/revisions\/15179"}],"wp:featuredmedia":[{"embeddable":true,"href":"https:\/\/www.athome.lu\/blog\/wp-json\/wp\/v2\/media\/10843"}],"wp:attachment":[{"href":"https:\/\/www.athome.lu\/blog\/wp-json\/wp\/v2\/media?parent=10839"}],"wp:term":[{"taxonomy":"category","embeddable":true,"href":"https:\/\/www.athome.lu\/blog\/wp-json\/wp\/v2\/categories?post=10839"},{"taxonomy":"post_tag","embeddable":true,"href":"https:\/\/www.athome.lu\/blog\/wp-json\/wp\/v2\/tags?post=10839"}],"curies":[{"name":"wp","href":"https:\/\/api.w.org\/{rel}","templated":true}]}}