{"id":11169,"date":"2018-05-07T09:55:11","date_gmt":"2018-05-07T08:55:11","guid":{"rendered":"https:\/\/www.athome.lu\/blog\/?p=11169"},"modified":"2022-05-11T17:33:38","modified_gmt":"2022-05-11T15:33:38","slug":"3-bonnes-raisons-dhabiter-au-rez-de-chaussee","status":"publish","type":"post","link":"https:\/\/www.athome.lu\/blog\/marche-immobilier\/recherche-immobiliere\/3-bonnes-raisons-dhabiter-au-rez-de-chaussee\/","title":{"rendered":"3 bonnes raisons d\u2019habiter au rez-de-chauss\u00e9e"},"content":{"rendered":"<p style=\"text-align: justify;\"><span style=\"color: #000000;\">Longtemps consid\u00e9r\u00e9 comme le mal-aim\u00e9 de l\u2019immobilier, l\u2019appartement en rez-de-chauss\u00e9e se retrouve aujourd\u2019hui tr\u00e8s courtis\u00e9. On lui pardonne ses d\u00e9fauts et on se concentre sur tous ses avantages. Voici 3 bonnes raisons de vivre au rez-de-chauss\u00e9e.<\/span><\/p>\n<h2 style=\"text-align: justify;\"><strong><span style=\"color: #000000;\">C\u2019est souvent moins cher<\/span><\/strong><\/h2>\n<p style=\"text-align: justify;\"><span style=\"color: #000000;\">L\u2019appartement en rez-de-chauss\u00e9e est une bonne solution pour devenir propri\u00e9taire \u00e0 moindre co\u00fbt. Leur prix d\u2019achat peut \u00eatre jusqu\u2019\u00e0 30 % moins cher qu\u2019un appartement de m\u00eame configuration en \u00e9tage. En location, les loyers sont souvent 10 \u00e0 20 % plus abordables.<\/span><\/p>\n<p style=\"text-align: justify;\"><span style=\"color: #000000;\">Les charges sont \u00e9galement moins importantes. Selon les r\u00e8gles d\u2019usage dans votre copropri\u00e9t\u00e9, avec un peu de chance, vous ne paierez pas les charges li\u00e9es \u00e0 l\u2019ascenseur.<\/span><\/p>\n<p style=\"text-align: justify;\"><span style=\"color: #000000;\">Bon \u00e0 savoir : vous souhaitez acqu\u00e9rir un appartement \u00e0 r\u00e9nover ? Pensez au rez-de-chauss\u00e9e commerciaux ! Ils sont en moyenne 15 % moins chers qu\u2019un appartement en RDC et offrent souvent de belles possibilit\u00e9s d\u2019am\u00e9nagement.<\/span><\/p>\n<h2 style=\"text-align: justify;\"><strong><span style=\"color: #000000;\">On profite d\u2019une terrasse ou d\u2019un jardin spacieux<\/span><\/strong><\/h2>\n<p style=\"text-align: justify;\"><span style=\"color: #000000;\">Choisir de vivre en rez-de-chauss\u00e9e est la seule option pour profiter d\u2019un jardin. Id\u00e9al quand on a un chien ou des enfants, le jardin est un espace de vie suppl\u00e9mentaire qui comporte de nombreux avantages. Veillez toutefois \u00e0 prendre connaissance du r\u00e8glement de copropri\u00e9t\u00e9 avant d\u2019organiser un barbecue !<\/span><\/p>\n<h2 style=\"text-align: justify;\"><strong><span style=\"color: #000000;\">Vivre en rez-de-chauss\u00e9e est plus facile au quotidien<\/span><\/strong><\/h2>\n<p style=\"text-align: justify;\"><span style=\"color: #000000;\">Pas d\u2019ascenseur \u00e0 attendre, pas de voisin du dessous qui vous en veut de faire du bruit avec vos talons, habiter un rez-de-jardin est reposant. Poussettes et v\u00e9los sont faciles \u00e0 ranger et le retour des courses ne sera plus une corv\u00e9e. Autre avantage, l\u2019emm\u00e9nagement est plus simple ! Pas de monte-charge \u00e0 pr\u00e9voir, pas d\u2019escaliers \u00e0 monter et vous n\u2019aurez pas non plus \u00e0 jouer les contorsionnistes dans l\u2019ascenseur avec vos cartons.<\/span><\/p>\n<p style=\"text-align: justify;\"><span style=\"color: #000000;\">Pour bien choisir votre appartement en rez-de-chauss\u00e9e, assurez-vous que l\u2019environnement soit suffisamment d\u00e9gag\u00e9 pour que vous puissiez b\u00e9n\u00e9ficier d\u2019une certaine luminosit\u00e9. Int\u00e9ressez-vous aussi \u00e0 l\u2019orientation du bien. Investissez dans une alarme, dans des volets, et pourquoi pas, dans une porte blind\u00e9e.<\/span><\/p>\n\n<section id=\"section-3-14695\" class=\" ct-section\" ><div class=\"ct-section-inner-wrap\"><div id=\"div_block-4-14695\" class=\"ct-div-block\" ><div id=\"new_columns-7-14695\" class=\"ct-new-columns\" ><div id=\"div_block-8-14695\" class=\"ct-div-block\" ><div id=\"div_block-14-14695\" class=\"ct-div-block\" ><\/div><\/div><div id=\"div_block-9-14695\" class=\"ct-div-block\" ><h1 id=\"headline-11-14695\" class=\"ct-headline\">Quels sont les prix de l'immobilier en ce moment ?<\/h1><div id=\"text_block-12-14695\" class=\"ct-text-block\" >Les prix ralentissent. Les taux d'int\u00e9r\u00eat augmentent. Quelles tendances pour les mois \u00e0 venir ?<\/div><a id=\"link_button-13-14695\" class=\"ct-link-button\" href=\"https:\/\/www.athome.lu\/blog\/blog\/marche-immobilier\/prix\/tendances-2022\/\" target=\"_blank\"  >Lire l'analyse<\/a><\/div><\/div><\/div><\/div><\/section>","protected":false},"excerpt":{"rendered":"<p>Longtemps consid\u00e9r\u00e9 comme le mal-aim\u00e9 de l\u2019immobilier, l\u2019appartement en rez-de-chauss\u00e9e se retrouve aujourd\u2019hui tr\u00e8s courtis\u00e9. On lui pardonne ses d\u00e9fauts et on se concentre sur tous ses avantages. Voici 3 bonnes raisons de vivre au rez-de-chauss\u00e9e. C\u2019est souvent moins cher L\u2019appartement en rez-de-chauss\u00e9e est une bonne solution pour devenir propri\u00e9taire \u00e0 moindre co\u00fbt. Leur prix [&hellip;]<\/p>\n","protected":false},"author":17,"featured_media":11171,"comment_status":"closed","ping_status":"open","sticky":false,"template":"","format":"standard","meta":{"_acf_changed":false,"footnotes":""},"categories":[230],"tags":[],"class_list":["post-11169","post","type-post","status-publish","format-standard","has-post-thumbnail","hentry","category-recherche-immobiliere"],"acf":[],"yoast_head":"<!-- This site is optimized with the Yoast SEO plugin v27.4 - https:\/\/yoast.com\/product\/yoast-seo-wordpress\/ -->\n<title>3 bonnes raisons d\u2019habiter au rez-de-chauss\u00e9e | atHome<\/title>\n<meta name=\"description\" content=\"Longtemps consid\u00e9r\u00e9 comme le mal-aim\u00e9 de l\u2019immobilier, l\u2019appartement en rez-de-chauss\u00e9e se retrouve aujourd\u2019hui tr\u00e8s courtis\u00e9.\" \/>\n<meta name=\"robots\" content=\"index, follow, max-snippet:-1, max-image-preview:large, max-video-preview:-1\" \/>\n<link rel=\"canonical\" href=\"https:\/\/www.athome.lu\/blog\/marche-immobilier\/recherche-immobiliere\/3-bonnes-raisons-dhabiter-au-rez-de-chaussee\/\" \/>\n<meta property=\"og:locale\" content=\"fr_FR\" \/>\n<meta property=\"og:type\" content=\"article\" \/>\n<meta property=\"og:title\" content=\"3 bonnes raisons d\u2019habiter au rez-de-chauss\u00e9e | atHome\" \/>\n<meta property=\"og:description\" content=\"Longtemps consid\u00e9r\u00e9 comme le mal-aim\u00e9 de l\u2019immobilier, l\u2019appartement en rez-de-chauss\u00e9e se retrouve aujourd\u2019hui tr\u00e8s courtis\u00e9.\" \/>\n<meta property=\"og:url\" content=\"https:\/\/www.athome.lu\/blog\/marche-immobilier\/recherche-immobiliere\/3-bonnes-raisons-dhabiter-au-rez-de-chaussee\/\" \/>\n<meta property=\"og:site_name\" content=\"atHome Blog\" \/>\n<meta property=\"article:publisher\" content=\"https:\/\/www.facebook.com\/atHome.lu\/\" \/>\n<meta property=\"article:published_time\" content=\"2018-05-07T08:55:11+00:00\" \/>\n<meta property=\"article:modified_time\" content=\"2022-05-11T15:33:38+00:00\" \/>\n<meta property=\"og:image\" content=\"https:\/\/www.athome.lu\/blog\/wp-content\/uploads\/2018\/05\/facade-ensoleillee-iStock-838137606.jpg\" \/>\n\t<meta property=\"og:image:width\" content=\"1200\" \/>\n\t<meta property=\"og:image:height\" content=\"800\" \/>\n\t<meta property=\"og:image:type\" content=\"image\/jpeg\" \/>\n<meta name=\"author\" content=\"Fanny Pimentel\" \/>\n<meta name=\"twitter:card\" content=\"summary_large_image\" \/>\n<meta name=\"twitter:creator\" content=\"@athomelu\" \/>\n<meta name=\"twitter:site\" content=\"@athomelu\" \/>\n<meta name=\"twitter:label1\" content=\"\u00c9crit par\" \/>\n\t<meta name=\"twitter:data1\" content=\"Fanny Pimentel\" \/>\n\t<meta name=\"twitter:label2\" content=\"Dur\u00e9e de lecture estim\u00e9e\" \/>\n\t<meta name=\"twitter:data2\" content=\"2 minutes\" \/>\n<script type=\"application\/ld+json\" class=\"yoast-schema-graph\">{\"@context\":\"https:\\\/\\\/schema.org\",\"@graph\":[{\"@type\":\"Article\",\"@id\":\"https:\\\/\\\/www.athome.lu\\\/blog\\\/marche-immobilier\\\/recherche-immobiliere\\\/3-bonnes-raisons-dhabiter-au-rez-de-chaussee\\\/#article\",\"isPartOf\":{\"@id\":\"https:\\\/\\\/www.athome.lu\\\/blog\\\/marche-immobilier\\\/recherche-immobiliere\\\/3-bonnes-raisons-dhabiter-au-rez-de-chaussee\\\/\"},\"author\":{\"name\":\"Fanny Pimentel\",\"@id\":\"https:\\\/\\\/www.athome.lu\\\/blog\\\/#\\\/schema\\\/person\\\/47f7a38089f837e792876ceddc4cb2dc\"},\"headline\":\"3 bonnes raisons d\u2019habiter au rez-de-chauss\u00e9e\",\"datePublished\":\"2018-05-07T08:55:11+00:00\",\"dateModified\":\"2022-05-11T15:33:38+00:00\",\"mainEntityOfPage\":{\"@id\":\"https:\\\/\\\/www.athome.lu\\\/blog\\\/marche-immobilier\\\/recherche-immobiliere\\\/3-bonnes-raisons-dhabiter-au-rez-de-chaussee\\\/\"},\"wordCount\":362,\"image\":{\"@id\":\"https:\\\/\\\/www.athome.lu\\\/blog\\\/marche-immobilier\\\/recherche-immobiliere\\\/3-bonnes-raisons-dhabiter-au-rez-de-chaussee\\\/#primaryimage\"},\"thumbnailUrl\":\"https:\\\/\\\/www.athome.lu\\\/blog\\\/wp-content\\\/uploads\\\/2018\\\/05\\\/facade-ensoleillee-iStock-838137606.jpg\",\"articleSection\":[\"Recherche immobili\u00e8re\"],\"inLanguage\":\"fr-FR\"},{\"@type\":\"WebPage\",\"@id\":\"https:\\\/\\\/www.athome.lu\\\/blog\\\/marche-immobilier\\\/recherche-immobiliere\\\/3-bonnes-raisons-dhabiter-au-rez-de-chaussee\\\/\",\"url\":\"https:\\\/\\\/www.athome.lu\\\/blog\\\/marche-immobilier\\\/recherche-immobiliere\\\/3-bonnes-raisons-dhabiter-au-rez-de-chaussee\\\/\",\"name\":\"3 bonnes raisons d\u2019habiter au rez-de-chauss\u00e9e | atHome\",\"isPartOf\":{\"@id\":\"https:\\\/\\\/www.athome.lu\\\/blog\\\/#website\"},\"primaryImageOfPage\":{\"@id\":\"https:\\\/\\\/www.athome.lu\\\/blog\\\/marche-immobilier\\\/recherche-immobiliere\\\/3-bonnes-raisons-dhabiter-au-rez-de-chaussee\\\/#primaryimage\"},\"image\":{\"@id\":\"https:\\\/\\\/www.athome.lu\\\/blog\\\/marche-immobilier\\\/recherche-immobiliere\\\/3-bonnes-raisons-dhabiter-au-rez-de-chaussee\\\/#primaryimage\"},\"thumbnailUrl\":\"https:\\\/\\\/www.athome.lu\\\/blog\\\/wp-content\\\/uploads\\\/2018\\\/05\\\/facade-ensoleillee-iStock-838137606.jpg\",\"datePublished\":\"2018-05-07T08:55:11+00:00\",\"dateModified\":\"2022-05-11T15:33:38+00:00\",\"author\":{\"@id\":\"https:\\\/\\\/www.athome.lu\\\/blog\\\/#\\\/schema\\\/person\\\/47f7a38089f837e792876ceddc4cb2dc\"},\"description\":\"Longtemps consid\u00e9r\u00e9 comme le mal-aim\u00e9 de l\u2019immobilier, l\u2019appartement en rez-de-chauss\u00e9e se retrouve aujourd\u2019hui tr\u00e8s courtis\u00e9.\",\"breadcrumb\":{\"@id\":\"https:\\\/\\\/www.athome.lu\\\/blog\\\/marche-immobilier\\\/recherche-immobiliere\\\/3-bonnes-raisons-dhabiter-au-rez-de-chaussee\\\/#breadcrumb\"},\"inLanguage\":\"fr-FR\",\"potentialAction\":[{\"@type\":\"ReadAction\",\"target\":[\"https:\\\/\\\/www.athome.lu\\\/blog\\\/marche-immobilier\\\/recherche-immobiliere\\\/3-bonnes-raisons-dhabiter-au-rez-de-chaussee\\\/\"]}]},{\"@type\":\"ImageObject\",\"inLanguage\":\"fr-FR\",\"@id\":\"https:\\\/\\\/www.athome.lu\\\/blog\\\/marche-immobilier\\\/recherche-immobiliere\\\/3-bonnes-raisons-dhabiter-au-rez-de-chaussee\\\/#primaryimage\",\"url\":\"https:\\\/\\\/www.athome.lu\\\/blog\\\/wp-content\\\/uploads\\\/2018\\\/05\\\/facade-ensoleillee-iStock-838137606.jpg\",\"contentUrl\":\"https:\\\/\\\/www.athome.lu\\\/blog\\\/wp-content\\\/uploads\\\/2018\\\/05\\\/facade-ensoleillee-iStock-838137606.jpg\",\"width\":1200,\"height\":800,\"caption\":\"Habiter au rez-de-chaussee\"},{\"@type\":\"BreadcrumbList\",\"@id\":\"https:\\\/\\\/www.athome.lu\\\/blog\\\/marche-immobilier\\\/recherche-immobiliere\\\/3-bonnes-raisons-dhabiter-au-rez-de-chaussee\\\/#breadcrumb\",\"itemListElement\":[{\"@type\":\"ListItem\",\"position\":1,\"name\":\"Accueil\",\"item\":\"https:\\\/\\\/www.athome.lu\\\/blog\\\/\"},{\"@type\":\"ListItem\",\"position\":2,\"name\":\"March\u00e9 immobilier\",\"item\":\"https:\\\/\\\/www.athome.lu\\\/blog\\\/category\\\/marche-immobilier\\\/\"},{\"@type\":\"ListItem\",\"position\":3,\"name\":\"Recherche immobili\u00e8re\",\"item\":\"https:\\\/\\\/www.athome.lu\\\/blog\\\/category\\\/marche-immobilier\\\/recherche-immobiliere\\\/\"},{\"@type\":\"ListItem\",\"position\":4,\"name\":\"3 bonnes raisons d\u2019habiter au rez-de-chauss\u00e9e\"}]},{\"@type\":\"WebSite\",\"@id\":\"https:\\\/\\\/www.athome.lu\\\/blog\\\/#website\",\"url\":\"https:\\\/\\\/www.athome.lu\\\/blog\\\/\",\"name\":\"atHome Blog\",\"description\":\"Annonces immobili\u00e8res au Luxembourg. Le portail immobilier n\u00b01 au Luxembourg.\",\"potentialAction\":[{\"@type\":\"SearchAction\",\"target\":{\"@type\":\"EntryPoint\",\"urlTemplate\":\"https:\\\/\\\/www.athome.lu\\\/blog\\\/?s={search_term_string}\"},\"query-input\":{\"@type\":\"PropertyValueSpecification\",\"valueRequired\":true,\"valueName\":\"search_term_string\"}}],\"inLanguage\":\"fr-FR\"},{\"@type\":\"Person\",\"@id\":\"https:\\\/\\\/www.athome.lu\\\/blog\\\/#\\\/schema\\\/person\\\/47f7a38089f837e792876ceddc4cb2dc\",\"name\":\"Fanny Pimentel\",\"image\":{\"@type\":\"ImageObject\",\"inLanguage\":\"fr-FR\",\"@id\":\"https:\\\/\\\/secure.gravatar.com\\\/avatar\\\/c60b27b93851dc9503f9cc9150e73dcb0a86ba6150657e5e4b11d988400bc633?s=96&d=mm&r=g\",\"url\":\"https:\\\/\\\/secure.gravatar.com\\\/avatar\\\/c60b27b93851dc9503f9cc9150e73dcb0a86ba6150657e5e4b11d988400bc633?s=96&d=mm&r=g\",\"contentUrl\":\"https:\\\/\\\/secure.gravatar.com\\\/avatar\\\/c60b27b93851dc9503f9cc9150e73dcb0a86ba6150657e5e4b11d988400bc633?s=96&d=mm&r=g\",\"caption\":\"Fanny Pimentel\"}}]}<\/script>\n<!-- \/ Yoast SEO plugin. -->","yoast_head_json":{"title":"3 bonnes raisons d\u2019habiter au rez-de-chauss\u00e9e | atHome","description":"Longtemps consid\u00e9r\u00e9 comme le mal-aim\u00e9 de l\u2019immobilier, l\u2019appartement en rez-de-chauss\u00e9e se retrouve aujourd\u2019hui tr\u00e8s courtis\u00e9.","robots":{"index":"index","follow":"follow","max-snippet":"max-snippet:-1","max-image-preview":"max-image-preview:large","max-video-preview":"max-video-preview:-1"},"canonical":"https:\/\/www.athome.lu\/blog\/marche-immobilier\/recherche-immobiliere\/3-bonnes-raisons-dhabiter-au-rez-de-chaussee\/","og_locale":"fr_FR","og_type":"article","og_title":"3 bonnes raisons d\u2019habiter au rez-de-chauss\u00e9e | atHome","og_description":"Longtemps consid\u00e9r\u00e9 comme le mal-aim\u00e9 de l\u2019immobilier, l\u2019appartement en rez-de-chauss\u00e9e se retrouve aujourd\u2019hui tr\u00e8s courtis\u00e9.","og_url":"https:\/\/www.athome.lu\/blog\/marche-immobilier\/recherche-immobiliere\/3-bonnes-raisons-dhabiter-au-rez-de-chaussee\/","og_site_name":"atHome Blog","article_publisher":"https:\/\/www.facebook.com\/atHome.lu\/","article_published_time":"2018-05-07T08:55:11+00:00","article_modified_time":"2022-05-11T15:33:38+00:00","og_image":[{"width":1200,"height":800,"url":"https:\/\/www.athome.lu\/blog\/wp-content\/uploads\/2018\/05\/facade-ensoleillee-iStock-838137606.jpg","type":"image\/jpeg"}],"author":"Fanny Pimentel","twitter_card":"summary_large_image","twitter_creator":"@athomelu","twitter_site":"@athomelu","twitter_misc":{"\u00c9crit par":"Fanny Pimentel","Dur\u00e9e de lecture estim\u00e9e":"2 minutes"},"schema":{"@context":"https:\/\/schema.org","@graph":[{"@type":"Article","@id":"https:\/\/www.athome.lu\/blog\/marche-immobilier\/recherche-immobiliere\/3-bonnes-raisons-dhabiter-au-rez-de-chaussee\/#article","isPartOf":{"@id":"https:\/\/www.athome.lu\/blog\/marche-immobilier\/recherche-immobiliere\/3-bonnes-raisons-dhabiter-au-rez-de-chaussee\/"},"author":{"name":"Fanny Pimentel","@id":"https:\/\/www.athome.lu\/blog\/#\/schema\/person\/47f7a38089f837e792876ceddc4cb2dc"},"headline":"3 bonnes raisons d\u2019habiter au rez-de-chauss\u00e9e","datePublished":"2018-05-07T08:55:11+00:00","dateModified":"2022-05-11T15:33:38+00:00","mainEntityOfPage":{"@id":"https:\/\/www.athome.lu\/blog\/marche-immobilier\/recherche-immobiliere\/3-bonnes-raisons-dhabiter-au-rez-de-chaussee\/"},"wordCount":362,"image":{"@id":"https:\/\/www.athome.lu\/blog\/marche-immobilier\/recherche-immobiliere\/3-bonnes-raisons-dhabiter-au-rez-de-chaussee\/#primaryimage"},"thumbnailUrl":"https:\/\/www.athome.lu\/blog\/wp-content\/uploads\/2018\/05\/facade-ensoleillee-iStock-838137606.jpg","articleSection":["Recherche immobili\u00e8re"],"inLanguage":"fr-FR"},{"@type":"WebPage","@id":"https:\/\/www.athome.lu\/blog\/marche-immobilier\/recherche-immobiliere\/3-bonnes-raisons-dhabiter-au-rez-de-chaussee\/","url":"https:\/\/www.athome.lu\/blog\/marche-immobilier\/recherche-immobiliere\/3-bonnes-raisons-dhabiter-au-rez-de-chaussee\/","name":"3 bonnes raisons d\u2019habiter au rez-de-chauss\u00e9e | atHome","isPartOf":{"@id":"https:\/\/www.athome.lu\/blog\/#website"},"primaryImageOfPage":{"@id":"https:\/\/www.athome.lu\/blog\/marche-immobilier\/recherche-immobiliere\/3-bonnes-raisons-dhabiter-au-rez-de-chaussee\/#primaryimage"},"image":{"@id":"https:\/\/www.athome.lu\/blog\/marche-immobilier\/recherche-immobiliere\/3-bonnes-raisons-dhabiter-au-rez-de-chaussee\/#primaryimage"},"thumbnailUrl":"https:\/\/www.athome.lu\/blog\/wp-content\/uploads\/2018\/05\/facade-ensoleillee-iStock-838137606.jpg","datePublished":"2018-05-07T08:55:11+00:00","dateModified":"2022-05-11T15:33:38+00:00","author":{"@id":"https:\/\/www.athome.lu\/blog\/#\/schema\/person\/47f7a38089f837e792876ceddc4cb2dc"},"description":"Longtemps consid\u00e9r\u00e9 comme le mal-aim\u00e9 de l\u2019immobilier, l\u2019appartement en rez-de-chauss\u00e9e se retrouve aujourd\u2019hui tr\u00e8s courtis\u00e9.","breadcrumb":{"@id":"https:\/\/www.athome.lu\/blog\/marche-immobilier\/recherche-immobiliere\/3-bonnes-raisons-dhabiter-au-rez-de-chaussee\/#breadcrumb"},"inLanguage":"fr-FR","potentialAction":[{"@type":"ReadAction","target":["https:\/\/www.athome.lu\/blog\/marche-immobilier\/recherche-immobiliere\/3-bonnes-raisons-dhabiter-au-rez-de-chaussee\/"]}]},{"@type":"ImageObject","inLanguage":"fr-FR","@id":"https:\/\/www.athome.lu\/blog\/marche-immobilier\/recherche-immobiliere\/3-bonnes-raisons-dhabiter-au-rez-de-chaussee\/#primaryimage","url":"https:\/\/www.athome.lu\/blog\/wp-content\/uploads\/2018\/05\/facade-ensoleillee-iStock-838137606.jpg","contentUrl":"https:\/\/www.athome.lu\/blog\/wp-content\/uploads\/2018\/05\/facade-ensoleillee-iStock-838137606.jpg","width":1200,"height":800,"caption":"Habiter au rez-de-chaussee"},{"@type":"BreadcrumbList","@id":"https:\/\/www.athome.lu\/blog\/marche-immobilier\/recherche-immobiliere\/3-bonnes-raisons-dhabiter-au-rez-de-chaussee\/#breadcrumb","itemListElement":[{"@type":"ListItem","position":1,"name":"Accueil","item":"https:\/\/www.athome.lu\/blog\/"},{"@type":"ListItem","position":2,"name":"March\u00e9 immobilier","item":"https:\/\/www.athome.lu\/blog\/category\/marche-immobilier\/"},{"@type":"ListItem","position":3,"name":"Recherche immobili\u00e8re","item":"https:\/\/www.athome.lu\/blog\/category\/marche-immobilier\/recherche-immobiliere\/"},{"@type":"ListItem","position":4,"name":"3 bonnes raisons d\u2019habiter au rez-de-chauss\u00e9e"}]},{"@type":"WebSite","@id":"https:\/\/www.athome.lu\/blog\/#website","url":"https:\/\/www.athome.lu\/blog\/","name":"atHome Blog","description":"Annonces immobili\u00e8res au Luxembourg. Le portail immobilier n\u00b01 au Luxembourg.","potentialAction":[{"@type":"SearchAction","target":{"@type":"EntryPoint","urlTemplate":"https:\/\/www.athome.lu\/blog\/?s={search_term_string}"},"query-input":{"@type":"PropertyValueSpecification","valueRequired":true,"valueName":"search_term_string"}}],"inLanguage":"fr-FR"},{"@type":"Person","@id":"https:\/\/www.athome.lu\/blog\/#\/schema\/person\/47f7a38089f837e792876ceddc4cb2dc","name":"Fanny Pimentel","image":{"@type":"ImageObject","inLanguage":"fr-FR","@id":"https:\/\/secure.gravatar.com\/avatar\/c60b27b93851dc9503f9cc9150e73dcb0a86ba6150657e5e4b11d988400bc633?s=96&d=mm&r=g","url":"https:\/\/secure.gravatar.com\/avatar\/c60b27b93851dc9503f9cc9150e73dcb0a86ba6150657e5e4b11d988400bc633?s=96&d=mm&r=g","contentUrl":"https:\/\/secure.gravatar.com\/avatar\/c60b27b93851dc9503f9cc9150e73dcb0a86ba6150657e5e4b11d988400bc633?s=96&d=mm&r=g","caption":"Fanny Pimentel"}}]}},"featured_media_src_url":"https:\/\/www.athome.lu\/blog\/wp-content\/uploads\/2018\/05\/facade-ensoleillee-iStock-838137606-1024x683.jpg","_links":{"self":[{"href":"https:\/\/www.athome.lu\/blog\/wp-json\/wp\/v2\/posts\/11169","targetHints":{"allow":["GET"]}}],"collection":[{"href":"https:\/\/www.athome.lu\/blog\/wp-json\/wp\/v2\/posts"}],"about":[{"href":"https:\/\/www.athome.lu\/blog\/wp-json\/wp\/v2\/types\/post"}],"author":[{"embeddable":true,"href":"https:\/\/www.athome.lu\/blog\/wp-json\/wp\/v2\/users\/17"}],"replies":[{"embeddable":true,"href":"https:\/\/www.athome.lu\/blog\/wp-json\/wp\/v2\/comments?post=11169"}],"version-history":[{"count":2,"href":"https:\/\/www.athome.lu\/blog\/wp-json\/wp\/v2\/posts\/11169\/revisions"}],"predecessor-version":[{"id":15143,"href":"https:\/\/www.athome.lu\/blog\/wp-json\/wp\/v2\/posts\/11169\/revisions\/15143"}],"wp:featuredmedia":[{"embeddable":true,"href":"https:\/\/www.athome.lu\/blog\/wp-json\/wp\/v2\/media\/11171"}],"wp:attachment":[{"href":"https:\/\/www.athome.lu\/blog\/wp-json\/wp\/v2\/media?parent=11169"}],"wp:term":[{"taxonomy":"category","embeddable":true,"href":"https:\/\/www.athome.lu\/blog\/wp-json\/wp\/v2\/categories?post=11169"},{"taxonomy":"post_tag","embeddable":true,"href":"https:\/\/www.athome.lu\/blog\/wp-json\/wp\/v2\/tags?post=11169"}],"curies":[{"name":"wp","href":"https:\/\/api.w.org\/{rel}","templated":true}]}}