{"id":11202,"date":"2018-05-15T10:15:32","date_gmt":"2018-05-15T09:15:32","guid":{"rendered":"https:\/\/www.athome.lu\/blog\/?p=11202"},"modified":"2022-05-11T17:31:58","modified_gmt":"2022-05-11T15:31:58","slug":"la-nouvelle-recherche-par-carte-est-disponible-sur-athome-lu","status":"publish","type":"post","link":"https:\/\/www.athome.lu\/blog\/marche-immobilier\/recherche-immobiliere\/la-nouvelle-recherche-par-carte-est-disponible-sur-athome-lu\/","title":{"rendered":"La nouvelle recherche par carte est disponible sur atHome.lu !"},"content":{"rendered":"<p style=\"text-align: justify;\"><img loading=\"lazy\" decoding=\"async\" class=\"normal alignnone size-large wp-image-11207\" src=\"https:\/\/www.athome.lu\/blog\/wp-content\/uploads\/2018\/05\/recherche-carte-lu1-1024x486.jpg\" alt=\"\" width=\"1024\" height=\"486\" srcset=\"https:\/\/www.athome.lu\/blog\/wp-content\/uploads\/2018\/05\/recherche-carte-lu1-1024x486.jpg 1024w, https:\/\/www.athome.lu\/blog\/wp-content\/uploads\/2018\/05\/recherche-carte-lu1-300x142.jpg 300w, https:\/\/www.athome.lu\/blog\/wp-content\/uploads\/2018\/05\/recherche-carte-lu1-768x365.jpg 768w, https:\/\/www.athome.lu\/blog\/wp-content\/uploads\/2018\/05\/recherche-carte-lu1-18x9.jpg 18w, https:\/\/www.athome.lu\/blog\/wp-content\/uploads\/2018\/05\/recherche-carte-lu1.jpg 1453w\" sizes=\"auto, (max-width: 1024px) 100vw, 1024px\" \/><\/p>\n<p style=\"text-align: justify;\"><span style=\"color: #000000;\">D\u00e9couvrez d\u00e8s \u00e0 pr\u00e9sent la fonctionnalit\u00e9 \u00ab&nbsp;recherche par carte&nbsp;\u00bb d\u2019atHome.lu. Celle-ci permet de cibler au mieux la zone de recherche souhait\u00e9e. <\/span><\/p>\n<p><span style=\"color: #000000;\"> Pour cela, 3 modes de recherche sont \u00e0 votre disposition&nbsp;:<\/span><\/p>\n<ul style=\"text-align: justify;\">\n<li><strong><span style=\"color: #000000;\">La s\u00e9lection de communes<\/span><\/strong><\/li>\n<li><strong><span style=\"color: #000000;\">La recherche par rayon<\/span><\/strong><\/li>\n<li><strong><span style=\"color: #000000;\">Le dessin sur la carte<\/span><\/strong><\/li>\n<\/ul>\n<p style=\"text-align: justify;\"><span style=\"color: #000000;\">Vous trouverez toutes les informations <a href=\"https:\/\/athomelu.zendesk.com\/hc\/fr\/articles\/360001257928-Utiliser-la-recherche-par-carte\" target=\"_blank\" rel=\"noopener noreferrer\">pour utiliser la recherche par carte ICI<\/a><\/span><\/p>\n<p style=\"text-align: justify;\"><span style=\"color: #000000;\">Bonne recherche !<\/span><\/p>\n<p style=\"text-align: justify;\"><a href=\"https:\/\/www.athome.lu\/blog\/wp-content\/uploads\/2018\/05\/recartelu.jpg\"><img loading=\"lazy\" decoding=\"async\" class=\"normal aligncenter wp-image-11232\" src=\"https:\/\/www.athome.lu\/blog\/wp-content\/uploads\/2018\/05\/recartelu-1024x602.jpg\" alt=\"\" width=\"510\" height=\"300\" srcset=\"https:\/\/www.athome.lu\/blog\/wp-content\/uploads\/2018\/05\/recartelu-1024x602.jpg 1024w, https:\/\/www.athome.lu\/blog\/wp-content\/uploads\/2018\/05\/recartelu-300x176.jpg 300w, https:\/\/www.athome.lu\/blog\/wp-content\/uploads\/2018\/05\/recartelu-768x452.jpg 768w, https:\/\/www.athome.lu\/blog\/wp-content\/uploads\/2018\/05\/recartelu-18x12.jpg 18w, https:\/\/www.athome.lu\/blog\/wp-content\/uploads\/2018\/05\/recartelu.jpg 1214w\" sizes=\"auto, (max-width: 510px) 100vw, 510px\" \/><\/a><\/p>\n<p style=\"text-align: justify;\"><a href=\"https:\/\/www.athome.lu\/blog\/wp-content\/uploads\/2018\/05\/Capturevuecarte-lu.jpg\"><img loading=\"lazy\" decoding=\"async\" class=\"normal aligncenter wp-image-11224\" src=\"https:\/\/www.athome.lu\/blog\/wp-content\/uploads\/2018\/05\/Capturevuecarte-lu-1024x603.jpg\" alt=\"\" width=\"490\" height=\"288\" srcset=\"https:\/\/www.athome.lu\/blog\/wp-content\/uploads\/2018\/05\/Capturevuecarte-lu-1024x603.jpg 1024w, https:\/\/www.athome.lu\/blog\/wp-content\/uploads\/2018\/05\/Capturevuecarte-lu-300x177.jpg 300w, https:\/\/www.athome.lu\/blog\/wp-content\/uploads\/2018\/05\/Capturevuecarte-lu-768x452.jpg 768w, https:\/\/www.athome.lu\/blog\/wp-content\/uploads\/2018\/05\/Capturevuecarte-lu-18x12.jpg 18w, https:\/\/www.athome.lu\/blog\/wp-content\/uploads\/2018\/05\/Capturevuecarte-lu.jpg 1271w\" sizes=\"auto, (max-width: 490px) 100vw, 490px\" \/><\/a><\/p>\n\n<section id=\"section-3-14695\" class=\" ct-section\" ><div class=\"ct-section-inner-wrap\"><div id=\"div_block-4-14695\" class=\"ct-div-block\" ><div id=\"new_columns-7-14695\" class=\"ct-new-columns\" ><div id=\"div_block-8-14695\" class=\"ct-div-block\" ><div id=\"div_block-14-14695\" class=\"ct-div-block\" ><\/div><\/div><div id=\"div_block-9-14695\" class=\"ct-div-block\" ><h1 id=\"headline-11-14695\" class=\"ct-headline\">Quels sont les prix de l'immobilier en ce moment ?<\/h1><div id=\"text_block-12-14695\" class=\"ct-text-block\" >Les prix ralentissent. Les taux d'int\u00e9r\u00eat augmentent. Quelles tendances pour les mois \u00e0 venir ?<\/div><a id=\"link_button-13-14695\" class=\"ct-link-button\" href=\"https:\/\/www.athome.lu\/blog\/blog\/marche-immobilier\/prix\/tendances-2022\/\" target=\"_blank\"  >Lire l'analyse<\/a><\/div><\/div><\/div><\/div><\/section>","protected":false},"excerpt":{"rendered":"<p>D\u00e9couvrez d\u00e8s \u00e0 pr\u00e9sent la fonctionnalit\u00e9 \u00ab&nbsp;recherche par carte&nbsp;\u00bb d\u2019atHome.lu. Celle-ci permet de cibler au mieux la zone de recherche souhait\u00e9e. Pour cela, 3 modes de recherche sont \u00e0 votre disposition&nbsp;: La s\u00e9lection de communes La recherche par rayon Le dessin sur la carte Vous trouverez toutes les informations pour utiliser la recherche par carte [&hellip;]<\/p>\n","protected":false},"author":17,"featured_media":11205,"comment_status":"closed","ping_status":"open","sticky":false,"template":"","format":"standard","meta":{"_acf_changed":false,"footnotes":""},"categories":[230],"tags":[52],"class_list":["post-11202","post","type-post","status-publish","format-standard","has-post-thumbnail","hentry","category-recherche-immobiliere","tag-recherche"],"acf":[],"yoast_head":"<!-- This site is optimized with the Yoast SEO plugin v27.4 - https:\/\/yoast.com\/product\/yoast-seo-wordpress\/ -->\n<title>La nouvelle recherche par carte est disponible sur atHome.lu !<\/title>\n<meta name=\"description\" content=\"D\u00e9couvrez d\u00e8s \u00e0 pr\u00e9sent la fonctionnalit\u00e9 \u00ab recherche par carte \u00bb d\u2019atHome.lu. Elle permet de cibler au mieux la zone de recherche souhait\u00e9e.\" \/>\n<meta name=\"robots\" content=\"index, follow, max-snippet:-1, max-image-preview:large, max-video-preview:-1\" \/>\n<link rel=\"canonical\" href=\"https:\/\/www.athome.lu\/blog\/marche-immobilier\/recherche-immobiliere\/la-nouvelle-recherche-par-carte-est-disponible-sur-athome-lu\/\" \/>\n<meta property=\"og:locale\" content=\"fr_FR\" \/>\n<meta property=\"og:type\" content=\"article\" \/>\n<meta property=\"og:title\" content=\"La nouvelle recherche par carte est disponible sur atHome.lu !\" \/>\n<meta property=\"og:description\" content=\"D\u00e9couvrez d\u00e8s \u00e0 pr\u00e9sent la fonctionnalit\u00e9 \u00ab recherche par carte \u00bb d\u2019atHome.lu. Elle permet de cibler au mieux la zone de recherche souhait\u00e9e.\" \/>\n<meta property=\"og:url\" content=\"https:\/\/www.athome.lu\/blog\/marche-immobilier\/recherche-immobiliere\/la-nouvelle-recherche-par-carte-est-disponible-sur-athome-lu\/\" \/>\n<meta property=\"og:site_name\" content=\"atHome Blog\" \/>\n<meta property=\"article:publisher\" content=\"https:\/\/www.facebook.com\/atHome.lu\/\" \/>\n<meta property=\"article:published_time\" content=\"2018-05-15T09:15:32+00:00\" \/>\n<meta property=\"article:modified_time\" content=\"2022-05-11T15:31:58+00:00\" \/>\n<meta property=\"og:image\" content=\"https:\/\/www.athome.lu\/blog\/wp-content\/uploads\/2018\/05\/couplei2Stock_000044032690XXXLarge-e1525868953457.jpg\" \/>\n\t<meta property=\"og:image:width\" content=\"1200\" \/>\n\t<meta property=\"og:image:height\" content=\"720\" \/>\n\t<meta property=\"og:image:type\" content=\"image\/jpeg\" \/>\n<meta name=\"author\" content=\"Fanny Pimentel\" \/>\n<meta name=\"twitter:card\" content=\"summary_large_image\" \/>\n<meta name=\"twitter:creator\" content=\"@athomelu\" \/>\n<meta name=\"twitter:site\" content=\"@athomelu\" \/>\n<meta name=\"twitter:label1\" content=\"\u00c9crit par\" \/>\n\t<meta name=\"twitter:data1\" content=\"Fanny Pimentel\" \/>\n\t<meta name=\"twitter:label2\" content=\"Dur\u00e9e de lecture estim\u00e9e\" \/>\n\t<meta name=\"twitter:data2\" content=\"1 minute\" \/>\n<script type=\"application\/ld+json\" class=\"yoast-schema-graph\">{\"@context\":\"https:\\\/\\\/schema.org\",\"@graph\":[{\"@type\":\"Article\",\"@id\":\"https:\\\/\\\/www.athome.lu\\\/blog\\\/marche-immobilier\\\/recherche-immobiliere\\\/la-nouvelle-recherche-par-carte-est-disponible-sur-athome-lu\\\/#article\",\"isPartOf\":{\"@id\":\"https:\\\/\\\/www.athome.lu\\\/blog\\\/marche-immobilier\\\/recherche-immobiliere\\\/la-nouvelle-recherche-par-carte-est-disponible-sur-athome-lu\\\/\"},\"author\":{\"name\":\"Fanny Pimentel\",\"@id\":\"https:\\\/\\\/www.athome.lu\\\/blog\\\/#\\\/schema\\\/person\\\/47f7a38089f837e792876ceddc4cb2dc\"},\"headline\":\"La nouvelle recherche par carte est disponible sur atHome.lu !\",\"datePublished\":\"2018-05-15T09:15:32+00:00\",\"dateModified\":\"2022-05-11T15:31:58+00:00\",\"mainEntityOfPage\":{\"@id\":\"https:\\\/\\\/www.athome.lu\\\/blog\\\/marche-immobilier\\\/recherche-immobiliere\\\/la-nouvelle-recherche-par-carte-est-disponible-sur-athome-lu\\\/\"},\"wordCount\":75,\"image\":{\"@id\":\"https:\\\/\\\/www.athome.lu\\\/blog\\\/marche-immobilier\\\/recherche-immobiliere\\\/la-nouvelle-recherche-par-carte-est-disponible-sur-athome-lu\\\/#primaryimage\"},\"thumbnailUrl\":\"https:\\\/\\\/www.athome.lu\\\/blog\\\/wp-content\\\/uploads\\\/2018\\\/05\\\/couplei2Stock_000044032690XXXLarge-e1525868953457.jpg\",\"keywords\":[\"Recherche\"],\"articleSection\":[\"Recherche immobili\u00e8re\"],\"inLanguage\":\"fr-FR\"},{\"@type\":\"WebPage\",\"@id\":\"https:\\\/\\\/www.athome.lu\\\/blog\\\/marche-immobilier\\\/recherche-immobiliere\\\/la-nouvelle-recherche-par-carte-est-disponible-sur-athome-lu\\\/\",\"url\":\"https:\\\/\\\/www.athome.lu\\\/blog\\\/marche-immobilier\\\/recherche-immobiliere\\\/la-nouvelle-recherche-par-carte-est-disponible-sur-athome-lu\\\/\",\"name\":\"La nouvelle recherche par carte est disponible sur atHome.lu !\",\"isPartOf\":{\"@id\":\"https:\\\/\\\/www.athome.lu\\\/blog\\\/#website\"},\"primaryImageOfPage\":{\"@id\":\"https:\\\/\\\/www.athome.lu\\\/blog\\\/marche-immobilier\\\/recherche-immobiliere\\\/la-nouvelle-recherche-par-carte-est-disponible-sur-athome-lu\\\/#primaryimage\"},\"image\":{\"@id\":\"https:\\\/\\\/www.athome.lu\\\/blog\\\/marche-immobilier\\\/recherche-immobiliere\\\/la-nouvelle-recherche-par-carte-est-disponible-sur-athome-lu\\\/#primaryimage\"},\"thumbnailUrl\":\"https:\\\/\\\/www.athome.lu\\\/blog\\\/wp-content\\\/uploads\\\/2018\\\/05\\\/couplei2Stock_000044032690XXXLarge-e1525868953457.jpg\",\"datePublished\":\"2018-05-15T09:15:32+00:00\",\"dateModified\":\"2022-05-11T15:31:58+00:00\",\"author\":{\"@id\":\"https:\\\/\\\/www.athome.lu\\\/blog\\\/#\\\/schema\\\/person\\\/47f7a38089f837e792876ceddc4cb2dc\"},\"description\":\"D\u00e9couvrez d\u00e8s \u00e0 pr\u00e9sent la fonctionnalit\u00e9 \u00ab recherche par carte \u00bb d\u2019atHome.lu. Elle permet de cibler au mieux la zone de recherche souhait\u00e9e.\",\"breadcrumb\":{\"@id\":\"https:\\\/\\\/www.athome.lu\\\/blog\\\/marche-immobilier\\\/recherche-immobiliere\\\/la-nouvelle-recherche-par-carte-est-disponible-sur-athome-lu\\\/#breadcrumb\"},\"inLanguage\":\"fr-FR\",\"potentialAction\":[{\"@type\":\"ReadAction\",\"target\":[\"https:\\\/\\\/www.athome.lu\\\/blog\\\/marche-immobilier\\\/recherche-immobiliere\\\/la-nouvelle-recherche-par-carte-est-disponible-sur-athome-lu\\\/\"]}]},{\"@type\":\"ImageObject\",\"inLanguage\":\"fr-FR\",\"@id\":\"https:\\\/\\\/www.athome.lu\\\/blog\\\/marche-immobilier\\\/recherche-immobiliere\\\/la-nouvelle-recherche-par-carte-est-disponible-sur-athome-lu\\\/#primaryimage\",\"url\":\"https:\\\/\\\/www.athome.lu\\\/blog\\\/wp-content\\\/uploads\\\/2018\\\/05\\\/couplei2Stock_000044032690XXXLarge-e1525868953457.jpg\",\"contentUrl\":\"https:\\\/\\\/www.athome.lu\\\/blog\\\/wp-content\\\/uploads\\\/2018\\\/05\\\/couplei2Stock_000044032690XXXLarge-e1525868953457.jpg\",\"width\":1200,\"height\":720},{\"@type\":\"BreadcrumbList\",\"@id\":\"https:\\\/\\\/www.athome.lu\\\/blog\\\/marche-immobilier\\\/recherche-immobiliere\\\/la-nouvelle-recherche-par-carte-est-disponible-sur-athome-lu\\\/#breadcrumb\",\"itemListElement\":[{\"@type\":\"ListItem\",\"position\":1,\"name\":\"Accueil\",\"item\":\"https:\\\/\\\/www.athome.lu\\\/blog\\\/\"},{\"@type\":\"ListItem\",\"position\":2,\"name\":\"March\u00e9 immobilier\",\"item\":\"https:\\\/\\\/www.athome.lu\\\/blog\\\/category\\\/marche-immobilier\\\/\"},{\"@type\":\"ListItem\",\"position\":3,\"name\":\"Recherche immobili\u00e8re\",\"item\":\"https:\\\/\\\/www.athome.lu\\\/blog\\\/category\\\/marche-immobilier\\\/recherche-immobiliere\\\/\"},{\"@type\":\"ListItem\",\"position\":4,\"name\":\"La nouvelle recherche par carte est disponible sur atHome.lu !\"}]},{\"@type\":\"WebSite\",\"@id\":\"https:\\\/\\\/www.athome.lu\\\/blog\\\/#website\",\"url\":\"https:\\\/\\\/www.athome.lu\\\/blog\\\/\",\"name\":\"atHome Blog\",\"description\":\"Annonces immobili\u00e8res au Luxembourg. Le portail immobilier n\u00b01 au Luxembourg.\",\"potentialAction\":[{\"@type\":\"SearchAction\",\"target\":{\"@type\":\"EntryPoint\",\"urlTemplate\":\"https:\\\/\\\/www.athome.lu\\\/blog\\\/?s={search_term_string}\"},\"query-input\":{\"@type\":\"PropertyValueSpecification\",\"valueRequired\":true,\"valueName\":\"search_term_string\"}}],\"inLanguage\":\"fr-FR\"},{\"@type\":\"Person\",\"@id\":\"https:\\\/\\\/www.athome.lu\\\/blog\\\/#\\\/schema\\\/person\\\/47f7a38089f837e792876ceddc4cb2dc\",\"name\":\"Fanny Pimentel\",\"image\":{\"@type\":\"ImageObject\",\"inLanguage\":\"fr-FR\",\"@id\":\"https:\\\/\\\/secure.gravatar.com\\\/avatar\\\/c60b27b93851dc9503f9cc9150e73dcb0a86ba6150657e5e4b11d988400bc633?s=96&d=mm&r=g\",\"url\":\"https:\\\/\\\/secure.gravatar.com\\\/avatar\\\/c60b27b93851dc9503f9cc9150e73dcb0a86ba6150657e5e4b11d988400bc633?s=96&d=mm&r=g\",\"contentUrl\":\"https:\\\/\\\/secure.gravatar.com\\\/avatar\\\/c60b27b93851dc9503f9cc9150e73dcb0a86ba6150657e5e4b11d988400bc633?s=96&d=mm&r=g\",\"caption\":\"Fanny Pimentel\"}}]}<\/script>\n<!-- \/ Yoast SEO plugin. -->","yoast_head_json":{"title":"La nouvelle recherche par carte est disponible sur atHome.lu !","description":"D\u00e9couvrez d\u00e8s \u00e0 pr\u00e9sent la fonctionnalit\u00e9 \u00ab recherche par carte \u00bb d\u2019atHome.lu. Elle permet de cibler au mieux la zone de recherche souhait\u00e9e.","robots":{"index":"index","follow":"follow","max-snippet":"max-snippet:-1","max-image-preview":"max-image-preview:large","max-video-preview":"max-video-preview:-1"},"canonical":"https:\/\/www.athome.lu\/blog\/marche-immobilier\/recherche-immobiliere\/la-nouvelle-recherche-par-carte-est-disponible-sur-athome-lu\/","og_locale":"fr_FR","og_type":"article","og_title":"La nouvelle recherche par carte est disponible sur atHome.lu !","og_description":"D\u00e9couvrez d\u00e8s \u00e0 pr\u00e9sent la fonctionnalit\u00e9 \u00ab recherche par carte \u00bb d\u2019atHome.lu. Elle permet de cibler au mieux la zone de recherche souhait\u00e9e.","og_url":"https:\/\/www.athome.lu\/blog\/marche-immobilier\/recherche-immobiliere\/la-nouvelle-recherche-par-carte-est-disponible-sur-athome-lu\/","og_site_name":"atHome Blog","article_publisher":"https:\/\/www.facebook.com\/atHome.lu\/","article_published_time":"2018-05-15T09:15:32+00:00","article_modified_time":"2022-05-11T15:31:58+00:00","og_image":[{"width":1200,"height":720,"url":"https:\/\/www.athome.lu\/blog\/wp-content\/uploads\/2018\/05\/couplei2Stock_000044032690XXXLarge-e1525868953457.jpg","type":"image\/jpeg"}],"author":"Fanny Pimentel","twitter_card":"summary_large_image","twitter_creator":"@athomelu","twitter_site":"@athomelu","twitter_misc":{"\u00c9crit par":"Fanny Pimentel","Dur\u00e9e de lecture estim\u00e9e":"1 minute"},"schema":{"@context":"https:\/\/schema.org","@graph":[{"@type":"Article","@id":"https:\/\/www.athome.lu\/blog\/marche-immobilier\/recherche-immobiliere\/la-nouvelle-recherche-par-carte-est-disponible-sur-athome-lu\/#article","isPartOf":{"@id":"https:\/\/www.athome.lu\/blog\/marche-immobilier\/recherche-immobiliere\/la-nouvelle-recherche-par-carte-est-disponible-sur-athome-lu\/"},"author":{"name":"Fanny Pimentel","@id":"https:\/\/www.athome.lu\/blog\/#\/schema\/person\/47f7a38089f837e792876ceddc4cb2dc"},"headline":"La nouvelle recherche par carte est disponible sur atHome.lu !","datePublished":"2018-05-15T09:15:32+00:00","dateModified":"2022-05-11T15:31:58+00:00","mainEntityOfPage":{"@id":"https:\/\/www.athome.lu\/blog\/marche-immobilier\/recherche-immobiliere\/la-nouvelle-recherche-par-carte-est-disponible-sur-athome-lu\/"},"wordCount":75,"image":{"@id":"https:\/\/www.athome.lu\/blog\/marche-immobilier\/recherche-immobiliere\/la-nouvelle-recherche-par-carte-est-disponible-sur-athome-lu\/#primaryimage"},"thumbnailUrl":"https:\/\/www.athome.lu\/blog\/wp-content\/uploads\/2018\/05\/couplei2Stock_000044032690XXXLarge-e1525868953457.jpg","keywords":["Recherche"],"articleSection":["Recherche immobili\u00e8re"],"inLanguage":"fr-FR"},{"@type":"WebPage","@id":"https:\/\/www.athome.lu\/blog\/marche-immobilier\/recherche-immobiliere\/la-nouvelle-recherche-par-carte-est-disponible-sur-athome-lu\/","url":"https:\/\/www.athome.lu\/blog\/marche-immobilier\/recherche-immobiliere\/la-nouvelle-recherche-par-carte-est-disponible-sur-athome-lu\/","name":"La nouvelle recherche par carte est disponible sur atHome.lu !","isPartOf":{"@id":"https:\/\/www.athome.lu\/blog\/#website"},"primaryImageOfPage":{"@id":"https:\/\/www.athome.lu\/blog\/marche-immobilier\/recherche-immobiliere\/la-nouvelle-recherche-par-carte-est-disponible-sur-athome-lu\/#primaryimage"},"image":{"@id":"https:\/\/www.athome.lu\/blog\/marche-immobilier\/recherche-immobiliere\/la-nouvelle-recherche-par-carte-est-disponible-sur-athome-lu\/#primaryimage"},"thumbnailUrl":"https:\/\/www.athome.lu\/blog\/wp-content\/uploads\/2018\/05\/couplei2Stock_000044032690XXXLarge-e1525868953457.jpg","datePublished":"2018-05-15T09:15:32+00:00","dateModified":"2022-05-11T15:31:58+00:00","author":{"@id":"https:\/\/www.athome.lu\/blog\/#\/schema\/person\/47f7a38089f837e792876ceddc4cb2dc"},"description":"D\u00e9couvrez d\u00e8s \u00e0 pr\u00e9sent la fonctionnalit\u00e9 \u00ab recherche par carte \u00bb d\u2019atHome.lu. Elle permet de cibler au mieux la zone de recherche souhait\u00e9e.","breadcrumb":{"@id":"https:\/\/www.athome.lu\/blog\/marche-immobilier\/recherche-immobiliere\/la-nouvelle-recherche-par-carte-est-disponible-sur-athome-lu\/#breadcrumb"},"inLanguage":"fr-FR","potentialAction":[{"@type":"ReadAction","target":["https:\/\/www.athome.lu\/blog\/marche-immobilier\/recherche-immobiliere\/la-nouvelle-recherche-par-carte-est-disponible-sur-athome-lu\/"]}]},{"@type":"ImageObject","inLanguage":"fr-FR","@id":"https:\/\/www.athome.lu\/blog\/marche-immobilier\/recherche-immobiliere\/la-nouvelle-recherche-par-carte-est-disponible-sur-athome-lu\/#primaryimage","url":"https:\/\/www.athome.lu\/blog\/wp-content\/uploads\/2018\/05\/couplei2Stock_000044032690XXXLarge-e1525868953457.jpg","contentUrl":"https:\/\/www.athome.lu\/blog\/wp-content\/uploads\/2018\/05\/couplei2Stock_000044032690XXXLarge-e1525868953457.jpg","width":1200,"height":720},{"@type":"BreadcrumbList","@id":"https:\/\/www.athome.lu\/blog\/marche-immobilier\/recherche-immobiliere\/la-nouvelle-recherche-par-carte-est-disponible-sur-athome-lu\/#breadcrumb","itemListElement":[{"@type":"ListItem","position":1,"name":"Accueil","item":"https:\/\/www.athome.lu\/blog\/"},{"@type":"ListItem","position":2,"name":"March\u00e9 immobilier","item":"https:\/\/www.athome.lu\/blog\/category\/marche-immobilier\/"},{"@type":"ListItem","position":3,"name":"Recherche immobili\u00e8re","item":"https:\/\/www.athome.lu\/blog\/category\/marche-immobilier\/recherche-immobiliere\/"},{"@type":"ListItem","position":4,"name":"La nouvelle recherche par carte est disponible sur atHome.lu !"}]},{"@type":"WebSite","@id":"https:\/\/www.athome.lu\/blog\/#website","url":"https:\/\/www.athome.lu\/blog\/","name":"atHome Blog","description":"Annonces immobili\u00e8res au Luxembourg. Le portail immobilier n\u00b01 au Luxembourg.","potentialAction":[{"@type":"SearchAction","target":{"@type":"EntryPoint","urlTemplate":"https:\/\/www.athome.lu\/blog\/?s={search_term_string}"},"query-input":{"@type":"PropertyValueSpecification","valueRequired":true,"valueName":"search_term_string"}}],"inLanguage":"fr-FR"},{"@type":"Person","@id":"https:\/\/www.athome.lu\/blog\/#\/schema\/person\/47f7a38089f837e792876ceddc4cb2dc","name":"Fanny Pimentel","image":{"@type":"ImageObject","inLanguage":"fr-FR","@id":"https:\/\/secure.gravatar.com\/avatar\/c60b27b93851dc9503f9cc9150e73dcb0a86ba6150657e5e4b11d988400bc633?s=96&d=mm&r=g","url":"https:\/\/secure.gravatar.com\/avatar\/c60b27b93851dc9503f9cc9150e73dcb0a86ba6150657e5e4b11d988400bc633?s=96&d=mm&r=g","contentUrl":"https:\/\/secure.gravatar.com\/avatar\/c60b27b93851dc9503f9cc9150e73dcb0a86ba6150657e5e4b11d988400bc633?s=96&d=mm&r=g","caption":"Fanny Pimentel"}}]}},"featured_media_src_url":"https:\/\/www.athome.lu\/blog\/wp-content\/uploads\/2018\/05\/couplei2Stock_000044032690XXXLarge-e1525868953457-1024x614.jpg","_links":{"self":[{"href":"https:\/\/www.athome.lu\/blog\/wp-json\/wp\/v2\/posts\/11202","targetHints":{"allow":["GET"]}}],"collection":[{"href":"https:\/\/www.athome.lu\/blog\/wp-json\/wp\/v2\/posts"}],"about":[{"href":"https:\/\/www.athome.lu\/blog\/wp-json\/wp\/v2\/types\/post"}],"author":[{"embeddable":true,"href":"https:\/\/www.athome.lu\/blog\/wp-json\/wp\/v2\/users\/17"}],"replies":[{"embeddable":true,"href":"https:\/\/www.athome.lu\/blog\/wp-json\/wp\/v2\/comments?post=11202"}],"version-history":[{"count":2,"href":"https:\/\/www.athome.lu\/blog\/wp-json\/wp\/v2\/posts\/11202\/revisions"}],"predecessor-version":[{"id":15141,"href":"https:\/\/www.athome.lu\/blog\/wp-json\/wp\/v2\/posts\/11202\/revisions\/15141"}],"wp:featuredmedia":[{"embeddable":true,"href":"https:\/\/www.athome.lu\/blog\/wp-json\/wp\/v2\/media\/11205"}],"wp:attachment":[{"href":"https:\/\/www.athome.lu\/blog\/wp-json\/wp\/v2\/media?parent=11202"}],"wp:term":[{"taxonomy":"category","embeddable":true,"href":"https:\/\/www.athome.lu\/blog\/wp-json\/wp\/v2\/categories?post=11202"},{"taxonomy":"post_tag","embeddable":true,"href":"https:\/\/www.athome.lu\/blog\/wp-json\/wp\/v2\/tags?post=11202"}],"curies":[{"name":"wp","href":"https:\/\/api.w.org\/{rel}","templated":true}]}}