{"id":11255,"date":"2018-05-23T10:21:15","date_gmt":"2018-05-23T09:21:15","guid":{"rendered":"https:\/\/www.athome.lu\/blog\/?p=11255"},"modified":"2022-05-11T17:14:43","modified_gmt":"2022-05-11T15:14:43","slug":"luxembourg-le-gran-fondo-de-limmobilier","status":"publish","type":"post","link":"https:\/\/www.athome.lu\/blog\/marche-immobilier\/prix\/luxembourg-le-gran-fondo-de-limmobilier\/","title":{"rendered":"Luxembourg: le Gran Fondo de l\u2019immobilier"},"content":{"rendered":"<p><span style=\"color: #000000;\">Le 26 mai 2018 aura lieu la 2<sup>\u00e8me<\/sup> \u00e9dition du Schleck Gran Fondo \u00e0 Mondorf-les-Bains&nbsp;! L\u2019occasion pour atHome.lu, partenaire de l'\u00e9v\u00e9nement, de s\u2019int\u00e9resser aux prix de l\u2019immobilier sur les parcours de la course, deux trac\u00e9s qui couvrent l\u2019Est du pays.<\/span><\/p>\n<p><span style=\"color: #000000;\">85 km, c\u2019est la distance \u00e0 parcourir \u00e0 v\u00e9lo si vous participez au Medio Fondo. Pour les plus sportifs, le Gran Fondo est une boucle de 155 km qui vous emm\u00e8nera jusqu\u2019\u00e0 Beaufort.<\/span><\/p>\n<p><span style=\"color: #000000;\">C'est parti !<\/span><\/p>\n<h2><span style=\"color: #000000;\"><strong>Le Medio Fondo&nbsp;: Mondorf \u00e0 Lenningen<\/strong><\/span><\/h2>\n<p><span style=\"color: #000000;\">Point de d\u00e9part de la course, Mondorf-les-bains affichent un prix moyen pour les appartements de 459&nbsp;500 euros, et de 652&nbsp;875 euros pour l\u2019acquisition d\u2019une maison. Sur le parcours du Medio Fondo, c\u2019est la ville la moins ch\u00e8re&nbsp;pour investir dans la pierre.<\/span><\/p>\n<p><span style=\"color: #000000;\">A l\u2019inverse, la commune de Lenningen est celle o\u00f9 les prix de l\u2019immobilier sont les plus \u00e9lev\u00e9s. Comptez 860&nbsp;875 euros pour devenir propri\u00e9taire d\u2019une maison.<\/span><\/p>\n<p><a href=\"https:\/\/www.athome.lu\/blog\/blog\/wp-content\/uploads\/2018\/05\/medio-fondo.jpg\"><img loading=\"lazy\" decoding=\"async\" class=\"normal wp-image-11256 size-full aligncenter\" src=\"https:\/\/www.athome.lu\/blog\/blog\/wp-content\/uploads\/2018\/05\/medio-fondo.jpg\" alt=\"\" width=\"432\" height=\"614\" srcset=\"https:\/\/www.athome.lu\/blog\/wp-content\/uploads\/2018\/05\/medio-fondo.jpg 432w, https:\/\/www.athome.lu\/blog\/wp-content\/uploads\/2018\/05\/medio-fondo-211x300.jpg 211w, https:\/\/www.athome.lu\/blog\/wp-content\/uploads\/2018\/05\/medio-fondo-8x12.jpg 8w\" sizes=\"auto, (max-width: 432px) 100vw, 432px\" \/><\/a><\/p>\n<h2><span style=\"color: #000000;\"><strong>Le Gran Fondo, de Grevenmacher \u00e0 Junglinster<\/strong><\/span><\/h2>\n<p><span style=\"color: #000000;\">Les champions du cyclisme continueront leur course plus au nord, o\u00f9 les biens immobiliers deviennent globalement plus abordables.<\/span><\/p>\n<p><span style=\"color: #000000;\">En particulier dans les communes de Beaufort ou Grevenmacher. Dans cette derni\u00e8re, un appartement est affich\u00e9 au prix moyen de 385&nbsp;944 euros, tandis qu\u2019une maison se n\u00e9gocie autour de 569&nbsp;000 euros. Toutefois en se rapprochant du centre du pays, \u00e0 Junglinster, les prix immobiliers ont tendance \u00e0 augmenter, notamment pour les maisons.<\/span><\/p>\n<p><span style=\"color: #000000;\">Le d\u00e9tail des prix est disponible dans <a href=\"https:\/\/www.athome.lu\/blog\/blog\/athome-magazine-les-prix-immobiliers-au-luxembourg-avril-2018\/\" target=\"_blank\" rel=\"noopener noreferrer\">atHome Magazine avril 2018<\/a>.<\/span><\/p>\n<p><a href=\"https:\/\/www.athome.lu\/blog\/blog\/wp-content\/uploads\/2018\/05\/gran-fondo-carte.jpg\"><img loading=\"lazy\" decoding=\"async\" class=\"normal aligncenter wp-image-11257\" src=\"https:\/\/www.athome.lu\/blog\/blog\/wp-content\/uploads\/2018\/05\/gran-fondo-carte.jpg\" alt=\"\" width=\"700\" height=\"468\" srcset=\"https:\/\/www.athome.lu\/blog\/wp-content\/uploads\/2018\/05\/gran-fondo-carte.jpg 703w, https:\/\/www.athome.lu\/blog\/wp-content\/uploads\/2018\/05\/gran-fondo-carte-300x201.jpg 300w, https:\/\/www.athome.lu\/blog\/wp-content\/uploads\/2018\/05\/gran-fondo-carte-18x12.jpg 18w\" sizes=\"auto, (max-width: 700px) 100vw, 700px\" \/><\/a><\/p>\n<p><span style=\"color: #000000;\">atHome.lu vous souhaite une bonne course !<\/span><\/p>\n<p>Source: Moyennes de prix calcul\u00e9es sur les prix affich\u00e9s dans les annonces immobili\u00e8res entre mars 2017 et mars 2018.<\/p>\n<h2><strong>Schleck Gran Fondo 2018 en image<\/strong><\/h2>\n<div id='gallery-1' class='gallery galleryid-11255 gallery-columns-3 gallery-size-thumbnail'><figure class='gallery-item'>\n\t\t\t<div class='gallery-icon landscape'>\n\t\t\t\t<a href='https:\/\/www.athome.lu\/blog\/224e00a748804e2cc586117b121dfac6\/'><img loading=\"lazy\" decoding=\"async\" width=\"150\" height=\"150\" src=\"https:\/\/www.athome.lu\/blog\/wp-content\/uploads\/2018\/05\/224e00a748804e2cc586117b121dfac6-150x150.jpg\" class=\"attachment-thumbnail size-thumbnail\" alt=\"\" \/><\/a>\n\t\t\t<\/div><\/figure><figure class='gallery-item'>\n\t\t\t<div class='gallery-icon landscape'>\n\t\t\t\t<a href='https:\/\/www.athome.lu\/blog\/schleck-2018-4\/'><img loading=\"lazy\" decoding=\"async\" width=\"150\" height=\"150\" src=\"https:\/\/www.athome.lu\/blog\/wp-content\/uploads\/2018\/05\/schleck-2018-4-150x150.jpg\" class=\"attachment-thumbnail size-thumbnail\" alt=\"\" \/><\/a>\n\t\t\t<\/div><\/figure><figure class='gallery-item'>\n\t\t\t<div class='gallery-icon landscape'>\n\t\t\t\t<a href='https:\/\/www.athome.lu\/blog\/schleck2018-1\/'><img loading=\"lazy\" decoding=\"async\" width=\"150\" height=\"150\" src=\"https:\/\/www.athome.lu\/blog\/wp-content\/uploads\/2018\/05\/schleck2018-1-150x150.jpg\" class=\"attachment-thumbnail size-thumbnail\" alt=\"\" \/><\/a>\n\t\t\t<\/div><\/figure><figure class='gallery-item'>\n\t\t\t<div class='gallery-icon landscape'>\n\t\t\t\t<a href='https:\/\/www.athome.lu\/blog\/schleck2018\/'><img loading=\"lazy\" decoding=\"async\" width=\"150\" height=\"150\" src=\"https:\/\/www.athome.lu\/blog\/wp-content\/uploads\/2018\/05\/schleck2018-150x150.jpg\" class=\"attachment-thumbnail size-thumbnail\" alt=\"\" \/><\/a>\n\t\t\t<\/div><\/figure><figure class='gallery-item'>\n\t\t\t<div class='gallery-icon landscape'>\n\t\t\t\t<a href='https:\/\/www.athome.lu\/blog\/schlecke-2018n-2\/'><img loading=\"lazy\" decoding=\"async\" width=\"150\" height=\"150\" src=\"https:\/\/www.athome.lu\/blog\/wp-content\/uploads\/2018\/05\/schlecke-2018n-2-150x150.jpg\" class=\"attachment-thumbnail size-thumbnail\" alt=\"\" \/><\/a>\n\t\t\t<\/div><\/figure><figure class='gallery-item'>\n\t\t\t<div class='gallery-icon landscape'>\n\t\t\t\t<a href='https:\/\/www.athome.lu\/blog\/sportograf-124198199_lowres\/'><img loading=\"lazy\" decoding=\"async\" width=\"150\" height=\"150\" src=\"https:\/\/www.athome.lu\/blog\/wp-content\/uploads\/2018\/05\/sportograf-124198199_lowres-150x150.jpg\" class=\"attachment-thumbnail size-thumbnail\" alt=\"\" \/><\/a>\n\t\t\t<\/div><\/figure>\n\t\t<\/div>\n\n\n<section id=\"section-3-14695\" class=\" ct-section\" ><div class=\"ct-section-inner-wrap\"><div id=\"div_block-4-14695\" class=\"ct-div-block\" ><div id=\"new_columns-7-14695\" class=\"ct-new-columns\" ><div id=\"div_block-8-14695\" class=\"ct-div-block\" ><div id=\"div_block-14-14695\" class=\"ct-div-block\" ><\/div><\/div><div id=\"div_block-9-14695\" class=\"ct-div-block\" ><h1 id=\"headline-11-14695\" class=\"ct-headline\">Quels sont les prix de l'immobilier en ce moment ?<\/h1><div id=\"text_block-12-14695\" class=\"ct-text-block\" >Les prix ralentissent. Les taux d'int\u00e9r\u00eat augmentent. Quelles tendances pour les mois \u00e0 venir ?<\/div><a id=\"link_button-13-14695\" class=\"ct-link-button\" href=\"https:\/\/www.athome.lu\/blog\/blog\/marche-immobilier\/prix\/tendances-2022\/\" target=\"_blank\"  >Lire l'analyse<\/a><\/div><\/div><\/div><\/div><\/section>","protected":false},"excerpt":{"rendered":"<p>Le 26 mai 2018 aura lieu la 2\u00e8me \u00e9dition du Schleck Gran Fondo \u00e0 Mondorf-les-Bains&nbsp;! L\u2019occasion pour atHome.lu, partenaire de l'\u00e9v\u00e9nement, de s\u2019int\u00e9resser aux prix de l\u2019immobilier sur les parcours de la course, deux trac\u00e9s qui couvrent l\u2019Est du pays. 85 km, c\u2019est la distance \u00e0 parcourir \u00e0 v\u00e9lo si vous participez au Medio Fondo. [&hellip;]<\/p>\n","protected":false},"author":17,"featured_media":11265,"comment_status":"closed","ping_status":"open","sticky":false,"template":"","format":"standard","meta":{"_acf_changed":false,"footnotes":""},"categories":[219],"tags":[],"class_list":["post-11255","post","type-post","status-publish","format-standard","has-post-thumbnail","hentry","category-prix"],"acf":[],"yoast_head":"<!-- This site is optimized with the Yoast SEO plugin v27.4 - https:\/\/yoast.com\/product\/yoast-seo-wordpress\/ -->\n<title>Luxembourg: le Gran Fondo de l\u2019immobilier | atHome<\/title>\n<meta name=\"description\" content=\"Le Schleck Gran Fondo est l\u2019occasion pour atHome.lu de s\u2019int\u00e9resser aux prix de l\u2019immobilier sur les parcours de la course cycliste.\" \/>\n<meta name=\"robots\" content=\"index, follow, max-snippet:-1, max-image-preview:large, max-video-preview:-1\" \/>\n<link rel=\"canonical\" href=\"https:\/\/www.athome.lu\/blog\/marche-immobilier\/prix\/luxembourg-le-gran-fondo-de-limmobilier\/\" \/>\n<meta property=\"og:locale\" content=\"fr_FR\" \/>\n<meta property=\"og:type\" content=\"article\" \/>\n<meta property=\"og:title\" content=\"Luxembourg: le Gran Fondo de l\u2019immobilier | atHome\" \/>\n<meta property=\"og:description\" content=\"Le Schleck Gran Fondo est l\u2019occasion pour atHome.lu de s\u2019int\u00e9resser aux prix de l\u2019immobilier sur les parcours de la course cycliste.\" \/>\n<meta property=\"og:url\" content=\"https:\/\/www.athome.lu\/blog\/marche-immobilier\/prix\/luxembourg-le-gran-fondo-de-limmobilier\/\" \/>\n<meta property=\"og:site_name\" content=\"atHome Blog\" \/>\n<meta property=\"article:publisher\" content=\"https:\/\/www.facebook.com\/atHome.lu\/\" \/>\n<meta property=\"article:published_time\" content=\"2018-05-23T09:21:15+00:00\" \/>\n<meta property=\"article:modified_time\" content=\"2022-05-11T15:14:43+00:00\" \/>\n<meta property=\"og:image\" content=\"https:\/\/www.athome.lu\/blog\/wp-content\/uploads\/2018\/05\/schleck-immo.jpg\" \/>\n\t<meta property=\"og:image:width\" content=\"1151\" \/>\n\t<meta property=\"og:image:height\" content=\"767\" \/>\n\t<meta property=\"og:image:type\" content=\"image\/jpeg\" \/>\n<meta name=\"author\" content=\"Fanny Pimentel\" \/>\n<meta name=\"twitter:card\" content=\"summary_large_image\" \/>\n<meta name=\"twitter:creator\" content=\"@athomelu\" \/>\n<meta name=\"twitter:site\" content=\"@athomelu\" \/>\n<meta name=\"twitter:label1\" content=\"\u00c9crit par\" \/>\n\t<meta name=\"twitter:data1\" content=\"Fanny Pimentel\" \/>\n\t<meta name=\"twitter:label2\" content=\"Dur\u00e9e de lecture estim\u00e9e\" \/>\n\t<meta name=\"twitter:data2\" content=\"2 minutes\" \/>\n<script type=\"application\/ld+json\" class=\"yoast-schema-graph\">{\"@context\":\"https:\\\/\\\/schema.org\",\"@graph\":[{\"@type\":\"Article\",\"@id\":\"https:\\\/\\\/www.athome.lu\\\/blog\\\/marche-immobilier\\\/prix\\\/luxembourg-le-gran-fondo-de-limmobilier\\\/#article\",\"isPartOf\":{\"@id\":\"https:\\\/\\\/www.athome.lu\\\/blog\\\/marche-immobilier\\\/prix\\\/luxembourg-le-gran-fondo-de-limmobilier\\\/\"},\"author\":{\"name\":\"Fanny Pimentel\",\"@id\":\"https:\\\/\\\/www.athome.lu\\\/blog\\\/#\\\/schema\\\/person\\\/47f7a38089f837e792876ceddc4cb2dc\"},\"headline\":\"Luxembourg: le Gran Fondo de l\u2019immobilier\",\"datePublished\":\"2018-05-23T09:21:15+00:00\",\"dateModified\":\"2022-05-11T15:14:43+00:00\",\"mainEntityOfPage\":{\"@id\":\"https:\\\/\\\/www.athome.lu\\\/blog\\\/marche-immobilier\\\/prix\\\/luxembourg-le-gran-fondo-de-limmobilier\\\/\"},\"wordCount\":294,\"image\":{\"@id\":\"https:\\\/\\\/www.athome.lu\\\/blog\\\/marche-immobilier\\\/prix\\\/luxembourg-le-gran-fondo-de-limmobilier\\\/#primaryimage\"},\"thumbnailUrl\":\"https:\\\/\\\/www.athome.lu\\\/blog\\\/wp-content\\\/uploads\\\/2018\\\/05\\\/schleck-immo.jpg\",\"articleSection\":[\"Prix\"],\"inLanguage\":\"fr-FR\"},{\"@type\":\"WebPage\",\"@id\":\"https:\\\/\\\/www.athome.lu\\\/blog\\\/marche-immobilier\\\/prix\\\/luxembourg-le-gran-fondo-de-limmobilier\\\/\",\"url\":\"https:\\\/\\\/www.athome.lu\\\/blog\\\/marche-immobilier\\\/prix\\\/luxembourg-le-gran-fondo-de-limmobilier\\\/\",\"name\":\"Luxembourg: le Gran Fondo de l\u2019immobilier | atHome\",\"isPartOf\":{\"@id\":\"https:\\\/\\\/www.athome.lu\\\/blog\\\/#website\"},\"primaryImageOfPage\":{\"@id\":\"https:\\\/\\\/www.athome.lu\\\/blog\\\/marche-immobilier\\\/prix\\\/luxembourg-le-gran-fondo-de-limmobilier\\\/#primaryimage\"},\"image\":{\"@id\":\"https:\\\/\\\/www.athome.lu\\\/blog\\\/marche-immobilier\\\/prix\\\/luxembourg-le-gran-fondo-de-limmobilier\\\/#primaryimage\"},\"thumbnailUrl\":\"https:\\\/\\\/www.athome.lu\\\/blog\\\/wp-content\\\/uploads\\\/2018\\\/05\\\/schleck-immo.jpg\",\"datePublished\":\"2018-05-23T09:21:15+00:00\",\"dateModified\":\"2022-05-11T15:14:43+00:00\",\"author\":{\"@id\":\"https:\\\/\\\/www.athome.lu\\\/blog\\\/#\\\/schema\\\/person\\\/47f7a38089f837e792876ceddc4cb2dc\"},\"description\":\"Le Schleck Gran Fondo est l\u2019occasion pour atHome.lu de s\u2019int\u00e9resser aux prix de l\u2019immobilier sur les parcours de la course cycliste.\",\"breadcrumb\":{\"@id\":\"https:\\\/\\\/www.athome.lu\\\/blog\\\/marche-immobilier\\\/prix\\\/luxembourg-le-gran-fondo-de-limmobilier\\\/#breadcrumb\"},\"inLanguage\":\"fr-FR\",\"potentialAction\":[{\"@type\":\"ReadAction\",\"target\":[\"https:\\\/\\\/www.athome.lu\\\/blog\\\/marche-immobilier\\\/prix\\\/luxembourg-le-gran-fondo-de-limmobilier\\\/\"]}]},{\"@type\":\"ImageObject\",\"inLanguage\":\"fr-FR\",\"@id\":\"https:\\\/\\\/www.athome.lu\\\/blog\\\/marche-immobilier\\\/prix\\\/luxembourg-le-gran-fondo-de-limmobilier\\\/#primaryimage\",\"url\":\"https:\\\/\\\/www.athome.lu\\\/blog\\\/wp-content\\\/uploads\\\/2018\\\/05\\\/schleck-immo.jpg\",\"contentUrl\":\"https:\\\/\\\/www.athome.lu\\\/blog\\\/wp-content\\\/uploads\\\/2018\\\/05\\\/schleck-immo.jpg\",\"width\":1151,\"height\":767},{\"@type\":\"BreadcrumbList\",\"@id\":\"https:\\\/\\\/www.athome.lu\\\/blog\\\/marche-immobilier\\\/prix\\\/luxembourg-le-gran-fondo-de-limmobilier\\\/#breadcrumb\",\"itemListElement\":[{\"@type\":\"ListItem\",\"position\":1,\"name\":\"Accueil\",\"item\":\"https:\\\/\\\/www.athome.lu\\\/blog\\\/\"},{\"@type\":\"ListItem\",\"position\":2,\"name\":\"March\u00e9 immobilier\",\"item\":\"https:\\\/\\\/www.athome.lu\\\/blog\\\/category\\\/marche-immobilier\\\/\"},{\"@type\":\"ListItem\",\"position\":3,\"name\":\"Prix\",\"item\":\"https:\\\/\\\/www.athome.lu\\\/blog\\\/category\\\/marche-immobilier\\\/prix\\\/\"},{\"@type\":\"ListItem\",\"position\":4,\"name\":\"Luxembourg: le Gran Fondo de l\u2019immobilier\"}]},{\"@type\":\"WebSite\",\"@id\":\"https:\\\/\\\/www.athome.lu\\\/blog\\\/#website\",\"url\":\"https:\\\/\\\/www.athome.lu\\\/blog\\\/\",\"name\":\"atHome Blog\",\"description\":\"Annonces immobili\u00e8res au Luxembourg. Le portail immobilier n\u00b01 au Luxembourg.\",\"potentialAction\":[{\"@type\":\"SearchAction\",\"target\":{\"@type\":\"EntryPoint\",\"urlTemplate\":\"https:\\\/\\\/www.athome.lu\\\/blog\\\/?s={search_term_string}\"},\"query-input\":{\"@type\":\"PropertyValueSpecification\",\"valueRequired\":true,\"valueName\":\"search_term_string\"}}],\"inLanguage\":\"fr-FR\"},{\"@type\":\"Person\",\"@id\":\"https:\\\/\\\/www.athome.lu\\\/blog\\\/#\\\/schema\\\/person\\\/47f7a38089f837e792876ceddc4cb2dc\",\"name\":\"Fanny Pimentel\",\"image\":{\"@type\":\"ImageObject\",\"inLanguage\":\"fr-FR\",\"@id\":\"https:\\\/\\\/secure.gravatar.com\\\/avatar\\\/c60b27b93851dc9503f9cc9150e73dcb0a86ba6150657e5e4b11d988400bc633?s=96&d=mm&r=g\",\"url\":\"https:\\\/\\\/secure.gravatar.com\\\/avatar\\\/c60b27b93851dc9503f9cc9150e73dcb0a86ba6150657e5e4b11d988400bc633?s=96&d=mm&r=g\",\"contentUrl\":\"https:\\\/\\\/secure.gravatar.com\\\/avatar\\\/c60b27b93851dc9503f9cc9150e73dcb0a86ba6150657e5e4b11d988400bc633?s=96&d=mm&r=g\",\"caption\":\"Fanny Pimentel\"}}]}<\/script>\n<!-- \/ Yoast SEO plugin. -->","yoast_head_json":{"title":"Luxembourg: le Gran Fondo de l\u2019immobilier | atHome","description":"Le Schleck Gran Fondo est l\u2019occasion pour atHome.lu de s\u2019int\u00e9resser aux prix de l\u2019immobilier sur les parcours de la course cycliste.","robots":{"index":"index","follow":"follow","max-snippet":"max-snippet:-1","max-image-preview":"max-image-preview:large","max-video-preview":"max-video-preview:-1"},"canonical":"https:\/\/www.athome.lu\/blog\/marche-immobilier\/prix\/luxembourg-le-gran-fondo-de-limmobilier\/","og_locale":"fr_FR","og_type":"article","og_title":"Luxembourg: le Gran Fondo de l\u2019immobilier | atHome","og_description":"Le Schleck Gran Fondo est l\u2019occasion pour atHome.lu de s\u2019int\u00e9resser aux prix de l\u2019immobilier sur les parcours de la course cycliste.","og_url":"https:\/\/www.athome.lu\/blog\/marche-immobilier\/prix\/luxembourg-le-gran-fondo-de-limmobilier\/","og_site_name":"atHome Blog","article_publisher":"https:\/\/www.facebook.com\/atHome.lu\/","article_published_time":"2018-05-23T09:21:15+00:00","article_modified_time":"2022-05-11T15:14:43+00:00","og_image":[{"width":1151,"height":767,"url":"https:\/\/www.athome.lu\/blog\/wp-content\/uploads\/2018\/05\/schleck-immo.jpg","type":"image\/jpeg"}],"author":"Fanny Pimentel","twitter_card":"summary_large_image","twitter_creator":"@athomelu","twitter_site":"@athomelu","twitter_misc":{"\u00c9crit par":"Fanny Pimentel","Dur\u00e9e de lecture estim\u00e9e":"2 minutes"},"schema":{"@context":"https:\/\/schema.org","@graph":[{"@type":"Article","@id":"https:\/\/www.athome.lu\/blog\/marche-immobilier\/prix\/luxembourg-le-gran-fondo-de-limmobilier\/#article","isPartOf":{"@id":"https:\/\/www.athome.lu\/blog\/marche-immobilier\/prix\/luxembourg-le-gran-fondo-de-limmobilier\/"},"author":{"name":"Fanny Pimentel","@id":"https:\/\/www.athome.lu\/blog\/#\/schema\/person\/47f7a38089f837e792876ceddc4cb2dc"},"headline":"Luxembourg: le Gran Fondo de l\u2019immobilier","datePublished":"2018-05-23T09:21:15+00:00","dateModified":"2022-05-11T15:14:43+00:00","mainEntityOfPage":{"@id":"https:\/\/www.athome.lu\/blog\/marche-immobilier\/prix\/luxembourg-le-gran-fondo-de-limmobilier\/"},"wordCount":294,"image":{"@id":"https:\/\/www.athome.lu\/blog\/marche-immobilier\/prix\/luxembourg-le-gran-fondo-de-limmobilier\/#primaryimage"},"thumbnailUrl":"https:\/\/www.athome.lu\/blog\/wp-content\/uploads\/2018\/05\/schleck-immo.jpg","articleSection":["Prix"],"inLanguage":"fr-FR"},{"@type":"WebPage","@id":"https:\/\/www.athome.lu\/blog\/marche-immobilier\/prix\/luxembourg-le-gran-fondo-de-limmobilier\/","url":"https:\/\/www.athome.lu\/blog\/marche-immobilier\/prix\/luxembourg-le-gran-fondo-de-limmobilier\/","name":"Luxembourg: le Gran Fondo de l\u2019immobilier | atHome","isPartOf":{"@id":"https:\/\/www.athome.lu\/blog\/#website"},"primaryImageOfPage":{"@id":"https:\/\/www.athome.lu\/blog\/marche-immobilier\/prix\/luxembourg-le-gran-fondo-de-limmobilier\/#primaryimage"},"image":{"@id":"https:\/\/www.athome.lu\/blog\/marche-immobilier\/prix\/luxembourg-le-gran-fondo-de-limmobilier\/#primaryimage"},"thumbnailUrl":"https:\/\/www.athome.lu\/blog\/wp-content\/uploads\/2018\/05\/schleck-immo.jpg","datePublished":"2018-05-23T09:21:15+00:00","dateModified":"2022-05-11T15:14:43+00:00","author":{"@id":"https:\/\/www.athome.lu\/blog\/#\/schema\/person\/47f7a38089f837e792876ceddc4cb2dc"},"description":"Le Schleck Gran Fondo est l\u2019occasion pour atHome.lu de s\u2019int\u00e9resser aux prix de l\u2019immobilier sur les parcours de la course cycliste.","breadcrumb":{"@id":"https:\/\/www.athome.lu\/blog\/marche-immobilier\/prix\/luxembourg-le-gran-fondo-de-limmobilier\/#breadcrumb"},"inLanguage":"fr-FR","potentialAction":[{"@type":"ReadAction","target":["https:\/\/www.athome.lu\/blog\/marche-immobilier\/prix\/luxembourg-le-gran-fondo-de-limmobilier\/"]}]},{"@type":"ImageObject","inLanguage":"fr-FR","@id":"https:\/\/www.athome.lu\/blog\/marche-immobilier\/prix\/luxembourg-le-gran-fondo-de-limmobilier\/#primaryimage","url":"https:\/\/www.athome.lu\/blog\/wp-content\/uploads\/2018\/05\/schleck-immo.jpg","contentUrl":"https:\/\/www.athome.lu\/blog\/wp-content\/uploads\/2018\/05\/schleck-immo.jpg","width":1151,"height":767},{"@type":"BreadcrumbList","@id":"https:\/\/www.athome.lu\/blog\/marche-immobilier\/prix\/luxembourg-le-gran-fondo-de-limmobilier\/#breadcrumb","itemListElement":[{"@type":"ListItem","position":1,"name":"Accueil","item":"https:\/\/www.athome.lu\/blog\/"},{"@type":"ListItem","position":2,"name":"March\u00e9 immobilier","item":"https:\/\/www.athome.lu\/blog\/category\/marche-immobilier\/"},{"@type":"ListItem","position":3,"name":"Prix","item":"https:\/\/www.athome.lu\/blog\/category\/marche-immobilier\/prix\/"},{"@type":"ListItem","position":4,"name":"Luxembourg: le Gran Fondo de l\u2019immobilier"}]},{"@type":"WebSite","@id":"https:\/\/www.athome.lu\/blog\/#website","url":"https:\/\/www.athome.lu\/blog\/","name":"atHome Blog","description":"Annonces immobili\u00e8res au Luxembourg. Le portail immobilier n\u00b01 au Luxembourg.","potentialAction":[{"@type":"SearchAction","target":{"@type":"EntryPoint","urlTemplate":"https:\/\/www.athome.lu\/blog\/?s={search_term_string}"},"query-input":{"@type":"PropertyValueSpecification","valueRequired":true,"valueName":"search_term_string"}}],"inLanguage":"fr-FR"},{"@type":"Person","@id":"https:\/\/www.athome.lu\/blog\/#\/schema\/person\/47f7a38089f837e792876ceddc4cb2dc","name":"Fanny Pimentel","image":{"@type":"ImageObject","inLanguage":"fr-FR","@id":"https:\/\/secure.gravatar.com\/avatar\/c60b27b93851dc9503f9cc9150e73dcb0a86ba6150657e5e4b11d988400bc633?s=96&d=mm&r=g","url":"https:\/\/secure.gravatar.com\/avatar\/c60b27b93851dc9503f9cc9150e73dcb0a86ba6150657e5e4b11d988400bc633?s=96&d=mm&r=g","contentUrl":"https:\/\/secure.gravatar.com\/avatar\/c60b27b93851dc9503f9cc9150e73dcb0a86ba6150657e5e4b11d988400bc633?s=96&d=mm&r=g","caption":"Fanny Pimentel"}}]}},"featured_media_src_url":"https:\/\/www.athome.lu\/blog\/wp-content\/uploads\/2018\/05\/schleck-immo-1024x682.jpg","_links":{"self":[{"href":"https:\/\/www.athome.lu\/blog\/wp-json\/wp\/v2\/posts\/11255","targetHints":{"allow":["GET"]}}],"collection":[{"href":"https:\/\/www.athome.lu\/blog\/wp-json\/wp\/v2\/posts"}],"about":[{"href":"https:\/\/www.athome.lu\/blog\/wp-json\/wp\/v2\/types\/post"}],"author":[{"embeddable":true,"href":"https:\/\/www.athome.lu\/blog\/wp-json\/wp\/v2\/users\/17"}],"replies":[{"embeddable":true,"href":"https:\/\/www.athome.lu\/blog\/wp-json\/wp\/v2\/comments?post=11255"}],"version-history":[{"count":2,"href":"https:\/\/www.athome.lu\/blog\/wp-json\/wp\/v2\/posts\/11255\/revisions"}],"predecessor-version":[{"id":15135,"href":"https:\/\/www.athome.lu\/blog\/wp-json\/wp\/v2\/posts\/11255\/revisions\/15135"}],"wp:featuredmedia":[{"embeddable":true,"href":"https:\/\/www.athome.lu\/blog\/wp-json\/wp\/v2\/media\/11265"}],"wp:attachment":[{"href":"https:\/\/www.athome.lu\/blog\/wp-json\/wp\/v2\/media?parent=11255"}],"wp:term":[{"taxonomy":"category","embeddable":true,"href":"https:\/\/www.athome.lu\/blog\/wp-json\/wp\/v2\/categories?post=11255"},{"taxonomy":"post_tag","embeddable":true,"href":"https:\/\/www.athome.lu\/blog\/wp-json\/wp\/v2\/tags?post=11255"}],"curies":[{"name":"wp","href":"https:\/\/api.w.org\/{rel}","templated":true}]}}