{"id":11335,"date":"2018-06-11T08:07:27","date_gmt":"2018-06-11T07:07:27","guid":{"rendered":"https:\/\/www.athome.lu\/blog\/?p=11335"},"modified":"2022-05-11T17:12:19","modified_gmt":"2022-05-11T15:12:19","slug":"esch-sur-alzette-a-lheure-des-defis","status":"publish","type":"post","link":"https:\/\/www.athome.lu\/blog\/marche-immobilier\/villes\/esch-sur-alzette-a-lheure-des-defis\/","title":{"rendered":"Esch-sur-Alzette \u00e0 l\u2019heure des d\u00e9fis"},"content":{"rendered":"\n<p><span style=\"color: #000000;\">Disposant de peu d\u2019espace pour continuer \u00e0 se d\u00e9velopper, Esch-sur-Alzette, deuxi\u00e8me ville la plus peupl\u00e9e du Grand-Duch\u00e9 apr\u00e8s Luxembourg, doit faire des choix intelligents. Elle m\u00e8ne en outre diff\u00e9rents projets pour d\u00e9sengorger un centre-ville envahi quotidiennement par les frontaliers.<\/span><\/p>\n\n\n\n<p><span style=\"color: #000000;\">Avec ses 35.000 habitants, la commune d\u2019Esch-sur-Alzette, qui comprend cette seule localit\u00e9, est la deuxi\u00e8me municipalit\u00e9 la plus peupl\u00e9e du Luxembourg. Cosmopolite, la ville compte 57 % d\u2019habitants d\u2019origine \u00e9trang\u00e8re et est quotidiennement travers\u00e9e par nombre de frontaliers fran\u00e7ais. Esch-sur-Alzette est aussi marqu\u00e9e par une longue histoire industrielle. <em>\u00ab&nbsp;La sid\u00e9rurgie a fait vivre une bonne partie de la population durant des d\u00e9cennies<\/em>, explique le nouveau bourgmestre de la ville, Georges Mischo. <em>Lorsque l\u2019activit\u00e9 s\u2019est arr\u00eat\u00e9e, nous nous sommes retrouv\u00e9s au tapis. Il n\u2019y avait pas vraiment d\u2019activit\u00e9 qui pouvait prendre la rel\u00e8ve. Nous n\u2019avions pas les banques, comme \u00e0 Luxembourg-Ville.&nbsp;\u00bb<\/em><\/span><\/p>\n\n\n\n<p><span style=\"color: #000000;\">La commune d\u2019Esch s\u2019est donc relev\u00e9e petit \u00e0 petit, notamment par la transformation de l\u2019ancien site sid\u00e9rurgique de Belval en un p\u00f4le de formation, d\u2019activit\u00e9 commerciale et culturelle. <em>\u00ab&nbsp;L\u2019arriv\u00e9e de l\u2019universit\u00e9 ainsi que la d\u00e9signation de la ville comme capitale europ\u00e9enne de la culture en 2022 permettent de poursuivre sur cette lanc\u00e9e<\/em>, se r\u00e9jouit Georges Mischo. <em>Nous devons \u00e0 pr\u00e9sent prendre \u00e0 bras-le-corps l\u2019am\u00e9nagement des friches de Schifflange et de Lentille Terre Rouge, qui sont les deux seuls espaces libres dont nous disposons encore\u2026&nbsp;\u00bb<\/em><\/span><\/p>\n\n\n\n<div class=\"wp-block-image\"><figure class=\"aligncenter\"><a href=\"https:\/\/www.athome.lu\/blog\/blog\/wp-content\/uploads\/2018\/06\/esch2018-2.jpg\"><img loading=\"lazy\" decoding=\"async\" width=\"1024\" height=\"683\" src=\"https:\/\/www.athome.lu\/blog\/blog\/wp-content\/uploads\/2018\/06\/esch2018-2-1024x683.jpg\" alt=\"Quartier Esch Belval\" class=\"wp-image-11337\" srcset=\"https:\/\/www.athome.lu\/blog\/wp-content\/uploads\/2018\/06\/esch2018-2-1024x683.jpg 1024w, https:\/\/www.athome.lu\/blog\/wp-content\/uploads\/2018\/06\/esch2018-2-300x200.jpg 300w, https:\/\/www.athome.lu\/blog\/wp-content\/uploads\/2018\/06\/esch2018-2-768x512.jpg 768w, https:\/\/www.athome.lu\/blog\/wp-content\/uploads\/2018\/06\/esch2018-2-18x12.jpg 18w, https:\/\/www.athome.lu\/blog\/wp-content\/uploads\/2018\/06\/esch2018-2.jpg 1200w\" sizes=\"auto, (max-width: 1024px) 100vw, 1024px\" \/><\/a><\/figure><\/div>\n\n\n\n<h2 class=\"wp-block-heading\"><span style=\"color: #000000;\"><strong>Un vrai probl\u00e8me d\u2019espace<\/strong><\/span><\/h2>\n\n\n\n<p><span style=\"color: #000000;\">Car malgr\u00e9 ses atouts, la commune d\u2019Esch-sur-Alzette conna\u00eet un vrai probl\u00e8me d\u2019espace. <em>\u00ab&nbsp;Effectivement, contrairement \u00e0 des communes comme Wincrange ou Sanem, nous disposons de peu d\u2019espace<\/em>, commente Georges Mischo. <em>Nous devons donc r\u00e9fl\u00e9chir s\u00e9rieusement \u00e0 l\u2019affectation de ces sites. Tout en permettant \u00e0 la population de participer \u00e0 cette r\u00e9flexion, ce qui n\u2019a pas \u00e9t\u00e9 fait \u00e0 Belval.&nbsp;\u00bb<\/em><\/span><\/p>\n\n\n\n<p><span style=\"color: #000000;\">Parmi les projets qui devraient voir le jour sur les deux friches encore exploitables, on compte notamment de nouvelles \u00e9coles. <em>\u00ab&nbsp;Il y a un besoin important en nouvelles structures scolaires sur la commune<\/em>, indique le bourgmestre. <em>En dehors des \u00e9coles construites sur ces friches, nous allons aussi en construire deux nouvelles en ville, r\u00e9nover celle du Brouch et \u00e9tendre celle de la Grand-Rue.&nbsp;Dans ces nouveaux b\u00e2timents, nous installerons syst\u00e9matiquement des maisons-relais. \u00bb<\/em><\/span><\/p>\n\n\n\n<h2 class=\"wp-block-heading\"><span style=\"color: #000000;\"><strong>Un mix logements-entreprises <\/strong><\/span><\/h2>\n\n\n\n<p><span style=\"color: #000000;\">Comme partout au Luxembourg, la probl\u00e9matique du logement, et de son acc\u00e8s \u00e0 tous, est un souci de taille pour la commune d\u2019Esch-sur-Alzette. Le peu d\u2019espace \u00e0 disposition contraint en effet les responsables locaux \u00e0 faire preuve d\u2019imagination. <em>\u00ab&nbsp;Sur les friches de Schifflange et de Lentille Terre Rouge, nous allons essayer de combiner des projets de logements et d\u2019entreprises<\/em>, indique le bourgmestre. <em>Nous avons d\u00e9j\u00e0 certaines entreprises int\u00e9ress\u00e9es par un concept du genre.&nbsp;\u00bb<\/em><\/span><\/p>\n\n\n\n<p><span style=\"color: #000000;\">Comme l\u2019explique encore Georges Mischo, l\u2019autre voie privil\u00e9gi\u00e9e par la municipalit\u00e9 est l\u2019adoption de r\u00e8glements communaux permettant d\u2019amener de nouvelles familles dans la commune. <em>\u00ab&nbsp;Le 9 f\u00e9vrier, nous avons chang\u00e9 le r\u00e8glement des b\u00e2tisses. Il ne sera d\u00e9sormais plus possible d\u2019am\u00e9nager plusieurs appartements dans des maisons unifamiliales sur le territoire de la commune. Outre l\u2019attrait pour les familles, cette d\u00e9cision doit permettre d\u2019\u00e9viter la location ill\u00e9gale de chambres meubl\u00e9es insalubres. Cette pratique est malheureusement encore d\u2019actualit\u00e9 \u00e0 Esch et ce sont les personnes les plus vuln\u00e9rables qui en sont victimes.&nbsp;\u00bb<\/em><\/span><\/p>\n\n\n\n<div class=\"wp-block-image\"><figure class=\"aligncenter\"><a href=\"https:\/\/www.athome.lu\/blog\/blog\/wp-content\/uploads\/2018\/06\/esch2018-3.jpg\"><img loading=\"lazy\" decoding=\"async\" width=\"1024\" height=\"683\" src=\"https:\/\/www.athome.lu\/blog\/blog\/wp-content\/uploads\/2018\/06\/esch2018-3-1024x683.jpg\" alt=\"Maisons \u00e0 Escch -sur-Aluzette\" class=\"wp-image-11338\" srcset=\"https:\/\/www.athome.lu\/blog\/wp-content\/uploads\/2018\/06\/esch2018-3-1024x683.jpg 1024w, https:\/\/www.athome.lu\/blog\/wp-content\/uploads\/2018\/06\/esch2018-3-300x200.jpg 300w, https:\/\/www.athome.lu\/blog\/wp-content\/uploads\/2018\/06\/esch2018-3-768x512.jpg 768w, https:\/\/www.athome.lu\/blog\/wp-content\/uploads\/2018\/06\/esch2018-3-18x12.jpg 18w, https:\/\/www.athome.lu\/blog\/wp-content\/uploads\/2018\/06\/esch2018-3.jpg 1200w\" sizes=\"auto, (max-width: 1024px) 100vw, 1024px\" \/><\/a><\/figure><\/div>\n\n\n<section id=\"section-3-14695\" class=\" ct-section\" ><div class=\"ct-section-inner-wrap\"><div id=\"div_block-4-14695\" class=\"ct-div-block\" ><div id=\"new_columns-7-14695\" class=\"ct-new-columns\" ><div id=\"div_block-8-14695\" class=\"ct-div-block\" ><div id=\"div_block-14-14695\" class=\"ct-div-block\" ><\/div><\/div><div id=\"div_block-9-14695\" class=\"ct-div-block\" ><h1 id=\"headline-11-14695\" class=\"ct-headline\">Quels sont les prix de l'immobilier en ce moment ?<\/h1><div id=\"text_block-12-14695\" class=\"ct-text-block\" >Les prix ralentissent. Les taux d'int\u00e9r\u00eat augmentent. Quelles tendances pour les mois \u00e0 venir ?<\/div><a id=\"link_button-13-14695\" class=\"ct-link-button\" href=\"https:\/\/www.athome.lu\/blog\/blog\/marche-immobilier\/prix\/tendances-2022\/\" target=\"_blank\"  >Lire l'analyse<\/a><\/div><\/div><\/div><\/div><\/section>\n\n\n<h2 class=\"wp-block-heading\"><span style=\"color: #000000;\"><strong>Am\u00e9liorer la mobilit\u00e9<\/strong><\/span><\/h2>\n\n\n\n<p><span style=\"color: #000000;\">L\u2019autre difficult\u00e9 rencontr\u00e9e par les Eschois a trait \u00e0 la mobilit\u00e9. <em>\u00ab&nbsp;L\u2019Etat est en train d\u2019\u00e9tendre l\u2019autoroute A4 pour permettre aux frontaliers de repartir directement vers la France sans passer par le centre d\u2019Esch, qui est embouteill\u00e9 tous les jours<\/em>, explique Georges Mischo. <em>Par ailleurs, notre plan mobilit\u00e9 accorde beaucoup d\u2019importance aux transports en commun&nbsp;: la navette Kussbus, qui permet de se rendre au travail, les bus communaux City Bus ou l\u2019arriv\u00e9e prochaine de bus \u00e0 haut niveau de service qui b\u00e9n\u00e9ficient de leur propre bande de circulation\u2026 Je pense qu\u2019il faut travailler l\u00e0-dessus, parce que le covoiturage me semble \u00eatre une illusion.&nbsp;\u00bb<\/em><\/span><\/p>\n\n\n\n<p><span style=\"color: #000000;\">La commune d\u2019Esch-sur-Alzette est \u00e9galement en discussion avec les CFL pour construire une petite gare suppl\u00e9mentaire au centre-ville qui permettrait de drainer une partie des automobilistes. En outre, le projet de bus culture-sport est toujours d\u00e9fendu avec beaucoup de passion par Georges Mischo. <em>\u00ab&nbsp;L\u2019id\u00e9e \u00e9tait dans notre programme \u00e9lectoral<\/em>, explique-t-il. <em>Elle consiste \u00e0 faire sortir nos enfants des maison-relais pour les conduire \u00e0 leurs activit\u00e9s sportives ou culturelles. L\u2019id\u00e9e suit son cours et devrait bient\u00f4t aboutir.&nbsp;\u00bb<\/em><\/span><\/p>\n\n\n\n<h2 class=\"wp-block-heading\"><span style=\"color: #000000;\"><strong>Le Gaalgebierg, poumon vert de la ville<\/strong><\/span><\/h2>\n\n\n\n<p><span style=\"color: #000000;\">Avec un tel d\u00e9ficit d\u2019espace, o\u00f9 les habitants peuvent-ils se promener et prendre l\u2019air&nbsp;? Fort heureusement, Esch-sur-Alzette a conserv\u00e9 un attrayant poumon vert&nbsp;: le Gaalgebierg, une colline surplombant la ville et couverte par une vaste for\u00eat. On y trouve des parcs, un terrain de foot, un camping, un parc animalier, une patinoire naturelle en hiver, etc. <em>\u00ab&nbsp;Nous investissons beaucoup dans cet espace<\/em>, souligne Georges Mischo. <em>Il est important de conserver un coin de nature comme celui-l\u00e0, \u00e0 quelques minutes \u00e0 pied de la ville. Par ailleurs, nous avons n\u00e9goci\u00e9 un \u00e9change avec l\u2019<\/em><em>\u00c9tat qui nous a permis de r\u00e9cup\u00e9rer une partie de for\u00eat de l\u2019autre c\u00f4t\u00e9 d\u2019Esch. <\/em><em>\u00c0 cet endroit, nous sommes capables de construire un nouveau parc avec des aires de jeu, le tout d\u2019une taille comparable \u00e0 celle du Gaalgebierg.&nbsp;\u00bb<\/em><\/span><\/p>\n\n\n\n<p><span style=\"color: #000000;\">On le voit, les d\u00e9fis ne manquent pas \u00e0 Esch-sur-Alzette. Cela dit, il s\u2019agit \u00e9galement d\u2019une des villes les mieux dot\u00e9es du Luxembourg en mati\u00e8re de services, quels qu\u2019ils soient. En outre, sa vie culturelle intense permet \u00e0 tous ses habitants d\u2019\u00eatre durablement \u00e0 l\u2019abri de l\u2019ennui\u2026<\/span><\/p>\n","protected":false},"excerpt":{"rendered":"<p>Disposant de peu d\u2019espace pour continuer \u00e0 se d\u00e9velopper, Esch-sur-Alzette, deuxi\u00e8me ville la plus peupl\u00e9e du Grand-Duch\u00e9 apr\u00e8s Luxembourg, doit faire des choix intelligents. Elle m\u00e8ne en outre diff\u00e9rents projets pour d\u00e9sengorger un centre-ville envahi quotidiennement par les frontaliers. Avec ses 35.000 habitants, la commune d\u2019Esch-sur-Alzette, qui comprend cette seule localit\u00e9, est la deuxi\u00e8me municipalit\u00e9 [&hellip;]<\/p>\n","protected":false},"author":17,"featured_media":11336,"comment_status":"closed","ping_status":"open","sticky":false,"template":"","format":"standard","meta":{"_acf_changed":false,"footnotes":""},"categories":[218],"tags":[],"class_list":["post-11335","post","type-post","status-publish","format-standard","has-post-thumbnail","hentry","category-villes"],"acf":[],"yoast_head":"<!-- This site is optimized with the Yoast SEO plugin v27.4 - https:\/\/yoast.com\/product\/yoast-seo-wordpress\/ -->\n<title>Zoom sur Esch-sur-Alzette: la commune \u00e0 l\u2019heure des d\u00e9fis | atHome<\/title>\n<meta name=\"description\" content=\"Disposant de peu d\u2019espace pour continuer \u00e0 se d\u00e9velopper, Esch-sur-Alzette, deuxi\u00e8me ville du Grand-Duch\u00e9, doit faire des choix intelligents.\" \/>\n<meta name=\"robots\" content=\"index, follow, max-snippet:-1, max-image-preview:large, max-video-preview:-1\" \/>\n<link rel=\"canonical\" href=\"https:\/\/www.athome.lu\/blog\/marche-immobilier\/villes\/esch-sur-alzette-a-lheure-des-defis\/\" \/>\n<meta property=\"og:locale\" content=\"fr_FR\" \/>\n<meta property=\"og:type\" content=\"article\" \/>\n<meta property=\"og:title\" content=\"Zoom sur Esch-sur-Alzette: la commune \u00e0 l\u2019heure des d\u00e9fis | atHome\" \/>\n<meta property=\"og:description\" content=\"Disposant de peu d\u2019espace pour continuer \u00e0 se d\u00e9velopper, Esch-sur-Alzette, deuxi\u00e8me ville du Grand-Duch\u00e9, doit faire des choix intelligents.\" \/>\n<meta property=\"og:url\" content=\"https:\/\/www.athome.lu\/blog\/marche-immobilier\/villes\/esch-sur-alzette-a-lheure-des-defis\/\" \/>\n<meta property=\"og:site_name\" content=\"atHome Blog\" \/>\n<meta property=\"article:publisher\" content=\"https:\/\/www.facebook.com\/atHome.lu\/\" \/>\n<meta property=\"article:published_time\" content=\"2018-06-11T07:07:27+00:00\" \/>\n<meta property=\"article:modified_time\" content=\"2022-05-11T15:12:19+00:00\" \/>\n<meta property=\"og:image\" content=\"https:\/\/www.athome.lu\/blog\/wp-content\/uploads\/2018\/06\/esch2018.jpg\" \/>\n\t<meta property=\"og:image:width\" content=\"1200\" \/>\n\t<meta property=\"og:image:height\" content=\"800\" \/>\n\t<meta property=\"og:image:type\" content=\"image\/jpeg\" \/>\n<meta name=\"author\" content=\"Fanny Pimentel\" \/>\n<meta name=\"twitter:card\" content=\"summary_large_image\" \/>\n<meta name=\"twitter:creator\" content=\"@athomelu\" \/>\n<meta name=\"twitter:site\" content=\"@athomelu\" \/>\n<meta name=\"twitter:label1\" content=\"\u00c9crit par\" \/>\n\t<meta name=\"twitter:data1\" content=\"Fanny Pimentel\" \/>\n\t<meta name=\"twitter:label2\" content=\"Dur\u00e9e de lecture estim\u00e9e\" \/>\n\t<meta name=\"twitter:data2\" content=\"5 minutes\" \/>\n<script type=\"application\/ld+json\" class=\"yoast-schema-graph\">{\"@context\":\"https:\\\/\\\/schema.org\",\"@graph\":[{\"@type\":\"Article\",\"@id\":\"https:\\\/\\\/www.athome.lu\\\/blog\\\/marche-immobilier\\\/villes\\\/esch-sur-alzette-a-lheure-des-defis\\\/#article\",\"isPartOf\":{\"@id\":\"https:\\\/\\\/www.athome.lu\\\/blog\\\/marche-immobilier\\\/villes\\\/esch-sur-alzette-a-lheure-des-defis\\\/\"},\"author\":{\"name\":\"Fanny Pimentel\",\"@id\":\"https:\\\/\\\/www.athome.lu\\\/blog\\\/#\\\/schema\\\/person\\\/47f7a38089f837e792876ceddc4cb2dc\"},\"headline\":\"Esch-sur-Alzette \u00e0 l\u2019heure des d\u00e9fis\",\"datePublished\":\"2018-06-11T07:07:27+00:00\",\"dateModified\":\"2022-05-11T15:12:19+00:00\",\"mainEntityOfPage\":{\"@id\":\"https:\\\/\\\/www.athome.lu\\\/blog\\\/marche-immobilier\\\/villes\\\/esch-sur-alzette-a-lheure-des-defis\\\/\"},\"wordCount\":1023,\"image\":{\"@id\":\"https:\\\/\\\/www.athome.lu\\\/blog\\\/marche-immobilier\\\/villes\\\/esch-sur-alzette-a-lheure-des-defis\\\/#primaryimage\"},\"thumbnailUrl\":\"https:\\\/\\\/www.athome.lu\\\/blog\\\/wp-content\\\/uploads\\\/2018\\\/06\\\/esch2018.jpg\",\"articleSection\":[\"Villes\"],\"inLanguage\":\"fr-FR\"},{\"@type\":\"WebPage\",\"@id\":\"https:\\\/\\\/www.athome.lu\\\/blog\\\/marche-immobilier\\\/villes\\\/esch-sur-alzette-a-lheure-des-defis\\\/\",\"url\":\"https:\\\/\\\/www.athome.lu\\\/blog\\\/marche-immobilier\\\/villes\\\/esch-sur-alzette-a-lheure-des-defis\\\/\",\"name\":\"Zoom sur Esch-sur-Alzette: la commune \u00e0 l\u2019heure des d\u00e9fis | atHome\",\"isPartOf\":{\"@id\":\"https:\\\/\\\/www.athome.lu\\\/blog\\\/#website\"},\"primaryImageOfPage\":{\"@id\":\"https:\\\/\\\/www.athome.lu\\\/blog\\\/marche-immobilier\\\/villes\\\/esch-sur-alzette-a-lheure-des-defis\\\/#primaryimage\"},\"image\":{\"@id\":\"https:\\\/\\\/www.athome.lu\\\/blog\\\/marche-immobilier\\\/villes\\\/esch-sur-alzette-a-lheure-des-defis\\\/#primaryimage\"},\"thumbnailUrl\":\"https:\\\/\\\/www.athome.lu\\\/blog\\\/wp-content\\\/uploads\\\/2018\\\/06\\\/esch2018.jpg\",\"datePublished\":\"2018-06-11T07:07:27+00:00\",\"dateModified\":\"2022-05-11T15:12:19+00:00\",\"author\":{\"@id\":\"https:\\\/\\\/www.athome.lu\\\/blog\\\/#\\\/schema\\\/person\\\/47f7a38089f837e792876ceddc4cb2dc\"},\"description\":\"Disposant de peu d\u2019espace pour continuer \u00e0 se d\u00e9velopper, Esch-sur-Alzette, deuxi\u00e8me ville du Grand-Duch\u00e9, doit faire des choix intelligents.\",\"breadcrumb\":{\"@id\":\"https:\\\/\\\/www.athome.lu\\\/blog\\\/marche-immobilier\\\/villes\\\/esch-sur-alzette-a-lheure-des-defis\\\/#breadcrumb\"},\"inLanguage\":\"fr-FR\",\"potentialAction\":[{\"@type\":\"ReadAction\",\"target\":[\"https:\\\/\\\/www.athome.lu\\\/blog\\\/marche-immobilier\\\/villes\\\/esch-sur-alzette-a-lheure-des-defis\\\/\"]}]},{\"@type\":\"ImageObject\",\"inLanguage\":\"fr-FR\",\"@id\":\"https:\\\/\\\/www.athome.lu\\\/blog\\\/marche-immobilier\\\/villes\\\/esch-sur-alzette-a-lheure-des-defis\\\/#primaryimage\",\"url\":\"https:\\\/\\\/www.athome.lu\\\/blog\\\/wp-content\\\/uploads\\\/2018\\\/06\\\/esch2018.jpg\",\"contentUrl\":\"https:\\\/\\\/www.athome.lu\\\/blog\\\/wp-content\\\/uploads\\\/2018\\\/06\\\/esch2018.jpg\",\"width\":1200,\"height\":800,\"caption\":\"Vivre \u00e0 Esch-sur-Alzette\"},{\"@type\":\"BreadcrumbList\",\"@id\":\"https:\\\/\\\/www.athome.lu\\\/blog\\\/marche-immobilier\\\/villes\\\/esch-sur-alzette-a-lheure-des-defis\\\/#breadcrumb\",\"itemListElement\":[{\"@type\":\"ListItem\",\"position\":1,\"name\":\"Accueil\",\"item\":\"https:\\\/\\\/www.athome.lu\\\/blog\\\/\"},{\"@type\":\"ListItem\",\"position\":2,\"name\":\"March\u00e9 immobilier\",\"item\":\"https:\\\/\\\/www.athome.lu\\\/blog\\\/category\\\/marche-immobilier\\\/\"},{\"@type\":\"ListItem\",\"position\":3,\"name\":\"Villes\",\"item\":\"https:\\\/\\\/www.athome.lu\\\/blog\\\/category\\\/marche-immobilier\\\/villes\\\/\"},{\"@type\":\"ListItem\",\"position\":4,\"name\":\"Esch-sur-Alzette \u00e0 l\u2019heure des d\u00e9fis\"}]},{\"@type\":\"WebSite\",\"@id\":\"https:\\\/\\\/www.athome.lu\\\/blog\\\/#website\",\"url\":\"https:\\\/\\\/www.athome.lu\\\/blog\\\/\",\"name\":\"atHome Blog\",\"description\":\"Annonces immobili\u00e8res au Luxembourg. Le portail immobilier n\u00b01 au Luxembourg.\",\"potentialAction\":[{\"@type\":\"SearchAction\",\"target\":{\"@type\":\"EntryPoint\",\"urlTemplate\":\"https:\\\/\\\/www.athome.lu\\\/blog\\\/?s={search_term_string}\"},\"query-input\":{\"@type\":\"PropertyValueSpecification\",\"valueRequired\":true,\"valueName\":\"search_term_string\"}}],\"inLanguage\":\"fr-FR\"},{\"@type\":\"Person\",\"@id\":\"https:\\\/\\\/www.athome.lu\\\/blog\\\/#\\\/schema\\\/person\\\/47f7a38089f837e792876ceddc4cb2dc\",\"name\":\"Fanny Pimentel\",\"image\":{\"@type\":\"ImageObject\",\"inLanguage\":\"fr-FR\",\"@id\":\"https:\\\/\\\/secure.gravatar.com\\\/avatar\\\/c60b27b93851dc9503f9cc9150e73dcb0a86ba6150657e5e4b11d988400bc633?s=96&d=mm&r=g\",\"url\":\"https:\\\/\\\/secure.gravatar.com\\\/avatar\\\/c60b27b93851dc9503f9cc9150e73dcb0a86ba6150657e5e4b11d988400bc633?s=96&d=mm&r=g\",\"contentUrl\":\"https:\\\/\\\/secure.gravatar.com\\\/avatar\\\/c60b27b93851dc9503f9cc9150e73dcb0a86ba6150657e5e4b11d988400bc633?s=96&d=mm&r=g\",\"caption\":\"Fanny Pimentel\"}}]}<\/script>\n<!-- \/ Yoast SEO plugin. -->","yoast_head_json":{"title":"Zoom sur Esch-sur-Alzette: la commune \u00e0 l\u2019heure des d\u00e9fis | atHome","description":"Disposant de peu d\u2019espace pour continuer \u00e0 se d\u00e9velopper, Esch-sur-Alzette, deuxi\u00e8me ville du Grand-Duch\u00e9, doit faire des choix intelligents.","robots":{"index":"index","follow":"follow","max-snippet":"max-snippet:-1","max-image-preview":"max-image-preview:large","max-video-preview":"max-video-preview:-1"},"canonical":"https:\/\/www.athome.lu\/blog\/marche-immobilier\/villes\/esch-sur-alzette-a-lheure-des-defis\/","og_locale":"fr_FR","og_type":"article","og_title":"Zoom sur Esch-sur-Alzette: la commune \u00e0 l\u2019heure des d\u00e9fis | atHome","og_description":"Disposant de peu d\u2019espace pour continuer \u00e0 se d\u00e9velopper, Esch-sur-Alzette, deuxi\u00e8me ville du Grand-Duch\u00e9, doit faire des choix intelligents.","og_url":"https:\/\/www.athome.lu\/blog\/marche-immobilier\/villes\/esch-sur-alzette-a-lheure-des-defis\/","og_site_name":"atHome Blog","article_publisher":"https:\/\/www.facebook.com\/atHome.lu\/","article_published_time":"2018-06-11T07:07:27+00:00","article_modified_time":"2022-05-11T15:12:19+00:00","og_image":[{"width":1200,"height":800,"url":"https:\/\/www.athome.lu\/blog\/wp-content\/uploads\/2018\/06\/esch2018.jpg","type":"image\/jpeg"}],"author":"Fanny Pimentel","twitter_card":"summary_large_image","twitter_creator":"@athomelu","twitter_site":"@athomelu","twitter_misc":{"\u00c9crit par":"Fanny Pimentel","Dur\u00e9e de lecture estim\u00e9e":"5 minutes"},"schema":{"@context":"https:\/\/schema.org","@graph":[{"@type":"Article","@id":"https:\/\/www.athome.lu\/blog\/marche-immobilier\/villes\/esch-sur-alzette-a-lheure-des-defis\/#article","isPartOf":{"@id":"https:\/\/www.athome.lu\/blog\/marche-immobilier\/villes\/esch-sur-alzette-a-lheure-des-defis\/"},"author":{"name":"Fanny Pimentel","@id":"https:\/\/www.athome.lu\/blog\/#\/schema\/person\/47f7a38089f837e792876ceddc4cb2dc"},"headline":"Esch-sur-Alzette \u00e0 l\u2019heure des d\u00e9fis","datePublished":"2018-06-11T07:07:27+00:00","dateModified":"2022-05-11T15:12:19+00:00","mainEntityOfPage":{"@id":"https:\/\/www.athome.lu\/blog\/marche-immobilier\/villes\/esch-sur-alzette-a-lheure-des-defis\/"},"wordCount":1023,"image":{"@id":"https:\/\/www.athome.lu\/blog\/marche-immobilier\/villes\/esch-sur-alzette-a-lheure-des-defis\/#primaryimage"},"thumbnailUrl":"https:\/\/www.athome.lu\/blog\/wp-content\/uploads\/2018\/06\/esch2018.jpg","articleSection":["Villes"],"inLanguage":"fr-FR"},{"@type":"WebPage","@id":"https:\/\/www.athome.lu\/blog\/marche-immobilier\/villes\/esch-sur-alzette-a-lheure-des-defis\/","url":"https:\/\/www.athome.lu\/blog\/marche-immobilier\/villes\/esch-sur-alzette-a-lheure-des-defis\/","name":"Zoom sur Esch-sur-Alzette: la commune \u00e0 l\u2019heure des d\u00e9fis | atHome","isPartOf":{"@id":"https:\/\/www.athome.lu\/blog\/#website"},"primaryImageOfPage":{"@id":"https:\/\/www.athome.lu\/blog\/marche-immobilier\/villes\/esch-sur-alzette-a-lheure-des-defis\/#primaryimage"},"image":{"@id":"https:\/\/www.athome.lu\/blog\/marche-immobilier\/villes\/esch-sur-alzette-a-lheure-des-defis\/#primaryimage"},"thumbnailUrl":"https:\/\/www.athome.lu\/blog\/wp-content\/uploads\/2018\/06\/esch2018.jpg","datePublished":"2018-06-11T07:07:27+00:00","dateModified":"2022-05-11T15:12:19+00:00","author":{"@id":"https:\/\/www.athome.lu\/blog\/#\/schema\/person\/47f7a38089f837e792876ceddc4cb2dc"},"description":"Disposant de peu d\u2019espace pour continuer \u00e0 se d\u00e9velopper, Esch-sur-Alzette, deuxi\u00e8me ville du Grand-Duch\u00e9, doit faire des choix intelligents.","breadcrumb":{"@id":"https:\/\/www.athome.lu\/blog\/marche-immobilier\/villes\/esch-sur-alzette-a-lheure-des-defis\/#breadcrumb"},"inLanguage":"fr-FR","potentialAction":[{"@type":"ReadAction","target":["https:\/\/www.athome.lu\/blog\/marche-immobilier\/villes\/esch-sur-alzette-a-lheure-des-defis\/"]}]},{"@type":"ImageObject","inLanguage":"fr-FR","@id":"https:\/\/www.athome.lu\/blog\/marche-immobilier\/villes\/esch-sur-alzette-a-lheure-des-defis\/#primaryimage","url":"https:\/\/www.athome.lu\/blog\/wp-content\/uploads\/2018\/06\/esch2018.jpg","contentUrl":"https:\/\/www.athome.lu\/blog\/wp-content\/uploads\/2018\/06\/esch2018.jpg","width":1200,"height":800,"caption":"Vivre \u00e0 Esch-sur-Alzette"},{"@type":"BreadcrumbList","@id":"https:\/\/www.athome.lu\/blog\/marche-immobilier\/villes\/esch-sur-alzette-a-lheure-des-defis\/#breadcrumb","itemListElement":[{"@type":"ListItem","position":1,"name":"Accueil","item":"https:\/\/www.athome.lu\/blog\/"},{"@type":"ListItem","position":2,"name":"March\u00e9 immobilier","item":"https:\/\/www.athome.lu\/blog\/category\/marche-immobilier\/"},{"@type":"ListItem","position":3,"name":"Villes","item":"https:\/\/www.athome.lu\/blog\/category\/marche-immobilier\/villes\/"},{"@type":"ListItem","position":4,"name":"Esch-sur-Alzette \u00e0 l\u2019heure des d\u00e9fis"}]},{"@type":"WebSite","@id":"https:\/\/www.athome.lu\/blog\/#website","url":"https:\/\/www.athome.lu\/blog\/","name":"atHome Blog","description":"Annonces immobili\u00e8res au Luxembourg. Le portail immobilier n\u00b01 au Luxembourg.","potentialAction":[{"@type":"SearchAction","target":{"@type":"EntryPoint","urlTemplate":"https:\/\/www.athome.lu\/blog\/?s={search_term_string}"},"query-input":{"@type":"PropertyValueSpecification","valueRequired":true,"valueName":"search_term_string"}}],"inLanguage":"fr-FR"},{"@type":"Person","@id":"https:\/\/www.athome.lu\/blog\/#\/schema\/person\/47f7a38089f837e792876ceddc4cb2dc","name":"Fanny Pimentel","image":{"@type":"ImageObject","inLanguage":"fr-FR","@id":"https:\/\/secure.gravatar.com\/avatar\/c60b27b93851dc9503f9cc9150e73dcb0a86ba6150657e5e4b11d988400bc633?s=96&d=mm&r=g","url":"https:\/\/secure.gravatar.com\/avatar\/c60b27b93851dc9503f9cc9150e73dcb0a86ba6150657e5e4b11d988400bc633?s=96&d=mm&r=g","contentUrl":"https:\/\/secure.gravatar.com\/avatar\/c60b27b93851dc9503f9cc9150e73dcb0a86ba6150657e5e4b11d988400bc633?s=96&d=mm&r=g","caption":"Fanny Pimentel"}}]}},"featured_media_src_url":"https:\/\/www.athome.lu\/blog\/wp-content\/uploads\/2018\/06\/esch2018-1024x683.jpg","_links":{"self":[{"href":"https:\/\/www.athome.lu\/blog\/wp-json\/wp\/v2\/posts\/11335","targetHints":{"allow":["GET"]}}],"collection":[{"href":"https:\/\/www.athome.lu\/blog\/wp-json\/wp\/v2\/posts"}],"about":[{"href":"https:\/\/www.athome.lu\/blog\/wp-json\/wp\/v2\/types\/post"}],"author":[{"embeddable":true,"href":"https:\/\/www.athome.lu\/blog\/wp-json\/wp\/v2\/users\/17"}],"replies":[{"embeddable":true,"href":"https:\/\/www.athome.lu\/blog\/wp-json\/wp\/v2\/comments?post=11335"}],"version-history":[{"count":2,"href":"https:\/\/www.athome.lu\/blog\/wp-json\/wp\/v2\/posts\/11335\/revisions"}],"predecessor-version":[{"id":15131,"href":"https:\/\/www.athome.lu\/blog\/wp-json\/wp\/v2\/posts\/11335\/revisions\/15131"}],"wp:featuredmedia":[{"embeddable":true,"href":"https:\/\/www.athome.lu\/blog\/wp-json\/wp\/v2\/media\/11336"}],"wp:attachment":[{"href":"https:\/\/www.athome.lu\/blog\/wp-json\/wp\/v2\/media?parent=11335"}],"wp:term":[{"taxonomy":"category","embeddable":true,"href":"https:\/\/www.athome.lu\/blog\/wp-json\/wp\/v2\/categories?post=11335"},{"taxonomy":"post_tag","embeddable":true,"href":"https:\/\/www.athome.lu\/blog\/wp-json\/wp\/v2\/tags?post=11335"}],"curies":[{"name":"wp","href":"https:\/\/api.w.org\/{rel}","templated":true}]}}