{"id":11455,"date":"2018-08-02T08:18:25","date_gmt":"2018-08-02T07:18:25","guid":{"rendered":"https:\/\/www.athome.lu\/blog\/?p=11455"},"modified":"2022-05-11T17:06:04","modified_gmt":"2022-05-11T15:06:04","slug":"lorentzweiler-une-commune-dynamique","status":"publish","type":"post","link":"https:\/\/www.athome.lu\/blog\/marche-immobilier\/villes\/lorentzweiler-une-commune-dynamique\/","title":{"rendered":"Lorentzweiler, une commune dynamique"},"content":{"rendered":"\n<p><span style=\"color: #000000;\">Situ\u00e9e \u00e0 quelques kilom\u00e8tres seulement de la capitale, la commune de Lorentzweiler jouit d\u2019une position g\u00e9ographique id\u00e9ale tout en offrant calme et s\u00e9r\u00e9nit\u00e9 \u00e0 ses habitants. Ses excellentes connexions aux transports publics et ses nombreuses infrastructures scolaires figurent parmi ses principaux atouts et en font un lieu de vie tr\u00e8s pris\u00e9.<\/span><\/p>\n\n\n\n<p><span style=\"color: #000000;\">Compos\u00e9e des localit\u00e9s de Lorentzweiler, Helmdange, Bofferdange, Blaschette\/Asselscheuer et Hunsdof, la commune dispose d\u2019une superficie de 17,45 km<sup>2<\/sup>. Petite par sa taille, elle compte toutefois 4000 habitants sur l\u2019ensemble de son territoire, soit une densit\u00e9 de population l\u00e9g\u00e8rement sup\u00e9rieure \u00e0 200 habitants par kilom\u00e8tre carr\u00e9.<\/span><\/p>\n\n\n\n<h2 class=\"wp-block-heading\"><span style=\"color: #000000;\"><strong>Une population qui augmente<\/strong><\/span><\/h2>\n\n\n\n<p><span style=\"color: #000000;\">Si elle ne fait pas partie des communes les plus dens\u00e9ment peupl\u00e9es, Lorentzweiler voit sa population augmenter progressivement. \u00ab&nbsp;<em>La population augmente d\u2019environ 100 personnes par an. Elle est compos\u00e9e \u00e0 61 % de Luxembourgeois et 39 % d\u2019\u00e9trangers dont majoritairement des Portugais. Nous comptons de plus en plus de jeunes&nbsp;<\/em>\u00bb, explique Jos Roller, bourgmestre depuis 30 ans. Sa proximit\u00e9 avec Luxembourg-Ville et le plateau du Kirchberg n\u2019est pas pour rien dans cette augmentation puisque beaucoup d\u2019habitants de la commune travaillent dans la capitale.<\/span><\/p>\n\n\n\n<div class=\"wp-block-image\"><figure class=\"aligncenter\"><a href=\"https:\/\/www.athome.lu\/blog\/blog\/wp-content\/uploads\/2018\/08\/lorentzweiler4.jpg\"><img loading=\"lazy\" decoding=\"async\" width=\"1024\" height=\"683\" src=\"https:\/\/www.athome.lu\/blog\/blog\/wp-content\/uploads\/2018\/08\/lorentzweiler4-1024x683.jpg\" alt=\"Immobilier \u00e0 Lorentzweiler\" class=\"wp-image-11459\" srcset=\"https:\/\/www.athome.lu\/blog\/wp-content\/uploads\/2018\/08\/lorentzweiler4-1024x683.jpg 1024w, https:\/\/www.athome.lu\/blog\/wp-content\/uploads\/2018\/08\/lorentzweiler4-300x200.jpg 300w, https:\/\/www.athome.lu\/blog\/wp-content\/uploads\/2018\/08\/lorentzweiler4-768x512.jpg 768w, https:\/\/www.athome.lu\/blog\/wp-content\/uploads\/2018\/08\/lorentzweiler4-18x12.jpg 18w, https:\/\/www.athome.lu\/blog\/wp-content\/uploads\/2018\/08\/lorentzweiler4.jpg 1200w\" sizes=\"auto, (max-width: 1024px) 100vw, 1024px\" \/><\/a><\/figure><\/div>\n\n\n\n<p><span style=\"color: #000000;\">Pour r\u00e9pondre \u00e0 sa population croissante et \u00e0 l\u2019augmentation du prix de l\u2019immobilier, la commune mise sur la cr\u00e9ation de gros lotissements mixtes compos\u00e9s essentiellement d\u2019appartements. \u00ab<em>&nbsp;Nous essayons d\u2019avoir de la mixit\u00e9 mais nous construisons principalement des maisons \u00e0 appartements. Beaucoup de personnes \u00e2g\u00e9es ont vendu leur maison pour venir vivre en appartement. <\/em>\u00bb<\/span><\/p>\n\n\n\n<h2 class=\"wp-block-heading\"><span style=\"color: #000000;\"><strong>Une mobilit\u00e9 renforc\u00e9e<\/strong><\/span><\/h2>\n\n\n\n<p><span style=\"color: #000000;\">Lorentzweiler peut compter sur d\u2019excellentes connexions pour relier la capitale comme la ligne de train num\u00e9ro 10 qui joint le nord du pays \u00e0 Luxembourg. \u00ab&nbsp;<em>Nous sommes bien desservis. La gare se trouve \u00e0 c\u00f4t\u00e9 de la mairie&nbsp;<\/em>\u00bb, pr\u00e9cise le bourgmestre. Plusieurs lignes de bus traversent la commune. \u00ab&nbsp;<em>Nous avons par exemple la ligne de bus 290 qui relie Mersch \u00e0 Luxembourg-Ville. L\u2019autoroute du Nord passe \u00e9galement \u00e0 proximit\u00e9&nbsp;<\/em>\u00bb, poursuit-il. Comme chaque commune proche de la capitale, Lorentzweiler conna\u00eet le revers de la m\u00e9daille<em>&nbsp;: \u00ab&nbsp;le trafic est important et les places de parking manquent&nbsp;<\/em>\u00bb, souligne Jos Roller.<\/span><\/p>\n\n\n\n<div class=\"wp-block-image\"><figure class=\"aligncenter\"><a href=\"https:\/\/www.athome.lu\/blog\/blog\/wp-content\/uploads\/2018\/08\/lorentzweiller.jpg\"><img loading=\"lazy\" decoding=\"async\" width=\"1024\" height=\"683\" src=\"https:\/\/www.athome.lu\/blog\/blog\/wp-content\/uploads\/2018\/08\/lorentzweiller-1024x683.jpg\" alt=\"Gare de Lorentzweiler\" class=\"wp-image-11460\" srcset=\"https:\/\/www.athome.lu\/blog\/wp-content\/uploads\/2018\/08\/lorentzweiller-1024x683.jpg 1024w, https:\/\/www.athome.lu\/blog\/wp-content\/uploads\/2018\/08\/lorentzweiller-300x200.jpg 300w, https:\/\/www.athome.lu\/blog\/wp-content\/uploads\/2018\/08\/lorentzweiller-768x512.jpg 768w, https:\/\/www.athome.lu\/blog\/wp-content\/uploads\/2018\/08\/lorentzweiller-18x12.jpg 18w, https:\/\/www.athome.lu\/blog\/wp-content\/uploads\/2018\/08\/lorentzweiller.jpg 1200w\" sizes=\"auto, (max-width: 1024px) 100vw, 1024px\" \/><\/a><\/figure><\/div>\n\n\n\n<p><span style=\"color: #000000;\">Apr\u00e8s la construction d\u2019un contournement \u00e0 l\u2019entr\u00e9e nord de Lorentzweiler, la commune pr\u00e9voit un r\u00e9am\u00e9nagement de la route nationale avec espaces cyclables et emplacements de parking collectifs. La commune veut fluidifier le trafic. \u00ab<em>&nbsp;Le passage \u00e0 niveau pose probl\u00e8me, surtout en heure de pointe. Les bus de transport scolaire y passent. Nous voulons supprimer le passage \u00e0 niveau et cr\u00e9er un passage sous-terrain \u00e0 partir du giratoire pour la fin de l\u2019ann\u00e9e&nbsp;<\/em>\u00bb, indique le bourgmestre.<\/span><\/p>\n\n\n\n<p><span style=\"color: #000000;\">Les amateurs de mobilit\u00e9 douce peuvent \u00e9galement rejoindre le centre-ville gr\u00e2ce \u00e0 la piste cyclable de l\u2019Alzette qui traverse la commune mais aussi des sentiers comme le sentier de l\u2019Alzette et le sentier Op Kuelent.&nbsp;<\/span><\/p>\n\n\n\n<h2 class=\"wp-block-heading\"><span style=\"color: #000000;\"><strong>Des infrastructures pour tous les \u00e2ges<\/strong><\/span><\/h2>\n\n\n\n<p><span style=\"color: #000000;\">Lorentzweiler est une commune agr\u00e9able, proche de la ville, mais qui conserve son \u00e9crin de verdure. La commune peut compter sur les nombreuses infrastructures de qualit\u00e9 qu\u2019elle a d\u00e9velopp\u00e9es pour garantir la qualit\u00e9 de vie. \u00ab&nbsp;<em>Beaucoup de jeunes m\u00e9nages s\u2019installent dans la commune car nous avons de bonnes infrastructures, surtout pour les enfants. Tous les b\u00e2timents sont rassembl\u00e9s sur un m\u00eame site. L\u2019\u00e9cole fondamentale (pr\u00e9coce, pr\u00e9scolaire et primaire confondus) accueille actuellement 310 \u00e9l\u00e8ves et cela va encore augmenter dans les prochaines ann\u00e9es&nbsp;<\/em>\u00bb, confie Jos Roller. Sur le complexe scolaire Jos Wohlfart se trouvent \u00e9galement la maison-relais, la cr\u00e8che, le hall omnisports et des terrains multisports.<\/span><\/p>\n\n\n\n<div class=\"wp-block-image\"><figure class=\"aligncenter\"><a href=\"https:\/\/www.athome.lu\/blog\/blog\/wp-content\/uploads\/2018\/08\/lorentzweiler5.jpg\"><img loading=\"lazy\" decoding=\"async\" width=\"1024\" height=\"683\" src=\"https:\/\/www.athome.lu\/blog\/blog\/wp-content\/uploads\/2018\/08\/lorentzweiler5-1024x683.jpg\" alt=\"Infrastructures \u00e0 Lorentzweiler\" class=\"wp-image-11461\" srcset=\"https:\/\/www.athome.lu\/blog\/wp-content\/uploads\/2018\/08\/lorentzweiler5-1024x683.jpg 1024w, https:\/\/www.athome.lu\/blog\/wp-content\/uploads\/2018\/08\/lorentzweiler5-300x200.jpg 300w, https:\/\/www.athome.lu\/blog\/wp-content\/uploads\/2018\/08\/lorentzweiler5-768x512.jpg 768w, https:\/\/www.athome.lu\/blog\/wp-content\/uploads\/2018\/08\/lorentzweiler5-18x12.jpg 18w, https:\/\/www.athome.lu\/blog\/wp-content\/uploads\/2018\/08\/lorentzweiler5.jpg 1200w\" sizes=\"auto, (max-width: 1024px) 100vw, 1024px\" \/><\/a><\/figure><\/div>\n\n\n\n<p><span style=\"color: #000000;\">La commune compte \u00e9galement sur son territoire une salle des f\u00eates, un centre culturel, une maison de Jeunes An der Sonn, des terrains de football et tennis et plusieurs salles polyvalentes.<\/span><\/p>\n\n\n\n<p><span style=\"color: #000000;\">Lorentzweiler entend offrir des distractions et loisirs \u00e0 toutes les classes d\u2019\u00e2ges. Les a\u00een\u00e9s ne sont donc pas oubli\u00e9s. Dans la localit\u00e9 de Bofferdange, une maison de retraite accueille les seniors de la commune.<\/span><\/p>\n\n\n\n<h2 class=\"wp-block-heading\"><span style=\"color: #000000;\"><strong>Des projets en nombre<\/strong><\/span><\/h2>\n\n\n\n<p><span style=\"color: #000000;\">La commune a tenu \u00e0 am\u00e9liorer ses infrastructures, \u00e0 commencer par la mairie il y a dix ans mais aussi plus r\u00e9cemment avec un nouveau r\u00e9servoir d\u2019eau potable \u00e0 Blaschette permettant l\u2019augmentation de la pression d\u2019eau et une r\u00e9serve garantie. \u00ab&nbsp;<em>Nos bassins de Bofferdange, Lorentzweiler et Blaschette sont reli\u00e9s \u00e0 la SEBES&nbsp;<\/em>\u00bb, pr\u00e9cise le bourgmestre. Lorentzweiler s\u2019est \u00e9galement dot\u00e9 d\u2019un nouveau hall sportif inaugur\u00e9 en 2017. Il comprend un local de stockage, un bloc sanitaire, une buvette et des gradins pour 500 spectateurs. Au sous-sol, le b\u00e2timent accueille quatre grands vestiaires et deux plus petits avec douche ainsi que deux salles de musculation et des locaux pour la m\u00e9decine scolaire. La partie destin\u00e9e \u00e0 l\u2019enseignement abrite cinq salles de classe et trois salles interm\u00e9diaires dont une pour les cours de l\u2019\u00e9cole de musique.<\/span><\/p>\n\n\n\n<div class=\"wp-block-image\"><figure class=\"aligncenter\"><a href=\"https:\/\/www.athome.lu\/blog\/blog\/wp-content\/uploads\/2018\/08\/lorentzweiler3.jpg\"><img loading=\"lazy\" decoding=\"async\" width=\"1024\" height=\"683\" src=\"https:\/\/www.athome.lu\/blog\/blog\/wp-content\/uploads\/2018\/08\/lorentzweiler3-1024x683.jpg\" alt=\"Mairie de Lorentzweiler\" class=\"wp-image-11458\" srcset=\"https:\/\/www.athome.lu\/blog\/wp-content\/uploads\/2018\/08\/lorentzweiler3-1024x683.jpg 1024w, https:\/\/www.athome.lu\/blog\/wp-content\/uploads\/2018\/08\/lorentzweiler3-300x200.jpg 300w, https:\/\/www.athome.lu\/blog\/wp-content\/uploads\/2018\/08\/lorentzweiler3-768x512.jpg 768w, https:\/\/www.athome.lu\/blog\/wp-content\/uploads\/2018\/08\/lorentzweiler3-18x12.jpg 18w, https:\/\/www.athome.lu\/blog\/wp-content\/uploads\/2018\/08\/lorentzweiler3.jpg 1200w\" sizes=\"auto, (max-width: 1024px) 100vw, 1024px\" \/><\/a><\/figure><\/div>\n\n\n\n<p><span style=\"color: #000000;\">Le bourgmestre ne compte pas s\u2019arr\u00eater en si bon chemin. \u00ab<em>&nbsp;Nous pr\u00e9voyons d\u2019agrandir la cr\u00e8che et la maison-relais avec un second b\u00e2timent pour celle-ci. Nous voulons \u00e9galement am\u00e9liorer les infrastructures sportives. Nous voulons cr\u00e9er un concept g\u00e9n\u00e9ral pour la d\u00e9tente avec aire de jeux et de fitness, espace pour skateboard. Nous allons aussi cr\u00e9er une nouvelle salle de r\u00e9p\u00e9tition pour notre fanfare de 75 musiciens. L\u2019ancienne \u00e9cole de Bofferdange \u00e9tait devenue trop petite&nbsp;<\/em>\u00bb, assure Jos Roller. &nbsp;<\/span><\/p>\n\n\n\n<p><span style=\"color: #000000;\">L\u2019extension de la maison de jeunes et du club senior Uelzechtdall est aussi pr\u00e9vue pour am\u00e9liorer et diversifier l\u2019offre. \u00ab<em>\u00a0L\u2019ancien hangar de la boucherie\u00a0va \u00eatre d\u00e9moli. Une passerelle permettra de relier les deux b\u00e2timents <\/em>\u00bb, conclut le bourgmestre.<\/span><\/p>\n\n\n<section id=\"section-3-14695\" class=\" ct-section\" ><div class=\"ct-section-inner-wrap\"><div id=\"div_block-4-14695\" class=\"ct-div-block\" ><div id=\"new_columns-7-14695\" class=\"ct-new-columns\" ><div id=\"div_block-8-14695\" class=\"ct-div-block\" ><div id=\"div_block-14-14695\" class=\"ct-div-block\" ><\/div><\/div><div id=\"div_block-9-14695\" class=\"ct-div-block\" ><h1 id=\"headline-11-14695\" class=\"ct-headline\">Quels sont les prix de l'immobilier en ce moment ?<\/h1><div id=\"text_block-12-14695\" class=\"ct-text-block\" >Les prix ralentissent. Les taux d'int\u00e9r\u00eat augmentent. Quelles tendances pour les mois \u00e0 venir ?<\/div><a id=\"link_button-13-14695\" class=\"ct-link-button\" href=\"https:\/\/www.athome.lu\/blog\/blog\/marche-immobilier\/prix\/tendances-2022\/\" target=\"_blank\"  >Lire l'analyse<\/a><\/div><\/div><\/div><\/div><\/section>","protected":false},"excerpt":{"rendered":"<p>Situ\u00e9e \u00e0 quelques kilom\u00e8tres seulement de la capitale, la commune de Lorentzweiler jouit d\u2019une position g\u00e9ographique id\u00e9ale tout en offrant calme et s\u00e9r\u00e9nit\u00e9 \u00e0 ses habitants. Ses excellentes connexions aux transports publics et ses nombreuses infrastructures scolaires figurent parmi ses principaux atouts et en font un lieu de vie tr\u00e8s pris\u00e9. Compos\u00e9e des localit\u00e9s de [&hellip;]<\/p>\n","protected":false},"author":17,"featured_media":11457,"comment_status":"closed","ping_status":"open","sticky":false,"template":"","format":"standard","meta":{"_acf_changed":false,"footnotes":""},"categories":[218],"tags":[],"class_list":["post-11455","post","type-post","status-publish","format-standard","has-post-thumbnail","hentry","category-villes"],"acf":[],"yoast_head":"<!-- This site is optimized with the Yoast SEO plugin v27.4 - https:\/\/yoast.com\/product\/yoast-seo-wordpress\/ -->\n<title>Lorentzweiler, une commune dynamique | atHome<\/title>\n<meta name=\"description\" content=\"Situ\u00e9e \u00e0 quelques kilom\u00e8tres de la capitale, Lorentzweiler jouit d\u2019une position g\u00e9ographique id\u00e9ale et calme et s\u00e9r\u00e9nit\u00e9 \u00e0 ses habitants.\" \/>\n<meta name=\"robots\" content=\"index, follow, max-snippet:-1, max-image-preview:large, max-video-preview:-1\" \/>\n<link rel=\"canonical\" href=\"https:\/\/www.athome.lu\/blog\/marche-immobilier\/villes\/lorentzweiler-une-commune-dynamique\/\" \/>\n<meta property=\"og:locale\" content=\"fr_FR\" \/>\n<meta property=\"og:type\" content=\"article\" \/>\n<meta property=\"og:title\" content=\"Lorentzweiler, une commune dynamique | atHome\" \/>\n<meta property=\"og:description\" content=\"Situ\u00e9e \u00e0 quelques kilom\u00e8tres de la capitale, Lorentzweiler jouit d\u2019une position g\u00e9ographique id\u00e9ale et calme et s\u00e9r\u00e9nit\u00e9 \u00e0 ses habitants.\" \/>\n<meta property=\"og:url\" content=\"https:\/\/www.athome.lu\/blog\/marche-immobilier\/villes\/lorentzweiler-une-commune-dynamique\/\" \/>\n<meta property=\"og:site_name\" content=\"atHome Blog\" \/>\n<meta property=\"article:publisher\" content=\"https:\/\/www.facebook.com\/atHome.lu\/\" \/>\n<meta property=\"article:published_time\" content=\"2018-08-02T07:18:25+00:00\" \/>\n<meta property=\"article:modified_time\" content=\"2022-05-11T15:06:04+00:00\" \/>\n<meta property=\"og:image\" content=\"https:\/\/www.athome.lu\/blog\/wp-content\/uploads\/2018\/08\/lorentzweiler2.jpg\" \/>\n\t<meta property=\"og:image:width\" content=\"1200\" \/>\n\t<meta property=\"og:image:height\" content=\"800\" \/>\n\t<meta property=\"og:image:type\" content=\"image\/jpeg\" \/>\n<meta name=\"author\" content=\"Fanny Pimentel\" \/>\n<meta name=\"twitter:card\" content=\"summary_large_image\" \/>\n<meta name=\"twitter:creator\" content=\"@athomelu\" \/>\n<meta name=\"twitter:site\" content=\"@athomelu\" \/>\n<meta name=\"twitter:label1\" content=\"\u00c9crit par\" \/>\n\t<meta name=\"twitter:data1\" content=\"Fanny Pimentel\" \/>\n\t<meta name=\"twitter:label2\" content=\"Dur\u00e9e de lecture estim\u00e9e\" \/>\n\t<meta name=\"twitter:data2\" content=\"6 minutes\" \/>\n<script type=\"application\/ld+json\" class=\"yoast-schema-graph\">{\"@context\":\"https:\\\/\\\/schema.org\",\"@graph\":[{\"@type\":\"Article\",\"@id\":\"https:\\\/\\\/www.athome.lu\\\/blog\\\/marche-immobilier\\\/villes\\\/lorentzweiler-une-commune-dynamique\\\/#article\",\"isPartOf\":{\"@id\":\"https:\\\/\\\/www.athome.lu\\\/blog\\\/marche-immobilier\\\/villes\\\/lorentzweiler-une-commune-dynamique\\\/\"},\"author\":{\"name\":\"Fanny Pimentel\",\"@id\":\"https:\\\/\\\/www.athome.lu\\\/blog\\\/#\\\/schema\\\/person\\\/47f7a38089f837e792876ceddc4cb2dc\"},\"headline\":\"Lorentzweiler, une commune dynamique\",\"datePublished\":\"2018-08-02T07:18:25+00:00\",\"dateModified\":\"2022-05-11T15:06:04+00:00\",\"mainEntityOfPage\":{\"@id\":\"https:\\\/\\\/www.athome.lu\\\/blog\\\/marche-immobilier\\\/villes\\\/lorentzweiler-une-commune-dynamique\\\/\"},\"wordCount\":973,\"image\":{\"@id\":\"https:\\\/\\\/www.athome.lu\\\/blog\\\/marche-immobilier\\\/villes\\\/lorentzweiler-une-commune-dynamique\\\/#primaryimage\"},\"thumbnailUrl\":\"https:\\\/\\\/www.athome.lu\\\/blog\\\/wp-content\\\/uploads\\\/2018\\\/08\\\/lorentzweiler2.jpg\",\"articleSection\":[\"Villes\"],\"inLanguage\":\"fr-FR\"},{\"@type\":\"WebPage\",\"@id\":\"https:\\\/\\\/www.athome.lu\\\/blog\\\/marche-immobilier\\\/villes\\\/lorentzweiler-une-commune-dynamique\\\/\",\"url\":\"https:\\\/\\\/www.athome.lu\\\/blog\\\/marche-immobilier\\\/villes\\\/lorentzweiler-une-commune-dynamique\\\/\",\"name\":\"Lorentzweiler, une commune dynamique | atHome\",\"isPartOf\":{\"@id\":\"https:\\\/\\\/www.athome.lu\\\/blog\\\/#website\"},\"primaryImageOfPage\":{\"@id\":\"https:\\\/\\\/www.athome.lu\\\/blog\\\/marche-immobilier\\\/villes\\\/lorentzweiler-une-commune-dynamique\\\/#primaryimage\"},\"image\":{\"@id\":\"https:\\\/\\\/www.athome.lu\\\/blog\\\/marche-immobilier\\\/villes\\\/lorentzweiler-une-commune-dynamique\\\/#primaryimage\"},\"thumbnailUrl\":\"https:\\\/\\\/www.athome.lu\\\/blog\\\/wp-content\\\/uploads\\\/2018\\\/08\\\/lorentzweiler2.jpg\",\"datePublished\":\"2018-08-02T07:18:25+00:00\",\"dateModified\":\"2022-05-11T15:06:04+00:00\",\"author\":{\"@id\":\"https:\\\/\\\/www.athome.lu\\\/blog\\\/#\\\/schema\\\/person\\\/47f7a38089f837e792876ceddc4cb2dc\"},\"description\":\"Situ\u00e9e \u00e0 quelques kilom\u00e8tres de la capitale, Lorentzweiler jouit d\u2019une position g\u00e9ographique id\u00e9ale et calme et s\u00e9r\u00e9nit\u00e9 \u00e0 ses habitants.\",\"breadcrumb\":{\"@id\":\"https:\\\/\\\/www.athome.lu\\\/blog\\\/marche-immobilier\\\/villes\\\/lorentzweiler-une-commune-dynamique\\\/#breadcrumb\"},\"inLanguage\":\"fr-FR\",\"potentialAction\":[{\"@type\":\"ReadAction\",\"target\":[\"https:\\\/\\\/www.athome.lu\\\/blog\\\/marche-immobilier\\\/villes\\\/lorentzweiler-une-commune-dynamique\\\/\"]}]},{\"@type\":\"ImageObject\",\"inLanguage\":\"fr-FR\",\"@id\":\"https:\\\/\\\/www.athome.lu\\\/blog\\\/marche-immobilier\\\/villes\\\/lorentzweiler-une-commune-dynamique\\\/#primaryimage\",\"url\":\"https:\\\/\\\/www.athome.lu\\\/blog\\\/wp-content\\\/uploads\\\/2018\\\/08\\\/lorentzweiler2.jpg\",\"contentUrl\":\"https:\\\/\\\/www.athome.lu\\\/blog\\\/wp-content\\\/uploads\\\/2018\\\/08\\\/lorentzweiler2.jpg\",\"width\":1200,\"height\":800,\"caption\":\"Lorentzweiler, Luxembourg\"},{\"@type\":\"BreadcrumbList\",\"@id\":\"https:\\\/\\\/www.athome.lu\\\/blog\\\/marche-immobilier\\\/villes\\\/lorentzweiler-une-commune-dynamique\\\/#breadcrumb\",\"itemListElement\":[{\"@type\":\"ListItem\",\"position\":1,\"name\":\"Accueil\",\"item\":\"https:\\\/\\\/www.athome.lu\\\/blog\\\/\"},{\"@type\":\"ListItem\",\"position\":2,\"name\":\"March\u00e9 immobilier\",\"item\":\"https:\\\/\\\/www.athome.lu\\\/blog\\\/category\\\/marche-immobilier\\\/\"},{\"@type\":\"ListItem\",\"position\":3,\"name\":\"Villes\",\"item\":\"https:\\\/\\\/www.athome.lu\\\/blog\\\/category\\\/marche-immobilier\\\/villes\\\/\"},{\"@type\":\"ListItem\",\"position\":4,\"name\":\"Lorentzweiler, une commune dynamique\"}]},{\"@type\":\"WebSite\",\"@id\":\"https:\\\/\\\/www.athome.lu\\\/blog\\\/#website\",\"url\":\"https:\\\/\\\/www.athome.lu\\\/blog\\\/\",\"name\":\"atHome Blog\",\"description\":\"Annonces immobili\u00e8res au Luxembourg. Le portail immobilier n\u00b01 au Luxembourg.\",\"potentialAction\":[{\"@type\":\"SearchAction\",\"target\":{\"@type\":\"EntryPoint\",\"urlTemplate\":\"https:\\\/\\\/www.athome.lu\\\/blog\\\/?s={search_term_string}\"},\"query-input\":{\"@type\":\"PropertyValueSpecification\",\"valueRequired\":true,\"valueName\":\"search_term_string\"}}],\"inLanguage\":\"fr-FR\"},{\"@type\":\"Person\",\"@id\":\"https:\\\/\\\/www.athome.lu\\\/blog\\\/#\\\/schema\\\/person\\\/47f7a38089f837e792876ceddc4cb2dc\",\"name\":\"Fanny Pimentel\",\"image\":{\"@type\":\"ImageObject\",\"inLanguage\":\"fr-FR\",\"@id\":\"https:\\\/\\\/secure.gravatar.com\\\/avatar\\\/c60b27b93851dc9503f9cc9150e73dcb0a86ba6150657e5e4b11d988400bc633?s=96&d=mm&r=g\",\"url\":\"https:\\\/\\\/secure.gravatar.com\\\/avatar\\\/c60b27b93851dc9503f9cc9150e73dcb0a86ba6150657e5e4b11d988400bc633?s=96&d=mm&r=g\",\"contentUrl\":\"https:\\\/\\\/secure.gravatar.com\\\/avatar\\\/c60b27b93851dc9503f9cc9150e73dcb0a86ba6150657e5e4b11d988400bc633?s=96&d=mm&r=g\",\"caption\":\"Fanny Pimentel\"}}]}<\/script>\n<!-- \/ Yoast SEO plugin. -->","yoast_head_json":{"title":"Lorentzweiler, une commune dynamique | atHome","description":"Situ\u00e9e \u00e0 quelques kilom\u00e8tres de la capitale, Lorentzweiler jouit d\u2019une position g\u00e9ographique id\u00e9ale et calme et s\u00e9r\u00e9nit\u00e9 \u00e0 ses habitants.","robots":{"index":"index","follow":"follow","max-snippet":"max-snippet:-1","max-image-preview":"max-image-preview:large","max-video-preview":"max-video-preview:-1"},"canonical":"https:\/\/www.athome.lu\/blog\/marche-immobilier\/villes\/lorentzweiler-une-commune-dynamique\/","og_locale":"fr_FR","og_type":"article","og_title":"Lorentzweiler, une commune dynamique | atHome","og_description":"Situ\u00e9e \u00e0 quelques kilom\u00e8tres de la capitale, Lorentzweiler jouit d\u2019une position g\u00e9ographique id\u00e9ale et calme et s\u00e9r\u00e9nit\u00e9 \u00e0 ses habitants.","og_url":"https:\/\/www.athome.lu\/blog\/marche-immobilier\/villes\/lorentzweiler-une-commune-dynamique\/","og_site_name":"atHome Blog","article_publisher":"https:\/\/www.facebook.com\/atHome.lu\/","article_published_time":"2018-08-02T07:18:25+00:00","article_modified_time":"2022-05-11T15:06:04+00:00","og_image":[{"width":1200,"height":800,"url":"https:\/\/www.athome.lu\/blog\/wp-content\/uploads\/2018\/08\/lorentzweiler2.jpg","type":"image\/jpeg"}],"author":"Fanny Pimentel","twitter_card":"summary_large_image","twitter_creator":"@athomelu","twitter_site":"@athomelu","twitter_misc":{"\u00c9crit par":"Fanny Pimentel","Dur\u00e9e de lecture estim\u00e9e":"6 minutes"},"schema":{"@context":"https:\/\/schema.org","@graph":[{"@type":"Article","@id":"https:\/\/www.athome.lu\/blog\/marche-immobilier\/villes\/lorentzweiler-une-commune-dynamique\/#article","isPartOf":{"@id":"https:\/\/www.athome.lu\/blog\/marche-immobilier\/villes\/lorentzweiler-une-commune-dynamique\/"},"author":{"name":"Fanny Pimentel","@id":"https:\/\/www.athome.lu\/blog\/#\/schema\/person\/47f7a38089f837e792876ceddc4cb2dc"},"headline":"Lorentzweiler, une commune dynamique","datePublished":"2018-08-02T07:18:25+00:00","dateModified":"2022-05-11T15:06:04+00:00","mainEntityOfPage":{"@id":"https:\/\/www.athome.lu\/blog\/marche-immobilier\/villes\/lorentzweiler-une-commune-dynamique\/"},"wordCount":973,"image":{"@id":"https:\/\/www.athome.lu\/blog\/marche-immobilier\/villes\/lorentzweiler-une-commune-dynamique\/#primaryimage"},"thumbnailUrl":"https:\/\/www.athome.lu\/blog\/wp-content\/uploads\/2018\/08\/lorentzweiler2.jpg","articleSection":["Villes"],"inLanguage":"fr-FR"},{"@type":"WebPage","@id":"https:\/\/www.athome.lu\/blog\/marche-immobilier\/villes\/lorentzweiler-une-commune-dynamique\/","url":"https:\/\/www.athome.lu\/blog\/marche-immobilier\/villes\/lorentzweiler-une-commune-dynamique\/","name":"Lorentzweiler, une commune dynamique | atHome","isPartOf":{"@id":"https:\/\/www.athome.lu\/blog\/#website"},"primaryImageOfPage":{"@id":"https:\/\/www.athome.lu\/blog\/marche-immobilier\/villes\/lorentzweiler-une-commune-dynamique\/#primaryimage"},"image":{"@id":"https:\/\/www.athome.lu\/blog\/marche-immobilier\/villes\/lorentzweiler-une-commune-dynamique\/#primaryimage"},"thumbnailUrl":"https:\/\/www.athome.lu\/blog\/wp-content\/uploads\/2018\/08\/lorentzweiler2.jpg","datePublished":"2018-08-02T07:18:25+00:00","dateModified":"2022-05-11T15:06:04+00:00","author":{"@id":"https:\/\/www.athome.lu\/blog\/#\/schema\/person\/47f7a38089f837e792876ceddc4cb2dc"},"description":"Situ\u00e9e \u00e0 quelques kilom\u00e8tres de la capitale, Lorentzweiler jouit d\u2019une position g\u00e9ographique id\u00e9ale et calme et s\u00e9r\u00e9nit\u00e9 \u00e0 ses habitants.","breadcrumb":{"@id":"https:\/\/www.athome.lu\/blog\/marche-immobilier\/villes\/lorentzweiler-une-commune-dynamique\/#breadcrumb"},"inLanguage":"fr-FR","potentialAction":[{"@type":"ReadAction","target":["https:\/\/www.athome.lu\/blog\/marche-immobilier\/villes\/lorentzweiler-une-commune-dynamique\/"]}]},{"@type":"ImageObject","inLanguage":"fr-FR","@id":"https:\/\/www.athome.lu\/blog\/marche-immobilier\/villes\/lorentzweiler-une-commune-dynamique\/#primaryimage","url":"https:\/\/www.athome.lu\/blog\/wp-content\/uploads\/2018\/08\/lorentzweiler2.jpg","contentUrl":"https:\/\/www.athome.lu\/blog\/wp-content\/uploads\/2018\/08\/lorentzweiler2.jpg","width":1200,"height":800,"caption":"Lorentzweiler, Luxembourg"},{"@type":"BreadcrumbList","@id":"https:\/\/www.athome.lu\/blog\/marche-immobilier\/villes\/lorentzweiler-une-commune-dynamique\/#breadcrumb","itemListElement":[{"@type":"ListItem","position":1,"name":"Accueil","item":"https:\/\/www.athome.lu\/blog\/"},{"@type":"ListItem","position":2,"name":"March\u00e9 immobilier","item":"https:\/\/www.athome.lu\/blog\/category\/marche-immobilier\/"},{"@type":"ListItem","position":3,"name":"Villes","item":"https:\/\/www.athome.lu\/blog\/category\/marche-immobilier\/villes\/"},{"@type":"ListItem","position":4,"name":"Lorentzweiler, une commune dynamique"}]},{"@type":"WebSite","@id":"https:\/\/www.athome.lu\/blog\/#website","url":"https:\/\/www.athome.lu\/blog\/","name":"atHome Blog","description":"Annonces immobili\u00e8res au Luxembourg. Le portail immobilier n\u00b01 au Luxembourg.","potentialAction":[{"@type":"SearchAction","target":{"@type":"EntryPoint","urlTemplate":"https:\/\/www.athome.lu\/blog\/?s={search_term_string}"},"query-input":{"@type":"PropertyValueSpecification","valueRequired":true,"valueName":"search_term_string"}}],"inLanguage":"fr-FR"},{"@type":"Person","@id":"https:\/\/www.athome.lu\/blog\/#\/schema\/person\/47f7a38089f837e792876ceddc4cb2dc","name":"Fanny Pimentel","image":{"@type":"ImageObject","inLanguage":"fr-FR","@id":"https:\/\/secure.gravatar.com\/avatar\/c60b27b93851dc9503f9cc9150e73dcb0a86ba6150657e5e4b11d988400bc633?s=96&d=mm&r=g","url":"https:\/\/secure.gravatar.com\/avatar\/c60b27b93851dc9503f9cc9150e73dcb0a86ba6150657e5e4b11d988400bc633?s=96&d=mm&r=g","contentUrl":"https:\/\/secure.gravatar.com\/avatar\/c60b27b93851dc9503f9cc9150e73dcb0a86ba6150657e5e4b11d988400bc633?s=96&d=mm&r=g","caption":"Fanny Pimentel"}}]}},"featured_media_src_url":"https:\/\/www.athome.lu\/blog\/wp-content\/uploads\/2018\/08\/lorentzweiler2-1024x683.jpg","_links":{"self":[{"href":"https:\/\/www.athome.lu\/blog\/wp-json\/wp\/v2\/posts\/11455","targetHints":{"allow":["GET"]}}],"collection":[{"href":"https:\/\/www.athome.lu\/blog\/wp-json\/wp\/v2\/posts"}],"about":[{"href":"https:\/\/www.athome.lu\/blog\/wp-json\/wp\/v2\/types\/post"}],"author":[{"embeddable":true,"href":"https:\/\/www.athome.lu\/blog\/wp-json\/wp\/v2\/users\/17"}],"replies":[{"embeddable":true,"href":"https:\/\/www.athome.lu\/blog\/wp-json\/wp\/v2\/comments?post=11455"}],"version-history":[{"count":2,"href":"https:\/\/www.athome.lu\/blog\/wp-json\/wp\/v2\/posts\/11455\/revisions"}],"predecessor-version":[{"id":15116,"href":"https:\/\/www.athome.lu\/blog\/wp-json\/wp\/v2\/posts\/11455\/revisions\/15116"}],"wp:featuredmedia":[{"embeddable":true,"href":"https:\/\/www.athome.lu\/blog\/wp-json\/wp\/v2\/media\/11457"}],"wp:attachment":[{"href":"https:\/\/www.athome.lu\/blog\/wp-json\/wp\/v2\/media?parent=11455"}],"wp:term":[{"taxonomy":"category","embeddable":true,"href":"https:\/\/www.athome.lu\/blog\/wp-json\/wp\/v2\/categories?post=11455"},{"taxonomy":"post_tag","embeddable":true,"href":"https:\/\/www.athome.lu\/blog\/wp-json\/wp\/v2\/tags?post=11455"}],"curies":[{"name":"wp","href":"https:\/\/api.w.org\/{rel}","templated":true}]}}