{"id":11521,"date":"2018-09-13T08:43:49","date_gmt":"2018-09-13T07:43:49","guid":{"rendered":"https:\/\/www.athome.lu\/blog\/?p=11521"},"modified":"2022-05-11T16:57:05","modified_gmt":"2022-05-11T14:57:05","slug":"comment-habiller-un-mur-abime","status":"publish","type":"post","link":"https:\/\/www.athome.lu\/blog\/mon-logement\/travaux-renovation\/comment-habiller-un-mur-abime\/","title":{"rendered":"Comment habiller un mur ab\u00eem\u00e9 ?"},"content":{"rendered":"\n<p><span style=\"color: #000000;\">L\u2019un de vos murs est ab\u00eem\u00e9 et vous envisagez d\u2019entreprendre des travaux de plafonnage&nbsp;? Avant d\u2019employer les grands moyens, avez-vous pens\u00e9 \u00e0 le d\u00e9corer&nbsp;? Il existe de nombreuses fa\u00e7ons d\u2019habiller un mur ab\u00eem\u00e9. Voici nos pr\u00e9f\u00e9r\u00e9es\u2026<\/span><\/p>\n\n\n\n<h2 class=\"wp-block-heading\"><span style=\"color: #000000;\"><strong>Dissimuler un d\u00e9faut en hauteur sur un mur<\/strong><\/span><\/h2>\n\n\n\n<p><span style=\"color: #000000;\">Coup, peinture qui s\u2019\u00e9caille, trou\u2026 si petits soient-ils, ce genre de d\u00e9sagr\u00e9ments demandent souvent une r\u00e9fection de l\u2019enti\u00e8ret\u00e9 du mur. S\u2019ils sont en hauteur, vous pouvez les dissimuler avec l\u2019une des astuces d\u00e9co suivantes&nbsp;:<\/span><\/p>\n\n\n\n<ol class=\"wp-block-list\"><li><span style=\"color: #000000;\"><strong>Le papier peint&nbsp;<\/strong><\/span><\/li><\/ol>\n\n\n\n<p><span style=\"color: #000000;\">Devenu incontournable, il se d\u00e9cline dans de nombreuses textures et coloris. \u00c0 utiliser sur l\u2019enti\u00e8ret\u00e9 d\u2019un mur ou &nbsp;avec parcimonie pour cr\u00e9er un espace d\u00e9di\u00e9 \u00e0 une fonction au sein d\u2019une pi\u00e8ce, il apporte du style. Utilisez un ou plusieurs l\u00e9s pour habiller votre mur et camoufler ses d\u00e9fauts.<\/span><\/p>\n\n\n\n<ol class=\"wp-block-list\" start=\"2\"><li><span style=\"color: #000000;\"><strong>Les cadres et miroirs<\/strong><\/span><\/li><\/ol>\n\n\n\n<p><span style=\"color: #000000;\">Photographies, peintures ou plaques d\u2019inspiration vintage, la d\u00e9coration murale est une option simple pour dissimuler une imperfection dans un mur. Optez pour le maxi encadrement qui habille \u00e0 lui seul un grand espace ou, pour de nombreux cadres et miroirs de taille et de mati\u00e8res diff\u00e9rentes. Cette solution permet de cacher plusieurs imperfections sans entreprendre de travaux de r\u00e9novation.<\/span><\/p>\n\n\n\n<ol class=\"wp-block-list\" start=\"3\"><li><span style=\"color: #000000;\"><strong>Le tapis<\/strong><\/span><\/li><\/ol>\n\n\n\n<p><span style=\"color: #000000;\">Si dans nos contr\u00e9es occidentales on a tendance \u00e0 utiliser le tapis exclusivement au sol, rien ne nous emp\u00eache de nous inspirer des tendances d\u00e9co orientales et de l\u2019accrocher \u00e0 nos murs. Le tapis mural se choisit l\u00e9ger et graphique. Les d\u00e9fauts du mur seront parfaitement camoufl\u00e9s et laisseront place \u00e0 une d\u00e9coration d\u2019inspiration ethnique ou contemporaine en fonction du design du tapis choisi.<\/span><\/p>\n\n\n\n<h2 class=\"wp-block-heading\"><span style=\"color: #000000;\"><strong>Camoufler une imperfection dans le bas d\u2019un mur<\/strong><\/span><\/h2>\n\n\n\n<p><span style=\"color: #000000;\">Votre mur comporte des d\u00e9fauts qui se situent sous le m\u00e8tre&nbsp;? Il existe plusieurs fa\u00e7ons pour les dissimuler&nbsp;:<\/span><\/p>\n\n\n\n<ol class=\"wp-block-list\"><li><span style=\"color: #000000;\"><strong>Le soubassement en bois ou en pierre<\/strong><\/span><\/li><\/ol>\n\n\n\n<p><span style=\"color: #000000;\">Id\u00e9al pour habiller un mur fort ab\u00eem\u00e9, le soubassement d\u00e9coratif en bois apporte une certaine \u00e9l\u00e9gance \u00e0 votre int\u00e9rieur. Facile \u00e0 peindre, il est aussi du plus bel effet en blanc pour un style haussmannien tr\u00e8s chic. Vous pr\u00e9f\u00e9rez la pierre au bois&nbsp;? R\u00e9aliser un soubassement de mur avec des pierres de parement. On retrouve sur le march\u00e9 de nombreuses nuances de pierre allant de la tr\u00e8s classique couleur sable \u00e0 la noire contemporaine.<\/span><\/p>\n\n\n\n<ol class=\"wp-block-list\" start=\"2\"><li><span style=\"color: #000000;\"><strong>La plaque de parement en bois<\/strong><\/span><\/li><\/ol>\n\n\n\n<p><span style=\"color: #000000;\">\u00c0 peindre ou d\u00e9j\u00e0 imprim\u00e9e, la plaque en bois permet de cacher des d\u00e9g\u00e2ts plus ou moins importants. Version contemporaine du lambris couleur miel, elle permet d\u2019apporter de l\u2019identit\u00e9 \u00e0 votre pi\u00e8ce. Vous pouvez l\u2019utiliser comme soubassement en r\u00e9alisant une finition avec une moulure d\u00e9corative ou encore, opter pour la couverture totale du mur endommag\u00e9. &nbsp;De plus le lambris en bois est un excellent isolant thermique et phonique.<\/span><\/p>\n\n\n\n<p><span style=\"color: #000000;\">Camoufler un d\u00e9faut dans un mur vous \u00e9vitera des travaux cons\u00e9quents qui souvent s\u2019\u00e9tendent au-del\u00e0 de la surface endommag\u00e9e. Vous pouvez ainsi profiter d\u2019un int\u00e9rieur agr\u00e9ablement d\u00e9cor\u00e9 en attendant le moment propice pour r\u00e9aliser vos travaux.<\/span><\/p>\n\n\n<section id=\"section-3-14695\" class=\" ct-section\" ><div class=\"ct-section-inner-wrap\"><div id=\"div_block-4-14695\" class=\"ct-div-block\" ><div id=\"new_columns-7-14695\" class=\"ct-new-columns\" ><div id=\"div_block-8-14695\" class=\"ct-div-block\" ><div id=\"div_block-14-14695\" class=\"ct-div-block\" ><\/div><\/div><div id=\"div_block-9-14695\" class=\"ct-div-block\" ><h1 id=\"headline-11-14695\" class=\"ct-headline\">Quels sont les prix de l'immobilier en ce moment ?<\/h1><div id=\"text_block-12-14695\" class=\"ct-text-block\" >Les prix ralentissent. Les taux d'int\u00e9r\u00eat augmentent. Quelles tendances pour les mois \u00e0 venir ?<\/div><a id=\"link_button-13-14695\" class=\"ct-link-button\" href=\"https:\/\/www.athome.lu\/blog\/blog\/marche-immobilier\/prix\/tendances-2022\/\" target=\"_blank\"  >Lire l'analyse<\/a><\/div><\/div><\/div><\/div><\/section>","protected":false},"excerpt":{"rendered":"<p>L\u2019un de vos murs est ab\u00eem\u00e9 et vous envisagez d\u2019entreprendre des travaux de plafonnage&nbsp;? Avant d\u2019employer les grands moyens, avez-vous pens\u00e9 \u00e0 le d\u00e9corer&nbsp;? Il existe de nombreuses fa\u00e7ons d\u2019habiller un mur ab\u00eem\u00e9. Voici nos pr\u00e9f\u00e9r\u00e9es\u2026 Dissimuler un d\u00e9faut en hauteur sur un mur Coup, peinture qui s\u2019\u00e9caille, trou\u2026 si petits soient-ils, ce genre de [&hellip;]<\/p>\n","protected":false},"author":17,"featured_media":11523,"comment_status":"closed","ping_status":"open","sticky":false,"template":"","format":"standard","meta":{"_acf_changed":false,"footnotes":""},"categories":[205],"tags":[79],"class_list":["post-11521","post","type-post","status-publish","format-standard","has-post-thumbnail","hentry","category-travaux-renovation","tag-decoration"],"acf":[],"yoast_head":"<!-- This site is optimized with the Yoast SEO plugin v27.4 - https:\/\/yoast.com\/product\/yoast-seo-wordpress\/ -->\n<title>Astuce d\u00e9co: Comment habiller un mur ab\u00eem\u00e9 ? | atHome<\/title>\n<meta name=\"description\" content=\"Votre mur est ab\u00eem\u00e9 et vous envisagez de faire des travaux ? Il existe de nombreuses fa\u00e7ons d\u2019habiller un mur ab\u00eem\u00e9. Voici nos pr\u00e9f\u00e9r\u00e9es !\" \/>\n<meta name=\"robots\" content=\"index, follow, max-snippet:-1, max-image-preview:large, max-video-preview:-1\" \/>\n<link rel=\"canonical\" href=\"https:\/\/www.athome.lu\/blog\/mon-logement\/travaux-renovation\/comment-habiller-un-mur-abime\/\" \/>\n<meta property=\"og:locale\" content=\"fr_FR\" \/>\n<meta property=\"og:type\" content=\"article\" \/>\n<meta property=\"og:title\" content=\"Astuce d\u00e9co: Comment habiller un mur ab\u00eem\u00e9 ? | atHome\" \/>\n<meta property=\"og:description\" content=\"Votre mur est ab\u00eem\u00e9 et vous envisagez de faire des travaux ? Il existe de nombreuses fa\u00e7ons d\u2019habiller un mur ab\u00eem\u00e9. Voici nos pr\u00e9f\u00e9r\u00e9es !\" \/>\n<meta property=\"og:url\" content=\"https:\/\/www.athome.lu\/blog\/mon-logement\/travaux-renovation\/comment-habiller-un-mur-abime\/\" \/>\n<meta property=\"og:site_name\" content=\"atHome Blog\" \/>\n<meta property=\"article:publisher\" content=\"https:\/\/www.facebook.com\/atHome.lu\/\" \/>\n<meta property=\"article:published_time\" content=\"2018-09-13T07:43:49+00:00\" \/>\n<meta property=\"article:modified_time\" content=\"2022-05-11T14:57:05+00:00\" \/>\n<meta property=\"og:image\" content=\"https:\/\/www.athome.lu\/blog\/wp-content\/uploads\/2018\/09\/mur-abime.jpg\" \/>\n\t<meta property=\"og:image:width\" content=\"1200\" \/>\n\t<meta property=\"og:image:height\" content=\"800\" \/>\n\t<meta property=\"og:image:type\" content=\"image\/jpeg\" \/>\n<meta name=\"author\" content=\"Fanny Pimentel\" \/>\n<meta name=\"twitter:card\" content=\"summary_large_image\" \/>\n<meta name=\"twitter:creator\" content=\"@athomelu\" \/>\n<meta name=\"twitter:site\" content=\"@athomelu\" \/>\n<meta name=\"twitter:label1\" content=\"\u00c9crit par\" \/>\n\t<meta name=\"twitter:data1\" content=\"Fanny Pimentel\" \/>\n\t<meta name=\"twitter:label2\" content=\"Dur\u00e9e de lecture estim\u00e9e\" \/>\n\t<meta name=\"twitter:data2\" content=\"3 minutes\" \/>\n<script type=\"application\/ld+json\" class=\"yoast-schema-graph\">{\"@context\":\"https:\\\/\\\/schema.org\",\"@graph\":[{\"@type\":\"Article\",\"@id\":\"https:\\\/\\\/www.athome.lu\\\/blog\\\/mon-logement\\\/travaux-renovation\\\/comment-habiller-un-mur-abime\\\/#article\",\"isPartOf\":{\"@id\":\"https:\\\/\\\/www.athome.lu\\\/blog\\\/mon-logement\\\/travaux-renovation\\\/comment-habiller-un-mur-abime\\\/\"},\"author\":{\"name\":\"Fanny Pimentel\",\"@id\":\"https:\\\/\\\/www.athome.lu\\\/blog\\\/#\\\/schema\\\/person\\\/47f7a38089f837e792876ceddc4cb2dc\"},\"headline\":\"Comment habiller un mur ab\u00eem\u00e9 ?\",\"datePublished\":\"2018-09-13T07:43:49+00:00\",\"dateModified\":\"2022-05-11T14:57:05+00:00\",\"mainEntityOfPage\":{\"@id\":\"https:\\\/\\\/www.athome.lu\\\/blog\\\/mon-logement\\\/travaux-renovation\\\/comment-habiller-un-mur-abime\\\/\"},\"wordCount\":557,\"image\":{\"@id\":\"https:\\\/\\\/www.athome.lu\\\/blog\\\/mon-logement\\\/travaux-renovation\\\/comment-habiller-un-mur-abime\\\/#primaryimage\"},\"thumbnailUrl\":\"https:\\\/\\\/www.athome.lu\\\/blog\\\/wp-content\\\/uploads\\\/2018\\\/09\\\/mur-abime.jpg\",\"keywords\":[\"D\u00e9coration\"],\"articleSection\":[\"Travaux et r\u00e9novation\"],\"inLanguage\":\"fr-FR\"},{\"@type\":\"WebPage\",\"@id\":\"https:\\\/\\\/www.athome.lu\\\/blog\\\/mon-logement\\\/travaux-renovation\\\/comment-habiller-un-mur-abime\\\/\",\"url\":\"https:\\\/\\\/www.athome.lu\\\/blog\\\/mon-logement\\\/travaux-renovation\\\/comment-habiller-un-mur-abime\\\/\",\"name\":\"Astuce d\u00e9co: Comment habiller un mur ab\u00eem\u00e9 ? | atHome\",\"isPartOf\":{\"@id\":\"https:\\\/\\\/www.athome.lu\\\/blog\\\/#website\"},\"primaryImageOfPage\":{\"@id\":\"https:\\\/\\\/www.athome.lu\\\/blog\\\/mon-logement\\\/travaux-renovation\\\/comment-habiller-un-mur-abime\\\/#primaryimage\"},\"image\":{\"@id\":\"https:\\\/\\\/www.athome.lu\\\/blog\\\/mon-logement\\\/travaux-renovation\\\/comment-habiller-un-mur-abime\\\/#primaryimage\"},\"thumbnailUrl\":\"https:\\\/\\\/www.athome.lu\\\/blog\\\/wp-content\\\/uploads\\\/2018\\\/09\\\/mur-abime.jpg\",\"datePublished\":\"2018-09-13T07:43:49+00:00\",\"dateModified\":\"2022-05-11T14:57:05+00:00\",\"author\":{\"@id\":\"https:\\\/\\\/www.athome.lu\\\/blog\\\/#\\\/schema\\\/person\\\/47f7a38089f837e792876ceddc4cb2dc\"},\"description\":\"Votre mur est ab\u00eem\u00e9 et vous envisagez de faire des travaux ? Il existe de nombreuses fa\u00e7ons d\u2019habiller un mur ab\u00eem\u00e9. Voici nos pr\u00e9f\u00e9r\u00e9es !\",\"breadcrumb\":{\"@id\":\"https:\\\/\\\/www.athome.lu\\\/blog\\\/mon-logement\\\/travaux-renovation\\\/comment-habiller-un-mur-abime\\\/#breadcrumb\"},\"inLanguage\":\"fr-FR\",\"potentialAction\":[{\"@type\":\"ReadAction\",\"target\":[\"https:\\\/\\\/www.athome.lu\\\/blog\\\/mon-logement\\\/travaux-renovation\\\/comment-habiller-un-mur-abime\\\/\"]}]},{\"@type\":\"ImageObject\",\"inLanguage\":\"fr-FR\",\"@id\":\"https:\\\/\\\/www.athome.lu\\\/blog\\\/mon-logement\\\/travaux-renovation\\\/comment-habiller-un-mur-abime\\\/#primaryimage\",\"url\":\"https:\\\/\\\/www.athome.lu\\\/blog\\\/wp-content\\\/uploads\\\/2018\\\/09\\\/mur-abime.jpg\",\"contentUrl\":\"https:\\\/\\\/www.athome.lu\\\/blog\\\/wp-content\\\/uploads\\\/2018\\\/09\\\/mur-abime.jpg\",\"width\":1200,\"height\":800,\"caption\":\"Comment habiller un mur ab\u00eem\u00e9 ?\"},{\"@type\":\"BreadcrumbList\",\"@id\":\"https:\\\/\\\/www.athome.lu\\\/blog\\\/mon-logement\\\/travaux-renovation\\\/comment-habiller-un-mur-abime\\\/#breadcrumb\",\"itemListElement\":[{\"@type\":\"ListItem\",\"position\":1,\"name\":\"Accueil\",\"item\":\"https:\\\/\\\/www.athome.lu\\\/blog\\\/\"},{\"@type\":\"ListItem\",\"position\":2,\"name\":\"Mon logement\",\"item\":\"https:\\\/\\\/www.athome.lu\\\/blog\\\/de\\\/category\\\/mein-haus\\\/\"},{\"@type\":\"ListItem\",\"position\":3,\"name\":\"Travaux et r\u00e9novation\",\"item\":\"https:\\\/\\\/www.athome.lu\\\/blog\\\/en\\\/category\\\/my-home\\\/renovate\\\/\"},{\"@type\":\"ListItem\",\"position\":4,\"name\":\"Comment habiller un mur ab\u00eem\u00e9 ?\"}]},{\"@type\":\"WebSite\",\"@id\":\"https:\\\/\\\/www.athome.lu\\\/blog\\\/#website\",\"url\":\"https:\\\/\\\/www.athome.lu\\\/blog\\\/\",\"name\":\"atHome Blog\",\"description\":\"Annonces immobili\u00e8res au Luxembourg. Le portail immobilier n\u00b01 au Luxembourg.\",\"potentialAction\":[{\"@type\":\"SearchAction\",\"target\":{\"@type\":\"EntryPoint\",\"urlTemplate\":\"https:\\\/\\\/www.athome.lu\\\/blog\\\/?s={search_term_string}\"},\"query-input\":{\"@type\":\"PropertyValueSpecification\",\"valueRequired\":true,\"valueName\":\"search_term_string\"}}],\"inLanguage\":\"fr-FR\"},{\"@type\":\"Person\",\"@id\":\"https:\\\/\\\/www.athome.lu\\\/blog\\\/#\\\/schema\\\/person\\\/47f7a38089f837e792876ceddc4cb2dc\",\"name\":\"Fanny Pimentel\",\"image\":{\"@type\":\"ImageObject\",\"inLanguage\":\"fr-FR\",\"@id\":\"https:\\\/\\\/secure.gravatar.com\\\/avatar\\\/c60b27b93851dc9503f9cc9150e73dcb0a86ba6150657e5e4b11d988400bc633?s=96&d=mm&r=g\",\"url\":\"https:\\\/\\\/secure.gravatar.com\\\/avatar\\\/c60b27b93851dc9503f9cc9150e73dcb0a86ba6150657e5e4b11d988400bc633?s=96&d=mm&r=g\",\"contentUrl\":\"https:\\\/\\\/secure.gravatar.com\\\/avatar\\\/c60b27b93851dc9503f9cc9150e73dcb0a86ba6150657e5e4b11d988400bc633?s=96&d=mm&r=g\",\"caption\":\"Fanny Pimentel\"}}]}<\/script>\n<!-- \/ Yoast SEO plugin. -->","yoast_head_json":{"title":"Astuce d\u00e9co: Comment habiller un mur ab\u00eem\u00e9 ? | atHome","description":"Votre mur est ab\u00eem\u00e9 et vous envisagez de faire des travaux ? Il existe de nombreuses fa\u00e7ons d\u2019habiller un mur ab\u00eem\u00e9. Voici nos pr\u00e9f\u00e9r\u00e9es !","robots":{"index":"index","follow":"follow","max-snippet":"max-snippet:-1","max-image-preview":"max-image-preview:large","max-video-preview":"max-video-preview:-1"},"canonical":"https:\/\/www.athome.lu\/blog\/mon-logement\/travaux-renovation\/comment-habiller-un-mur-abime\/","og_locale":"fr_FR","og_type":"article","og_title":"Astuce d\u00e9co: Comment habiller un mur ab\u00eem\u00e9 ? | atHome","og_description":"Votre mur est ab\u00eem\u00e9 et vous envisagez de faire des travaux ? Il existe de nombreuses fa\u00e7ons d\u2019habiller un mur ab\u00eem\u00e9. Voici nos pr\u00e9f\u00e9r\u00e9es !","og_url":"https:\/\/www.athome.lu\/blog\/mon-logement\/travaux-renovation\/comment-habiller-un-mur-abime\/","og_site_name":"atHome Blog","article_publisher":"https:\/\/www.facebook.com\/atHome.lu\/","article_published_time":"2018-09-13T07:43:49+00:00","article_modified_time":"2022-05-11T14:57:05+00:00","og_image":[{"width":1200,"height":800,"url":"https:\/\/www.athome.lu\/blog\/wp-content\/uploads\/2018\/09\/mur-abime.jpg","type":"image\/jpeg"}],"author":"Fanny Pimentel","twitter_card":"summary_large_image","twitter_creator":"@athomelu","twitter_site":"@athomelu","twitter_misc":{"\u00c9crit par":"Fanny Pimentel","Dur\u00e9e de lecture estim\u00e9e":"3 minutes"},"schema":{"@context":"https:\/\/schema.org","@graph":[{"@type":"Article","@id":"https:\/\/www.athome.lu\/blog\/mon-logement\/travaux-renovation\/comment-habiller-un-mur-abime\/#article","isPartOf":{"@id":"https:\/\/www.athome.lu\/blog\/mon-logement\/travaux-renovation\/comment-habiller-un-mur-abime\/"},"author":{"name":"Fanny Pimentel","@id":"https:\/\/www.athome.lu\/blog\/#\/schema\/person\/47f7a38089f837e792876ceddc4cb2dc"},"headline":"Comment habiller un mur ab\u00eem\u00e9 ?","datePublished":"2018-09-13T07:43:49+00:00","dateModified":"2022-05-11T14:57:05+00:00","mainEntityOfPage":{"@id":"https:\/\/www.athome.lu\/blog\/mon-logement\/travaux-renovation\/comment-habiller-un-mur-abime\/"},"wordCount":557,"image":{"@id":"https:\/\/www.athome.lu\/blog\/mon-logement\/travaux-renovation\/comment-habiller-un-mur-abime\/#primaryimage"},"thumbnailUrl":"https:\/\/www.athome.lu\/blog\/wp-content\/uploads\/2018\/09\/mur-abime.jpg","keywords":["D\u00e9coration"],"articleSection":["Travaux et r\u00e9novation"],"inLanguage":"fr-FR"},{"@type":"WebPage","@id":"https:\/\/www.athome.lu\/blog\/mon-logement\/travaux-renovation\/comment-habiller-un-mur-abime\/","url":"https:\/\/www.athome.lu\/blog\/mon-logement\/travaux-renovation\/comment-habiller-un-mur-abime\/","name":"Astuce d\u00e9co: Comment habiller un mur ab\u00eem\u00e9 ? | atHome","isPartOf":{"@id":"https:\/\/www.athome.lu\/blog\/#website"},"primaryImageOfPage":{"@id":"https:\/\/www.athome.lu\/blog\/mon-logement\/travaux-renovation\/comment-habiller-un-mur-abime\/#primaryimage"},"image":{"@id":"https:\/\/www.athome.lu\/blog\/mon-logement\/travaux-renovation\/comment-habiller-un-mur-abime\/#primaryimage"},"thumbnailUrl":"https:\/\/www.athome.lu\/blog\/wp-content\/uploads\/2018\/09\/mur-abime.jpg","datePublished":"2018-09-13T07:43:49+00:00","dateModified":"2022-05-11T14:57:05+00:00","author":{"@id":"https:\/\/www.athome.lu\/blog\/#\/schema\/person\/47f7a38089f837e792876ceddc4cb2dc"},"description":"Votre mur est ab\u00eem\u00e9 et vous envisagez de faire des travaux ? Il existe de nombreuses fa\u00e7ons d\u2019habiller un mur ab\u00eem\u00e9. Voici nos pr\u00e9f\u00e9r\u00e9es !","breadcrumb":{"@id":"https:\/\/www.athome.lu\/blog\/mon-logement\/travaux-renovation\/comment-habiller-un-mur-abime\/#breadcrumb"},"inLanguage":"fr-FR","potentialAction":[{"@type":"ReadAction","target":["https:\/\/www.athome.lu\/blog\/mon-logement\/travaux-renovation\/comment-habiller-un-mur-abime\/"]}]},{"@type":"ImageObject","inLanguage":"fr-FR","@id":"https:\/\/www.athome.lu\/blog\/mon-logement\/travaux-renovation\/comment-habiller-un-mur-abime\/#primaryimage","url":"https:\/\/www.athome.lu\/blog\/wp-content\/uploads\/2018\/09\/mur-abime.jpg","contentUrl":"https:\/\/www.athome.lu\/blog\/wp-content\/uploads\/2018\/09\/mur-abime.jpg","width":1200,"height":800,"caption":"Comment habiller un mur ab\u00eem\u00e9 ?"},{"@type":"BreadcrumbList","@id":"https:\/\/www.athome.lu\/blog\/mon-logement\/travaux-renovation\/comment-habiller-un-mur-abime\/#breadcrumb","itemListElement":[{"@type":"ListItem","position":1,"name":"Accueil","item":"https:\/\/www.athome.lu\/blog\/"},{"@type":"ListItem","position":2,"name":"Mon logement","item":"https:\/\/www.athome.lu\/blog\/de\/category\/mein-haus\/"},{"@type":"ListItem","position":3,"name":"Travaux et r\u00e9novation","item":"https:\/\/www.athome.lu\/blog\/en\/category\/my-home\/renovate\/"},{"@type":"ListItem","position":4,"name":"Comment habiller un mur ab\u00eem\u00e9 ?"}]},{"@type":"WebSite","@id":"https:\/\/www.athome.lu\/blog\/#website","url":"https:\/\/www.athome.lu\/blog\/","name":"atHome Blog","description":"Annonces immobili\u00e8res au Luxembourg. Le portail immobilier n\u00b01 au Luxembourg.","potentialAction":[{"@type":"SearchAction","target":{"@type":"EntryPoint","urlTemplate":"https:\/\/www.athome.lu\/blog\/?s={search_term_string}"},"query-input":{"@type":"PropertyValueSpecification","valueRequired":true,"valueName":"search_term_string"}}],"inLanguage":"fr-FR"},{"@type":"Person","@id":"https:\/\/www.athome.lu\/blog\/#\/schema\/person\/47f7a38089f837e792876ceddc4cb2dc","name":"Fanny Pimentel","image":{"@type":"ImageObject","inLanguage":"fr-FR","@id":"https:\/\/secure.gravatar.com\/avatar\/c60b27b93851dc9503f9cc9150e73dcb0a86ba6150657e5e4b11d988400bc633?s=96&d=mm&r=g","url":"https:\/\/secure.gravatar.com\/avatar\/c60b27b93851dc9503f9cc9150e73dcb0a86ba6150657e5e4b11d988400bc633?s=96&d=mm&r=g","contentUrl":"https:\/\/secure.gravatar.com\/avatar\/c60b27b93851dc9503f9cc9150e73dcb0a86ba6150657e5e4b11d988400bc633?s=96&d=mm&r=g","caption":"Fanny Pimentel"}}]}},"featured_media_src_url":"https:\/\/www.athome.lu\/blog\/wp-content\/uploads\/2018\/09\/mur-abime-1024x683.jpg","_links":{"self":[{"href":"https:\/\/www.athome.lu\/blog\/wp-json\/wp\/v2\/posts\/11521","targetHints":{"allow":["GET"]}}],"collection":[{"href":"https:\/\/www.athome.lu\/blog\/wp-json\/wp\/v2\/posts"}],"about":[{"href":"https:\/\/www.athome.lu\/blog\/wp-json\/wp\/v2\/types\/post"}],"author":[{"embeddable":true,"href":"https:\/\/www.athome.lu\/blog\/wp-json\/wp\/v2\/users\/17"}],"replies":[{"embeddable":true,"href":"https:\/\/www.athome.lu\/blog\/wp-json\/wp\/v2\/comments?post=11521"}],"version-history":[{"count":2,"href":"https:\/\/www.athome.lu\/blog\/wp-json\/wp\/v2\/posts\/11521\/revisions"}],"predecessor-version":[{"id":15104,"href":"https:\/\/www.athome.lu\/blog\/wp-json\/wp\/v2\/posts\/11521\/revisions\/15104"}],"wp:featuredmedia":[{"embeddable":true,"href":"https:\/\/www.athome.lu\/blog\/wp-json\/wp\/v2\/media\/11523"}],"wp:attachment":[{"href":"https:\/\/www.athome.lu\/blog\/wp-json\/wp\/v2\/media?parent=11521"}],"wp:term":[{"taxonomy":"category","embeddable":true,"href":"https:\/\/www.athome.lu\/blog\/wp-json\/wp\/v2\/categories?post=11521"},{"taxonomy":"post_tag","embeddable":true,"href":"https:\/\/www.athome.lu\/blog\/wp-json\/wp\/v2\/tags?post=11521"}],"curies":[{"name":"wp","href":"https:\/\/api.w.org\/{rel}","templated":true}]}}