{"id":11530,"date":"2018-09-18T10:00:21","date_gmt":"2018-09-18T09:00:21","guid":{"rendered":"https:\/\/www.athome.lu\/blog\/?p=11530"},"modified":"2022-06-14T17:05:01","modified_gmt":"2022-06-14T15:05:01","slug":"garantie-locative-quel-delai-de-restitution","status":"publish","type":"post","link":"https:\/\/www.athome.lu\/blog\/louer\/locataire\/garantie-locative-quel-delai-de-restitution\/","title":{"rendered":"Garantie locative : quel d\u00e9lai de restitution ?"},"content":{"rendered":"\n<p><span style=\"color: #000000;\">Vous envisagez de r\u00e9silier votre bail locatif et avez vers\u00e9 une caution ? <\/span>Si vous avez rempli toutes vos obligations, votre propri\u00e9taire doit proc\u00e9der \u00e0 la restitution de la garantie locative<span style=\"color: #000000;\">.<\/span><\/p>\n\n\n\n<p><span style=\"color: #000000;\">Nous vous expliquons la proc\u00e9dure pour <a href=\"https:\/\/guichet.public.lu\/fr\/citoyens\/logement\/location\/bail-a-loyer\/conclure-contrat-bail-location.html#:~:text=a%20%C3%A9t%C3%A9%20vers%C3%A9e.-,Restitution%20de%20la%20garantie%20locative,du%20montant%20mis%20en%20garantie.\">r\u00e9cup\u00e9rer votre caution<\/a>.<\/span><\/p>\n\n\n\n<h2 class=\"wp-block-heading\"><strong><span style=\"color: #000000;\">Qu\u2019est-ce que la garantie locative ?<\/span><\/strong><\/h2>\n\n\n\n<p><span style=\"color: #000000;\">La garantie locative plus commun\u00e9ment appel\u00e9e caution sert \u00e0 pr\u00e9munir le propri\u00e9taire en cas de d\u00e9g\u00e2ts caus\u00e9s \u00e0 son bien par le locataire ou en cas de charges et de loyers impay\u00e9s. Celle-ci ne peut exc\u00e9der 3 mois de loyer. En g\u00e9n\u00e9ral, la somme est vers\u00e9e sur un compte bancaire exclusivement d\u00e9di\u00e9 \u00e0 cet effet. L\u2019\u00c9tat peut \u00e9galement sous certaines conditions se porter garant. Plus rarement, la garantie locative est vers\u00e9e directement au propri\u00e9taire en liquide ou par virement bancaire.<\/span><\/p>\n\n\n\n<h2 class=\"wp-block-heading\"><strong><span style=\"color: #000000;\">Les \u00e9tapes de la restitution de la garantie locative<\/span><\/strong><\/h2>\n\n\n\n<p><span style=\"color: #000000;\">Vous pouvez demander \u00e0 r\u00e9cup\u00e9rer votre caution apr\u00e8s avoir r\u00e9alis\u00e9 l\u2019\u00e9tat des lieux de sortie et rendu vos cl\u00e9s. Dans le cas d\u2019un appartement avec charge locative, le locataire devra attendre le d\u00e9compte annuel des charges avant de r\u00e9cup\u00e9rer la somme vers\u00e9e en garantie \u00e0 son propri\u00e9taire.<\/span><\/p>\n\n\n\n<p><span style=\"color: #000000;\">Si aucun d\u00e9lai l\u00e9gal n\u2019est \u00e9tabli pour rembourser la garantie, le locataire peut tout de m\u00eame exiger de son propri\u00e9taire le versement de sa garantie quand il le souhaite. Pour cela, il doit faire sa demande en r\u00e9digeant une lettre de mise en demeure. Sans r\u00e9ponse de la part du propri\u00e9taire, la voie judiciaire peut \u00eatre envisag\u00e9e. Dans tous les cas, il faudra attendre le d\u00e9compte des charges annuelles.<\/span><\/p>\n\n\n\n<h2 class=\"wp-block-heading\"><strong><span style=\"color: #000000;\">Versement des int\u00e9r\u00eats en cas de garantie bancaire<\/span><\/strong><\/h2>\n\n\n\n<p><span style=\"color: #000000;\">Une garantie locative vers\u00e9e sur un compte bancaire produit des int\u00e9r\u00eats. On distingue deux types de garanties bancaires :<\/span><\/p>\n\n\n\n<ul class=\"wp-block-list\"><li><span style=\"color: #000000;\"><strong>La garantie bancaire \u00e0 premi\u00e8re demande<\/strong> : le montant de la garantie est bloqu\u00e9 sur un compte bancaire pour une p\u00e9riode l\u00e9g\u00e8rement sup\u00e9rieure \u00e0 celle du bail et peut \u00eatre r\u00e9cup\u00e9r\u00e9 \u00e0 tout moment par le propri\u00e9taire sans qu\u2019il ait \u00e0 fournir un motif.<\/span><\/li><li><span style=\"color: #000000;\"><strong>La garantie bancaire simple<\/strong> : le montant de la garantie locative est vers\u00e9 sur un compte au nom du locataire pour une p\u00e9riode \u00e9quivalente \u00e0 la dur\u00e9e du bail + quelques mois. Le propri\u00e9taire a le devoir de fournir les raisons d\u2019un pr\u00e9l\u00e8vement : jugement en sa faveur ou lettre r\u00e9dig\u00e9e et sign\u00e9e par le locataire qui fait part de sa cr\u00e9ance envers son propri\u00e9taire.<\/span><\/li><\/ul>\n\n\n\n<p><br><span style=\"color: #000000;\">Les int\u00e9r\u00eats sont payables au titulaire du compte : le locataire dans le cas d\u2019un compte sp\u00e9cial d\u00e9di\u00e9 \u00e0 la garantie locative, ou le compte du propri\u00e9taire si le contrat de bail mentionnait une garantie payable sur son compte.<\/span><\/p>\n\n\n\n<p>Pour en savoir plus sur les droits et devoirs d'un locataire au Luxembourg, consultez <a href=\"https:\/\/www.athome.lu\/blog\/blog\/louer\/locataire\/les-droits-et-les-devoirs-dun-locataire\/\">cet article<\/a>.<\/p>\n\n\n<section id=\"section-3-14695\" class=\" ct-section\" ><div class=\"ct-section-inner-wrap\"><div id=\"div_block-4-14695\" class=\"ct-div-block\" ><div id=\"new_columns-7-14695\" class=\"ct-new-columns\" ><div id=\"div_block-8-14695\" class=\"ct-div-block\" ><div id=\"div_block-14-14695\" class=\"ct-div-block\" ><\/div><\/div><div id=\"div_block-9-14695\" class=\"ct-div-block\" ><h1 id=\"headline-11-14695\" class=\"ct-headline\">Quels sont les prix de l'immobilier en ce moment ?<\/h1><div id=\"text_block-12-14695\" class=\"ct-text-block\" >Les prix ralentissent. Les taux d'int\u00e9r\u00eat augmentent. Quelles tendances pour les mois \u00e0 venir ?<\/div><a id=\"link_button-13-14695\" class=\"ct-link-button\" href=\"https:\/\/www.athome.lu\/blog\/blog\/marche-immobilier\/prix\/tendances-2022\/\" target=\"_blank\"  >Lire l'analyse<\/a><\/div><\/div><\/div><\/div><\/section>","protected":false},"excerpt":{"rendered":"<p>Vous envisagez de r\u00e9silier votre bail locatif et avez vers\u00e9 une caution ? Si vous avez rempli toutes vos obligations, votre propri\u00e9taire doit proc\u00e9der \u00e0 la restitution de la garantie locative. Nous vous expliquons la proc\u00e9dure pour r\u00e9cup\u00e9rer votre caution. Qu\u2019est-ce que la garantie locative ? La garantie locative plus commun\u00e9ment appel\u00e9e caution sert \u00e0 [&hellip;]<\/p>\n","protected":false},"author":17,"featured_media":11531,"comment_status":"closed","ping_status":"open","sticky":false,"template":"","format":"standard","meta":{"_acf_changed":false,"footnotes":""},"categories":[229],"tags":[49],"class_list":["post-11530","post","type-post","status-publish","format-standard","has-post-thumbnail","hentry","category-locataire","tag-location"],"acf":[],"yoast_head":"<!-- This site is optimized with the Yoast SEO plugin v27.5 - https:\/\/yoast.com\/product\/yoast-seo-wordpress\/ -->\n<title>Restitution de la Garantie Locative : Quels D\u00e9lais ? - atHome Blog<\/title>\n<meta name=\"description\" content=\"Vous allez r\u00e9silier votre bail locatif et avez vers\u00e9 une caution ? Nous vous expliquons la proc\u00e9dure de restitution de la garantie locative.\" \/>\n<meta name=\"robots\" content=\"index, follow, max-snippet:-1, max-image-preview:large, max-video-preview:-1\" \/>\n<link rel=\"canonical\" href=\"https:\/\/www.athome.lu\/blog\/louer\/locataire\/garantie-locative-quel-delai-de-restitution\/\" \/>\n<meta property=\"og:locale\" content=\"fr_FR\" \/>\n<meta property=\"og:type\" content=\"article\" \/>\n<meta property=\"og:title\" content=\"Restitution de la Garantie Locative : Quels D\u00e9lais ? - atHome Blog\" \/>\n<meta property=\"og:description\" content=\"Vous allez r\u00e9silier votre bail locatif et avez vers\u00e9 une caution ? Nous vous expliquons la proc\u00e9dure de restitution de la garantie locative.\" \/>\n<meta property=\"og:url\" content=\"https:\/\/www.athome.lu\/blog\/louer\/locataire\/garantie-locative-quel-delai-de-restitution\/\" \/>\n<meta property=\"og:site_name\" content=\"atHome Blog\" \/>\n<meta property=\"article:publisher\" content=\"https:\/\/www.facebook.com\/atHome.lu\/\" \/>\n<meta property=\"article:published_time\" content=\"2018-09-18T09:00:21+00:00\" \/>\n<meta property=\"article:modified_time\" content=\"2022-06-14T15:05:01+00:00\" \/>\n<meta property=\"og:image\" content=\"https:\/\/www.athome.lu\/blog\/wp-content\/uploads\/2018\/09\/spain-1849849_1920.jpg\" \/>\n\t<meta property=\"og:image:width\" content=\"1920\" \/>\n\t<meta property=\"og:image:height\" content=\"1079\" \/>\n\t<meta property=\"og:image:type\" content=\"image\/jpeg\" \/>\n<meta name=\"author\" content=\"Fanny Pimentel\" \/>\n<meta name=\"twitter:card\" content=\"summary_large_image\" \/>\n<meta name=\"twitter:creator\" content=\"@athomelu\" \/>\n<meta name=\"twitter:site\" content=\"@athomelu\" \/>\n<meta name=\"twitter:label1\" content=\"\u00c9crit par\" \/>\n\t<meta name=\"twitter:data1\" content=\"Fanny Pimentel\" \/>\n\t<meta name=\"twitter:label2\" content=\"Dur\u00e9e de lecture estim\u00e9e\" \/>\n\t<meta name=\"twitter:data2\" content=\"3 minutes\" \/>\n<script type=\"application\/ld+json\" class=\"yoast-schema-graph\">{\"@context\":\"https:\\\/\\\/schema.org\",\"@graph\":[{\"@type\":\"Article\",\"@id\":\"https:\\\/\\\/www.athome.lu\\\/blog\\\/louer\\\/locataire\\\/garantie-locative-quel-delai-de-restitution\\\/#article\",\"isPartOf\":{\"@id\":\"https:\\\/\\\/www.athome.lu\\\/blog\\\/louer\\\/locataire\\\/garantie-locative-quel-delai-de-restitution\\\/\"},\"author\":{\"name\":\"Fanny Pimentel\",\"@id\":\"https:\\\/\\\/www.athome.lu\\\/blog\\\/#\\\/schema\\\/person\\\/47f7a38089f837e792876ceddc4cb2dc\"},\"headline\":\"Garantie locative : quel d\u00e9lai de restitution ?\",\"datePublished\":\"2018-09-18T09:00:21+00:00\",\"dateModified\":\"2022-06-14T15:05:01+00:00\",\"mainEntityOfPage\":{\"@id\":\"https:\\\/\\\/www.athome.lu\\\/blog\\\/louer\\\/locataire\\\/garantie-locative-quel-delai-de-restitution\\\/\"},\"wordCount\":504,\"image\":{\"@id\":\"https:\\\/\\\/www.athome.lu\\\/blog\\\/louer\\\/locataire\\\/garantie-locative-quel-delai-de-restitution\\\/#primaryimage\"},\"thumbnailUrl\":\"https:\\\/\\\/www.athome.lu\\\/blog\\\/wp-content\\\/uploads\\\/2018\\\/09\\\/spain-1849849_1920.jpg\",\"keywords\":[\"Location\"],\"articleSection\":[\"Locataire\"],\"inLanguage\":\"fr-FR\"},{\"@type\":\"WebPage\",\"@id\":\"https:\\\/\\\/www.athome.lu\\\/blog\\\/louer\\\/locataire\\\/garantie-locative-quel-delai-de-restitution\\\/\",\"url\":\"https:\\\/\\\/www.athome.lu\\\/blog\\\/louer\\\/locataire\\\/garantie-locative-quel-delai-de-restitution\\\/\",\"name\":\"Restitution de la Garantie Locative : Quels D\u00e9lais ? - atHome Blog\",\"isPartOf\":{\"@id\":\"https:\\\/\\\/www.athome.lu\\\/blog\\\/#website\"},\"primaryImageOfPage\":{\"@id\":\"https:\\\/\\\/www.athome.lu\\\/blog\\\/louer\\\/locataire\\\/garantie-locative-quel-delai-de-restitution\\\/#primaryimage\"},\"image\":{\"@id\":\"https:\\\/\\\/www.athome.lu\\\/blog\\\/louer\\\/locataire\\\/garantie-locative-quel-delai-de-restitution\\\/#primaryimage\"},\"thumbnailUrl\":\"https:\\\/\\\/www.athome.lu\\\/blog\\\/wp-content\\\/uploads\\\/2018\\\/09\\\/spain-1849849_1920.jpg\",\"datePublished\":\"2018-09-18T09:00:21+00:00\",\"dateModified\":\"2022-06-14T15:05:01+00:00\",\"author\":{\"@id\":\"https:\\\/\\\/www.athome.lu\\\/blog\\\/#\\\/schema\\\/person\\\/47f7a38089f837e792876ceddc4cb2dc\"},\"description\":\"Vous allez r\u00e9silier votre bail locatif et avez vers\u00e9 une caution ? Nous vous expliquons la proc\u00e9dure de restitution de la garantie locative.\",\"breadcrumb\":{\"@id\":\"https:\\\/\\\/www.athome.lu\\\/blog\\\/louer\\\/locataire\\\/garantie-locative-quel-delai-de-restitution\\\/#breadcrumb\"},\"inLanguage\":\"fr-FR\",\"potentialAction\":[{\"@type\":\"ReadAction\",\"target\":[\"https:\\\/\\\/www.athome.lu\\\/blog\\\/louer\\\/locataire\\\/garantie-locative-quel-delai-de-restitution\\\/\"]}]},{\"@type\":\"ImageObject\",\"inLanguage\":\"fr-FR\",\"@id\":\"https:\\\/\\\/www.athome.lu\\\/blog\\\/louer\\\/locataire\\\/garantie-locative-quel-delai-de-restitution\\\/#primaryimage\",\"url\":\"https:\\\/\\\/www.athome.lu\\\/blog\\\/wp-content\\\/uploads\\\/2018\\\/09\\\/spain-1849849_1920.jpg\",\"contentUrl\":\"https:\\\/\\\/www.athome.lu\\\/blog\\\/wp-content\\\/uploads\\\/2018\\\/09\\\/spain-1849849_1920.jpg\",\"width\":1920,\"height\":1079,\"caption\":\"La restitution de la garantie locative\"},{\"@type\":\"BreadcrumbList\",\"@id\":\"https:\\\/\\\/www.athome.lu\\\/blog\\\/louer\\\/locataire\\\/garantie-locative-quel-delai-de-restitution\\\/#breadcrumb\",\"itemListElement\":[{\"@type\":\"ListItem\",\"position\":1,\"name\":\"Accueil\",\"item\":\"https:\\\/\\\/www.athome.lu\\\/blog\\\/\"},{\"@type\":\"ListItem\",\"position\":2,\"name\":\"Louer\",\"item\":\"https:\\\/\\\/www.athome.lu\\\/blog\\\/category\\\/louer\\\/\"},{\"@type\":\"ListItem\",\"position\":3,\"name\":\"Locataire\",\"item\":\"https:\\\/\\\/www.athome.lu\\\/blog\\\/category\\\/louer\\\/locataire\\\/\"},{\"@type\":\"ListItem\",\"position\":4,\"name\":\"Garantie locative : quel d\u00e9lai de restitution ?\"}]},{\"@type\":\"WebSite\",\"@id\":\"https:\\\/\\\/www.athome.lu\\\/blog\\\/#website\",\"url\":\"https:\\\/\\\/www.athome.lu\\\/blog\\\/\",\"name\":\"atHome Blog\",\"description\":\"Annonces immobili\u00e8res au Luxembourg. Le portail immobilier n\u00b01 au Luxembourg.\",\"potentialAction\":[{\"@type\":\"SearchAction\",\"target\":{\"@type\":\"EntryPoint\",\"urlTemplate\":\"https:\\\/\\\/www.athome.lu\\\/blog\\\/?s={search_term_string}\"},\"query-input\":{\"@type\":\"PropertyValueSpecification\",\"valueRequired\":true,\"valueName\":\"search_term_string\"}}],\"inLanguage\":\"fr-FR\"},{\"@type\":\"Person\",\"@id\":\"https:\\\/\\\/www.athome.lu\\\/blog\\\/#\\\/schema\\\/person\\\/47f7a38089f837e792876ceddc4cb2dc\",\"name\":\"Fanny Pimentel\",\"image\":{\"@type\":\"ImageObject\",\"inLanguage\":\"fr-FR\",\"@id\":\"https:\\\/\\\/secure.gravatar.com\\\/avatar\\\/c60b27b93851dc9503f9cc9150e73dcb0a86ba6150657e5e4b11d988400bc633?s=96&d=mm&r=g\",\"url\":\"https:\\\/\\\/secure.gravatar.com\\\/avatar\\\/c60b27b93851dc9503f9cc9150e73dcb0a86ba6150657e5e4b11d988400bc633?s=96&d=mm&r=g\",\"contentUrl\":\"https:\\\/\\\/secure.gravatar.com\\\/avatar\\\/c60b27b93851dc9503f9cc9150e73dcb0a86ba6150657e5e4b11d988400bc633?s=96&d=mm&r=g\",\"caption\":\"Fanny Pimentel\"}}]}<\/script>\n<!-- \/ Yoast SEO plugin. -->","yoast_head_json":{"title":"Restitution de la Garantie Locative : Quels D\u00e9lais ? - atHome Blog","description":"Vous allez r\u00e9silier votre bail locatif et avez vers\u00e9 une caution ? Nous vous expliquons la proc\u00e9dure de restitution de la garantie locative.","robots":{"index":"index","follow":"follow","max-snippet":"max-snippet:-1","max-image-preview":"max-image-preview:large","max-video-preview":"max-video-preview:-1"},"canonical":"https:\/\/www.athome.lu\/blog\/louer\/locataire\/garantie-locative-quel-delai-de-restitution\/","og_locale":"fr_FR","og_type":"article","og_title":"Restitution de la Garantie Locative : Quels D\u00e9lais ? - atHome Blog","og_description":"Vous allez r\u00e9silier votre bail locatif et avez vers\u00e9 une caution ? Nous vous expliquons la proc\u00e9dure de restitution de la garantie locative.","og_url":"https:\/\/www.athome.lu\/blog\/louer\/locataire\/garantie-locative-quel-delai-de-restitution\/","og_site_name":"atHome Blog","article_publisher":"https:\/\/www.facebook.com\/atHome.lu\/","article_published_time":"2018-09-18T09:00:21+00:00","article_modified_time":"2022-06-14T15:05:01+00:00","og_image":[{"width":1920,"height":1079,"url":"https:\/\/www.athome.lu\/blog\/wp-content\/uploads\/2018\/09\/spain-1849849_1920.jpg","type":"image\/jpeg"}],"author":"Fanny Pimentel","twitter_card":"summary_large_image","twitter_creator":"@athomelu","twitter_site":"@athomelu","twitter_misc":{"\u00c9crit par":"Fanny Pimentel","Dur\u00e9e de lecture estim\u00e9e":"3 minutes"},"schema":{"@context":"https:\/\/schema.org","@graph":[{"@type":"Article","@id":"https:\/\/www.athome.lu\/blog\/louer\/locataire\/garantie-locative-quel-delai-de-restitution\/#article","isPartOf":{"@id":"https:\/\/www.athome.lu\/blog\/louer\/locataire\/garantie-locative-quel-delai-de-restitution\/"},"author":{"name":"Fanny Pimentel","@id":"https:\/\/www.athome.lu\/blog\/#\/schema\/person\/47f7a38089f837e792876ceddc4cb2dc"},"headline":"Garantie locative : quel d\u00e9lai de restitution ?","datePublished":"2018-09-18T09:00:21+00:00","dateModified":"2022-06-14T15:05:01+00:00","mainEntityOfPage":{"@id":"https:\/\/www.athome.lu\/blog\/louer\/locataire\/garantie-locative-quel-delai-de-restitution\/"},"wordCount":504,"image":{"@id":"https:\/\/www.athome.lu\/blog\/louer\/locataire\/garantie-locative-quel-delai-de-restitution\/#primaryimage"},"thumbnailUrl":"https:\/\/www.athome.lu\/blog\/wp-content\/uploads\/2018\/09\/spain-1849849_1920.jpg","keywords":["Location"],"articleSection":["Locataire"],"inLanguage":"fr-FR"},{"@type":"WebPage","@id":"https:\/\/www.athome.lu\/blog\/louer\/locataire\/garantie-locative-quel-delai-de-restitution\/","url":"https:\/\/www.athome.lu\/blog\/louer\/locataire\/garantie-locative-quel-delai-de-restitution\/","name":"Restitution de la Garantie Locative : Quels D\u00e9lais ? - atHome Blog","isPartOf":{"@id":"https:\/\/www.athome.lu\/blog\/#website"},"primaryImageOfPage":{"@id":"https:\/\/www.athome.lu\/blog\/louer\/locataire\/garantie-locative-quel-delai-de-restitution\/#primaryimage"},"image":{"@id":"https:\/\/www.athome.lu\/blog\/louer\/locataire\/garantie-locative-quel-delai-de-restitution\/#primaryimage"},"thumbnailUrl":"https:\/\/www.athome.lu\/blog\/wp-content\/uploads\/2018\/09\/spain-1849849_1920.jpg","datePublished":"2018-09-18T09:00:21+00:00","dateModified":"2022-06-14T15:05:01+00:00","author":{"@id":"https:\/\/www.athome.lu\/blog\/#\/schema\/person\/47f7a38089f837e792876ceddc4cb2dc"},"description":"Vous allez r\u00e9silier votre bail locatif et avez vers\u00e9 une caution ? Nous vous expliquons la proc\u00e9dure de restitution de la garantie locative.","breadcrumb":{"@id":"https:\/\/www.athome.lu\/blog\/louer\/locataire\/garantie-locative-quel-delai-de-restitution\/#breadcrumb"},"inLanguage":"fr-FR","potentialAction":[{"@type":"ReadAction","target":["https:\/\/www.athome.lu\/blog\/louer\/locataire\/garantie-locative-quel-delai-de-restitution\/"]}]},{"@type":"ImageObject","inLanguage":"fr-FR","@id":"https:\/\/www.athome.lu\/blog\/louer\/locataire\/garantie-locative-quel-delai-de-restitution\/#primaryimage","url":"https:\/\/www.athome.lu\/blog\/wp-content\/uploads\/2018\/09\/spain-1849849_1920.jpg","contentUrl":"https:\/\/www.athome.lu\/blog\/wp-content\/uploads\/2018\/09\/spain-1849849_1920.jpg","width":1920,"height":1079,"caption":"La restitution de la garantie locative"},{"@type":"BreadcrumbList","@id":"https:\/\/www.athome.lu\/blog\/louer\/locataire\/garantie-locative-quel-delai-de-restitution\/#breadcrumb","itemListElement":[{"@type":"ListItem","position":1,"name":"Accueil","item":"https:\/\/www.athome.lu\/blog\/"},{"@type":"ListItem","position":2,"name":"Louer","item":"https:\/\/www.athome.lu\/blog\/category\/louer\/"},{"@type":"ListItem","position":3,"name":"Locataire","item":"https:\/\/www.athome.lu\/blog\/category\/louer\/locataire\/"},{"@type":"ListItem","position":4,"name":"Garantie locative : quel d\u00e9lai de restitution ?"}]},{"@type":"WebSite","@id":"https:\/\/www.athome.lu\/blog\/#website","url":"https:\/\/www.athome.lu\/blog\/","name":"atHome Blog","description":"Annonces immobili\u00e8res au Luxembourg. Le portail immobilier n\u00b01 au Luxembourg.","potentialAction":[{"@type":"SearchAction","target":{"@type":"EntryPoint","urlTemplate":"https:\/\/www.athome.lu\/blog\/?s={search_term_string}"},"query-input":{"@type":"PropertyValueSpecification","valueRequired":true,"valueName":"search_term_string"}}],"inLanguage":"fr-FR"},{"@type":"Person","@id":"https:\/\/www.athome.lu\/blog\/#\/schema\/person\/47f7a38089f837e792876ceddc4cb2dc","name":"Fanny Pimentel","image":{"@type":"ImageObject","inLanguage":"fr-FR","@id":"https:\/\/secure.gravatar.com\/avatar\/c60b27b93851dc9503f9cc9150e73dcb0a86ba6150657e5e4b11d988400bc633?s=96&d=mm&r=g","url":"https:\/\/secure.gravatar.com\/avatar\/c60b27b93851dc9503f9cc9150e73dcb0a86ba6150657e5e4b11d988400bc633?s=96&d=mm&r=g","contentUrl":"https:\/\/secure.gravatar.com\/avatar\/c60b27b93851dc9503f9cc9150e73dcb0a86ba6150657e5e4b11d988400bc633?s=96&d=mm&r=g","caption":"Fanny Pimentel"}}]}},"featured_media_src_url":"https:\/\/www.athome.lu\/blog\/wp-content\/uploads\/2018\/09\/spain-1849849_1920-1024x575.jpg","_links":{"self":[{"href":"https:\/\/www.athome.lu\/blog\/wp-json\/wp\/v2\/posts\/11530","targetHints":{"allow":["GET"]}}],"collection":[{"href":"https:\/\/www.athome.lu\/blog\/wp-json\/wp\/v2\/posts"}],"about":[{"href":"https:\/\/www.athome.lu\/blog\/wp-json\/wp\/v2\/types\/post"}],"author":[{"embeddable":true,"href":"https:\/\/www.athome.lu\/blog\/wp-json\/wp\/v2\/users\/17"}],"replies":[{"embeddable":true,"href":"https:\/\/www.athome.lu\/blog\/wp-json\/wp\/v2\/comments?post=11530"}],"version-history":[{"count":3,"href":"https:\/\/www.athome.lu\/blog\/wp-json\/wp\/v2\/posts\/11530\/revisions"}],"predecessor-version":[{"id":15576,"href":"https:\/\/www.athome.lu\/blog\/wp-json\/wp\/v2\/posts\/11530\/revisions\/15576"}],"wp:featuredmedia":[{"embeddable":true,"href":"https:\/\/www.athome.lu\/blog\/wp-json\/wp\/v2\/media\/11531"}],"wp:attachment":[{"href":"https:\/\/www.athome.lu\/blog\/wp-json\/wp\/v2\/media?parent=11530"}],"wp:term":[{"taxonomy":"category","embeddable":true,"href":"https:\/\/www.athome.lu\/blog\/wp-json\/wp\/v2\/categories?post=11530"},{"taxonomy":"post_tag","embeddable":true,"href":"https:\/\/www.athome.lu\/blog\/wp-json\/wp\/v2\/tags?post=11530"}],"curies":[{"name":"wp","href":"https:\/\/api.w.org\/{rel}","templated":true}]}}