{"id":11648,"date":"2018-10-23T10:46:19","date_gmt":"2018-10-23T09:46:19","guid":{"rendered":"https:\/\/www.athome.lu\/blog\/?p=11648"},"modified":"2022-06-14T10:21:22","modified_gmt":"2022-06-14T08:21:22","slug":"top-5-des-quartiers-les-plus-chers-a-la-location-a-luxembourg","status":"publish","type":"post","link":"https:\/\/www.athome.lu\/blog\/marche-immobilier\/prix\/top-5-des-quartiers-les-plus-chers-a-la-location-a-luxembourg\/","title":{"rendered":"Top 5 des quartiers les plus chers \u00e0 la location \u00e0 Luxembourg"},"content":{"rendered":"<p><span style=\"color: #000000;\">Vous vous demandez quels sont les quartiers les plus chers \u00e0 Luxembourg ? Voici notre analyse, bas\u00e9e sur les donn\u00e9es des annonces atHome. (Toutefois, pour consulter les derni\u00e8re analyses de prix, consultez <a href=\"https:\/\/www.athome.lu\/blog\/blog\/\/marche-immobilier\/prix\/\">cette rubrique de notre blog<\/a>).<\/span><\/p>\n<p><span style=\"color: #000000;\">Ce qu'il faut retenir de l'\u00e9volution des prix de l'immobilier luxembourgeois :<\/span><\/p>\n<ul>\n<li><span style=\"color: #000000;\">La ville de Luxembourg concentre \u00e0 elle seule une majorit\u00e9 des appartements en location. <\/span><\/li>\n<li><span style=\"color: #000000;\">En moyenne pour louer un logement de 2 chambres dans la capitale, il faut pr\u00e9voir un loyer mensuel de 1 926 euros.<\/span><\/li>\n<li>Cependant, selon les quartiers les prix des locations peuvent varier, parfois fortement d\u2019un secteur \u00e0 l\u2019autre.<\/li>\n<\/ul>\n<p><span style=\"color: #000000;\">Pour vous guider dans votre recherche, nous vous pr\u00e9sentons le top 5 des quartiers les plus chers \u00e0 la location \u00e0 Luxembourg-ville, et \u00e0 l\u2019inverse le top 5 des quartiers les moins chers pour louer un appartement.<\/span><\/p>\n<h2><strong><span style=\"color: #000000;\">Les quartiers qui ont la cote \u00e0 Luxembourg-ville<\/span><\/strong><\/h2>\n<p><span style=\"color: #000000;\">Sur le podium des quartiers o\u00f9 les prix des loyers sont les plus \u00e9lev\u00e9s, Clausen occupe la premi\u00e8re place. Le prix moyen de location pour un appartement de 2 chambres atteint les 2\u00a0571 euros par mois. Viennent ensuite les quartiers de Pfaffenthal, Limpertsberg, le centre-ville et enfin Merl.<\/span><\/p>\n<p><a href=\"https:\/\/www.athome.lu\/blog\/blog\/wp-content\/uploads\/2018\/10\/loyers-plus-chers.png\"><img loading=\"lazy\" decoding=\"async\" class=\"normal aligncenter wp-image-11650\" src=\"https:\/\/www.athome.lu\/blog\/blog\/wp-content\/uploads\/2018\/10\/loyers-plus-chers-491x1024.png\" alt=\"Top 5 des quartiers les plus chers \u00e0 la location \u00e0 Luxembourg\" width=\"400\" height=\"834\" srcset=\"https:\/\/www.athome.lu\/blog\/wp-content\/uploads\/2018\/10\/loyers-plus-chers-491x1024.png 491w, https:\/\/www.athome.lu\/blog\/wp-content\/uploads\/2018\/10\/loyers-plus-chers-144x300.png 144w, https:\/\/www.athome.lu\/blog\/wp-content\/uploads\/2018\/10\/loyers-plus-chers-768x1601.png 768w, https:\/\/www.athome.lu\/blog\/wp-content\/uploads\/2018\/10\/loyers-plus-chers-737x1536.png 737w, https:\/\/www.athome.lu\/blog\/wp-content\/uploads\/2018\/10\/loyers-plus-chers-6x12.png 6w, https:\/\/www.athome.lu\/blog\/wp-content\/uploads\/2018\/10\/loyers-plus-chers.png 800w\" sizes=\"auto, (max-width: 400px) 100vw, 400px\" \/><\/a><\/p>\n<p><span style=\"color: #000000;\">Vous l\u2019avez compris, si votre budget est limit\u00e9, ces quartiers sont \u00e0 \u00e9viter. Vous pourrez toutefois cibler d\u2019autres quartiers o\u00f9 les prix des loyers sont au contraire plus faibles que la moyenne dans la capitale.<\/span><\/p>\n<h2><span style=\"color: #000000;\"><strong>Les quartiers les moins chers \u00e0 Luxembourg-ville<\/strong><\/span><\/h2>\n<p><span style=\"color: #000000;\">Pour faire des \u00e9conomies, certains quartiers de la ville affichent des loyers plus attrayants que d\u2019autres. Ainsi, le secteur le moins cher pour louer un appartement de 2 chambres est Bonnevoie. Le prix \u00e0 la location est en moyenne 1\u00a0608 euros par mois. <\/span><br \/><span style=\"color: #000000;\">Les quartiers de Gasperich, Neufdorf, Cessange et Eich compl\u00e8tent quant \u00e0 eux notre top 5 des quartiers les moins on\u00e9reux de la ville.<\/span><\/p>\n<p><a href=\"https:\/\/www.athome.lu\/blog\/blog\/wp-content\/uploads\/2018\/10\/loyers-moins-chers.png\"><img loading=\"lazy\" decoding=\"async\" class=\"normal aligncenter wp-image-11651\" src=\"https:\/\/www.athome.lu\/blog\/blog\/wp-content\/uploads\/2018\/10\/loyers-moins-chers-483x1024.png\" alt=\"Les quartiers les moins chers \u00e0 Luxembourg-ville\" width=\"400\" height=\"849\" srcset=\"https:\/\/www.athome.lu\/blog\/wp-content\/uploads\/2018\/10\/loyers-moins-chers-483x1024.png 483w, https:\/\/www.athome.lu\/blog\/wp-content\/uploads\/2018\/10\/loyers-moins-chers-141x300.png 141w, https:\/\/www.athome.lu\/blog\/wp-content\/uploads\/2018\/10\/loyers-moins-chers-768x1629.png 768w, https:\/\/www.athome.lu\/blog\/wp-content\/uploads\/2018\/10\/loyers-moins-chers-724x1536.png 724w, https:\/\/www.athome.lu\/blog\/wp-content\/uploads\/2018\/10\/loyers-moins-chers-6x12.png 6w, https:\/\/www.athome.lu\/blog\/wp-content\/uploads\/2018\/10\/loyers-moins-chers.png 800w\" sizes=\"auto, (max-width: 400px) 100vw, 400px\" \/><\/a><\/p>\n<p>Source : atHomeMagazine octobre 2018<\/p>\n\n<section id=\"section-3-14695\" class=\" ct-section\" ><div class=\"ct-section-inner-wrap\"><div id=\"div_block-4-14695\" class=\"ct-div-block\" ><div id=\"new_columns-7-14695\" class=\"ct-new-columns\" ><div id=\"div_block-8-14695\" class=\"ct-div-block\" ><div id=\"div_block-14-14695\" class=\"ct-div-block\" ><\/div><\/div><div id=\"div_block-9-14695\" class=\"ct-div-block\" ><h1 id=\"headline-11-14695\" class=\"ct-headline\">Quels sont les prix de l'immobilier en ce moment ?<\/h1><div id=\"text_block-12-14695\" class=\"ct-text-block\" >Les prix ralentissent. Les taux d'int\u00e9r\u00eat augmentent. Quelles tendances pour les mois \u00e0 venir ?<\/div><a id=\"link_button-13-14695\" class=\"ct-link-button\" href=\"https:\/\/www.athome.lu\/blog\/blog\/marche-immobilier\/prix\/tendances-2022\/\" target=\"_blank\"  >Lire l'analyse<\/a><\/div><\/div><\/div><\/div><\/section>","protected":false},"excerpt":{"rendered":"<p>Vous vous demandez quels sont les quartiers les plus chers \u00e0 Luxembourg ? Voici notre analyse, bas\u00e9e sur les donn\u00e9es des annonces atHome. (Toutefois, pour consulter les derni\u00e8re analyses de prix, consultez cette rubrique de notre blog). Ce qu'il faut retenir de l'\u00e9volution des prix de l'immobilier luxembourgeois : La ville de Luxembourg concentre \u00e0 [&hellip;]<\/p>\n","protected":false},"author":17,"featured_media":11654,"comment_status":"closed","ping_status":"open","sticky":false,"template":"","format":"standard","meta":{"_acf_changed":false,"footnotes":""},"categories":[219],"tags":[49,86],"class_list":["post-11648","post","type-post","status-publish","format-standard","has-post-thumbnail","hentry","category-prix","tag-location","tag-loyer"],"acf":[],"yoast_head":"<!-- This site is optimized with the Yoast SEO plugin v27.4 - https:\/\/yoast.com\/product\/yoast-seo-wordpress\/ -->\n<title>Les Quartiers les Plus Chers \u00e0 la Location au Luxembourg | atHome<\/title>\n<meta name=\"description\" content=\"Pour vous guider dans votre recherche, nous vous pr\u00e9sentons le top 5 des quartiers les plus chers \u00e0 la location \u00e0 Luxembourg-ville...\" \/>\n<meta name=\"robots\" content=\"index, follow, max-snippet:-1, max-image-preview:large, max-video-preview:-1\" \/>\n<link rel=\"canonical\" href=\"https:\/\/www.athome.lu\/blog\/marche-immobilier\/prix\/top-5-des-quartiers-les-plus-chers-a-la-location-a-luxembourg\/\" \/>\n<meta property=\"og:locale\" content=\"fr_FR\" \/>\n<meta property=\"og:type\" content=\"article\" \/>\n<meta property=\"og:title\" content=\"Les Quartiers les Plus Chers \u00e0 la Location au Luxembourg | atHome\" \/>\n<meta property=\"og:description\" content=\"Pour vous guider dans votre recherche, nous vous pr\u00e9sentons le top 5 des quartiers les plus chers \u00e0 la location \u00e0 Luxembourg-ville...\" \/>\n<meta property=\"og:url\" content=\"https:\/\/www.athome.lu\/blog\/marche-immobilier\/prix\/top-5-des-quartiers-les-plus-chers-a-la-location-a-luxembourg\/\" \/>\n<meta property=\"og:site_name\" content=\"atHome Blog\" \/>\n<meta property=\"article:publisher\" content=\"https:\/\/www.facebook.com\/atHome.lu\/\" \/>\n<meta property=\"article:published_time\" content=\"2018-10-23T09:46:19+00:00\" \/>\n<meta property=\"article:modified_time\" content=\"2022-06-14T08:21:22+00:00\" \/>\n<meta property=\"og:image\" content=\"https:\/\/www.athome.lu\/blog\/wp-content\/uploads\/2018\/10\/luxembourg-ville-saint-esprit.jpg\" \/>\n\t<meta property=\"og:image:width\" content=\"1200\" \/>\n\t<meta property=\"og:image:height\" content=\"800\" \/>\n\t<meta property=\"og:image:type\" content=\"image\/jpeg\" \/>\n<meta name=\"author\" content=\"Fanny Pimentel\" \/>\n<meta name=\"twitter:card\" content=\"summary_large_image\" \/>\n<meta name=\"twitter:creator\" content=\"@athomelu\" \/>\n<meta name=\"twitter:site\" content=\"@athomelu\" \/>\n<meta name=\"twitter:label1\" content=\"\u00c9crit par\" \/>\n\t<meta name=\"twitter:data1\" content=\"Fanny Pimentel\" \/>\n\t<meta name=\"twitter:label2\" content=\"Dur\u00e9e de lecture estim\u00e9e\" \/>\n\t<meta name=\"twitter:data2\" content=\"2 minutes\" \/>\n<script type=\"application\/ld+json\" class=\"yoast-schema-graph\">{\"@context\":\"https:\\\/\\\/schema.org\",\"@graph\":[{\"@type\":\"Article\",\"@id\":\"https:\\\/\\\/www.athome.lu\\\/blog\\\/marche-immobilier\\\/prix\\\/top-5-des-quartiers-les-plus-chers-a-la-location-a-luxembourg\\\/#article\",\"isPartOf\":{\"@id\":\"https:\\\/\\\/www.athome.lu\\\/blog\\\/marche-immobilier\\\/prix\\\/top-5-des-quartiers-les-plus-chers-a-la-location-a-luxembourg\\\/\"},\"author\":{\"name\":\"Fanny Pimentel\",\"@id\":\"https:\\\/\\\/www.athome.lu\\\/blog\\\/#\\\/schema\\\/person\\\/47f7a38089f837e792876ceddc4cb2dc\"},\"headline\":\"Top 5 des quartiers les plus chers \u00e0 la location \u00e0 Luxembourg\",\"datePublished\":\"2018-10-23T09:46:19+00:00\",\"dateModified\":\"2022-06-14T08:21:22+00:00\",\"mainEntityOfPage\":{\"@id\":\"https:\\\/\\\/www.athome.lu\\\/blog\\\/marche-immobilier\\\/prix\\\/top-5-des-quartiers-les-plus-chers-a-la-location-a-luxembourg\\\/\"},\"wordCount\":307,\"image\":{\"@id\":\"https:\\\/\\\/www.athome.lu\\\/blog\\\/marche-immobilier\\\/prix\\\/top-5-des-quartiers-les-plus-chers-a-la-location-a-luxembourg\\\/#primaryimage\"},\"thumbnailUrl\":\"https:\\\/\\\/www.athome.lu\\\/blog\\\/wp-content\\\/uploads\\\/2018\\\/10\\\/luxembourg-ville-saint-esprit.jpg\",\"keywords\":[\"Location\",\"Loyer\"],\"articleSection\":[\"Prix\"],\"inLanguage\":\"fr-FR\"},{\"@type\":\"WebPage\",\"@id\":\"https:\\\/\\\/www.athome.lu\\\/blog\\\/marche-immobilier\\\/prix\\\/top-5-des-quartiers-les-plus-chers-a-la-location-a-luxembourg\\\/\",\"url\":\"https:\\\/\\\/www.athome.lu\\\/blog\\\/marche-immobilier\\\/prix\\\/top-5-des-quartiers-les-plus-chers-a-la-location-a-luxembourg\\\/\",\"name\":\"Les Quartiers les Plus Chers \u00e0 la Location au Luxembourg | atHome\",\"isPartOf\":{\"@id\":\"https:\\\/\\\/www.athome.lu\\\/blog\\\/#website\"},\"primaryImageOfPage\":{\"@id\":\"https:\\\/\\\/www.athome.lu\\\/blog\\\/marche-immobilier\\\/prix\\\/top-5-des-quartiers-les-plus-chers-a-la-location-a-luxembourg\\\/#primaryimage\"},\"image\":{\"@id\":\"https:\\\/\\\/www.athome.lu\\\/blog\\\/marche-immobilier\\\/prix\\\/top-5-des-quartiers-les-plus-chers-a-la-location-a-luxembourg\\\/#primaryimage\"},\"thumbnailUrl\":\"https:\\\/\\\/www.athome.lu\\\/blog\\\/wp-content\\\/uploads\\\/2018\\\/10\\\/luxembourg-ville-saint-esprit.jpg\",\"datePublished\":\"2018-10-23T09:46:19+00:00\",\"dateModified\":\"2022-06-14T08:21:22+00:00\",\"author\":{\"@id\":\"https:\\\/\\\/www.athome.lu\\\/blog\\\/#\\\/schema\\\/person\\\/47f7a38089f837e792876ceddc4cb2dc\"},\"description\":\"Pour vous guider dans votre recherche, nous vous pr\u00e9sentons le top 5 des quartiers les plus chers \u00e0 la location \u00e0 Luxembourg-ville...\",\"breadcrumb\":{\"@id\":\"https:\\\/\\\/www.athome.lu\\\/blog\\\/marche-immobilier\\\/prix\\\/top-5-des-quartiers-les-plus-chers-a-la-location-a-luxembourg\\\/#breadcrumb\"},\"inLanguage\":\"fr-FR\",\"potentialAction\":[{\"@type\":\"ReadAction\",\"target\":[\"https:\\\/\\\/www.athome.lu\\\/blog\\\/marche-immobilier\\\/prix\\\/top-5-des-quartiers-les-plus-chers-a-la-location-a-luxembourg\\\/\"]}]},{\"@type\":\"ImageObject\",\"inLanguage\":\"fr-FR\",\"@id\":\"https:\\\/\\\/www.athome.lu\\\/blog\\\/marche-immobilier\\\/prix\\\/top-5-des-quartiers-les-plus-chers-a-la-location-a-luxembourg\\\/#primaryimage\",\"url\":\"https:\\\/\\\/www.athome.lu\\\/blog\\\/wp-content\\\/uploads\\\/2018\\\/10\\\/luxembourg-ville-saint-esprit.jpg\",\"contentUrl\":\"https:\\\/\\\/www.athome.lu\\\/blog\\\/wp-content\\\/uploads\\\/2018\\\/10\\\/luxembourg-ville-saint-esprit.jpg\",\"width\":1200,\"height\":800,\"caption\":\"quartiers les plus chers \u00e0 la location \u00e0 Luxembourg\"},{\"@type\":\"BreadcrumbList\",\"@id\":\"https:\\\/\\\/www.athome.lu\\\/blog\\\/marche-immobilier\\\/prix\\\/top-5-des-quartiers-les-plus-chers-a-la-location-a-luxembourg\\\/#breadcrumb\",\"itemListElement\":[{\"@type\":\"ListItem\",\"position\":1,\"name\":\"Accueil\",\"item\":\"https:\\\/\\\/www.athome.lu\\\/blog\\\/\"},{\"@type\":\"ListItem\",\"position\":2,\"name\":\"March\u00e9 immobilier\",\"item\":\"https:\\\/\\\/www.athome.lu\\\/blog\\\/category\\\/marche-immobilier\\\/\"},{\"@type\":\"ListItem\",\"position\":3,\"name\":\"Prix\",\"item\":\"https:\\\/\\\/www.athome.lu\\\/blog\\\/category\\\/marche-immobilier\\\/prix\\\/\"},{\"@type\":\"ListItem\",\"position\":4,\"name\":\"Top 5 des quartiers les plus chers \u00e0 la location \u00e0 Luxembourg\"}]},{\"@type\":\"WebSite\",\"@id\":\"https:\\\/\\\/www.athome.lu\\\/blog\\\/#website\",\"url\":\"https:\\\/\\\/www.athome.lu\\\/blog\\\/\",\"name\":\"atHome Blog\",\"description\":\"Annonces immobili\u00e8res au Luxembourg. Le portail immobilier n\u00b01 au Luxembourg.\",\"potentialAction\":[{\"@type\":\"SearchAction\",\"target\":{\"@type\":\"EntryPoint\",\"urlTemplate\":\"https:\\\/\\\/www.athome.lu\\\/blog\\\/?s={search_term_string}\"},\"query-input\":{\"@type\":\"PropertyValueSpecification\",\"valueRequired\":true,\"valueName\":\"search_term_string\"}}],\"inLanguage\":\"fr-FR\"},{\"@type\":\"Person\",\"@id\":\"https:\\\/\\\/www.athome.lu\\\/blog\\\/#\\\/schema\\\/person\\\/47f7a38089f837e792876ceddc4cb2dc\",\"name\":\"Fanny Pimentel\",\"image\":{\"@type\":\"ImageObject\",\"inLanguage\":\"fr-FR\",\"@id\":\"https:\\\/\\\/secure.gravatar.com\\\/avatar\\\/c60b27b93851dc9503f9cc9150e73dcb0a86ba6150657e5e4b11d988400bc633?s=96&d=mm&r=g\",\"url\":\"https:\\\/\\\/secure.gravatar.com\\\/avatar\\\/c60b27b93851dc9503f9cc9150e73dcb0a86ba6150657e5e4b11d988400bc633?s=96&d=mm&r=g\",\"contentUrl\":\"https:\\\/\\\/secure.gravatar.com\\\/avatar\\\/c60b27b93851dc9503f9cc9150e73dcb0a86ba6150657e5e4b11d988400bc633?s=96&d=mm&r=g\",\"caption\":\"Fanny Pimentel\"}}]}<\/script>\n<!-- \/ Yoast SEO plugin. -->","yoast_head_json":{"title":"Les Quartiers les Plus Chers \u00e0 la Location au Luxembourg | atHome","description":"Pour vous guider dans votre recherche, nous vous pr\u00e9sentons le top 5 des quartiers les plus chers \u00e0 la location \u00e0 Luxembourg-ville...","robots":{"index":"index","follow":"follow","max-snippet":"max-snippet:-1","max-image-preview":"max-image-preview:large","max-video-preview":"max-video-preview:-1"},"canonical":"https:\/\/www.athome.lu\/blog\/marche-immobilier\/prix\/top-5-des-quartiers-les-plus-chers-a-la-location-a-luxembourg\/","og_locale":"fr_FR","og_type":"article","og_title":"Les Quartiers les Plus Chers \u00e0 la Location au Luxembourg | atHome","og_description":"Pour vous guider dans votre recherche, nous vous pr\u00e9sentons le top 5 des quartiers les plus chers \u00e0 la location \u00e0 Luxembourg-ville...","og_url":"https:\/\/www.athome.lu\/blog\/marche-immobilier\/prix\/top-5-des-quartiers-les-plus-chers-a-la-location-a-luxembourg\/","og_site_name":"atHome Blog","article_publisher":"https:\/\/www.facebook.com\/atHome.lu\/","article_published_time":"2018-10-23T09:46:19+00:00","article_modified_time":"2022-06-14T08:21:22+00:00","og_image":[{"width":1200,"height":800,"url":"https:\/\/www.athome.lu\/blog\/wp-content\/uploads\/2018\/10\/luxembourg-ville-saint-esprit.jpg","type":"image\/jpeg"}],"author":"Fanny Pimentel","twitter_card":"summary_large_image","twitter_creator":"@athomelu","twitter_site":"@athomelu","twitter_misc":{"\u00c9crit par":"Fanny Pimentel","Dur\u00e9e de lecture estim\u00e9e":"2 minutes"},"schema":{"@context":"https:\/\/schema.org","@graph":[{"@type":"Article","@id":"https:\/\/www.athome.lu\/blog\/marche-immobilier\/prix\/top-5-des-quartiers-les-plus-chers-a-la-location-a-luxembourg\/#article","isPartOf":{"@id":"https:\/\/www.athome.lu\/blog\/marche-immobilier\/prix\/top-5-des-quartiers-les-plus-chers-a-la-location-a-luxembourg\/"},"author":{"name":"Fanny Pimentel","@id":"https:\/\/www.athome.lu\/blog\/#\/schema\/person\/47f7a38089f837e792876ceddc4cb2dc"},"headline":"Top 5 des quartiers les plus chers \u00e0 la location \u00e0 Luxembourg","datePublished":"2018-10-23T09:46:19+00:00","dateModified":"2022-06-14T08:21:22+00:00","mainEntityOfPage":{"@id":"https:\/\/www.athome.lu\/blog\/marche-immobilier\/prix\/top-5-des-quartiers-les-plus-chers-a-la-location-a-luxembourg\/"},"wordCount":307,"image":{"@id":"https:\/\/www.athome.lu\/blog\/marche-immobilier\/prix\/top-5-des-quartiers-les-plus-chers-a-la-location-a-luxembourg\/#primaryimage"},"thumbnailUrl":"https:\/\/www.athome.lu\/blog\/wp-content\/uploads\/2018\/10\/luxembourg-ville-saint-esprit.jpg","keywords":["Location","Loyer"],"articleSection":["Prix"],"inLanguage":"fr-FR"},{"@type":"WebPage","@id":"https:\/\/www.athome.lu\/blog\/marche-immobilier\/prix\/top-5-des-quartiers-les-plus-chers-a-la-location-a-luxembourg\/","url":"https:\/\/www.athome.lu\/blog\/marche-immobilier\/prix\/top-5-des-quartiers-les-plus-chers-a-la-location-a-luxembourg\/","name":"Les Quartiers les Plus Chers \u00e0 la Location au Luxembourg | atHome","isPartOf":{"@id":"https:\/\/www.athome.lu\/blog\/#website"},"primaryImageOfPage":{"@id":"https:\/\/www.athome.lu\/blog\/marche-immobilier\/prix\/top-5-des-quartiers-les-plus-chers-a-la-location-a-luxembourg\/#primaryimage"},"image":{"@id":"https:\/\/www.athome.lu\/blog\/marche-immobilier\/prix\/top-5-des-quartiers-les-plus-chers-a-la-location-a-luxembourg\/#primaryimage"},"thumbnailUrl":"https:\/\/www.athome.lu\/blog\/wp-content\/uploads\/2018\/10\/luxembourg-ville-saint-esprit.jpg","datePublished":"2018-10-23T09:46:19+00:00","dateModified":"2022-06-14T08:21:22+00:00","author":{"@id":"https:\/\/www.athome.lu\/blog\/#\/schema\/person\/47f7a38089f837e792876ceddc4cb2dc"},"description":"Pour vous guider dans votre recherche, nous vous pr\u00e9sentons le top 5 des quartiers les plus chers \u00e0 la location \u00e0 Luxembourg-ville...","breadcrumb":{"@id":"https:\/\/www.athome.lu\/blog\/marche-immobilier\/prix\/top-5-des-quartiers-les-plus-chers-a-la-location-a-luxembourg\/#breadcrumb"},"inLanguage":"fr-FR","potentialAction":[{"@type":"ReadAction","target":["https:\/\/www.athome.lu\/blog\/marche-immobilier\/prix\/top-5-des-quartiers-les-plus-chers-a-la-location-a-luxembourg\/"]}]},{"@type":"ImageObject","inLanguage":"fr-FR","@id":"https:\/\/www.athome.lu\/blog\/marche-immobilier\/prix\/top-5-des-quartiers-les-plus-chers-a-la-location-a-luxembourg\/#primaryimage","url":"https:\/\/www.athome.lu\/blog\/wp-content\/uploads\/2018\/10\/luxembourg-ville-saint-esprit.jpg","contentUrl":"https:\/\/www.athome.lu\/blog\/wp-content\/uploads\/2018\/10\/luxembourg-ville-saint-esprit.jpg","width":1200,"height":800,"caption":"quartiers les plus chers \u00e0 la location \u00e0 Luxembourg"},{"@type":"BreadcrumbList","@id":"https:\/\/www.athome.lu\/blog\/marche-immobilier\/prix\/top-5-des-quartiers-les-plus-chers-a-la-location-a-luxembourg\/#breadcrumb","itemListElement":[{"@type":"ListItem","position":1,"name":"Accueil","item":"https:\/\/www.athome.lu\/blog\/"},{"@type":"ListItem","position":2,"name":"March\u00e9 immobilier","item":"https:\/\/www.athome.lu\/blog\/category\/marche-immobilier\/"},{"@type":"ListItem","position":3,"name":"Prix","item":"https:\/\/www.athome.lu\/blog\/category\/marche-immobilier\/prix\/"},{"@type":"ListItem","position":4,"name":"Top 5 des quartiers les plus chers \u00e0 la location \u00e0 Luxembourg"}]},{"@type":"WebSite","@id":"https:\/\/www.athome.lu\/blog\/#website","url":"https:\/\/www.athome.lu\/blog\/","name":"atHome Blog","description":"Annonces immobili\u00e8res au Luxembourg. Le portail immobilier n\u00b01 au Luxembourg.","potentialAction":[{"@type":"SearchAction","target":{"@type":"EntryPoint","urlTemplate":"https:\/\/www.athome.lu\/blog\/?s={search_term_string}"},"query-input":{"@type":"PropertyValueSpecification","valueRequired":true,"valueName":"search_term_string"}}],"inLanguage":"fr-FR"},{"@type":"Person","@id":"https:\/\/www.athome.lu\/blog\/#\/schema\/person\/47f7a38089f837e792876ceddc4cb2dc","name":"Fanny Pimentel","image":{"@type":"ImageObject","inLanguage":"fr-FR","@id":"https:\/\/secure.gravatar.com\/avatar\/c60b27b93851dc9503f9cc9150e73dcb0a86ba6150657e5e4b11d988400bc633?s=96&d=mm&r=g","url":"https:\/\/secure.gravatar.com\/avatar\/c60b27b93851dc9503f9cc9150e73dcb0a86ba6150657e5e4b11d988400bc633?s=96&d=mm&r=g","contentUrl":"https:\/\/secure.gravatar.com\/avatar\/c60b27b93851dc9503f9cc9150e73dcb0a86ba6150657e5e4b11d988400bc633?s=96&d=mm&r=g","caption":"Fanny Pimentel"}}]}},"featured_media_src_url":"https:\/\/www.athome.lu\/blog\/wp-content\/uploads\/2018\/10\/luxembourg-ville-saint-esprit-1024x683.jpg","_links":{"self":[{"href":"https:\/\/www.athome.lu\/blog\/wp-json\/wp\/v2\/posts\/11648","targetHints":{"allow":["GET"]}}],"collection":[{"href":"https:\/\/www.athome.lu\/blog\/wp-json\/wp\/v2\/posts"}],"about":[{"href":"https:\/\/www.athome.lu\/blog\/wp-json\/wp\/v2\/types\/post"}],"author":[{"embeddable":true,"href":"https:\/\/www.athome.lu\/blog\/wp-json\/wp\/v2\/users\/17"}],"replies":[{"embeddable":true,"href":"https:\/\/www.athome.lu\/blog\/wp-json\/wp\/v2\/comments?post=11648"}],"version-history":[{"count":3,"href":"https:\/\/www.athome.lu\/blog\/wp-json\/wp\/v2\/posts\/11648\/revisions"}],"predecessor-version":[{"id":15494,"href":"https:\/\/www.athome.lu\/blog\/wp-json\/wp\/v2\/posts\/11648\/revisions\/15494"}],"wp:featuredmedia":[{"embeddable":true,"href":"https:\/\/www.athome.lu\/blog\/wp-json\/wp\/v2\/media\/11654"}],"wp:attachment":[{"href":"https:\/\/www.athome.lu\/blog\/wp-json\/wp\/v2\/media?parent=11648"}],"wp:term":[{"taxonomy":"category","embeddable":true,"href":"https:\/\/www.athome.lu\/blog\/wp-json\/wp\/v2\/categories?post=11648"},{"taxonomy":"post_tag","embeddable":true,"href":"https:\/\/www.athome.lu\/blog\/wp-json\/wp\/v2\/tags?post=11648"}],"curies":[{"name":"wp","href":"https:\/\/api.w.org\/{rel}","templated":true}]}}