{"id":11658,"date":"2018-10-29T10:53:57","date_gmt":"2018-10-29T09:53:57","guid":{"rendered":"https:\/\/www.athome.lu\/blog\/?p=11658"},"modified":"2022-05-11T16:51:03","modified_gmt":"2022-05-11T14:51:03","slug":"focus-sur-le-marche-immobilier-dans-le-nord","status":"publish","type":"post","link":"https:\/\/www.athome.lu\/blog\/marche-immobilier\/prix\/focus-sur-le-marche-immobilier-dans-le-nord\/","title":{"rendered":"Focus sur le march\u00e9 immobilier dans le Nord"},"content":{"rendered":"\n<p><span style=\"color: #000000;\">En immobilier, le Nord du Grand-Duch\u00e9 est la r\u00e9gion la moins ch\u00e8re du pays ! Malgr\u00e9 ce constat, elle n'attire pas les futurs acqu\u00e9reurs qui lui pr\u00e9f\u00e8rent le centre et le sud du Luxembourg.<\/span><\/p>\n\n\n\n<p><span style=\"color: #000000;\">Les prix de vente sont pourtant attractifs.<\/span> <span style=\"color: #000000;\">Pour un appartement le prix moyen affich\u00e9 est de \"seulement\" 356 024 euros et de 585 289 euros pour une maison (prix moyen affich\u00e9 en septembre 2018).<\/span><\/p>\n\n\n\n<p><span style=\"color: #000000;\">On note toutefois une augmentation cons\u00e9quente des prix sur les 6 derniers mois, de l'ordre de 4 \u00e0 8% en moyenne selon le type de bien. Cette forte hausse de prix est par ailleurs constat\u00e9e dans l'ensemble du pays.<\/span><\/p>\n\n\n\n<h2 class=\"wp-block-heading\"><span style=\"color: #000000;\"><strong>Les prix des appartements dans le nord<\/strong><\/span><\/h2>\n\n\n\n<p><span style=\"color: #000000;\">Les appartements en vente dans la r\u00e9gion Nord sont peu nombreux et repr\u00e9sentent 10% de l'offre nationale. Pour acheter ce type de bien, le budget moyen dans la r\u00e9gion est de 356 024 euros. C'est 8% d'augmentation sur le semestre \u00e9coul\u00e9 (variation entre mars et septembre 2018).<\/span><\/p>\n\n\n\n<p><span style=\"color: #000000;\">Toutefois, les prix moyens pour ce type de logement sont encore inf\u00e9rieurs \u00e0 22% au prix moyen national.<\/span><\/p>\n\n\n\n<h2 class=\"wp-block-heading\"><span style=\"color: #000000;\"><strong>Les prix des maisons dans le nord<\/strong><\/span><\/h2>\n\n\n\n<p><span style=\"color: #000000;\">Bien que l'offre immobili\u00e8re soit faible dans la r\u00e9gion Nord, elle est id\u00e9ale pour les familles qui recherchent \u00e0 acheter une maison. <\/span><\/p>\n\n\n\n<p><span style=\"color: #000000;\">La r\u00e9gion propose en effet une majorit\u00e9 de maisons, \u00e0 des prix inf\u00e9rieurs \u00e0 la moyenne dans le pays de 23 %.&nbsp; Pr\u00e8s de la moiti\u00e9 d'entre elles (42%) sont d'ailleurs des maisons familiales de 4 chambres. En septembre 2018, le budget moyen pour ce type de bien est de 608 229 euros. Sur les 6 derniers mois, l'augmentation de prix est de 6%.<\/span><\/p>\n\n\n\n<p><span style=\"color: #000000;\">Enfin, notez que les communes les plus recherch\u00e9es dans le Nord sont <a href=\"https:\/\/www.athome.lu\/blog\/blog\/ettelbruck-une-commune-pleine-datouts\/\">Ettelbruck<\/a>, Diekirch et Wiltz.<\/span><\/p>\n\n\n<section id=\"section-3-14695\" class=\" ct-section\" ><div class=\"ct-section-inner-wrap\"><div id=\"div_block-4-14695\" class=\"ct-div-block\" ><div id=\"new_columns-7-14695\" class=\"ct-new-columns\" ><div id=\"div_block-8-14695\" class=\"ct-div-block\" ><div id=\"div_block-14-14695\" class=\"ct-div-block\" ><\/div><\/div><div id=\"div_block-9-14695\" class=\"ct-div-block\" ><h1 id=\"headline-11-14695\" class=\"ct-headline\">Quels sont les prix de l'immobilier en ce moment ?<\/h1><div id=\"text_block-12-14695\" class=\"ct-text-block\" >Les prix ralentissent. Les taux d'int\u00e9r\u00eat augmentent. Quelles tendances pour les mois \u00e0 venir ?<\/div><a id=\"link_button-13-14695\" class=\"ct-link-button\" href=\"https:\/\/www.athome.lu\/blog\/blog\/marche-immobilier\/prix\/tendances-2022\/\" target=\"_blank\"  >Lire l'analyse<\/a><\/div><\/div><\/div><\/div><\/section>\n\n\n<p><span style=\"color: #808080;\"><em>Source<\/em>&nbsp;:<em> Les statistiques pr\u00e9sent\u00e9es dans cet article, et dans atHome Magazine, se basent sur les prix affich\u00e9s dans les annonces publi\u00e9es sur atHome.lu entre septembre 2017 et septembre 2018. L\u2019\u00e9chantillon statistique se compose de plus de 21&nbsp;000 annonces immobili\u00e8res.<\/em><\/span><\/p>\n","protected":false},"excerpt":{"rendered":"<p>En immobilier, le Nord du Grand-Duch\u00e9 est la r\u00e9gion la moins ch\u00e8re du pays ! Malgr\u00e9 ce constat, elle n'attire pas les futurs acqu\u00e9reurs qui lui pr\u00e9f\u00e8rent le centre et le sud du Luxembourg. Les prix de vente sont pourtant attractifs. Pour un appartement le prix moyen affich\u00e9 est de \"seulement\" 356 024 euros et [&hellip;]<\/p>\n","protected":false},"author":17,"featured_media":9747,"comment_status":"closed","ping_status":"open","sticky":false,"template":"","format":"standard","meta":{"_acf_changed":false,"footnotes":""},"categories":[219],"tags":[101,32],"class_list":["post-11658","post","type-post","status-publish","format-standard","has-post-thumbnail","hentry","category-prix","tag-nord","tag-prix"],"acf":[],"yoast_head":"<!-- This site is optimized with the Yoast SEO plugin v27.4 - https:\/\/yoast.com\/product\/yoast-seo-wordpress\/ -->\n<title>Focus sur le march\u00e9 immobilier dans le Nord | atHome<\/title>\n<meta name=\"description\" content=\"En immobilier, le Nord du Grand-Duch\u00e9 est la r\u00e9gion la moins ch\u00e8re du pays ! Malgr\u00e9 ce constat, elle n&#039;attire pas les futurs acqu\u00e9reurs.\" \/>\n<meta name=\"robots\" content=\"index, follow, max-snippet:-1, max-image-preview:large, max-video-preview:-1\" \/>\n<link rel=\"canonical\" href=\"https:\/\/www.athome.lu\/blog\/marche-immobilier\/prix\/focus-sur-le-marche-immobilier-dans-le-nord\/\" \/>\n<meta property=\"og:locale\" content=\"fr_FR\" \/>\n<meta property=\"og:type\" content=\"article\" \/>\n<meta property=\"og:title\" content=\"Focus sur le march\u00e9 immobilier dans le Nord | atHome\" \/>\n<meta property=\"og:description\" content=\"En immobilier, le Nord du Grand-Duch\u00e9 est la r\u00e9gion la moins ch\u00e8re du pays ! Malgr\u00e9 ce constat, elle n&#039;attire pas les futurs acqu\u00e9reurs.\" \/>\n<meta property=\"og:url\" content=\"https:\/\/www.athome.lu\/blog\/marche-immobilier\/prix\/focus-sur-le-marche-immobilier-dans-le-nord\/\" \/>\n<meta property=\"og:site_name\" content=\"atHome Blog\" \/>\n<meta property=\"article:publisher\" content=\"https:\/\/www.facebook.com\/atHome.lu\/\" \/>\n<meta property=\"article:published_time\" content=\"2018-10-29T09:53:57+00:00\" \/>\n<meta property=\"article:modified_time\" content=\"2022-05-11T14:51:03+00:00\" \/>\n<meta property=\"og:image\" content=\"https:\/\/www.athome.lu\/blog\/wp-content\/uploads\/2017\/06\/ettelbruck2017_4.jpg\" \/>\n\t<meta property=\"og:image:width\" content=\"1280\" \/>\n\t<meta property=\"og:image:height\" content=\"853\" \/>\n\t<meta property=\"og:image:type\" content=\"image\/jpeg\" \/>\n<meta name=\"author\" content=\"Fanny Pimentel\" \/>\n<meta name=\"twitter:card\" content=\"summary_large_image\" \/>\n<meta name=\"twitter:creator\" content=\"@athomelu\" \/>\n<meta name=\"twitter:site\" content=\"@athomelu\" \/>\n<meta name=\"twitter:label1\" content=\"\u00c9crit par\" \/>\n\t<meta name=\"twitter:data1\" content=\"Fanny Pimentel\" \/>\n\t<meta name=\"twitter:label2\" content=\"Dur\u00e9e de lecture estim\u00e9e\" \/>\n\t<meta name=\"twitter:data2\" content=\"2 minutes\" \/>\n<script type=\"application\/ld+json\" class=\"yoast-schema-graph\">{\"@context\":\"https:\\\/\\\/schema.org\",\"@graph\":[{\"@type\":\"Article\",\"@id\":\"https:\\\/\\\/www.athome.lu\\\/blog\\\/marche-immobilier\\\/prix\\\/focus-sur-le-marche-immobilier-dans-le-nord\\\/#article\",\"isPartOf\":{\"@id\":\"https:\\\/\\\/www.athome.lu\\\/blog\\\/marche-immobilier\\\/prix\\\/focus-sur-le-marche-immobilier-dans-le-nord\\\/\"},\"author\":{\"name\":\"Fanny Pimentel\",\"@id\":\"https:\\\/\\\/www.athome.lu\\\/blog\\\/#\\\/schema\\\/person\\\/47f7a38089f837e792876ceddc4cb2dc\"},\"headline\":\"Focus sur le march\u00e9 immobilier dans le Nord\",\"datePublished\":\"2018-10-29T09:53:57+00:00\",\"dateModified\":\"2022-05-11T14:51:03+00:00\",\"mainEntityOfPage\":{\"@id\":\"https:\\\/\\\/www.athome.lu\\\/blog\\\/marche-immobilier\\\/prix\\\/focus-sur-le-marche-immobilier-dans-le-nord\\\/\"},\"wordCount\":331,\"image\":{\"@id\":\"https:\\\/\\\/www.athome.lu\\\/blog\\\/marche-immobilier\\\/prix\\\/focus-sur-le-marche-immobilier-dans-le-nord\\\/#primaryimage\"},\"thumbnailUrl\":\"https:\\\/\\\/www.athome.lu\\\/blog\\\/wp-content\\\/uploads\\\/2017\\\/06\\\/ettelbruck2017_4.jpg\",\"keywords\":[\"Nord\",\"Prix\"],\"articleSection\":[\"Prix\"],\"inLanguage\":\"fr-FR\"},{\"@type\":\"WebPage\",\"@id\":\"https:\\\/\\\/www.athome.lu\\\/blog\\\/marche-immobilier\\\/prix\\\/focus-sur-le-marche-immobilier-dans-le-nord\\\/\",\"url\":\"https:\\\/\\\/www.athome.lu\\\/blog\\\/marche-immobilier\\\/prix\\\/focus-sur-le-marche-immobilier-dans-le-nord\\\/\",\"name\":\"Focus sur le march\u00e9 immobilier dans le Nord | atHome\",\"isPartOf\":{\"@id\":\"https:\\\/\\\/www.athome.lu\\\/blog\\\/#website\"},\"primaryImageOfPage\":{\"@id\":\"https:\\\/\\\/www.athome.lu\\\/blog\\\/marche-immobilier\\\/prix\\\/focus-sur-le-marche-immobilier-dans-le-nord\\\/#primaryimage\"},\"image\":{\"@id\":\"https:\\\/\\\/www.athome.lu\\\/blog\\\/marche-immobilier\\\/prix\\\/focus-sur-le-marche-immobilier-dans-le-nord\\\/#primaryimage\"},\"thumbnailUrl\":\"https:\\\/\\\/www.athome.lu\\\/blog\\\/wp-content\\\/uploads\\\/2017\\\/06\\\/ettelbruck2017_4.jpg\",\"datePublished\":\"2018-10-29T09:53:57+00:00\",\"dateModified\":\"2022-05-11T14:51:03+00:00\",\"author\":{\"@id\":\"https:\\\/\\\/www.athome.lu\\\/blog\\\/#\\\/schema\\\/person\\\/47f7a38089f837e792876ceddc4cb2dc\"},\"description\":\"En immobilier, le Nord du Grand-Duch\u00e9 est la r\u00e9gion la moins ch\u00e8re du pays ! Malgr\u00e9 ce constat, elle n'attire pas les futurs acqu\u00e9reurs.\",\"breadcrumb\":{\"@id\":\"https:\\\/\\\/www.athome.lu\\\/blog\\\/marche-immobilier\\\/prix\\\/focus-sur-le-marche-immobilier-dans-le-nord\\\/#breadcrumb\"},\"inLanguage\":\"fr-FR\",\"potentialAction\":[{\"@type\":\"ReadAction\",\"target\":[\"https:\\\/\\\/www.athome.lu\\\/blog\\\/marche-immobilier\\\/prix\\\/focus-sur-le-marche-immobilier-dans-le-nord\\\/\"]}]},{\"@type\":\"ImageObject\",\"inLanguage\":\"fr-FR\",\"@id\":\"https:\\\/\\\/www.athome.lu\\\/blog\\\/marche-immobilier\\\/prix\\\/focus-sur-le-marche-immobilier-dans-le-nord\\\/#primaryimage\",\"url\":\"https:\\\/\\\/www.athome.lu\\\/blog\\\/wp-content\\\/uploads\\\/2017\\\/06\\\/ettelbruck2017_4.jpg\",\"contentUrl\":\"https:\\\/\\\/www.athome.lu\\\/blog\\\/wp-content\\\/uploads\\\/2017\\\/06\\\/ettelbruck2017_4.jpg\",\"width\":1280,\"height\":853,\"caption\":\"Le march\u00e9 immobilier dans la Nord\"},{\"@type\":\"BreadcrumbList\",\"@id\":\"https:\\\/\\\/www.athome.lu\\\/blog\\\/marche-immobilier\\\/prix\\\/focus-sur-le-marche-immobilier-dans-le-nord\\\/#breadcrumb\",\"itemListElement\":[{\"@type\":\"ListItem\",\"position\":1,\"name\":\"Accueil\",\"item\":\"https:\\\/\\\/www.athome.lu\\\/blog\\\/\"},{\"@type\":\"ListItem\",\"position\":2,\"name\":\"March\u00e9 immobilier\",\"item\":\"https:\\\/\\\/www.athome.lu\\\/blog\\\/category\\\/marche-immobilier\\\/\"},{\"@type\":\"ListItem\",\"position\":3,\"name\":\"Prix\",\"item\":\"https:\\\/\\\/www.athome.lu\\\/blog\\\/category\\\/marche-immobilier\\\/prix\\\/\"},{\"@type\":\"ListItem\",\"position\":4,\"name\":\"Focus sur le march\u00e9 immobilier dans le Nord\"}]},{\"@type\":\"WebSite\",\"@id\":\"https:\\\/\\\/www.athome.lu\\\/blog\\\/#website\",\"url\":\"https:\\\/\\\/www.athome.lu\\\/blog\\\/\",\"name\":\"atHome Blog\",\"description\":\"Annonces immobili\u00e8res au Luxembourg. Le portail immobilier n\u00b01 au Luxembourg.\",\"potentialAction\":[{\"@type\":\"SearchAction\",\"target\":{\"@type\":\"EntryPoint\",\"urlTemplate\":\"https:\\\/\\\/www.athome.lu\\\/blog\\\/?s={search_term_string}\"},\"query-input\":{\"@type\":\"PropertyValueSpecification\",\"valueRequired\":true,\"valueName\":\"search_term_string\"}}],\"inLanguage\":\"fr-FR\"},{\"@type\":\"Person\",\"@id\":\"https:\\\/\\\/www.athome.lu\\\/blog\\\/#\\\/schema\\\/person\\\/47f7a38089f837e792876ceddc4cb2dc\",\"name\":\"Fanny Pimentel\",\"image\":{\"@type\":\"ImageObject\",\"inLanguage\":\"fr-FR\",\"@id\":\"https:\\\/\\\/secure.gravatar.com\\\/avatar\\\/c60b27b93851dc9503f9cc9150e73dcb0a86ba6150657e5e4b11d988400bc633?s=96&d=mm&r=g\",\"url\":\"https:\\\/\\\/secure.gravatar.com\\\/avatar\\\/c60b27b93851dc9503f9cc9150e73dcb0a86ba6150657e5e4b11d988400bc633?s=96&d=mm&r=g\",\"contentUrl\":\"https:\\\/\\\/secure.gravatar.com\\\/avatar\\\/c60b27b93851dc9503f9cc9150e73dcb0a86ba6150657e5e4b11d988400bc633?s=96&d=mm&r=g\",\"caption\":\"Fanny Pimentel\"}}]}<\/script>\n<!-- \/ Yoast SEO plugin. -->","yoast_head_json":{"title":"Focus sur le march\u00e9 immobilier dans le Nord | atHome","description":"En immobilier, le Nord du Grand-Duch\u00e9 est la r\u00e9gion la moins ch\u00e8re du pays ! Malgr\u00e9 ce constat, elle n'attire pas les futurs acqu\u00e9reurs.","robots":{"index":"index","follow":"follow","max-snippet":"max-snippet:-1","max-image-preview":"max-image-preview:large","max-video-preview":"max-video-preview:-1"},"canonical":"https:\/\/www.athome.lu\/blog\/marche-immobilier\/prix\/focus-sur-le-marche-immobilier-dans-le-nord\/","og_locale":"fr_FR","og_type":"article","og_title":"Focus sur le march\u00e9 immobilier dans le Nord | atHome","og_description":"En immobilier, le Nord du Grand-Duch\u00e9 est la r\u00e9gion la moins ch\u00e8re du pays ! Malgr\u00e9 ce constat, elle n'attire pas les futurs acqu\u00e9reurs.","og_url":"https:\/\/www.athome.lu\/blog\/marche-immobilier\/prix\/focus-sur-le-marche-immobilier-dans-le-nord\/","og_site_name":"atHome Blog","article_publisher":"https:\/\/www.facebook.com\/atHome.lu\/","article_published_time":"2018-10-29T09:53:57+00:00","article_modified_time":"2022-05-11T14:51:03+00:00","og_image":[{"width":1280,"height":853,"url":"https:\/\/www.athome.lu\/blog\/wp-content\/uploads\/2017\/06\/ettelbruck2017_4.jpg","type":"image\/jpeg"}],"author":"Fanny Pimentel","twitter_card":"summary_large_image","twitter_creator":"@athomelu","twitter_site":"@athomelu","twitter_misc":{"\u00c9crit par":"Fanny Pimentel","Dur\u00e9e de lecture estim\u00e9e":"2 minutes"},"schema":{"@context":"https:\/\/schema.org","@graph":[{"@type":"Article","@id":"https:\/\/www.athome.lu\/blog\/marche-immobilier\/prix\/focus-sur-le-marche-immobilier-dans-le-nord\/#article","isPartOf":{"@id":"https:\/\/www.athome.lu\/blog\/marche-immobilier\/prix\/focus-sur-le-marche-immobilier-dans-le-nord\/"},"author":{"name":"Fanny Pimentel","@id":"https:\/\/www.athome.lu\/blog\/#\/schema\/person\/47f7a38089f837e792876ceddc4cb2dc"},"headline":"Focus sur le march\u00e9 immobilier dans le Nord","datePublished":"2018-10-29T09:53:57+00:00","dateModified":"2022-05-11T14:51:03+00:00","mainEntityOfPage":{"@id":"https:\/\/www.athome.lu\/blog\/marche-immobilier\/prix\/focus-sur-le-marche-immobilier-dans-le-nord\/"},"wordCount":331,"image":{"@id":"https:\/\/www.athome.lu\/blog\/marche-immobilier\/prix\/focus-sur-le-marche-immobilier-dans-le-nord\/#primaryimage"},"thumbnailUrl":"https:\/\/www.athome.lu\/blog\/wp-content\/uploads\/2017\/06\/ettelbruck2017_4.jpg","keywords":["Nord","Prix"],"articleSection":["Prix"],"inLanguage":"fr-FR"},{"@type":"WebPage","@id":"https:\/\/www.athome.lu\/blog\/marche-immobilier\/prix\/focus-sur-le-marche-immobilier-dans-le-nord\/","url":"https:\/\/www.athome.lu\/blog\/marche-immobilier\/prix\/focus-sur-le-marche-immobilier-dans-le-nord\/","name":"Focus sur le march\u00e9 immobilier dans le Nord | atHome","isPartOf":{"@id":"https:\/\/www.athome.lu\/blog\/#website"},"primaryImageOfPage":{"@id":"https:\/\/www.athome.lu\/blog\/marche-immobilier\/prix\/focus-sur-le-marche-immobilier-dans-le-nord\/#primaryimage"},"image":{"@id":"https:\/\/www.athome.lu\/blog\/marche-immobilier\/prix\/focus-sur-le-marche-immobilier-dans-le-nord\/#primaryimage"},"thumbnailUrl":"https:\/\/www.athome.lu\/blog\/wp-content\/uploads\/2017\/06\/ettelbruck2017_4.jpg","datePublished":"2018-10-29T09:53:57+00:00","dateModified":"2022-05-11T14:51:03+00:00","author":{"@id":"https:\/\/www.athome.lu\/blog\/#\/schema\/person\/47f7a38089f837e792876ceddc4cb2dc"},"description":"En immobilier, le Nord du Grand-Duch\u00e9 est la r\u00e9gion la moins ch\u00e8re du pays ! Malgr\u00e9 ce constat, elle n'attire pas les futurs acqu\u00e9reurs.","breadcrumb":{"@id":"https:\/\/www.athome.lu\/blog\/marche-immobilier\/prix\/focus-sur-le-marche-immobilier-dans-le-nord\/#breadcrumb"},"inLanguage":"fr-FR","potentialAction":[{"@type":"ReadAction","target":["https:\/\/www.athome.lu\/blog\/marche-immobilier\/prix\/focus-sur-le-marche-immobilier-dans-le-nord\/"]}]},{"@type":"ImageObject","inLanguage":"fr-FR","@id":"https:\/\/www.athome.lu\/blog\/marche-immobilier\/prix\/focus-sur-le-marche-immobilier-dans-le-nord\/#primaryimage","url":"https:\/\/www.athome.lu\/blog\/wp-content\/uploads\/2017\/06\/ettelbruck2017_4.jpg","contentUrl":"https:\/\/www.athome.lu\/blog\/wp-content\/uploads\/2017\/06\/ettelbruck2017_4.jpg","width":1280,"height":853,"caption":"Le march\u00e9 immobilier dans la Nord"},{"@type":"BreadcrumbList","@id":"https:\/\/www.athome.lu\/blog\/marche-immobilier\/prix\/focus-sur-le-marche-immobilier-dans-le-nord\/#breadcrumb","itemListElement":[{"@type":"ListItem","position":1,"name":"Accueil","item":"https:\/\/www.athome.lu\/blog\/"},{"@type":"ListItem","position":2,"name":"March\u00e9 immobilier","item":"https:\/\/www.athome.lu\/blog\/category\/marche-immobilier\/"},{"@type":"ListItem","position":3,"name":"Prix","item":"https:\/\/www.athome.lu\/blog\/category\/marche-immobilier\/prix\/"},{"@type":"ListItem","position":4,"name":"Focus sur le march\u00e9 immobilier dans le Nord"}]},{"@type":"WebSite","@id":"https:\/\/www.athome.lu\/blog\/#website","url":"https:\/\/www.athome.lu\/blog\/","name":"atHome Blog","description":"Annonces immobili\u00e8res au Luxembourg. Le portail immobilier n\u00b01 au Luxembourg.","potentialAction":[{"@type":"SearchAction","target":{"@type":"EntryPoint","urlTemplate":"https:\/\/www.athome.lu\/blog\/?s={search_term_string}"},"query-input":{"@type":"PropertyValueSpecification","valueRequired":true,"valueName":"search_term_string"}}],"inLanguage":"fr-FR"},{"@type":"Person","@id":"https:\/\/www.athome.lu\/blog\/#\/schema\/person\/47f7a38089f837e792876ceddc4cb2dc","name":"Fanny Pimentel","image":{"@type":"ImageObject","inLanguage":"fr-FR","@id":"https:\/\/secure.gravatar.com\/avatar\/c60b27b93851dc9503f9cc9150e73dcb0a86ba6150657e5e4b11d988400bc633?s=96&d=mm&r=g","url":"https:\/\/secure.gravatar.com\/avatar\/c60b27b93851dc9503f9cc9150e73dcb0a86ba6150657e5e4b11d988400bc633?s=96&d=mm&r=g","contentUrl":"https:\/\/secure.gravatar.com\/avatar\/c60b27b93851dc9503f9cc9150e73dcb0a86ba6150657e5e4b11d988400bc633?s=96&d=mm&r=g","caption":"Fanny Pimentel"}}]}},"featured_media_src_url":"https:\/\/www.athome.lu\/blog\/wp-content\/uploads\/2017\/06\/ettelbruck2017_4-1024x682.jpg","_links":{"self":[{"href":"https:\/\/www.athome.lu\/blog\/wp-json\/wp\/v2\/posts\/11658","targetHints":{"allow":["GET"]}}],"collection":[{"href":"https:\/\/www.athome.lu\/blog\/wp-json\/wp\/v2\/posts"}],"about":[{"href":"https:\/\/www.athome.lu\/blog\/wp-json\/wp\/v2\/types\/post"}],"author":[{"embeddable":true,"href":"https:\/\/www.athome.lu\/blog\/wp-json\/wp\/v2\/users\/17"}],"replies":[{"embeddable":true,"href":"https:\/\/www.athome.lu\/blog\/wp-json\/wp\/v2\/comments?post=11658"}],"version-history":[{"count":2,"href":"https:\/\/www.athome.lu\/blog\/wp-json\/wp\/v2\/posts\/11658\/revisions"}],"predecessor-version":[{"id":15092,"href":"https:\/\/www.athome.lu\/blog\/wp-json\/wp\/v2\/posts\/11658\/revisions\/15092"}],"wp:featuredmedia":[{"embeddable":true,"href":"https:\/\/www.athome.lu\/blog\/wp-json\/wp\/v2\/media\/9747"}],"wp:attachment":[{"href":"https:\/\/www.athome.lu\/blog\/wp-json\/wp\/v2\/media?parent=11658"}],"wp:term":[{"taxonomy":"category","embeddable":true,"href":"https:\/\/www.athome.lu\/blog\/wp-json\/wp\/v2\/categories?post=11658"},{"taxonomy":"post_tag","embeddable":true,"href":"https:\/\/www.athome.lu\/blog\/wp-json\/wp\/v2\/tags?post=11658"}],"curies":[{"name":"wp","href":"https:\/\/api.w.org\/{rel}","templated":true}]}}