{"id":11890,"date":"2019-03-12T09:30:16","date_gmt":"2019-03-12T08:30:16","guid":{"rendered":"https:\/\/www.athome.lu\/blog\/?p=11890"},"modified":"2022-05-11T15:03:51","modified_gmt":"2022-05-11T13:03:51","slug":"mondorf-les-bains-le-paradis-des-retraites-mais-pas-que","status":"publish","type":"post","link":"https:\/\/www.athome.lu\/blog\/marche-immobilier\/villes\/mondorf-les-bains-le-paradis-des-retraites-mais-pas-que\/","title":{"rendered":"Mondorf-les-Bains : le paradis des retrait\u00e9s ..mais pas que !"},"content":{"rendered":"\n<p><span style=\"color: #000000;\">Loin d\u2019\u00eatre une commune dortoir, Mondorf-les-Bains accueille une population \u00e0 l\u2019\u00e2ge un rien sup\u00e9rieur \u00e0 la moyenne nationale. Il faut dire que de nombreux retrait\u00e9s viennent passer leurs vieux jours \u00e0 Mondorf-les Bains, une petite ville dans laquelle il est facile de circuler \u00e0 pied et pourvue de tous les services n\u00e9cessaires.<\/span><\/p>\n\n\n\n<p><span style=\"color: #000000;\">Mondorf-les-Bains est d\u2019abord connue comme une ville thermale. La d\u00e9couverte d\u2019une source d\u2019eau ti\u00e8de et riche en min\u00e9raux \u00e0 la moiti\u00e9 du XIXe si\u00e8cle a en effet d\u00e9bouch\u00e9 sur la construction d\u2019un \u00e9tablissement thermal dont le succ\u00e8s ne s\u2019est plus d\u00e9menti depuis. Aujourd\u2019hui, 380.000 curistes s\u2019y rendent encore chaque ann\u00e9e. Ajout\u00e9 aux 700.000 personnes qui fr\u00e9quentent annuellement le casino, ce nombre donne un aper\u00e7u de l\u2019attrait touristique de la ville de Mondorf-les-Bains. \u00ab La r\u00e9novation de l\u2019h\u00f4tel du domaine thermal a donn\u00e9 un coup de fouet \u00e0 la fr\u00e9quentation, estime Lex Delles, le jeune d\u00e9put\u00e9-maire de la commune. De notre c\u00f4t\u00e9, nous faisons le maximum pour soutenir le secteur, notamment avec la mise en place, au sein m\u00eame de la commune, d\u2019un service destin\u00e9 \u00e0 l\u2019accueil des touristes et \u00e0 la promotion des activit\u00e9s touristiques. \u00bb<\/span><\/p>\n\n\n\n<h2 class=\"wp-block-heading\"><strong><span style=\"color: #000000;\">Une population s\u00e9duite par les nombreux services disponibles<\/span><\/strong><\/h2>\n\n\n\n<div class=\"wp-block-image\"><figure class=\"alignleft\"><a href=\"https:\/\/www.athome.lu\/blog\/blog\/wp-content\/uploads\/2019\/03\/IMG_4539-mondorf-1200.jpg\"><img loading=\"lazy\" decoding=\"async\" width=\"300\" height=\"450\" src=\"https:\/\/www.athome.lu\/blog\/blog\/wp-content\/uploads\/2019\/03\/IMG_4539-mondorf-1200.jpg\" alt=\"Vivre \u00e0 mondorf-les-bains\" class=\"wp-image-11893\" srcset=\"https:\/\/www.athome.lu\/blog\/wp-content\/uploads\/2019\/03\/IMG_4539-mondorf-1200.jpg 300w, https:\/\/www.athome.lu\/blog\/wp-content\/uploads\/2019\/03\/IMG_4539-mondorf-1200-200x300.jpg 200w, https:\/\/www.athome.lu\/blog\/wp-content\/uploads\/2019\/03\/IMG_4539-mondorf-1200-8x12.jpg 8w\" sizes=\"auto, (max-width: 300px) 100vw, 300px\" \/><\/a><\/figure><\/div>\n\n\n\n<p><span style=\"color: #000000;\">Toutefois, cette attractivit\u00e9 ne se limite pas aux touristes de passage. Avec 5.209 habitants sur Mondorf-les-Bains, Ellange et Altwies et une croissance de population de 2,5% sur les dix derni\u00e8res ann\u00e9es, la commune s\u00e9duit une population croissante. \u00ab De nombreux retrait\u00e9s revendent leurs propri\u00e9t\u00e9s et viennent s\u2019installer au centre de Mondorf, explique le bourgmestre. C\u2019est assez simple \u00e0 expliquer : nous avons la chance d\u2019avoir un centre de village tr\u00e8s plat, o\u00f9 tous les services sont pr\u00e9sents. C\u2019est donc tr\u00e8s accessible et cela convient bien \u00e0 cette population. D\u2019ailleurs, deux nouvelles r\u00e9sidences viennent d\u2019\u00eatre construites dans le centre et tous les appartements sont d\u00e9j\u00e0 achet\u00e9s. Evidemment, cette forte demande a tendance \u00e0 faire augmenter les prix\u2026 \u00bb<\/span><\/p>\n\n\n\n<p><span style=\"color: #000000;\">Mondorf-les-Bains accueille ainsi de nombreux m\u00e9decins g\u00e9n\u00e9ralistes et sp\u00e9cialistes en tous genres. La commune a aussi cr\u00e9\u00e9 un service social qui permet aux personnes \u00e2g\u00e9es d\u2019obtenir une aide pour effectuer certaines d\u00e9marches administratives complexes. Les commerces, restaurants, ou autres clubs sportifs sont par ailleurs nombreux et vari\u00e9s.<\/span><\/p>\n\n\n\n<h2 class=\"wp-block-heading\"><span style=\"color: #000000;\"><strong>G\u00e9rer un important flux quotidien de v\u00e9hicules<\/strong><\/span><\/h2>\n\n\n\n<p><span style=\"color: #000000;\">De par sa localisation \u00e0 la fronti\u00e8re fran\u00e7aise, Mondorf-les-Bains a toutefois aussi des probl\u00e8mes \u00e0 g\u00e9rer, notamment en mati\u00e8re de mobilit\u00e9. 4.600 voitures traversent en effet la fronti\u00e8re chaque matin \u00e0 Mondorf, ce qui fait de la commune le deuxi\u00e8me plus gros point de passage entre la France et le Luxembourg. <em>\u00ab&nbsp;C\u2019est \u00e9videmment probl\u00e9matique<\/em>, indique Lex Delles. <em>Heureusement, nous avons la chance de bien nous entendre avec la commune fran\u00e7aise voisine de Mondorff. Nous avons notamment pu nous concerter par rapport \u00e0 un feu rouge sur le territoire fran\u00e7ais qui causait des bouchons chez nous. Le probl\u00e8me a \u00e9t\u00e9 r\u00e9gl\u00e9 rapidement. Mais si ce flux de v\u00e9hicules n\u2019est pas \u00e9vident \u00e0 g\u00e9rer, il faut aussi dire qu\u2019il rapporte aux commer\u00e7ants de Mondorf-les-Bains&nbsp;: nombreux sont les Fran\u00e7ais qui viennent faire leurs courses chez nous.&nbsp;\u00bb <\/em>Les transports en commun constituent une alternative int\u00e9ressante pour d\u00e9sengorger le centre de Mondorf en matin\u00e9e et en soir\u00e9e. Plusieurs lignes RGTR desservent d\u00e9j\u00e0 le village et une ligne transfrontali\u00e8re conduit \u00e0 pr\u00e9sent les frontaliers fran\u00e7ais directement au Kirchberg.<\/span><\/p>\n\n\n\n<p><span style=\"color: #000000;\">Notons que les travaux men\u00e9s sur la route principale de Mondorf, et qui dureront encore cinq ans, ne sont pas de nature \u00e0 r\u00e9soudre les embouteillages matinaux. Cela devrait toutefois, \u00e0 terme, \u00eatre b\u00e9n\u00e9fique pour tous les habitants. <em>\u00ab La route sera plus \u00e9troite et elle donnera plus de place \u00e0 la mobilit\u00e9 douce. En outre, nous allons rendre visible la rivi\u00e8re Gander, qui mat\u00e9rialise la fronti\u00e8re entre la France et le Luxembourg\u00a0\u00bb<\/em>, pr\u00e9cise Lex Delles. \u00a0<\/span><\/p>\n\n\n<section id=\"section-3-14695\" class=\" ct-section\" ><div class=\"ct-section-inner-wrap\"><div id=\"div_block-4-14695\" class=\"ct-div-block\" ><div id=\"new_columns-7-14695\" class=\"ct-new-columns\" ><div id=\"div_block-8-14695\" class=\"ct-div-block\" ><div id=\"div_block-14-14695\" class=\"ct-div-block\" ><\/div><\/div><div id=\"div_block-9-14695\" class=\"ct-div-block\" ><h1 id=\"headline-11-14695\" class=\"ct-headline\">Quels sont les prix de l'immobilier en ce moment ?<\/h1><div id=\"text_block-12-14695\" class=\"ct-text-block\" >Les prix ralentissent. Les taux d'int\u00e9r\u00eat augmentent. Quelles tendances pour les mois \u00e0 venir ?<\/div><a id=\"link_button-13-14695\" class=\"ct-link-button\" href=\"https:\/\/www.athome.lu\/blog\/blog\/marche-immobilier\/prix\/tendances-2022\/\" target=\"_blank\"  >Lire l'analyse<\/a><\/div><\/div><\/div><\/div><\/section>\n\n\n<h2 class=\"wp-block-heading\"><span style=\"color: #000000;\"><strong>Du logement pour les jeunes, les familles et les personnes \u00e2g\u00e9es<\/strong><\/span><a href=\"https:\/\/www.athome.lu\/blog\/blog\/wp-content\/uploads\/2019\/03\/IMG_4514-mondorf-1200.jpg\"><img loading=\"lazy\" decoding=\"async\" class=\"normal aligncenter wp-image-11894\" src=\"https:\/\/www.athome.lu\/blog\/blog\/wp-content\/uploads\/2019\/03\/IMG_4514-mondorf-1200.jpg\" alt=\"Logements \u00e0 Mondorf-les-bains\" width=\"600\" height=\"400\" srcset=\"https:\/\/www.athome.lu\/blog\/wp-content\/uploads\/2019\/03\/IMG_4514-mondorf-1200.jpg 1200w, https:\/\/www.athome.lu\/blog\/wp-content\/uploads\/2019\/03\/IMG_4514-mondorf-1200-300x200.jpg 300w, https:\/\/www.athome.lu\/blog\/wp-content\/uploads\/2019\/03\/IMG_4514-mondorf-1200-1024x683.jpg 1024w, https:\/\/www.athome.lu\/blog\/wp-content\/uploads\/2019\/03\/IMG_4514-mondorf-1200-768x512.jpg 768w, https:\/\/www.athome.lu\/blog\/wp-content\/uploads\/2019\/03\/IMG_4514-mondorf-1200-18x12.jpg 18w\" sizes=\"auto, (max-width: 600px) 100vw, 600px\" \/><\/a><\/h2>\n\n\n\n<p><span style=\"color: #000000;\">Pour permettre aux personnes disposant de ressources limit\u00e9es d\u2019acc\u00e9der au logement, la commune de Mondorf-les-Bains a mis en place plusieurs initiatives. Tout d\u2019abord, 18 maisons ont \u00e9t\u00e9 construites avec le Fonds du Logement. D\u2019autres logements ont par ailleurs \u00e9t\u00e9 achet\u00e9s par la commune pour les mettre \u00e0 disposition \u00e0 prix raisonnable. Mais Lex Delles et la commune de Mondorf-les-Bains ne comptent pas s\u2019arr\u00eater l\u00e0. <em>\u00ab&nbsp;Nous avons cibl\u00e9 nos actions sur trois cat\u00e9gories de la population&nbsp;: les jeunes, les familles et les personnes \u00e2g\u00e9es<\/em>, indique-t-il. <em>Pour les jeunes de 18 \u00e0 28 ans, nous proposons une colocation au sein de la maison Marie Felten. Le prix est fix\u00e9 en fonction des revenus de chaque personne. En plus du loyer, nous demandons une petite somme qui constitue une \u00e9pargne permettant au jeune de trouver un bien locatif classique par la suite.&nbsp;\u00bb<\/em><\/span><\/p>\n\n\n\n<p><span style=\"color: #000000;\">Pour les familles, quatre maisons \u00e0 vendre et quatre appartements \u00e0 louer seront disponibles prochainement. Enfin, les personnes \u00e2g\u00e9es ont \u00e9galement droit \u00e0 une offre particuli\u00e8re. <em>\u00ab&nbsp;Certaines personnes \u00e2g\u00e9es ont aussi des probl\u00e8mes d\u2019argent,<\/em> rappelle le d\u00e9put\u00e9-maire. <em>Pour elles, nous tentons d\u2019acheter des appartements une chambre dans le centre-ville que nous mettons \u00e0 disposition pour un loyer qui n\u2019exc\u00e8de pas le tiers des revenus de la personne. Nous pr\u00e9voyons d\u2019acheter 15 logements de ce type. Pour l\u2019instant, deux logements sont d\u00e9j\u00e0 occup\u00e9s.&nbsp;\u00bb<\/em><\/span><\/p>\n\n\n\n<p><span style=\"color: #000000;\">Le paradis des retrait\u00e9s, nous vous le disions\u2026 <em>&nbsp;<\/em><\/span><\/p>\n","protected":false},"excerpt":{"rendered":"<p>Loin d\u2019\u00eatre une commune dortoir, Mondorf-les-Bains accueille une population \u00e0 l\u2019\u00e2ge un rien sup\u00e9rieur \u00e0 la moyenne nationale. Il faut dire que de nombreux retrait\u00e9s viennent passer leurs vieux jours \u00e0 Mondorf-les Bains, une petite ville dans laquelle il est facile de circuler \u00e0 pied et pourvue de tous les services n\u00e9cessaires. Mondorf-les-Bains est d\u2019abord [&hellip;]<\/p>\n","protected":false},"author":17,"featured_media":11892,"comment_status":"closed","ping_status":"open","sticky":false,"template":"","format":"standard","meta":{"_acf_changed":false,"footnotes":""},"categories":[218],"tags":[],"class_list":["post-11890","post","type-post","status-publish","format-standard","has-post-thumbnail","hentry","category-villes"],"acf":[],"yoast_head":"<!-- This site is optimized with the Yoast SEO plugin v27.4 - https:\/\/yoast.com\/product\/yoast-seo-wordpress\/ -->\n<title>Mondorf-les-Bains : le paradis des retrait\u00e9s ..mais pas que ! | atHome<\/title>\n<meta name=\"description\" content=\"Loin d\u2019\u00eatre une commune dortoir, Mondorf-les-Bains accueille une population \u00e0 l\u2019\u00e2ge un rien sup\u00e9rieur \u00e0 la moyenne nationale.\" \/>\n<meta name=\"robots\" content=\"index, follow, max-snippet:-1, max-image-preview:large, max-video-preview:-1\" \/>\n<link rel=\"canonical\" href=\"https:\/\/www.athome.lu\/blog\/marche-immobilier\/villes\/mondorf-les-bains-le-paradis-des-retraites-mais-pas-que\/\" \/>\n<meta property=\"og:locale\" content=\"fr_FR\" \/>\n<meta property=\"og:type\" content=\"article\" \/>\n<meta property=\"og:title\" content=\"Mondorf-les-Bains : le paradis des retrait\u00e9s ..mais pas que ! | atHome\" \/>\n<meta property=\"og:description\" content=\"Loin d\u2019\u00eatre une commune dortoir, Mondorf-les-Bains accueille une population \u00e0 l\u2019\u00e2ge un rien sup\u00e9rieur \u00e0 la moyenne nationale.\" \/>\n<meta property=\"og:url\" content=\"https:\/\/www.athome.lu\/blog\/marche-immobilier\/villes\/mondorf-les-bains-le-paradis-des-retraites-mais-pas-que\/\" \/>\n<meta property=\"og:site_name\" content=\"atHome Blog\" \/>\n<meta property=\"article:publisher\" content=\"https:\/\/www.facebook.com\/atHome.lu\/\" \/>\n<meta property=\"article:published_time\" content=\"2019-03-12T08:30:16+00:00\" \/>\n<meta property=\"article:modified_time\" content=\"2022-05-11T13:03:51+00:00\" \/>\n<meta property=\"og:image\" content=\"https:\/\/www.athome.lu\/blog\/wp-content\/uploads\/2019\/03\/IMG_4492-mondorf-1200.jpg\" \/>\n\t<meta property=\"og:image:width\" content=\"1200\" \/>\n\t<meta property=\"og:image:height\" content=\"800\" \/>\n\t<meta property=\"og:image:type\" content=\"image\/jpeg\" \/>\n<meta name=\"author\" content=\"Fanny Pimentel\" \/>\n<meta name=\"twitter:card\" content=\"summary_large_image\" \/>\n<meta name=\"twitter:creator\" content=\"@athomelu\" \/>\n<meta name=\"twitter:site\" content=\"@athomelu\" \/>\n<meta name=\"twitter:label1\" content=\"\u00c9crit par\" \/>\n\t<meta name=\"twitter:data1\" content=\"Fanny Pimentel\" \/>\n\t<meta name=\"twitter:label2\" content=\"Dur\u00e9e de lecture estim\u00e9e\" \/>\n\t<meta name=\"twitter:data2\" content=\"5 minutes\" \/>\n<script type=\"application\/ld+json\" class=\"yoast-schema-graph\">{\"@context\":\"https:\\\/\\\/schema.org\",\"@graph\":[{\"@type\":\"Article\",\"@id\":\"https:\\\/\\\/www.athome.lu\\\/blog\\\/marche-immobilier\\\/villes\\\/mondorf-les-bains-le-paradis-des-retraites-mais-pas-que\\\/#article\",\"isPartOf\":{\"@id\":\"https:\\\/\\\/www.athome.lu\\\/blog\\\/marche-immobilier\\\/villes\\\/mondorf-les-bains-le-paradis-des-retraites-mais-pas-que\\\/\"},\"author\":{\"name\":\"Fanny Pimentel\",\"@id\":\"https:\\\/\\\/www.athome.lu\\\/blog\\\/#\\\/schema\\\/person\\\/47f7a38089f837e792876ceddc4cb2dc\"},\"headline\":\"Mondorf-les-Bains : le paradis des retrait\u00e9s ..mais pas que !\",\"datePublished\":\"2019-03-12T08:30:16+00:00\",\"dateModified\":\"2022-05-11T13:03:51+00:00\",\"mainEntityOfPage\":{\"@id\":\"https:\\\/\\\/www.athome.lu\\\/blog\\\/marche-immobilier\\\/villes\\\/mondorf-les-bains-le-paradis-des-retraites-mais-pas-que\\\/\"},\"wordCount\":956,\"image\":{\"@id\":\"https:\\\/\\\/www.athome.lu\\\/blog\\\/marche-immobilier\\\/villes\\\/mondorf-les-bains-le-paradis-des-retraites-mais-pas-que\\\/#primaryimage\"},\"thumbnailUrl\":\"https:\\\/\\\/www.athome.lu\\\/blog\\\/wp-content\\\/uploads\\\/2019\\\/03\\\/IMG_4492-mondorf-1200.jpg\",\"articleSection\":[\"Villes\"],\"inLanguage\":\"fr-FR\"},{\"@type\":\"WebPage\",\"@id\":\"https:\\\/\\\/www.athome.lu\\\/blog\\\/marche-immobilier\\\/villes\\\/mondorf-les-bains-le-paradis-des-retraites-mais-pas-que\\\/\",\"url\":\"https:\\\/\\\/www.athome.lu\\\/blog\\\/marche-immobilier\\\/villes\\\/mondorf-les-bains-le-paradis-des-retraites-mais-pas-que\\\/\",\"name\":\"Mondorf-les-Bains : le paradis des retrait\u00e9s ..mais pas que ! | atHome\",\"isPartOf\":{\"@id\":\"https:\\\/\\\/www.athome.lu\\\/blog\\\/#website\"},\"primaryImageOfPage\":{\"@id\":\"https:\\\/\\\/www.athome.lu\\\/blog\\\/marche-immobilier\\\/villes\\\/mondorf-les-bains-le-paradis-des-retraites-mais-pas-que\\\/#primaryimage\"},\"image\":{\"@id\":\"https:\\\/\\\/www.athome.lu\\\/blog\\\/marche-immobilier\\\/villes\\\/mondorf-les-bains-le-paradis-des-retraites-mais-pas-que\\\/#primaryimage\"},\"thumbnailUrl\":\"https:\\\/\\\/www.athome.lu\\\/blog\\\/wp-content\\\/uploads\\\/2019\\\/03\\\/IMG_4492-mondorf-1200.jpg\",\"datePublished\":\"2019-03-12T08:30:16+00:00\",\"dateModified\":\"2022-05-11T13:03:51+00:00\",\"author\":{\"@id\":\"https:\\\/\\\/www.athome.lu\\\/blog\\\/#\\\/schema\\\/person\\\/47f7a38089f837e792876ceddc4cb2dc\"},\"description\":\"Loin d\u2019\u00eatre une commune dortoir, Mondorf-les-Bains accueille une population \u00e0 l\u2019\u00e2ge un rien sup\u00e9rieur \u00e0 la moyenne nationale.\",\"breadcrumb\":{\"@id\":\"https:\\\/\\\/www.athome.lu\\\/blog\\\/marche-immobilier\\\/villes\\\/mondorf-les-bains-le-paradis-des-retraites-mais-pas-que\\\/#breadcrumb\"},\"inLanguage\":\"fr-FR\",\"potentialAction\":[{\"@type\":\"ReadAction\",\"target\":[\"https:\\\/\\\/www.athome.lu\\\/blog\\\/marche-immobilier\\\/villes\\\/mondorf-les-bains-le-paradis-des-retraites-mais-pas-que\\\/\"]}]},{\"@type\":\"ImageObject\",\"inLanguage\":\"fr-FR\",\"@id\":\"https:\\\/\\\/www.athome.lu\\\/blog\\\/marche-immobilier\\\/villes\\\/mondorf-les-bains-le-paradis-des-retraites-mais-pas-que\\\/#primaryimage\",\"url\":\"https:\\\/\\\/www.athome.lu\\\/blog\\\/wp-content\\\/uploads\\\/2019\\\/03\\\/IMG_4492-mondorf-1200.jpg\",\"contentUrl\":\"https:\\\/\\\/www.athome.lu\\\/blog\\\/wp-content\\\/uploads\\\/2019\\\/03\\\/IMG_4492-mondorf-1200.jpg\",\"width\":1200,\"height\":800,\"caption\":\"Mondorf-les-bains, Luxembourg\"},{\"@type\":\"BreadcrumbList\",\"@id\":\"https:\\\/\\\/www.athome.lu\\\/blog\\\/marche-immobilier\\\/villes\\\/mondorf-les-bains-le-paradis-des-retraites-mais-pas-que\\\/#breadcrumb\",\"itemListElement\":[{\"@type\":\"ListItem\",\"position\":1,\"name\":\"Accueil\",\"item\":\"https:\\\/\\\/www.athome.lu\\\/blog\\\/\"},{\"@type\":\"ListItem\",\"position\":2,\"name\":\"March\u00e9 immobilier\",\"item\":\"https:\\\/\\\/www.athome.lu\\\/blog\\\/category\\\/marche-immobilier\\\/\"},{\"@type\":\"ListItem\",\"position\":3,\"name\":\"Villes\",\"item\":\"https:\\\/\\\/www.athome.lu\\\/blog\\\/category\\\/marche-immobilier\\\/villes\\\/\"},{\"@type\":\"ListItem\",\"position\":4,\"name\":\"Mondorf-les-Bains : le paradis des retrait\u00e9s ..mais pas que !\"}]},{\"@type\":\"WebSite\",\"@id\":\"https:\\\/\\\/www.athome.lu\\\/blog\\\/#website\",\"url\":\"https:\\\/\\\/www.athome.lu\\\/blog\\\/\",\"name\":\"atHome Blog\",\"description\":\"Annonces immobili\u00e8res au Luxembourg. Le portail immobilier n\u00b01 au Luxembourg.\",\"potentialAction\":[{\"@type\":\"SearchAction\",\"target\":{\"@type\":\"EntryPoint\",\"urlTemplate\":\"https:\\\/\\\/www.athome.lu\\\/blog\\\/?s={search_term_string}\"},\"query-input\":{\"@type\":\"PropertyValueSpecification\",\"valueRequired\":true,\"valueName\":\"search_term_string\"}}],\"inLanguage\":\"fr-FR\"},{\"@type\":\"Person\",\"@id\":\"https:\\\/\\\/www.athome.lu\\\/blog\\\/#\\\/schema\\\/person\\\/47f7a38089f837e792876ceddc4cb2dc\",\"name\":\"Fanny Pimentel\",\"image\":{\"@type\":\"ImageObject\",\"inLanguage\":\"fr-FR\",\"@id\":\"https:\\\/\\\/secure.gravatar.com\\\/avatar\\\/c60b27b93851dc9503f9cc9150e73dcb0a86ba6150657e5e4b11d988400bc633?s=96&d=mm&r=g\",\"url\":\"https:\\\/\\\/secure.gravatar.com\\\/avatar\\\/c60b27b93851dc9503f9cc9150e73dcb0a86ba6150657e5e4b11d988400bc633?s=96&d=mm&r=g\",\"contentUrl\":\"https:\\\/\\\/secure.gravatar.com\\\/avatar\\\/c60b27b93851dc9503f9cc9150e73dcb0a86ba6150657e5e4b11d988400bc633?s=96&d=mm&r=g\",\"caption\":\"Fanny Pimentel\"}}]}<\/script>\n<!-- \/ Yoast SEO plugin. -->","yoast_head_json":{"title":"Mondorf-les-Bains : le paradis des retrait\u00e9s ..mais pas que ! | atHome","description":"Loin d\u2019\u00eatre une commune dortoir, Mondorf-les-Bains accueille une population \u00e0 l\u2019\u00e2ge un rien sup\u00e9rieur \u00e0 la moyenne nationale.","robots":{"index":"index","follow":"follow","max-snippet":"max-snippet:-1","max-image-preview":"max-image-preview:large","max-video-preview":"max-video-preview:-1"},"canonical":"https:\/\/www.athome.lu\/blog\/marche-immobilier\/villes\/mondorf-les-bains-le-paradis-des-retraites-mais-pas-que\/","og_locale":"fr_FR","og_type":"article","og_title":"Mondorf-les-Bains : le paradis des retrait\u00e9s ..mais pas que ! | atHome","og_description":"Loin d\u2019\u00eatre une commune dortoir, Mondorf-les-Bains accueille une population \u00e0 l\u2019\u00e2ge un rien sup\u00e9rieur \u00e0 la moyenne nationale.","og_url":"https:\/\/www.athome.lu\/blog\/marche-immobilier\/villes\/mondorf-les-bains-le-paradis-des-retraites-mais-pas-que\/","og_site_name":"atHome Blog","article_publisher":"https:\/\/www.facebook.com\/atHome.lu\/","article_published_time":"2019-03-12T08:30:16+00:00","article_modified_time":"2022-05-11T13:03:51+00:00","og_image":[{"width":1200,"height":800,"url":"https:\/\/www.athome.lu\/blog\/wp-content\/uploads\/2019\/03\/IMG_4492-mondorf-1200.jpg","type":"image\/jpeg"}],"author":"Fanny Pimentel","twitter_card":"summary_large_image","twitter_creator":"@athomelu","twitter_site":"@athomelu","twitter_misc":{"\u00c9crit par":"Fanny Pimentel","Dur\u00e9e de lecture estim\u00e9e":"5 minutes"},"schema":{"@context":"https:\/\/schema.org","@graph":[{"@type":"Article","@id":"https:\/\/www.athome.lu\/blog\/marche-immobilier\/villes\/mondorf-les-bains-le-paradis-des-retraites-mais-pas-que\/#article","isPartOf":{"@id":"https:\/\/www.athome.lu\/blog\/marche-immobilier\/villes\/mondorf-les-bains-le-paradis-des-retraites-mais-pas-que\/"},"author":{"name":"Fanny Pimentel","@id":"https:\/\/www.athome.lu\/blog\/#\/schema\/person\/47f7a38089f837e792876ceddc4cb2dc"},"headline":"Mondorf-les-Bains : le paradis des retrait\u00e9s ..mais pas que !","datePublished":"2019-03-12T08:30:16+00:00","dateModified":"2022-05-11T13:03:51+00:00","mainEntityOfPage":{"@id":"https:\/\/www.athome.lu\/blog\/marche-immobilier\/villes\/mondorf-les-bains-le-paradis-des-retraites-mais-pas-que\/"},"wordCount":956,"image":{"@id":"https:\/\/www.athome.lu\/blog\/marche-immobilier\/villes\/mondorf-les-bains-le-paradis-des-retraites-mais-pas-que\/#primaryimage"},"thumbnailUrl":"https:\/\/www.athome.lu\/blog\/wp-content\/uploads\/2019\/03\/IMG_4492-mondorf-1200.jpg","articleSection":["Villes"],"inLanguage":"fr-FR"},{"@type":"WebPage","@id":"https:\/\/www.athome.lu\/blog\/marche-immobilier\/villes\/mondorf-les-bains-le-paradis-des-retraites-mais-pas-que\/","url":"https:\/\/www.athome.lu\/blog\/marche-immobilier\/villes\/mondorf-les-bains-le-paradis-des-retraites-mais-pas-que\/","name":"Mondorf-les-Bains : le paradis des retrait\u00e9s ..mais pas que ! | atHome","isPartOf":{"@id":"https:\/\/www.athome.lu\/blog\/#website"},"primaryImageOfPage":{"@id":"https:\/\/www.athome.lu\/blog\/marche-immobilier\/villes\/mondorf-les-bains-le-paradis-des-retraites-mais-pas-que\/#primaryimage"},"image":{"@id":"https:\/\/www.athome.lu\/blog\/marche-immobilier\/villes\/mondorf-les-bains-le-paradis-des-retraites-mais-pas-que\/#primaryimage"},"thumbnailUrl":"https:\/\/www.athome.lu\/blog\/wp-content\/uploads\/2019\/03\/IMG_4492-mondorf-1200.jpg","datePublished":"2019-03-12T08:30:16+00:00","dateModified":"2022-05-11T13:03:51+00:00","author":{"@id":"https:\/\/www.athome.lu\/blog\/#\/schema\/person\/47f7a38089f837e792876ceddc4cb2dc"},"description":"Loin d\u2019\u00eatre une commune dortoir, Mondorf-les-Bains accueille une population \u00e0 l\u2019\u00e2ge un rien sup\u00e9rieur \u00e0 la moyenne nationale.","breadcrumb":{"@id":"https:\/\/www.athome.lu\/blog\/marche-immobilier\/villes\/mondorf-les-bains-le-paradis-des-retraites-mais-pas-que\/#breadcrumb"},"inLanguage":"fr-FR","potentialAction":[{"@type":"ReadAction","target":["https:\/\/www.athome.lu\/blog\/marche-immobilier\/villes\/mondorf-les-bains-le-paradis-des-retraites-mais-pas-que\/"]}]},{"@type":"ImageObject","inLanguage":"fr-FR","@id":"https:\/\/www.athome.lu\/blog\/marche-immobilier\/villes\/mondorf-les-bains-le-paradis-des-retraites-mais-pas-que\/#primaryimage","url":"https:\/\/www.athome.lu\/blog\/wp-content\/uploads\/2019\/03\/IMG_4492-mondorf-1200.jpg","contentUrl":"https:\/\/www.athome.lu\/blog\/wp-content\/uploads\/2019\/03\/IMG_4492-mondorf-1200.jpg","width":1200,"height":800,"caption":"Mondorf-les-bains, Luxembourg"},{"@type":"BreadcrumbList","@id":"https:\/\/www.athome.lu\/blog\/marche-immobilier\/villes\/mondorf-les-bains-le-paradis-des-retraites-mais-pas-que\/#breadcrumb","itemListElement":[{"@type":"ListItem","position":1,"name":"Accueil","item":"https:\/\/www.athome.lu\/blog\/"},{"@type":"ListItem","position":2,"name":"March\u00e9 immobilier","item":"https:\/\/www.athome.lu\/blog\/category\/marche-immobilier\/"},{"@type":"ListItem","position":3,"name":"Villes","item":"https:\/\/www.athome.lu\/blog\/category\/marche-immobilier\/villes\/"},{"@type":"ListItem","position":4,"name":"Mondorf-les-Bains : le paradis des retrait\u00e9s ..mais pas que !"}]},{"@type":"WebSite","@id":"https:\/\/www.athome.lu\/blog\/#website","url":"https:\/\/www.athome.lu\/blog\/","name":"atHome Blog","description":"Annonces immobili\u00e8res au Luxembourg. Le portail immobilier n\u00b01 au Luxembourg.","potentialAction":[{"@type":"SearchAction","target":{"@type":"EntryPoint","urlTemplate":"https:\/\/www.athome.lu\/blog\/?s={search_term_string}"},"query-input":{"@type":"PropertyValueSpecification","valueRequired":true,"valueName":"search_term_string"}}],"inLanguage":"fr-FR"},{"@type":"Person","@id":"https:\/\/www.athome.lu\/blog\/#\/schema\/person\/47f7a38089f837e792876ceddc4cb2dc","name":"Fanny Pimentel","image":{"@type":"ImageObject","inLanguage":"fr-FR","@id":"https:\/\/secure.gravatar.com\/avatar\/c60b27b93851dc9503f9cc9150e73dcb0a86ba6150657e5e4b11d988400bc633?s=96&d=mm&r=g","url":"https:\/\/secure.gravatar.com\/avatar\/c60b27b93851dc9503f9cc9150e73dcb0a86ba6150657e5e4b11d988400bc633?s=96&d=mm&r=g","contentUrl":"https:\/\/secure.gravatar.com\/avatar\/c60b27b93851dc9503f9cc9150e73dcb0a86ba6150657e5e4b11d988400bc633?s=96&d=mm&r=g","caption":"Fanny Pimentel"}}]}},"featured_media_src_url":"https:\/\/www.athome.lu\/blog\/wp-content\/uploads\/2019\/03\/IMG_4492-mondorf-1200-1024x683.jpg","_links":{"self":[{"href":"https:\/\/www.athome.lu\/blog\/wp-json\/wp\/v2\/posts\/11890","targetHints":{"allow":["GET"]}}],"collection":[{"href":"https:\/\/www.athome.lu\/blog\/wp-json\/wp\/v2\/posts"}],"about":[{"href":"https:\/\/www.athome.lu\/blog\/wp-json\/wp\/v2\/types\/post"}],"author":[{"embeddable":true,"href":"https:\/\/www.athome.lu\/blog\/wp-json\/wp\/v2\/users\/17"}],"replies":[{"embeddable":true,"href":"https:\/\/www.athome.lu\/blog\/wp-json\/wp\/v2\/comments?post=11890"}],"version-history":[{"count":2,"href":"https:\/\/www.athome.lu\/blog\/wp-json\/wp\/v2\/posts\/11890\/revisions"}],"predecessor-version":[{"id":15013,"href":"https:\/\/www.athome.lu\/blog\/wp-json\/wp\/v2\/posts\/11890\/revisions\/15013"}],"wp:featuredmedia":[{"embeddable":true,"href":"https:\/\/www.athome.lu\/blog\/wp-json\/wp\/v2\/media\/11892"}],"wp:attachment":[{"href":"https:\/\/www.athome.lu\/blog\/wp-json\/wp\/v2\/media?parent=11890"}],"wp:term":[{"taxonomy":"category","embeddable":true,"href":"https:\/\/www.athome.lu\/blog\/wp-json\/wp\/v2\/categories?post=11890"},{"taxonomy":"post_tag","embeddable":true,"href":"https:\/\/www.athome.lu\/blog\/wp-json\/wp\/v2\/tags?post=11890"}],"curies":[{"name":"wp","href":"https:\/\/api.w.org\/{rel}","templated":true}]}}