{"id":11985,"date":"2019-05-13T10:03:14","date_gmt":"2019-05-13T09:03:14","guid":{"rendered":"https:\/\/www.athome.lu\/blog\/?p=11985"},"modified":"2022-05-11T14:55:18","modified_gmt":"2022-05-11T12:55:18","slug":"wiltz-capitale-des-ardennes","status":"publish","type":"post","link":"https:\/\/www.athome.lu\/blog\/marche-immobilier\/villes\/wiltz-capitale-des-ardennes\/","title":{"rendered":"Wiltz, capitale des Ardennes"},"content":{"rendered":"\n<p class=\"has-very-dark-gray-color has-text-color\">Baptis\u00e9e \u00ab&nbsp;Ville Martyre&nbsp;\u00bb apr\u00e8s la seconde guerre mondiale, Wiltz conna\u00eet depuis quelques ann\u00e9es un renouveau important. D\u00e9sign\u00e9e comme \u00ab&nbsp;Hotspot&nbsp;\u00bb pour le d\u00e9veloppement de l\u2019\u00e9conomie circulaire au Grand-Duch\u00e9, la commune dispose de toutes les commodit\u00e9s et infrastructures n\u00e9cessaires au quotidien, tout en offrant un cadre de vie id\u00e9al.<\/p>\n\n\n\n<p class=\"has-very-dark-gray-color has-text-color\">Nich\u00e9e au c\u0153ur des Ardennes luxembourgeoises, dans le nord du pays, la commune de Wiltz accueille aujourd\u2019hui 7 100 habitants repr\u00e9sentant quelque 95 nationalit\u00e9s, alors qu\u2019elle en comptait encore moins de 5 000 il y a vingt ans.<\/p>\n\n\n\n<p class=\"has-very-dark-gray-color has-text-color\">L\u2019augmentation de la population \u00e0 Wiltz ces derni\u00e8res ann\u00e9es s\u2019explique par deux grands facteurs. La commune a connu une fusion en 2015. Eschweiler et Wiltz se sont en effet rassembl\u00e9es pour former la nouvelle commune de Wiltz, comprenant aujourd\u2019hui six villages et une ville&nbsp;: Erpeldange, Eschweiler, Knaphoscheid, Roullingen, Selscheid, Weidingen et Wiltz. Parall\u00e8lement, le nombre de r\u00e9sidents a progress\u00e9 dans chacune de ces localit\u00e9s.<\/p>\n\n\n\n<div class=\"wp-block-image\"><figure class=\"aligncenter is-resized\"><img loading=\"lazy\" decoding=\"async\" src=\"https:\/\/www.athome.lu\/blog\/blog\/wp-content\/uploads\/2019\/05\/wiltz-2-IMG_6926-1024x683.jpg\" alt=\"Zoom sur Wiltz\" class=\"wp-image-11988\" width=\"600\" height=\"342\"\/><\/figure><\/div>\n\n\n\n<h2 class=\"wp-block-heading\"><strong>Des \u00e9quipements pour tous<\/strong><\/h2>\n\n\n\n<p class=\"has-very-dark-gray-color has-text-color\">Si Wiltz attire autant d\u2019habitants, c\u2019est certainement parce qu\u2019elle leur offre de nombreux atouts. La commune peut en effet s\u2019appuyer sur de nombreuses infrastructures. \u00ab&nbsp;<em>Hall sportif, piscine int\u00e9rieure et en plein air, centre culturel, \u00e9cole de musique, biblioth\u00e8que, cr\u00e8ches, \u00e9coles pr\u00e9coces et primaires, lyc\u00e9e, \u00e9coles d\u2019enseignement sup\u00e9rieur et maisons-relais, commerces, restaurants, centre hospitalier, pharmacies et m\u00e9decins,\u2026 Wiltz dispose de tout ce dont on a besoin pour vivre au quotidien<\/em>&nbsp;\u00bb, souligne Fr\u00e4nk Arndt, bourgmestre de la commune.<\/p>\n\n\n\n<p class=\"has-very-dark-gray-color has-text-color\">Couvrant une superficie de 39,3 km<sup>2<\/sup>, dont la majorit\u00e9 est compos\u00e9e de for\u00eats, Wiltz est \u00e9galement hautement appr\u00e9ci\u00e9e pour ses paysages environnants. Une fois sorti de la petite ville, on plonge au c\u0153ur d\u2019une nature pr\u00e9serv\u00e9e, offrant de belles aires de jeux en ext\u00e9rieur et des kilom\u00e8tres de randonn\u00e9es p\u00e9destres ou cyclistes.<\/p>\n\n\n\n<div class=\"wp-block-image\"><figure class=\"aligncenter is-resized\"><img decoding=\"async\" src=\"https:\/\/www.athome.lu\/blog\/blog\/wp-content\/uploads\/2019\/05\/wiltz-4-IMG_6921-1024x683.jpg\" alt=\"Wiltz centre\" class=\"wp-image-11991\" width=\"600\" srcset=\"https:\/\/www.athome.lu\/blog\/wp-content\/uploads\/2019\/05\/wiltz-4-IMG_6921-1024x683.jpg 1024w, https:\/\/www.athome.lu\/blog\/wp-content\/uploads\/2019\/05\/wiltz-4-IMG_6921-300x200.jpg 300w, https:\/\/www.athome.lu\/blog\/wp-content\/uploads\/2019\/05\/wiltz-4-IMG_6921-768x512.jpg 768w, https:\/\/www.athome.lu\/blog\/wp-content\/uploads\/2019\/05\/wiltz-4-IMG_6921-18x12.jpg 18w, https:\/\/www.athome.lu\/blog\/wp-content\/uploads\/2019\/05\/wiltz-4-IMG_6921.jpg 1200w\" sizes=\"(max-width: 1024px) 100vw, 1024px\" \/><\/figure><\/div>\n\n\n\n<p class=\"has-very-dark-gray-color has-text-color\">\u00c0 cet \u00e9gard, Wiltz s\u00e9duit chaque ann\u00e9e de nombreux touristes. \u00ab&nbsp;<em>Avec la crise \u00e9conomique de 2008, l\u2019activit\u00e9 industrielle de la ville a \u00e9t\u00e9 ralentie. Nous nous sommes alors davantage tourn\u00e9s vers le tourisme,<\/em> souligne Fr\u00e4nk Arndt. <em>Nous avons beaucoup investi dans ce secteur au cours des cinq derni\u00e8res ann\u00e9es.<\/em>&nbsp;\u00bb Le camping, par exemple, a \u00e9t\u00e9 modernis\u00e9 et dispose aujourd\u2019hui d\u2019un ensemble de 26 logements d\u2019h\u00f4tellerie de plein air haut de gamme. Parall\u00e8lement, un nouvel h\u00f4tel, comprenant 25 chambres, va bient\u00f4t voir le jour. \u00ab&nbsp;<em>Il s\u2019agira d\u2019un h\u00f4tel d\u2019inclusion et de formation pour personnes handicap\u00e9es, g\u00e9r\u00e9 par une soci\u00e9t\u00e9 coop\u00e9rative&nbsp;<\/em>\u00bb, pr\u00e9cise le bourgmestre.&nbsp;<\/p>\n\n\n\n<p class=\"has-very-dark-gray-color has-text-color\">Si Wiltz se situe dans le nord du pays, au c\u0153ur d\u2019une nature verdoyante, elle n\u2019en reste pas moins bien connect\u00e9e \u00e0 l\u2019ensemble du pays. \u00ab&nbsp;<em>On peut rejoindre rapidement Luxembourg-Ville, Mersch, Clervaux ou encore Ettelbr\u00fcck via le train,<\/em> commente le bourgmestre. <em>Nous pouvons aussi nous appuyer sur un bon r\u00e9seau d\u2019autobus pour parcourir la ville ou nous rendre dans les communes avoisinantes. Enfin, et on a parfois tendance \u00e0 l\u2019oublier, les grandes villes telles que Li\u00e8ge, Bruxelles, Aix-la-Chapelle, Maastricht, Cologne,\u2026 sont facilement accessibles par l\u2019autoroute. <\/em>\u00bb<\/p>\n\n\n\n<h2 class=\"wp-block-heading\"><strong>L\u2019immobilier plus attractif<\/strong><\/h2>\n\n\n\n<p class=\"has-very-dark-gray-color has-text-color\">Au rang des atouts, et non des moindres, on peut \u00e9galement citer les prix de l\u2019immobilier qui, s\u2019ils restent \u00e9lev\u00e9s, demeurent plus abordables que dans le reste du pays. Alors que la moyenne des prix de vente d\u2019un appartement existant au Luxembourg est de &nbsp; 5 687 euros par m\u00e8tre carr\u00e9, elle n\u2019est \"que\" de 4 074 euros \u00e0 Wiltz (source : statistiques atHome.lu). Une r\u00e9alit\u00e9 qui contribue aussi \u00e0 attirer de nouveaux r\u00e9sidents chaque ann\u00e9e.<\/p>\n\n\n\n<div class=\"wp-block-image\"><figure class=\"aligncenter is-resized\"><img decoding=\"async\" src=\"https:\/\/www.athome.lu\/blog\/blog\/wp-content\/uploads\/2019\/05\/wiltz-3-IMG_6956-1024x683.jpg\" alt=\"Immobilier Wiltz\" class=\"wp-image-11990\" width=\"600\" srcset=\"https:\/\/www.athome.lu\/blog\/wp-content\/uploads\/2019\/05\/wiltz-3-IMG_6956-1024x683.jpg 1024w, https:\/\/www.athome.lu\/blog\/wp-content\/uploads\/2019\/05\/wiltz-3-IMG_6956-300x200.jpg 300w, https:\/\/www.athome.lu\/blog\/wp-content\/uploads\/2019\/05\/wiltz-3-IMG_6956-768x512.jpg 768w, https:\/\/www.athome.lu\/blog\/wp-content\/uploads\/2019\/05\/wiltz-3-IMG_6956-18x12.jpg 18w, https:\/\/www.athome.lu\/blog\/wp-content\/uploads\/2019\/05\/wiltz-3-IMG_6956.jpg 1200w\" sizes=\"(max-width: 1024px) 100vw, 1024px\" \/><\/figure><\/div>\n\n\n\n<p class=\"has-very-dark-gray-color has-text-color\">De nombreux projets de construction sont en cours de r\u00e9alisation afin de pouvoir loger les nouveaux habitants sur le territoire de la commune. \u00ab\u00a0<em>Trois grands projets de d\u00e9veloppement urbain nous permettront de continuer \u00e0 accro\u00eetre rapidement notre population dans les prochaines ann\u00e9es, <\/em>explique Fr\u00e4nk Arndt. <em>Le projet \u00a0\"Op Heidert\", qui est tir\u00e9 par la commune de Wiltz, et les projets \"Haargarten\" et \"Wunne mat der Wooltz\", qui sont men\u00e9s par le Fonds du Logement, permettront, \u00e0 terme, de loger plus de 3 000 habitants suppl\u00e9mentaires.\u00a0<\/em>\u00bb<\/p>\n\n\n<section id=\"section-3-14695\" class=\" ct-section\" ><div class=\"ct-section-inner-wrap\"><div id=\"div_block-4-14695\" class=\"ct-div-block\" ><div id=\"new_columns-7-14695\" class=\"ct-new-columns\" ><div id=\"div_block-8-14695\" class=\"ct-div-block\" ><div id=\"div_block-14-14695\" class=\"ct-div-block\" ><\/div><\/div><div id=\"div_block-9-14695\" class=\"ct-div-block\" ><h1 id=\"headline-11-14695\" class=\"ct-headline\">Quels sont les prix de l'immobilier en ce moment ?<\/h1><div id=\"text_block-12-14695\" class=\"ct-text-block\" >Les prix ralentissent. Les taux d'int\u00e9r\u00eat augmentent. Quelles tendances pour les mois \u00e0 venir ?<\/div><a id=\"link_button-13-14695\" class=\"ct-link-button\" href=\"https:\/\/www.athome.lu\/blog\/blog\/marche-immobilier\/prix\/tendances-2022\/\" target=\"_blank\"  >Lire l'analyse<\/a><\/div><\/div><\/div><\/div><\/section>\n\n\n<p class=\"has-very-dark-gray-color has-text-color\">Le troisi\u00e8me projet mentionn\u00e9 envisage une revalorisation et une requalification de l'ensemble des friches industrielles situ\u00e9es au coeur de la ville de Wiltz. \u00ab&nbsp;<em>\u00c9tendu sur plus de 27 hectares, ce projet int\u00e8gre un concept d'urbanisation global, architectural et durable. Il permettra d'accueillir environ 780 unit\u00e9s de logements, soit 1 800 habitants, favorisant une mixit\u00e9 sociale et le d\u00e9veloppement d\u2019un quartier vivant, dans une logique d\u2019\u00e9conomie circulaire&nbsp;<\/em>\u00bb, pr\u00e9cise le bourgmestre.&nbsp;<\/p>\n\n\n\n<h2 class=\"wp-block-heading\"><strong>L\u2019innovation au c\u0153ur de la r\u00e9flexion<\/strong><\/h2>\n\n\n\n<p class=\"has-very-dark-gray-color has-text-color\">Wiltz est une commune qui bouge, et qui s\u2019engage. Depuis 2015, elle a en effet \u00e9t\u00e9 d\u00e9sign\u00e9e comme \u00ab&nbsp;Hotspot&nbsp;\u00bb national pour l\u2019\u00e9conomie circulaire. Plusieurs projets y sont d\u00e9ploy\u00e9s en ce sens, en int\u00e9grant l\u2019ensemble des acteurs de la soci\u00e9t\u00e9 afin de cr\u00e9er un avenir plus durable. Parmi les initiatives les plus innovantes, on peut citer le concept d\u2019immeuble circulaire \"Nesto\". Un premier projet de six appartements a \u00e9t\u00e9 construit int\u00e9gralement dans cette optique par le promoteur Heliosmart et inaugur\u00e9 en septembre dernier.<\/p>\n\n\n\n<p class=\"has-very-dark-gray-color has-text-color\">Au-del\u00e0 du logement, l\u2019\u00e9conomie circulaire vise l\u2019ensemble de la vie et des acteurs de la commune, et notamment les commerces. \u00ab&nbsp;<em>Face aux changements structurels de notre \u00e9conomie et de nos modes de consommation , les commer\u00e7ants locaux devront s\u2019adapter, <\/em>confie Fr\u00e4nk Arndt. <em>Nous avons donc d\u00e9cid\u00e9 de nous distinguer, en proposant autre chose que les magasins standardis\u00e9s que l\u2019on trouve dans chaque centre commercial. Nous disposons par exemple d\u2019un commerce qui vend des meubles et objets de d\u00e9coration r\u00e9nov\u00e9s et revaloris\u00e9s. D\u2019autres id\u00e9es suivront dans la m\u00eame optique.<\/em>&nbsp;\u00bb<\/p>\n\n\n\n<p class=\"has-very-dark-gray-color has-text-color\">L\u2019augmentation de la population implique aussi de repenser et de renforcer les infrastructures de la commune. Pour continuer \u00e0 former et accueillir au mieux les jeunes, une nouvelle \u00e9cole d\u2019une capacit\u00e9 de 320 \u00e9l\u00e8ves va \u00eatre cr\u00e9\u00e9e dans le nouveau centre urbain au c\u0153ur de la ville de Wiltz. \u00ab&nbsp;<em>Celle-ci sera compl\u00e9t\u00e9e par une maison-relais, une \u00e9cole de musique, un petit hall sportif et une structure nationale d\u2019\u00e9ducation non formelle<\/em>&nbsp;\u00bb, poursuit Fr\u00e4nk Arndt. Autour de l\u2019embl\u00e9matique &nbsp;chemin\u00e9e de l\u2019ancienne usine Ideal sera \u00e9galement ouvert un centre de loisirs outdoor et indoor o\u00f9 l\u2019on pourra pratiquer l\u2019escalade, le soccer, le beach-volley et le basketball.<\/p>\n\n\n\n<p class=\"has-very-dark-gray-color has-text-color\">Parall\u00e8lement, Wiltz va continuer \u00e0 d\u00e9velopper les zones d\u2019activit\u00e9s \u00e9conomiques Salzbaach, cr\u00e9atrices de nouveaux emplois pour les habitants de la commune et des communes environnantes. L\u00e0 aussi, les principes de l\u2019\u00e9conomie circulaire seront appliqu\u00e9s en coop\u00e9ration avec l'ensemble des acteurs r\u00e9gionaux et nationaux concern\u00e9s. Avec une telle vision \u00e0 long terme, nul doute que Wiltz devrait encore rester attractive aux yeux de ses actuels et futurs habitants.<\/p>\n\n\n\n<hr class=\"wp-block-separator is-style-dots\"\/>\n\n\n\n<p>&nbsp;<\/p>\n","protected":false},"excerpt":{"rendered":"<p>Baptis\u00e9e \u00ab&nbsp;Ville Martyre&nbsp;\u00bb apr\u00e8s la seconde guerre mondiale, Wiltz conna\u00eet depuis quelques ann\u00e9es un renouveau important. D\u00e9sign\u00e9e comme \u00ab&nbsp;Hotspot&nbsp;\u00bb pour le d\u00e9veloppement de l\u2019\u00e9conomie circulaire au Grand-Duch\u00e9, la commune dispose de toutes les commodit\u00e9s et infrastructures n\u00e9cessaires au quotidien, tout en offrant un cadre de vie id\u00e9al. Nich\u00e9e au c\u0153ur des Ardennes luxembourgeoises, dans le [&hellip;]<\/p>\n","protected":false},"author":17,"featured_media":11987,"comment_status":"closed","ping_status":"open","sticky":false,"template":"","format":"standard","meta":{"_acf_changed":false,"footnotes":""},"categories":[218],"tags":[],"class_list":["post-11985","post","type-post","status-publish","format-standard","has-post-thumbnail","hentry","category-villes"],"acf":[],"yoast_head":"<!-- This site is optimized with the Yoast SEO plugin v27.4 - https:\/\/yoast.com\/product\/yoast-seo-wordpress\/ -->\n<title>Wiltz, capitale des Ardennes - atHome Blog<\/title>\n<meta name=\"description\" content=\"Wiltz conna\u00eet depuis quelques ann\u00e9es un renouveau important. La commune a \u00e9t\u00e9 d\u00e9sign\u00e9e \u00ab Hotspot \u00bb pour le d\u00e9veloppement de l\u2019\u00e9conomie circulaire au Luxemborug.\" \/>\n<meta name=\"robots\" content=\"index, follow, max-snippet:-1, max-image-preview:large, max-video-preview:-1\" \/>\n<link rel=\"canonical\" href=\"https:\/\/www.athome.lu\/blog\/marche-immobilier\/villes\/wiltz-capitale-des-ardennes\/\" \/>\n<meta property=\"og:locale\" content=\"fr_FR\" \/>\n<meta property=\"og:type\" content=\"article\" \/>\n<meta property=\"og:title\" content=\"Wiltz, capitale des Ardennes - atHome Blog\" \/>\n<meta property=\"og:description\" content=\"Wiltz conna\u00eet depuis quelques ann\u00e9es un renouveau important. La commune a \u00e9t\u00e9 d\u00e9sign\u00e9e \u00ab Hotspot \u00bb pour le d\u00e9veloppement de l\u2019\u00e9conomie circulaire au Luxemborug.\" \/>\n<meta property=\"og:url\" content=\"https:\/\/www.athome.lu\/blog\/marche-immobilier\/villes\/wiltz-capitale-des-ardennes\/\" \/>\n<meta property=\"og:site_name\" content=\"atHome Blog\" \/>\n<meta property=\"article:publisher\" content=\"https:\/\/www.facebook.com\/atHome.lu\/\" \/>\n<meta property=\"article:published_time\" content=\"2019-05-13T09:03:14+00:00\" \/>\n<meta property=\"article:modified_time\" content=\"2022-05-11T12:55:18+00:00\" \/>\n<meta property=\"og:image\" content=\"https:\/\/www.athome.lu\/blog\/wp-content\/uploads\/2019\/05\/wiltz-1IMG_6968.jpg\" \/>\n\t<meta property=\"og:image:width\" content=\"1200\" \/>\n\t<meta property=\"og:image:height\" content=\"800\" \/>\n\t<meta property=\"og:image:type\" content=\"image\/jpeg\" \/>\n<meta name=\"author\" content=\"Fanny Pimentel\" \/>\n<meta name=\"twitter:card\" content=\"summary_large_image\" \/>\n<meta name=\"twitter:creator\" content=\"@athomelu\" \/>\n<meta name=\"twitter:site\" content=\"@athomelu\" \/>\n<meta name=\"twitter:label1\" content=\"\u00c9crit par\" \/>\n\t<meta name=\"twitter:data1\" content=\"Fanny Pimentel\" \/>\n\t<meta name=\"twitter:label2\" content=\"Dur\u00e9e de lecture estim\u00e9e\" \/>\n\t<meta name=\"twitter:data2\" content=\"7 minutes\" \/>\n<script type=\"application\/ld+json\" class=\"yoast-schema-graph\">{\"@context\":\"https:\\\/\\\/schema.org\",\"@graph\":[{\"@type\":\"Article\",\"@id\":\"https:\\\/\\\/www.athome.lu\\\/blog\\\/marche-immobilier\\\/villes\\\/wiltz-capitale-des-ardennes\\\/#article\",\"isPartOf\":{\"@id\":\"https:\\\/\\\/www.athome.lu\\\/blog\\\/marche-immobilier\\\/villes\\\/wiltz-capitale-des-ardennes\\\/\"},\"author\":{\"name\":\"Fanny Pimentel\",\"@id\":\"https:\\\/\\\/www.athome.lu\\\/blog\\\/#\\\/schema\\\/person\\\/47f7a38089f837e792876ceddc4cb2dc\"},\"headline\":\"Wiltz, capitale des Ardennes\",\"datePublished\":\"2019-05-13T09:03:14+00:00\",\"dateModified\":\"2022-05-11T12:55:18+00:00\",\"mainEntityOfPage\":{\"@id\":\"https:\\\/\\\/www.athome.lu\\\/blog\\\/marche-immobilier\\\/villes\\\/wiltz-capitale-des-ardennes\\\/\"},\"wordCount\":1207,\"image\":{\"@id\":\"https:\\\/\\\/www.athome.lu\\\/blog\\\/marche-immobilier\\\/villes\\\/wiltz-capitale-des-ardennes\\\/#primaryimage\"},\"thumbnailUrl\":\"https:\\\/\\\/www.athome.lu\\\/blog\\\/wp-content\\\/uploads\\\/2019\\\/05\\\/wiltz-1IMG_6968.jpg\",\"articleSection\":[\"Villes\"],\"inLanguage\":\"fr-FR\"},{\"@type\":\"WebPage\",\"@id\":\"https:\\\/\\\/www.athome.lu\\\/blog\\\/marche-immobilier\\\/villes\\\/wiltz-capitale-des-ardennes\\\/\",\"url\":\"https:\\\/\\\/www.athome.lu\\\/blog\\\/marche-immobilier\\\/villes\\\/wiltz-capitale-des-ardennes\\\/\",\"name\":\"Wiltz, capitale des Ardennes - atHome Blog\",\"isPartOf\":{\"@id\":\"https:\\\/\\\/www.athome.lu\\\/blog\\\/#website\"},\"primaryImageOfPage\":{\"@id\":\"https:\\\/\\\/www.athome.lu\\\/blog\\\/marche-immobilier\\\/villes\\\/wiltz-capitale-des-ardennes\\\/#primaryimage\"},\"image\":{\"@id\":\"https:\\\/\\\/www.athome.lu\\\/blog\\\/marche-immobilier\\\/villes\\\/wiltz-capitale-des-ardennes\\\/#primaryimage\"},\"thumbnailUrl\":\"https:\\\/\\\/www.athome.lu\\\/blog\\\/wp-content\\\/uploads\\\/2019\\\/05\\\/wiltz-1IMG_6968.jpg\",\"datePublished\":\"2019-05-13T09:03:14+00:00\",\"dateModified\":\"2022-05-11T12:55:18+00:00\",\"author\":{\"@id\":\"https:\\\/\\\/www.athome.lu\\\/blog\\\/#\\\/schema\\\/person\\\/47f7a38089f837e792876ceddc4cb2dc\"},\"description\":\"Wiltz conna\u00eet depuis quelques ann\u00e9es un renouveau important. La commune a \u00e9t\u00e9 d\u00e9sign\u00e9e \u00ab Hotspot \u00bb pour le d\u00e9veloppement de l\u2019\u00e9conomie circulaire au Luxemborug.\",\"breadcrumb\":{\"@id\":\"https:\\\/\\\/www.athome.lu\\\/blog\\\/marche-immobilier\\\/villes\\\/wiltz-capitale-des-ardennes\\\/#breadcrumb\"},\"inLanguage\":\"fr-FR\",\"potentialAction\":[{\"@type\":\"ReadAction\",\"target\":[\"https:\\\/\\\/www.athome.lu\\\/blog\\\/marche-immobilier\\\/villes\\\/wiltz-capitale-des-ardennes\\\/\"]}]},{\"@type\":\"ImageObject\",\"inLanguage\":\"fr-FR\",\"@id\":\"https:\\\/\\\/www.athome.lu\\\/blog\\\/marche-immobilier\\\/villes\\\/wiltz-capitale-des-ardennes\\\/#primaryimage\",\"url\":\"https:\\\/\\\/www.athome.lu\\\/blog\\\/wp-content\\\/uploads\\\/2019\\\/05\\\/wiltz-1IMG_6968.jpg\",\"contentUrl\":\"https:\\\/\\\/www.athome.lu\\\/blog\\\/wp-content\\\/uploads\\\/2019\\\/05\\\/wiltz-1IMG_6968.jpg\",\"width\":1200,\"height\":800,\"caption\":\"Commune de wiltz\"},{\"@type\":\"BreadcrumbList\",\"@id\":\"https:\\\/\\\/www.athome.lu\\\/blog\\\/marche-immobilier\\\/villes\\\/wiltz-capitale-des-ardennes\\\/#breadcrumb\",\"itemListElement\":[{\"@type\":\"ListItem\",\"position\":1,\"name\":\"Accueil\",\"item\":\"https:\\\/\\\/www.athome.lu\\\/blog\\\/\"},{\"@type\":\"ListItem\",\"position\":2,\"name\":\"March\u00e9 immobilier\",\"item\":\"https:\\\/\\\/www.athome.lu\\\/blog\\\/category\\\/marche-immobilier\\\/\"},{\"@type\":\"ListItem\",\"position\":3,\"name\":\"Villes\",\"item\":\"https:\\\/\\\/www.athome.lu\\\/blog\\\/category\\\/marche-immobilier\\\/villes\\\/\"},{\"@type\":\"ListItem\",\"position\":4,\"name\":\"Wiltz, capitale des Ardennes\"}]},{\"@type\":\"WebSite\",\"@id\":\"https:\\\/\\\/www.athome.lu\\\/blog\\\/#website\",\"url\":\"https:\\\/\\\/www.athome.lu\\\/blog\\\/\",\"name\":\"atHome Blog\",\"description\":\"Annonces immobili\u00e8res au Luxembourg. Le portail immobilier n\u00b01 au Luxembourg.\",\"potentialAction\":[{\"@type\":\"SearchAction\",\"target\":{\"@type\":\"EntryPoint\",\"urlTemplate\":\"https:\\\/\\\/www.athome.lu\\\/blog\\\/?s={search_term_string}\"},\"query-input\":{\"@type\":\"PropertyValueSpecification\",\"valueRequired\":true,\"valueName\":\"search_term_string\"}}],\"inLanguage\":\"fr-FR\"},{\"@type\":\"Person\",\"@id\":\"https:\\\/\\\/www.athome.lu\\\/blog\\\/#\\\/schema\\\/person\\\/47f7a38089f837e792876ceddc4cb2dc\",\"name\":\"Fanny Pimentel\",\"image\":{\"@type\":\"ImageObject\",\"inLanguage\":\"fr-FR\",\"@id\":\"https:\\\/\\\/secure.gravatar.com\\\/avatar\\\/c60b27b93851dc9503f9cc9150e73dcb0a86ba6150657e5e4b11d988400bc633?s=96&d=mm&r=g\",\"url\":\"https:\\\/\\\/secure.gravatar.com\\\/avatar\\\/c60b27b93851dc9503f9cc9150e73dcb0a86ba6150657e5e4b11d988400bc633?s=96&d=mm&r=g\",\"contentUrl\":\"https:\\\/\\\/secure.gravatar.com\\\/avatar\\\/c60b27b93851dc9503f9cc9150e73dcb0a86ba6150657e5e4b11d988400bc633?s=96&d=mm&r=g\",\"caption\":\"Fanny Pimentel\"}}]}<\/script>\n<!-- \/ Yoast SEO plugin. -->","yoast_head_json":{"title":"Wiltz, capitale des Ardennes - atHome Blog","description":"Wiltz conna\u00eet depuis quelques ann\u00e9es un renouveau important. La commune a \u00e9t\u00e9 d\u00e9sign\u00e9e \u00ab Hotspot \u00bb pour le d\u00e9veloppement de l\u2019\u00e9conomie circulaire au Luxemborug.","robots":{"index":"index","follow":"follow","max-snippet":"max-snippet:-1","max-image-preview":"max-image-preview:large","max-video-preview":"max-video-preview:-1"},"canonical":"https:\/\/www.athome.lu\/blog\/marche-immobilier\/villes\/wiltz-capitale-des-ardennes\/","og_locale":"fr_FR","og_type":"article","og_title":"Wiltz, capitale des Ardennes - atHome Blog","og_description":"Wiltz conna\u00eet depuis quelques ann\u00e9es un renouveau important. La commune a \u00e9t\u00e9 d\u00e9sign\u00e9e \u00ab Hotspot \u00bb pour le d\u00e9veloppement de l\u2019\u00e9conomie circulaire au Luxemborug.","og_url":"https:\/\/www.athome.lu\/blog\/marche-immobilier\/villes\/wiltz-capitale-des-ardennes\/","og_site_name":"atHome Blog","article_publisher":"https:\/\/www.facebook.com\/atHome.lu\/","article_published_time":"2019-05-13T09:03:14+00:00","article_modified_time":"2022-05-11T12:55:18+00:00","og_image":[{"width":1200,"height":800,"url":"https:\/\/www.athome.lu\/blog\/wp-content\/uploads\/2019\/05\/wiltz-1IMG_6968.jpg","type":"image\/jpeg"}],"author":"Fanny Pimentel","twitter_card":"summary_large_image","twitter_creator":"@athomelu","twitter_site":"@athomelu","twitter_misc":{"\u00c9crit par":"Fanny Pimentel","Dur\u00e9e de lecture estim\u00e9e":"7 minutes"},"schema":{"@context":"https:\/\/schema.org","@graph":[{"@type":"Article","@id":"https:\/\/www.athome.lu\/blog\/marche-immobilier\/villes\/wiltz-capitale-des-ardennes\/#article","isPartOf":{"@id":"https:\/\/www.athome.lu\/blog\/marche-immobilier\/villes\/wiltz-capitale-des-ardennes\/"},"author":{"name":"Fanny Pimentel","@id":"https:\/\/www.athome.lu\/blog\/#\/schema\/person\/47f7a38089f837e792876ceddc4cb2dc"},"headline":"Wiltz, capitale des Ardennes","datePublished":"2019-05-13T09:03:14+00:00","dateModified":"2022-05-11T12:55:18+00:00","mainEntityOfPage":{"@id":"https:\/\/www.athome.lu\/blog\/marche-immobilier\/villes\/wiltz-capitale-des-ardennes\/"},"wordCount":1207,"image":{"@id":"https:\/\/www.athome.lu\/blog\/marche-immobilier\/villes\/wiltz-capitale-des-ardennes\/#primaryimage"},"thumbnailUrl":"https:\/\/www.athome.lu\/blog\/wp-content\/uploads\/2019\/05\/wiltz-1IMG_6968.jpg","articleSection":["Villes"],"inLanguage":"fr-FR"},{"@type":"WebPage","@id":"https:\/\/www.athome.lu\/blog\/marche-immobilier\/villes\/wiltz-capitale-des-ardennes\/","url":"https:\/\/www.athome.lu\/blog\/marche-immobilier\/villes\/wiltz-capitale-des-ardennes\/","name":"Wiltz, capitale des Ardennes - atHome Blog","isPartOf":{"@id":"https:\/\/www.athome.lu\/blog\/#website"},"primaryImageOfPage":{"@id":"https:\/\/www.athome.lu\/blog\/marche-immobilier\/villes\/wiltz-capitale-des-ardennes\/#primaryimage"},"image":{"@id":"https:\/\/www.athome.lu\/blog\/marche-immobilier\/villes\/wiltz-capitale-des-ardennes\/#primaryimage"},"thumbnailUrl":"https:\/\/www.athome.lu\/blog\/wp-content\/uploads\/2019\/05\/wiltz-1IMG_6968.jpg","datePublished":"2019-05-13T09:03:14+00:00","dateModified":"2022-05-11T12:55:18+00:00","author":{"@id":"https:\/\/www.athome.lu\/blog\/#\/schema\/person\/47f7a38089f837e792876ceddc4cb2dc"},"description":"Wiltz conna\u00eet depuis quelques ann\u00e9es un renouveau important. La commune a \u00e9t\u00e9 d\u00e9sign\u00e9e \u00ab Hotspot \u00bb pour le d\u00e9veloppement de l\u2019\u00e9conomie circulaire au Luxemborug.","breadcrumb":{"@id":"https:\/\/www.athome.lu\/blog\/marche-immobilier\/villes\/wiltz-capitale-des-ardennes\/#breadcrumb"},"inLanguage":"fr-FR","potentialAction":[{"@type":"ReadAction","target":["https:\/\/www.athome.lu\/blog\/marche-immobilier\/villes\/wiltz-capitale-des-ardennes\/"]}]},{"@type":"ImageObject","inLanguage":"fr-FR","@id":"https:\/\/www.athome.lu\/blog\/marche-immobilier\/villes\/wiltz-capitale-des-ardennes\/#primaryimage","url":"https:\/\/www.athome.lu\/blog\/wp-content\/uploads\/2019\/05\/wiltz-1IMG_6968.jpg","contentUrl":"https:\/\/www.athome.lu\/blog\/wp-content\/uploads\/2019\/05\/wiltz-1IMG_6968.jpg","width":1200,"height":800,"caption":"Commune de wiltz"},{"@type":"BreadcrumbList","@id":"https:\/\/www.athome.lu\/blog\/marche-immobilier\/villes\/wiltz-capitale-des-ardennes\/#breadcrumb","itemListElement":[{"@type":"ListItem","position":1,"name":"Accueil","item":"https:\/\/www.athome.lu\/blog\/"},{"@type":"ListItem","position":2,"name":"March\u00e9 immobilier","item":"https:\/\/www.athome.lu\/blog\/category\/marche-immobilier\/"},{"@type":"ListItem","position":3,"name":"Villes","item":"https:\/\/www.athome.lu\/blog\/category\/marche-immobilier\/villes\/"},{"@type":"ListItem","position":4,"name":"Wiltz, capitale des Ardennes"}]},{"@type":"WebSite","@id":"https:\/\/www.athome.lu\/blog\/#website","url":"https:\/\/www.athome.lu\/blog\/","name":"atHome Blog","description":"Annonces immobili\u00e8res au Luxembourg. Le portail immobilier n\u00b01 au Luxembourg.","potentialAction":[{"@type":"SearchAction","target":{"@type":"EntryPoint","urlTemplate":"https:\/\/www.athome.lu\/blog\/?s={search_term_string}"},"query-input":{"@type":"PropertyValueSpecification","valueRequired":true,"valueName":"search_term_string"}}],"inLanguage":"fr-FR"},{"@type":"Person","@id":"https:\/\/www.athome.lu\/blog\/#\/schema\/person\/47f7a38089f837e792876ceddc4cb2dc","name":"Fanny Pimentel","image":{"@type":"ImageObject","inLanguage":"fr-FR","@id":"https:\/\/secure.gravatar.com\/avatar\/c60b27b93851dc9503f9cc9150e73dcb0a86ba6150657e5e4b11d988400bc633?s=96&d=mm&r=g","url":"https:\/\/secure.gravatar.com\/avatar\/c60b27b93851dc9503f9cc9150e73dcb0a86ba6150657e5e4b11d988400bc633?s=96&d=mm&r=g","contentUrl":"https:\/\/secure.gravatar.com\/avatar\/c60b27b93851dc9503f9cc9150e73dcb0a86ba6150657e5e4b11d988400bc633?s=96&d=mm&r=g","caption":"Fanny Pimentel"}}]}},"featured_media_src_url":"https:\/\/www.athome.lu\/blog\/wp-content\/uploads\/2019\/05\/wiltz-1IMG_6968-1024x683.jpg","_links":{"self":[{"href":"https:\/\/www.athome.lu\/blog\/wp-json\/wp\/v2\/posts\/11985","targetHints":{"allow":["GET"]}}],"collection":[{"href":"https:\/\/www.athome.lu\/blog\/wp-json\/wp\/v2\/posts"}],"about":[{"href":"https:\/\/www.athome.lu\/blog\/wp-json\/wp\/v2\/types\/post"}],"author":[{"embeddable":true,"href":"https:\/\/www.athome.lu\/blog\/wp-json\/wp\/v2\/users\/17"}],"replies":[{"embeddable":true,"href":"https:\/\/www.athome.lu\/blog\/wp-json\/wp\/v2\/comments?post=11985"}],"version-history":[{"count":2,"href":"https:\/\/www.athome.lu\/blog\/wp-json\/wp\/v2\/posts\/11985\/revisions"}],"predecessor-version":[{"id":14998,"href":"https:\/\/www.athome.lu\/blog\/wp-json\/wp\/v2\/posts\/11985\/revisions\/14998"}],"wp:featuredmedia":[{"embeddable":true,"href":"https:\/\/www.athome.lu\/blog\/wp-json\/wp\/v2\/media\/11987"}],"wp:attachment":[{"href":"https:\/\/www.athome.lu\/blog\/wp-json\/wp\/v2\/media?parent=11985"}],"wp:term":[{"taxonomy":"category","embeddable":true,"href":"https:\/\/www.athome.lu\/blog\/wp-json\/wp\/v2\/categories?post=11985"},{"taxonomy":"post_tag","embeddable":true,"href":"https:\/\/www.athome.lu\/blog\/wp-json\/wp\/v2\/tags?post=11985"}],"curies":[{"name":"wp","href":"https:\/\/api.w.org\/{rel}","templated":true}]}}