{"id":12281,"date":"2019-08-21T11:13:13","date_gmt":"2019-08-21T10:13:13","guid":{"rendered":"https:\/\/www.athome.lu\/blog\/?p=12281"},"modified":"2022-05-11T15:42:16","modified_gmt":"2022-05-11T13:42:16","slug":"mersch-des-projets-plein-la-tete","status":"publish","type":"post","link":"https:\/\/www.athome.lu\/blog\/marche-immobilier\/villes\/mersch-des-projets-plein-la-tete\/","title":{"rendered":"Mersch, des projets plein la t\u00eate"},"content":{"rendered":"\n<p><span style=\"color: #000000;\">B\u00e9n\u00e9ficiant d\u2019une position centrale dans le pays, au c\u0153ur de la vall\u00e9e de l\u2019Alzette, la commune de Mersch attire toujours plus de r\u00e9sidents. Pour r\u00e9pondre \u00e0 cet enjeu d\u00e9mographique, de nombreux projets sont \u00e0 l\u2019\u00e9tude et en cours de r\u00e9alisation sur son territoire.<\/span><\/p>\n\n\n\n<div class=\"wp-block-image\"><figure class=\"alignleft\"><a href=\"https:\/\/www.athome.lu\/blog\/blog\/wp-content\/uploads\/2019\/08\/mersch2.jpg\"><img loading=\"lazy\" decoding=\"async\" width=\"300\" height=\"450\" src=\"https:\/\/www.athome.lu\/blog\/blog\/wp-content\/uploads\/2019\/08\/mersch2.jpg\" alt=\"\" class=\"wp-image-12284\" srcset=\"https:\/\/www.athome.lu\/blog\/wp-content\/uploads\/2019\/08\/mersch2.jpg 300w, https:\/\/www.athome.lu\/blog\/wp-content\/uploads\/2019\/08\/mersch2-200x300.jpg 200w, https:\/\/www.athome.lu\/blog\/wp-content\/uploads\/2019\/08\/mersch2-8x12.jpg 8w\" sizes=\"auto, (max-width: 300px) 100vw, 300px\" \/><\/a><\/figure><\/div>\n\n\n\n<p><span style=\"color: #000000;\">Encore majoritairement d\u00e9pendante de l\u2019agriculture jusqu\u2019au milieu des ann\u00e9es 1990, la commune de Mersch s\u2019est, au cours de ces 25 derni\u00e8res ann\u00e9es, fortement d\u00e9velopp\u00e9e dans d\u2019autres secteurs et a renforc\u00e9 son attractivit\u00e9. Ainsi, alors qu\u2019elle accueillait 6 900 habitants en 1999, elle en compte aujourd\u2019hui plus de 9 600, soit une progression de pr\u00e8s de 40 % en vingt ans. Mersch, Rollingen et Beringen, avec respectivement 4 703, 2 087 et 1 027 r\u00e9sidents, concentrent la majorit\u00e9 de la population. Les entit\u00e9s d\u2019Essingen, Moesdorf, Pettingen, Reckange et Schoenfels compl\u00e8tent la composition de cette commune au sein de laquelle pr\u00e8s de 100 nationalit\u00e9s se c\u00f4toient.<\/span><\/p>\n\n\n\n<h2 class=\"wp-block-heading\"><span style=\"color: #000000;\">Une situation id\u00e9ale<\/span><\/h2>\n\n\n\n<p><span style=\"color: #000000;\">L\u2019importante croissance d\u00e9mographique de Mersch s\u2019explique notamment par sa situation. La commune abrite le centre g\u00e9ographique du pays, ce qui en fait un point n\u00e9vralgique pour les m\u00e9nages, mais \u00e9galement pour les entreprises qui veulent s\u2019installer au Luxembourg. \u00ab Depuis l\u2019ouverture de l\u2019autoroute du Nord, la commune a vu sa population bondir, explique le bourgmestre Michel Malherbe. La capitale est d\u00e9sormais accessible en une vingtaine de minutes par la route. Dans l\u2019autre sens, on peut se rendre \u00e0 Clervaux en 40 minutes. Mersch est aussi tr\u00e8s bien desservie par les trains et les autobus, \u00e0 travers sa gare ferroviaire et routi\u00e8re. Depuis l\u2019ouverture de la gare de Pfaffenthal, le Kirchberg peut \u00eatre rejoint en 10-20 minutes. \u00bb<\/span><\/p>\n\n\n\n<div class=\"wp-block-image\"><figure class=\"aligncenter\"><a href=\"https:\/\/www.athome.lu\/blog\/blog\/wp-content\/uploads\/2019\/08\/mersch4.jpg\"><img loading=\"lazy\" decoding=\"async\" width=\"1024\" height=\"683\" src=\"https:\/\/www.athome.lu\/blog\/blog\/wp-content\/uploads\/2019\/08\/mersch4-1024x683.jpg\" alt=\"\" class=\"wp-image-12285\" srcset=\"https:\/\/www.athome.lu\/blog\/wp-content\/uploads\/2019\/08\/mersch4-1024x683.jpg 1024w, https:\/\/www.athome.lu\/blog\/wp-content\/uploads\/2019\/08\/mersch4-300x200.jpg 300w, https:\/\/www.athome.lu\/blog\/wp-content\/uploads\/2019\/08\/mersch4-768x512.jpg 768w, https:\/\/www.athome.lu\/blog\/wp-content\/uploads\/2019\/08\/mersch4-18x12.jpg 18w, https:\/\/www.athome.lu\/blog\/wp-content\/uploads\/2019\/08\/mersch4.jpg 1200w\" sizes=\"auto, (max-width: 1024px) 100vw, 1024px\" \/><\/a><\/figure><\/div>\n\n\n\n<p><span style=\"color: #000000;\">Si l\u2019attractivit\u00e9 de la commune s\u2019est vue renforc\u00e9e au cours des derni\u00e8res ann\u00e9es, ses prix de l\u2019immobilier aussi. \u00ab Le prix des terrains a flamb\u00e9, souligne Michel Malherbe. Aujourd\u2019hui, on avoisine les 100 000 euros l\u2019are. \u00bb Ces montants exorbitants n\u2019emp\u00eachent pas le d\u00e9veloppement de nombreux projets sur le territoire de la commune.<\/span><\/p>\n\n\n\n<h2 class=\"wp-block-heading\"><span style=\"color: #000000;\">Le boom des logements<\/span><\/h2>\n\n\n\n<p><span style=\"color: #000000;\">Le chantier le plus important concerne le d\u00e9veloppement et la modernisation du quartier de la gare, \u00e0 l\u2019\u00e9tude depuis 2009. \u00ab L\u2019objectif est de r\u00e9am\u00e9nager l\u2019ensemble des friches agro-industrielles et leurs alentours, soit une superficie de quelque 50 hectares appartenant \u00e0 Nouvelle Luxlait Produits S.\u00e0 r.l ainsi qu\u2019\u00e0 l\u2019\u00c9tat, au promoteur Giorgetti et au groupe CEPAL, regroup\u00e9s sous la soci\u00e9t\u00e9 Rives de l\u2019Alzette \u00bb, indique Andr\u00e9 Kaluza, chef du Service Technique de la commune. Un projet ambitieux qui doit, \u00e0 terme, voir sortir de terre 1 000 logements, mais \u00e9galement des commerces, des bureaux, des b\u00e2timents administratifs ainsi qu\u2019un parking P+R sur cinq niveaux, dot\u00e9 de 400 emplacements pour les v\u00e9hicules des voyageurs qui empruntent le train ou le bus.<\/span><\/p>\n\n\n\n<p><span style=\"color: #000000;\">Le nouveau quartier pourra ainsi accueillir plus de 2 000 personnes suppl\u00e9mentaires au cours des quinze prochaines ann\u00e9es. \u00ab Actuellement, le projet en est encore \u00e0 ses pr\u00e9mices, souligne Andr\u00e9 Kaluza. La d\u00e9construction des silos et autres b\u00e2timents a commenc\u00e9. La modernisation des quais des gares routi\u00e8re et ferroviaire est elle pr\u00e9vue pour 2020. Mais les premiers immeubles de logement ne devraient, eux, pas appara\u00eetre avant 2023. \u00bb<\/span><\/p>\n\n\n\n<p><span style=\"color: #000000;\">Sur l\u2019ancien site de l\u2019imprimerie Faber, tomb\u00e9e en faillite, a \u00e9t\u00e9 d\u00e9ploy\u00e9 un plan d\u2019am\u00e9nagement particulier (PAP) de 110 logements dont la construction devrait d\u00e9marrer d\u00e8s l\u2019an prochain. Un autre PAP est quant a lui pr\u00e9vu \u00e0 la route d\u2019Arlon sur le site CREOS et devrait accueillir un grand lotissement pour 300 nouveaux habitants. La commune soutient aussi des projets caritatifs, dont un d\u00e9velopp\u00e9 par les S\u0153urs Franciscaines et Caritas. \u00ab Il s\u2019agit d\u2019une structure de logements pour jeunes qui rencontrent des probl\u00e8mes familiaux, de logements sociaux pour personnes avec faible revenu et de logements \"classiques\", explique le bourgmestre. En tout, 72 unit\u00e9s de logement avec parkings sont pr\u00e9vues. \u00bb<\/span><\/p>\n\n\n\n<p><span style=\"color: #000000;\">Gr\u00e2ce aux diff\u00e9rentes initiatives men\u00e9es sur son territoire, la commune de Mersch devrait compter, d\u2019ici cinq ans, 650 unit\u00e9s de logement et 1 400 \u00e0 1 500 personnes suppl\u00e9mentaires. Comme l\u2019exige la loi, 10 % des nouveaux logements seront des habitations \u00e0 bon march\u00e9, afin de faciliter l\u2019acc\u00e8s \u00e0 la propri\u00e9t\u00e9.<\/span><\/p>\n\n\n<section id=\"section-3-14695\" class=\" ct-section\" ><div class=\"ct-section-inner-wrap\"><div id=\"div_block-4-14695\" class=\"ct-div-block\" ><div id=\"new_columns-7-14695\" class=\"ct-new-columns\" ><div id=\"div_block-8-14695\" class=\"ct-div-block\" ><div id=\"div_block-14-14695\" class=\"ct-div-block\" ><\/div><\/div><div id=\"div_block-9-14695\" class=\"ct-div-block\" ><h1 id=\"headline-11-14695\" class=\"ct-headline\">Quels sont les prix de l'immobilier en ce moment ?<\/h1><div id=\"text_block-12-14695\" class=\"ct-text-block\" >Les prix ralentissent. Les taux d'int\u00e9r\u00eat augmentent. Quelles tendances pour les mois \u00e0 venir ?<\/div><a id=\"link_button-13-14695\" class=\"ct-link-button\" href=\"https:\/\/www.athome.lu\/blog\/blog\/marche-immobilier\/prix\/tendances-2022\/\" target=\"_blank\"  >Lire l'analyse<\/a><\/div><\/div><\/div><\/div><\/section>\n\n\n<h2 class=\"wp-block-heading\"><span style=\"color: #000000;\">Des \u00e9quipements en nombre<\/span><\/h2>\n\n\n\n<p><span style=\"color: #000000;\">L\u2019arriv\u00e9e prochaine de nouveaux m\u00e9nages oblige la commune \u00e0 penser d\u00e8s \u00e0 pr\u00e9sent au futur. \u00ab Nous devons adapter nos infrastructures d\u2019eau et d\u2019\u00e9lectricit\u00e9, afin de pouvoir alimenter efficacement tous nos habitants, confie Michel Malherbe.<\/span><br><span style=\"color: #000000;\">Nous avons d\u00e9j\u00e0 octroy\u00e9 1,5 million d\u2019euros pour la r\u00e9alisation d\u2019\u00e9tudes approfondies \u00e0 ce sujet et nous avons d\u00e9cid\u00e9 d\u2019importants investissements pour la s\u00e9curisation de nos infrastructures en eau potable. \u00bb<\/span><\/p>\n\n\n\n<div class=\"wp-block-image\"><figure class=\"aligncenter\"><a href=\"https:\/\/www.athome.lu\/blog\/blog\/wp-content\/uploads\/2019\/08\/mersch3.jpg\"><img loading=\"lazy\" decoding=\"async\" width=\"1024\" height=\"683\" src=\"https:\/\/www.athome.lu\/blog\/blog\/wp-content\/uploads\/2019\/08\/mersch3-1024x683.jpg\" alt=\"\" class=\"wp-image-12286\" srcset=\"https:\/\/www.athome.lu\/blog\/wp-content\/uploads\/2019\/08\/mersch3-1024x683.jpg 1024w, https:\/\/www.athome.lu\/blog\/wp-content\/uploads\/2019\/08\/mersch3-300x200.jpg 300w, https:\/\/www.athome.lu\/blog\/wp-content\/uploads\/2019\/08\/mersch3-768x512.jpg 768w, https:\/\/www.athome.lu\/blog\/wp-content\/uploads\/2019\/08\/mersch3-18x12.jpg 18w, https:\/\/www.athome.lu\/blog\/wp-content\/uploads\/2019\/08\/mersch3.jpg 1200w\" sizes=\"auto, (max-width: 1024px) 100vw, 1024px\" \/><\/a><\/figure><\/div>\n\n\n\n<p><span style=\"color: #000000;\">L\u2019augmentation pr\u00e9vue de la population implique aussi de renforcer ou de repenser certaines infrastructures. La commune b\u00e9n\u00e9ficie d\u00e9j\u00e0 de nombreux \u00e9quipements. On retrouve ainsi de nombreux commerces et services, dont le centre commercial Topaze, des restaurants, des professionnels de la sant\u00e9, une maison de retraite. C\u00f4t\u00e9 enseignement, Mersch est particuli\u00e8rement bien lotie. Elle regroupe une \u00e9cole fondamentale, deux maisons-relais, une \u00e9cole de musique, des cr\u00e8ches et garderies, trois lyc\u00e9es. S\u2019y ajoutent des infrastructures culturelles, avec la Maison de la Culture, et sportives, adapt\u00e9es aux go\u00fbts de chacun : terrains de football et de tennis, deux halls omnisports, le camping cinq \u00e9toiles Krounebierg ainsi que le centre aquatique Krounebierg \u00e9quip\u00e9 de plusieurs bassins et d\u2019un espace bien-\u00eatre.<\/span><\/p>\n\n\n\n<p><span style=\"color: #000000;\">Mersch ne compte n\u00e9anmoins pas s\u2019arr\u00eater l\u00e0. Un autre grand projet de la commune consiste en effet \u00e0 d\u00e9localiser les actuels terrains de football et le hall sportif qui se situent dans le centre de la ville. \u00ab Nous sommes en train de finaliser l\u2019acquisition des terrains afin de d\u00e9ployer un nouveau centre sportif, plus moderne et plus en p\u00e9riph\u00e9rie, le long de l\u2019autoroute, afin de d\u00e9sencombrer le centre de Mersch et de pouvoir y poursuivre une reconversion des sites, principalement en logement \u00bb, pr\u00e9cise Andr\u00e9 Kaluza. L\u2019an prochain, une toute nouvelle maison-relais, d\u2019une capacit\u00e9 de 350 enfants, doit ouvrir ses portes. L\u2019\u00e9cole primaire actuelle sera \u00e9galement d\u00e9molie afin d\u2019\u00e9difier un nouveau complexe pouvant accueillir 880 enfants d\u2019ici 2023 et comprenant une \u00e9cole, un hall sportif ainsi qu\u2019une piscine. Enfin, un nouveau centre de conf\u00e9rences dot\u00e9 de salles de r\u00e9union et d\u2019une salle des f\u00eates, devrait \u00eatre cr\u00e9\u00e9 afin d\u2019accueillir dans les meilleures conditions les 113 clubs de la commune ainsi que les f\u00e9d\u00e9rations ou groupements de l\u2019ensemble du pays qui souhaitent se r\u00e9unir dans un lieu central.<\/span><\/p>\n\n\n\n<h2 class=\"wp-block-heading\"><span style=\"color: #000000;\">L\u2019\u00e9quilibre entre d\u00e9veloppement et ruralit\u00e9<\/span><\/h2>\n\n\n\n<p><span style=\"color: #000000;\">Mersch attire des r\u00e9sidents, mais \u00e9galement des entreprises sur son territoire chaque ann\u00e9e. La nouvelle zone d\u2019activit\u00e9 r\u00e9gionale, implant\u00e9e le long de l\u2019autoroute et d\u00e9velopp\u00e9e en collaboration avec les communes voisines de Lorentzweiler et Lingten, devrait continuer \u00e0 soutenir son d\u00e9veloppement \u00e9conomique.<\/span><\/p>\n\n\n\n<p><span style=\"color: #000000;\">Profitant de toutes les commodit\u00e9s d\u2019une ville, la commune de Mersch offre n\u00e9anmoins un environnement agr\u00e9able \u00e0 ses r\u00e9sidents. Situ\u00e9 le long de l\u2019Alzette, le parc communal, de 17 hectares, offre de paisibles balades. La commune veille aussi \u00e0 pr\u00e9server le caract\u00e8re sp\u00e9cifique des villages o\u00f9 sont principalement construites des maisons et non des r\u00e9sidences d\u2019appartements. Couvrant une superficie de pr\u00e8s de 50 km2, dont plus de 22 sont compos\u00e9s de for\u00eats et 23 de surfaces agricoles, Mersch demeure une commune verdoyante, \u00e0 la fois rurale et dot\u00e9e d\u2019un centre urbain.<\/span><\/p>\n","protected":false},"excerpt":{"rendered":"<p>B\u00e9n\u00e9ficiant d\u2019une position centrale dans le pays, au c\u0153ur de la vall\u00e9e de l\u2019Alzette, la commune de Mersch attire toujours plus de r\u00e9sidents. Pour r\u00e9pondre \u00e0 cet enjeu d\u00e9mographique, de nombreux projets sont \u00e0 l\u2019\u00e9tude et en cours de r\u00e9alisation sur son territoire. Encore majoritairement d\u00e9pendante de l\u2019agriculture jusqu\u2019au milieu des ann\u00e9es 1990, la commune [&hellip;]<\/p>\n","protected":false},"author":17,"featured_media":12287,"comment_status":"closed","ping_status":"open","sticky":false,"template":"","format":"standard","meta":{"_acf_changed":false,"footnotes":""},"categories":[218],"tags":[],"class_list":["post-12281","post","type-post","status-publish","format-standard","has-post-thumbnail","hentry","category-villes"],"acf":[],"yoast_head":"<!-- This site is optimized with the Yoast SEO plugin v27.4 - https:\/\/yoast.com\/product\/yoast-seo-wordpress\/ -->\n<title>Mersch, des projets plein la t\u00eate - atHome Blog<\/title>\n<meta name=\"description\" content=\"B\u00e9n\u00e9ficiant d\u2019une position centrale dans le pays, au c\u0153ur de la vall\u00e9e de l\u2019Alzette, la commune de Mersch attire toujours plus de r\u00e9sidents.\" \/>\n<meta name=\"robots\" content=\"index, follow, max-snippet:-1, max-image-preview:large, max-video-preview:-1\" \/>\n<link rel=\"canonical\" href=\"https:\/\/www.athome.lu\/blog\/marche-immobilier\/villes\/mersch-des-projets-plein-la-tete\/\" \/>\n<meta property=\"og:locale\" content=\"fr_FR\" \/>\n<meta property=\"og:type\" content=\"article\" \/>\n<meta property=\"og:title\" content=\"Mersch, des projets plein la t\u00eate - atHome Blog\" \/>\n<meta property=\"og:description\" content=\"B\u00e9n\u00e9ficiant d\u2019une position centrale dans le pays, au c\u0153ur de la vall\u00e9e de l\u2019Alzette, la commune de Mersch attire toujours plus de r\u00e9sidents.\" \/>\n<meta property=\"og:url\" content=\"https:\/\/www.athome.lu\/blog\/marche-immobilier\/villes\/mersch-des-projets-plein-la-tete\/\" \/>\n<meta property=\"og:site_name\" content=\"atHome Blog\" \/>\n<meta property=\"article:publisher\" content=\"https:\/\/www.facebook.com\/atHome.lu\/\" \/>\n<meta property=\"article:published_time\" content=\"2019-08-21T10:13:13+00:00\" \/>\n<meta property=\"article:modified_time\" content=\"2022-05-11T13:42:16+00:00\" \/>\n<meta property=\"og:image\" content=\"https:\/\/www.athome.lu\/blog\/wp-content\/uploads\/2019\/08\/mersch1.jpg\" \/>\n\t<meta property=\"og:image:width\" content=\"1200\" \/>\n\t<meta property=\"og:image:height\" content=\"800\" \/>\n\t<meta property=\"og:image:type\" content=\"image\/jpeg\" \/>\n<meta name=\"author\" content=\"Fanny Pimentel\" \/>\n<meta name=\"twitter:card\" content=\"summary_large_image\" \/>\n<meta name=\"twitter:creator\" content=\"@athomelu\" \/>\n<meta name=\"twitter:site\" content=\"@athomelu\" \/>\n<meta name=\"twitter:label1\" content=\"\u00c9crit par\" \/>\n\t<meta name=\"twitter:data1\" content=\"Fanny Pimentel\" \/>\n\t<meta name=\"twitter:label2\" content=\"Dur\u00e9e de lecture estim\u00e9e\" \/>\n\t<meta name=\"twitter:data2\" content=\"7 minutes\" \/>\n<script type=\"application\/ld+json\" class=\"yoast-schema-graph\">{\"@context\":\"https:\\\/\\\/schema.org\",\"@graph\":[{\"@type\":\"Article\",\"@id\":\"https:\\\/\\\/www.athome.lu\\\/blog\\\/marche-immobilier\\\/villes\\\/mersch-des-projets-plein-la-tete\\\/#article\",\"isPartOf\":{\"@id\":\"https:\\\/\\\/www.athome.lu\\\/blog\\\/marche-immobilier\\\/villes\\\/mersch-des-projets-plein-la-tete\\\/\"},\"author\":{\"name\":\"Fanny Pimentel\",\"@id\":\"https:\\\/\\\/www.athome.lu\\\/blog\\\/#\\\/schema\\\/person\\\/47f7a38089f837e792876ceddc4cb2dc\"},\"headline\":\"Mersch, des projets plein la t\u00eate\",\"datePublished\":\"2019-08-21T10:13:13+00:00\",\"dateModified\":\"2022-05-11T13:42:16+00:00\",\"mainEntityOfPage\":{\"@id\":\"https:\\\/\\\/www.athome.lu\\\/blog\\\/marche-immobilier\\\/villes\\\/mersch-des-projets-plein-la-tete\\\/\"},\"wordCount\":1290,\"image\":{\"@id\":\"https:\\\/\\\/www.athome.lu\\\/blog\\\/marche-immobilier\\\/villes\\\/mersch-des-projets-plein-la-tete\\\/#primaryimage\"},\"thumbnailUrl\":\"https:\\\/\\\/www.athome.lu\\\/blog\\\/wp-content\\\/uploads\\\/2019\\\/08\\\/mersch1.jpg\",\"articleSection\":[\"Villes\"],\"inLanguage\":\"fr-FR\"},{\"@type\":\"WebPage\",\"@id\":\"https:\\\/\\\/www.athome.lu\\\/blog\\\/marche-immobilier\\\/villes\\\/mersch-des-projets-plein-la-tete\\\/\",\"url\":\"https:\\\/\\\/www.athome.lu\\\/blog\\\/marche-immobilier\\\/villes\\\/mersch-des-projets-plein-la-tete\\\/\",\"name\":\"Mersch, des projets plein la t\u00eate - atHome Blog\",\"isPartOf\":{\"@id\":\"https:\\\/\\\/www.athome.lu\\\/blog\\\/#website\"},\"primaryImageOfPage\":{\"@id\":\"https:\\\/\\\/www.athome.lu\\\/blog\\\/marche-immobilier\\\/villes\\\/mersch-des-projets-plein-la-tete\\\/#primaryimage\"},\"image\":{\"@id\":\"https:\\\/\\\/www.athome.lu\\\/blog\\\/marche-immobilier\\\/villes\\\/mersch-des-projets-plein-la-tete\\\/#primaryimage\"},\"thumbnailUrl\":\"https:\\\/\\\/www.athome.lu\\\/blog\\\/wp-content\\\/uploads\\\/2019\\\/08\\\/mersch1.jpg\",\"datePublished\":\"2019-08-21T10:13:13+00:00\",\"dateModified\":\"2022-05-11T13:42:16+00:00\",\"author\":{\"@id\":\"https:\\\/\\\/www.athome.lu\\\/blog\\\/#\\\/schema\\\/person\\\/47f7a38089f837e792876ceddc4cb2dc\"},\"description\":\"B\u00e9n\u00e9ficiant d\u2019une position centrale dans le pays, au c\u0153ur de la vall\u00e9e de l\u2019Alzette, la commune de Mersch attire toujours plus de r\u00e9sidents.\",\"breadcrumb\":{\"@id\":\"https:\\\/\\\/www.athome.lu\\\/blog\\\/marche-immobilier\\\/villes\\\/mersch-des-projets-plein-la-tete\\\/#breadcrumb\"},\"inLanguage\":\"fr-FR\",\"potentialAction\":[{\"@type\":\"ReadAction\",\"target\":[\"https:\\\/\\\/www.athome.lu\\\/blog\\\/marche-immobilier\\\/villes\\\/mersch-des-projets-plein-la-tete\\\/\"]}]},{\"@type\":\"ImageObject\",\"inLanguage\":\"fr-FR\",\"@id\":\"https:\\\/\\\/www.athome.lu\\\/blog\\\/marche-immobilier\\\/villes\\\/mersch-des-projets-plein-la-tete\\\/#primaryimage\",\"url\":\"https:\\\/\\\/www.athome.lu\\\/blog\\\/wp-content\\\/uploads\\\/2019\\\/08\\\/mersch1.jpg\",\"contentUrl\":\"https:\\\/\\\/www.athome.lu\\\/blog\\\/wp-content\\\/uploads\\\/2019\\\/08\\\/mersch1.jpg\",\"width\":1200,\"height\":800},{\"@type\":\"BreadcrumbList\",\"@id\":\"https:\\\/\\\/www.athome.lu\\\/blog\\\/marche-immobilier\\\/villes\\\/mersch-des-projets-plein-la-tete\\\/#breadcrumb\",\"itemListElement\":[{\"@type\":\"ListItem\",\"position\":1,\"name\":\"Accueil\",\"item\":\"https:\\\/\\\/www.athome.lu\\\/blog\\\/\"},{\"@type\":\"ListItem\",\"position\":2,\"name\":\"March\u00e9 immobilier\",\"item\":\"https:\\\/\\\/www.athome.lu\\\/blog\\\/category\\\/marche-immobilier\\\/\"},{\"@type\":\"ListItem\",\"position\":3,\"name\":\"Villes\",\"item\":\"https:\\\/\\\/www.athome.lu\\\/blog\\\/category\\\/marche-immobilier\\\/villes\\\/\"},{\"@type\":\"ListItem\",\"position\":4,\"name\":\"Mersch, des projets plein la t\u00eate\"}]},{\"@type\":\"WebSite\",\"@id\":\"https:\\\/\\\/www.athome.lu\\\/blog\\\/#website\",\"url\":\"https:\\\/\\\/www.athome.lu\\\/blog\\\/\",\"name\":\"atHome Blog\",\"description\":\"Annonces immobili\u00e8res au Luxembourg. Le portail immobilier n\u00b01 au Luxembourg.\",\"potentialAction\":[{\"@type\":\"SearchAction\",\"target\":{\"@type\":\"EntryPoint\",\"urlTemplate\":\"https:\\\/\\\/www.athome.lu\\\/blog\\\/?s={search_term_string}\"},\"query-input\":{\"@type\":\"PropertyValueSpecification\",\"valueRequired\":true,\"valueName\":\"search_term_string\"}}],\"inLanguage\":\"fr-FR\"},{\"@type\":\"Person\",\"@id\":\"https:\\\/\\\/www.athome.lu\\\/blog\\\/#\\\/schema\\\/person\\\/47f7a38089f837e792876ceddc4cb2dc\",\"name\":\"Fanny Pimentel\",\"image\":{\"@type\":\"ImageObject\",\"inLanguage\":\"fr-FR\",\"@id\":\"https:\\\/\\\/secure.gravatar.com\\\/avatar\\\/c60b27b93851dc9503f9cc9150e73dcb0a86ba6150657e5e4b11d988400bc633?s=96&d=mm&r=g\",\"url\":\"https:\\\/\\\/secure.gravatar.com\\\/avatar\\\/c60b27b93851dc9503f9cc9150e73dcb0a86ba6150657e5e4b11d988400bc633?s=96&d=mm&r=g\",\"contentUrl\":\"https:\\\/\\\/secure.gravatar.com\\\/avatar\\\/c60b27b93851dc9503f9cc9150e73dcb0a86ba6150657e5e4b11d988400bc633?s=96&d=mm&r=g\",\"caption\":\"Fanny Pimentel\"}}]}<\/script>\n<!-- \/ Yoast SEO plugin. -->","yoast_head_json":{"title":"Mersch, des projets plein la t\u00eate - atHome Blog","description":"B\u00e9n\u00e9ficiant d\u2019une position centrale dans le pays, au c\u0153ur de la vall\u00e9e de l\u2019Alzette, la commune de Mersch attire toujours plus de r\u00e9sidents.","robots":{"index":"index","follow":"follow","max-snippet":"max-snippet:-1","max-image-preview":"max-image-preview:large","max-video-preview":"max-video-preview:-1"},"canonical":"https:\/\/www.athome.lu\/blog\/marche-immobilier\/villes\/mersch-des-projets-plein-la-tete\/","og_locale":"fr_FR","og_type":"article","og_title":"Mersch, des projets plein la t\u00eate - atHome Blog","og_description":"B\u00e9n\u00e9ficiant d\u2019une position centrale dans le pays, au c\u0153ur de la vall\u00e9e de l\u2019Alzette, la commune de Mersch attire toujours plus de r\u00e9sidents.","og_url":"https:\/\/www.athome.lu\/blog\/marche-immobilier\/villes\/mersch-des-projets-plein-la-tete\/","og_site_name":"atHome Blog","article_publisher":"https:\/\/www.facebook.com\/atHome.lu\/","article_published_time":"2019-08-21T10:13:13+00:00","article_modified_time":"2022-05-11T13:42:16+00:00","og_image":[{"width":1200,"height":800,"url":"https:\/\/www.athome.lu\/blog\/wp-content\/uploads\/2019\/08\/mersch1.jpg","type":"image\/jpeg"}],"author":"Fanny Pimentel","twitter_card":"summary_large_image","twitter_creator":"@athomelu","twitter_site":"@athomelu","twitter_misc":{"\u00c9crit par":"Fanny Pimentel","Dur\u00e9e de lecture estim\u00e9e":"7 minutes"},"schema":{"@context":"https:\/\/schema.org","@graph":[{"@type":"Article","@id":"https:\/\/www.athome.lu\/blog\/marche-immobilier\/villes\/mersch-des-projets-plein-la-tete\/#article","isPartOf":{"@id":"https:\/\/www.athome.lu\/blog\/marche-immobilier\/villes\/mersch-des-projets-plein-la-tete\/"},"author":{"name":"Fanny Pimentel","@id":"https:\/\/www.athome.lu\/blog\/#\/schema\/person\/47f7a38089f837e792876ceddc4cb2dc"},"headline":"Mersch, des projets plein la t\u00eate","datePublished":"2019-08-21T10:13:13+00:00","dateModified":"2022-05-11T13:42:16+00:00","mainEntityOfPage":{"@id":"https:\/\/www.athome.lu\/blog\/marche-immobilier\/villes\/mersch-des-projets-plein-la-tete\/"},"wordCount":1290,"image":{"@id":"https:\/\/www.athome.lu\/blog\/marche-immobilier\/villes\/mersch-des-projets-plein-la-tete\/#primaryimage"},"thumbnailUrl":"https:\/\/www.athome.lu\/blog\/wp-content\/uploads\/2019\/08\/mersch1.jpg","articleSection":["Villes"],"inLanguage":"fr-FR"},{"@type":"WebPage","@id":"https:\/\/www.athome.lu\/blog\/marche-immobilier\/villes\/mersch-des-projets-plein-la-tete\/","url":"https:\/\/www.athome.lu\/blog\/marche-immobilier\/villes\/mersch-des-projets-plein-la-tete\/","name":"Mersch, des projets plein la t\u00eate - atHome Blog","isPartOf":{"@id":"https:\/\/www.athome.lu\/blog\/#website"},"primaryImageOfPage":{"@id":"https:\/\/www.athome.lu\/blog\/marche-immobilier\/villes\/mersch-des-projets-plein-la-tete\/#primaryimage"},"image":{"@id":"https:\/\/www.athome.lu\/blog\/marche-immobilier\/villes\/mersch-des-projets-plein-la-tete\/#primaryimage"},"thumbnailUrl":"https:\/\/www.athome.lu\/blog\/wp-content\/uploads\/2019\/08\/mersch1.jpg","datePublished":"2019-08-21T10:13:13+00:00","dateModified":"2022-05-11T13:42:16+00:00","author":{"@id":"https:\/\/www.athome.lu\/blog\/#\/schema\/person\/47f7a38089f837e792876ceddc4cb2dc"},"description":"B\u00e9n\u00e9ficiant d\u2019une position centrale dans le pays, au c\u0153ur de la vall\u00e9e de l\u2019Alzette, la commune de Mersch attire toujours plus de r\u00e9sidents.","breadcrumb":{"@id":"https:\/\/www.athome.lu\/blog\/marche-immobilier\/villes\/mersch-des-projets-plein-la-tete\/#breadcrumb"},"inLanguage":"fr-FR","potentialAction":[{"@type":"ReadAction","target":["https:\/\/www.athome.lu\/blog\/marche-immobilier\/villes\/mersch-des-projets-plein-la-tete\/"]}]},{"@type":"ImageObject","inLanguage":"fr-FR","@id":"https:\/\/www.athome.lu\/blog\/marche-immobilier\/villes\/mersch-des-projets-plein-la-tete\/#primaryimage","url":"https:\/\/www.athome.lu\/blog\/wp-content\/uploads\/2019\/08\/mersch1.jpg","contentUrl":"https:\/\/www.athome.lu\/blog\/wp-content\/uploads\/2019\/08\/mersch1.jpg","width":1200,"height":800},{"@type":"BreadcrumbList","@id":"https:\/\/www.athome.lu\/blog\/marche-immobilier\/villes\/mersch-des-projets-plein-la-tete\/#breadcrumb","itemListElement":[{"@type":"ListItem","position":1,"name":"Accueil","item":"https:\/\/www.athome.lu\/blog\/"},{"@type":"ListItem","position":2,"name":"March\u00e9 immobilier","item":"https:\/\/www.athome.lu\/blog\/category\/marche-immobilier\/"},{"@type":"ListItem","position":3,"name":"Villes","item":"https:\/\/www.athome.lu\/blog\/category\/marche-immobilier\/villes\/"},{"@type":"ListItem","position":4,"name":"Mersch, des projets plein la t\u00eate"}]},{"@type":"WebSite","@id":"https:\/\/www.athome.lu\/blog\/#website","url":"https:\/\/www.athome.lu\/blog\/","name":"atHome Blog","description":"Annonces immobili\u00e8res au Luxembourg. Le portail immobilier n\u00b01 au Luxembourg.","potentialAction":[{"@type":"SearchAction","target":{"@type":"EntryPoint","urlTemplate":"https:\/\/www.athome.lu\/blog\/?s={search_term_string}"},"query-input":{"@type":"PropertyValueSpecification","valueRequired":true,"valueName":"search_term_string"}}],"inLanguage":"fr-FR"},{"@type":"Person","@id":"https:\/\/www.athome.lu\/blog\/#\/schema\/person\/47f7a38089f837e792876ceddc4cb2dc","name":"Fanny Pimentel","image":{"@type":"ImageObject","inLanguage":"fr-FR","@id":"https:\/\/secure.gravatar.com\/avatar\/c60b27b93851dc9503f9cc9150e73dcb0a86ba6150657e5e4b11d988400bc633?s=96&d=mm&r=g","url":"https:\/\/secure.gravatar.com\/avatar\/c60b27b93851dc9503f9cc9150e73dcb0a86ba6150657e5e4b11d988400bc633?s=96&d=mm&r=g","contentUrl":"https:\/\/secure.gravatar.com\/avatar\/c60b27b93851dc9503f9cc9150e73dcb0a86ba6150657e5e4b11d988400bc633?s=96&d=mm&r=g","caption":"Fanny Pimentel"}}]}},"featured_media_src_url":"https:\/\/www.athome.lu\/blog\/wp-content\/uploads\/2019\/08\/mersch1-1024x683.jpg","_links":{"self":[{"href":"https:\/\/www.athome.lu\/blog\/wp-json\/wp\/v2\/posts\/12281","targetHints":{"allow":["GET"]}}],"collection":[{"href":"https:\/\/www.athome.lu\/blog\/wp-json\/wp\/v2\/posts"}],"about":[{"href":"https:\/\/www.athome.lu\/blog\/wp-json\/wp\/v2\/types\/post"}],"author":[{"embeddable":true,"href":"https:\/\/www.athome.lu\/blog\/wp-json\/wp\/v2\/users\/17"}],"replies":[{"embeddable":true,"href":"https:\/\/www.athome.lu\/blog\/wp-json\/wp\/v2\/comments?post=12281"}],"version-history":[{"count":2,"href":"https:\/\/www.athome.lu\/blog\/wp-json\/wp\/v2\/posts\/12281\/revisions"}],"predecessor-version":[{"id":15038,"href":"https:\/\/www.athome.lu\/blog\/wp-json\/wp\/v2\/posts\/12281\/revisions\/15038"}],"wp:featuredmedia":[{"embeddable":true,"href":"https:\/\/www.athome.lu\/blog\/wp-json\/wp\/v2\/media\/12287"}],"wp:attachment":[{"href":"https:\/\/www.athome.lu\/blog\/wp-json\/wp\/v2\/media?parent=12281"}],"wp:term":[{"taxonomy":"category","embeddable":true,"href":"https:\/\/www.athome.lu\/blog\/wp-json\/wp\/v2\/categories?post=12281"},{"taxonomy":"post_tag","embeddable":true,"href":"https:\/\/www.athome.lu\/blog\/wp-json\/wp\/v2\/tags?post=12281"}],"curies":[{"name":"wp","href":"https:\/\/api.w.org\/{rel}","templated":true}]}}