{"id":12333,"date":"2019-09-25T09:12:23","date_gmt":"2019-09-25T08:12:23","guid":{"rendered":"https:\/\/www.athome.lu\/blog\/?p=12333"},"modified":"2022-05-11T15:37:44","modified_gmt":"2022-05-11T13:37:44","slug":"zoom-sur-grevenmacher","status":"publish","type":"post","link":"https:\/\/www.athome.lu\/blog\/marche-immobilier\/villes\/zoom-sur-grevenmacher\/","title":{"rendered":"Zoom sur Grevenmacher"},"content":{"rendered":"\n<p><span style=\"color: #000000;\">Ville historique, Grevenmacher est \u00e9galement un centre commercial qui doit vivre quotidiennement avec l\u2019important flux de frontaliers allemands qui traversent son territoire pour se rendre \u00e0 Luxembourg-Ville. Proposant les attraits de la ville et les joies de la campagne, la commune mosellane offre \u00e0 ses habitants et nombreux touristes la possibilit\u00e9 de go\u00fbter au \u00ab\u2009Miseler way of life\u2009\u00bb.<\/span><\/p>\n\n\n\n<p><span style=\"color: #000000;\">La ville de Grevenmacher, situ\u00e9e \u00e0 l\u2019est du Grand-Duch\u00e9, \u00e0 la fronti\u00e8re allemande, \u00e9tait d\u00e9j\u00e0 occup\u00e9e avant l\u2019\u00e9poque romaine. Ses terres fertiles, au creux desquelles coule la Moselle, pr\u00e9sentaient en effet de nombreux attraits pour ses premiers colons. Aujourd\u2019hui encore, environ 4\u2009900 habitants profitent de cette douceur de vivre, que le bourgmestre de la commune, L\u00e9on Gloden, qualifie volontiers de \u00ab\u2009Miseler way of life\u2009\u00bb. \u00ab\u2009La population s\u2019est stabilis\u00e9e ces derni\u00e8res ann\u00e9es, explique-t-il. Mais elle devrait remonter cette ann\u00e9e puisque de nombreux projets de construction sont en cours. Toutefois, il faut \u00eatre r\u00e9aliste : Grevenmacher est enclav\u00e9e entre les vignobles, d\u2019un c\u00f4t\u00e9, et la Moselle, de l\u2019autre. Il s\u2019agit aussi d\u2019une ville dans laquelle on ne peut pas faire n\u2019importe quoi, car de nombreux b\u00e2timents sont class\u00e9s. On peut donc esp\u00e9rer augmenter la population jusqu\u2019\u00e0 environ 5\u2009500 habitants, mais pas au-del\u00e0.\u2009\u00bb<\/span><\/p>\n\n\n\n<figure class=\"wp-block-image\"><a href=\"https:\/\/www.athome.lu\/blog\/blog\/wp-content\/uploads\/2019\/09\/GettyImages-613985527-2-1200.jpg\"><img loading=\"lazy\" decoding=\"async\" width=\"1024\" height=\"683\" src=\"https:\/\/www.athome.lu\/blog\/blog\/wp-content\/uploads\/2019\/09\/GettyImages-613985527-2-1200-1024x683.jpg\" alt=\"\" class=\"wp-image-12334\" srcset=\"https:\/\/www.athome.lu\/blog\/wp-content\/uploads\/2019\/09\/GettyImages-613985527-2-1200-1024x683.jpg 1024w, https:\/\/www.athome.lu\/blog\/wp-content\/uploads\/2019\/09\/GettyImages-613985527-2-1200-300x200.jpg 300w, https:\/\/www.athome.lu\/blog\/wp-content\/uploads\/2019\/09\/GettyImages-613985527-2-1200-768x512.jpg 768w, https:\/\/www.athome.lu\/blog\/wp-content\/uploads\/2019\/09\/GettyImages-613985527-2-1200-18x12.jpg 18w, https:\/\/www.athome.lu\/blog\/wp-content\/uploads\/2019\/09\/GettyImages-613985527-2-1200.jpg 1200w\" sizes=\"auto, (max-width: 1024px) 100vw, 1024px\" \/><\/a><\/figure>\n\n\n\n<h2 class=\"wp-block-heading\"><span style=\"color: #000000;\">Des logements pour 350 habitants suppl\u00e9mentaires<\/span><\/h2>\n\n\n\n<p><span style=\"color: #000000;\">Parmi ces projets en cours, on compte deux r\u00e9alisations situ\u00e9es dans le centre de la ville et men\u00e9es par le Fonds du Logement, pour l\u2019un, et par la Soci\u00e9t\u00e9 Nationale des Habitations \u00e0 Bon March\u00e9, pour l\u2019autre. \u00ab\u2009Ces projets permettront de loger 100 habitants de plus, poursuit L\u00e9on Gloden. Un parking souterrain sera \u00e9galement pr\u00e9vu sous le projet de la SNHBM, ce qui permettra d\u2019augmenter les capacit\u00e9s de stationnement dans la ville, aujourd\u2019hui assez r\u00e9duites.\u2009\u00bb<\/span><\/p>\n\n\n\n<p><span style=\"color: #000000;\">Autre projet de logement qui devrait finalement aboutir apr\u00e8s des d\u00e9cennies de tergiversations : le Projet d\u2019Am\u00e9nagement Particulier \u00ab\u2009Unter Dem Pietert\u2009\u00bb, en discussion depuis les ann\u00e9es 60. Un nouveau quartier r\u00e9sidentiel sera construit sur une surface brute de 3,72 hectares, situ\u00e9e en face de l\u2019\u00e9cluse de Grevenmacher. 106 logements mixtes y verront le jour (maisons unifamiliales, maisons pour isol\u00e9s, maisons jumel\u00e9es, mitoyennes, etc.) et permettront de loger environ 250 personnes.<\/span><\/p>\n\n\n\n<p><span style=\"color: #000000;\">Enfin, le visage de Grevenmacher pourrait \u00e9galement devenir un peu plus vert au cours des prochaines ann\u00e9es, puisque le nouveau PAG devrait \u00eatre vot\u00e9 en juin et mettra l\u2019accent, entre autres, sur les toitures v\u00e9g\u00e9tales.<\/span><\/p>\n\n\n\n<h2 class=\"wp-block-heading\"><span style=\"color: #000000;\">15.000 \u00e0 20\u2009000 frontaliers par jour<\/span><\/h2>\n\n\n\n<p><span style=\"color: #000000;\">Grevenmacher dispose en outre d\u2019un tissu commercial et industriel relativement important. De nombreux commerces de d\u00e9tail sont situ\u00e9s dans le centre de la ville, tandis que les bureaux et activit\u00e9s commerciales ou industrielles de plus grande envergure sont implant\u00e9s dans le zoning du Potaschbierg. \u00ab\u2009Nous souhaitons vraiment que le centre de la Ville reste consacr\u00e9 au commerce de d\u00e9tail. C\u2019est pourquoi nous n\u2019autorisons pas ce genre d\u2019activit\u00e9s dans le zoning. Il faut savoir que la demande en surfaces de bureaux est tr\u00e8s importante ici. \u00c9tant donn\u00e9 que nous sommes situ\u00e9s \u00e0 la fronti\u00e8re, de nombreuses soci\u00e9t\u00e9s allemandes implant\u00e9es \u00e0 Luxembourg et employant quasi exclusivement des frontaliers voudraient s\u2019implanter ici pour leur \u00e9viter les bouchons quotidiens\u2009\u00bb, pr\u00e9cise le bourgmestre.<\/span><\/p>\n\n\n\n<p><span style=\"color: #000000;\">Cette proximit\u00e9 entra\u00eene \u00e9galement son lot de probl\u00e8mes de mobilit\u00e9. \u00ab\u200915 \u00e0 20\u2009000 frontaliers allemands traversent Grevenmacher chaque jour, explique L\u00e9on Gloden. Ils n\u2019ont pas d\u2019autre choix que de passer le pont qui traverse la Moselle et de traverser le centre avant de rejoindre l\u2019autoroute vers Luxembourg. C\u2019est \u00e9videmment quelque chose de d\u00e9licat \u00e0 g\u00e9rer au niveau communal.\u2009\u00bb Des initiatives ont m\u00eame \u00e9t\u00e9 prises pour r\u00e9duire cet important flux de v\u00e9hicules, notamment la construction d\u2019un \u00ab\u2009park and ride\u2009\u00bb c\u00f4t\u00e9 luxembourgeois. \u00ab\u2009Les Allemands devraient toutefois faire de m\u00eame de leur c\u00f4t\u00e9 pour que les choses s\u2019am\u00e9liorent r\u00e9ellement\u2009\u00bb, estime le bourgmestre. Un Flexibus et un Ruffbus donnent \u00e9galement des alternatives de mobilit\u00e9 en transports en commun.<\/span><\/p>\n\n\n<section id=\"section-3-14695\" class=\" ct-section\" ><div class=\"ct-section-inner-wrap\"><div id=\"div_block-4-14695\" class=\"ct-div-block\" ><div id=\"new_columns-7-14695\" class=\"ct-new-columns\" ><div id=\"div_block-8-14695\" class=\"ct-div-block\" ><div id=\"div_block-14-14695\" class=\"ct-div-block\" ><\/div><\/div><div id=\"div_block-9-14695\" class=\"ct-div-block\" ><h1 id=\"headline-11-14695\" class=\"ct-headline\">Quels sont les prix de l'immobilier en ce moment ?<\/h1><div id=\"text_block-12-14695\" class=\"ct-text-block\" >Les prix ralentissent. Les taux d'int\u00e9r\u00eat augmentent. Quelles tendances pour les mois \u00e0 venir ?<\/div><a id=\"link_button-13-14695\" class=\"ct-link-button\" href=\"https:\/\/www.athome.lu\/blog\/blog\/marche-immobilier\/prix\/tendances-2022\/\" target=\"_blank\"  >Lire l'analyse<\/a><\/div><\/div><\/div><\/div><\/section>\n\n\n<h2 class=\"wp-block-heading\"><span style=\"color: #000000;\">Les avantages de la ville, le calme de la campagne<\/span><\/h2>\n\n\n\n<p><span style=\"color: #000000;\">Si Grevenmacher partage avec n\u2019importe quelle ville ses probl\u00e8mes de mobilit\u00e9, elle dispose aussi des avantages d\u2019une structure urbaine, \u00e0 commencer par une belle offre sportive, compl\u00e9t\u00e9e par le nouveau hall construit tout derni\u00e8rement et un club house bient\u00f4t construit pour le club de football. On compte dans la commune une piste d\u2019athl\u00e9tisme, des terrains de tennis et une piscine \u00e0 laquelle vont venir s\u2019ajouter deux toboggans parall\u00e8les. De nombreux m\u00e9decins sont \u00e9galement pr\u00e9sents et un centre m\u00e9dical est en voie de construction. \u00ab\u2009Je me suis beaucoup battu pour ce projet, indique L\u00e9on Gloden, qui est \u00e9galement d\u00e9put\u00e9 depuis 2009. Il y a m\u00eame une chance que ce centre m\u00e9dical int\u00e8gre une IRM, ce qui serait une tr\u00e8s bonne nouvelle pour la r\u00e9gion.\u2009\u00bb La culture sera \u00e9galement g\u00e2t\u00e9e dans les prochains mois puisqu\u2019un nouveau centre culturel devrait \u00eatre construit.<\/span><\/p>\n\n\n\n<p><span style=\"color: #000000;\">Tout ceci renforce l\u2019attrait touristique de Grevenmacher, d\u00e9j\u00e0 bien pouss\u00e9 par son statut de ville viticole, o\u00f9 l\u2019on trouve notamment les caves de Bernard-Massard et les Domaines Vinsmoselle et o\u00f9 a lieu chaque ann\u00e9e la F\u00eate du Raisin et du Vin, qui attire 20\u2009000 personnes. Un nouveau quai a \u00e9t\u00e9 construit le long de la Moselle pour l\u2019embarquement de passagers, et l\u2019offre de logements touristiques s\u2019est \u00e9toff\u00e9e, notamment avec un tr\u00e8s joli camping et diff\u00e9rentes maisons de vacances. Avec tous ces projets, le \u00ab\u2009Miseler way of life\u2009\u00bb risque donc d\u2019attirer autant les nouveaux habitants que les touristes venus du monde entier\u2009!<\/span><\/p>\n","protected":false},"excerpt":{"rendered":"<p>Ville historique, Grevenmacher est \u00e9galement un centre commercial qui doit vivre quotidiennement avec l\u2019important flux de frontaliers allemands qui traversent son territoire pour se rendre \u00e0 Luxembourg-Ville. Proposant les attraits de la ville et les joies de la campagne, la commune mosellane offre \u00e0 ses habitants et nombreux touristes la possibilit\u00e9 de go\u00fbter au \u00ab\u2009Miseler [&hellip;]<\/p>\n","protected":false},"author":17,"featured_media":12335,"comment_status":"closed","ping_status":"open","sticky":false,"template":"","format":"standard","meta":{"_acf_changed":false,"footnotes":""},"categories":[218],"tags":[],"class_list":["post-12333","post","type-post","status-publish","format-standard","has-post-thumbnail","hentry","category-villes"],"acf":[],"yoast_head":"<!-- This site is optimized with the Yoast SEO plugin v27.4 - https:\/\/yoast.com\/product\/yoast-seo-wordpress\/ -->\n<title>Zoom sur Grevenmacher - atHome Blog<\/title>\n<meta name=\"description\" content=\"Proposant les attraits de la ville et les joies de la campagne, Grevenmacher offre \u00e0 ses habitants et nombreux touristes la possibilit\u00e9 de go\u00fbter au \u00ab\u2009Miseler way of life\u2009\u00bb.\" \/>\n<meta name=\"robots\" content=\"index, follow, max-snippet:-1, max-image-preview:large, max-video-preview:-1\" \/>\n<link rel=\"canonical\" href=\"https:\/\/www.athome.lu\/blog\/marche-immobilier\/villes\/zoom-sur-grevenmacher\/\" \/>\n<meta property=\"og:locale\" content=\"fr_FR\" \/>\n<meta property=\"og:type\" content=\"article\" \/>\n<meta property=\"og:title\" content=\"Zoom sur Grevenmacher - atHome Blog\" \/>\n<meta property=\"og:description\" content=\"Proposant les attraits de la ville et les joies de la campagne, Grevenmacher offre \u00e0 ses habitants et nombreux touristes la possibilit\u00e9 de go\u00fbter au \u00ab\u2009Miseler way of life\u2009\u00bb.\" \/>\n<meta property=\"og:url\" content=\"https:\/\/www.athome.lu\/blog\/marche-immobilier\/villes\/zoom-sur-grevenmacher\/\" \/>\n<meta property=\"og:site_name\" content=\"atHome Blog\" \/>\n<meta property=\"article:publisher\" content=\"https:\/\/www.facebook.com\/atHome.lu\/\" \/>\n<meta property=\"article:published_time\" content=\"2019-09-25T08:12:23+00:00\" \/>\n<meta property=\"article:modified_time\" content=\"2022-05-11T13:37:44+00:00\" \/>\n<meta property=\"og:image\" content=\"https:\/\/www.athome.lu\/blog\/wp-content\/uploads\/2019\/09\/GettyImages-593440211-1-1200.jpg\" \/>\n\t<meta property=\"og:image:width\" content=\"1200\" \/>\n\t<meta property=\"og:image:height\" content=\"800\" \/>\n\t<meta property=\"og:image:type\" content=\"image\/jpeg\" \/>\n<meta name=\"author\" content=\"Fanny Pimentel\" \/>\n<meta name=\"twitter:card\" content=\"summary_large_image\" \/>\n<meta name=\"twitter:creator\" content=\"@athomelu\" \/>\n<meta name=\"twitter:site\" content=\"@athomelu\" \/>\n<meta name=\"twitter:label1\" content=\"\u00c9crit par\" \/>\n\t<meta name=\"twitter:data1\" content=\"Fanny Pimentel\" \/>\n\t<meta name=\"twitter:label2\" content=\"Dur\u00e9e de lecture estim\u00e9e\" \/>\n\t<meta name=\"twitter:data2\" content=\"5 minutes\" \/>\n<script type=\"application\/ld+json\" class=\"yoast-schema-graph\">{\"@context\":\"https:\\\/\\\/schema.org\",\"@graph\":[{\"@type\":\"Article\",\"@id\":\"https:\\\/\\\/www.athome.lu\\\/blog\\\/marche-immobilier\\\/villes\\\/zoom-sur-grevenmacher\\\/#article\",\"isPartOf\":{\"@id\":\"https:\\\/\\\/www.athome.lu\\\/blog\\\/marche-immobilier\\\/villes\\\/zoom-sur-grevenmacher\\\/\"},\"author\":{\"name\":\"Fanny Pimentel\",\"@id\":\"https:\\\/\\\/www.athome.lu\\\/blog\\\/#\\\/schema\\\/person\\\/47f7a38089f837e792876ceddc4cb2dc\"},\"headline\":\"Zoom sur Grevenmacher\",\"datePublished\":\"2019-09-25T08:12:23+00:00\",\"dateModified\":\"2022-05-11T13:37:44+00:00\",\"mainEntityOfPage\":{\"@id\":\"https:\\\/\\\/www.athome.lu\\\/blog\\\/marche-immobilier\\\/villes\\\/zoom-sur-grevenmacher\\\/\"},\"wordCount\":974,\"image\":{\"@id\":\"https:\\\/\\\/www.athome.lu\\\/blog\\\/marche-immobilier\\\/villes\\\/zoom-sur-grevenmacher\\\/#primaryimage\"},\"thumbnailUrl\":\"https:\\\/\\\/www.athome.lu\\\/blog\\\/wp-content\\\/uploads\\\/2019\\\/09\\\/GettyImages-593440211-1-1200.jpg\",\"articleSection\":[\"Villes\"],\"inLanguage\":\"fr-FR\"},{\"@type\":\"WebPage\",\"@id\":\"https:\\\/\\\/www.athome.lu\\\/blog\\\/marche-immobilier\\\/villes\\\/zoom-sur-grevenmacher\\\/\",\"url\":\"https:\\\/\\\/www.athome.lu\\\/blog\\\/marche-immobilier\\\/villes\\\/zoom-sur-grevenmacher\\\/\",\"name\":\"Zoom sur Grevenmacher - atHome Blog\",\"isPartOf\":{\"@id\":\"https:\\\/\\\/www.athome.lu\\\/blog\\\/#website\"},\"primaryImageOfPage\":{\"@id\":\"https:\\\/\\\/www.athome.lu\\\/blog\\\/marche-immobilier\\\/villes\\\/zoom-sur-grevenmacher\\\/#primaryimage\"},\"image\":{\"@id\":\"https:\\\/\\\/www.athome.lu\\\/blog\\\/marche-immobilier\\\/villes\\\/zoom-sur-grevenmacher\\\/#primaryimage\"},\"thumbnailUrl\":\"https:\\\/\\\/www.athome.lu\\\/blog\\\/wp-content\\\/uploads\\\/2019\\\/09\\\/GettyImages-593440211-1-1200.jpg\",\"datePublished\":\"2019-09-25T08:12:23+00:00\",\"dateModified\":\"2022-05-11T13:37:44+00:00\",\"author\":{\"@id\":\"https:\\\/\\\/www.athome.lu\\\/blog\\\/#\\\/schema\\\/person\\\/47f7a38089f837e792876ceddc4cb2dc\"},\"description\":\"Proposant les attraits de la ville et les joies de la campagne, Grevenmacher offre \u00e0 ses habitants et nombreux touristes la possibilit\u00e9 de go\u00fbter au \u00ab\u2009Miseler way of life\u2009\u00bb.\",\"breadcrumb\":{\"@id\":\"https:\\\/\\\/www.athome.lu\\\/blog\\\/marche-immobilier\\\/villes\\\/zoom-sur-grevenmacher\\\/#breadcrumb\"},\"inLanguage\":\"fr-FR\",\"potentialAction\":[{\"@type\":\"ReadAction\",\"target\":[\"https:\\\/\\\/www.athome.lu\\\/blog\\\/marche-immobilier\\\/villes\\\/zoom-sur-grevenmacher\\\/\"]}]},{\"@type\":\"ImageObject\",\"inLanguage\":\"fr-FR\",\"@id\":\"https:\\\/\\\/www.athome.lu\\\/blog\\\/marche-immobilier\\\/villes\\\/zoom-sur-grevenmacher\\\/#primaryimage\",\"url\":\"https:\\\/\\\/www.athome.lu\\\/blog\\\/wp-content\\\/uploads\\\/2019\\\/09\\\/GettyImages-593440211-1-1200.jpg\",\"contentUrl\":\"https:\\\/\\\/www.athome.lu\\\/blog\\\/wp-content\\\/uploads\\\/2019\\\/09\\\/GettyImages-593440211-1-1200.jpg\",\"width\":1200,\"height\":800},{\"@type\":\"BreadcrumbList\",\"@id\":\"https:\\\/\\\/www.athome.lu\\\/blog\\\/marche-immobilier\\\/villes\\\/zoom-sur-grevenmacher\\\/#breadcrumb\",\"itemListElement\":[{\"@type\":\"ListItem\",\"position\":1,\"name\":\"Accueil\",\"item\":\"https:\\\/\\\/www.athome.lu\\\/blog\\\/\"},{\"@type\":\"ListItem\",\"position\":2,\"name\":\"March\u00e9 immobilier\",\"item\":\"https:\\\/\\\/www.athome.lu\\\/blog\\\/category\\\/marche-immobilier\\\/\"},{\"@type\":\"ListItem\",\"position\":3,\"name\":\"Villes\",\"item\":\"https:\\\/\\\/www.athome.lu\\\/blog\\\/category\\\/marche-immobilier\\\/villes\\\/\"},{\"@type\":\"ListItem\",\"position\":4,\"name\":\"Zoom sur Grevenmacher\"}]},{\"@type\":\"WebSite\",\"@id\":\"https:\\\/\\\/www.athome.lu\\\/blog\\\/#website\",\"url\":\"https:\\\/\\\/www.athome.lu\\\/blog\\\/\",\"name\":\"atHome Blog\",\"description\":\"Annonces immobili\u00e8res au Luxembourg. Le portail immobilier n\u00b01 au Luxembourg.\",\"potentialAction\":[{\"@type\":\"SearchAction\",\"target\":{\"@type\":\"EntryPoint\",\"urlTemplate\":\"https:\\\/\\\/www.athome.lu\\\/blog\\\/?s={search_term_string}\"},\"query-input\":{\"@type\":\"PropertyValueSpecification\",\"valueRequired\":true,\"valueName\":\"search_term_string\"}}],\"inLanguage\":\"fr-FR\"},{\"@type\":\"Person\",\"@id\":\"https:\\\/\\\/www.athome.lu\\\/blog\\\/#\\\/schema\\\/person\\\/47f7a38089f837e792876ceddc4cb2dc\",\"name\":\"Fanny Pimentel\",\"image\":{\"@type\":\"ImageObject\",\"inLanguage\":\"fr-FR\",\"@id\":\"https:\\\/\\\/secure.gravatar.com\\\/avatar\\\/c60b27b93851dc9503f9cc9150e73dcb0a86ba6150657e5e4b11d988400bc633?s=96&d=mm&r=g\",\"url\":\"https:\\\/\\\/secure.gravatar.com\\\/avatar\\\/c60b27b93851dc9503f9cc9150e73dcb0a86ba6150657e5e4b11d988400bc633?s=96&d=mm&r=g\",\"contentUrl\":\"https:\\\/\\\/secure.gravatar.com\\\/avatar\\\/c60b27b93851dc9503f9cc9150e73dcb0a86ba6150657e5e4b11d988400bc633?s=96&d=mm&r=g\",\"caption\":\"Fanny Pimentel\"}}]}<\/script>\n<!-- \/ Yoast SEO plugin. -->","yoast_head_json":{"title":"Zoom sur Grevenmacher - atHome Blog","description":"Proposant les attraits de la ville et les joies de la campagne, Grevenmacher offre \u00e0 ses habitants et nombreux touristes la possibilit\u00e9 de go\u00fbter au \u00ab\u2009Miseler way of life\u2009\u00bb.","robots":{"index":"index","follow":"follow","max-snippet":"max-snippet:-1","max-image-preview":"max-image-preview:large","max-video-preview":"max-video-preview:-1"},"canonical":"https:\/\/www.athome.lu\/blog\/marche-immobilier\/villes\/zoom-sur-grevenmacher\/","og_locale":"fr_FR","og_type":"article","og_title":"Zoom sur Grevenmacher - atHome Blog","og_description":"Proposant les attraits de la ville et les joies de la campagne, Grevenmacher offre \u00e0 ses habitants et nombreux touristes la possibilit\u00e9 de go\u00fbter au \u00ab\u2009Miseler way of life\u2009\u00bb.","og_url":"https:\/\/www.athome.lu\/blog\/marche-immobilier\/villes\/zoom-sur-grevenmacher\/","og_site_name":"atHome Blog","article_publisher":"https:\/\/www.facebook.com\/atHome.lu\/","article_published_time":"2019-09-25T08:12:23+00:00","article_modified_time":"2022-05-11T13:37:44+00:00","og_image":[{"width":1200,"height":800,"url":"https:\/\/www.athome.lu\/blog\/wp-content\/uploads\/2019\/09\/GettyImages-593440211-1-1200.jpg","type":"image\/jpeg"}],"author":"Fanny Pimentel","twitter_card":"summary_large_image","twitter_creator":"@athomelu","twitter_site":"@athomelu","twitter_misc":{"\u00c9crit par":"Fanny Pimentel","Dur\u00e9e de lecture estim\u00e9e":"5 minutes"},"schema":{"@context":"https:\/\/schema.org","@graph":[{"@type":"Article","@id":"https:\/\/www.athome.lu\/blog\/marche-immobilier\/villes\/zoom-sur-grevenmacher\/#article","isPartOf":{"@id":"https:\/\/www.athome.lu\/blog\/marche-immobilier\/villes\/zoom-sur-grevenmacher\/"},"author":{"name":"Fanny Pimentel","@id":"https:\/\/www.athome.lu\/blog\/#\/schema\/person\/47f7a38089f837e792876ceddc4cb2dc"},"headline":"Zoom sur Grevenmacher","datePublished":"2019-09-25T08:12:23+00:00","dateModified":"2022-05-11T13:37:44+00:00","mainEntityOfPage":{"@id":"https:\/\/www.athome.lu\/blog\/marche-immobilier\/villes\/zoom-sur-grevenmacher\/"},"wordCount":974,"image":{"@id":"https:\/\/www.athome.lu\/blog\/marche-immobilier\/villes\/zoom-sur-grevenmacher\/#primaryimage"},"thumbnailUrl":"https:\/\/www.athome.lu\/blog\/wp-content\/uploads\/2019\/09\/GettyImages-593440211-1-1200.jpg","articleSection":["Villes"],"inLanguage":"fr-FR"},{"@type":"WebPage","@id":"https:\/\/www.athome.lu\/blog\/marche-immobilier\/villes\/zoom-sur-grevenmacher\/","url":"https:\/\/www.athome.lu\/blog\/marche-immobilier\/villes\/zoom-sur-grevenmacher\/","name":"Zoom sur Grevenmacher - atHome Blog","isPartOf":{"@id":"https:\/\/www.athome.lu\/blog\/#website"},"primaryImageOfPage":{"@id":"https:\/\/www.athome.lu\/blog\/marche-immobilier\/villes\/zoom-sur-grevenmacher\/#primaryimage"},"image":{"@id":"https:\/\/www.athome.lu\/blog\/marche-immobilier\/villes\/zoom-sur-grevenmacher\/#primaryimage"},"thumbnailUrl":"https:\/\/www.athome.lu\/blog\/wp-content\/uploads\/2019\/09\/GettyImages-593440211-1-1200.jpg","datePublished":"2019-09-25T08:12:23+00:00","dateModified":"2022-05-11T13:37:44+00:00","author":{"@id":"https:\/\/www.athome.lu\/blog\/#\/schema\/person\/47f7a38089f837e792876ceddc4cb2dc"},"description":"Proposant les attraits de la ville et les joies de la campagne, Grevenmacher offre \u00e0 ses habitants et nombreux touristes la possibilit\u00e9 de go\u00fbter au \u00ab\u2009Miseler way of life\u2009\u00bb.","breadcrumb":{"@id":"https:\/\/www.athome.lu\/blog\/marche-immobilier\/villes\/zoom-sur-grevenmacher\/#breadcrumb"},"inLanguage":"fr-FR","potentialAction":[{"@type":"ReadAction","target":["https:\/\/www.athome.lu\/blog\/marche-immobilier\/villes\/zoom-sur-grevenmacher\/"]}]},{"@type":"ImageObject","inLanguage":"fr-FR","@id":"https:\/\/www.athome.lu\/blog\/marche-immobilier\/villes\/zoom-sur-grevenmacher\/#primaryimage","url":"https:\/\/www.athome.lu\/blog\/wp-content\/uploads\/2019\/09\/GettyImages-593440211-1-1200.jpg","contentUrl":"https:\/\/www.athome.lu\/blog\/wp-content\/uploads\/2019\/09\/GettyImages-593440211-1-1200.jpg","width":1200,"height":800},{"@type":"BreadcrumbList","@id":"https:\/\/www.athome.lu\/blog\/marche-immobilier\/villes\/zoom-sur-grevenmacher\/#breadcrumb","itemListElement":[{"@type":"ListItem","position":1,"name":"Accueil","item":"https:\/\/www.athome.lu\/blog\/"},{"@type":"ListItem","position":2,"name":"March\u00e9 immobilier","item":"https:\/\/www.athome.lu\/blog\/category\/marche-immobilier\/"},{"@type":"ListItem","position":3,"name":"Villes","item":"https:\/\/www.athome.lu\/blog\/category\/marche-immobilier\/villes\/"},{"@type":"ListItem","position":4,"name":"Zoom sur Grevenmacher"}]},{"@type":"WebSite","@id":"https:\/\/www.athome.lu\/blog\/#website","url":"https:\/\/www.athome.lu\/blog\/","name":"atHome Blog","description":"Annonces immobili\u00e8res au Luxembourg. Le portail immobilier n\u00b01 au Luxembourg.","potentialAction":[{"@type":"SearchAction","target":{"@type":"EntryPoint","urlTemplate":"https:\/\/www.athome.lu\/blog\/?s={search_term_string}"},"query-input":{"@type":"PropertyValueSpecification","valueRequired":true,"valueName":"search_term_string"}}],"inLanguage":"fr-FR"},{"@type":"Person","@id":"https:\/\/www.athome.lu\/blog\/#\/schema\/person\/47f7a38089f837e792876ceddc4cb2dc","name":"Fanny Pimentel","image":{"@type":"ImageObject","inLanguage":"fr-FR","@id":"https:\/\/secure.gravatar.com\/avatar\/c60b27b93851dc9503f9cc9150e73dcb0a86ba6150657e5e4b11d988400bc633?s=96&d=mm&r=g","url":"https:\/\/secure.gravatar.com\/avatar\/c60b27b93851dc9503f9cc9150e73dcb0a86ba6150657e5e4b11d988400bc633?s=96&d=mm&r=g","contentUrl":"https:\/\/secure.gravatar.com\/avatar\/c60b27b93851dc9503f9cc9150e73dcb0a86ba6150657e5e4b11d988400bc633?s=96&d=mm&r=g","caption":"Fanny Pimentel"}}]}},"featured_media_src_url":"https:\/\/www.athome.lu\/blog\/wp-content\/uploads\/2019\/09\/GettyImages-593440211-1-1200-1024x683.jpg","_links":{"self":[{"href":"https:\/\/www.athome.lu\/blog\/wp-json\/wp\/v2\/posts\/12333","targetHints":{"allow":["GET"]}}],"collection":[{"href":"https:\/\/www.athome.lu\/blog\/wp-json\/wp\/v2\/posts"}],"about":[{"href":"https:\/\/www.athome.lu\/blog\/wp-json\/wp\/v2\/types\/post"}],"author":[{"embeddable":true,"href":"https:\/\/www.athome.lu\/blog\/wp-json\/wp\/v2\/users\/17"}],"replies":[{"embeddable":true,"href":"https:\/\/www.athome.lu\/blog\/wp-json\/wp\/v2\/comments?post=12333"}],"version-history":[{"count":2,"href":"https:\/\/www.athome.lu\/blog\/wp-json\/wp\/v2\/posts\/12333\/revisions"}],"predecessor-version":[{"id":15031,"href":"https:\/\/www.athome.lu\/blog\/wp-json\/wp\/v2\/posts\/12333\/revisions\/15031"}],"wp:featuredmedia":[{"embeddable":true,"href":"https:\/\/www.athome.lu\/blog\/wp-json\/wp\/v2\/media\/12335"}],"wp:attachment":[{"href":"https:\/\/www.athome.lu\/blog\/wp-json\/wp\/v2\/media?parent=12333"}],"wp:term":[{"taxonomy":"category","embeddable":true,"href":"https:\/\/www.athome.lu\/blog\/wp-json\/wp\/v2\/categories?post=12333"},{"taxonomy":"post_tag","embeddable":true,"href":"https:\/\/www.athome.lu\/blog\/wp-json\/wp\/v2\/tags?post=12333"}],"curies":[{"name":"wp","href":"https:\/\/api.w.org\/{rel}","templated":true}]}}