{"id":12339,"date":"2019-10-01T13:55:24","date_gmt":"2019-10-01T12:55:24","guid":{"rendered":"https:\/\/www.athome.lu\/blog\/?p=12339"},"modified":"2024-08-05T10:10:06","modified_gmt":"2024-08-05T08:10:06","slug":"investissement-locatif-assurer-vos-loyers","status":"publish","type":"post","link":"https:\/\/www.athome.lu\/blog\/louer\/bailleurs\/investissement-locatif-assurer-vos-loyers\/","title":{"rendered":"Investissement locatif : assurer vos loyers"},"content":{"rendered":"\n<p><span style=\"color: #000000;\">Investir dans l\u2019immobilier locatif r\u00e9sidentiel au Luxembourg est un bon moyen pour pr\u00e9parer sa retraite ou se constituer un patrimoine. Cet investissement peut s\u2019av\u00e9rer une op\u00e9ration tr\u00e8s rentable dans un march\u00e9 immobilier luxembourgeois qui est tr\u00e8s dynamique. Car avec un nombre croissant de r\u00e9sidents et une offre immobili\u00e8re qui peine \u00e0 absorber l\u2019augmentation de la population dans le pays, la demande locative est bien l\u00e0. Preuve qu\u2019investir dans la pierre se r\u00e9v\u00e8le \u00eatre toujours une valeur s\u00fbre.<\/span><\/p>\n\n\n\n<p><span style=\"color: #000000;\">La r\u00e9ussite d\u2019un projet locatif repose avant tout sur les loyers g\u00e9n\u00e9r\u00e9s et per\u00e7us.<\/span><br><span style=\"color: #000000;\">Sur ce point, et pour vous pr\u00e9server de toute d\u00e9convenue immobili\u00e8re, des assurances destin\u00e9es aux propri\u00e9taires-bailleurs sont propos\u00e9es par les assureurs et les banques. Il s\u2019agit de l\u2019assurance loyer impay\u00e9. Car, m\u00eame si les impay\u00e9s de loyer restent peu fr\u00e9quents, ils existent, et peuvent transformer votre projet et vos r\u00eaves en gouffre financier.<\/span><\/p>\n\n\n\n<h2 class=\"wp-block-heading\"><span style=\"color: #000000;\">Que faire en cas de loyer impay\u00e9 ?<\/span><\/h2>\n\n\n\n<p><span style=\"color: #000000;\">Les loyers impay\u00e9s sont la hantise des propri\u00e9taires. L\u2019argent ne rentre plus, et vous vous retrouvez seul \u00e0 assumer les remboursements de cr\u00e9dit et les charges. Ces d\u00e9penses suppl\u00e9mentaires peuvent peser lourd dans votre budget. Ces circonstances deviennent ensuite tr\u00e8s vite compliqu\u00e9es \u00e0 g\u00e9rer et on se retrouve souvent d\u00e9muni face \u00e0 une telle situation.<\/span><\/p>\n\n\n\n<p><strong><span style=\"color: #000000;\">Les conseils et d\u00e9marches \u00e0 suivre :<\/span><\/strong><\/p>\n\n\n\n<p><span style=\"color: #000000;\">La premi\u00e8re chose \u00e0 faire lorsqu\u2019un loyer n\u2019a pas \u00e9t\u00e9 honor\u00e9, est de contacter directement le locataire afin de conna\u00eetre la raison de son retard de paiement. Le probl\u00e8me pourra se r\u00e9gler rapidement s\u2019il s\u2019agit d\u2019un fait exceptionnel. On parlera de solution \u00e0 l\u2019amiable.<\/span><\/p>\n\n\n\n<p><span style=\"color: #000000;\">En cas de plusieurs non-paiements, vous pouvez faire jouer la garantie locative.<\/span><br><span style=\"color: #000000;\">Lors de la conclusion du bail, le propri\u00e9taire-bailleur peut exiger le paiement d\u2019une garantie locative (cette garantie locative ne peut pas d\u00e9passer 3 mois de loyer).<\/span><\/p>\n\n\n\n<p><strong><span style=\"color: #000000;\">La garantie locative peut prendre diff\u00e9rentes formes :<\/span><\/strong><\/p>\n\n\n\n<p><span style=\"color: #000000;\">\u2022 une somme d\u2019argent vers\u00e9e en esp\u00e8ces au propri\u00e9taire,<\/span><br><span style=\"color: #000000;\">\u2022 une garantie bancaire,<\/span><br><span style=\"color: #000000;\">\u2022 une garantie locative fournie par l\u2019Etat.<\/span><\/p>\n\n\n\n<p><span style=\"color: #000000;\">La garantie locative est destin\u00e9e \u00e0 garantir notamment le paiement des loyers, des charges locatives et les d\u00e9gradations \u00e9ventuelles des lieux lou\u00e9s.<\/span><br><span style=\"color: #000000;\">A la fin du bail et apr\u00e8s l\u2019\u00e9tablissement du dernier d\u00e9compte, le propri\u00e9taire restituera la garantie locative au locataire, s\u2019il n\u2019a pas de revendications \u00e0 faire valoir. Si des loyers ou des charges sont rest\u00e9s impay\u00e9s, il pourra les d\u00e9duire du montant mis en garantie.<\/span><\/p>\n\n\n\n<p><span style=\"color: #000000;\">Enfin, si malheureusement ce probl\u00e8me devient r\u00e9current, que les loyers ne sont plus vers\u00e9s depuis plusieurs mois, et qu\u2019aucune solution \u00e0 l\u2019amiable ne peut \u00eatre trouv\u00e9e, le seul recours possible devient d\u2019ordre judiciaire. Cette proc\u00e9dure g\u00e9n\u00e9ralement longue, et co\u00fbteuse, ne garantie pas de r\u00e9cup\u00e9rer les loyers non per\u00e7us.<\/span><\/p>\n\n\n\n<p><span style=\"color: #000000;\">C\u2019est pour \u00e9viter ce sc\u00e9nario que l\u2019assurance loyer impay\u00e9 s\u2019adresse directement aux propri\u00e9taires-bailleurs, avec une offre d\u00e9di\u00e9e qui prend en compte les risques locatifs.<\/span><\/p>\n\n\n<section id=\"section-3-14695\" class=\" ct-section\" ><div class=\"ct-section-inner-wrap\"><div id=\"div_block-4-14695\" class=\"ct-div-block\" ><div id=\"new_columns-7-14695\" class=\"ct-new-columns\" ><div id=\"div_block-8-14695\" class=\"ct-div-block\" ><div id=\"div_block-14-14695\" class=\"ct-div-block\" ><\/div><\/div><div id=\"div_block-9-14695\" class=\"ct-div-block\" ><h1 id=\"headline-11-14695\" class=\"ct-headline\">Quels sont les prix de l'immobilier en ce moment ?<\/h1><div id=\"text_block-12-14695\" class=\"ct-text-block\" >Les prix ralentissent. Les taux d'int\u00e9r\u00eat augmentent. Quelles tendances pour les mois \u00e0 venir ?<\/div><a id=\"link_button-13-14695\" class=\"ct-link-button\" href=\"https:\/\/www.athome.lu\/blog\/blog\/marche-immobilier\/prix\/tendances-2022\/\" target=\"_blank\"  >Lire l'analyse<\/a><\/div><\/div><\/div><\/div><\/section>\n\n\n<h2 class=\"wp-block-heading\"><span style=\"color: #000000;\">L\u2019assurance loyer impay\u00e9<\/span><\/h2>\n\n\n\n<p><span style=\"color: #000000;\">Cette assurance, permet de se prot\u00e9ger des principaux risques et d\u2019\u00eatre indemnis\u00e9 en cas de loyer non pay\u00e9.<\/span><\/p>\n\n\n\n<p><span style=\"color: #000000;\">Bien entendu, que vous soyez assur\u00e9 ou pas, le choix du locataire jouera un r\u00f4le majeur.<\/span><br><span style=\"color: #000000;\">Un assureur vous demandera de veiller et de contr\u00f4ler l\u2019\u00e9tat financier des candidats \u00e0 la location pour vous assurer. En d\u2019autres termes, votre locataire devra \u00eatre solvable et ne pr\u00e9senter qu\u2019un risque financier minimum (montant du salaire, emploi en CDI notamment).<\/span><\/p>\n\n\n\n<p><span style=\"color: #000000;\">Voici donc une des conditions d\u2019\u00e9ligibilit\u00e9 du locataire pour que vous puissiez \u00eatre pris en charge par l\u2019assurance. Bien que, encore une fois, ces conditions s\u2019appliquent naturellement lors de la mise en location d\u2019un bien immobilier.<\/span><\/p>\n\n\n\n<p><span style=\"color: #000000;\">Ce type d\u2019assurance est id\u00e9al pour se prot\u00e9ger des locataires peu scrupuleux, mais aussi pour faire face aux risques \u00abde la vie\u00bb. Car personne, aucun locataire n\u2019est \u00e0 l\u2019abri d\u2019une perte d\u2019emploi ou de difficult\u00e9s financi\u00e8res impr\u00e9vues.<\/span><\/p>\n\n\n\n<p><strong><span style=\"color: #000000;\">Les garanties propos\u00e9es par ce type d\u2019assurance sont au nombre de 4 :<\/span><\/strong><\/p>\n\n\n\n<p><span style=\"color: #000000;\">\u2022 Loyers impay\u00e9s<\/span><br><span style=\"color: #000000;\">\u2022 D\u00e9t\u00e9riorations et d\u00e9gradations<\/span><br><span style=\"color: #000000;\">\u2022 D\u00e9part pr\u00e9matur\u00e9 du locataire<\/span><br><span style=\"color: #000000;\">\u2022 Frais de contentieux<\/span><\/p>\n\n\n\n<p><span style=\"color: #000000;\">Toutes ces garanties ne sont pas syst\u00e9matiquement incluses dans les assurances loyers impay\u00e9s. Il faut donc les souscrire en option si l'on veut \u00eatre couvert pour tous les risques.<\/span><\/p>\n\n\n\n<p><span style=\"color: #000000;\">Ces garanties pr\u00e9voient \u00e9galement des plafonds d\u2019indemnisation et des dur\u00e9es limites au-dessus desquelles votre assureur ne pourra plus vous prendre en charge.<\/span><\/p>\n\n\n\n<p><span style=\"color: #000000;\">A noter que cette couverture ne fonctionne pas pour les locations saisonni\u00e8res. Le bail doit \u00eatre d\u2019une dur\u00e9e d\u2019au moins un an.<\/span><br><span style=\"color: #000000;\">En revanche, pour les colocations (toujours pour une dur\u00e9e d\u2019un an minimum) l\u2019assurance peut s\u2019appliquer.<\/span><\/p>\n","protected":false},"excerpt":{"rendered":"<p>Investir dans l\u2019immobilier locatif r\u00e9sidentiel au Luxembourg est un bon moyen pour pr\u00e9parer sa retraite ou se constituer un patrimoine. Cet investissement peut s\u2019av\u00e9rer une op\u00e9ration tr\u00e8s rentable dans un march\u00e9 immobilier luxembourgeois qui est tr\u00e8s dynamique. Car avec un nombre croissant de r\u00e9sidents et une offre immobili\u00e8re qui peine \u00e0 absorber l\u2019augmentation de la [&hellip;]<\/p>\n","protected":false},"author":17,"featured_media":10581,"comment_status":"closed","ping_status":"closed","sticky":false,"template":"","format":"standard","meta":{"_acf_changed":false,"footnotes":""},"categories":[223],"tags":[],"class_list":["post-12339","post","type-post","status-publish","format-standard","has-post-thumbnail","hentry","category-bailleurs"],"acf":[],"yoast_head":"<!-- This site is optimized with the Yoast SEO plugin v27.5 - https:\/\/yoast.com\/product\/yoast-seo-wordpress\/ -->\n<title>Investissement locatif : assurer vos loyers - atHome Blog<\/title>\n<meta name=\"description\" content=\"Investir dans l\u2019immobilier locatif r\u00e9sidentiel au Luxembourg est un bon moyen pour pr\u00e9parer sa retraite ou se constituer un patrimoine.\" \/>\n<meta name=\"robots\" content=\"index, follow, max-snippet:-1, max-image-preview:large, max-video-preview:-1\" \/>\n<link rel=\"canonical\" href=\"https:\/\/www.athome.lu\/blog\/louer\/bailleurs\/investissement-locatif-assurer-vos-loyers\/\" \/>\n<meta property=\"og:locale\" content=\"fr_FR\" \/>\n<meta property=\"og:type\" content=\"article\" \/>\n<meta property=\"og:title\" content=\"Investissement locatif : assurer vos loyers - atHome Blog\" \/>\n<meta property=\"og:description\" content=\"Investir dans l\u2019immobilier locatif r\u00e9sidentiel au Luxembourg est un bon moyen pour pr\u00e9parer sa retraite ou se constituer un patrimoine.\" \/>\n<meta property=\"og:url\" content=\"https:\/\/www.athome.lu\/blog\/louer\/bailleurs\/investissement-locatif-assurer-vos-loyers\/\" \/>\n<meta property=\"og:site_name\" content=\"atHome Blog\" \/>\n<meta property=\"article:publisher\" content=\"https:\/\/www.facebook.com\/atHome.lu\/\" \/>\n<meta property=\"article:published_time\" content=\"2019-10-01T12:55:24+00:00\" \/>\n<meta property=\"article:modified_time\" content=\"2024-08-05T08:10:06+00:00\" \/>\n<meta property=\"og:image\" content=\"https:\/\/www.athome.lu\/blog\/wp-content\/uploads\/2017\/11\/neuf-facade-1200.jpg\" \/>\n\t<meta property=\"og:image:width\" content=\"1200\" \/>\n\t<meta property=\"og:image:height\" content=\"800\" \/>\n\t<meta property=\"og:image:type\" content=\"image\/jpeg\" \/>\n<meta name=\"author\" content=\"Fanny Pimentel\" \/>\n<meta name=\"twitter:card\" content=\"summary_large_image\" \/>\n<meta name=\"twitter:creator\" content=\"@athomelu\" \/>\n<meta name=\"twitter:site\" content=\"@athomelu\" \/>\n<meta name=\"twitter:label1\" content=\"\u00c9crit par\" \/>\n\t<meta name=\"twitter:data1\" content=\"Fanny Pimentel\" \/>\n\t<meta name=\"twitter:label2\" content=\"Dur\u00e9e de lecture estim\u00e9e\" \/>\n\t<meta name=\"twitter:data2\" content=\"4 minutes\" \/>\n<script type=\"application\/ld+json\" class=\"yoast-schema-graph\">{\"@context\":\"https:\\\/\\\/schema.org\",\"@graph\":[{\"@type\":\"Article\",\"@id\":\"https:\\\/\\\/www.athome.lu\\\/blog\\\/louer\\\/bailleurs\\\/investissement-locatif-assurer-vos-loyers\\\/#article\",\"isPartOf\":{\"@id\":\"https:\\\/\\\/www.athome.lu\\\/blog\\\/louer\\\/bailleurs\\\/investissement-locatif-assurer-vos-loyers\\\/\"},\"author\":{\"name\":\"Fanny Pimentel\",\"@id\":\"https:\\\/\\\/www.athome.lu\\\/blog\\\/#\\\/schema\\\/person\\\/47f7a38089f837e792876ceddc4cb2dc\"},\"headline\":\"Investissement locatif : assurer vos loyers\",\"datePublished\":\"2019-10-01T12:55:24+00:00\",\"dateModified\":\"2024-08-05T08:10:06+00:00\",\"mainEntityOfPage\":{\"@id\":\"https:\\\/\\\/www.athome.lu\\\/blog\\\/louer\\\/bailleurs\\\/investissement-locatif-assurer-vos-loyers\\\/\"},\"wordCount\":851,\"image\":{\"@id\":\"https:\\\/\\\/www.athome.lu\\\/blog\\\/louer\\\/bailleurs\\\/investissement-locatif-assurer-vos-loyers\\\/#primaryimage\"},\"thumbnailUrl\":\"https:\\\/\\\/www.athome.lu\\\/blog\\\/wp-content\\\/uploads\\\/2017\\\/11\\\/neuf-facade-1200.jpg\",\"articleSection\":[\"Bailleurs\"],\"inLanguage\":\"fr-FR\"},{\"@type\":\"WebPage\",\"@id\":\"https:\\\/\\\/www.athome.lu\\\/blog\\\/louer\\\/bailleurs\\\/investissement-locatif-assurer-vos-loyers\\\/\",\"url\":\"https:\\\/\\\/www.athome.lu\\\/blog\\\/louer\\\/bailleurs\\\/investissement-locatif-assurer-vos-loyers\\\/\",\"name\":\"Investissement locatif : assurer vos loyers - atHome Blog\",\"isPartOf\":{\"@id\":\"https:\\\/\\\/www.athome.lu\\\/blog\\\/#website\"},\"primaryImageOfPage\":{\"@id\":\"https:\\\/\\\/www.athome.lu\\\/blog\\\/louer\\\/bailleurs\\\/investissement-locatif-assurer-vos-loyers\\\/#primaryimage\"},\"image\":{\"@id\":\"https:\\\/\\\/www.athome.lu\\\/blog\\\/louer\\\/bailleurs\\\/investissement-locatif-assurer-vos-loyers\\\/#primaryimage\"},\"thumbnailUrl\":\"https:\\\/\\\/www.athome.lu\\\/blog\\\/wp-content\\\/uploads\\\/2017\\\/11\\\/neuf-facade-1200.jpg\",\"datePublished\":\"2019-10-01T12:55:24+00:00\",\"dateModified\":\"2024-08-05T08:10:06+00:00\",\"author\":{\"@id\":\"https:\\\/\\\/www.athome.lu\\\/blog\\\/#\\\/schema\\\/person\\\/47f7a38089f837e792876ceddc4cb2dc\"},\"description\":\"Investir dans l\u2019immobilier locatif r\u00e9sidentiel au Luxembourg est un bon moyen pour pr\u00e9parer sa retraite ou se constituer un patrimoine.\",\"breadcrumb\":{\"@id\":\"https:\\\/\\\/www.athome.lu\\\/blog\\\/louer\\\/bailleurs\\\/investissement-locatif-assurer-vos-loyers\\\/#breadcrumb\"},\"inLanguage\":\"fr-FR\",\"potentialAction\":[{\"@type\":\"ReadAction\",\"target\":[\"https:\\\/\\\/www.athome.lu\\\/blog\\\/louer\\\/bailleurs\\\/investissement-locatif-assurer-vos-loyers\\\/\"]}]},{\"@type\":\"ImageObject\",\"inLanguage\":\"fr-FR\",\"@id\":\"https:\\\/\\\/www.athome.lu\\\/blog\\\/louer\\\/bailleurs\\\/investissement-locatif-assurer-vos-loyers\\\/#primaryimage\",\"url\":\"https:\\\/\\\/www.athome.lu\\\/blog\\\/wp-content\\\/uploads\\\/2017\\\/11\\\/neuf-facade-1200.jpg\",\"contentUrl\":\"https:\\\/\\\/www.athome.lu\\\/blog\\\/wp-content\\\/uploads\\\/2017\\\/11\\\/neuf-facade-1200.jpg\",\"width\":1200,\"height\":800,\"caption\":\"Fa\u00e7ade immeuble\"},{\"@type\":\"BreadcrumbList\",\"@id\":\"https:\\\/\\\/www.athome.lu\\\/blog\\\/louer\\\/bailleurs\\\/investissement-locatif-assurer-vos-loyers\\\/#breadcrumb\",\"itemListElement\":[{\"@type\":\"ListItem\",\"position\":1,\"name\":\"Accueil\",\"item\":\"https:\\\/\\\/www.athome.lu\\\/blog\\\/\"},{\"@type\":\"ListItem\",\"position\":2,\"name\":\"Louer\",\"item\":\"https:\\\/\\\/www.athome.lu\\\/blog\\\/category\\\/louer\\\/\"},{\"@type\":\"ListItem\",\"position\":3,\"name\":\"Bailleurs\",\"item\":\"https:\\\/\\\/www.athome.lu\\\/blog\\\/category\\\/louer\\\/bailleurs\\\/\"},{\"@type\":\"ListItem\",\"position\":4,\"name\":\"Investissement locatif : assurer vos loyers\"}]},{\"@type\":\"WebSite\",\"@id\":\"https:\\\/\\\/www.athome.lu\\\/blog\\\/#website\",\"url\":\"https:\\\/\\\/www.athome.lu\\\/blog\\\/\",\"name\":\"atHome Blog\",\"description\":\"Annonces immobili\u00e8res au Luxembourg. Le portail immobilier n\u00b01 au Luxembourg.\",\"potentialAction\":[{\"@type\":\"SearchAction\",\"target\":{\"@type\":\"EntryPoint\",\"urlTemplate\":\"https:\\\/\\\/www.athome.lu\\\/blog\\\/?s={search_term_string}\"},\"query-input\":{\"@type\":\"PropertyValueSpecification\",\"valueRequired\":true,\"valueName\":\"search_term_string\"}}],\"inLanguage\":\"fr-FR\"},{\"@type\":\"Person\",\"@id\":\"https:\\\/\\\/www.athome.lu\\\/blog\\\/#\\\/schema\\\/person\\\/47f7a38089f837e792876ceddc4cb2dc\",\"name\":\"Fanny Pimentel\",\"image\":{\"@type\":\"ImageObject\",\"inLanguage\":\"fr-FR\",\"@id\":\"https:\\\/\\\/secure.gravatar.com\\\/avatar\\\/c60b27b93851dc9503f9cc9150e73dcb0a86ba6150657e5e4b11d988400bc633?s=96&d=mm&r=g\",\"url\":\"https:\\\/\\\/secure.gravatar.com\\\/avatar\\\/c60b27b93851dc9503f9cc9150e73dcb0a86ba6150657e5e4b11d988400bc633?s=96&d=mm&r=g\",\"contentUrl\":\"https:\\\/\\\/secure.gravatar.com\\\/avatar\\\/c60b27b93851dc9503f9cc9150e73dcb0a86ba6150657e5e4b11d988400bc633?s=96&d=mm&r=g\",\"caption\":\"Fanny Pimentel\"}}]}<\/script>\n<!-- \/ Yoast SEO plugin. -->","yoast_head_json":{"title":"Investissement locatif : assurer vos loyers - atHome Blog","description":"Investir dans l\u2019immobilier locatif r\u00e9sidentiel au Luxembourg est un bon moyen pour pr\u00e9parer sa retraite ou se constituer un patrimoine.","robots":{"index":"index","follow":"follow","max-snippet":"max-snippet:-1","max-image-preview":"max-image-preview:large","max-video-preview":"max-video-preview:-1"},"canonical":"https:\/\/www.athome.lu\/blog\/louer\/bailleurs\/investissement-locatif-assurer-vos-loyers\/","og_locale":"fr_FR","og_type":"article","og_title":"Investissement locatif : assurer vos loyers - atHome Blog","og_description":"Investir dans l\u2019immobilier locatif r\u00e9sidentiel au Luxembourg est un bon moyen pour pr\u00e9parer sa retraite ou se constituer un patrimoine.","og_url":"https:\/\/www.athome.lu\/blog\/louer\/bailleurs\/investissement-locatif-assurer-vos-loyers\/","og_site_name":"atHome Blog","article_publisher":"https:\/\/www.facebook.com\/atHome.lu\/","article_published_time":"2019-10-01T12:55:24+00:00","article_modified_time":"2024-08-05T08:10:06+00:00","og_image":[{"width":1200,"height":800,"url":"https:\/\/www.athome.lu\/blog\/wp-content\/uploads\/2017\/11\/neuf-facade-1200.jpg","type":"image\/jpeg"}],"author":"Fanny Pimentel","twitter_card":"summary_large_image","twitter_creator":"@athomelu","twitter_site":"@athomelu","twitter_misc":{"\u00c9crit par":"Fanny Pimentel","Dur\u00e9e de lecture estim\u00e9e":"4 minutes"},"schema":{"@context":"https:\/\/schema.org","@graph":[{"@type":"Article","@id":"https:\/\/www.athome.lu\/blog\/louer\/bailleurs\/investissement-locatif-assurer-vos-loyers\/#article","isPartOf":{"@id":"https:\/\/www.athome.lu\/blog\/louer\/bailleurs\/investissement-locatif-assurer-vos-loyers\/"},"author":{"name":"Fanny Pimentel","@id":"https:\/\/www.athome.lu\/blog\/#\/schema\/person\/47f7a38089f837e792876ceddc4cb2dc"},"headline":"Investissement locatif : assurer vos loyers","datePublished":"2019-10-01T12:55:24+00:00","dateModified":"2024-08-05T08:10:06+00:00","mainEntityOfPage":{"@id":"https:\/\/www.athome.lu\/blog\/louer\/bailleurs\/investissement-locatif-assurer-vos-loyers\/"},"wordCount":851,"image":{"@id":"https:\/\/www.athome.lu\/blog\/louer\/bailleurs\/investissement-locatif-assurer-vos-loyers\/#primaryimage"},"thumbnailUrl":"https:\/\/www.athome.lu\/blog\/wp-content\/uploads\/2017\/11\/neuf-facade-1200.jpg","articleSection":["Bailleurs"],"inLanguage":"fr-FR"},{"@type":"WebPage","@id":"https:\/\/www.athome.lu\/blog\/louer\/bailleurs\/investissement-locatif-assurer-vos-loyers\/","url":"https:\/\/www.athome.lu\/blog\/louer\/bailleurs\/investissement-locatif-assurer-vos-loyers\/","name":"Investissement locatif : assurer vos loyers - atHome Blog","isPartOf":{"@id":"https:\/\/www.athome.lu\/blog\/#website"},"primaryImageOfPage":{"@id":"https:\/\/www.athome.lu\/blog\/louer\/bailleurs\/investissement-locatif-assurer-vos-loyers\/#primaryimage"},"image":{"@id":"https:\/\/www.athome.lu\/blog\/louer\/bailleurs\/investissement-locatif-assurer-vos-loyers\/#primaryimage"},"thumbnailUrl":"https:\/\/www.athome.lu\/blog\/wp-content\/uploads\/2017\/11\/neuf-facade-1200.jpg","datePublished":"2019-10-01T12:55:24+00:00","dateModified":"2024-08-05T08:10:06+00:00","author":{"@id":"https:\/\/www.athome.lu\/blog\/#\/schema\/person\/47f7a38089f837e792876ceddc4cb2dc"},"description":"Investir dans l\u2019immobilier locatif r\u00e9sidentiel au Luxembourg est un bon moyen pour pr\u00e9parer sa retraite ou se constituer un patrimoine.","breadcrumb":{"@id":"https:\/\/www.athome.lu\/blog\/louer\/bailleurs\/investissement-locatif-assurer-vos-loyers\/#breadcrumb"},"inLanguage":"fr-FR","potentialAction":[{"@type":"ReadAction","target":["https:\/\/www.athome.lu\/blog\/louer\/bailleurs\/investissement-locatif-assurer-vos-loyers\/"]}]},{"@type":"ImageObject","inLanguage":"fr-FR","@id":"https:\/\/www.athome.lu\/blog\/louer\/bailleurs\/investissement-locatif-assurer-vos-loyers\/#primaryimage","url":"https:\/\/www.athome.lu\/blog\/wp-content\/uploads\/2017\/11\/neuf-facade-1200.jpg","contentUrl":"https:\/\/www.athome.lu\/blog\/wp-content\/uploads\/2017\/11\/neuf-facade-1200.jpg","width":1200,"height":800,"caption":"Fa\u00e7ade immeuble"},{"@type":"BreadcrumbList","@id":"https:\/\/www.athome.lu\/blog\/louer\/bailleurs\/investissement-locatif-assurer-vos-loyers\/#breadcrumb","itemListElement":[{"@type":"ListItem","position":1,"name":"Accueil","item":"https:\/\/www.athome.lu\/blog\/"},{"@type":"ListItem","position":2,"name":"Louer","item":"https:\/\/www.athome.lu\/blog\/category\/louer\/"},{"@type":"ListItem","position":3,"name":"Bailleurs","item":"https:\/\/www.athome.lu\/blog\/category\/louer\/bailleurs\/"},{"@type":"ListItem","position":4,"name":"Investissement locatif : assurer vos loyers"}]},{"@type":"WebSite","@id":"https:\/\/www.athome.lu\/blog\/#website","url":"https:\/\/www.athome.lu\/blog\/","name":"atHome Blog","description":"Annonces immobili\u00e8res au Luxembourg. Le portail immobilier n\u00b01 au Luxembourg.","potentialAction":[{"@type":"SearchAction","target":{"@type":"EntryPoint","urlTemplate":"https:\/\/www.athome.lu\/blog\/?s={search_term_string}"},"query-input":{"@type":"PropertyValueSpecification","valueRequired":true,"valueName":"search_term_string"}}],"inLanguage":"fr-FR"},{"@type":"Person","@id":"https:\/\/www.athome.lu\/blog\/#\/schema\/person\/47f7a38089f837e792876ceddc4cb2dc","name":"Fanny Pimentel","image":{"@type":"ImageObject","inLanguage":"fr-FR","@id":"https:\/\/secure.gravatar.com\/avatar\/c60b27b93851dc9503f9cc9150e73dcb0a86ba6150657e5e4b11d988400bc633?s=96&d=mm&r=g","url":"https:\/\/secure.gravatar.com\/avatar\/c60b27b93851dc9503f9cc9150e73dcb0a86ba6150657e5e4b11d988400bc633?s=96&d=mm&r=g","contentUrl":"https:\/\/secure.gravatar.com\/avatar\/c60b27b93851dc9503f9cc9150e73dcb0a86ba6150657e5e4b11d988400bc633?s=96&d=mm&r=g","caption":"Fanny Pimentel"}}]}},"featured_media_src_url":"https:\/\/www.athome.lu\/blog\/wp-content\/uploads\/2017\/11\/neuf-facade-1200-1024x683.jpg","_links":{"self":[{"href":"https:\/\/www.athome.lu\/blog\/wp-json\/wp\/v2\/posts\/12339","targetHints":{"allow":["GET"]}}],"collection":[{"href":"https:\/\/www.athome.lu\/blog\/wp-json\/wp\/v2\/posts"}],"about":[{"href":"https:\/\/www.athome.lu\/blog\/wp-json\/wp\/v2\/types\/post"}],"author":[{"embeddable":true,"href":"https:\/\/www.athome.lu\/blog\/wp-json\/wp\/v2\/users\/17"}],"replies":[{"embeddable":true,"href":"https:\/\/www.athome.lu\/blog\/wp-json\/wp\/v2\/comments?post=12339"}],"version-history":[{"count":2,"href":"https:\/\/www.athome.lu\/blog\/wp-json\/wp\/v2\/posts\/12339\/revisions"}],"predecessor-version":[{"id":15030,"href":"https:\/\/www.athome.lu\/blog\/wp-json\/wp\/v2\/posts\/12339\/revisions\/15030"}],"wp:featuredmedia":[{"embeddable":true,"href":"https:\/\/www.athome.lu\/blog\/wp-json\/wp\/v2\/media\/10581"}],"wp:attachment":[{"href":"https:\/\/www.athome.lu\/blog\/wp-json\/wp\/v2\/media?parent=12339"}],"wp:term":[{"taxonomy":"category","embeddable":true,"href":"https:\/\/www.athome.lu\/blog\/wp-json\/wp\/v2\/categories?post=12339"},{"taxonomy":"post_tag","embeddable":true,"href":"https:\/\/www.athome.lu\/blog\/wp-json\/wp\/v2\/tags?post=12339"}],"curies":[{"name":"wp","href":"https:\/\/api.w.org\/{rel}","templated":true}]}}