{"id":12419,"date":"2019-10-16T12:55:10","date_gmt":"2019-10-16T11:55:10","guid":{"rendered":"https:\/\/www.athome.lu\/blog\/?p=12419"},"modified":"2022-05-11T15:11:45","modified_gmt":"2022-05-11T13:11:45","slug":"le-marche-immobilier-dans-lest-du-luxembourg","status":"publish","type":"post","link":"https:\/\/www.athome.lu\/blog\/marche-immobilier\/prix\/le-marche-immobilier-dans-lest-du-luxembourg\/","title":{"rendered":"Le march\u00e9 immobilier dans l'Est du Luxembourg"},"content":{"rendered":"\n<p><span style=\"color: #000000;\">Si les prix immobiliers battent tous les records dans le centre du pays et plus particuli\u00e8rement dans la capitale, il est possible de se loger pour un budget inf\u00e9rieur en s\u2019\u00e9loignant de Luxembourg-ville. C\u2019est notamment le cas en choisissant de s\u2019installer dans une autre r\u00e9gion du pays. Aujourd\u2019hui, nous vous proposons de mettre le cap \u00e0 l\u2019Est pour un point sur le march\u00e9 immobilier.<\/span><\/p>\n\n\n\n<h2 class=\"wp-block-heading\"><span style=\"color: #000000;\"><strong>Quelle tendance pour l\u2019immobilier \u00e0 l\u2019Est&nbsp;?<\/strong><\/span><\/h2>\n\n\n\n<p><span style=\"color: #000000;\">Dans l\u2019Est du pays, les prix immobiliers ont \u00e9volu\u00e9 de mani\u00e8re mod\u00e9r\u00e9e au cours des 6 derniers mois apr\u00e8s avoir subi une forte augmentation sur le semestre pr\u00e9c\u00e9dent. Les prix avaient alors progress\u00e9 de +8%.<\/span><\/p>\n\n\n\n<p><span style=\"color: #000000;\">Aujourd\u2019hui, le budget moyen s\u2019\u00e9tablit \u00e0 454 338 euros pour un appartement et \u00e0 791 634 euros pour une maison. Globalement, les prix pratiqu\u00e9s se rapprochent de la moyenne nationale mais restent tout de m\u00eame 6% inf\u00e9rieurs.<\/span><\/p>\n\n\n\n<p><span style=\"color: #000000;\">En termes de location, les prix des loyers sont \u00ab bon march\u00e9 \u00bb dans l\u2019Est du Grand-Duch\u00e9. Pour un appartement, il faut compter en moyenne 1 215 euros de loyer et pour une maison le prix s\u2019\u00e9l\u00e8ve \u00e0 2 350 euros\/mois.<\/span><\/p>\n\n\n\n<h2 class=\"wp-block-heading\"><span style=\"color: #000000;\"><strong>Les prix des appartements dans l\u2019Est du Luxembourg<\/strong><\/span><\/h2>\n\n\n\n<p><span style=\"color: #000000;\">En septembre 2019, le prix moyen d\u2019un appartement dans l\u2019Est du pays est de 454 338 euros, soit une hausse de 3% sur les 6 derniers mois.<\/span><\/p>\n\n\n\n<p><span style=\"color: #000000;\">Dans cette r\u00e9gion, les appartements ne repr\u00e9sentent qu\u2019un tiers de l\u2019offre et se vendent aux alentours de 5 328 \u20ac \/m2.<\/span><\/p>\n\n\n\n<blockquote class=\"wp-block-quote is-layout-flow wp-block-quote-is-layout-flow\"><p><span style=\"color: #000000;\">48% des appartements en vente dans la r\u00e9gion sont des logements de 2 chambres, de 90 m2 en moyenne<\/span><\/p><\/blockquote>\n\n\n\n<p><span style=\"color: #000000;\">A l\u2019Est du Grand-Duch\u00e9, c\u2019est Grevenmacher qui est la commune la plus recherch\u00e9e par les internautes sur atHome.lu, viennent ensuite Echternach et Mondorf-les-Bains.<\/span><\/p>\n\n\n\n<h2 class=\"wp-block-heading\"><span style=\"color: #000000;\"><strong>Les prix des maisons dans l\u2019Est du Luxembourg<\/strong><\/span><\/h2>\n\n\n\n<p><span style=\"color: #000000;\">Les prix des maisons ont augment\u00e9 de 4% sur le semestre \u00e9coul\u00e9 \u00e0 l\u2019Est du Luxembourg. Aujourd\u2019hui, le budget moyen pour acqu\u00e9rir ce type de bien est de 791 634 euros, soit 4 207 \u20ac\/m2.<\/span><\/p>\n\n\n\n<blockquote class=\"wp-block-quote is-layout-flow wp-block-quote-is-layout-flow\"><p><span style=\"color: #000000;\">Dans cette r\u00e9gion les maisons sont grandes, en moyenne 193 m2. Elles conviennent parfaitement pour les familles&nbsp;<\/span><\/p><\/blockquote>\n\n\n\n<p><span style=\"color: #000000;\">Si l\u2019on regarde plus en d\u00e9tails les prix, on note que Mondorf-les-Bains est la commune la plus ch\u00e8re de cette r\u00e9gion avec un prix au m\u00e8tre carr\u00e9 de 6 176 euros.<\/span><\/p>\n\n\n\n<p><span style=\"color: #000000;\">Notons enfin, que dans cette r\u00e9gion l\u2019offre immobili\u00e8re est plut\u00f4t faible, en particulier pour la vente de biens immobilier. Il reste toutefois de beaux investissements \u00e0 faire que ce soit dans l\u2019ancien ou le neuf.<\/span><\/p>\n\n\n<section id=\"section-3-14695\" class=\" ct-section\" ><div class=\"ct-section-inner-wrap\"><div id=\"div_block-4-14695\" class=\"ct-div-block\" ><div id=\"new_columns-7-14695\" class=\"ct-new-columns\" ><div id=\"div_block-8-14695\" class=\"ct-div-block\" ><div id=\"div_block-14-14695\" class=\"ct-div-block\" ><\/div><\/div><div id=\"div_block-9-14695\" class=\"ct-div-block\" ><h1 id=\"headline-11-14695\" class=\"ct-headline\">Quels sont les prix de l'immobilier en ce moment ?<\/h1><div id=\"text_block-12-14695\" class=\"ct-text-block\" >Les prix ralentissent. Les taux d'int\u00e9r\u00eat augmentent. Quelles tendances pour les mois \u00e0 venir ?<\/div><a id=\"link_button-13-14695\" class=\"ct-link-button\" href=\"https:\/\/www.athome.lu\/blog\/blog\/marche-immobilier\/prix\/tendances-2022\/\" target=\"_blank\"  >Lire l'analyse<\/a><\/div><\/div><\/div><\/div><\/section>","protected":false},"excerpt":{"rendered":"<p>Si les prix immobiliers battent tous les records dans le centre du pays et plus particuli\u00e8rement dans la capitale, il est possible de se loger pour un budget inf\u00e9rieur en s\u2019\u00e9loignant de Luxembourg-ville. C\u2019est notamment le cas en choisissant de s\u2019installer dans une autre r\u00e9gion du pays. Aujourd\u2019hui, nous vous proposons de mettre le cap [&hellip;]<\/p>\n","protected":false},"author":17,"featured_media":12421,"comment_status":"closed","ping_status":"open","sticky":false,"template":"","format":"standard","meta":{"_acf_changed":false,"footnotes":""},"categories":[219],"tags":[30,97,32],"class_list":["post-12419","post","type-post","status-publish","format-standard","has-post-thumbnail","hentry","category-prix","tag-achat","tag-est","tag-prix"],"acf":[],"yoast_head":"<!-- This site is optimized with the Yoast SEO plugin v27.4 - https:\/\/yoast.com\/product\/yoast-seo-wordpress\/ -->\n<title>Le march\u00e9 immobilier dans l&#039;Est du Luxembourg - atHome Blog<\/title>\n<meta name=\"description\" content=\"Dans l\u2019Est du pays, les prix immobiliers ont \u00e9volu\u00e9 de mani\u00e8re mod\u00e9r\u00e9e au cours des 6 derniers \u25b7 Le point sur le march\u00e9 immobilier dans l&#039;Est du Luxembourg\" \/>\n<meta name=\"robots\" content=\"index, follow, max-snippet:-1, max-image-preview:large, max-video-preview:-1\" \/>\n<link rel=\"canonical\" href=\"https:\/\/www.athome.lu\/blog\/marche-immobilier\/prix\/le-marche-immobilier-dans-lest-du-luxembourg\/\" \/>\n<meta property=\"og:locale\" content=\"fr_FR\" \/>\n<meta property=\"og:type\" content=\"article\" \/>\n<meta property=\"og:title\" content=\"Le march\u00e9 immobilier dans l&#039;Est du Luxembourg - atHome Blog\" \/>\n<meta property=\"og:description\" content=\"Dans l\u2019Est du pays, les prix immobiliers ont \u00e9volu\u00e9 de mani\u00e8re mod\u00e9r\u00e9e au cours des 6 derniers \u25b7 Le point sur le march\u00e9 immobilier dans l&#039;Est du Luxembourg\" \/>\n<meta property=\"og:url\" content=\"https:\/\/www.athome.lu\/blog\/marche-immobilier\/prix\/le-marche-immobilier-dans-lest-du-luxembourg\/\" \/>\n<meta property=\"og:site_name\" content=\"atHome Blog\" \/>\n<meta property=\"article:publisher\" content=\"https:\/\/www.facebook.com\/atHome.lu\/\" \/>\n<meta property=\"article:published_time\" content=\"2019-10-16T11:55:10+00:00\" \/>\n<meta property=\"article:modified_time\" content=\"2022-05-11T13:11:45+00:00\" \/>\n<meta property=\"og:image\" content=\"https:\/\/www.athome.lu\/blog\/wp-content\/uploads\/2019\/10\/remich2-1200.jpg\" \/>\n\t<meta property=\"og:image:width\" content=\"1200\" \/>\n\t<meta property=\"og:image:height\" content=\"800\" \/>\n\t<meta property=\"og:image:type\" content=\"image\/jpeg\" \/>\n<meta name=\"author\" content=\"Fanny Pimentel\" \/>\n<meta name=\"twitter:card\" content=\"summary_large_image\" \/>\n<meta name=\"twitter:creator\" content=\"@athomelu\" \/>\n<meta name=\"twitter:site\" content=\"@athomelu\" \/>\n<meta name=\"twitter:label1\" content=\"\u00c9crit par\" \/>\n\t<meta name=\"twitter:data1\" content=\"Fanny Pimentel\" \/>\n\t<meta name=\"twitter:label2\" content=\"Dur\u00e9e de lecture estim\u00e9e\" \/>\n\t<meta name=\"twitter:data2\" content=\"3 minutes\" \/>\n<script type=\"application\/ld+json\" class=\"yoast-schema-graph\">{\"@context\":\"https:\\\/\\\/schema.org\",\"@graph\":[{\"@type\":\"Article\",\"@id\":\"https:\\\/\\\/www.athome.lu\\\/blog\\\/marche-immobilier\\\/prix\\\/le-marche-immobilier-dans-lest-du-luxembourg\\\/#article\",\"isPartOf\":{\"@id\":\"https:\\\/\\\/www.athome.lu\\\/blog\\\/marche-immobilier\\\/prix\\\/le-marche-immobilier-dans-lest-du-luxembourg\\\/\"},\"author\":{\"name\":\"Fanny Pimentel\",\"@id\":\"https:\\\/\\\/www.athome.lu\\\/blog\\\/#\\\/schema\\\/person\\\/47f7a38089f837e792876ceddc4cb2dc\"},\"headline\":\"Le march\u00e9 immobilier dans l'Est du Luxembourg\",\"datePublished\":\"2019-10-16T11:55:10+00:00\",\"dateModified\":\"2022-05-11T13:11:45+00:00\",\"mainEntityOfPage\":{\"@id\":\"https:\\\/\\\/www.athome.lu\\\/blog\\\/marche-immobilier\\\/prix\\\/le-marche-immobilier-dans-lest-du-luxembourg\\\/\"},\"wordCount\":430,\"image\":{\"@id\":\"https:\\\/\\\/www.athome.lu\\\/blog\\\/marche-immobilier\\\/prix\\\/le-marche-immobilier-dans-lest-du-luxembourg\\\/#primaryimage\"},\"thumbnailUrl\":\"https:\\\/\\\/www.athome.lu\\\/blog\\\/wp-content\\\/uploads\\\/2019\\\/10\\\/remich2-1200.jpg\",\"keywords\":[\"Achat\",\"Est\",\"Prix\"],\"articleSection\":[\"Prix\"],\"inLanguage\":\"fr-FR\"},{\"@type\":\"WebPage\",\"@id\":\"https:\\\/\\\/www.athome.lu\\\/blog\\\/marche-immobilier\\\/prix\\\/le-marche-immobilier-dans-lest-du-luxembourg\\\/\",\"url\":\"https:\\\/\\\/www.athome.lu\\\/blog\\\/marche-immobilier\\\/prix\\\/le-marche-immobilier-dans-lest-du-luxembourg\\\/\",\"name\":\"Le march\u00e9 immobilier dans l'Est du Luxembourg - atHome Blog\",\"isPartOf\":{\"@id\":\"https:\\\/\\\/www.athome.lu\\\/blog\\\/#website\"},\"primaryImageOfPage\":{\"@id\":\"https:\\\/\\\/www.athome.lu\\\/blog\\\/marche-immobilier\\\/prix\\\/le-marche-immobilier-dans-lest-du-luxembourg\\\/#primaryimage\"},\"image\":{\"@id\":\"https:\\\/\\\/www.athome.lu\\\/blog\\\/marche-immobilier\\\/prix\\\/le-marche-immobilier-dans-lest-du-luxembourg\\\/#primaryimage\"},\"thumbnailUrl\":\"https:\\\/\\\/www.athome.lu\\\/blog\\\/wp-content\\\/uploads\\\/2019\\\/10\\\/remich2-1200.jpg\",\"datePublished\":\"2019-10-16T11:55:10+00:00\",\"dateModified\":\"2022-05-11T13:11:45+00:00\",\"author\":{\"@id\":\"https:\\\/\\\/www.athome.lu\\\/blog\\\/#\\\/schema\\\/person\\\/47f7a38089f837e792876ceddc4cb2dc\"},\"description\":\"Dans l\u2019Est du pays, les prix immobiliers ont \u00e9volu\u00e9 de mani\u00e8re mod\u00e9r\u00e9e au cours des 6 derniers \u25b7 Le point sur le march\u00e9 immobilier dans l'Est du Luxembourg\",\"breadcrumb\":{\"@id\":\"https:\\\/\\\/www.athome.lu\\\/blog\\\/marche-immobilier\\\/prix\\\/le-marche-immobilier-dans-lest-du-luxembourg\\\/#breadcrumb\"},\"inLanguage\":\"fr-FR\",\"potentialAction\":[{\"@type\":\"ReadAction\",\"target\":[\"https:\\\/\\\/www.athome.lu\\\/blog\\\/marche-immobilier\\\/prix\\\/le-marche-immobilier-dans-lest-du-luxembourg\\\/\"]}]},{\"@type\":\"ImageObject\",\"inLanguage\":\"fr-FR\",\"@id\":\"https:\\\/\\\/www.athome.lu\\\/blog\\\/marche-immobilier\\\/prix\\\/le-marche-immobilier-dans-lest-du-luxembourg\\\/#primaryimage\",\"url\":\"https:\\\/\\\/www.athome.lu\\\/blog\\\/wp-content\\\/uploads\\\/2019\\\/10\\\/remich2-1200.jpg\",\"contentUrl\":\"https:\\\/\\\/www.athome.lu\\\/blog\\\/wp-content\\\/uploads\\\/2019\\\/10\\\/remich2-1200.jpg\",\"width\":1200,\"height\":800,\"caption\":\"Luxembourg : le march\u00e9 immobilier dans l'Est\"},{\"@type\":\"BreadcrumbList\",\"@id\":\"https:\\\/\\\/www.athome.lu\\\/blog\\\/marche-immobilier\\\/prix\\\/le-marche-immobilier-dans-lest-du-luxembourg\\\/#breadcrumb\",\"itemListElement\":[{\"@type\":\"ListItem\",\"position\":1,\"name\":\"Accueil\",\"item\":\"https:\\\/\\\/www.athome.lu\\\/blog\\\/\"},{\"@type\":\"ListItem\",\"position\":2,\"name\":\"March\u00e9 immobilier\",\"item\":\"https:\\\/\\\/www.athome.lu\\\/blog\\\/category\\\/marche-immobilier\\\/\"},{\"@type\":\"ListItem\",\"position\":3,\"name\":\"Prix\",\"item\":\"https:\\\/\\\/www.athome.lu\\\/blog\\\/category\\\/marche-immobilier\\\/prix\\\/\"},{\"@type\":\"ListItem\",\"position\":4,\"name\":\"Le march\u00e9 immobilier dans l'Est du Luxembourg\"}]},{\"@type\":\"WebSite\",\"@id\":\"https:\\\/\\\/www.athome.lu\\\/blog\\\/#website\",\"url\":\"https:\\\/\\\/www.athome.lu\\\/blog\\\/\",\"name\":\"atHome Blog\",\"description\":\"Annonces immobili\u00e8res au Luxembourg. Le portail immobilier n\u00b01 au Luxembourg.\",\"potentialAction\":[{\"@type\":\"SearchAction\",\"target\":{\"@type\":\"EntryPoint\",\"urlTemplate\":\"https:\\\/\\\/www.athome.lu\\\/blog\\\/?s={search_term_string}\"},\"query-input\":{\"@type\":\"PropertyValueSpecification\",\"valueRequired\":true,\"valueName\":\"search_term_string\"}}],\"inLanguage\":\"fr-FR\"},{\"@type\":\"Person\",\"@id\":\"https:\\\/\\\/www.athome.lu\\\/blog\\\/#\\\/schema\\\/person\\\/47f7a38089f837e792876ceddc4cb2dc\",\"name\":\"Fanny Pimentel\",\"image\":{\"@type\":\"ImageObject\",\"inLanguage\":\"fr-FR\",\"@id\":\"https:\\\/\\\/secure.gravatar.com\\\/avatar\\\/c60b27b93851dc9503f9cc9150e73dcb0a86ba6150657e5e4b11d988400bc633?s=96&d=mm&r=g\",\"url\":\"https:\\\/\\\/secure.gravatar.com\\\/avatar\\\/c60b27b93851dc9503f9cc9150e73dcb0a86ba6150657e5e4b11d988400bc633?s=96&d=mm&r=g\",\"contentUrl\":\"https:\\\/\\\/secure.gravatar.com\\\/avatar\\\/c60b27b93851dc9503f9cc9150e73dcb0a86ba6150657e5e4b11d988400bc633?s=96&d=mm&r=g\",\"caption\":\"Fanny Pimentel\"}}]}<\/script>\n<!-- \/ Yoast SEO plugin. -->","yoast_head_json":{"title":"Le march\u00e9 immobilier dans l'Est du Luxembourg - atHome Blog","description":"Dans l\u2019Est du pays, les prix immobiliers ont \u00e9volu\u00e9 de mani\u00e8re mod\u00e9r\u00e9e au cours des 6 derniers \u25b7 Le point sur le march\u00e9 immobilier dans l'Est du Luxembourg","robots":{"index":"index","follow":"follow","max-snippet":"max-snippet:-1","max-image-preview":"max-image-preview:large","max-video-preview":"max-video-preview:-1"},"canonical":"https:\/\/www.athome.lu\/blog\/marche-immobilier\/prix\/le-marche-immobilier-dans-lest-du-luxembourg\/","og_locale":"fr_FR","og_type":"article","og_title":"Le march\u00e9 immobilier dans l'Est du Luxembourg - atHome Blog","og_description":"Dans l\u2019Est du pays, les prix immobiliers ont \u00e9volu\u00e9 de mani\u00e8re mod\u00e9r\u00e9e au cours des 6 derniers \u25b7 Le point sur le march\u00e9 immobilier dans l'Est du Luxembourg","og_url":"https:\/\/www.athome.lu\/blog\/marche-immobilier\/prix\/le-marche-immobilier-dans-lest-du-luxembourg\/","og_site_name":"atHome Blog","article_publisher":"https:\/\/www.facebook.com\/atHome.lu\/","article_published_time":"2019-10-16T11:55:10+00:00","article_modified_time":"2022-05-11T13:11:45+00:00","og_image":[{"width":1200,"height":800,"url":"https:\/\/www.athome.lu\/blog\/wp-content\/uploads\/2019\/10\/remich2-1200.jpg","type":"image\/jpeg"}],"author":"Fanny Pimentel","twitter_card":"summary_large_image","twitter_creator":"@athomelu","twitter_site":"@athomelu","twitter_misc":{"\u00c9crit par":"Fanny Pimentel","Dur\u00e9e de lecture estim\u00e9e":"3 minutes"},"schema":{"@context":"https:\/\/schema.org","@graph":[{"@type":"Article","@id":"https:\/\/www.athome.lu\/blog\/marche-immobilier\/prix\/le-marche-immobilier-dans-lest-du-luxembourg\/#article","isPartOf":{"@id":"https:\/\/www.athome.lu\/blog\/marche-immobilier\/prix\/le-marche-immobilier-dans-lest-du-luxembourg\/"},"author":{"name":"Fanny Pimentel","@id":"https:\/\/www.athome.lu\/blog\/#\/schema\/person\/47f7a38089f837e792876ceddc4cb2dc"},"headline":"Le march\u00e9 immobilier dans l'Est du Luxembourg","datePublished":"2019-10-16T11:55:10+00:00","dateModified":"2022-05-11T13:11:45+00:00","mainEntityOfPage":{"@id":"https:\/\/www.athome.lu\/blog\/marche-immobilier\/prix\/le-marche-immobilier-dans-lest-du-luxembourg\/"},"wordCount":430,"image":{"@id":"https:\/\/www.athome.lu\/blog\/marche-immobilier\/prix\/le-marche-immobilier-dans-lest-du-luxembourg\/#primaryimage"},"thumbnailUrl":"https:\/\/www.athome.lu\/blog\/wp-content\/uploads\/2019\/10\/remich2-1200.jpg","keywords":["Achat","Est","Prix"],"articleSection":["Prix"],"inLanguage":"fr-FR"},{"@type":"WebPage","@id":"https:\/\/www.athome.lu\/blog\/marche-immobilier\/prix\/le-marche-immobilier-dans-lest-du-luxembourg\/","url":"https:\/\/www.athome.lu\/blog\/marche-immobilier\/prix\/le-marche-immobilier-dans-lest-du-luxembourg\/","name":"Le march\u00e9 immobilier dans l'Est du Luxembourg - atHome Blog","isPartOf":{"@id":"https:\/\/www.athome.lu\/blog\/#website"},"primaryImageOfPage":{"@id":"https:\/\/www.athome.lu\/blog\/marche-immobilier\/prix\/le-marche-immobilier-dans-lest-du-luxembourg\/#primaryimage"},"image":{"@id":"https:\/\/www.athome.lu\/blog\/marche-immobilier\/prix\/le-marche-immobilier-dans-lest-du-luxembourg\/#primaryimage"},"thumbnailUrl":"https:\/\/www.athome.lu\/blog\/wp-content\/uploads\/2019\/10\/remich2-1200.jpg","datePublished":"2019-10-16T11:55:10+00:00","dateModified":"2022-05-11T13:11:45+00:00","author":{"@id":"https:\/\/www.athome.lu\/blog\/#\/schema\/person\/47f7a38089f837e792876ceddc4cb2dc"},"description":"Dans l\u2019Est du pays, les prix immobiliers ont \u00e9volu\u00e9 de mani\u00e8re mod\u00e9r\u00e9e au cours des 6 derniers \u25b7 Le point sur le march\u00e9 immobilier dans l'Est du Luxembourg","breadcrumb":{"@id":"https:\/\/www.athome.lu\/blog\/marche-immobilier\/prix\/le-marche-immobilier-dans-lest-du-luxembourg\/#breadcrumb"},"inLanguage":"fr-FR","potentialAction":[{"@type":"ReadAction","target":["https:\/\/www.athome.lu\/blog\/marche-immobilier\/prix\/le-marche-immobilier-dans-lest-du-luxembourg\/"]}]},{"@type":"ImageObject","inLanguage":"fr-FR","@id":"https:\/\/www.athome.lu\/blog\/marche-immobilier\/prix\/le-marche-immobilier-dans-lest-du-luxembourg\/#primaryimage","url":"https:\/\/www.athome.lu\/blog\/wp-content\/uploads\/2019\/10\/remich2-1200.jpg","contentUrl":"https:\/\/www.athome.lu\/blog\/wp-content\/uploads\/2019\/10\/remich2-1200.jpg","width":1200,"height":800,"caption":"Luxembourg : le march\u00e9 immobilier dans l'Est"},{"@type":"BreadcrumbList","@id":"https:\/\/www.athome.lu\/blog\/marche-immobilier\/prix\/le-marche-immobilier-dans-lest-du-luxembourg\/#breadcrumb","itemListElement":[{"@type":"ListItem","position":1,"name":"Accueil","item":"https:\/\/www.athome.lu\/blog\/"},{"@type":"ListItem","position":2,"name":"March\u00e9 immobilier","item":"https:\/\/www.athome.lu\/blog\/category\/marche-immobilier\/"},{"@type":"ListItem","position":3,"name":"Prix","item":"https:\/\/www.athome.lu\/blog\/category\/marche-immobilier\/prix\/"},{"@type":"ListItem","position":4,"name":"Le march\u00e9 immobilier dans l'Est du Luxembourg"}]},{"@type":"WebSite","@id":"https:\/\/www.athome.lu\/blog\/#website","url":"https:\/\/www.athome.lu\/blog\/","name":"atHome Blog","description":"Annonces immobili\u00e8res au Luxembourg. Le portail immobilier n\u00b01 au Luxembourg.","potentialAction":[{"@type":"SearchAction","target":{"@type":"EntryPoint","urlTemplate":"https:\/\/www.athome.lu\/blog\/?s={search_term_string}"},"query-input":{"@type":"PropertyValueSpecification","valueRequired":true,"valueName":"search_term_string"}}],"inLanguage":"fr-FR"},{"@type":"Person","@id":"https:\/\/www.athome.lu\/blog\/#\/schema\/person\/47f7a38089f837e792876ceddc4cb2dc","name":"Fanny Pimentel","image":{"@type":"ImageObject","inLanguage":"fr-FR","@id":"https:\/\/secure.gravatar.com\/avatar\/c60b27b93851dc9503f9cc9150e73dcb0a86ba6150657e5e4b11d988400bc633?s=96&d=mm&r=g","url":"https:\/\/secure.gravatar.com\/avatar\/c60b27b93851dc9503f9cc9150e73dcb0a86ba6150657e5e4b11d988400bc633?s=96&d=mm&r=g","contentUrl":"https:\/\/secure.gravatar.com\/avatar\/c60b27b93851dc9503f9cc9150e73dcb0a86ba6150657e5e4b11d988400bc633?s=96&d=mm&r=g","caption":"Fanny Pimentel"}}]}},"featured_media_src_url":"https:\/\/www.athome.lu\/blog\/wp-content\/uploads\/2019\/10\/remich2-1200-1024x683.jpg","_links":{"self":[{"href":"https:\/\/www.athome.lu\/blog\/wp-json\/wp\/v2\/posts\/12419","targetHints":{"allow":["GET"]}}],"collection":[{"href":"https:\/\/www.athome.lu\/blog\/wp-json\/wp\/v2\/posts"}],"about":[{"href":"https:\/\/www.athome.lu\/blog\/wp-json\/wp\/v2\/types\/post"}],"author":[{"embeddable":true,"href":"https:\/\/www.athome.lu\/blog\/wp-json\/wp\/v2\/users\/17"}],"replies":[{"embeddable":true,"href":"https:\/\/www.athome.lu\/blog\/wp-json\/wp\/v2\/comments?post=12419"}],"version-history":[{"count":2,"href":"https:\/\/www.athome.lu\/blog\/wp-json\/wp\/v2\/posts\/12419\/revisions"}],"predecessor-version":[{"id":15026,"href":"https:\/\/www.athome.lu\/blog\/wp-json\/wp\/v2\/posts\/12419\/revisions\/15026"}],"wp:featuredmedia":[{"embeddable":true,"href":"https:\/\/www.athome.lu\/blog\/wp-json\/wp\/v2\/media\/12421"}],"wp:attachment":[{"href":"https:\/\/www.athome.lu\/blog\/wp-json\/wp\/v2\/media?parent=12419"}],"wp:term":[{"taxonomy":"category","embeddable":true,"href":"https:\/\/www.athome.lu\/blog\/wp-json\/wp\/v2\/categories?post=12419"},{"taxonomy":"post_tag","embeddable":true,"href":"https:\/\/www.athome.lu\/blog\/wp-json\/wp\/v2\/tags?post=12419"}],"curies":[{"name":"wp","href":"https:\/\/api.w.org\/{rel}","templated":true}]}}