{"id":12582,"date":"2020-01-14T09:07:41","date_gmt":"2020-01-14T08:07:41","guid":{"rendered":"https:\/\/www.athome.lu\/blog\/?p=12582"},"modified":"2024-10-16T11:34:19","modified_gmt":"2024-10-16T09:34:19","slug":"votre-appartement-a-t-il-pris-de-la-valeur","status":"publish","type":"post","link":"https:\/\/www.athome.lu\/blog\/vendre\/estimer\/votre-appartement-a-t-il-pris-de-la-valeur\/","title":{"rendered":"Votre appartement a-t-il pris de la valeur\u00a0?"},"content":{"rendered":"\n<p><span style=\"color: #000000;\">Vous avez achet\u00e9 votre appartement il y a plusieurs ann\u00e9es et vous souhaitez maintenant le <a href=\"https:\/\/www.athome.lu\/blog\/vendre\">vendre<\/a>. Mais, au fil des ann\u00e9es, votre logement a-t-il pris de la valeur ? Quel serait le prix de vente aujourd\u2019hui ?<\/span><br><span style=\"color: #000000;\">Avant de vous lancer dans des pronostics, vous devez savoir comment bien estimer votre bien immobilier.<\/span><\/p>\n\n\n\n<h2 class=\"wp-block-heading\"><span style=\"color: #000000;\"><strong>Estimer un appartement&nbsp;: tenir compte du march\u00e9 actuel<\/strong><\/span><\/h2>\n\n\n\n<p><span style=\"color: #000000;\">Afin d\u2019avoir une premi\u00e8re id\u00e9e du prix de votre appartement, il est n\u00e9cessaire de vous renseigner sur le march\u00e9 immobilier dans votre secteur. Pour ce faire, plusieurs options s\u2019offrent \u00e0 vous : r\u00e9f\u00e9rez-vous aux prix de l\u2019immobilier publi\u00e9s dans<a href=\"https:\/\/www.athome.lu\/blog\/blog\/marche-de-limmobilier\/athome-magazine\/\"> atHome Magazine<\/a> ou consultez les annonces sur Internet. En comparant votre appartement avec les annonces similaires publi\u00e9es sur atHome, vous obtiendrez une premi\u00e8re information sur les prix pratiqu\u00e9s dans votre commune pour le type de logement que vous poss\u00e9dez.<\/span><\/p>\n\n\n\n<p><span style=\"color: #000000;\">Bien entendu, de nombreux autres crit\u00e8res vont permettre de d\u00e9terminer puis d\u2019affiner le prix de votre appartement. Car en r\u00e9alit\u00e9 chaque bien poss\u00e8de une valeur qui lui est propre. Heureusement, il existe aujourd\u2019hui des outils d\u2019estimation pour connaitre la valeur d\u2019un logement. Utiliser <a href=\"https:\/\/www.athome.lu\/blog\/vendre\">l'outil d\u2019estimation<\/a> d\u2019atHome vous permettra de recevoir une \u00e9valuation de votre appartement en seulement quelques minutes.<\/span><\/p>\n\n\n\n<h2 class=\"wp-block-heading\"><span style=\"color: #000000;\"><strong>Estimer un appartement&nbsp;: l\u2019\u00e9tat de la copropri\u00e9t\u00e9<\/strong><\/span><\/h2>\n\n\n\n<p><span style=\"color: #000000;\">Dans le cas de la vente d\u2019un appartement, il ne faut pas n\u00e9gliger l\u2019\u00e9tat de la r\u00e9sidence. En effet, tout ce qui touche \u00e0 la copropri\u00e9t\u00e9 va entrer en consid\u00e9ration dans le calcul du prix de votre logement.<\/span><br><span style=\"color: #000000;\">Un ascenseur d\u00e9fectueux ou une fa\u00e7ade d\u00e9fra\u00eechie risque de faire diminuer le prix de vente. A l\u2019inverse, des \u00e9quipements tels qu\u2019un acc\u00e8s hyper s\u00e9curis\u00e9e ou la pr\u00e9sence d\u2019espace vert bien entretenu peuvent influencer le prix vers la hausse.<\/span><\/p>\n\n\n\n<p><span style=\"color: #000000;\">Toujours en lien avec l\u2019immeuble, la performance \u00e9nerg\u00e9tique du b\u00e2timent joue un r\u00f4le dans l\u2019estimation du prix de vente. Concr\u00e8tement, une bonne \u00ab note \u00bb aura un impact positif sur le prix, tandis qu\u2019une valeur \u00e9nerg\u00e9tique faible fera baisser l\u2019\u00e9valuation du bien immobilier. C\u2019est ce qu\u2019on appelle la valeur verte : la variation de la valeur du bien immobilier imputable \u00e0 sa performance \u00e9nerg\u00e9tique.<\/span><\/p>\n\n\n\n<p><span style=\"color: #000000;\">Enfin, notez que l\u2019\u00e9tage o\u00f9 se situe votre appartement aura lui aussi une cons\u00e9quence sur le prix de vente final\u00a0: plus l\u2019appartement se trouve en hauteur et plus le prix augmente.<\/span><\/p>\n\n\n<section id=\"section-3-14695\" class=\" ct-section\" ><div class=\"ct-section-inner-wrap\"><div id=\"div_block-4-14695\" class=\"ct-div-block\" ><div id=\"new_columns-7-14695\" class=\"ct-new-columns\" ><div id=\"div_block-8-14695\" class=\"ct-div-block\" ><div id=\"div_block-14-14695\" class=\"ct-div-block\" ><\/div><\/div><div id=\"div_block-9-14695\" class=\"ct-div-block\" ><h1 id=\"headline-11-14695\" class=\"ct-headline\">Quels sont les prix de l'immobilier en ce moment ?<\/h1><div id=\"text_block-12-14695\" class=\"ct-text-block\" >Les prix ralentissent. Les taux d'int\u00e9r\u00eat augmentent. Quelles tendances pour les mois \u00e0 venir ?<\/div><a id=\"link_button-13-14695\" class=\"ct-link-button\" href=\"https:\/\/www.athome.lu\/blog\/blog\/marche-immobilier\/prix\/tendances-2022\/\" target=\"_blank\"  >Lire l'analyse<\/a><\/div><\/div><\/div><\/div><\/section>","protected":false},"excerpt":{"rendered":"<p>Vous avez achet\u00e9 votre appartement il y a plusieurs ann\u00e9es et vous souhaitez maintenant le vendre. Mais, au fil des ann\u00e9es, votre logement a-t-il pris de la valeur ? Quel serait le prix de vente aujourd\u2019hui ?Avant de vous lancer dans des pronostics, vous devez savoir comment bien estimer votre bien immobilier. Estimer un appartement&nbsp;: [&hellip;]<\/p>\n","protected":false},"author":17,"featured_media":12584,"comment_status":"closed","ping_status":"closed","sticky":false,"template":"","format":"standard","meta":{"_acf_changed":false,"footnotes":""},"categories":[227],"tags":[37],"class_list":["post-12582","post","type-post","status-publish","format-standard","has-post-thumbnail","hentry","category-estimer","tag-vente"],"acf":[],"yoast_head":"<!-- This site is optimized with the Yoast SEO plugin v27.4 - https:\/\/yoast.com\/product\/yoast-seo-wordpress\/ -->\n<title>Votre appartement a-t-il pris de la valeur\u00a0? - atHome Blog<\/title>\n<meta name=\"description\" content=\"Vous avez achet\u00e9 votre appartement il y a plusieurs ann\u00e9es et vous avez d\u00e9cid\u00e9 de vendre ? Mais vous vous demandez quel serait le prix de vente aujourd\u2019hui ? Voici comment estimer votre appartement.\" \/>\n<meta name=\"robots\" content=\"index, follow, max-snippet:-1, max-image-preview:large, max-video-preview:-1\" \/>\n<link rel=\"canonical\" href=\"https:\/\/www.athome.lu\/blog\/vendre\/estimer\/votre-appartement-a-t-il-pris-de-la-valeur\/\" \/>\n<meta property=\"og:locale\" content=\"fr_FR\" \/>\n<meta property=\"og:type\" content=\"article\" \/>\n<meta property=\"og:title\" content=\"Votre appartement a-t-il pris de la valeur\u00a0? - atHome Blog\" \/>\n<meta property=\"og:description\" content=\"Vous avez achet\u00e9 votre appartement il y a plusieurs ann\u00e9es et vous avez d\u00e9cid\u00e9 de vendre ? Mais vous vous demandez quel serait le prix de vente aujourd\u2019hui ? Voici comment estimer votre appartement.\" \/>\n<meta property=\"og:url\" content=\"https:\/\/www.athome.lu\/blog\/vendre\/estimer\/votre-appartement-a-t-il-pris-de-la-valeur\/\" \/>\n<meta property=\"og:site_name\" content=\"atHome Blog\" \/>\n<meta property=\"article:publisher\" content=\"https:\/\/www.facebook.com\/atHome.lu\/\" \/>\n<meta property=\"article:published_time\" content=\"2020-01-14T08:07:41+00:00\" \/>\n<meta property=\"article:modified_time\" content=\"2024-10-16T09:34:19+00:00\" \/>\n<meta property=\"og:image\" content=\"https:\/\/www.athome.lu\/blog\/wp-content\/uploads\/2020\/01\/lamp-4720975_1280.jpg\" \/>\n\t<meta property=\"og:image:width\" content=\"1215\" \/>\n\t<meta property=\"og:image:height\" content=\"811\" \/>\n\t<meta property=\"og:image:type\" content=\"image\/jpeg\" \/>\n<meta name=\"author\" content=\"Fanny Pimentel\" \/>\n<meta name=\"twitter:card\" content=\"summary_large_image\" \/>\n<meta name=\"twitter:creator\" content=\"@athomelu\" \/>\n<meta name=\"twitter:site\" content=\"@athomelu\" \/>\n<meta name=\"twitter:label1\" content=\"\u00c9crit par\" \/>\n\t<meta name=\"twitter:data1\" content=\"Fanny Pimentel\" \/>\n\t<meta name=\"twitter:label2\" content=\"Dur\u00e9e de lecture estim\u00e9e\" \/>\n\t<meta name=\"twitter:data2\" content=\"3 minutes\" \/>\n<script type=\"application\/ld+json\" class=\"yoast-schema-graph\">{\"@context\":\"https:\\\/\\\/schema.org\",\"@graph\":[{\"@type\":\"Article\",\"@id\":\"https:\\\/\\\/www.athome.lu\\\/blog\\\/vendre\\\/estimer\\\/votre-appartement-a-t-il-pris-de-la-valeur\\\/#article\",\"isPartOf\":{\"@id\":\"https:\\\/\\\/www.athome.lu\\\/blog\\\/vendre\\\/estimer\\\/votre-appartement-a-t-il-pris-de-la-valeur\\\/\"},\"author\":{\"name\":\"Fanny Pimentel\",\"@id\":\"https:\\\/\\\/www.athome.lu\\\/blog\\\/#\\\/schema\\\/person\\\/47f7a38089f837e792876ceddc4cb2dc\"},\"headline\":\"Votre appartement a-t-il pris de la valeur\u00a0?\",\"datePublished\":\"2020-01-14T08:07:41+00:00\",\"dateModified\":\"2024-10-16T09:34:19+00:00\",\"mainEntityOfPage\":{\"@id\":\"https:\\\/\\\/www.athome.lu\\\/blog\\\/vendre\\\/estimer\\\/votre-appartement-a-t-il-pris-de-la-valeur\\\/\"},\"wordCount\":436,\"image\":{\"@id\":\"https:\\\/\\\/www.athome.lu\\\/blog\\\/vendre\\\/estimer\\\/votre-appartement-a-t-il-pris-de-la-valeur\\\/#primaryimage\"},\"thumbnailUrl\":\"https:\\\/\\\/www.athome.lu\\\/blog\\\/wp-content\\\/uploads\\\/2020\\\/01\\\/lamp-4720975_1280.jpg\",\"keywords\":[\"Vente\"],\"articleSection\":[\"Estimer\"],\"inLanguage\":\"fr-FR\"},{\"@type\":\"WebPage\",\"@id\":\"https:\\\/\\\/www.athome.lu\\\/blog\\\/vendre\\\/estimer\\\/votre-appartement-a-t-il-pris-de-la-valeur\\\/\",\"url\":\"https:\\\/\\\/www.athome.lu\\\/blog\\\/vendre\\\/estimer\\\/votre-appartement-a-t-il-pris-de-la-valeur\\\/\",\"name\":\"Votre appartement a-t-il pris de la valeur\u00a0? - atHome Blog\",\"isPartOf\":{\"@id\":\"https:\\\/\\\/www.athome.lu\\\/blog\\\/#website\"},\"primaryImageOfPage\":{\"@id\":\"https:\\\/\\\/www.athome.lu\\\/blog\\\/vendre\\\/estimer\\\/votre-appartement-a-t-il-pris-de-la-valeur\\\/#primaryimage\"},\"image\":{\"@id\":\"https:\\\/\\\/www.athome.lu\\\/blog\\\/vendre\\\/estimer\\\/votre-appartement-a-t-il-pris-de-la-valeur\\\/#primaryimage\"},\"thumbnailUrl\":\"https:\\\/\\\/www.athome.lu\\\/blog\\\/wp-content\\\/uploads\\\/2020\\\/01\\\/lamp-4720975_1280.jpg\",\"datePublished\":\"2020-01-14T08:07:41+00:00\",\"dateModified\":\"2024-10-16T09:34:19+00:00\",\"author\":{\"@id\":\"https:\\\/\\\/www.athome.lu\\\/blog\\\/#\\\/schema\\\/person\\\/47f7a38089f837e792876ceddc4cb2dc\"},\"description\":\"Vous avez achet\u00e9 votre appartement il y a plusieurs ann\u00e9es et vous avez d\u00e9cid\u00e9 de vendre ? Mais vous vous demandez quel serait le prix de vente aujourd\u2019hui ? Voici comment estimer votre appartement.\",\"breadcrumb\":{\"@id\":\"https:\\\/\\\/www.athome.lu\\\/blog\\\/vendre\\\/estimer\\\/votre-appartement-a-t-il-pris-de-la-valeur\\\/#breadcrumb\"},\"inLanguage\":\"fr-FR\",\"potentialAction\":[{\"@type\":\"ReadAction\",\"target\":[\"https:\\\/\\\/www.athome.lu\\\/blog\\\/vendre\\\/estimer\\\/votre-appartement-a-t-il-pris-de-la-valeur\\\/\"]}]},{\"@type\":\"ImageObject\",\"inLanguage\":\"fr-FR\",\"@id\":\"https:\\\/\\\/www.athome.lu\\\/blog\\\/vendre\\\/estimer\\\/votre-appartement-a-t-il-pris-de-la-valeur\\\/#primaryimage\",\"url\":\"https:\\\/\\\/www.athome.lu\\\/blog\\\/wp-content\\\/uploads\\\/2020\\\/01\\\/lamp-4720975_1280.jpg\",\"contentUrl\":\"https:\\\/\\\/www.athome.lu\\\/blog\\\/wp-content\\\/uploads\\\/2020\\\/01\\\/lamp-4720975_1280.jpg\",\"width\":1215,\"height\":811,\"caption\":\"Estimer un appartement\"},{\"@type\":\"BreadcrumbList\",\"@id\":\"https:\\\/\\\/www.athome.lu\\\/blog\\\/vendre\\\/estimer\\\/votre-appartement-a-t-il-pris-de-la-valeur\\\/#breadcrumb\",\"itemListElement\":[{\"@type\":\"ListItem\",\"position\":1,\"name\":\"Accueil\",\"item\":\"https:\\\/\\\/www.athome.lu\\\/blog\\\/\"},{\"@type\":\"ListItem\",\"position\":2,\"name\":\"Vendre\",\"item\":\"https:\\\/\\\/www.athome.lu\\\/blog\\\/en\\\/category\\\/sell\\\/\"},{\"@type\":\"ListItem\",\"position\":3,\"name\":\"Estimer\",\"item\":\"https:\\\/\\\/www.athome.lu\\\/blog\\\/category\\\/vendre\\\/estimer\\\/\"},{\"@type\":\"ListItem\",\"position\":4,\"name\":\"Votre appartement a-t-il pris de la valeur\u00a0?\"}]},{\"@type\":\"WebSite\",\"@id\":\"https:\\\/\\\/www.athome.lu\\\/blog\\\/#website\",\"url\":\"https:\\\/\\\/www.athome.lu\\\/blog\\\/\",\"name\":\"atHome Blog\",\"description\":\"Annonces immobili\u00e8res au Luxembourg. Le portail immobilier n\u00b01 au Luxembourg.\",\"potentialAction\":[{\"@type\":\"SearchAction\",\"target\":{\"@type\":\"EntryPoint\",\"urlTemplate\":\"https:\\\/\\\/www.athome.lu\\\/blog\\\/?s={search_term_string}\"},\"query-input\":{\"@type\":\"PropertyValueSpecification\",\"valueRequired\":true,\"valueName\":\"search_term_string\"}}],\"inLanguage\":\"fr-FR\"},{\"@type\":\"Person\",\"@id\":\"https:\\\/\\\/www.athome.lu\\\/blog\\\/#\\\/schema\\\/person\\\/47f7a38089f837e792876ceddc4cb2dc\",\"name\":\"Fanny Pimentel\",\"image\":{\"@type\":\"ImageObject\",\"inLanguage\":\"fr-FR\",\"@id\":\"https:\\\/\\\/secure.gravatar.com\\\/avatar\\\/c60b27b93851dc9503f9cc9150e73dcb0a86ba6150657e5e4b11d988400bc633?s=96&d=mm&r=g\",\"url\":\"https:\\\/\\\/secure.gravatar.com\\\/avatar\\\/c60b27b93851dc9503f9cc9150e73dcb0a86ba6150657e5e4b11d988400bc633?s=96&d=mm&r=g\",\"contentUrl\":\"https:\\\/\\\/secure.gravatar.com\\\/avatar\\\/c60b27b93851dc9503f9cc9150e73dcb0a86ba6150657e5e4b11d988400bc633?s=96&d=mm&r=g\",\"caption\":\"Fanny Pimentel\"}}]}<\/script>\n<!-- \/ Yoast SEO plugin. -->","yoast_head_json":{"title":"Votre appartement a-t-il pris de la valeur\u00a0? - atHome Blog","description":"Vous avez achet\u00e9 votre appartement il y a plusieurs ann\u00e9es et vous avez d\u00e9cid\u00e9 de vendre ? Mais vous vous demandez quel serait le prix de vente aujourd\u2019hui ? Voici comment estimer votre appartement.","robots":{"index":"index","follow":"follow","max-snippet":"max-snippet:-1","max-image-preview":"max-image-preview:large","max-video-preview":"max-video-preview:-1"},"canonical":"https:\/\/www.athome.lu\/blog\/vendre\/estimer\/votre-appartement-a-t-il-pris-de-la-valeur\/","og_locale":"fr_FR","og_type":"article","og_title":"Votre appartement a-t-il pris de la valeur\u00a0? - atHome Blog","og_description":"Vous avez achet\u00e9 votre appartement il y a plusieurs ann\u00e9es et vous avez d\u00e9cid\u00e9 de vendre ? Mais vous vous demandez quel serait le prix de vente aujourd\u2019hui ? Voici comment estimer votre appartement.","og_url":"https:\/\/www.athome.lu\/blog\/vendre\/estimer\/votre-appartement-a-t-il-pris-de-la-valeur\/","og_site_name":"atHome Blog","article_publisher":"https:\/\/www.facebook.com\/atHome.lu\/","article_published_time":"2020-01-14T08:07:41+00:00","article_modified_time":"2024-10-16T09:34:19+00:00","og_image":[{"width":1215,"height":811,"url":"https:\/\/www.athome.lu\/blog\/wp-content\/uploads\/2020\/01\/lamp-4720975_1280.jpg","type":"image\/jpeg"}],"author":"Fanny Pimentel","twitter_card":"summary_large_image","twitter_creator":"@athomelu","twitter_site":"@athomelu","twitter_misc":{"\u00c9crit par":"Fanny Pimentel","Dur\u00e9e de lecture estim\u00e9e":"3 minutes"},"schema":{"@context":"https:\/\/schema.org","@graph":[{"@type":"Article","@id":"https:\/\/www.athome.lu\/blog\/vendre\/estimer\/votre-appartement-a-t-il-pris-de-la-valeur\/#article","isPartOf":{"@id":"https:\/\/www.athome.lu\/blog\/vendre\/estimer\/votre-appartement-a-t-il-pris-de-la-valeur\/"},"author":{"name":"Fanny Pimentel","@id":"https:\/\/www.athome.lu\/blog\/#\/schema\/person\/47f7a38089f837e792876ceddc4cb2dc"},"headline":"Votre appartement a-t-il pris de la valeur\u00a0?","datePublished":"2020-01-14T08:07:41+00:00","dateModified":"2024-10-16T09:34:19+00:00","mainEntityOfPage":{"@id":"https:\/\/www.athome.lu\/blog\/vendre\/estimer\/votre-appartement-a-t-il-pris-de-la-valeur\/"},"wordCount":436,"image":{"@id":"https:\/\/www.athome.lu\/blog\/vendre\/estimer\/votre-appartement-a-t-il-pris-de-la-valeur\/#primaryimage"},"thumbnailUrl":"https:\/\/www.athome.lu\/blog\/wp-content\/uploads\/2020\/01\/lamp-4720975_1280.jpg","keywords":["Vente"],"articleSection":["Estimer"],"inLanguage":"fr-FR"},{"@type":"WebPage","@id":"https:\/\/www.athome.lu\/blog\/vendre\/estimer\/votre-appartement-a-t-il-pris-de-la-valeur\/","url":"https:\/\/www.athome.lu\/blog\/vendre\/estimer\/votre-appartement-a-t-il-pris-de-la-valeur\/","name":"Votre appartement a-t-il pris de la valeur\u00a0? - atHome Blog","isPartOf":{"@id":"https:\/\/www.athome.lu\/blog\/#website"},"primaryImageOfPage":{"@id":"https:\/\/www.athome.lu\/blog\/vendre\/estimer\/votre-appartement-a-t-il-pris-de-la-valeur\/#primaryimage"},"image":{"@id":"https:\/\/www.athome.lu\/blog\/vendre\/estimer\/votre-appartement-a-t-il-pris-de-la-valeur\/#primaryimage"},"thumbnailUrl":"https:\/\/www.athome.lu\/blog\/wp-content\/uploads\/2020\/01\/lamp-4720975_1280.jpg","datePublished":"2020-01-14T08:07:41+00:00","dateModified":"2024-10-16T09:34:19+00:00","author":{"@id":"https:\/\/www.athome.lu\/blog\/#\/schema\/person\/47f7a38089f837e792876ceddc4cb2dc"},"description":"Vous avez achet\u00e9 votre appartement il y a plusieurs ann\u00e9es et vous avez d\u00e9cid\u00e9 de vendre ? Mais vous vous demandez quel serait le prix de vente aujourd\u2019hui ? Voici comment estimer votre appartement.","breadcrumb":{"@id":"https:\/\/www.athome.lu\/blog\/vendre\/estimer\/votre-appartement-a-t-il-pris-de-la-valeur\/#breadcrumb"},"inLanguage":"fr-FR","potentialAction":[{"@type":"ReadAction","target":["https:\/\/www.athome.lu\/blog\/vendre\/estimer\/votre-appartement-a-t-il-pris-de-la-valeur\/"]}]},{"@type":"ImageObject","inLanguage":"fr-FR","@id":"https:\/\/www.athome.lu\/blog\/vendre\/estimer\/votre-appartement-a-t-il-pris-de-la-valeur\/#primaryimage","url":"https:\/\/www.athome.lu\/blog\/wp-content\/uploads\/2020\/01\/lamp-4720975_1280.jpg","contentUrl":"https:\/\/www.athome.lu\/blog\/wp-content\/uploads\/2020\/01\/lamp-4720975_1280.jpg","width":1215,"height":811,"caption":"Estimer un appartement"},{"@type":"BreadcrumbList","@id":"https:\/\/www.athome.lu\/blog\/vendre\/estimer\/votre-appartement-a-t-il-pris-de-la-valeur\/#breadcrumb","itemListElement":[{"@type":"ListItem","position":1,"name":"Accueil","item":"https:\/\/www.athome.lu\/blog\/"},{"@type":"ListItem","position":2,"name":"Vendre","item":"https:\/\/www.athome.lu\/blog\/en\/category\/sell\/"},{"@type":"ListItem","position":3,"name":"Estimer","item":"https:\/\/www.athome.lu\/blog\/category\/vendre\/estimer\/"},{"@type":"ListItem","position":4,"name":"Votre appartement a-t-il pris de la valeur\u00a0?"}]},{"@type":"WebSite","@id":"https:\/\/www.athome.lu\/blog\/#website","url":"https:\/\/www.athome.lu\/blog\/","name":"atHome Blog","description":"Annonces immobili\u00e8res au Luxembourg. Le portail immobilier n\u00b01 au Luxembourg.","potentialAction":[{"@type":"SearchAction","target":{"@type":"EntryPoint","urlTemplate":"https:\/\/www.athome.lu\/blog\/?s={search_term_string}"},"query-input":{"@type":"PropertyValueSpecification","valueRequired":true,"valueName":"search_term_string"}}],"inLanguage":"fr-FR"},{"@type":"Person","@id":"https:\/\/www.athome.lu\/blog\/#\/schema\/person\/47f7a38089f837e792876ceddc4cb2dc","name":"Fanny Pimentel","image":{"@type":"ImageObject","inLanguage":"fr-FR","@id":"https:\/\/secure.gravatar.com\/avatar\/c60b27b93851dc9503f9cc9150e73dcb0a86ba6150657e5e4b11d988400bc633?s=96&d=mm&r=g","url":"https:\/\/secure.gravatar.com\/avatar\/c60b27b93851dc9503f9cc9150e73dcb0a86ba6150657e5e4b11d988400bc633?s=96&d=mm&r=g","contentUrl":"https:\/\/secure.gravatar.com\/avatar\/c60b27b93851dc9503f9cc9150e73dcb0a86ba6150657e5e4b11d988400bc633?s=96&d=mm&r=g","caption":"Fanny Pimentel"}}]}},"featured_media_src_url":"https:\/\/www.athome.lu\/blog\/wp-content\/uploads\/2020\/01\/lamp-4720975_1280-1024x684.jpg","_links":{"self":[{"href":"https:\/\/www.athome.lu\/blog\/wp-json\/wp\/v2\/posts\/12582","targetHints":{"allow":["GET"]}}],"collection":[{"href":"https:\/\/www.athome.lu\/blog\/wp-json\/wp\/v2\/posts"}],"about":[{"href":"https:\/\/www.athome.lu\/blog\/wp-json\/wp\/v2\/types\/post"}],"author":[{"embeddable":true,"href":"https:\/\/www.athome.lu\/blog\/wp-json\/wp\/v2\/users\/17"}],"replies":[{"embeddable":true,"href":"https:\/\/www.athome.lu\/blog\/wp-json\/wp\/v2\/comments?post=12582"}],"version-history":[{"count":2,"href":"https:\/\/www.athome.lu\/blog\/wp-json\/wp\/v2\/posts\/12582\/revisions"}],"predecessor-version":[{"id":14992,"href":"https:\/\/www.athome.lu\/blog\/wp-json\/wp\/v2\/posts\/12582\/revisions\/14992"}],"wp:featuredmedia":[{"embeddable":true,"href":"https:\/\/www.athome.lu\/blog\/wp-json\/wp\/v2\/media\/12584"}],"wp:attachment":[{"href":"https:\/\/www.athome.lu\/blog\/wp-json\/wp\/v2\/media?parent=12582"}],"wp:term":[{"taxonomy":"category","embeddable":true,"href":"https:\/\/www.athome.lu\/blog\/wp-json\/wp\/v2\/categories?post=12582"},{"taxonomy":"post_tag","embeddable":true,"href":"https:\/\/www.athome.lu\/blog\/wp-json\/wp\/v2\/tags?post=12582"}],"curies":[{"name":"wp","href":"https:\/\/api.w.org\/{rel}","templated":true}]}}