{"id":12834,"date":"2022-02-17T09:22:03","date_gmt":"2022-02-17T08:22:03","guid":{"rendered":"https:\/\/www.athome.lu\/blogpro\/?p=12834"},"modified":"2024-04-23T10:01:03","modified_gmt":"2024-04-23T08:01:03","slug":"la-crise-sanitaire-covid-19-quel-impact-sur-le-marche-luxembourgeois","status":"publish","type":"post","link":"https:\/\/www.athome.lu\/blog\/pro\/marketing-immobilier\/la-crise-sanitaire-covid-19-quel-impact-sur-le-marche-luxembourgeois\/","title":{"rendered":"La crise sanitaire, quel impact sur le march\u00e9 luxembourgeois ?"},"content":{"rendered":"<p><strong>La crise sanitaire du Covid-19 impacte le march\u00e9 luxembourgeois\u00a0? Entre l\u2019acc\u00e9l\u00e9ration de la flamb\u00e9e des prix et les nouvelles r\u00e8glementations strictes en mati\u00e8re de pr\u00eats hypoth\u00e9caires, cette crise sanitaire devrait m\u00eame impacter durablement le secteur. On vous explique tout dans cet article. <\/strong><\/p>\n<h2><strong>La crise sanitaire du Covid-19 impacte le march\u00e9 luxembourgeois\u00a0?<\/strong><\/h2>\n<p>Si la crise sanitaire du Covid-19 a eu des r\u00e9percussions sans pr\u00e9c\u00e9dent sur bon nombre de secteurs de notre soci\u00e9t\u00e9, l\u2019immobilier luxembourgeois, lui, n\u2019a pas \u00e9t\u00e9 frapp\u00e9 de plein fouet depuis le mois de mars 2020 et les premi\u00e8res mesures prises par les autorit\u00e9s pour ralentir la propagation du virus.<\/p>\n<p>Pour s\u2019en convaincre, il suffit de regarder les chiffres\u00a0: par rapport au quatri\u00e8me trimestre 2019, on a constat\u00e9 au quatri\u00e8me trimestre 2020 <strong><a href=\"https:\/\/www.athome.lu\/blog\/blogpro\/athome-magazine-automne-2021\/\">une hausse annuelle<\/a> du prix des logements de 16,7 % <\/strong>! Pour la deuxi\u00e8me ann\u00e9e cons\u00e9cutive, on note donc une croissance \u00e0 deux chiffres des prix de l\u2019immobilier au Luxembourg*<\/p>\n<table width=\"645\">\n<tbody>\n<tr>\n<td width=\"82\"><strong>Ann\u00e9e<\/strong><\/td>\n<td width=\"111\"><strong>Logements anciens et neufs<\/strong><\/td>\n<td width=\"119\"><strong>Logements anciens<\/strong><\/td>\n<td width=\"109\"><strong>Maisons anciennes<\/strong><\/td>\n<td width=\"117\"><strong>Appartements anciens<\/strong><\/td>\n<td width=\"106\"><strong>Logements neufs<\/strong><\/td>\n<\/tr>\n<\/tbody>\n<\/table>\n<table width=\"640\">\n<tbody>\n<tr>\n<td width=\"79\">2016<\/td>\n<td width=\"114\">+6,01%<\/td>\n<td width=\"114\">+6,21%<\/td>\n<td width=\"114\">+6,02%<\/td>\n<td width=\"114\">+6,47%<\/td>\n<td width=\"104\">+5,61%<\/td>\n<\/tr>\n<tr>\n<td width=\"79\">2017<\/td>\n<td width=\"114\">+5,63%<\/td>\n<td width=\"114\">+5,72%<\/td>\n<td width=\"114\">+5,73%<\/td>\n<td width=\"114\">+5,73%<\/td>\n<td width=\"104\">+5,46%<\/td>\n<\/tr>\n<tr>\n<td width=\"79\">2018<\/td>\n<td width=\"114\">+7,04%<\/td>\n<td width=\"114\">+7,75%<\/td>\n<td width=\"114\">+7,22%<\/td>\n<td width=\"114\">+8,52%<\/td>\n<td width=\"104\">+5,63%<\/td>\n<\/tr>\n<tr>\n<td width=\"79\">2019<\/td>\n<td width=\"114\">+10,12%<\/td>\n<td width=\"114\">+10,86%<\/td>\n<td width=\"114\">+11,05%<\/td>\n<td width=\"114\">+10,56%<\/td>\n<td width=\"104\">+8,53%<\/td>\n<\/tr>\n<tr>\n<td width=\"79\">2020<\/td>\n<td width=\"114\">+14,50%<\/td>\n<td width=\"114\">+14,70%<\/td>\n<td width=\"114\">+13,55%<\/td>\n<td width=\"114\">+16,32%<\/td>\n<td width=\"104\">+14,47%<\/td>\n<\/tr>\n<\/tbody>\n<\/table>\n<p><em>*Source\u00a0: <a href=\"https:\/\/statistiques.public.lu\/fr\/acteurs\/statec\/index.html\" target=\"_blank\" rel=\"noopener\">Statec<\/a> \u2014 Observatoire de l\u2019Habitat<\/em><\/p>\n<p>Les raisons de cette hausse soutenue sont \u00e0 mettre \u00e0 l\u2019actif de plusieurs facteurs, mais <strong>le d\u00e9calage profond entre la demande et\u00a0l\u2019offre <\/strong>est souvent la r\u00e9ponse mise en avant pour expliquer ce ph\u00e9nom\u00e8ne.<\/p>\n<h2><strong>La crise sanitaire, un acc\u00e9l\u00e9rateur de la flamb\u00e9e des prix sur le march\u00e9 luxembourgeois ?<\/strong><\/h2>\n<p>Le Covid a-t-il jou\u00e9 un r\u00f4le dans cette flamb\u00e9e des prix\u00a0? Tr\u00e8s certainement. De tout temps, l\u2019immobilier a \u00e9t\u00e9 vu comme une valeur refuge dans un contexte socio-\u00e9conomique incertain. Face \u00e0 la situation de crise v\u00e9cue il y a un an et demi, peu de propri\u00e9taires de maisons, d\u2019appartements et de terrains ont donc \u00e9t\u00e9 enclins \u00e0 mettre leur bien en vente. Un ph\u00e9nom\u00e8ne qui a <strong>r\u00e9duit une offre d\u00e9j\u00e0 tr\u00e8s faible au Luxembourg<\/strong>.<\/p>\n<p>D\u2019un autre c\u00f4t\u00e9, la demande, elle, n\u2019a pas cess\u00e9 de cro\u00eetre, ce qui a accentu\u00e9 encore ce d\u00e9calage entre vendeurs et acheteurs.<\/p>\n<p>Les observateurs s\u2019accordent \u00e0 dire que cette croissance des prix de l\u2019immobilier au Luxembourg \u2013 mais aussi dans les autres grandes villes d\u2019Europe \u2013 perdurera, mais dans de moindres proportions.<\/p>\n<h2><strong>Vers un afflux suppl\u00e9mentaire de liquidit\u00e9s dans la pierre\u00a0?<\/strong><\/h2>\n<p>Si l\u2019on en croit Thomas Valici, \u00e9conomiste \u00e0 la Fondation Idea interrog\u00e9 par le Luxemburger Wort \u00e0 ce sujet, la crise du coronavirus a eu un autre impact sur les m\u00e9nages luxembourgeois. \u00ab\u00a0<em>Une partie de l\u2019\u00e9pargne forc\u00e9e, constitu\u00e9e par les m\u00e9nages les plus ais\u00e9s lors de la crise du COVID-19, pourrait bel et bien pr\u00e9cipiter un afflux suppl\u00e9mentaire de liquidit\u00e9s dans la pierre<\/em> \u00bb, expliquait-il au quotidien luxembourgeois.<\/p>\n<p>Un ph\u00e9nom\u00e8ne qui pourrait \u00e9videmment accentuer encore l\u2019\u00e9cart entre l\u2019offre et la demande dans le futur.<\/p>\n<h2><strong>L\u2019acc\u00e8s \u00e0 la propri\u00e9t\u00e9 de plus en plus difficile au Luxembourg<\/strong><\/h2>\n<p>Plus que des espaces o\u00f9 l\u2019on vit, les biens immobiliers sont de plus en plus consid\u00e9r\u00e9s comme des sources d\u2019investissement int\u00e9ressantes. Et on ne peut pas contredire ce point de vue quand on voit la valeur que prend l\u2019immobilier au Luxembourg, qui plus est lorsqu\u2019on \u00e9volue dans un environnement de taux bas, comme actuellement.<\/p>\n<p>N\u00e9anmoins, cette flamb\u00e9e des prix a pour cons\u00e9quence un acc\u00e8s \u00e0 la pierre de plus en plus difficile. Et l\u2019impact de la crise du coronavirus sur les institutions bancaires pourrait accentuer cette probl\u00e9matique. Emp\u00eatr\u00e9es dans la crise \u00e9conomique post-Covid, les banques pourraient en effet r\u00e9clamer davantage de garanties aux futurs acqu\u00e9reurs. Avec des prix d\u00e9passant d\u00e9j\u00e0 parfois l\u2019entendement et des conditions encore plus strictes pour se voir octroyer un cr\u00e9dit, il serait encore plus difficile pour les acheteurs d\u2019acc\u00e9der \u00e0 la propri\u00e9t\u00e9.<\/p>\n<p>Depuis le 1<sup>er<\/sup> janvier 2021, de nouvelles conditions pour l'octroi de pr\u00eats immobiliers sont d\u2019ailleurs d\u00e9j\u00e0 en vigueur dans les banques. Ces nouveaux standards visent \u00e0 garantir la stabilit\u00e9 du syst\u00e8me bancaire luxembourgeois et \u00e9viter le surendettement des m\u00e9nages, qui pourrait \u00eatre imput\u00e9 \u00e0 la crise sanitaire.<\/p>\n<ul>\n<li>\n<h4><strong>100 % du pr\u00eat pour les primo-acc\u00e9dants<\/strong><\/h4>\n<\/li>\n<\/ul>\n<p>Les personnes qui souhaitent acqu\u00e9rir leur premier bien se voient d\u00e9sormais accorder un pr\u00eat qui ne peut d\u00e9passer le montant effectif de celui-ci. Auparavant, certaines banques englobaient dans ce pr\u00eat hypoth\u00e9caire les frais d\u2019enregistrement, les frais de notaire ou une enveloppe pour les travaux.<\/p>\n<ul>\n<li>\n<h4><strong>80 % du pr\u00eat pour les propri\u00e9taires qui souhaitent \u00e9tendre leur patrimoine<\/strong><\/h4>\n<\/li>\n<\/ul>\n<p>Les personnes poss\u00e9dant d\u00e9j\u00e0 une propri\u00e9t\u00e9 et d\u00e9sireuses d\u2019\u00e9tendre leur patrimoine avec un nouveau bien ne pourront obtenir que 80 % du cr\u00e9dit, c\u2019est-\u00e0-dire qu\u2019ils devront apporter 20 % de la somme pour se voir accorder le pr\u00eat.<\/p>\n<ul>\n<li>\n<h4><strong>90 % pour les propri\u00e9taires qui d\u00e9m\u00e9nagent<\/strong><\/h4>\n<\/li>\n<\/ul>\n<p>Enfin, les propri\u00e9taires luxembourgeois qui souhaitent d\u00e9m\u00e9nager pourront obtenir un pr\u00eat \u00e0 hauteur de 90 % de la somme. Ils devront donc s\u2019acquitter de 10 % du montant en fonds propre pour acqu\u00e9rir leur nouveau toit.<\/p>\n<p>En r\u00e9sum\u00e9, si la crise du Covid a acc\u00e9l\u00e9r\u00e9 la progression des prix de l\u2019immobilier et a peut-\u00eatre rendu l\u2019acc\u00e8s \u00e0 la propri\u00e9t\u00e9 plus compliqu\u00e9, son impact sur le long terme est difficile \u00e0 pr\u00e9dire. Les professionnels du secteur s\u2019adaptent en tout cas pour minimiser l\u2019effet de cette crise sur le march\u00e9 de l\u2019immobilier, v\u00e9ritable pilier de l\u2019activit\u00e9 \u00e9conomique du pays.<\/p>\n","protected":false},"excerpt":{"rendered":"<p>La crise sanitaire du Covid-19 impacte le march\u00e9 luxembourgeois\u00a0? Entre l\u2019acc\u00e9l\u00e9ration de la flamb\u00e9e des prix et les nouvelles r\u00e8glementations strictes en mati\u00e8re de pr\u00eats hypoth\u00e9caires, cette crise sanitaire devrait m\u00eame impacter durablement le secteur. On vous explique tout dans cet article. La crise sanitaire du Covid-19 impacte le march\u00e9 luxembourgeois\u00a0? Si la crise sanitaire [&hellip;]<\/p>\n","protected":false},"author":17,"featured_media":12835,"comment_status":"closed","ping_status":"closed","sticky":false,"template":"","format":"standard","meta":{"_acf_changed":false,"footnotes":""},"categories":[235],"tags":[],"class_list":["post-12834","post","type-post","status-publish","format-standard","has-post-thumbnail","hentry","category-marketing-immobilier"],"acf":[],"yoast_head":"<!-- This site is optimized with the Yoast SEO plugin v27.4 - https:\/\/yoast.com\/product\/yoast-seo-wordpress\/ -->\n<title>\u25b7 La crise sanitaire, quel impact sur le march\u00e9 luxembourgeois ? | atHomePro<\/title>\n<meta name=\"description\" content=\"La crise sanitaire du Covid-19 impacte le march\u00e9 luxembourgeois ? La flamb\u00e9e des prix et les nouvelles r\u00e8glementations ?\" \/>\n<meta name=\"robots\" content=\"index, follow, max-snippet:-1, max-image-preview:large, max-video-preview:-1\" \/>\n<link rel=\"canonical\" href=\"https:\/\/www.athome.lu\/blog\/pro\/marketing-immobilier\/la-crise-sanitaire-covid-19-quel-impact-sur-le-marche-luxembourgeois\/\" \/>\n<meta property=\"og:locale\" content=\"fr_FR\" \/>\n<meta property=\"og:type\" content=\"article\" \/>\n<meta property=\"og:title\" content=\"\u25b7 La crise sanitaire, quel impact sur le march\u00e9 luxembourgeois ? | atHomePro\" \/>\n<meta property=\"og:description\" content=\"La crise sanitaire du Covid-19 impacte le march\u00e9 luxembourgeois ? La flamb\u00e9e des prix et les nouvelles r\u00e8glementations ?\" \/>\n<meta property=\"og:url\" content=\"https:\/\/www.athome.lu\/blog\/pro\/marketing-immobilier\/la-crise-sanitaire-covid-19-quel-impact-sur-le-marche-luxembourgeois\/\" \/>\n<meta property=\"og:site_name\" content=\"atHome Blog\" \/>\n<meta property=\"article:publisher\" content=\"https:\/\/www.facebook.com\/atHome.lu\/\" \/>\n<meta property=\"article:published_time\" content=\"2022-02-17T08:22:03+00:00\" \/>\n<meta property=\"article:modified_time\" content=\"2024-04-23T08:01:03+00:00\" \/>\n<meta property=\"og:image\" content=\"https:\/\/www.athome.lu\/blog\/wp-content\/uploads\/2022\/02\/pexels-photo-3951606.jpeg\" \/>\n\t<meta property=\"og:image:width\" content=\"1000\" \/>\n\t<meta property=\"og:image:height\" content=\"1500\" \/>\n\t<meta property=\"og:image:type\" content=\"image\/jpeg\" \/>\n<meta name=\"author\" content=\"Fanny Pimentel\" \/>\n<meta name=\"twitter:card\" content=\"summary_large_image\" \/>\n<meta name=\"twitter:creator\" content=\"@athomelu\" \/>\n<meta name=\"twitter:site\" content=\"@athomelu\" \/>\n<meta name=\"twitter:label1\" content=\"\u00c9crit par\" \/>\n\t<meta name=\"twitter:data1\" content=\"Fanny Pimentel\" \/>\n\t<meta name=\"twitter:label2\" content=\"Dur\u00e9e de lecture estim\u00e9e\" \/>\n\t<meta name=\"twitter:data2\" content=\"5 minutes\" \/>\n<script type=\"application\/ld+json\" class=\"yoast-schema-graph\">{\"@context\":\"https:\\\/\\\/schema.org\",\"@graph\":[{\"@type\":\"Article\",\"@id\":\"https:\\\/\\\/www.athome.lu\\\/blog\\\/pro\\\/marketing-immobilier\\\/la-crise-sanitaire-covid-19-quel-impact-sur-le-marche-luxembourgeois\\\/#article\",\"isPartOf\":{\"@id\":\"https:\\\/\\\/www.athome.lu\\\/blog\\\/pro\\\/marketing-immobilier\\\/la-crise-sanitaire-covid-19-quel-impact-sur-le-marche-luxembourgeois\\\/\"},\"author\":{\"name\":\"Fanny Pimentel\",\"@id\":\"https:\\\/\\\/www.athome.lu\\\/blog\\\/#\\\/schema\\\/person\\\/47f7a38089f837e792876ceddc4cb2dc\"},\"headline\":\"La crise sanitaire, quel impact sur le march\u00e9 luxembourgeois ?\",\"datePublished\":\"2022-02-17T08:22:03+00:00\",\"dateModified\":\"2024-04-23T08:01:03+00:00\",\"mainEntityOfPage\":{\"@id\":\"https:\\\/\\\/www.athome.lu\\\/blog\\\/pro\\\/marketing-immobilier\\\/la-crise-sanitaire-covid-19-quel-impact-sur-le-marche-luxembourgeois\\\/\"},\"wordCount\":954,\"image\":{\"@id\":\"https:\\\/\\\/www.athome.lu\\\/blog\\\/pro\\\/marketing-immobilier\\\/la-crise-sanitaire-covid-19-quel-impact-sur-le-marche-luxembourgeois\\\/#primaryimage\"},\"thumbnailUrl\":\"https:\\\/\\\/www.athome.lu\\\/blog\\\/wp-content\\\/uploads\\\/2022\\\/02\\\/pexels-photo-3951606.jpeg\",\"articleSection\":[\"Marketing immobilier\"],\"inLanguage\":\"fr-FR\"},{\"@type\":\"WebPage\",\"@id\":\"https:\\\/\\\/www.athome.lu\\\/blog\\\/pro\\\/marketing-immobilier\\\/la-crise-sanitaire-covid-19-quel-impact-sur-le-marche-luxembourgeois\\\/\",\"url\":\"https:\\\/\\\/www.athome.lu\\\/blog\\\/pro\\\/marketing-immobilier\\\/la-crise-sanitaire-covid-19-quel-impact-sur-le-marche-luxembourgeois\\\/\",\"name\":\"\u25b7 La crise sanitaire, quel impact sur le march\u00e9 luxembourgeois ? | atHomePro\",\"isPartOf\":{\"@id\":\"https:\\\/\\\/www.athome.lu\\\/blog\\\/#website\"},\"primaryImageOfPage\":{\"@id\":\"https:\\\/\\\/www.athome.lu\\\/blog\\\/pro\\\/marketing-immobilier\\\/la-crise-sanitaire-covid-19-quel-impact-sur-le-marche-luxembourgeois\\\/#primaryimage\"},\"image\":{\"@id\":\"https:\\\/\\\/www.athome.lu\\\/blog\\\/pro\\\/marketing-immobilier\\\/la-crise-sanitaire-covid-19-quel-impact-sur-le-marche-luxembourgeois\\\/#primaryimage\"},\"thumbnailUrl\":\"https:\\\/\\\/www.athome.lu\\\/blog\\\/wp-content\\\/uploads\\\/2022\\\/02\\\/pexels-photo-3951606.jpeg\",\"datePublished\":\"2022-02-17T08:22:03+00:00\",\"dateModified\":\"2024-04-23T08:01:03+00:00\",\"author\":{\"@id\":\"https:\\\/\\\/www.athome.lu\\\/blog\\\/#\\\/schema\\\/person\\\/47f7a38089f837e792876ceddc4cb2dc\"},\"description\":\"La crise sanitaire du Covid-19 impacte le march\u00e9 luxembourgeois ? La flamb\u00e9e des prix et les nouvelles r\u00e8glementations ?\",\"breadcrumb\":{\"@id\":\"https:\\\/\\\/www.athome.lu\\\/blog\\\/pro\\\/marketing-immobilier\\\/la-crise-sanitaire-covid-19-quel-impact-sur-le-marche-luxembourgeois\\\/#breadcrumb\"},\"inLanguage\":\"fr-FR\",\"potentialAction\":[{\"@type\":\"ReadAction\",\"target\":[\"https:\\\/\\\/www.athome.lu\\\/blog\\\/pro\\\/marketing-immobilier\\\/la-crise-sanitaire-covid-19-quel-impact-sur-le-marche-luxembourgeois\\\/\"]}]},{\"@type\":\"ImageObject\",\"inLanguage\":\"fr-FR\",\"@id\":\"https:\\\/\\\/www.athome.lu\\\/blog\\\/pro\\\/marketing-immobilier\\\/la-crise-sanitaire-covid-19-quel-impact-sur-le-marche-luxembourgeois\\\/#primaryimage\",\"url\":\"https:\\\/\\\/www.athome.lu\\\/blog\\\/wp-content\\\/uploads\\\/2022\\\/02\\\/pexels-photo-3951606.jpeg\",\"contentUrl\":\"https:\\\/\\\/www.athome.lu\\\/blog\\\/wp-content\\\/uploads\\\/2022\\\/02\\\/pexels-photo-3951606.jpeg\",\"width\":1000,\"height\":1500,\"caption\":\"Crise sanitaire, quel impact sur le march\u00e9 luxembourgeois ?\"},{\"@type\":\"BreadcrumbList\",\"@id\":\"https:\\\/\\\/www.athome.lu\\\/blog\\\/pro\\\/marketing-immobilier\\\/la-crise-sanitaire-covid-19-quel-impact-sur-le-marche-luxembourgeois\\\/#breadcrumb\",\"itemListElement\":[{\"@type\":\"ListItem\",\"position\":1,\"name\":\"Accueil\",\"item\":\"https:\\\/\\\/www.athome.lu\\\/blog\\\/\"},{\"@type\":\"ListItem\",\"position\":2,\"name\":\"Pro\",\"item\":\"https:\\\/\\\/www.athome.lu\\\/blog\\\/category\\\/pro\\\/\"},{\"@type\":\"ListItem\",\"position\":3,\"name\":\"Marketing immobilier\",\"item\":\"https:\\\/\\\/www.athome.lu\\\/blog\\\/category\\\/pro\\\/marketing-immobilier\\\/\"},{\"@type\":\"ListItem\",\"position\":4,\"name\":\"La crise sanitaire, quel impact sur le march\u00e9 luxembourgeois ?\"}]},{\"@type\":\"WebSite\",\"@id\":\"https:\\\/\\\/www.athome.lu\\\/blog\\\/#website\",\"url\":\"https:\\\/\\\/www.athome.lu\\\/blog\\\/\",\"name\":\"atHome Blog\",\"description\":\"Annonces immobili\u00e8res au Luxembourg. Le portail immobilier n\u00b01 au Luxembourg.\",\"potentialAction\":[{\"@type\":\"SearchAction\",\"target\":{\"@type\":\"EntryPoint\",\"urlTemplate\":\"https:\\\/\\\/www.athome.lu\\\/blog\\\/?s={search_term_string}\"},\"query-input\":{\"@type\":\"PropertyValueSpecification\",\"valueRequired\":true,\"valueName\":\"search_term_string\"}}],\"inLanguage\":\"fr-FR\"},{\"@type\":\"Person\",\"@id\":\"https:\\\/\\\/www.athome.lu\\\/blog\\\/#\\\/schema\\\/person\\\/47f7a38089f837e792876ceddc4cb2dc\",\"name\":\"Fanny Pimentel\",\"image\":{\"@type\":\"ImageObject\",\"inLanguage\":\"fr-FR\",\"@id\":\"https:\\\/\\\/secure.gravatar.com\\\/avatar\\\/c60b27b93851dc9503f9cc9150e73dcb0a86ba6150657e5e4b11d988400bc633?s=96&d=mm&r=g\",\"url\":\"https:\\\/\\\/secure.gravatar.com\\\/avatar\\\/c60b27b93851dc9503f9cc9150e73dcb0a86ba6150657e5e4b11d988400bc633?s=96&d=mm&r=g\",\"contentUrl\":\"https:\\\/\\\/secure.gravatar.com\\\/avatar\\\/c60b27b93851dc9503f9cc9150e73dcb0a86ba6150657e5e4b11d988400bc633?s=96&d=mm&r=g\",\"caption\":\"Fanny Pimentel\"}}]}<\/script>\n<!-- \/ Yoast SEO plugin. -->","yoast_head_json":{"title":"\u25b7 La crise sanitaire, quel impact sur le march\u00e9 luxembourgeois ? | atHomePro","description":"La crise sanitaire du Covid-19 impacte le march\u00e9 luxembourgeois ? La flamb\u00e9e des prix et les nouvelles r\u00e8glementations ?","robots":{"index":"index","follow":"follow","max-snippet":"max-snippet:-1","max-image-preview":"max-image-preview:large","max-video-preview":"max-video-preview:-1"},"canonical":"https:\/\/www.athome.lu\/blog\/pro\/marketing-immobilier\/la-crise-sanitaire-covid-19-quel-impact-sur-le-marche-luxembourgeois\/","og_locale":"fr_FR","og_type":"article","og_title":"\u25b7 La crise sanitaire, quel impact sur le march\u00e9 luxembourgeois ? | atHomePro","og_description":"La crise sanitaire du Covid-19 impacte le march\u00e9 luxembourgeois ? La flamb\u00e9e des prix et les nouvelles r\u00e8glementations ?","og_url":"https:\/\/www.athome.lu\/blog\/pro\/marketing-immobilier\/la-crise-sanitaire-covid-19-quel-impact-sur-le-marche-luxembourgeois\/","og_site_name":"atHome Blog","article_publisher":"https:\/\/www.facebook.com\/atHome.lu\/","article_published_time":"2022-02-17T08:22:03+00:00","article_modified_time":"2024-04-23T08:01:03+00:00","og_image":[{"width":1000,"height":1500,"url":"https:\/\/www.athome.lu\/blog\/wp-content\/uploads\/2022\/02\/pexels-photo-3951606.jpeg","type":"image\/jpeg"}],"author":"Fanny Pimentel","twitter_card":"summary_large_image","twitter_creator":"@athomelu","twitter_site":"@athomelu","twitter_misc":{"\u00c9crit par":"Fanny Pimentel","Dur\u00e9e de lecture estim\u00e9e":"5 minutes"},"schema":{"@context":"https:\/\/schema.org","@graph":[{"@type":"Article","@id":"https:\/\/www.athome.lu\/blog\/pro\/marketing-immobilier\/la-crise-sanitaire-covid-19-quel-impact-sur-le-marche-luxembourgeois\/#article","isPartOf":{"@id":"https:\/\/www.athome.lu\/blog\/pro\/marketing-immobilier\/la-crise-sanitaire-covid-19-quel-impact-sur-le-marche-luxembourgeois\/"},"author":{"name":"Fanny Pimentel","@id":"https:\/\/www.athome.lu\/blog\/#\/schema\/person\/47f7a38089f837e792876ceddc4cb2dc"},"headline":"La crise sanitaire, quel impact sur le march\u00e9 luxembourgeois ?","datePublished":"2022-02-17T08:22:03+00:00","dateModified":"2024-04-23T08:01:03+00:00","mainEntityOfPage":{"@id":"https:\/\/www.athome.lu\/blog\/pro\/marketing-immobilier\/la-crise-sanitaire-covid-19-quel-impact-sur-le-marche-luxembourgeois\/"},"wordCount":954,"image":{"@id":"https:\/\/www.athome.lu\/blog\/pro\/marketing-immobilier\/la-crise-sanitaire-covid-19-quel-impact-sur-le-marche-luxembourgeois\/#primaryimage"},"thumbnailUrl":"https:\/\/www.athome.lu\/blog\/wp-content\/uploads\/2022\/02\/pexels-photo-3951606.jpeg","articleSection":["Marketing immobilier"],"inLanguage":"fr-FR"},{"@type":"WebPage","@id":"https:\/\/www.athome.lu\/blog\/pro\/marketing-immobilier\/la-crise-sanitaire-covid-19-quel-impact-sur-le-marche-luxembourgeois\/","url":"https:\/\/www.athome.lu\/blog\/pro\/marketing-immobilier\/la-crise-sanitaire-covid-19-quel-impact-sur-le-marche-luxembourgeois\/","name":"\u25b7 La crise sanitaire, quel impact sur le march\u00e9 luxembourgeois ? | atHomePro","isPartOf":{"@id":"https:\/\/www.athome.lu\/blog\/#website"},"primaryImageOfPage":{"@id":"https:\/\/www.athome.lu\/blog\/pro\/marketing-immobilier\/la-crise-sanitaire-covid-19-quel-impact-sur-le-marche-luxembourgeois\/#primaryimage"},"image":{"@id":"https:\/\/www.athome.lu\/blog\/pro\/marketing-immobilier\/la-crise-sanitaire-covid-19-quel-impact-sur-le-marche-luxembourgeois\/#primaryimage"},"thumbnailUrl":"https:\/\/www.athome.lu\/blog\/wp-content\/uploads\/2022\/02\/pexels-photo-3951606.jpeg","datePublished":"2022-02-17T08:22:03+00:00","dateModified":"2024-04-23T08:01:03+00:00","author":{"@id":"https:\/\/www.athome.lu\/blog\/#\/schema\/person\/47f7a38089f837e792876ceddc4cb2dc"},"description":"La crise sanitaire du Covid-19 impacte le march\u00e9 luxembourgeois ? La flamb\u00e9e des prix et les nouvelles r\u00e8glementations ?","breadcrumb":{"@id":"https:\/\/www.athome.lu\/blog\/pro\/marketing-immobilier\/la-crise-sanitaire-covid-19-quel-impact-sur-le-marche-luxembourgeois\/#breadcrumb"},"inLanguage":"fr-FR","potentialAction":[{"@type":"ReadAction","target":["https:\/\/www.athome.lu\/blog\/pro\/marketing-immobilier\/la-crise-sanitaire-covid-19-quel-impact-sur-le-marche-luxembourgeois\/"]}]},{"@type":"ImageObject","inLanguage":"fr-FR","@id":"https:\/\/www.athome.lu\/blog\/pro\/marketing-immobilier\/la-crise-sanitaire-covid-19-quel-impact-sur-le-marche-luxembourgeois\/#primaryimage","url":"https:\/\/www.athome.lu\/blog\/wp-content\/uploads\/2022\/02\/pexels-photo-3951606.jpeg","contentUrl":"https:\/\/www.athome.lu\/blog\/wp-content\/uploads\/2022\/02\/pexels-photo-3951606.jpeg","width":1000,"height":1500,"caption":"Crise sanitaire, quel impact sur le march\u00e9 luxembourgeois ?"},{"@type":"BreadcrumbList","@id":"https:\/\/www.athome.lu\/blog\/pro\/marketing-immobilier\/la-crise-sanitaire-covid-19-quel-impact-sur-le-marche-luxembourgeois\/#breadcrumb","itemListElement":[{"@type":"ListItem","position":1,"name":"Accueil","item":"https:\/\/www.athome.lu\/blog\/"},{"@type":"ListItem","position":2,"name":"Pro","item":"https:\/\/www.athome.lu\/blog\/category\/pro\/"},{"@type":"ListItem","position":3,"name":"Marketing immobilier","item":"https:\/\/www.athome.lu\/blog\/category\/pro\/marketing-immobilier\/"},{"@type":"ListItem","position":4,"name":"La crise sanitaire, quel impact sur le march\u00e9 luxembourgeois ?"}]},{"@type":"WebSite","@id":"https:\/\/www.athome.lu\/blog\/#website","url":"https:\/\/www.athome.lu\/blog\/","name":"atHome Blog","description":"Annonces immobili\u00e8res au Luxembourg. Le portail immobilier n\u00b01 au Luxembourg.","potentialAction":[{"@type":"SearchAction","target":{"@type":"EntryPoint","urlTemplate":"https:\/\/www.athome.lu\/blog\/?s={search_term_string}"},"query-input":{"@type":"PropertyValueSpecification","valueRequired":true,"valueName":"search_term_string"}}],"inLanguage":"fr-FR"},{"@type":"Person","@id":"https:\/\/www.athome.lu\/blog\/#\/schema\/person\/47f7a38089f837e792876ceddc4cb2dc","name":"Fanny Pimentel","image":{"@type":"ImageObject","inLanguage":"fr-FR","@id":"https:\/\/secure.gravatar.com\/avatar\/c60b27b93851dc9503f9cc9150e73dcb0a86ba6150657e5e4b11d988400bc633?s=96&d=mm&r=g","url":"https:\/\/secure.gravatar.com\/avatar\/c60b27b93851dc9503f9cc9150e73dcb0a86ba6150657e5e4b11d988400bc633?s=96&d=mm&r=g","contentUrl":"https:\/\/secure.gravatar.com\/avatar\/c60b27b93851dc9503f9cc9150e73dcb0a86ba6150657e5e4b11d988400bc633?s=96&d=mm&r=g","caption":"Fanny Pimentel"}}]}},"featured_media_src_url":"https:\/\/www.athome.lu\/blog\/wp-content\/uploads\/2022\/02\/pexels-photo-3951606-683x1024.jpeg","_links":{"self":[{"href":"https:\/\/www.athome.lu\/blog\/wp-json\/wp\/v2\/posts\/12834","targetHints":{"allow":["GET"]}}],"collection":[{"href":"https:\/\/www.athome.lu\/blog\/wp-json\/wp\/v2\/posts"}],"about":[{"href":"https:\/\/www.athome.lu\/blog\/wp-json\/wp\/v2\/types\/post"}],"author":[{"embeddable":true,"href":"https:\/\/www.athome.lu\/blog\/wp-json\/wp\/v2\/users\/17"}],"replies":[{"embeddable":true,"href":"https:\/\/www.athome.lu\/blog\/wp-json\/wp\/v2\/comments?post=12834"}],"version-history":[{"count":2,"href":"https:\/\/www.athome.lu\/blog\/wp-json\/wp\/v2\/posts\/12834\/revisions"}],"predecessor-version":[{"id":16402,"href":"https:\/\/www.athome.lu\/blog\/wp-json\/wp\/v2\/posts\/12834\/revisions\/16402"}],"wp:featuredmedia":[{"embeddable":true,"href":"https:\/\/www.athome.lu\/blog\/wp-json\/wp\/v2\/media\/12835"}],"wp:attachment":[{"href":"https:\/\/www.athome.lu\/blog\/wp-json\/wp\/v2\/media?parent=12834"}],"wp:term":[{"taxonomy":"category","embeddable":true,"href":"https:\/\/www.athome.lu\/blog\/wp-json\/wp\/v2\/categories?post=12834"},{"taxonomy":"post_tag","embeddable":true,"href":"https:\/\/www.athome.lu\/blog\/wp-json\/wp\/v2\/tags?post=12834"}],"curies":[{"name":"wp","href":"https:\/\/api.w.org\/{rel}","templated":true}]}}