{"id":12913,"date":"2020-07-30T15:37:36","date_gmt":"2020-07-30T14:37:36","guid":{"rendered":"https:\/\/www.athome.lu\/blog\/?p=12913"},"modified":"2022-05-11T11:29:23","modified_gmt":"2022-05-11T09:29:23","slug":"un-nouveau-pacte-logement-2-0-devoile","status":"publish","type":"post","link":"https:\/\/www.athome.lu\/blog\/mon-logement\/actualites\/un-nouveau-pacte-logement-2-0-devoile\/","title":{"rendered":"Un nouveau Pacte Logement 2.0 d\u00e9voil\u00e9"},"content":{"rendered":"\n<p><span class=\"normaltextrun\" style=\"color: #000000;\"><span lang=\"FR\">Lors de la conf\u00e9rence de presse du 30 juillet 2020, le ministre du Logement, Henri Kox, et la ministre de l\u2019Int\u00e9rieur, Taina Bofferding, ont pr\u00e9sent\u00e9 le projet de loi d\u00e9finissant la collaboration future entre l\u2019Etat et les communes afin de stimuler l\u2019offre de logements abordables. Le projet de loi pr\u00e9voit \u00e9galement l\u2019introduction d\u2019une nouvelle r\u00e8gle permettant au secteur public d\u2019acqu\u00e9rir un certain nombre de logements abordables dans les plans d\u2019am\u00e9nagement particulier \u00ab nouveau quartier \u00bb.<\/span><\/span><\/p>\n\n\n\n<h2 class=\"wp-block-heading\"><span style=\"color: #000000;\"><strong>Les ministres Henri Kox et Taina Bofferding pr\u00e9sentent le nouveau Pacte Logement&nbsp;<\/strong><\/span><\/h2>\n\n\n\n<p><span style=\"color: #000000;\">Le 31 d\u00e9cembre 2020, le Pacte logement actuellement en vigueur vient \u00e0 terme. Depuis 2017, le minist\u00e8re du Logement pr\u00e9pare un nouveau programme de soutien aux communes destin\u00e9 \u00e0 d\u00e9velopper davantage l\u2019offre en logements \u00e0 des prix accessibles. Le minist\u00e8re du Logement a opt\u00e9 pour \u00e9laborer le Pacte logement 2.0 sur base d\u2019un&nbsp;<strong>processus participatif avec les communes<\/strong>.<\/span><\/p>\n\n\n\n<p><span style=\"color: #000000;\">Ainsi, le minist\u00e8re du Logement a r\u00e9alis\u00e9 en&nbsp;<strong>2019 six ateliers r\u00e9gionaux interactifs<\/strong>&nbsp;avec des repr\u00e9sentants des communes pour rassembler leurs id\u00e9es et exp\u00e9riences pour ensuite d\u00e9velopper des projets et mesures concrets dans l\u2019objectif de r\u00e9aliser davantage de logements abordables. Les r\u00e9sultats de ces \u00e9changes ont \u00e9t\u00e9 pr\u00e9sent\u00e9s \u00e0 la Chambre des d\u00e9putes et ont fait l\u2019objet d\u2019un d\u00e9bat de consultation.<\/span><\/p>\n\n\n\n<p><span style=\"color: #000000;\">Par la suite, les travaux concrets de mise en \u0153uvre de l\u2019avant-projet de loi en vue du nouveau Pacte&nbsp;logement ont \u00e9t\u00e9 entam\u00e9s. En date du 29 juillet 2020 le Conseil de gouvernement a approuv\u00e9&nbsp;<strong>l\u2019avant-projet de loi du nouveau Pacte logement<\/strong>.<\/span><\/p>\n\n\n\n<p><span style=\"color: #000000;\">Le Pacte logement 2.0 sera en vigueur jusqu\u2019en 2032 et permet d\u2019entamer une nouvelle approche pour la politique du logement au niveau communal. L'objectif est de mieux soutenir les communes en tant que partenaires de l\u2019\u00c9tat dans le but d\u2019augmenter l\u2019offre de logements, de mobiliser le potentiel foncier et enfin d\u2019am\u00e9liorer la qualit\u00e9 r\u00e9sidentielle.<\/span><\/p>\n\n\n\n<p><span style=\"color: #000000;\">\u00c0 cette fin,&nbsp;<strong>de nouveaux instruments et m\u00e9canismes<\/strong>&nbsp;sont introduits&nbsp;:<\/span><\/p>\n\n\n\n<ol class=\"wp-block-list\"><li><span style=\"color: #000000;\"><u>le conseiller logement<\/u>, qui assiste les communes dans le d\u00e9veloppement d\u2019une strat\u00e9gie pour le logement et dans la mise en \u0153uvre de celle-ci&nbsp;;<\/span><\/li><li><span style=\"color: #000000;\"><u>le programme d\u2019action local \u2013 logement<\/u>&nbsp;(PAL), qui constitue une v\u00e9ritable strat\u00e9gie communale pour la promotion du logement abordable qui d\u00e9finit les priorit\u00e9s et \u00e9num\u00e8re les projets de la commune en mati\u00e8re de logement&nbsp;;<\/span><\/li><li><span style=\"color: #000000;\"><u>le soutien financier de l\u2019Etat<\/u>, qui d\u00e9pendra directement du nombre de logements abordables cr\u00e9\u00e9s et qui vise la r\u00e9alisation de projets soutenant les objectifs du Pacte logement.<\/span><\/li><\/ol>\n\n\n\n<p><span style=\"color: #000000;\">\u00ab\u00a0Les communes sont les partenaires privil\u00e9gi\u00e9s de l\u2019\u00c9tat pour cr\u00e9er cette offre n\u00e9cessaire de logements abordables, qui aujourd\u2019hui fait malheureusement d\u00e9faut. Le Pacte logement 2.0 sera le levier qui contribuera \u00e0 changer de cap\u00a0en mati\u00e8re de logement. \u00bb, a soulign\u00e9 le ministre du Logement Henri Kox, lors de la conf\u00e9rence de presse.<\/span><\/p>\n\n\n\n<p><span style=\"color: #000000;\">Afin de donner aux communes un moyen efficace d\u2019acqu\u00e9rir des logements abordables ou encore des terrains permettant la r\u00e9alisation de logements abordables, il est propos\u00e9 d\u2019ins\u00e9rer un nouvel article 29<em>bis<\/em>\u00a0dans la loi modifi\u00e9e du 19 juillet 2004 concernant l\u2019am\u00e9nagement communal et le d\u00e9veloppement urbain. En effet, l\u2019instrument introduit par le premier Pacte logement s\u2019est av\u00e9r\u00e9 peu efficace, \u00e9tant donn\u00e9 que bon nombre de logements ainsi cr\u00e9es ont fait t\u00f4t ou tard l\u2019objet de ventes \u00e0 prix du march\u00e9.<\/span><\/p>\n\n\n<section id=\"section-3-14695\" class=\" ct-section\" ><div class=\"ct-section-inner-wrap\"><div id=\"div_block-4-14695\" class=\"ct-div-block\" ><div id=\"new_columns-7-14695\" class=\"ct-new-columns\" ><div id=\"div_block-8-14695\" class=\"ct-div-block\" ><div id=\"div_block-14-14695\" class=\"ct-div-block\" ><\/div><\/div><div id=\"div_block-9-14695\" class=\"ct-div-block\" ><h1 id=\"headline-11-14695\" class=\"ct-headline\">Quels sont les prix de l'immobilier en ce moment ?<\/h1><div id=\"text_block-12-14695\" class=\"ct-text-block\" >Les prix ralentissent. Les taux d'int\u00e9r\u00eat augmentent. Quelles tendances pour les mois \u00e0 venir ?<\/div><a id=\"link_button-13-14695\" class=\"ct-link-button\" href=\"https:\/\/www.athome.lu\/blog\/blog\/marche-immobilier\/prix\/tendances-2022\/\" target=\"_blank\"  >Lire l'analyse<\/a><\/div><\/div><\/div><\/div><\/section>\n\n\n<p><span style=\"color: #000000;\">La nouvelle disposition pr\u00e9voit d\u00e8s lors que les terrains appel\u00e9s \u00e0 recevoir des logements abordables soient c\u00e9d\u00e9s par les d\u00e9veloppeurs immobiliers soit aux communes, soit \u00e0 l\u2019Etat afin que ceux-ci puissent se rendre propri\u00e9taires de logements. L\u2019acquisition d\u2019un nombre significatif de logements par le secteur public est en effet primordiale pour augmenter l\u2019offre en logements abordables et pour maintenir une bonne mixit\u00e9 sociale dans les quartiers d\u2019habitation futurs.<\/span><\/p>\n\n\n\n<p><span style=\"color: #000000;\">En outre, la r\u00e9alisation de logements abordables se verra renforc\u00e9e par l\u2019obligation de r\u00e9server une part de terrains sensiblement plus importante \u00e0 cette fin. En effet, selon la l\u00e9gislation actuellement en vigueur, seuls les plans d\u2019am\u00e9nagement particulier (PAP) qui pr\u00e9voient un nombre de logements sup\u00e9rieurs \u00e0 25 unit\u00e9s doivent r\u00e9server 10% de la surface construite d\u00e9di\u00e9e au logement \u00e0 des logements \u00e0 co\u00fbts mod\u00e9r\u00e9s. Le projet de loi relatif au Pacte logement propose, d\u2019une part, de viser \u00e9galement les PAP de moindre envergure et, d\u2019autre part, de pr\u00e9voir une part de r\u00e9servation de la surface construite plus importante, qui peut repr\u00e9senter jusqu\u2019\u00e0 30% de celle-ci.<\/span><\/p>\n\n\n\n<p><span style=\"color: #000000;\">\u00ab&nbsp;Si nous voulons \u00e9viter que la fracture sociale ne s'accentue au Luxembourg, il est du devoir des pouvoirs publics de d\u00e9velopper davantage leur propre parc de logements et d\u2019intervenir activement sur le march\u00e9 du logement. Les mesures du nouveau Pacte logement&nbsp;leur donneront les moyens n\u00e9cessaires et efficaces pour ce faire. \u00bb, a conclu la ministre de l\u2019Int\u00e9rieur, Taina Bofferding.<\/span><\/p>\n\n\n\n<p><em>Communiqu\u00e9 de presse Minist\u00e8re du Logement et Minist\u00e8re de l'int\u00e9rieur<\/em><\/p>\n","protected":false},"excerpt":{"rendered":"<p>Lors de la conf\u00e9rence de presse du 30 juillet 2020, le ministre du Logement, Henri Kox, et la ministre de l\u2019Int\u00e9rieur, Taina Bofferding, ont pr\u00e9sent\u00e9 le projet de loi d\u00e9finissant la collaboration future entre l\u2019Etat et les communes afin de stimuler l\u2019offre de logements abordables. Le projet de loi pr\u00e9voit \u00e9galement l\u2019introduction d\u2019une nouvelle r\u00e8gle [&hellip;]<\/p>\n","protected":false},"author":17,"featured_media":12914,"comment_status":"closed","ping_status":"closed","sticky":false,"template":"","format":"standard","meta":{"_acf_changed":false,"footnotes":""},"categories":[222],"tags":[],"class_list":["post-12913","post","type-post","status-publish","format-standard","has-post-thumbnail","hentry","category-actualites"],"acf":[],"yoast_head":"<!-- This site is optimized with the Yoast SEO plugin v27.4 - https:\/\/yoast.com\/product\/yoast-seo-wordpress\/ -->\n<title>Un nouveau Pacte Logement 2.0 d\u00e9voil\u00e9 - atHome Blog<\/title>\n<meta name=\"description\" content=\"Lors de la conf\u00e9rence de presse du 30 juillet 2020, le ministre du Logement, Henri Kox, et la ministre de l\u2019Int\u00e9rieur, Taina Bofferding, ont pr\u00e9sent\u00e9 le projet de loi d\u00e9finissant la collaboration future entre l\u2019Etat et les communes afin de stimuler l\u2019offre de logements abordables\" \/>\n<meta name=\"robots\" content=\"index, follow, max-snippet:-1, max-image-preview:large, max-video-preview:-1\" \/>\n<link rel=\"canonical\" href=\"https:\/\/www.athome.lu\/blog\/mon-logement\/actualites\/un-nouveau-pacte-logement-2-0-devoile\/\" \/>\n<meta property=\"og:locale\" content=\"fr_FR\" \/>\n<meta property=\"og:type\" content=\"article\" \/>\n<meta property=\"og:title\" content=\"Un nouveau Pacte Logement 2.0 d\u00e9voil\u00e9 - atHome Blog\" \/>\n<meta property=\"og:description\" content=\"Lors de la conf\u00e9rence de presse du 30 juillet 2020, le ministre du Logement, Henri Kox, et la ministre de l\u2019Int\u00e9rieur, Taina Bofferding, ont pr\u00e9sent\u00e9 le projet de loi d\u00e9finissant la collaboration future entre l\u2019Etat et les communes afin de stimuler l\u2019offre de logements abordables\" \/>\n<meta property=\"og:url\" content=\"https:\/\/www.athome.lu\/blog\/mon-logement\/actualites\/un-nouveau-pacte-logement-2-0-devoile\/\" \/>\n<meta property=\"og:site_name\" content=\"atHome Blog\" \/>\n<meta property=\"article:publisher\" content=\"https:\/\/www.facebook.com\/atHome.lu\/\" \/>\n<meta property=\"article:published_time\" content=\"2020-07-30T14:37:36+00:00\" \/>\n<meta property=\"article:modified_time\" content=\"2022-05-11T09:29:23+00:00\" \/>\n<meta property=\"og:image\" content=\"https:\/\/www.athome.lu\/blog\/wp-content\/uploads\/2020\/07\/thumb-xxhdpi.jpg\" \/>\n\t<meta property=\"og:image:width\" content=\"1281\" \/>\n\t<meta property=\"og:image:height\" content=\"905\" \/>\n\t<meta property=\"og:image:type\" content=\"image\/jpeg\" \/>\n<meta name=\"author\" content=\"Fanny Pimentel\" \/>\n<meta name=\"twitter:card\" content=\"summary_large_image\" \/>\n<meta name=\"twitter:creator\" content=\"@athomelu\" \/>\n<meta name=\"twitter:site\" content=\"@athomelu\" \/>\n<meta name=\"twitter:label1\" content=\"\u00c9crit par\" \/>\n\t<meta name=\"twitter:data1\" content=\"Fanny Pimentel\" \/>\n\t<meta name=\"twitter:label2\" content=\"Dur\u00e9e de lecture estim\u00e9e\" \/>\n\t<meta name=\"twitter:data2\" content=\"4 minutes\" \/>\n<script type=\"application\/ld+json\" class=\"yoast-schema-graph\">{\"@context\":\"https:\\\/\\\/schema.org\",\"@graph\":[{\"@type\":\"Article\",\"@id\":\"https:\\\/\\\/www.athome.lu\\\/blog\\\/mon-logement\\\/actualites\\\/un-nouveau-pacte-logement-2-0-devoile\\\/#article\",\"isPartOf\":{\"@id\":\"https:\\\/\\\/www.athome.lu\\\/blog\\\/mon-logement\\\/actualites\\\/un-nouveau-pacte-logement-2-0-devoile\\\/\"},\"author\":{\"name\":\"Fanny Pimentel\",\"@id\":\"https:\\\/\\\/www.athome.lu\\\/blog\\\/#\\\/schema\\\/person\\\/47f7a38089f837e792876ceddc4cb2dc\"},\"headline\":\"Un nouveau Pacte Logement 2.0 d\u00e9voil\u00e9\",\"datePublished\":\"2020-07-30T14:37:36+00:00\",\"dateModified\":\"2022-05-11T09:29:23+00:00\",\"mainEntityOfPage\":{\"@id\":\"https:\\\/\\\/www.athome.lu\\\/blog\\\/mon-logement\\\/actualites\\\/un-nouveau-pacte-logement-2-0-devoile\\\/\"},\"wordCount\":886,\"image\":{\"@id\":\"https:\\\/\\\/www.athome.lu\\\/blog\\\/mon-logement\\\/actualites\\\/un-nouveau-pacte-logement-2-0-devoile\\\/#primaryimage\"},\"thumbnailUrl\":\"https:\\\/\\\/www.athome.lu\\\/blog\\\/wp-content\\\/uploads\\\/2020\\\/07\\\/thumb-xxhdpi.jpg\",\"articleSection\":[\"Actualit\u00e9s\"],\"inLanguage\":\"fr-FR\"},{\"@type\":\"WebPage\",\"@id\":\"https:\\\/\\\/www.athome.lu\\\/blog\\\/mon-logement\\\/actualites\\\/un-nouveau-pacte-logement-2-0-devoile\\\/\",\"url\":\"https:\\\/\\\/www.athome.lu\\\/blog\\\/mon-logement\\\/actualites\\\/un-nouveau-pacte-logement-2-0-devoile\\\/\",\"name\":\"Un nouveau Pacte Logement 2.0 d\u00e9voil\u00e9 - atHome Blog\",\"isPartOf\":{\"@id\":\"https:\\\/\\\/www.athome.lu\\\/blog\\\/#website\"},\"primaryImageOfPage\":{\"@id\":\"https:\\\/\\\/www.athome.lu\\\/blog\\\/mon-logement\\\/actualites\\\/un-nouveau-pacte-logement-2-0-devoile\\\/#primaryimage\"},\"image\":{\"@id\":\"https:\\\/\\\/www.athome.lu\\\/blog\\\/mon-logement\\\/actualites\\\/un-nouveau-pacte-logement-2-0-devoile\\\/#primaryimage\"},\"thumbnailUrl\":\"https:\\\/\\\/www.athome.lu\\\/blog\\\/wp-content\\\/uploads\\\/2020\\\/07\\\/thumb-xxhdpi.jpg\",\"datePublished\":\"2020-07-30T14:37:36+00:00\",\"dateModified\":\"2022-05-11T09:29:23+00:00\",\"author\":{\"@id\":\"https:\\\/\\\/www.athome.lu\\\/blog\\\/#\\\/schema\\\/person\\\/47f7a38089f837e792876ceddc4cb2dc\"},\"description\":\"Lors de la conf\u00e9rence de presse du 30 juillet 2020, le ministre du Logement, Henri Kox, et la ministre de l\u2019Int\u00e9rieur, Taina Bofferding, ont pr\u00e9sent\u00e9 le projet de loi d\u00e9finissant la collaboration future entre l\u2019Etat et les communes afin de stimuler l\u2019offre de logements abordables\",\"breadcrumb\":{\"@id\":\"https:\\\/\\\/www.athome.lu\\\/blog\\\/mon-logement\\\/actualites\\\/un-nouveau-pacte-logement-2-0-devoile\\\/#breadcrumb\"},\"inLanguage\":\"fr-FR\",\"potentialAction\":[{\"@type\":\"ReadAction\",\"target\":[\"https:\\\/\\\/www.athome.lu\\\/blog\\\/mon-logement\\\/actualites\\\/un-nouveau-pacte-logement-2-0-devoile\\\/\"]}]},{\"@type\":\"ImageObject\",\"inLanguage\":\"fr-FR\",\"@id\":\"https:\\\/\\\/www.athome.lu\\\/blog\\\/mon-logement\\\/actualites\\\/un-nouveau-pacte-logement-2-0-devoile\\\/#primaryimage\",\"url\":\"https:\\\/\\\/www.athome.lu\\\/blog\\\/wp-content\\\/uploads\\\/2020\\\/07\\\/thumb-xxhdpi.jpg\",\"contentUrl\":\"https:\\\/\\\/www.athome.lu\\\/blog\\\/wp-content\\\/uploads\\\/2020\\\/07\\\/thumb-xxhdpi.jpg\",\"width\":1281,\"height\":905,\"caption\":\"Cr\u00e9dit photo : Minist\u00e8re du Logement\"},{\"@type\":\"BreadcrumbList\",\"@id\":\"https:\\\/\\\/www.athome.lu\\\/blog\\\/mon-logement\\\/actualites\\\/un-nouveau-pacte-logement-2-0-devoile\\\/#breadcrumb\",\"itemListElement\":[{\"@type\":\"ListItem\",\"position\":1,\"name\":\"Accueil\",\"item\":\"https:\\\/\\\/www.athome.lu\\\/blog\\\/\"},{\"@type\":\"ListItem\",\"position\":2,\"name\":\"Mon logement\",\"item\":\"https:\\\/\\\/www.athome.lu\\\/blog\\\/de\\\/category\\\/mein-haus\\\/\"},{\"@type\":\"ListItem\",\"position\":3,\"name\":\"Actualit\u00e9s\",\"item\":\"https:\\\/\\\/www.athome.lu\\\/blog\\\/en\\\/category\\\/my-home\\\/news\\\/\"},{\"@type\":\"ListItem\",\"position\":4,\"name\":\"Un nouveau Pacte Logement 2.0 d\u00e9voil\u00e9\"}]},{\"@type\":\"WebSite\",\"@id\":\"https:\\\/\\\/www.athome.lu\\\/blog\\\/#website\",\"url\":\"https:\\\/\\\/www.athome.lu\\\/blog\\\/\",\"name\":\"atHome Blog\",\"description\":\"Annonces immobili\u00e8res au Luxembourg. Le portail immobilier n\u00b01 au Luxembourg.\",\"potentialAction\":[{\"@type\":\"SearchAction\",\"target\":{\"@type\":\"EntryPoint\",\"urlTemplate\":\"https:\\\/\\\/www.athome.lu\\\/blog\\\/?s={search_term_string}\"},\"query-input\":{\"@type\":\"PropertyValueSpecification\",\"valueRequired\":true,\"valueName\":\"search_term_string\"}}],\"inLanguage\":\"fr-FR\"},{\"@type\":\"Person\",\"@id\":\"https:\\\/\\\/www.athome.lu\\\/blog\\\/#\\\/schema\\\/person\\\/47f7a38089f837e792876ceddc4cb2dc\",\"name\":\"Fanny Pimentel\",\"image\":{\"@type\":\"ImageObject\",\"inLanguage\":\"fr-FR\",\"@id\":\"https:\\\/\\\/secure.gravatar.com\\\/avatar\\\/c60b27b93851dc9503f9cc9150e73dcb0a86ba6150657e5e4b11d988400bc633?s=96&d=mm&r=g\",\"url\":\"https:\\\/\\\/secure.gravatar.com\\\/avatar\\\/c60b27b93851dc9503f9cc9150e73dcb0a86ba6150657e5e4b11d988400bc633?s=96&d=mm&r=g\",\"contentUrl\":\"https:\\\/\\\/secure.gravatar.com\\\/avatar\\\/c60b27b93851dc9503f9cc9150e73dcb0a86ba6150657e5e4b11d988400bc633?s=96&d=mm&r=g\",\"caption\":\"Fanny Pimentel\"}}]}<\/script>\n<!-- \/ Yoast SEO plugin. -->","yoast_head_json":{"title":"Un nouveau Pacte Logement 2.0 d\u00e9voil\u00e9 - atHome Blog","description":"Lors de la conf\u00e9rence de presse du 30 juillet 2020, le ministre du Logement, Henri Kox, et la ministre de l\u2019Int\u00e9rieur, Taina Bofferding, ont pr\u00e9sent\u00e9 le projet de loi d\u00e9finissant la collaboration future entre l\u2019Etat et les communes afin de stimuler l\u2019offre de logements abordables","robots":{"index":"index","follow":"follow","max-snippet":"max-snippet:-1","max-image-preview":"max-image-preview:large","max-video-preview":"max-video-preview:-1"},"canonical":"https:\/\/www.athome.lu\/blog\/mon-logement\/actualites\/un-nouveau-pacte-logement-2-0-devoile\/","og_locale":"fr_FR","og_type":"article","og_title":"Un nouveau Pacte Logement 2.0 d\u00e9voil\u00e9 - atHome Blog","og_description":"Lors de la conf\u00e9rence de presse du 30 juillet 2020, le ministre du Logement, Henri Kox, et la ministre de l\u2019Int\u00e9rieur, Taina Bofferding, ont pr\u00e9sent\u00e9 le projet de loi d\u00e9finissant la collaboration future entre l\u2019Etat et les communes afin de stimuler l\u2019offre de logements abordables","og_url":"https:\/\/www.athome.lu\/blog\/mon-logement\/actualites\/un-nouveau-pacte-logement-2-0-devoile\/","og_site_name":"atHome Blog","article_publisher":"https:\/\/www.facebook.com\/atHome.lu\/","article_published_time":"2020-07-30T14:37:36+00:00","article_modified_time":"2022-05-11T09:29:23+00:00","og_image":[{"width":1281,"height":905,"url":"https:\/\/www.athome.lu\/blog\/wp-content\/uploads\/2020\/07\/thumb-xxhdpi.jpg","type":"image\/jpeg"}],"author":"Fanny Pimentel","twitter_card":"summary_large_image","twitter_creator":"@athomelu","twitter_site":"@athomelu","twitter_misc":{"\u00c9crit par":"Fanny Pimentel","Dur\u00e9e de lecture estim\u00e9e":"4 minutes"},"schema":{"@context":"https:\/\/schema.org","@graph":[{"@type":"Article","@id":"https:\/\/www.athome.lu\/blog\/mon-logement\/actualites\/un-nouveau-pacte-logement-2-0-devoile\/#article","isPartOf":{"@id":"https:\/\/www.athome.lu\/blog\/mon-logement\/actualites\/un-nouveau-pacte-logement-2-0-devoile\/"},"author":{"name":"Fanny Pimentel","@id":"https:\/\/www.athome.lu\/blog\/#\/schema\/person\/47f7a38089f837e792876ceddc4cb2dc"},"headline":"Un nouveau Pacte Logement 2.0 d\u00e9voil\u00e9","datePublished":"2020-07-30T14:37:36+00:00","dateModified":"2022-05-11T09:29:23+00:00","mainEntityOfPage":{"@id":"https:\/\/www.athome.lu\/blog\/mon-logement\/actualites\/un-nouveau-pacte-logement-2-0-devoile\/"},"wordCount":886,"image":{"@id":"https:\/\/www.athome.lu\/blog\/mon-logement\/actualites\/un-nouveau-pacte-logement-2-0-devoile\/#primaryimage"},"thumbnailUrl":"https:\/\/www.athome.lu\/blog\/wp-content\/uploads\/2020\/07\/thumb-xxhdpi.jpg","articleSection":["Actualit\u00e9s"],"inLanguage":"fr-FR"},{"@type":"WebPage","@id":"https:\/\/www.athome.lu\/blog\/mon-logement\/actualites\/un-nouveau-pacte-logement-2-0-devoile\/","url":"https:\/\/www.athome.lu\/blog\/mon-logement\/actualites\/un-nouveau-pacte-logement-2-0-devoile\/","name":"Un nouveau Pacte Logement 2.0 d\u00e9voil\u00e9 - atHome Blog","isPartOf":{"@id":"https:\/\/www.athome.lu\/blog\/#website"},"primaryImageOfPage":{"@id":"https:\/\/www.athome.lu\/blog\/mon-logement\/actualites\/un-nouveau-pacte-logement-2-0-devoile\/#primaryimage"},"image":{"@id":"https:\/\/www.athome.lu\/blog\/mon-logement\/actualites\/un-nouveau-pacte-logement-2-0-devoile\/#primaryimage"},"thumbnailUrl":"https:\/\/www.athome.lu\/blog\/wp-content\/uploads\/2020\/07\/thumb-xxhdpi.jpg","datePublished":"2020-07-30T14:37:36+00:00","dateModified":"2022-05-11T09:29:23+00:00","author":{"@id":"https:\/\/www.athome.lu\/blog\/#\/schema\/person\/47f7a38089f837e792876ceddc4cb2dc"},"description":"Lors de la conf\u00e9rence de presse du 30 juillet 2020, le ministre du Logement, Henri Kox, et la ministre de l\u2019Int\u00e9rieur, Taina Bofferding, ont pr\u00e9sent\u00e9 le projet de loi d\u00e9finissant la collaboration future entre l\u2019Etat et les communes afin de stimuler l\u2019offre de logements abordables","breadcrumb":{"@id":"https:\/\/www.athome.lu\/blog\/mon-logement\/actualites\/un-nouveau-pacte-logement-2-0-devoile\/#breadcrumb"},"inLanguage":"fr-FR","potentialAction":[{"@type":"ReadAction","target":["https:\/\/www.athome.lu\/blog\/mon-logement\/actualites\/un-nouveau-pacte-logement-2-0-devoile\/"]}]},{"@type":"ImageObject","inLanguage":"fr-FR","@id":"https:\/\/www.athome.lu\/blog\/mon-logement\/actualites\/un-nouveau-pacte-logement-2-0-devoile\/#primaryimage","url":"https:\/\/www.athome.lu\/blog\/wp-content\/uploads\/2020\/07\/thumb-xxhdpi.jpg","contentUrl":"https:\/\/www.athome.lu\/blog\/wp-content\/uploads\/2020\/07\/thumb-xxhdpi.jpg","width":1281,"height":905,"caption":"Cr\u00e9dit photo : Minist\u00e8re du Logement"},{"@type":"BreadcrumbList","@id":"https:\/\/www.athome.lu\/blog\/mon-logement\/actualites\/un-nouveau-pacte-logement-2-0-devoile\/#breadcrumb","itemListElement":[{"@type":"ListItem","position":1,"name":"Accueil","item":"https:\/\/www.athome.lu\/blog\/"},{"@type":"ListItem","position":2,"name":"Mon logement","item":"https:\/\/www.athome.lu\/blog\/de\/category\/mein-haus\/"},{"@type":"ListItem","position":3,"name":"Actualit\u00e9s","item":"https:\/\/www.athome.lu\/blog\/en\/category\/my-home\/news\/"},{"@type":"ListItem","position":4,"name":"Un nouveau Pacte Logement 2.0 d\u00e9voil\u00e9"}]},{"@type":"WebSite","@id":"https:\/\/www.athome.lu\/blog\/#website","url":"https:\/\/www.athome.lu\/blog\/","name":"atHome Blog","description":"Annonces immobili\u00e8res au Luxembourg. Le portail immobilier n\u00b01 au Luxembourg.","potentialAction":[{"@type":"SearchAction","target":{"@type":"EntryPoint","urlTemplate":"https:\/\/www.athome.lu\/blog\/?s={search_term_string}"},"query-input":{"@type":"PropertyValueSpecification","valueRequired":true,"valueName":"search_term_string"}}],"inLanguage":"fr-FR"},{"@type":"Person","@id":"https:\/\/www.athome.lu\/blog\/#\/schema\/person\/47f7a38089f837e792876ceddc4cb2dc","name":"Fanny Pimentel","image":{"@type":"ImageObject","inLanguage":"fr-FR","@id":"https:\/\/secure.gravatar.com\/avatar\/c60b27b93851dc9503f9cc9150e73dcb0a86ba6150657e5e4b11d988400bc633?s=96&d=mm&r=g","url":"https:\/\/secure.gravatar.com\/avatar\/c60b27b93851dc9503f9cc9150e73dcb0a86ba6150657e5e4b11d988400bc633?s=96&d=mm&r=g","contentUrl":"https:\/\/secure.gravatar.com\/avatar\/c60b27b93851dc9503f9cc9150e73dcb0a86ba6150657e5e4b11d988400bc633?s=96&d=mm&r=g","caption":"Fanny Pimentel"}}]}},"featured_media_src_url":"https:\/\/www.athome.lu\/blog\/wp-content\/uploads\/2020\/07\/thumb-xxhdpi-1024x723.jpg","_links":{"self":[{"href":"https:\/\/www.athome.lu\/blog\/wp-json\/wp\/v2\/posts\/12913","targetHints":{"allow":["GET"]}}],"collection":[{"href":"https:\/\/www.athome.lu\/blog\/wp-json\/wp\/v2\/posts"}],"about":[{"href":"https:\/\/www.athome.lu\/blog\/wp-json\/wp\/v2\/types\/post"}],"author":[{"embeddable":true,"href":"https:\/\/www.athome.lu\/blog\/wp-json\/wp\/v2\/users\/17"}],"replies":[{"embeddable":true,"href":"https:\/\/www.athome.lu\/blog\/wp-json\/wp\/v2\/comments?post=12913"}],"version-history":[{"count":2,"href":"https:\/\/www.athome.lu\/blog\/wp-json\/wp\/v2\/posts\/12913\/revisions"}],"predecessor-version":[{"id":14958,"href":"https:\/\/www.athome.lu\/blog\/wp-json\/wp\/v2\/posts\/12913\/revisions\/14958"}],"wp:featuredmedia":[{"embeddable":true,"href":"https:\/\/www.athome.lu\/blog\/wp-json\/wp\/v2\/media\/12914"}],"wp:attachment":[{"href":"https:\/\/www.athome.lu\/blog\/wp-json\/wp\/v2\/media?parent=12913"}],"wp:term":[{"taxonomy":"category","embeddable":true,"href":"https:\/\/www.athome.lu\/blog\/wp-json\/wp\/v2\/categories?post=12913"},{"taxonomy":"post_tag","embeddable":true,"href":"https:\/\/www.athome.lu\/blog\/wp-json\/wp\/v2\/tags?post=12913"}],"curies":[{"name":"wp","href":"https:\/\/api.w.org\/{rel}","templated":true}]}}