{"id":13217,"date":"2021-02-18T13:58:57","date_gmt":"2021-02-18T12:58:57","guid":{"rendered":"https:\/\/www.athome.lu\/blog\/?p=13217"},"modified":"2022-05-11T11:13:31","modified_gmt":"2022-05-11T09:13:31","slug":"le-temoignage-de-joan-sara","status":"publish","type":"post","link":"https:\/\/www.athome.lu\/blog\/acheter\/pret-immobilier\/le-temoignage-de-joan-sara\/","title":{"rendered":"Le t\u00e9moignage de Joan &#038; Sara"},"content":{"rendered":"<p><span style=\"color: #000000;\">Le #pr\u00eatjug\u00e9 le plus r\u00e9pandu ? Il faut un budget cons\u00e9quent pour devenir propri\u00e9taire au Luxembourg. Chaque semaine, d\u00e9couvrez le t\u00e9moignage de nos clients atHomeFinance qui sont devenus propri\u00e9taires avec un petit budget.<\/span><\/p>\n<p><img loading=\"lazy\" decoding=\"async\" class=\"alignnone size-medium\" src=\"https:\/\/media.giphy.com\/media\/wKKnvfqzNOzo3Q3TwY\/giphy.gif\" width=\"480\" height=\"332\"><\/p>\n<h4><span style=\"color: #333333;\">Etait-ce votre premier achat et avez-vous achet\u00e9 seul(e) ou en couple ?<\/span><\/h4>\n<p><strong><span style=\"color: #000000;\">\"Oui, c'est notre premier achat, et nous l'avons r\u00e9alis\u00e9 en couple.\"<\/span><\/strong><\/p>\n<h4><span style=\"color: #333333;\"><br \/>\nQuel \u00e9tait approximativement votre salaire mensuel (cumul\u00e9s si achet\u00e9 en couple) au moment de l\u2019achat ?<\/span><\/h4>\n<p><strong><span style=\"color: #000000;\">\"Environ 5200 euros net \u00e0 deux, mais avec un pr\u00eat de 600 euros \u00e0 rembourser donc plut\u00f4t 4600.\"<\/span><\/strong><\/p>\n<h4><span style=\"color: #333333;\"><br \/>\n\u00c0 quel montant avez-vous-achet\u00e9 votre bien ?<\/span><\/h4>\n<p><strong><span style=\"color: #000000;\">\"650 000 appartement + 55 000 parking (+20 000 euros budget cuisine).\"<\/span><\/strong><\/p>\n<h4><span style=\"color: #333333;\"><br \/>\nQuelle \u00e9tait la date d\u2019achat ?<\/span><\/h4>\n<p><strong><span style=\"color: #000000;\">\"Signature notaire mai 2020, signature du pr\u00eat janvier 2020.\"<\/span><\/strong><\/p>\n<h4><span style=\"color: #333333;\"><br \/>\nAvez-vous n\u00e9goci\u00e9 ?<\/span><\/h4>\n<p><strong><span style=\"color: #000000;\">\"Non, c'est du neuf.\"<\/span><\/strong><\/p>\n<h4><img loading=\"lazy\" decoding=\"async\" class=\"alignnone size-medium\" src=\"https:\/\/media.giphy.com\/media\/xT5LMyJumn03ezhDvW\/giphy.gif\" width=\"480\" height=\"362\"><\/h4>\n<h4><span style=\"color: #333333;\"><br \/>\nAvez-vous choisi un taux fixe ou un taux variable ?<\/span><\/h4>\n<p><strong><span style=\"color: #000000;\">\"Un m\u00e9lange des deux, 10 ans de taux fixe puis 20 ans de taux variable.\"<\/span><\/strong><\/p>\n<h4><span style=\"color: #333333;\"><br \/>\nSur combien d\u2019ann\u00e9es allez-vous rembourser votre pr\u00eat et \u00e0 combien s'\u00e9l\u00e8vent vos mensualit\u00e9s ?<\/span><\/h4>\n<p><strong><span style=\"color: #000000;\">\"2450\u20ac hors assurance pendant 30 ans.\"<\/span><\/strong><\/p>\n<h4><span style=\"color: #333333;\"><br \/>\n\u00c0 quoi ressemble votre bien ?<\/span><\/h4>\n<p><strong><span style=\"color: #000000;\">\"Appartement de 62m2 sur plan, 1 chambre parentale avec dressing et salle de bains, pi\u00e8ce \u00e0 vivre et wc s\u00e9par\u00e9s. Cave et parking.\"<\/span><\/strong><\/p>\n<h4><span style=\"color: #333333;\"><br \/>\nAvez-vous fait ou pr\u00e9vu des travaux ?<\/span><\/h4>\n<p><strong><span style=\"color: #000000;\">\"Comme c'est neuf nous avons le choix pour tout, pas besoin de travaux :)\"<\/span><\/strong><\/p>\n<h4><span style=\"color: #333333;\"><br \/>\nCombien de temps s\u2019est \u00e9coul\u00e9 entre la prise de contact avec atHome Finance et la signature de votre bien ?<\/span><\/h4>\n<p><strong><span style=\"color: #000000;\">\"Nous avons dans un premier temps effectu\u00e9 une capacit\u00e9 d'emprunt en octobre pour d\u00e9finir le budget et avons trouv\u00e9 un bien en d\u00e9cembre un peu par hasard. Le courtier avait d\u00e9j\u00e0 tous les \u00e9l\u00e9ments donc le dossier a \u00e9t\u00e9 mont\u00e9 tr\u00e8s rapidement. Comme c'\u00e9tait un achat sur plan nous avions vers\u00e9 de l'argent afin de bloquer le contrat de r\u00e9servation et avions un d\u00e9lai tr\u00e8s court pour trouver une banque mais heureusement le courtier a \u00e9t\u00e9 tr\u00e8s r\u00e9actif.\"<\/span><\/strong><\/p>\n<h4><span style=\"color: #333333;\"><br \/>\nAvez-vous un retour sur votre exp\u00e9rience avec atHome Finance ?<\/span><\/h4>\n<p><strong><span style=\"color: #000000;\">\"Je pense que sans ce service nous n'aurions jamais pu acheter ce bien. Le bien \u00e9tait au-dessus du budget estim\u00e9 lors de notre capacit\u00e9 d'emprunt et le courtier a r\u00e9ussi \u00e0 mettre en avant notre profil, notre situation stable pour nous obtenir le pr\u00eat. Aujourd'hui nous ne regrettons absolument pas notre achat et si nous devions recommencer l'exp\u00e9rience nous contacterions atHomeFinance sans h\u00e9siter.\"<\/span><\/strong><\/p>\n","protected":false},"excerpt":{"rendered":"<p>Le #pr\u00eatjug\u00e9 le plus r\u00e9pandu ? Il faut un budget cons\u00e9quent pour devenir propri\u00e9taire au Luxembourg. Chaque semaine, d\u00e9couvrez le t\u00e9moignage de nos clients atHomeFinance qui sont devenus propri\u00e9taires avec un petit budget. Etait-ce votre premier achat et avez-vous achet\u00e9 seul(e) ou en couple ? \"Oui, c'est notre premier achat, et nous l'avons r\u00e9alis\u00e9 en [&hellip;]<\/p>\n","protected":false},"author":17,"featured_media":13218,"comment_status":"closed","ping_status":"closed","sticky":false,"template":"","format":"standard","meta":{"_acf_changed":false,"footnotes":""},"categories":[207],"tags":[144,146,147,145],"class_list":["post-13217","post","type-post","status-publish","format-standard","has-post-thumbnail","hentry","category-pret-immobilier","tag-capacite-demprunt","tag-prejuge","tag-pretjuge","tag-temoignage"],"acf":[],"yoast_head":"<!-- This site is optimized with the Yoast SEO plugin v27.4 - https:\/\/yoast.com\/product\/yoast-seo-wordpress\/ -->\n<title>Le t\u00e9moignage de Joan &amp; Sara - atHome Blog<\/title>\n<meta name=\"robots\" content=\"index, follow, max-snippet:-1, max-image-preview:large, max-video-preview:-1\" \/>\n<link rel=\"canonical\" href=\"https:\/\/www.athome.lu\/blog\/acheter\/pret-immobilier\/le-temoignage-de-joan-sara\/\" \/>\n<meta property=\"og:locale\" content=\"fr_FR\" \/>\n<meta property=\"og:type\" content=\"article\" \/>\n<meta property=\"og:title\" content=\"Le t\u00e9moignage de Joan &amp; Sara - atHome Blog\" \/>\n<meta property=\"og:description\" content=\"Le #pr\u00eatjug\u00e9 le plus r\u00e9pandu ? Il faut un budget cons\u00e9quent pour devenir propri\u00e9taire au Luxembourg. Chaque semaine, d\u00e9couvrez le t\u00e9moignage de nos clients atHomeFinance qui sont devenus propri\u00e9taires avec un petit budget. Etait-ce votre premier achat et avez-vous achet\u00e9 seul(e) ou en couple ? &quot;Oui, c&#039;est notre premier achat, et nous l&#039;avons r\u00e9alis\u00e9 en [&hellip;]\" \/>\n<meta property=\"og:url\" content=\"https:\/\/www.athome.lu\/blog\/acheter\/pret-immobilier\/le-temoignage-de-joan-sara\/\" \/>\n<meta property=\"og:site_name\" content=\"atHome Blog\" \/>\n<meta property=\"article:publisher\" content=\"https:\/\/www.facebook.com\/atHome.lu\/\" \/>\n<meta property=\"article:published_time\" content=\"2021-02-18T12:58:57+00:00\" \/>\n<meta property=\"article:modified_time\" content=\"2022-05-11T09:13:31+00:00\" \/>\n<meta property=\"og:image\" content=\"https:\/\/www.athome.lu\/blog\/wp-content\/uploads\/2021\/02\/maria-ziegler-jJnZg7vBfMs-unsplash-scaled.jpg\" \/>\n\t<meta property=\"og:image:width\" content=\"2560\" \/>\n\t<meta property=\"og:image:height\" content=\"1922\" \/>\n\t<meta property=\"og:image:type\" content=\"image\/jpeg\" \/>\n<meta name=\"author\" content=\"Fanny Pimentel\" \/>\n<meta name=\"twitter:card\" content=\"summary_large_image\" \/>\n<meta name=\"twitter:creator\" content=\"@athomelu\" \/>\n<meta name=\"twitter:site\" content=\"@athomelu\" \/>\n<meta name=\"twitter:label1\" content=\"\u00c9crit par\" \/>\n\t<meta name=\"twitter:data1\" content=\"Fanny Pimentel\" \/>\n\t<meta name=\"twitter:label2\" content=\"Dur\u00e9e de lecture estim\u00e9e\" \/>\n\t<meta name=\"twitter:data2\" content=\"3 minutes\" \/>\n<script type=\"application\/ld+json\" class=\"yoast-schema-graph\">{\"@context\":\"https:\\\/\\\/schema.org\",\"@graph\":[{\"@type\":\"Article\",\"@id\":\"https:\\\/\\\/www.athome.lu\\\/blog\\\/acheter\\\/pret-immobilier\\\/le-temoignage-de-joan-sara\\\/#article\",\"isPartOf\":{\"@id\":\"https:\\\/\\\/www.athome.lu\\\/blog\\\/acheter\\\/pret-immobilier\\\/le-temoignage-de-joan-sara\\\/\"},\"author\":{\"name\":\"Fanny Pimentel\",\"@id\":\"https:\\\/\\\/www.athome.lu\\\/blog\\\/#\\\/schema\\\/person\\\/47f7a38089f837e792876ceddc4cb2dc\"},\"headline\":\"Le t\u00e9moignage de Joan &#038; Sara\",\"datePublished\":\"2021-02-18T12:58:57+00:00\",\"dateModified\":\"2022-05-11T09:13:31+00:00\",\"mainEntityOfPage\":{\"@id\":\"https:\\\/\\\/www.athome.lu\\\/blog\\\/acheter\\\/pret-immobilier\\\/le-temoignage-de-joan-sara\\\/\"},\"wordCount\":410,\"image\":{\"@id\":\"https:\\\/\\\/www.athome.lu\\\/blog\\\/acheter\\\/pret-immobilier\\\/le-temoignage-de-joan-sara\\\/#primaryimage\"},\"thumbnailUrl\":\"https:\\\/\\\/www.athome.lu\\\/blog\\\/wp-content\\\/uploads\\\/2021\\\/02\\\/maria-ziegler-jJnZg7vBfMs-unsplash-scaled.jpg\",\"keywords\":[\"capacit\u00e9 d'emprunt\",\"pr\u00e9jug\u00e9\",\"pr\u00eatjug\u00e9\",\"t\u00e9moignage\"],\"articleSection\":[\"Pr\u00eat Immobilier\"],\"inLanguage\":\"fr-FR\"},{\"@type\":\"WebPage\",\"@id\":\"https:\\\/\\\/www.athome.lu\\\/blog\\\/acheter\\\/pret-immobilier\\\/le-temoignage-de-joan-sara\\\/\",\"url\":\"https:\\\/\\\/www.athome.lu\\\/blog\\\/acheter\\\/pret-immobilier\\\/le-temoignage-de-joan-sara\\\/\",\"name\":\"Le t\u00e9moignage de Joan & Sara - atHome Blog\",\"isPartOf\":{\"@id\":\"https:\\\/\\\/www.athome.lu\\\/blog\\\/#website\"},\"primaryImageOfPage\":{\"@id\":\"https:\\\/\\\/www.athome.lu\\\/blog\\\/acheter\\\/pret-immobilier\\\/le-temoignage-de-joan-sara\\\/#primaryimage\"},\"image\":{\"@id\":\"https:\\\/\\\/www.athome.lu\\\/blog\\\/acheter\\\/pret-immobilier\\\/le-temoignage-de-joan-sara\\\/#primaryimage\"},\"thumbnailUrl\":\"https:\\\/\\\/www.athome.lu\\\/blog\\\/wp-content\\\/uploads\\\/2021\\\/02\\\/maria-ziegler-jJnZg7vBfMs-unsplash-scaled.jpg\",\"datePublished\":\"2021-02-18T12:58:57+00:00\",\"dateModified\":\"2022-05-11T09:13:31+00:00\",\"author\":{\"@id\":\"https:\\\/\\\/www.athome.lu\\\/blog\\\/#\\\/schema\\\/person\\\/47f7a38089f837e792876ceddc4cb2dc\"},\"breadcrumb\":{\"@id\":\"https:\\\/\\\/www.athome.lu\\\/blog\\\/acheter\\\/pret-immobilier\\\/le-temoignage-de-joan-sara\\\/#breadcrumb\"},\"inLanguage\":\"fr-FR\",\"potentialAction\":[{\"@type\":\"ReadAction\",\"target\":[\"https:\\\/\\\/www.athome.lu\\\/blog\\\/acheter\\\/pret-immobilier\\\/le-temoignage-de-joan-sara\\\/\"]}]},{\"@type\":\"ImageObject\",\"inLanguage\":\"fr-FR\",\"@id\":\"https:\\\/\\\/www.athome.lu\\\/blog\\\/acheter\\\/pret-immobilier\\\/le-temoignage-de-joan-sara\\\/#primaryimage\",\"url\":\"https:\\\/\\\/www.athome.lu\\\/blog\\\/wp-content\\\/uploads\\\/2021\\\/02\\\/maria-ziegler-jJnZg7vBfMs-unsplash-scaled.jpg\",\"contentUrl\":\"https:\\\/\\\/www.athome.lu\\\/blog\\\/wp-content\\\/uploads\\\/2021\\\/02\\\/maria-ziegler-jJnZg7vBfMs-unsplash-scaled.jpg\",\"width\":2560,\"height\":1922},{\"@type\":\"BreadcrumbList\",\"@id\":\"https:\\\/\\\/www.athome.lu\\\/blog\\\/acheter\\\/pret-immobilier\\\/le-temoignage-de-joan-sara\\\/#breadcrumb\",\"itemListElement\":[{\"@type\":\"ListItem\",\"position\":1,\"name\":\"Accueil\",\"item\":\"https:\\\/\\\/www.athome.lu\\\/blog\\\/\"},{\"@type\":\"ListItem\",\"position\":2,\"name\":\"Acheter\",\"item\":\"https:\\\/\\\/www.athome.lu\\\/blog\\\/en\\\/category\\\/buy\\\/\"},{\"@type\":\"ListItem\",\"position\":3,\"name\":\"Pr\u00eat Immobilier\",\"item\":\"https:\\\/\\\/www.athome.lu\\\/blog\\\/en\\\/category\\\/buy\\\/home-loan\\\/\"},{\"@type\":\"ListItem\",\"position\":4,\"name\":\"Le t\u00e9moignage de Joan &#038; Sara\"}]},{\"@type\":\"WebSite\",\"@id\":\"https:\\\/\\\/www.athome.lu\\\/blog\\\/#website\",\"url\":\"https:\\\/\\\/www.athome.lu\\\/blog\\\/\",\"name\":\"atHome Blog\",\"description\":\"Annonces immobili\u00e8res au Luxembourg. Le portail immobilier n\u00b01 au Luxembourg.\",\"potentialAction\":[{\"@type\":\"SearchAction\",\"target\":{\"@type\":\"EntryPoint\",\"urlTemplate\":\"https:\\\/\\\/www.athome.lu\\\/blog\\\/?s={search_term_string}\"},\"query-input\":{\"@type\":\"PropertyValueSpecification\",\"valueRequired\":true,\"valueName\":\"search_term_string\"}}],\"inLanguage\":\"fr-FR\"},{\"@type\":\"Person\",\"@id\":\"https:\\\/\\\/www.athome.lu\\\/blog\\\/#\\\/schema\\\/person\\\/47f7a38089f837e792876ceddc4cb2dc\",\"name\":\"Fanny Pimentel\",\"image\":{\"@type\":\"ImageObject\",\"inLanguage\":\"fr-FR\",\"@id\":\"https:\\\/\\\/secure.gravatar.com\\\/avatar\\\/c60b27b93851dc9503f9cc9150e73dcb0a86ba6150657e5e4b11d988400bc633?s=96&d=mm&r=g\",\"url\":\"https:\\\/\\\/secure.gravatar.com\\\/avatar\\\/c60b27b93851dc9503f9cc9150e73dcb0a86ba6150657e5e4b11d988400bc633?s=96&d=mm&r=g\",\"contentUrl\":\"https:\\\/\\\/secure.gravatar.com\\\/avatar\\\/c60b27b93851dc9503f9cc9150e73dcb0a86ba6150657e5e4b11d988400bc633?s=96&d=mm&r=g\",\"caption\":\"Fanny Pimentel\"}}]}<\/script>\n<!-- \/ Yoast SEO plugin. -->","yoast_head_json":{"title":"Le t\u00e9moignage de Joan & Sara - atHome Blog","robots":{"index":"index","follow":"follow","max-snippet":"max-snippet:-1","max-image-preview":"max-image-preview:large","max-video-preview":"max-video-preview:-1"},"canonical":"https:\/\/www.athome.lu\/blog\/acheter\/pret-immobilier\/le-temoignage-de-joan-sara\/","og_locale":"fr_FR","og_type":"article","og_title":"Le t\u00e9moignage de Joan & Sara - atHome Blog","og_description":"Le #pr\u00eatjug\u00e9 le plus r\u00e9pandu ? Il faut un budget cons\u00e9quent pour devenir propri\u00e9taire au Luxembourg. Chaque semaine, d\u00e9couvrez le t\u00e9moignage de nos clients atHomeFinance qui sont devenus propri\u00e9taires avec un petit budget. Etait-ce votre premier achat et avez-vous achet\u00e9 seul(e) ou en couple ? \"Oui, c'est notre premier achat, et nous l'avons r\u00e9alis\u00e9 en [&hellip;]","og_url":"https:\/\/www.athome.lu\/blog\/acheter\/pret-immobilier\/le-temoignage-de-joan-sara\/","og_site_name":"atHome Blog","article_publisher":"https:\/\/www.facebook.com\/atHome.lu\/","article_published_time":"2021-02-18T12:58:57+00:00","article_modified_time":"2022-05-11T09:13:31+00:00","og_image":[{"width":2560,"height":1922,"url":"https:\/\/www.athome.lu\/blog\/wp-content\/uploads\/2021\/02\/maria-ziegler-jJnZg7vBfMs-unsplash-scaled.jpg","type":"image\/jpeg"}],"author":"Fanny Pimentel","twitter_card":"summary_large_image","twitter_creator":"@athomelu","twitter_site":"@athomelu","twitter_misc":{"\u00c9crit par":"Fanny Pimentel","Dur\u00e9e de lecture estim\u00e9e":"3 minutes"},"schema":{"@context":"https:\/\/schema.org","@graph":[{"@type":"Article","@id":"https:\/\/www.athome.lu\/blog\/acheter\/pret-immobilier\/le-temoignage-de-joan-sara\/#article","isPartOf":{"@id":"https:\/\/www.athome.lu\/blog\/acheter\/pret-immobilier\/le-temoignage-de-joan-sara\/"},"author":{"name":"Fanny Pimentel","@id":"https:\/\/www.athome.lu\/blog\/#\/schema\/person\/47f7a38089f837e792876ceddc4cb2dc"},"headline":"Le t\u00e9moignage de Joan &#038; Sara","datePublished":"2021-02-18T12:58:57+00:00","dateModified":"2022-05-11T09:13:31+00:00","mainEntityOfPage":{"@id":"https:\/\/www.athome.lu\/blog\/acheter\/pret-immobilier\/le-temoignage-de-joan-sara\/"},"wordCount":410,"image":{"@id":"https:\/\/www.athome.lu\/blog\/acheter\/pret-immobilier\/le-temoignage-de-joan-sara\/#primaryimage"},"thumbnailUrl":"https:\/\/www.athome.lu\/blog\/wp-content\/uploads\/2021\/02\/maria-ziegler-jJnZg7vBfMs-unsplash-scaled.jpg","keywords":["capacit\u00e9 d'emprunt","pr\u00e9jug\u00e9","pr\u00eatjug\u00e9","t\u00e9moignage"],"articleSection":["Pr\u00eat Immobilier"],"inLanguage":"fr-FR"},{"@type":"WebPage","@id":"https:\/\/www.athome.lu\/blog\/acheter\/pret-immobilier\/le-temoignage-de-joan-sara\/","url":"https:\/\/www.athome.lu\/blog\/acheter\/pret-immobilier\/le-temoignage-de-joan-sara\/","name":"Le t\u00e9moignage de Joan & Sara - atHome Blog","isPartOf":{"@id":"https:\/\/www.athome.lu\/blog\/#website"},"primaryImageOfPage":{"@id":"https:\/\/www.athome.lu\/blog\/acheter\/pret-immobilier\/le-temoignage-de-joan-sara\/#primaryimage"},"image":{"@id":"https:\/\/www.athome.lu\/blog\/acheter\/pret-immobilier\/le-temoignage-de-joan-sara\/#primaryimage"},"thumbnailUrl":"https:\/\/www.athome.lu\/blog\/wp-content\/uploads\/2021\/02\/maria-ziegler-jJnZg7vBfMs-unsplash-scaled.jpg","datePublished":"2021-02-18T12:58:57+00:00","dateModified":"2022-05-11T09:13:31+00:00","author":{"@id":"https:\/\/www.athome.lu\/blog\/#\/schema\/person\/47f7a38089f837e792876ceddc4cb2dc"},"breadcrumb":{"@id":"https:\/\/www.athome.lu\/blog\/acheter\/pret-immobilier\/le-temoignage-de-joan-sara\/#breadcrumb"},"inLanguage":"fr-FR","potentialAction":[{"@type":"ReadAction","target":["https:\/\/www.athome.lu\/blog\/acheter\/pret-immobilier\/le-temoignage-de-joan-sara\/"]}]},{"@type":"ImageObject","inLanguage":"fr-FR","@id":"https:\/\/www.athome.lu\/blog\/acheter\/pret-immobilier\/le-temoignage-de-joan-sara\/#primaryimage","url":"https:\/\/www.athome.lu\/blog\/wp-content\/uploads\/2021\/02\/maria-ziegler-jJnZg7vBfMs-unsplash-scaled.jpg","contentUrl":"https:\/\/www.athome.lu\/blog\/wp-content\/uploads\/2021\/02\/maria-ziegler-jJnZg7vBfMs-unsplash-scaled.jpg","width":2560,"height":1922},{"@type":"BreadcrumbList","@id":"https:\/\/www.athome.lu\/blog\/acheter\/pret-immobilier\/le-temoignage-de-joan-sara\/#breadcrumb","itemListElement":[{"@type":"ListItem","position":1,"name":"Accueil","item":"https:\/\/www.athome.lu\/blog\/"},{"@type":"ListItem","position":2,"name":"Acheter","item":"https:\/\/www.athome.lu\/blog\/en\/category\/buy\/"},{"@type":"ListItem","position":3,"name":"Pr\u00eat Immobilier","item":"https:\/\/www.athome.lu\/blog\/en\/category\/buy\/home-loan\/"},{"@type":"ListItem","position":4,"name":"Le t\u00e9moignage de Joan &#038; Sara"}]},{"@type":"WebSite","@id":"https:\/\/www.athome.lu\/blog\/#website","url":"https:\/\/www.athome.lu\/blog\/","name":"atHome Blog","description":"Annonces immobili\u00e8res au Luxembourg. Le portail immobilier n\u00b01 au Luxembourg.","potentialAction":[{"@type":"SearchAction","target":{"@type":"EntryPoint","urlTemplate":"https:\/\/www.athome.lu\/blog\/?s={search_term_string}"},"query-input":{"@type":"PropertyValueSpecification","valueRequired":true,"valueName":"search_term_string"}}],"inLanguage":"fr-FR"},{"@type":"Person","@id":"https:\/\/www.athome.lu\/blog\/#\/schema\/person\/47f7a38089f837e792876ceddc4cb2dc","name":"Fanny Pimentel","image":{"@type":"ImageObject","inLanguage":"fr-FR","@id":"https:\/\/secure.gravatar.com\/avatar\/c60b27b93851dc9503f9cc9150e73dcb0a86ba6150657e5e4b11d988400bc633?s=96&d=mm&r=g","url":"https:\/\/secure.gravatar.com\/avatar\/c60b27b93851dc9503f9cc9150e73dcb0a86ba6150657e5e4b11d988400bc633?s=96&d=mm&r=g","contentUrl":"https:\/\/secure.gravatar.com\/avatar\/c60b27b93851dc9503f9cc9150e73dcb0a86ba6150657e5e4b11d988400bc633?s=96&d=mm&r=g","caption":"Fanny Pimentel"}}]}},"featured_media_src_url":"https:\/\/www.athome.lu\/blog\/wp-content\/uploads\/2021\/02\/maria-ziegler-jJnZg7vBfMs-unsplash-scaled-1024x769.jpg","_links":{"self":[{"href":"https:\/\/www.athome.lu\/blog\/wp-json\/wp\/v2\/posts\/13217","targetHints":{"allow":["GET"]}}],"collection":[{"href":"https:\/\/www.athome.lu\/blog\/wp-json\/wp\/v2\/posts"}],"about":[{"href":"https:\/\/www.athome.lu\/blog\/wp-json\/wp\/v2\/types\/post"}],"author":[{"embeddable":true,"href":"https:\/\/www.athome.lu\/blog\/wp-json\/wp\/v2\/users\/17"}],"replies":[{"embeddable":true,"href":"https:\/\/www.athome.lu\/blog\/wp-json\/wp\/v2\/comments?post=13217"}],"version-history":[{"count":2,"href":"https:\/\/www.athome.lu\/blog\/wp-json\/wp\/v2\/posts\/13217\/revisions"}],"predecessor-version":[{"id":14923,"href":"https:\/\/www.athome.lu\/blog\/wp-json\/wp\/v2\/posts\/13217\/revisions\/14923"}],"wp:featuredmedia":[{"embeddable":true,"href":"https:\/\/www.athome.lu\/blog\/wp-json\/wp\/v2\/media\/13218"}],"wp:attachment":[{"href":"https:\/\/www.athome.lu\/blog\/wp-json\/wp\/v2\/media?parent=13217"}],"wp:term":[{"taxonomy":"category","embeddable":true,"href":"https:\/\/www.athome.lu\/blog\/wp-json\/wp\/v2\/categories?post=13217"},{"taxonomy":"post_tag","embeddable":true,"href":"https:\/\/www.athome.lu\/blog\/wp-json\/wp\/v2\/tags?post=13217"}],"curies":[{"name":"wp","href":"https:\/\/api.w.org\/{rel}","templated":true}]}}