{"id":13301,"date":"2021-03-12T16:08:46","date_gmt":"2021-03-12T15:08:46","guid":{"rendered":"https:\/\/www.athome.lu\/blog\/?p=13301"},"modified":"2022-05-11T11:11:19","modified_gmt":"2022-05-11T09:11:19","slug":"profil-dacquereur-le-radin-revendique","status":"publish","type":"post","link":"https:\/\/www.athome.lu\/blog\/acheter\/pret-immobilier\/profil-dacquereur-le-radin-revendique\/","title":{"rendered":"Profil d'acqu\u00e9reur : le radin revendiqu\u00e9"},"content":{"rendered":"<p><span style=\"color: #000000;\">Apr\u00e8s des ann\u00e9es d\u2019\u00e9pargne et de r\u00e9flexion, \u00e7a y est : vous vous sentez pr\u00eat \u00e0 passer le cap de l\u2019achat immobilier. Pourtant, c\u2019\u00e9tait loin d\u2019\u00eatre gagn\u00e9 ! Payer le prix fort vous para\u00eet impensable et vous \u00eates capable de faire 30 kilom\u00e8tres de plus pour acheter au juste prix. Souvent renomm\u00e9 Oncle Picsou par vos proches, vous entrez dans la cat\u00e9gorie des <strong>radins revendiqu\u00e9s<\/strong>&nbsp;! Difficile de le reconna\u00eetre&nbsp;? Faites notre <a style=\"color: #000000;\" href=\"https:\/\/www.athome.lu\/blog\/blog\/psycho-test-quel-acquereur-etes-vous\/\">psycho-test<\/a> pour en \u00eatre certain !<\/span><\/p>\n<p><span style=\"color: #000000;\">Respirez : pour vous, accro aux comparateurs de prix, nous avons une excellente nouvelle ! Nos courtiers font des <strong>comparatifs rien que pour vous<\/strong> et vous permettent de <strong>b\u00e9n\u00e9ficier des meilleures conditions<\/strong>.<\/span><\/p>\n<ul>\n<li><span style=\"color: #000000;\"><strong>7 banques en 1<\/strong> : atHomeFinance collabore avec 7 partenaires bancaires, ce qui permet \u00e0 votre courtier de n\u00e9gocier les meilleures conditions pour votre pr\u00eat immobilier.<\/span><\/li>\n<li><span style=\"color: #000000;\"><strong>Un service gratuit<\/strong> : on vous conna\u00eet par c\u0153ur, on sait que vous n\u2019aimez pas les d\u00e9penses superflues mais bonne nouvelle, atHomeFinance est un service totalement gratuit.<\/span><\/li>\n<\/ul>\n<p><span style=\"color: #000000;\">Alors, vous vous sentez mieux&nbsp;?<\/span><\/p>\n<p><span style=\"color: #000000;\"><img decoding=\"async\" src=\"https:\/\/media.giphy.com\/media\/LCdPNT81vlv3y\/giphy.gif\"><\/span><\/p>\n<p><span style=\"color: #000000;\">Prenez rendez-vous avec l\u2019un de nos courtiers&nbsp;<a style=\"color: #000000;\" href=\"https:\/\/www.athome.lu\/blog\/finance\/pret-immobilier\">en cliquant ici !<\/a><\/span><\/p>\n","protected":false},"excerpt":{"rendered":"<p>Apr\u00e8s des ann\u00e9es d\u2019\u00e9pargne et de r\u00e9flexion, \u00e7a y est : vous vous sentez pr\u00eat \u00e0 passer le cap de l\u2019achat immobilier. Pourtant, c\u2019\u00e9tait loin d\u2019\u00eatre gagn\u00e9 ! Payer le prix fort vous para\u00eet impensable et vous \u00eates capable de faire 30 kilom\u00e8tres de plus pour acheter au juste prix. Souvent renomm\u00e9 Oncle Picsou par [&hellip;]<\/p>\n","protected":false},"author":17,"featured_media":13302,"comment_status":"closed","ping_status":"closed","sticky":false,"template":"","format":"standard","meta":{"_acf_changed":false,"footnotes":""},"categories":[207],"tags":[55,131,156],"class_list":["post-13301","post","type-post","status-publish","format-standard","has-post-thumbnail","hentry","category-pret-immobilier","tag-luxembourg","tag-pret","tag-radin-revendique"],"acf":[],"yoast_head":"<!-- This site is optimized with the Yoast SEO plugin v27.4 - https:\/\/yoast.com\/product\/yoast-seo-wordpress\/ -->\n<title>Profil d&#039;acqu\u00e9reur : le radin revendiqu\u00e9 - atHome Blog<\/title>\n<meta name=\"robots\" content=\"index, follow, max-snippet:-1, max-image-preview:large, max-video-preview:-1\" \/>\n<link rel=\"canonical\" href=\"https:\/\/www.athome.lu\/blog\/acheter\/pret-immobilier\/profil-dacquereur-le-radin-revendique\/\" \/>\n<meta property=\"og:locale\" content=\"fr_FR\" \/>\n<meta property=\"og:type\" content=\"article\" \/>\n<meta property=\"og:title\" content=\"Profil d&#039;acqu\u00e9reur : le radin revendiqu\u00e9 - atHome Blog\" \/>\n<meta property=\"og:description\" content=\"Apr\u00e8s des ann\u00e9es d\u2019\u00e9pargne et de r\u00e9flexion, \u00e7a y est : vous vous sentez pr\u00eat \u00e0 passer le cap de l\u2019achat immobilier. Pourtant, c\u2019\u00e9tait loin d\u2019\u00eatre gagn\u00e9 ! Payer le prix fort vous para\u00eet impensable et vous \u00eates capable de faire 30 kilom\u00e8tres de plus pour acheter au juste prix. Souvent renomm\u00e9 Oncle Picsou par [&hellip;]\" \/>\n<meta property=\"og:url\" content=\"https:\/\/www.athome.lu\/blog\/acheter\/pret-immobilier\/profil-dacquereur-le-radin-revendique\/\" \/>\n<meta property=\"og:site_name\" content=\"atHome Blog\" \/>\n<meta property=\"article:publisher\" content=\"https:\/\/www.facebook.com\/atHome.lu\/\" \/>\n<meta property=\"article:published_time\" content=\"2021-03-12T15:08:46+00:00\" \/>\n<meta property=\"article:modified_time\" content=\"2022-05-11T09:11:19+00:00\" \/>\n<meta property=\"og:image\" content=\"https:\/\/www.athome.lu\/blog\/wp-content\/uploads\/2021\/03\/Toujours-pret-a-vous-accueillir-11.png\" \/>\n\t<meta property=\"og:image:width\" content=\"1400\" \/>\n\t<meta property=\"og:image:height\" content=\"425\" \/>\n\t<meta property=\"og:image:type\" content=\"image\/png\" \/>\n<meta name=\"author\" content=\"Fanny Pimentel\" \/>\n<meta name=\"twitter:card\" content=\"summary_large_image\" \/>\n<meta name=\"twitter:creator\" content=\"@athomelu\" \/>\n<meta name=\"twitter:site\" content=\"@athomelu\" \/>\n<meta name=\"twitter:label1\" content=\"\u00c9crit par\" \/>\n\t<meta name=\"twitter:data1\" content=\"Fanny Pimentel\" \/>\n\t<meta name=\"twitter:label2\" content=\"Dur\u00e9e de lecture estim\u00e9e\" \/>\n\t<meta name=\"twitter:data2\" content=\"2 minutes\" \/>\n<script type=\"application\/ld+json\" class=\"yoast-schema-graph\">{\"@context\":\"https:\\\/\\\/schema.org\",\"@graph\":[{\"@type\":\"Article\",\"@id\":\"https:\\\/\\\/www.athome.lu\\\/blog\\\/acheter\\\/pret-immobilier\\\/profil-dacquereur-le-radin-revendique\\\/#article\",\"isPartOf\":{\"@id\":\"https:\\\/\\\/www.athome.lu\\\/blog\\\/acheter\\\/pret-immobilier\\\/profil-dacquereur-le-radin-revendique\\\/\"},\"author\":{\"name\":\"Fanny Pimentel\",\"@id\":\"https:\\\/\\\/www.athome.lu\\\/blog\\\/#\\\/schema\\\/person\\\/47f7a38089f837e792876ceddc4cb2dc\"},\"headline\":\"Profil d'acqu\u00e9reur : le radin revendiqu\u00e9\",\"datePublished\":\"2021-03-12T15:08:46+00:00\",\"dateModified\":\"2022-05-11T09:11:19+00:00\",\"mainEntityOfPage\":{\"@id\":\"https:\\\/\\\/www.athome.lu\\\/blog\\\/acheter\\\/pret-immobilier\\\/profil-dacquereur-le-radin-revendique\\\/\"},\"wordCount\":196,\"image\":{\"@id\":\"https:\\\/\\\/www.athome.lu\\\/blog\\\/acheter\\\/pret-immobilier\\\/profil-dacquereur-le-radin-revendique\\\/#primaryimage\"},\"thumbnailUrl\":\"https:\\\/\\\/www.athome.lu\\\/blog\\\/wp-content\\\/uploads\\\/2021\\\/03\\\/Toujours-pret-a-vous-accueillir-11.png\",\"keywords\":[\"Luxembourg\",\"pr\u00eat\",\"Radin revendiqu\u00e9\"],\"articleSection\":[\"Pr\u00eat Immobilier\"],\"inLanguage\":\"fr-FR\"},{\"@type\":\"WebPage\",\"@id\":\"https:\\\/\\\/www.athome.lu\\\/blog\\\/acheter\\\/pret-immobilier\\\/profil-dacquereur-le-radin-revendique\\\/\",\"url\":\"https:\\\/\\\/www.athome.lu\\\/blog\\\/acheter\\\/pret-immobilier\\\/profil-dacquereur-le-radin-revendique\\\/\",\"name\":\"Profil d'acqu\u00e9reur : le radin revendiqu\u00e9 - atHome Blog\",\"isPartOf\":{\"@id\":\"https:\\\/\\\/www.athome.lu\\\/blog\\\/#website\"},\"primaryImageOfPage\":{\"@id\":\"https:\\\/\\\/www.athome.lu\\\/blog\\\/acheter\\\/pret-immobilier\\\/profil-dacquereur-le-radin-revendique\\\/#primaryimage\"},\"image\":{\"@id\":\"https:\\\/\\\/www.athome.lu\\\/blog\\\/acheter\\\/pret-immobilier\\\/profil-dacquereur-le-radin-revendique\\\/#primaryimage\"},\"thumbnailUrl\":\"https:\\\/\\\/www.athome.lu\\\/blog\\\/wp-content\\\/uploads\\\/2021\\\/03\\\/Toujours-pret-a-vous-accueillir-11.png\",\"datePublished\":\"2021-03-12T15:08:46+00:00\",\"dateModified\":\"2022-05-11T09:11:19+00:00\",\"author\":{\"@id\":\"https:\\\/\\\/www.athome.lu\\\/blog\\\/#\\\/schema\\\/person\\\/47f7a38089f837e792876ceddc4cb2dc\"},\"breadcrumb\":{\"@id\":\"https:\\\/\\\/www.athome.lu\\\/blog\\\/acheter\\\/pret-immobilier\\\/profil-dacquereur-le-radin-revendique\\\/#breadcrumb\"},\"inLanguage\":\"fr-FR\",\"potentialAction\":[{\"@type\":\"ReadAction\",\"target\":[\"https:\\\/\\\/www.athome.lu\\\/blog\\\/acheter\\\/pret-immobilier\\\/profil-dacquereur-le-radin-revendique\\\/\"]}]},{\"@type\":\"ImageObject\",\"inLanguage\":\"fr-FR\",\"@id\":\"https:\\\/\\\/www.athome.lu\\\/blog\\\/acheter\\\/pret-immobilier\\\/profil-dacquereur-le-radin-revendique\\\/#primaryimage\",\"url\":\"https:\\\/\\\/www.athome.lu\\\/blog\\\/wp-content\\\/uploads\\\/2021\\\/03\\\/Toujours-pret-a-vous-accueillir-11.png\",\"contentUrl\":\"https:\\\/\\\/www.athome.lu\\\/blog\\\/wp-content\\\/uploads\\\/2021\\\/03\\\/Toujours-pret-a-vous-accueillir-11.png\",\"width\":1400,\"height\":425},{\"@type\":\"BreadcrumbList\",\"@id\":\"https:\\\/\\\/www.athome.lu\\\/blog\\\/acheter\\\/pret-immobilier\\\/profil-dacquereur-le-radin-revendique\\\/#breadcrumb\",\"itemListElement\":[{\"@type\":\"ListItem\",\"position\":1,\"name\":\"Accueil\",\"item\":\"https:\\\/\\\/www.athome.lu\\\/blog\\\/\"},{\"@type\":\"ListItem\",\"position\":2,\"name\":\"Acheter\",\"item\":\"https:\\\/\\\/www.athome.lu\\\/blog\\\/en\\\/category\\\/buy\\\/\"},{\"@type\":\"ListItem\",\"position\":3,\"name\":\"Pr\u00eat Immobilier\",\"item\":\"https:\\\/\\\/www.athome.lu\\\/blog\\\/en\\\/category\\\/buy\\\/home-loan\\\/\"},{\"@type\":\"ListItem\",\"position\":4,\"name\":\"Profil d'acqu\u00e9reur : le radin revendiqu\u00e9\"}]},{\"@type\":\"WebSite\",\"@id\":\"https:\\\/\\\/www.athome.lu\\\/blog\\\/#website\",\"url\":\"https:\\\/\\\/www.athome.lu\\\/blog\\\/\",\"name\":\"atHome Blog\",\"description\":\"Annonces immobili\u00e8res au Luxembourg. Le portail immobilier n\u00b01 au Luxembourg.\",\"potentialAction\":[{\"@type\":\"SearchAction\",\"target\":{\"@type\":\"EntryPoint\",\"urlTemplate\":\"https:\\\/\\\/www.athome.lu\\\/blog\\\/?s={search_term_string}\"},\"query-input\":{\"@type\":\"PropertyValueSpecification\",\"valueRequired\":true,\"valueName\":\"search_term_string\"}}],\"inLanguage\":\"fr-FR\"},{\"@type\":\"Person\",\"@id\":\"https:\\\/\\\/www.athome.lu\\\/blog\\\/#\\\/schema\\\/person\\\/47f7a38089f837e792876ceddc4cb2dc\",\"name\":\"Fanny Pimentel\",\"image\":{\"@type\":\"ImageObject\",\"inLanguage\":\"fr-FR\",\"@id\":\"https:\\\/\\\/secure.gravatar.com\\\/avatar\\\/c60b27b93851dc9503f9cc9150e73dcb0a86ba6150657e5e4b11d988400bc633?s=96&d=mm&r=g\",\"url\":\"https:\\\/\\\/secure.gravatar.com\\\/avatar\\\/c60b27b93851dc9503f9cc9150e73dcb0a86ba6150657e5e4b11d988400bc633?s=96&d=mm&r=g\",\"contentUrl\":\"https:\\\/\\\/secure.gravatar.com\\\/avatar\\\/c60b27b93851dc9503f9cc9150e73dcb0a86ba6150657e5e4b11d988400bc633?s=96&d=mm&r=g\",\"caption\":\"Fanny Pimentel\"}}]}<\/script>\n<!-- \/ Yoast SEO plugin. -->","yoast_head_json":{"title":"Profil d'acqu\u00e9reur : le radin revendiqu\u00e9 - atHome Blog","robots":{"index":"index","follow":"follow","max-snippet":"max-snippet:-1","max-image-preview":"max-image-preview:large","max-video-preview":"max-video-preview:-1"},"canonical":"https:\/\/www.athome.lu\/blog\/acheter\/pret-immobilier\/profil-dacquereur-le-radin-revendique\/","og_locale":"fr_FR","og_type":"article","og_title":"Profil d'acqu\u00e9reur : le radin revendiqu\u00e9 - atHome Blog","og_description":"Apr\u00e8s des ann\u00e9es d\u2019\u00e9pargne et de r\u00e9flexion, \u00e7a y est : vous vous sentez pr\u00eat \u00e0 passer le cap de l\u2019achat immobilier. Pourtant, c\u2019\u00e9tait loin d\u2019\u00eatre gagn\u00e9 ! Payer le prix fort vous para\u00eet impensable et vous \u00eates capable de faire 30 kilom\u00e8tres de plus pour acheter au juste prix. Souvent renomm\u00e9 Oncle Picsou par [&hellip;]","og_url":"https:\/\/www.athome.lu\/blog\/acheter\/pret-immobilier\/profil-dacquereur-le-radin-revendique\/","og_site_name":"atHome Blog","article_publisher":"https:\/\/www.facebook.com\/atHome.lu\/","article_published_time":"2021-03-12T15:08:46+00:00","article_modified_time":"2022-05-11T09:11:19+00:00","og_image":[{"width":1400,"height":425,"url":"https:\/\/www.athome.lu\/blog\/wp-content\/uploads\/2021\/03\/Toujours-pret-a-vous-accueillir-11.png","type":"image\/png"}],"author":"Fanny Pimentel","twitter_card":"summary_large_image","twitter_creator":"@athomelu","twitter_site":"@athomelu","twitter_misc":{"\u00c9crit par":"Fanny Pimentel","Dur\u00e9e de lecture estim\u00e9e":"2 minutes"},"schema":{"@context":"https:\/\/schema.org","@graph":[{"@type":"Article","@id":"https:\/\/www.athome.lu\/blog\/acheter\/pret-immobilier\/profil-dacquereur-le-radin-revendique\/#article","isPartOf":{"@id":"https:\/\/www.athome.lu\/blog\/acheter\/pret-immobilier\/profil-dacquereur-le-radin-revendique\/"},"author":{"name":"Fanny Pimentel","@id":"https:\/\/www.athome.lu\/blog\/#\/schema\/person\/47f7a38089f837e792876ceddc4cb2dc"},"headline":"Profil d'acqu\u00e9reur : le radin revendiqu\u00e9","datePublished":"2021-03-12T15:08:46+00:00","dateModified":"2022-05-11T09:11:19+00:00","mainEntityOfPage":{"@id":"https:\/\/www.athome.lu\/blog\/acheter\/pret-immobilier\/profil-dacquereur-le-radin-revendique\/"},"wordCount":196,"image":{"@id":"https:\/\/www.athome.lu\/blog\/acheter\/pret-immobilier\/profil-dacquereur-le-radin-revendique\/#primaryimage"},"thumbnailUrl":"https:\/\/www.athome.lu\/blog\/wp-content\/uploads\/2021\/03\/Toujours-pret-a-vous-accueillir-11.png","keywords":["Luxembourg","pr\u00eat","Radin revendiqu\u00e9"],"articleSection":["Pr\u00eat Immobilier"],"inLanguage":"fr-FR"},{"@type":"WebPage","@id":"https:\/\/www.athome.lu\/blog\/acheter\/pret-immobilier\/profil-dacquereur-le-radin-revendique\/","url":"https:\/\/www.athome.lu\/blog\/acheter\/pret-immobilier\/profil-dacquereur-le-radin-revendique\/","name":"Profil d'acqu\u00e9reur : le radin revendiqu\u00e9 - atHome Blog","isPartOf":{"@id":"https:\/\/www.athome.lu\/blog\/#website"},"primaryImageOfPage":{"@id":"https:\/\/www.athome.lu\/blog\/acheter\/pret-immobilier\/profil-dacquereur-le-radin-revendique\/#primaryimage"},"image":{"@id":"https:\/\/www.athome.lu\/blog\/acheter\/pret-immobilier\/profil-dacquereur-le-radin-revendique\/#primaryimage"},"thumbnailUrl":"https:\/\/www.athome.lu\/blog\/wp-content\/uploads\/2021\/03\/Toujours-pret-a-vous-accueillir-11.png","datePublished":"2021-03-12T15:08:46+00:00","dateModified":"2022-05-11T09:11:19+00:00","author":{"@id":"https:\/\/www.athome.lu\/blog\/#\/schema\/person\/47f7a38089f837e792876ceddc4cb2dc"},"breadcrumb":{"@id":"https:\/\/www.athome.lu\/blog\/acheter\/pret-immobilier\/profil-dacquereur-le-radin-revendique\/#breadcrumb"},"inLanguage":"fr-FR","potentialAction":[{"@type":"ReadAction","target":["https:\/\/www.athome.lu\/blog\/acheter\/pret-immobilier\/profil-dacquereur-le-radin-revendique\/"]}]},{"@type":"ImageObject","inLanguage":"fr-FR","@id":"https:\/\/www.athome.lu\/blog\/acheter\/pret-immobilier\/profil-dacquereur-le-radin-revendique\/#primaryimage","url":"https:\/\/www.athome.lu\/blog\/wp-content\/uploads\/2021\/03\/Toujours-pret-a-vous-accueillir-11.png","contentUrl":"https:\/\/www.athome.lu\/blog\/wp-content\/uploads\/2021\/03\/Toujours-pret-a-vous-accueillir-11.png","width":1400,"height":425},{"@type":"BreadcrumbList","@id":"https:\/\/www.athome.lu\/blog\/acheter\/pret-immobilier\/profil-dacquereur-le-radin-revendique\/#breadcrumb","itemListElement":[{"@type":"ListItem","position":1,"name":"Accueil","item":"https:\/\/www.athome.lu\/blog\/"},{"@type":"ListItem","position":2,"name":"Acheter","item":"https:\/\/www.athome.lu\/blog\/en\/category\/buy\/"},{"@type":"ListItem","position":3,"name":"Pr\u00eat Immobilier","item":"https:\/\/www.athome.lu\/blog\/en\/category\/buy\/home-loan\/"},{"@type":"ListItem","position":4,"name":"Profil d'acqu\u00e9reur : le radin revendiqu\u00e9"}]},{"@type":"WebSite","@id":"https:\/\/www.athome.lu\/blog\/#website","url":"https:\/\/www.athome.lu\/blog\/","name":"atHome Blog","description":"Annonces immobili\u00e8res au Luxembourg. Le portail immobilier n\u00b01 au Luxembourg.","potentialAction":[{"@type":"SearchAction","target":{"@type":"EntryPoint","urlTemplate":"https:\/\/www.athome.lu\/blog\/?s={search_term_string}"},"query-input":{"@type":"PropertyValueSpecification","valueRequired":true,"valueName":"search_term_string"}}],"inLanguage":"fr-FR"},{"@type":"Person","@id":"https:\/\/www.athome.lu\/blog\/#\/schema\/person\/47f7a38089f837e792876ceddc4cb2dc","name":"Fanny Pimentel","image":{"@type":"ImageObject","inLanguage":"fr-FR","@id":"https:\/\/secure.gravatar.com\/avatar\/c60b27b93851dc9503f9cc9150e73dcb0a86ba6150657e5e4b11d988400bc633?s=96&d=mm&r=g","url":"https:\/\/secure.gravatar.com\/avatar\/c60b27b93851dc9503f9cc9150e73dcb0a86ba6150657e5e4b11d988400bc633?s=96&d=mm&r=g","contentUrl":"https:\/\/secure.gravatar.com\/avatar\/c60b27b93851dc9503f9cc9150e73dcb0a86ba6150657e5e4b11d988400bc633?s=96&d=mm&r=g","caption":"Fanny Pimentel"}}]}},"featured_media_src_url":"https:\/\/www.athome.lu\/blog\/wp-content\/uploads\/2021\/03\/Toujours-pret-a-vous-accueillir-11-1024x311.png","_links":{"self":[{"href":"https:\/\/www.athome.lu\/blog\/wp-json\/wp\/v2\/posts\/13301","targetHints":{"allow":["GET"]}}],"collection":[{"href":"https:\/\/www.athome.lu\/blog\/wp-json\/wp\/v2\/posts"}],"about":[{"href":"https:\/\/www.athome.lu\/blog\/wp-json\/wp\/v2\/types\/post"}],"author":[{"embeddable":true,"href":"https:\/\/www.athome.lu\/blog\/wp-json\/wp\/v2\/users\/17"}],"replies":[{"embeddable":true,"href":"https:\/\/www.athome.lu\/blog\/wp-json\/wp\/v2\/comments?post=13301"}],"version-history":[{"count":2,"href":"https:\/\/www.athome.lu\/blog\/wp-json\/wp\/v2\/posts\/13301\/revisions"}],"predecessor-version":[{"id":14917,"href":"https:\/\/www.athome.lu\/blog\/wp-json\/wp\/v2\/posts\/13301\/revisions\/14917"}],"wp:featuredmedia":[{"embeddable":true,"href":"https:\/\/www.athome.lu\/blog\/wp-json\/wp\/v2\/media\/13302"}],"wp:attachment":[{"href":"https:\/\/www.athome.lu\/blog\/wp-json\/wp\/v2\/media?parent=13301"}],"wp:term":[{"taxonomy":"category","embeddable":true,"href":"https:\/\/www.athome.lu\/blog\/wp-json\/wp\/v2\/categories?post=13301"},{"taxonomy":"post_tag","embeddable":true,"href":"https:\/\/www.athome.lu\/blog\/wp-json\/wp\/v2\/tags?post=13301"}],"curies":[{"name":"wp","href":"https:\/\/api.w.org\/{rel}","templated":true}]}}