{"id":13347,"date":"2021-03-22T11:47:59","date_gmt":"2021-03-22T10:47:59","guid":{"rendered":"https:\/\/www.athome.lu\/blog\/?p=13347"},"modified":"2024-08-05T10:10:00","modified_gmt":"2024-08-05T08:10:00","slug":"declarez-vos-revenus-locatifs-dans-la-declaration-dimpot","status":"publish","type":"post","link":"https:\/\/www.athome.lu\/blog\/louer\/bailleurs\/declarez-vos-revenus-locatifs-dans-la-declaration-dimpot\/","title":{"rendered":"D\u00e9clarez vos revenus locatifs dans la d\u00e9claration d\u2019imp\u00f4t !"},"content":{"rendered":"\n<p><span style=\"color: #000000;\">Si vous louez une maison ou appartement dont vous \u00eates le propri\u00e9taire, le<strong> revenu locatif<\/strong> qui en r\u00e9sulte est <strong>imposable<\/strong> sur la d\u00e9claration d\u2019imp\u00f4t au Luxembourg.<\/span><\/p>\n\n\n\n<p><span style=\"color: #000000;\">Cela s\u2019applique aussi bien \u00e0 <strong>tous les r\u00e9sidents disposant d\u2019un bien immobilier en location<\/strong> au <strong>Luxembourg ou \u00e0 l\u2019\u00e9tranger<\/strong>, qu\u2019aux frontaliers ayant un bien immobilier en location au Luxembourg ou les frontaliers ayant un bien immobilier en location \u00e0 l\u2019\u00e9tranger qui optent d\u2019\u00eatre consid\u00e9r\u00e9s comme des contribuables r\u00e9sidents lors du d\u00e9p\u00f4t de leur d\u00e9claration d\u2019imp\u00f4t.<\/span><\/p>\n\n\n\n<p><span style=\"color: #000000;\">Cependant, vous pouvez \u00e9galement b\u00e9n\u00e9ficier de certains<strong> avantages fiscaux<\/strong> en tant que propri\u00e9taire d\u2019un <strong>bien immobilier lou\u00e9<\/strong>.<\/span><\/p>\n\n\n\n<p><strong><span style=\"color: #000000;\">Pour mieux comprendre ce qui est impos\u00e9 dans la d\u00e9claration d\u2019imp\u00f4t au Luxembourg&nbsp;:<\/span><\/strong><\/p>\n\n\n\n<p><span style=\"color: #000000;\">Le revenu locatif imposable constitue des <strong>revenus bruts, d\u00e9duits des frais d\u2019obtention<\/strong>. Ce revenu locatif est attribu\u00e9 <strong>\u00e0 l\u2019ann\u00e9e fiscale au cours<\/strong> de laquelle il est vers\u00e9 au propri\u00e9taire. Concr\u00e8tement, cela signifie que les loyers per\u00e7us pour des ann\u00e9es pass\u00e9es ou futures sont \u00e9galement inclus dans le <strong>revenu brut de l\u2019exercice fiscale en cours<\/strong>.<\/span><\/p>\n\n\n\n<h2 class=\"wp-block-heading\"><span style=\"color: #000000;\">Qu\u2019est-il possible de d\u00e9duire des revenus locatifs&nbsp;?<\/span><\/h2>\n\n\n\n<p><span style=\"color: #000000;\">Les <strong>frais d\u2019obtention<\/strong> sont <strong>d\u00e9ductibles des revenus locatifs<\/strong> et comprennent les \u00e9l\u00e9ments suivants&nbsp;:<\/span><\/p>\n\n\n\n<ul class=\"wp-block-list\"><li><strong><span style=\"color: #000000;\">Frais d\u2019entretien et de r\u00e9partition<\/span><\/strong><\/li><li><strong><span style=\"color: #000000;\">Int\u00e9r\u00eats d\u00e9biteurs<\/span><\/strong><\/li><li><strong><span style=\"color: #000000;\">Amortissement<\/span><\/strong><\/li><li><strong><span style=\"color: #000000;\">Frais de g\u00e9rance<\/span><\/strong><\/li><\/ul>\n\n\n\n<p><span style=\"color: #000000;\">De plus, les propri\u00e9taires louant leur propri\u00e9t\u00e9 dans le cadre d\u2019une gestion locative sociale peuvent b\u00e9n\u00e9ficier d\u2019une <strong>exon\u00e9ration fiscale de 50% des revenus locatifs<\/strong> sur la d\u00e9claration d\u2019imp\u00f4t.<\/span><\/p>\n\n\n\n<h2 class=\"wp-block-heading\"><strong><span style=\"color: #000000;\">Comment d\u00e9clarez vos revenus locatifs&nbsp;?<\/span><\/strong><\/h2>\n\n\n\n<p><span style=\"color: #000000;\">Pour ce faire, vous devez remplir le <strong>formulaire 190<\/strong> en plus de votre d\u00e9claration d\u2019imp\u00f4t luxembourgeoise.<\/span><\/p>\n\n\n\n<p><span style=\"color: #000000;\">La d\u00e9claration de vos revenus locatifs peut se faire avec <a href=\"https:\/\/taxx.lu\/\">taxx.lu<\/a> et cela devient un jeu d\u2019enfant.<\/span><\/p>\n\n\n\n<p><span style=\"color: #000000;\">En indiquant dans le formulaire <strong>\u00ab&nbsp;Situation fiscale&nbsp;\u00bb<\/strong> que vous \u00eates propri\u00e9taire d\u2019un immeuble que vous louez \u00e0 des tiers, vous pourrez saisir toutes les donn\u00e9es que vous connaissez \u00e0 l\u2019\u00e9tape suivante <strong>\u00ab&nbsp;Revenus de location&nbsp;\u00bb<\/strong> dans le formulaire 190.<\/span><\/p>\n\n\n\n<p><span style=\"color: #000000;\">Le syst\u00e8me de <a href=\"https:\/\/taxx.lu\/\">taxx.lu<\/a> calcule automatiquement l\u2019amortissement et r\u00e9partit certains co\u00fbts au prorata. Il d\u00e9termine \u00e9galement les champs dans lesquels les diff\u00e9rents montants sont \u00e0 saisir dans la d\u00e9claration d\u2019imp\u00f4t.<\/span><\/p>\n\n\n<section id=\"section-3-14695\" class=\" ct-section\" ><div class=\"ct-section-inner-wrap\"><div id=\"div_block-4-14695\" class=\"ct-div-block\" ><div id=\"new_columns-7-14695\" class=\"ct-new-columns\" ><div id=\"div_block-8-14695\" class=\"ct-div-block\" ><div id=\"div_block-14-14695\" class=\"ct-div-block\" ><\/div><\/div><div id=\"div_block-9-14695\" class=\"ct-div-block\" ><h1 id=\"headline-11-14695\" class=\"ct-headline\">Quels sont les prix de l'immobilier en ce moment ?<\/h1><div id=\"text_block-12-14695\" class=\"ct-text-block\" >Les prix ralentissent. Les taux d'int\u00e9r\u00eat augmentent. Quelles tendances pour les mois \u00e0 venir ?<\/div><a id=\"link_button-13-14695\" class=\"ct-link-button\" href=\"https:\/\/www.athome.lu\/blog\/blog\/marche-immobilier\/prix\/tendances-2022\/\" target=\"_blank\"  >Lire l'analyse<\/a><\/div><\/div><\/div><\/div><\/section>","protected":false},"excerpt":{"rendered":"<p>Si vous louez une maison ou appartement dont vous \u00eates le propri\u00e9taire, le revenu locatif qui en r\u00e9sulte est imposable sur la d\u00e9claration d\u2019imp\u00f4t au Luxembourg. Cela s\u2019applique aussi bien \u00e0 tous les r\u00e9sidents disposant d\u2019un bien immobilier en location au Luxembourg ou \u00e0 l\u2019\u00e9tranger, qu\u2019aux frontaliers ayant un bien immobilier en location au Luxembourg [&hellip;]<\/p>\n","protected":false},"author":17,"featured_media":13348,"comment_status":"closed","ping_status":"closed","sticky":false,"template":"","format":"standard","meta":{"_acf_changed":false,"footnotes":""},"categories":[223],"tags":[149,148,150,55,161],"class_list":["post-13347","post","type-post","status-publish","format-standard","has-post-thumbnail","hentry","category-bailleurs","tag-declaration","tag-fiscalite","tag-impots","tag-luxembourg","tag-revenus-locatifs"],"acf":[],"yoast_head":"<!-- This site is optimized with the Yoast SEO plugin v27.4 - https:\/\/yoast.com\/product\/yoast-seo-wordpress\/ -->\n<title>D\u00e9clarez vos revenus locatifs dans la d\u00e9claration d\u2019imp\u00f4t ! - atHome Blog<\/title>\n<meta name=\"robots\" content=\"index, follow, max-snippet:-1, max-image-preview:large, max-video-preview:-1\" \/>\n<link rel=\"canonical\" href=\"https:\/\/www.athome.lu\/blog\/louer\/bailleurs\/declarez-vos-revenus-locatifs-dans-la-declaration-dimpot\/\" \/>\n<meta property=\"og:locale\" content=\"fr_FR\" \/>\n<meta property=\"og:type\" content=\"article\" \/>\n<meta property=\"og:title\" content=\"D\u00e9clarez vos revenus locatifs dans la d\u00e9claration d\u2019imp\u00f4t ! - atHome Blog\" \/>\n<meta property=\"og:description\" content=\"Si vous louez une maison ou appartement dont vous \u00eates le propri\u00e9taire, le revenu locatif qui en r\u00e9sulte est imposable sur la d\u00e9claration d\u2019imp\u00f4t au Luxembourg. Cela s\u2019applique aussi bien \u00e0 tous les r\u00e9sidents disposant d\u2019un bien immobilier en location au Luxembourg ou \u00e0 l\u2019\u00e9tranger, qu\u2019aux frontaliers ayant un bien immobilier en location au Luxembourg [&hellip;]\" \/>\n<meta property=\"og:url\" content=\"https:\/\/www.athome.lu\/blog\/louer\/bailleurs\/declarez-vos-revenus-locatifs-dans-la-declaration-dimpot\/\" \/>\n<meta property=\"og:site_name\" content=\"atHome Blog\" \/>\n<meta property=\"article:publisher\" content=\"https:\/\/www.facebook.com\/atHome.lu\/\" \/>\n<meta property=\"article:published_time\" content=\"2021-03-22T10:47:59+00:00\" \/>\n<meta property=\"article:modified_time\" content=\"2024-08-05T08:10:00+00:00\" \/>\n<meta property=\"og:image\" content=\"https:\/\/www.athome.lu\/blog\/wp-content\/uploads\/2021\/03\/Couverture-Wordpress-4.png\" \/>\n\t<meta property=\"og:image:width\" content=\"1280\" \/>\n\t<meta property=\"og:image:height\" content=\"444\" \/>\n\t<meta property=\"og:image:type\" content=\"image\/png\" \/>\n<meta name=\"author\" content=\"Fanny Pimentel\" \/>\n<meta name=\"twitter:card\" content=\"summary_large_image\" \/>\n<meta name=\"twitter:creator\" content=\"@athomelu\" \/>\n<meta name=\"twitter:site\" content=\"@athomelu\" \/>\n<meta name=\"twitter:label1\" content=\"\u00c9crit par\" \/>\n\t<meta name=\"twitter:data1\" content=\"Fanny Pimentel\" \/>\n\t<meta name=\"twitter:label2\" content=\"Dur\u00e9e de lecture estim\u00e9e\" \/>\n\t<meta name=\"twitter:data2\" content=\"2 minutes\" \/>\n<script type=\"application\/ld+json\" class=\"yoast-schema-graph\">{\"@context\":\"https:\\\/\\\/schema.org\",\"@graph\":[{\"@type\":\"Article\",\"@id\":\"https:\\\/\\\/www.athome.lu\\\/blog\\\/louer\\\/bailleurs\\\/declarez-vos-revenus-locatifs-dans-la-declaration-dimpot\\\/#article\",\"isPartOf\":{\"@id\":\"https:\\\/\\\/www.athome.lu\\\/blog\\\/louer\\\/bailleurs\\\/declarez-vos-revenus-locatifs-dans-la-declaration-dimpot\\\/\"},\"author\":{\"name\":\"Fanny Pimentel\",\"@id\":\"https:\\\/\\\/www.athome.lu\\\/blog\\\/#\\\/schema\\\/person\\\/47f7a38089f837e792876ceddc4cb2dc\"},\"headline\":\"D\u00e9clarez vos revenus locatifs dans la d\u00e9claration d\u2019imp\u00f4t !\",\"datePublished\":\"2021-03-22T10:47:59+00:00\",\"dateModified\":\"2024-08-05T08:10:00+00:00\",\"mainEntityOfPage\":{\"@id\":\"https:\\\/\\\/www.athome.lu\\\/blog\\\/louer\\\/bailleurs\\\/declarez-vos-revenus-locatifs-dans-la-declaration-dimpot\\\/\"},\"wordCount\":419,\"image\":{\"@id\":\"https:\\\/\\\/www.athome.lu\\\/blog\\\/louer\\\/bailleurs\\\/declarez-vos-revenus-locatifs-dans-la-declaration-dimpot\\\/#primaryimage\"},\"thumbnailUrl\":\"https:\\\/\\\/www.athome.lu\\\/blog\\\/wp-content\\\/uploads\\\/2021\\\/03\\\/Couverture-Wordpress-4.png\",\"keywords\":[\"d\u00e9claration\",\"Fiscalit\u00e9\",\"imp\u00f4ts\",\"Luxembourg\",\"Revenus locatifs\"],\"articleSection\":[\"Bailleurs\"],\"inLanguage\":\"fr-FR\"},{\"@type\":\"WebPage\",\"@id\":\"https:\\\/\\\/www.athome.lu\\\/blog\\\/louer\\\/bailleurs\\\/declarez-vos-revenus-locatifs-dans-la-declaration-dimpot\\\/\",\"url\":\"https:\\\/\\\/www.athome.lu\\\/blog\\\/louer\\\/bailleurs\\\/declarez-vos-revenus-locatifs-dans-la-declaration-dimpot\\\/\",\"name\":\"D\u00e9clarez vos revenus locatifs dans la d\u00e9claration d\u2019imp\u00f4t ! - atHome Blog\",\"isPartOf\":{\"@id\":\"https:\\\/\\\/www.athome.lu\\\/blog\\\/#website\"},\"primaryImageOfPage\":{\"@id\":\"https:\\\/\\\/www.athome.lu\\\/blog\\\/louer\\\/bailleurs\\\/declarez-vos-revenus-locatifs-dans-la-declaration-dimpot\\\/#primaryimage\"},\"image\":{\"@id\":\"https:\\\/\\\/www.athome.lu\\\/blog\\\/louer\\\/bailleurs\\\/declarez-vos-revenus-locatifs-dans-la-declaration-dimpot\\\/#primaryimage\"},\"thumbnailUrl\":\"https:\\\/\\\/www.athome.lu\\\/blog\\\/wp-content\\\/uploads\\\/2021\\\/03\\\/Couverture-Wordpress-4.png\",\"datePublished\":\"2021-03-22T10:47:59+00:00\",\"dateModified\":\"2024-08-05T08:10:00+00:00\",\"author\":{\"@id\":\"https:\\\/\\\/www.athome.lu\\\/blog\\\/#\\\/schema\\\/person\\\/47f7a38089f837e792876ceddc4cb2dc\"},\"breadcrumb\":{\"@id\":\"https:\\\/\\\/www.athome.lu\\\/blog\\\/louer\\\/bailleurs\\\/declarez-vos-revenus-locatifs-dans-la-declaration-dimpot\\\/#breadcrumb\"},\"inLanguage\":\"fr-FR\",\"potentialAction\":[{\"@type\":\"ReadAction\",\"target\":[\"https:\\\/\\\/www.athome.lu\\\/blog\\\/louer\\\/bailleurs\\\/declarez-vos-revenus-locatifs-dans-la-declaration-dimpot\\\/\"]}]},{\"@type\":\"ImageObject\",\"inLanguage\":\"fr-FR\",\"@id\":\"https:\\\/\\\/www.athome.lu\\\/blog\\\/louer\\\/bailleurs\\\/declarez-vos-revenus-locatifs-dans-la-declaration-dimpot\\\/#primaryimage\",\"url\":\"https:\\\/\\\/www.athome.lu\\\/blog\\\/wp-content\\\/uploads\\\/2021\\\/03\\\/Couverture-Wordpress-4.png\",\"contentUrl\":\"https:\\\/\\\/www.athome.lu\\\/blog\\\/wp-content\\\/uploads\\\/2021\\\/03\\\/Couverture-Wordpress-4.png\",\"width\":1280,\"height\":444},{\"@type\":\"BreadcrumbList\",\"@id\":\"https:\\\/\\\/www.athome.lu\\\/blog\\\/louer\\\/bailleurs\\\/declarez-vos-revenus-locatifs-dans-la-declaration-dimpot\\\/#breadcrumb\",\"itemListElement\":[{\"@type\":\"ListItem\",\"position\":1,\"name\":\"Accueil\",\"item\":\"https:\\\/\\\/www.athome.lu\\\/blog\\\/\"},{\"@type\":\"ListItem\",\"position\":2,\"name\":\"Louer\",\"item\":\"https:\\\/\\\/www.athome.lu\\\/blog\\\/category\\\/louer\\\/\"},{\"@type\":\"ListItem\",\"position\":3,\"name\":\"Bailleurs\",\"item\":\"https:\\\/\\\/www.athome.lu\\\/blog\\\/category\\\/louer\\\/bailleurs\\\/\"},{\"@type\":\"ListItem\",\"position\":4,\"name\":\"D\u00e9clarez vos revenus locatifs dans la d\u00e9claration d\u2019imp\u00f4t !\"}]},{\"@type\":\"WebSite\",\"@id\":\"https:\\\/\\\/www.athome.lu\\\/blog\\\/#website\",\"url\":\"https:\\\/\\\/www.athome.lu\\\/blog\\\/\",\"name\":\"atHome Blog\",\"description\":\"Annonces immobili\u00e8res au Luxembourg. Le portail immobilier n\u00b01 au Luxembourg.\",\"potentialAction\":[{\"@type\":\"SearchAction\",\"target\":{\"@type\":\"EntryPoint\",\"urlTemplate\":\"https:\\\/\\\/www.athome.lu\\\/blog\\\/?s={search_term_string}\"},\"query-input\":{\"@type\":\"PropertyValueSpecification\",\"valueRequired\":true,\"valueName\":\"search_term_string\"}}],\"inLanguage\":\"fr-FR\"},{\"@type\":\"Person\",\"@id\":\"https:\\\/\\\/www.athome.lu\\\/blog\\\/#\\\/schema\\\/person\\\/47f7a38089f837e792876ceddc4cb2dc\",\"name\":\"Fanny Pimentel\",\"image\":{\"@type\":\"ImageObject\",\"inLanguage\":\"fr-FR\",\"@id\":\"https:\\\/\\\/secure.gravatar.com\\\/avatar\\\/c60b27b93851dc9503f9cc9150e73dcb0a86ba6150657e5e4b11d988400bc633?s=96&d=mm&r=g\",\"url\":\"https:\\\/\\\/secure.gravatar.com\\\/avatar\\\/c60b27b93851dc9503f9cc9150e73dcb0a86ba6150657e5e4b11d988400bc633?s=96&d=mm&r=g\",\"contentUrl\":\"https:\\\/\\\/secure.gravatar.com\\\/avatar\\\/c60b27b93851dc9503f9cc9150e73dcb0a86ba6150657e5e4b11d988400bc633?s=96&d=mm&r=g\",\"caption\":\"Fanny Pimentel\"}}]}<\/script>\n<!-- \/ Yoast SEO plugin. -->","yoast_head_json":{"title":"D\u00e9clarez vos revenus locatifs dans la d\u00e9claration d\u2019imp\u00f4t ! - atHome Blog","robots":{"index":"index","follow":"follow","max-snippet":"max-snippet:-1","max-image-preview":"max-image-preview:large","max-video-preview":"max-video-preview:-1"},"canonical":"https:\/\/www.athome.lu\/blog\/louer\/bailleurs\/declarez-vos-revenus-locatifs-dans-la-declaration-dimpot\/","og_locale":"fr_FR","og_type":"article","og_title":"D\u00e9clarez vos revenus locatifs dans la d\u00e9claration d\u2019imp\u00f4t ! - atHome Blog","og_description":"Si vous louez une maison ou appartement dont vous \u00eates le propri\u00e9taire, le revenu locatif qui en r\u00e9sulte est imposable sur la d\u00e9claration d\u2019imp\u00f4t au Luxembourg. Cela s\u2019applique aussi bien \u00e0 tous les r\u00e9sidents disposant d\u2019un bien immobilier en location au Luxembourg ou \u00e0 l\u2019\u00e9tranger, qu\u2019aux frontaliers ayant un bien immobilier en location au Luxembourg [&hellip;]","og_url":"https:\/\/www.athome.lu\/blog\/louer\/bailleurs\/declarez-vos-revenus-locatifs-dans-la-declaration-dimpot\/","og_site_name":"atHome Blog","article_publisher":"https:\/\/www.facebook.com\/atHome.lu\/","article_published_time":"2021-03-22T10:47:59+00:00","article_modified_time":"2024-08-05T08:10:00+00:00","og_image":[{"width":1280,"height":444,"url":"https:\/\/www.athome.lu\/blog\/wp-content\/uploads\/2021\/03\/Couverture-Wordpress-4.png","type":"image\/png"}],"author":"Fanny Pimentel","twitter_card":"summary_large_image","twitter_creator":"@athomelu","twitter_site":"@athomelu","twitter_misc":{"\u00c9crit par":"Fanny Pimentel","Dur\u00e9e de lecture estim\u00e9e":"2 minutes"},"schema":{"@context":"https:\/\/schema.org","@graph":[{"@type":"Article","@id":"https:\/\/www.athome.lu\/blog\/louer\/bailleurs\/declarez-vos-revenus-locatifs-dans-la-declaration-dimpot\/#article","isPartOf":{"@id":"https:\/\/www.athome.lu\/blog\/louer\/bailleurs\/declarez-vos-revenus-locatifs-dans-la-declaration-dimpot\/"},"author":{"name":"Fanny Pimentel","@id":"https:\/\/www.athome.lu\/blog\/#\/schema\/person\/47f7a38089f837e792876ceddc4cb2dc"},"headline":"D\u00e9clarez vos revenus locatifs dans la d\u00e9claration d\u2019imp\u00f4t !","datePublished":"2021-03-22T10:47:59+00:00","dateModified":"2024-08-05T08:10:00+00:00","mainEntityOfPage":{"@id":"https:\/\/www.athome.lu\/blog\/louer\/bailleurs\/declarez-vos-revenus-locatifs-dans-la-declaration-dimpot\/"},"wordCount":419,"image":{"@id":"https:\/\/www.athome.lu\/blog\/louer\/bailleurs\/declarez-vos-revenus-locatifs-dans-la-declaration-dimpot\/#primaryimage"},"thumbnailUrl":"https:\/\/www.athome.lu\/blog\/wp-content\/uploads\/2021\/03\/Couverture-Wordpress-4.png","keywords":["d\u00e9claration","Fiscalit\u00e9","imp\u00f4ts","Luxembourg","Revenus locatifs"],"articleSection":["Bailleurs"],"inLanguage":"fr-FR"},{"@type":"WebPage","@id":"https:\/\/www.athome.lu\/blog\/louer\/bailleurs\/declarez-vos-revenus-locatifs-dans-la-declaration-dimpot\/","url":"https:\/\/www.athome.lu\/blog\/louer\/bailleurs\/declarez-vos-revenus-locatifs-dans-la-declaration-dimpot\/","name":"D\u00e9clarez vos revenus locatifs dans la d\u00e9claration d\u2019imp\u00f4t ! - atHome Blog","isPartOf":{"@id":"https:\/\/www.athome.lu\/blog\/#website"},"primaryImageOfPage":{"@id":"https:\/\/www.athome.lu\/blog\/louer\/bailleurs\/declarez-vos-revenus-locatifs-dans-la-declaration-dimpot\/#primaryimage"},"image":{"@id":"https:\/\/www.athome.lu\/blog\/louer\/bailleurs\/declarez-vos-revenus-locatifs-dans-la-declaration-dimpot\/#primaryimage"},"thumbnailUrl":"https:\/\/www.athome.lu\/blog\/wp-content\/uploads\/2021\/03\/Couverture-Wordpress-4.png","datePublished":"2021-03-22T10:47:59+00:00","dateModified":"2024-08-05T08:10:00+00:00","author":{"@id":"https:\/\/www.athome.lu\/blog\/#\/schema\/person\/47f7a38089f837e792876ceddc4cb2dc"},"breadcrumb":{"@id":"https:\/\/www.athome.lu\/blog\/louer\/bailleurs\/declarez-vos-revenus-locatifs-dans-la-declaration-dimpot\/#breadcrumb"},"inLanguage":"fr-FR","potentialAction":[{"@type":"ReadAction","target":["https:\/\/www.athome.lu\/blog\/louer\/bailleurs\/declarez-vos-revenus-locatifs-dans-la-declaration-dimpot\/"]}]},{"@type":"ImageObject","inLanguage":"fr-FR","@id":"https:\/\/www.athome.lu\/blog\/louer\/bailleurs\/declarez-vos-revenus-locatifs-dans-la-declaration-dimpot\/#primaryimage","url":"https:\/\/www.athome.lu\/blog\/wp-content\/uploads\/2021\/03\/Couverture-Wordpress-4.png","contentUrl":"https:\/\/www.athome.lu\/blog\/wp-content\/uploads\/2021\/03\/Couverture-Wordpress-4.png","width":1280,"height":444},{"@type":"BreadcrumbList","@id":"https:\/\/www.athome.lu\/blog\/louer\/bailleurs\/declarez-vos-revenus-locatifs-dans-la-declaration-dimpot\/#breadcrumb","itemListElement":[{"@type":"ListItem","position":1,"name":"Accueil","item":"https:\/\/www.athome.lu\/blog\/"},{"@type":"ListItem","position":2,"name":"Louer","item":"https:\/\/www.athome.lu\/blog\/category\/louer\/"},{"@type":"ListItem","position":3,"name":"Bailleurs","item":"https:\/\/www.athome.lu\/blog\/category\/louer\/bailleurs\/"},{"@type":"ListItem","position":4,"name":"D\u00e9clarez vos revenus locatifs dans la d\u00e9claration d\u2019imp\u00f4t !"}]},{"@type":"WebSite","@id":"https:\/\/www.athome.lu\/blog\/#website","url":"https:\/\/www.athome.lu\/blog\/","name":"atHome Blog","description":"Annonces immobili\u00e8res au Luxembourg. Le portail immobilier n\u00b01 au Luxembourg.","potentialAction":[{"@type":"SearchAction","target":{"@type":"EntryPoint","urlTemplate":"https:\/\/www.athome.lu\/blog\/?s={search_term_string}"},"query-input":{"@type":"PropertyValueSpecification","valueRequired":true,"valueName":"search_term_string"}}],"inLanguage":"fr-FR"},{"@type":"Person","@id":"https:\/\/www.athome.lu\/blog\/#\/schema\/person\/47f7a38089f837e792876ceddc4cb2dc","name":"Fanny Pimentel","image":{"@type":"ImageObject","inLanguage":"fr-FR","@id":"https:\/\/secure.gravatar.com\/avatar\/c60b27b93851dc9503f9cc9150e73dcb0a86ba6150657e5e4b11d988400bc633?s=96&d=mm&r=g","url":"https:\/\/secure.gravatar.com\/avatar\/c60b27b93851dc9503f9cc9150e73dcb0a86ba6150657e5e4b11d988400bc633?s=96&d=mm&r=g","contentUrl":"https:\/\/secure.gravatar.com\/avatar\/c60b27b93851dc9503f9cc9150e73dcb0a86ba6150657e5e4b11d988400bc633?s=96&d=mm&r=g","caption":"Fanny Pimentel"}}]}},"featured_media_src_url":"https:\/\/www.athome.lu\/blog\/wp-content\/uploads\/2021\/03\/Couverture-Wordpress-4-1024x355.png","_links":{"self":[{"href":"https:\/\/www.athome.lu\/blog\/wp-json\/wp\/v2\/posts\/13347","targetHints":{"allow":["GET"]}}],"collection":[{"href":"https:\/\/www.athome.lu\/blog\/wp-json\/wp\/v2\/posts"}],"about":[{"href":"https:\/\/www.athome.lu\/blog\/wp-json\/wp\/v2\/types\/post"}],"author":[{"embeddable":true,"href":"https:\/\/www.athome.lu\/blog\/wp-json\/wp\/v2\/users\/17"}],"replies":[{"embeddable":true,"href":"https:\/\/www.athome.lu\/blog\/wp-json\/wp\/v2\/comments?post=13347"}],"version-history":[{"count":3,"href":"https:\/\/www.athome.lu\/blog\/wp-json\/wp\/v2\/posts\/13347\/revisions"}],"predecessor-version":[{"id":16927,"href":"https:\/\/www.athome.lu\/blog\/wp-json\/wp\/v2\/posts\/13347\/revisions\/16927"}],"wp:featuredmedia":[{"embeddable":true,"href":"https:\/\/www.athome.lu\/blog\/wp-json\/wp\/v2\/media\/13348"}],"wp:attachment":[{"href":"https:\/\/www.athome.lu\/blog\/wp-json\/wp\/v2\/media?parent=13347"}],"wp:term":[{"taxonomy":"category","embeddable":true,"href":"https:\/\/www.athome.lu\/blog\/wp-json\/wp\/v2\/categories?post=13347"},{"taxonomy":"post_tag","embeddable":true,"href":"https:\/\/www.athome.lu\/blog\/wp-json\/wp\/v2\/tags?post=13347"}],"curies":[{"name":"wp","href":"https:\/\/api.w.org\/{rel}","templated":true}]}}