{"id":13391,"date":"2019-03-31T13:11:04","date_gmt":"2019-03-31T12:11:04","guid":{"rendered":"https:\/\/www.athome.lu\/blog\/?p=13391"},"modified":"2022-05-11T14:59:32","modified_gmt":"2022-05-11T12:59:32","slug":"prendre-rendez-vous","status":"publish","type":"post","link":"https:\/\/www.athome.lu\/blog\/mon-logement\/astuces-mon-logement\/prendre-rendez-vous\/","title":{"rendered":"Prendre rendez-vous"},"content":{"rendered":"<p>POISSON D'AVRIL... pour l'instant ! Dans le futur, vendre des appartements et des maisons enti\u00e8rement en ligne fait partie de nos objectifs. D'ici l\u00e0, nous vous invitons \u00e0 parcourir nos derni\u00e8res offres immobili\u00e8res bien r\u00e9elles <span style=\"color: #ff0000;\"><a style=\"color: #ff0000;\" href=\"https:\/\/www.athome.lu\/blog\/\">sur notre site<\/a><\/span>.<\/p>\n<p>Allez, sans rancune ? ?<\/p>\n\n<section id=\"section-3-14695\" class=\" ct-section\" ><div class=\"ct-section-inner-wrap\"><div id=\"div_block-4-14695\" class=\"ct-div-block\" ><div id=\"new_columns-7-14695\" class=\"ct-new-columns\" ><div id=\"div_block-8-14695\" class=\"ct-div-block\" ><div id=\"div_block-14-14695\" class=\"ct-div-block\" ><\/div><\/div><div id=\"div_block-9-14695\" class=\"ct-div-block\" ><h1 id=\"headline-11-14695\" class=\"ct-headline\">Quels sont les prix de l'immobilier en ce moment ?<\/h1><div id=\"text_block-12-14695\" class=\"ct-text-block\" >Les prix ralentissent. Les taux d'int\u00e9r\u00eat augmentent. Quelles tendances pour les mois \u00e0 venir ?<\/div><a id=\"link_button-13-14695\" class=\"ct-link-button\" href=\"https:\/\/www.athome.lu\/blog\/blog\/marche-immobilier\/prix\/tendances-2022\/\" target=\"_blank\"  >Lire l'analyse<\/a><\/div><\/div><\/div><\/div><\/section>","protected":false},"excerpt":{"rendered":"<p>POISSON D'AVRIL... pour l'instant ! Dans le futur, vendre des appartements et des maisons enti\u00e8rement en ligne fait partie de nos objectifs. D'ici l\u00e0, nous vous invitons \u00e0 parcourir nos derni\u00e8res offres immobili\u00e8res bien r\u00e9elles sur notre site. Allez, sans rancune ? ?<\/p>\n","protected":false},"author":17,"featured_media":13340,"comment_status":"closed","ping_status":"closed","sticky":false,"template":"","format":"standard","meta":{"_acf_changed":false,"footnotes":""},"categories":[212],"tags":[],"class_list":["post-13391","post","type-post","status-publish","format-standard","has-post-thumbnail","hentry","category-astuces-mon-logement"],"acf":[],"yoast_head":"<!-- This site is optimized with the Yoast SEO plugin v27.4 - https:\/\/yoast.com\/product\/yoast-seo-wordpress\/ -->\n<title>Prendre rendez-vous - atHome Blog<\/title>\n<meta name=\"robots\" content=\"index, follow, max-snippet:-1, max-image-preview:large, max-video-preview:-1\" \/>\n<link rel=\"canonical\" href=\"https:\/\/www.athome.lu\/blog\/mon-logement\/astuces-mon-logement\/prendre-rendez-vous\/\" \/>\n<meta property=\"og:locale\" content=\"fr_FR\" \/>\n<meta property=\"og:type\" content=\"article\" \/>\n<meta property=\"og:title\" content=\"Prendre rendez-vous - atHome Blog\" \/>\n<meta property=\"og:description\" content=\"POISSON D&#039;AVRIL... pour l&#039;instant ! Dans le futur, vendre des appartements et des maisons enti\u00e8rement en ligne fait partie de nos objectifs. D&#039;ici l\u00e0, nous vous invitons \u00e0 parcourir nos derni\u00e8res offres immobili\u00e8res bien r\u00e9elles sur notre site. Allez, sans rancune ? ?\" \/>\n<meta property=\"og:url\" content=\"https:\/\/www.athome.lu\/blog\/mon-logement\/astuces-mon-logement\/prendre-rendez-vous\/\" \/>\n<meta property=\"og:site_name\" content=\"atHome Blog\" \/>\n<meta property=\"article:publisher\" content=\"https:\/\/www.facebook.com\/atHome.lu\/\" \/>\n<meta property=\"article:published_time\" content=\"2019-03-31T12:11:04+00:00\" \/>\n<meta property=\"article:modified_time\" content=\"2022-05-11T12:59:32+00:00\" \/>\n<meta property=\"og:image\" content=\"https:\/\/www.athome.lu\/blog\/wp-content\/uploads\/2021\/03\/Couverture-Wordpress-2.png\" \/>\n\t<meta property=\"og:image:width\" content=\"1280\" \/>\n\t<meta property=\"og:image:height\" content=\"444\" \/>\n\t<meta property=\"og:image:type\" content=\"image\/png\" \/>\n<meta name=\"author\" content=\"Fanny Pimentel\" \/>\n<meta name=\"twitter:card\" content=\"summary_large_image\" \/>\n<meta name=\"twitter:creator\" content=\"@athomelu\" \/>\n<meta name=\"twitter:site\" content=\"@athomelu\" \/>\n<meta name=\"twitter:label1\" content=\"\u00c9crit par\" \/>\n\t<meta name=\"twitter:data1\" content=\"Fanny Pimentel\" \/>\n\t<meta name=\"twitter:label2\" content=\"Dur\u00e9e de lecture estim\u00e9e\" \/>\n\t<meta name=\"twitter:data2\" content=\"1 minute\" \/>\n<script type=\"application\/ld+json\" class=\"yoast-schema-graph\">{\"@context\":\"https:\\\/\\\/schema.org\",\"@graph\":[{\"@type\":\"Article\",\"@id\":\"https:\\\/\\\/www.athome.lu\\\/blog\\\/mon-logement\\\/astuces-mon-logement\\\/prendre-rendez-vous\\\/#article\",\"isPartOf\":{\"@id\":\"https:\\\/\\\/www.athome.lu\\\/blog\\\/mon-logement\\\/astuces-mon-logement\\\/prendre-rendez-vous\\\/\"},\"author\":{\"name\":\"Fanny Pimentel\",\"@id\":\"https:\\\/\\\/www.athome.lu\\\/blog\\\/#\\\/schema\\\/person\\\/47f7a38089f837e792876ceddc4cb2dc\"},\"headline\":\"Prendre rendez-vous\",\"datePublished\":\"2019-03-31T12:11:04+00:00\",\"dateModified\":\"2022-05-11T12:59:32+00:00\",\"mainEntityOfPage\":{\"@id\":\"https:\\\/\\\/www.athome.lu\\\/blog\\\/mon-logement\\\/astuces-mon-logement\\\/prendre-rendez-vous\\\/\"},\"wordCount\":45,\"image\":{\"@id\":\"https:\\\/\\\/www.athome.lu\\\/blog\\\/mon-logement\\\/astuces-mon-logement\\\/prendre-rendez-vous\\\/#primaryimage\"},\"thumbnailUrl\":\"https:\\\/\\\/www.athome.lu\\\/blog\\\/wp-content\\\/uploads\\\/2021\\\/03\\\/Couverture-Wordpress-2.png\",\"articleSection\":[\"Astuces\"],\"inLanguage\":\"fr-FR\"},{\"@type\":\"WebPage\",\"@id\":\"https:\\\/\\\/www.athome.lu\\\/blog\\\/mon-logement\\\/astuces-mon-logement\\\/prendre-rendez-vous\\\/\",\"url\":\"https:\\\/\\\/www.athome.lu\\\/blog\\\/mon-logement\\\/astuces-mon-logement\\\/prendre-rendez-vous\\\/\",\"name\":\"Prendre rendez-vous - atHome Blog\",\"isPartOf\":{\"@id\":\"https:\\\/\\\/www.athome.lu\\\/blog\\\/#website\"},\"primaryImageOfPage\":{\"@id\":\"https:\\\/\\\/www.athome.lu\\\/blog\\\/mon-logement\\\/astuces-mon-logement\\\/prendre-rendez-vous\\\/#primaryimage\"},\"image\":{\"@id\":\"https:\\\/\\\/www.athome.lu\\\/blog\\\/mon-logement\\\/astuces-mon-logement\\\/prendre-rendez-vous\\\/#primaryimage\"},\"thumbnailUrl\":\"https:\\\/\\\/www.athome.lu\\\/blog\\\/wp-content\\\/uploads\\\/2021\\\/03\\\/Couverture-Wordpress-2.png\",\"datePublished\":\"2019-03-31T12:11:04+00:00\",\"dateModified\":\"2022-05-11T12:59:32+00:00\",\"author\":{\"@id\":\"https:\\\/\\\/www.athome.lu\\\/blog\\\/#\\\/schema\\\/person\\\/47f7a38089f837e792876ceddc4cb2dc\"},\"breadcrumb\":{\"@id\":\"https:\\\/\\\/www.athome.lu\\\/blog\\\/mon-logement\\\/astuces-mon-logement\\\/prendre-rendez-vous\\\/#breadcrumb\"},\"inLanguage\":\"fr-FR\",\"potentialAction\":[{\"@type\":\"ReadAction\",\"target\":[\"https:\\\/\\\/www.athome.lu\\\/blog\\\/mon-logement\\\/astuces-mon-logement\\\/prendre-rendez-vous\\\/\"]}]},{\"@type\":\"ImageObject\",\"inLanguage\":\"fr-FR\",\"@id\":\"https:\\\/\\\/www.athome.lu\\\/blog\\\/mon-logement\\\/astuces-mon-logement\\\/prendre-rendez-vous\\\/#primaryimage\",\"url\":\"https:\\\/\\\/www.athome.lu\\\/blog\\\/wp-content\\\/uploads\\\/2021\\\/03\\\/Couverture-Wordpress-2.png\",\"contentUrl\":\"https:\\\/\\\/www.athome.lu\\\/blog\\\/wp-content\\\/uploads\\\/2021\\\/03\\\/Couverture-Wordpress-2.png\",\"width\":1280,\"height\":444},{\"@type\":\"BreadcrumbList\",\"@id\":\"https:\\\/\\\/www.athome.lu\\\/blog\\\/mon-logement\\\/astuces-mon-logement\\\/prendre-rendez-vous\\\/#breadcrumb\",\"itemListElement\":[{\"@type\":\"ListItem\",\"position\":1,\"name\":\"Accueil\",\"item\":\"https:\\\/\\\/www.athome.lu\\\/blog\\\/\"},{\"@type\":\"ListItem\",\"position\":2,\"name\":\"Mon logement\",\"item\":\"https:\\\/\\\/www.athome.lu\\\/blog\\\/de\\\/category\\\/mein-haus\\\/\"},{\"@type\":\"ListItem\",\"position\":3,\"name\":\"Astuces\",\"item\":\"https:\\\/\\\/www.athome.lu\\\/blog\\\/category\\\/mon-logement\\\/astuces-mon-logement\\\/\"},{\"@type\":\"ListItem\",\"position\":4,\"name\":\"Prendre rendez-vous\"}]},{\"@type\":\"WebSite\",\"@id\":\"https:\\\/\\\/www.athome.lu\\\/blog\\\/#website\",\"url\":\"https:\\\/\\\/www.athome.lu\\\/blog\\\/\",\"name\":\"atHome Blog\",\"description\":\"Annonces immobili\u00e8res au Luxembourg. Le portail immobilier n\u00b01 au Luxembourg.\",\"potentialAction\":[{\"@type\":\"SearchAction\",\"target\":{\"@type\":\"EntryPoint\",\"urlTemplate\":\"https:\\\/\\\/www.athome.lu\\\/blog\\\/?s={search_term_string}\"},\"query-input\":{\"@type\":\"PropertyValueSpecification\",\"valueRequired\":true,\"valueName\":\"search_term_string\"}}],\"inLanguage\":\"fr-FR\"},{\"@type\":\"Person\",\"@id\":\"https:\\\/\\\/www.athome.lu\\\/blog\\\/#\\\/schema\\\/person\\\/47f7a38089f837e792876ceddc4cb2dc\",\"name\":\"Fanny Pimentel\",\"image\":{\"@type\":\"ImageObject\",\"inLanguage\":\"fr-FR\",\"@id\":\"https:\\\/\\\/secure.gravatar.com\\\/avatar\\\/c60b27b93851dc9503f9cc9150e73dcb0a86ba6150657e5e4b11d988400bc633?s=96&d=mm&r=g\",\"url\":\"https:\\\/\\\/secure.gravatar.com\\\/avatar\\\/c60b27b93851dc9503f9cc9150e73dcb0a86ba6150657e5e4b11d988400bc633?s=96&d=mm&r=g\",\"contentUrl\":\"https:\\\/\\\/secure.gravatar.com\\\/avatar\\\/c60b27b93851dc9503f9cc9150e73dcb0a86ba6150657e5e4b11d988400bc633?s=96&d=mm&r=g\",\"caption\":\"Fanny Pimentel\"}}]}<\/script>\n<!-- \/ Yoast SEO plugin. -->","yoast_head_json":{"title":"Prendre rendez-vous - atHome Blog","robots":{"index":"index","follow":"follow","max-snippet":"max-snippet:-1","max-image-preview":"max-image-preview:large","max-video-preview":"max-video-preview:-1"},"canonical":"https:\/\/www.athome.lu\/blog\/mon-logement\/astuces-mon-logement\/prendre-rendez-vous\/","og_locale":"fr_FR","og_type":"article","og_title":"Prendre rendez-vous - atHome Blog","og_description":"POISSON D'AVRIL... pour l'instant ! Dans le futur, vendre des appartements et des maisons enti\u00e8rement en ligne fait partie de nos objectifs. D'ici l\u00e0, nous vous invitons \u00e0 parcourir nos derni\u00e8res offres immobili\u00e8res bien r\u00e9elles sur notre site. Allez, sans rancune ? ?","og_url":"https:\/\/www.athome.lu\/blog\/mon-logement\/astuces-mon-logement\/prendre-rendez-vous\/","og_site_name":"atHome Blog","article_publisher":"https:\/\/www.facebook.com\/atHome.lu\/","article_published_time":"2019-03-31T12:11:04+00:00","article_modified_time":"2022-05-11T12:59:32+00:00","og_image":[{"width":1280,"height":444,"url":"https:\/\/www.athome.lu\/blog\/wp-content\/uploads\/2021\/03\/Couverture-Wordpress-2.png","type":"image\/png"}],"author":"Fanny Pimentel","twitter_card":"summary_large_image","twitter_creator":"@athomelu","twitter_site":"@athomelu","twitter_misc":{"\u00c9crit par":"Fanny Pimentel","Dur\u00e9e de lecture estim\u00e9e":"1 minute"},"schema":{"@context":"https:\/\/schema.org","@graph":[{"@type":"Article","@id":"https:\/\/www.athome.lu\/blog\/mon-logement\/astuces-mon-logement\/prendre-rendez-vous\/#article","isPartOf":{"@id":"https:\/\/www.athome.lu\/blog\/mon-logement\/astuces-mon-logement\/prendre-rendez-vous\/"},"author":{"name":"Fanny Pimentel","@id":"https:\/\/www.athome.lu\/blog\/#\/schema\/person\/47f7a38089f837e792876ceddc4cb2dc"},"headline":"Prendre rendez-vous","datePublished":"2019-03-31T12:11:04+00:00","dateModified":"2022-05-11T12:59:32+00:00","mainEntityOfPage":{"@id":"https:\/\/www.athome.lu\/blog\/mon-logement\/astuces-mon-logement\/prendre-rendez-vous\/"},"wordCount":45,"image":{"@id":"https:\/\/www.athome.lu\/blog\/mon-logement\/astuces-mon-logement\/prendre-rendez-vous\/#primaryimage"},"thumbnailUrl":"https:\/\/www.athome.lu\/blog\/wp-content\/uploads\/2021\/03\/Couverture-Wordpress-2.png","articleSection":["Astuces"],"inLanguage":"fr-FR"},{"@type":"WebPage","@id":"https:\/\/www.athome.lu\/blog\/mon-logement\/astuces-mon-logement\/prendre-rendez-vous\/","url":"https:\/\/www.athome.lu\/blog\/mon-logement\/astuces-mon-logement\/prendre-rendez-vous\/","name":"Prendre rendez-vous - atHome Blog","isPartOf":{"@id":"https:\/\/www.athome.lu\/blog\/#website"},"primaryImageOfPage":{"@id":"https:\/\/www.athome.lu\/blog\/mon-logement\/astuces-mon-logement\/prendre-rendez-vous\/#primaryimage"},"image":{"@id":"https:\/\/www.athome.lu\/blog\/mon-logement\/astuces-mon-logement\/prendre-rendez-vous\/#primaryimage"},"thumbnailUrl":"https:\/\/www.athome.lu\/blog\/wp-content\/uploads\/2021\/03\/Couverture-Wordpress-2.png","datePublished":"2019-03-31T12:11:04+00:00","dateModified":"2022-05-11T12:59:32+00:00","author":{"@id":"https:\/\/www.athome.lu\/blog\/#\/schema\/person\/47f7a38089f837e792876ceddc4cb2dc"},"breadcrumb":{"@id":"https:\/\/www.athome.lu\/blog\/mon-logement\/astuces-mon-logement\/prendre-rendez-vous\/#breadcrumb"},"inLanguage":"fr-FR","potentialAction":[{"@type":"ReadAction","target":["https:\/\/www.athome.lu\/blog\/mon-logement\/astuces-mon-logement\/prendre-rendez-vous\/"]}]},{"@type":"ImageObject","inLanguage":"fr-FR","@id":"https:\/\/www.athome.lu\/blog\/mon-logement\/astuces-mon-logement\/prendre-rendez-vous\/#primaryimage","url":"https:\/\/www.athome.lu\/blog\/wp-content\/uploads\/2021\/03\/Couverture-Wordpress-2.png","contentUrl":"https:\/\/www.athome.lu\/blog\/wp-content\/uploads\/2021\/03\/Couverture-Wordpress-2.png","width":1280,"height":444},{"@type":"BreadcrumbList","@id":"https:\/\/www.athome.lu\/blog\/mon-logement\/astuces-mon-logement\/prendre-rendez-vous\/#breadcrumb","itemListElement":[{"@type":"ListItem","position":1,"name":"Accueil","item":"https:\/\/www.athome.lu\/blog\/"},{"@type":"ListItem","position":2,"name":"Mon logement","item":"https:\/\/www.athome.lu\/blog\/de\/category\/mein-haus\/"},{"@type":"ListItem","position":3,"name":"Astuces","item":"https:\/\/www.athome.lu\/blog\/category\/mon-logement\/astuces-mon-logement\/"},{"@type":"ListItem","position":4,"name":"Prendre rendez-vous"}]},{"@type":"WebSite","@id":"https:\/\/www.athome.lu\/blog\/#website","url":"https:\/\/www.athome.lu\/blog\/","name":"atHome Blog","description":"Annonces immobili\u00e8res au Luxembourg. Le portail immobilier n\u00b01 au Luxembourg.","potentialAction":[{"@type":"SearchAction","target":{"@type":"EntryPoint","urlTemplate":"https:\/\/www.athome.lu\/blog\/?s={search_term_string}"},"query-input":{"@type":"PropertyValueSpecification","valueRequired":true,"valueName":"search_term_string"}}],"inLanguage":"fr-FR"},{"@type":"Person","@id":"https:\/\/www.athome.lu\/blog\/#\/schema\/person\/47f7a38089f837e792876ceddc4cb2dc","name":"Fanny Pimentel","image":{"@type":"ImageObject","inLanguage":"fr-FR","@id":"https:\/\/secure.gravatar.com\/avatar\/c60b27b93851dc9503f9cc9150e73dcb0a86ba6150657e5e4b11d988400bc633?s=96&d=mm&r=g","url":"https:\/\/secure.gravatar.com\/avatar\/c60b27b93851dc9503f9cc9150e73dcb0a86ba6150657e5e4b11d988400bc633?s=96&d=mm&r=g","contentUrl":"https:\/\/secure.gravatar.com\/avatar\/c60b27b93851dc9503f9cc9150e73dcb0a86ba6150657e5e4b11d988400bc633?s=96&d=mm&r=g","caption":"Fanny Pimentel"}}]}},"featured_media_src_url":"https:\/\/www.athome.lu\/blog\/wp-content\/uploads\/2021\/03\/Couverture-Wordpress-2-1024x355.png","_links":{"self":[{"href":"https:\/\/www.athome.lu\/blog\/wp-json\/wp\/v2\/posts\/13391","targetHints":{"allow":["GET"]}}],"collection":[{"href":"https:\/\/www.athome.lu\/blog\/wp-json\/wp\/v2\/posts"}],"about":[{"href":"https:\/\/www.athome.lu\/blog\/wp-json\/wp\/v2\/types\/post"}],"author":[{"embeddable":true,"href":"https:\/\/www.athome.lu\/blog\/wp-json\/wp\/v2\/users\/17"}],"replies":[{"embeddable":true,"href":"https:\/\/www.athome.lu\/blog\/wp-json\/wp\/v2\/comments?post=13391"}],"version-history":[{"count":2,"href":"https:\/\/www.athome.lu\/blog\/wp-json\/wp\/v2\/posts\/13391\/revisions"}],"predecessor-version":[{"id":15007,"href":"https:\/\/www.athome.lu\/blog\/wp-json\/wp\/v2\/posts\/13391\/revisions\/15007"}],"wp:featuredmedia":[{"embeddable":true,"href":"https:\/\/www.athome.lu\/blog\/wp-json\/wp\/v2\/media\/13340"}],"wp:attachment":[{"href":"https:\/\/www.athome.lu\/blog\/wp-json\/wp\/v2\/media?parent=13391"}],"wp:term":[{"taxonomy":"category","embeddable":true,"href":"https:\/\/www.athome.lu\/blog\/wp-json\/wp\/v2\/categories?post=13391"},{"taxonomy":"post_tag","embeddable":true,"href":"https:\/\/www.athome.lu\/blog\/wp-json\/wp\/v2\/tags?post=13391"}],"curies":[{"name":"wp","href":"https:\/\/api.w.org\/{rel}","templated":true}]}}