{"id":16308,"date":"2022-03-14T10:59:22","date_gmt":"2022-03-14T09:59:22","guid":{"rendered":"https:\/\/www.athome.lu\/blogpro\/?p=12869"},"modified":"2024-04-23T10:01:13","modified_gmt":"2024-04-23T08:01:13","slug":"developper-votre-image-de-marque","status":"publish","type":"post","link":"https:\/\/www.athome.lu\/blog\/pro\/marketing-immobilier\/developper-votre-image-de-marque\/","title":{"rendered":"Comment d\u00e9velopper une image de marque unifi\u00e9e pour votre agence ?"},"content":{"rendered":"<p><strong>Il n\u2019est jamais \u00e9vident pour une agence immobili\u00e8re de pr\u00e9senter une marque forte, tout en permettant \u00e0 ses agents de d\u00e9velopper leur image de marque. Il s\u2019agit pourtant d\u2019un d\u00e9fi capital pour v\u00e9hiculer le bon message \u00e0 la bonne personne. Voici comment d\u00e9velopper un branding personnel qui permettra \u00e0 votre agence de jouir d\u2019une image de marque unifi\u00e9e et coh\u00e9rente.<\/strong><\/p>\n<h2><strong>L'image de marque unifi\u00e9e : le branding<\/strong><\/h2>\n<p>Lorsque l\u2019on \u00e9voque l\u2019identit\u00e9 de sa marque, on pense souvent au logo, \u00e0 la charte graphique, la police de caract\u00e8res, ... . Mais cela ne suffit \u00e9videmment pas \u00e0 d\u00e9finir votre activit\u00e9 et la mani\u00e8re dont vous vous diff\u00e9renciez de vos concurrents. Au-del\u00e0 de cette identit\u00e9, il y a votre image de marque, c\u2019est-\u00e0-dire <strong>la mani\u00e8re dont vous per\u00e7oit le public<\/strong>. Elle se construit\u00a0sur base de\u00a0:<\/p>\n<ul>\n<li>Ce que le public pense et dit de votre marque spontan\u00e9ment<\/li>\n<li>La fa\u00e7on dont les gens d\u00e9crivent votre marque<\/li>\n<li>La r\u00e9putation que votre marque g\u00e9n\u00e8re<\/li>\n<\/ul>\n<p>Que vous le vouliez ou non, vos prospects, vos partenaires ou vos clients ont tous une image de votre marque. Il est donc important pour vous, en tant qu\u2019agent ind\u00e9pendant, salari\u00e9 dans une agence ou patron de votre propre bo\u00eete, de v\u00e9hiculer une image personnelle forte et coh\u00e9rente avec celle de votre marque immobili\u00e8re. C\u2019est que l\u2019on appelle le branding personnel. Il s\u2019agit, en d\u2019autres termes, de <strong>votre popularit\u00e9 aupr\u00e8s du public<\/strong>.<\/p>\n<h2><strong>Comment construire votre image personnelle ?<\/strong><\/h2>\n<p>Parce que vous n\u2019\u00eates certainement pas la seule agence immobili\u00e8re de votre r\u00e9gion, vous avez besoin de vous diff\u00e9rencier de la concurrence. D\u00e9velopper votre branding personnel vous permettra, en tant que personne mais aussi en tant que <strong><a href=\"https:\/\/www.athome.lu\/blog\/\">professionnel de l\u2019immobilier<\/a>, d\u2019\u00eatre unique aux yeux du public<\/strong>.<\/p>\n<p>Pour d\u00e9finir ce qui vous rend unique, soyez authentique\u00a0! <strong>Car pour qu\u2019un <a href=\"https:\/\/www.athome.lu\/blog\/blogpro\/10-actions-de-communication\/\" target=\"_blank\" rel=\"noopener\">branding<\/a> personnel soit efficace, il doit \u00eatre vrai<\/strong>. Commencez donc par d\u00e9terminer les \u00e9l\u00e9ments de votre personnalit\u00e9 que vous souhaitez mettre en avant pour communiquer sur votre marque\u00a0:<\/p>\n<ul>\n<li>Quelles sont vos qualit\u00e9s et vos d\u00e9fauts ?<\/li>\n<li>Comment envisagez-vous la relation client ?<\/li>\n<li>Qu\u2019est-ce qui vous distingue de la concurrence ?<\/li>\n<\/ul>\n<p>Ensuite, dressez le portrait-robot de votre client id\u00e9al pour d\u00e9terminer vos persona, c\u2019est-\u00e0-dire votre cible. C\u2019est vers cette client\u00e8le type que seront adress\u00e9es vos actions de communication relatives \u00e0 votre branding personnel.<\/p>\n<p>Enfin, vous d\u00e9terminerez votre proposition de valeur. Celle-ci d\u00e9crit de fa\u00e7on claire et convaincante la mani\u00e8re propre \u00e0 votre agence de r\u00e9pondre aux besoins des clients.<\/p>\n<p>A partir ce ces \u00e9l\u00e9ments, vous serez en mesure de construire votre branding personnel.<\/p>\n<h2><strong>Le branding personnel pour mettre en avant votre marque<\/strong><\/h2>\n<p>D\u00e9velopper une image de marque forte de votre agence ne doit pas vous emp\u00eacher de d\u00e9velopper une image de marque personnelle. Bien au contraire. Lorsque vous vous serez constitu\u00e9 un branding personnel solide, vous pourrez m\u00ealer vos qualit\u00e9s personnelles et professionnelles aux points forts qui distinguent votre marque. Assurer la coh\u00e9rence entre votre image personnelle, celle de vos agents et celle de votre agence est essentiel pour communiquer le bon message au bon public.<\/p>\n<p>Votre marketing personnel va venir mettre en avant votre marque et inversement, la r\u00e9putation de la marque viendra nourrir \u00e0 son tour votre image personnelle. L\u2019objectif d\u2019avoir un branding unifi\u00e9 est double\u00a0:<\/p>\n<ul>\n<li><strong>Que vous soyez identifi\u00e9 \u00e0 votre marque<\/strong>: <em>\u00ab Cette agence a une excellente r\u00e9putation. Ses agents immobiliers doivent donc \u00eatre comp\u00e9tents et dignes de confiance. \u00bb<\/em><\/li>\n<li><strong>Que votre marque soit identifi\u00e9e par vous :<\/strong> <em>\u00ab\u00a0Cet agent immobilier est professionnel et pr\u00e9sente bien. J\u2019ai maintenant une excellente image de l\u2019agence pour laquelle il travaille.\u00a0\u00bb <\/em><\/li>\n<\/ul>\n","protected":false},"excerpt":{"rendered":"<p>Il n\u2019est jamais \u00e9vident pour une agence immobili\u00e8re de pr\u00e9senter une marque forte, tout en permettant \u00e0 ses agents de d\u00e9velopper leur image de marque. Il s\u2019agit pourtant d\u2019un d\u00e9fi capital pour v\u00e9hiculer le bon message \u00e0 la bonne personne. Voici comment d\u00e9velopper un branding personnel qui permettra \u00e0 votre agence de jouir d\u2019une image [&hellip;]<\/p>\n","protected":false},"author":17,"featured_media":16312,"comment_status":"closed","ping_status":"closed","sticky":false,"template":"","format":"standard","meta":{"_acf_changed":false,"footnotes":""},"categories":[235],"tags":[236,240,70],"class_list":["post-16308","post","type-post","status-publish","format-standard","has-post-thumbnail","hentry","category-marketing-immobilier","tag-athome","tag-branding","tag-immobilier"],"acf":[],"yoast_head":"<!-- This site is optimized with the Yoast SEO plugin v27.4 - https:\/\/yoast.com\/product\/yoast-seo-wordpress\/ -->\n<title>Comment d\u00e9velopper une image de marque unifi\u00e9e pour votre agence ? - atHome Blog<\/title>\n<meta name=\"description\" content=\"Il est difficile de pr\u00e9senter une marque forte, tout en d\u00e9veloppant une image de marque. Voici comment d\u00e9velopper une image de marque unifi\u00e9e et coh\u00e9rente.\" \/>\n<meta name=\"robots\" content=\"index, follow, max-snippet:-1, max-image-preview:large, max-video-preview:-1\" \/>\n<link rel=\"canonical\" href=\"https:\/\/www.athome.lu\/blog\/pro\/marketing-immobilier\/developper-votre-image-de-marque\/\" \/>\n<meta property=\"og:locale\" content=\"fr_FR\" \/>\n<meta property=\"og:type\" content=\"article\" \/>\n<meta property=\"og:title\" content=\"Comment d\u00e9velopper une image de marque unifi\u00e9e pour votre agence ? - atHome Blog\" \/>\n<meta property=\"og:description\" content=\"Il est difficile de pr\u00e9senter une marque forte, tout en d\u00e9veloppant une image de marque. Voici comment d\u00e9velopper une image de marque unifi\u00e9e et coh\u00e9rente.\" \/>\n<meta property=\"og:url\" content=\"https:\/\/www.athome.lu\/blog\/pro\/marketing-immobilier\/developper-votre-image-de-marque\/\" \/>\n<meta property=\"og:site_name\" content=\"atHome Blog\" \/>\n<meta property=\"article:publisher\" content=\"https:\/\/www.facebook.com\/atHome.lu\/\" \/>\n<meta property=\"article:published_time\" content=\"2022-03-14T09:59:22+00:00\" \/>\n<meta property=\"article:modified_time\" content=\"2024-04-23T08:01:13+00:00\" \/>\n<meta property=\"og:image\" content=\"https:\/\/www.athome.lu\/blog\/wp-content\/uploads\/2022\/06\/pexels-energepiccom-313691-scaled-1.jpg\" \/>\n\t<meta property=\"og:image:width\" content=\"2560\" \/>\n\t<meta property=\"og:image:height\" content=\"1920\" \/>\n\t<meta property=\"og:image:type\" content=\"image\/jpeg\" \/>\n<meta name=\"author\" content=\"Fanny Pimentel\" \/>\n<meta name=\"twitter:card\" content=\"summary_large_image\" \/>\n<meta name=\"twitter:creator\" content=\"@athomelu\" \/>\n<meta name=\"twitter:site\" content=\"@athomelu\" \/>\n<meta name=\"twitter:label1\" content=\"\u00c9crit par\" \/>\n\t<meta name=\"twitter:data1\" content=\"Fanny Pimentel\" \/>\n\t<meta name=\"twitter:label2\" content=\"Dur\u00e9e de lecture estim\u00e9e\" \/>\n\t<meta name=\"twitter:data2\" content=\"4 minutes\" \/>\n<script type=\"application\/ld+json\" class=\"yoast-schema-graph\">{\"@context\":\"https:\\\/\\\/schema.org\",\"@graph\":[{\"@type\":\"Article\",\"@id\":\"https:\\\/\\\/www.athome.lu\\\/blog\\\/pro\\\/marketing-immobilier\\\/developper-votre-image-de-marque\\\/#article\",\"isPartOf\":{\"@id\":\"https:\\\/\\\/www.athome.lu\\\/blog\\\/pro\\\/marketing-immobilier\\\/developper-votre-image-de-marque\\\/\"},\"author\":{\"name\":\"Fanny Pimentel\",\"@id\":\"https:\\\/\\\/www.athome.lu\\\/blog\\\/#\\\/schema\\\/person\\\/47f7a38089f837e792876ceddc4cb2dc\"},\"headline\":\"Comment d\u00e9velopper une image de marque unifi\u00e9e pour votre agence ?\",\"datePublished\":\"2022-03-14T09:59:22+00:00\",\"dateModified\":\"2024-04-23T08:01:13+00:00\",\"mainEntityOfPage\":{\"@id\":\"https:\\\/\\\/www.athome.lu\\\/blog\\\/pro\\\/marketing-immobilier\\\/developper-votre-image-de-marque\\\/\"},\"wordCount\":660,\"image\":{\"@id\":\"https:\\\/\\\/www.athome.lu\\\/blog\\\/pro\\\/marketing-immobilier\\\/developper-votre-image-de-marque\\\/#primaryimage\"},\"thumbnailUrl\":\"https:\\\/\\\/www.athome.lu\\\/blog\\\/wp-content\\\/uploads\\\/2022\\\/06\\\/pexels-energepiccom-313691-scaled-1.jpg\",\"keywords\":[\"athome\",\"branding\",\"immobilier\"],\"articleSection\":[\"Marketing immobilier\"],\"inLanguage\":\"fr-FR\"},{\"@type\":\"WebPage\",\"@id\":\"https:\\\/\\\/www.athome.lu\\\/blog\\\/pro\\\/marketing-immobilier\\\/developper-votre-image-de-marque\\\/\",\"url\":\"https:\\\/\\\/www.athome.lu\\\/blog\\\/pro\\\/marketing-immobilier\\\/developper-votre-image-de-marque\\\/\",\"name\":\"Comment d\u00e9velopper une image de marque unifi\u00e9e pour votre agence ? - atHome Blog\",\"isPartOf\":{\"@id\":\"https:\\\/\\\/www.athome.lu\\\/blog\\\/#website\"},\"primaryImageOfPage\":{\"@id\":\"https:\\\/\\\/www.athome.lu\\\/blog\\\/pro\\\/marketing-immobilier\\\/developper-votre-image-de-marque\\\/#primaryimage\"},\"image\":{\"@id\":\"https:\\\/\\\/www.athome.lu\\\/blog\\\/pro\\\/marketing-immobilier\\\/developper-votre-image-de-marque\\\/#primaryimage\"},\"thumbnailUrl\":\"https:\\\/\\\/www.athome.lu\\\/blog\\\/wp-content\\\/uploads\\\/2022\\\/06\\\/pexels-energepiccom-313691-scaled-1.jpg\",\"datePublished\":\"2022-03-14T09:59:22+00:00\",\"dateModified\":\"2024-04-23T08:01:13+00:00\",\"author\":{\"@id\":\"https:\\\/\\\/www.athome.lu\\\/blog\\\/#\\\/schema\\\/person\\\/47f7a38089f837e792876ceddc4cb2dc\"},\"description\":\"Il est difficile de pr\u00e9senter une marque forte, tout en d\u00e9veloppant une image de marque. Voici comment d\u00e9velopper une image de marque unifi\u00e9e et coh\u00e9rente.\",\"breadcrumb\":{\"@id\":\"https:\\\/\\\/www.athome.lu\\\/blog\\\/pro\\\/marketing-immobilier\\\/developper-votre-image-de-marque\\\/#breadcrumb\"},\"inLanguage\":\"fr-FR\",\"potentialAction\":[{\"@type\":\"ReadAction\",\"target\":[\"https:\\\/\\\/www.athome.lu\\\/blog\\\/pro\\\/marketing-immobilier\\\/developper-votre-image-de-marque\\\/\"]}]},{\"@type\":\"ImageObject\",\"inLanguage\":\"fr-FR\",\"@id\":\"https:\\\/\\\/www.athome.lu\\\/blog\\\/pro\\\/marketing-immobilier\\\/developper-votre-image-de-marque\\\/#primaryimage\",\"url\":\"https:\\\/\\\/www.athome.lu\\\/blog\\\/wp-content\\\/uploads\\\/2022\\\/06\\\/pexels-energepiccom-313691-scaled-1.jpg\",\"contentUrl\":\"https:\\\/\\\/www.athome.lu\\\/blog\\\/wp-content\\\/uploads\\\/2022\\\/06\\\/pexels-energepiccom-313691-scaled-1.jpg\",\"width\":2560,\"height\":1920,\"caption\":\"atHome Magazine les chiffres immo\"},{\"@type\":\"BreadcrumbList\",\"@id\":\"https:\\\/\\\/www.athome.lu\\\/blog\\\/pro\\\/marketing-immobilier\\\/developper-votre-image-de-marque\\\/#breadcrumb\",\"itemListElement\":[{\"@type\":\"ListItem\",\"position\":1,\"name\":\"Accueil\",\"item\":\"https:\\\/\\\/www.athome.lu\\\/blog\\\/\"},{\"@type\":\"ListItem\",\"position\":2,\"name\":\"Pro\",\"item\":\"https:\\\/\\\/www.athome.lu\\\/blog\\\/category\\\/pro\\\/\"},{\"@type\":\"ListItem\",\"position\":3,\"name\":\"Marketing immobilier\",\"item\":\"https:\\\/\\\/www.athome.lu\\\/blog\\\/category\\\/pro\\\/marketing-immobilier\\\/\"},{\"@type\":\"ListItem\",\"position\":4,\"name\":\"Comment d\u00e9velopper une image de marque unifi\u00e9e pour votre agence ?\"}]},{\"@type\":\"WebSite\",\"@id\":\"https:\\\/\\\/www.athome.lu\\\/blog\\\/#website\",\"url\":\"https:\\\/\\\/www.athome.lu\\\/blog\\\/\",\"name\":\"atHome Blog\",\"description\":\"Annonces immobili\u00e8res au Luxembourg. Le portail immobilier n\u00b01 au Luxembourg.\",\"potentialAction\":[{\"@type\":\"SearchAction\",\"target\":{\"@type\":\"EntryPoint\",\"urlTemplate\":\"https:\\\/\\\/www.athome.lu\\\/blog\\\/?s={search_term_string}\"},\"query-input\":{\"@type\":\"PropertyValueSpecification\",\"valueRequired\":true,\"valueName\":\"search_term_string\"}}],\"inLanguage\":\"fr-FR\"},{\"@type\":\"Person\",\"@id\":\"https:\\\/\\\/www.athome.lu\\\/blog\\\/#\\\/schema\\\/person\\\/47f7a38089f837e792876ceddc4cb2dc\",\"name\":\"Fanny Pimentel\",\"image\":{\"@type\":\"ImageObject\",\"inLanguage\":\"fr-FR\",\"@id\":\"https:\\\/\\\/secure.gravatar.com\\\/avatar\\\/c60b27b93851dc9503f9cc9150e73dcb0a86ba6150657e5e4b11d988400bc633?s=96&d=mm&r=g\",\"url\":\"https:\\\/\\\/secure.gravatar.com\\\/avatar\\\/c60b27b93851dc9503f9cc9150e73dcb0a86ba6150657e5e4b11d988400bc633?s=96&d=mm&r=g\",\"contentUrl\":\"https:\\\/\\\/secure.gravatar.com\\\/avatar\\\/c60b27b93851dc9503f9cc9150e73dcb0a86ba6150657e5e4b11d988400bc633?s=96&d=mm&r=g\",\"caption\":\"Fanny Pimentel\"}}]}<\/script>\n<!-- \/ Yoast SEO plugin. -->","yoast_head_json":{"title":"Comment d\u00e9velopper une image de marque unifi\u00e9e pour votre agence ? - atHome Blog","description":"Il est difficile de pr\u00e9senter une marque forte, tout en d\u00e9veloppant une image de marque. Voici comment d\u00e9velopper une image de marque unifi\u00e9e et coh\u00e9rente.","robots":{"index":"index","follow":"follow","max-snippet":"max-snippet:-1","max-image-preview":"max-image-preview:large","max-video-preview":"max-video-preview:-1"},"canonical":"https:\/\/www.athome.lu\/blog\/pro\/marketing-immobilier\/developper-votre-image-de-marque\/","og_locale":"fr_FR","og_type":"article","og_title":"Comment d\u00e9velopper une image de marque unifi\u00e9e pour votre agence ? - atHome Blog","og_description":"Il est difficile de pr\u00e9senter une marque forte, tout en d\u00e9veloppant une image de marque. Voici comment d\u00e9velopper une image de marque unifi\u00e9e et coh\u00e9rente.","og_url":"https:\/\/www.athome.lu\/blog\/pro\/marketing-immobilier\/developper-votre-image-de-marque\/","og_site_name":"atHome Blog","article_publisher":"https:\/\/www.facebook.com\/atHome.lu\/","article_published_time":"2022-03-14T09:59:22+00:00","article_modified_time":"2024-04-23T08:01:13+00:00","og_image":[{"width":2560,"height":1920,"url":"https:\/\/www.athome.lu\/blog\/wp-content\/uploads\/2022\/06\/pexels-energepiccom-313691-scaled-1.jpg","type":"image\/jpeg"}],"author":"Fanny Pimentel","twitter_card":"summary_large_image","twitter_creator":"@athomelu","twitter_site":"@athomelu","twitter_misc":{"\u00c9crit par":"Fanny Pimentel","Dur\u00e9e de lecture estim\u00e9e":"4 minutes"},"schema":{"@context":"https:\/\/schema.org","@graph":[{"@type":"Article","@id":"https:\/\/www.athome.lu\/blog\/pro\/marketing-immobilier\/developper-votre-image-de-marque\/#article","isPartOf":{"@id":"https:\/\/www.athome.lu\/blog\/pro\/marketing-immobilier\/developper-votre-image-de-marque\/"},"author":{"name":"Fanny Pimentel","@id":"https:\/\/www.athome.lu\/blog\/#\/schema\/person\/47f7a38089f837e792876ceddc4cb2dc"},"headline":"Comment d\u00e9velopper une image de marque unifi\u00e9e pour votre agence ?","datePublished":"2022-03-14T09:59:22+00:00","dateModified":"2024-04-23T08:01:13+00:00","mainEntityOfPage":{"@id":"https:\/\/www.athome.lu\/blog\/pro\/marketing-immobilier\/developper-votre-image-de-marque\/"},"wordCount":660,"image":{"@id":"https:\/\/www.athome.lu\/blog\/pro\/marketing-immobilier\/developper-votre-image-de-marque\/#primaryimage"},"thumbnailUrl":"https:\/\/www.athome.lu\/blog\/wp-content\/uploads\/2022\/06\/pexels-energepiccom-313691-scaled-1.jpg","keywords":["athome","branding","immobilier"],"articleSection":["Marketing immobilier"],"inLanguage":"fr-FR"},{"@type":"WebPage","@id":"https:\/\/www.athome.lu\/blog\/pro\/marketing-immobilier\/developper-votre-image-de-marque\/","url":"https:\/\/www.athome.lu\/blog\/pro\/marketing-immobilier\/developper-votre-image-de-marque\/","name":"Comment d\u00e9velopper une image de marque unifi\u00e9e pour votre agence ? - atHome Blog","isPartOf":{"@id":"https:\/\/www.athome.lu\/blog\/#website"},"primaryImageOfPage":{"@id":"https:\/\/www.athome.lu\/blog\/pro\/marketing-immobilier\/developper-votre-image-de-marque\/#primaryimage"},"image":{"@id":"https:\/\/www.athome.lu\/blog\/pro\/marketing-immobilier\/developper-votre-image-de-marque\/#primaryimage"},"thumbnailUrl":"https:\/\/www.athome.lu\/blog\/wp-content\/uploads\/2022\/06\/pexels-energepiccom-313691-scaled-1.jpg","datePublished":"2022-03-14T09:59:22+00:00","dateModified":"2024-04-23T08:01:13+00:00","author":{"@id":"https:\/\/www.athome.lu\/blog\/#\/schema\/person\/47f7a38089f837e792876ceddc4cb2dc"},"description":"Il est difficile de pr\u00e9senter une marque forte, tout en d\u00e9veloppant une image de marque. Voici comment d\u00e9velopper une image de marque unifi\u00e9e et coh\u00e9rente.","breadcrumb":{"@id":"https:\/\/www.athome.lu\/blog\/pro\/marketing-immobilier\/developper-votre-image-de-marque\/#breadcrumb"},"inLanguage":"fr-FR","potentialAction":[{"@type":"ReadAction","target":["https:\/\/www.athome.lu\/blog\/pro\/marketing-immobilier\/developper-votre-image-de-marque\/"]}]},{"@type":"ImageObject","inLanguage":"fr-FR","@id":"https:\/\/www.athome.lu\/blog\/pro\/marketing-immobilier\/developper-votre-image-de-marque\/#primaryimage","url":"https:\/\/www.athome.lu\/blog\/wp-content\/uploads\/2022\/06\/pexels-energepiccom-313691-scaled-1.jpg","contentUrl":"https:\/\/www.athome.lu\/blog\/wp-content\/uploads\/2022\/06\/pexels-energepiccom-313691-scaled-1.jpg","width":2560,"height":1920,"caption":"atHome Magazine les chiffres immo"},{"@type":"BreadcrumbList","@id":"https:\/\/www.athome.lu\/blog\/pro\/marketing-immobilier\/developper-votre-image-de-marque\/#breadcrumb","itemListElement":[{"@type":"ListItem","position":1,"name":"Accueil","item":"https:\/\/www.athome.lu\/blog\/"},{"@type":"ListItem","position":2,"name":"Pro","item":"https:\/\/www.athome.lu\/blog\/category\/pro\/"},{"@type":"ListItem","position":3,"name":"Marketing immobilier","item":"https:\/\/www.athome.lu\/blog\/category\/pro\/marketing-immobilier\/"},{"@type":"ListItem","position":4,"name":"Comment d\u00e9velopper une image de marque unifi\u00e9e pour votre agence ?"}]},{"@type":"WebSite","@id":"https:\/\/www.athome.lu\/blog\/#website","url":"https:\/\/www.athome.lu\/blog\/","name":"atHome Blog","description":"Annonces immobili\u00e8res au Luxembourg. Le portail immobilier n\u00b01 au Luxembourg.","potentialAction":[{"@type":"SearchAction","target":{"@type":"EntryPoint","urlTemplate":"https:\/\/www.athome.lu\/blog\/?s={search_term_string}"},"query-input":{"@type":"PropertyValueSpecification","valueRequired":true,"valueName":"search_term_string"}}],"inLanguage":"fr-FR"},{"@type":"Person","@id":"https:\/\/www.athome.lu\/blog\/#\/schema\/person\/47f7a38089f837e792876ceddc4cb2dc","name":"Fanny Pimentel","image":{"@type":"ImageObject","inLanguage":"fr-FR","@id":"https:\/\/secure.gravatar.com\/avatar\/c60b27b93851dc9503f9cc9150e73dcb0a86ba6150657e5e4b11d988400bc633?s=96&d=mm&r=g","url":"https:\/\/secure.gravatar.com\/avatar\/c60b27b93851dc9503f9cc9150e73dcb0a86ba6150657e5e4b11d988400bc633?s=96&d=mm&r=g","contentUrl":"https:\/\/secure.gravatar.com\/avatar\/c60b27b93851dc9503f9cc9150e73dcb0a86ba6150657e5e4b11d988400bc633?s=96&d=mm&r=g","caption":"Fanny Pimentel"}}]}},"featured_media_src_url":"https:\/\/www.athome.lu\/blog\/wp-content\/uploads\/2022\/06\/pexels-energepiccom-313691-scaled-1-1024x768.jpg","_links":{"self":[{"href":"https:\/\/www.athome.lu\/blog\/wp-json\/wp\/v2\/posts\/16308","targetHints":{"allow":["GET"]}}],"collection":[{"href":"https:\/\/www.athome.lu\/blog\/wp-json\/wp\/v2\/posts"}],"about":[{"href":"https:\/\/www.athome.lu\/blog\/wp-json\/wp\/v2\/types\/post"}],"author":[{"embeddable":true,"href":"https:\/\/www.athome.lu\/blog\/wp-json\/wp\/v2\/users\/17"}],"replies":[{"embeddable":true,"href":"https:\/\/www.athome.lu\/blog\/wp-json\/wp\/v2\/comments?post=16308"}],"version-history":[{"count":2,"href":"https:\/\/www.athome.lu\/blog\/wp-json\/wp\/v2\/posts\/16308\/revisions"}],"predecessor-version":[{"id":16403,"href":"https:\/\/www.athome.lu\/blog\/wp-json\/wp\/v2\/posts\/16308\/revisions\/16403"}],"wp:featuredmedia":[{"embeddable":true,"href":"https:\/\/www.athome.lu\/blog\/wp-json\/wp\/v2\/media\/16312"}],"wp:attachment":[{"href":"https:\/\/www.athome.lu\/blog\/wp-json\/wp\/v2\/media?parent=16308"}],"wp:term":[{"taxonomy":"category","embeddable":true,"href":"https:\/\/www.athome.lu\/blog\/wp-json\/wp\/v2\/categories?post=16308"},{"taxonomy":"post_tag","embeddable":true,"href":"https:\/\/www.athome.lu\/blog\/wp-json\/wp\/v2\/tags?post=16308"}],"curies":[{"name":"wp","href":"https:\/\/api.w.org\/{rel}","templated":true}]}}