{"id":16319,"date":"2023-06-21T09:05:35","date_gmt":"2023-06-21T08:05:35","guid":{"rendered":"https:\/\/www.athome.lu\/blogpro\/?p=14007"},"modified":"2024-04-22T14:05:42","modified_gmt":"2024-04-22T12:05:42","slug":"inauguration-athomegroup-04-mai-2023","status":"publish","type":"post","link":"https:\/\/www.athome.lu\/blog\/pro\/actualites-athome\/inauguration-athomegroup-04-mai-2023\/","title":{"rendered":"Inauguration atHomeGroup - 04 mai 2023"},"content":{"rendered":"<p>Apr\u00e8s plusieurs ann\u00e9es au 25 route d'Esch, l'ensemble des \u00e9quipes d'atHomeGroup ont dit au revoir avec <strong>nostalgie<\/strong> \u00e0 leurs anciens bureaux, pour s'installer au <strong>c\u0153ur de Gasperich<\/strong> dans un tout nouveau b\u00e2timent (<a href=\"https:\/\/paperjam.lu\/article\/immeuble-bronze-gate-achete-pa\">Bronze Gate)<\/a> en cohabitation avec le cabinet d'avocat <a href=\"https:\/\/cms.law\/fr\/lux\/office\/luxembourg\">CMS DeBacker Luxembourg<\/a> \u2696\ufe0f.<\/p>\n<p>C'est le <strong>04 mai 2023<\/strong>, apr\u00e8s un discours de Soufiane Saadi, <em>CEO d'atHomeGroup<\/em>, que les \u00e9quipes ont <strong>trinqu\u00e9 lors de l'inauguration officielle de leurs nouveaux bureaux flambant neufs<\/strong> \ud83e\udd42.<\/p>\n<div id='gallery-1' class='gallery galleryid-16319 gallery-columns-2 gallery-size-medium'><figure class='gallery-item'>\n\t\t\t<div class='gallery-icon landscape'>\n\t\t\t\t<img loading=\"lazy\" decoding=\"async\" width=\"300\" height=\"192\" src=\"https:\/\/www.athome.lu\/blog\/wp-content\/uploads\/2023\/06\/athomenewoffice-86-1-e1685714977514-300x192.jpg\" class=\"attachment-medium size-medium\" alt=\"\" aria-describedby=\"gallery-1-16334\" srcset=\"https:\/\/www.athome.lu\/blog\/wp-content\/uploads\/2023\/06\/athomenewoffice-86-1-e1685714977514-300x192.jpg 300w, https:\/\/www.athome.lu\/blog\/wp-content\/uploads\/2023\/06\/athomenewoffice-86-1-e1685714977514-768x493.jpg 768w, https:\/\/www.athome.lu\/blog\/wp-content\/uploads\/2023\/06\/athomenewoffice-86-1-e1685714977514-18x12.jpg 18w, https:\/\/www.athome.lu\/blog\/wp-content\/uploads\/2023\/06\/athomenewoffice-86-1-e1685714977514.jpg 828w\" sizes=\"auto, (max-width: 300px) 100vw, 300px\" \/>\n\t\t\t<\/div>\n\t\t\t\t<figcaption class='wp-caption-text gallery-caption' id='gallery-1-16334'>\n\t\t\t\tSoufiane Saadi\n\t\t\t\t<\/figcaption><\/figure><figure class='gallery-item'>\n\t\t\t<div class='gallery-icon landscape'>\n\t\t\t\t<img loading=\"lazy\" decoding=\"async\" width=\"300\" height=\"200\" src=\"https:\/\/www.athome.lu\/blog\/wp-content\/uploads\/2023\/06\/athomenewoffice-5-1-300x200.jpg\" class=\"attachment-medium size-medium\" alt=\"\" srcset=\"https:\/\/www.athome.lu\/blog\/wp-content\/uploads\/2023\/06\/athomenewoffice-5-1-300x200.jpg 300w, https:\/\/www.athome.lu\/blog\/wp-content\/uploads\/2023\/06\/athomenewoffice-5-1-1024x683.jpg 1024w, https:\/\/www.athome.lu\/blog\/wp-content\/uploads\/2023\/06\/athomenewoffice-5-1-768x512.jpg 768w, https:\/\/www.athome.lu\/blog\/wp-content\/uploads\/2023\/06\/athomenewoffice-5-1-1536x1024.jpg 1536w, https:\/\/www.athome.lu\/blog\/wp-content\/uploads\/2023\/06\/athomenewoffice-5-1-18x12.jpg 18w, https:\/\/www.athome.lu\/blog\/wp-content\/uploads\/2023\/06\/athomenewoffice-5-1.jpg 2048w\" sizes=\"auto, (max-width: 300px) 100vw, 300px\" \/>\n\t\t\t<\/div><\/figure><figure class='gallery-item'>\n\t\t\t<div class='gallery-icon landscape'>\n\t\t\t\t<img loading=\"lazy\" decoding=\"async\" width=\"300\" height=\"200\" src=\"https:\/\/www.athome.lu\/blog\/wp-content\/uploads\/2023\/06\/athomenewoffice-6-1-300x200.jpg\" class=\"attachment-medium size-medium\" alt=\"\" srcset=\"https:\/\/www.athome.lu\/blog\/wp-content\/uploads\/2023\/06\/athomenewoffice-6-1-300x200.jpg 300w, https:\/\/www.athome.lu\/blog\/wp-content\/uploads\/2023\/06\/athomenewoffice-6-1-768x512.jpg 768w, https:\/\/www.athome.lu\/blog\/wp-content\/uploads\/2023\/06\/athomenewoffice-6-1-18x12.jpg 18w, https:\/\/www.athome.lu\/blog\/wp-content\/uploads\/2023\/06\/athomenewoffice-6-1.jpg 1024w\" sizes=\"auto, (max-width: 300px) 100vw, 300px\" \/>\n\t\t\t<\/div><\/figure><figure class='gallery-item'>\n\t\t\t<div class='gallery-icon landscape'>\n\t\t\t\t<img loading=\"lazy\" decoding=\"async\" width=\"300\" height=\"200\" src=\"https:\/\/www.athome.lu\/blog\/wp-content\/uploads\/2023\/06\/athomenewoffice-18-300x200.jpg\" class=\"attachment-medium size-medium\" alt=\"\" srcset=\"https:\/\/www.athome.lu\/blog\/wp-content\/uploads\/2023\/06\/athomenewoffice-18-300x200.jpg 300w, https:\/\/www.athome.lu\/blog\/wp-content\/uploads\/2023\/06\/athomenewoffice-18-1024x683.jpg 1024w, https:\/\/www.athome.lu\/blog\/wp-content\/uploads\/2023\/06\/athomenewoffice-18-768x512.jpg 768w, https:\/\/www.athome.lu\/blog\/wp-content\/uploads\/2023\/06\/athomenewoffice-18-1536x1024.jpg 1536w, https:\/\/www.athome.lu\/blog\/wp-content\/uploads\/2023\/06\/athomenewoffice-18-18x12.jpg 18w, https:\/\/www.athome.lu\/blog\/wp-content\/uploads\/2023\/06\/athomenewoffice-18.jpg 2048w\" sizes=\"auto, (max-width: 300px) 100vw, 300px\" \/>\n\t\t\t<\/div><\/figure>\n\t\t<\/div>\n\n<p>Situ\u00e9s entre <a href=\"https:\/\/www2.deloitte.com\/lu\/en\/pages\/about-deloitte\/topics\/about-deloitte-luxembourg.html\">Deloitte<\/a> et le \"<a href=\"https:\/\/paperjam.lu\/article\/nouveau-bijou-a-cloche-or\">Bijou<\/a>\", les membres pr\u00e9sents ont eu la chance de profiter d'une <strong>journ\u00e9e ensoleill\u00e9e<\/strong> accompagn\u00e9e d'un <strong>barbecue<\/strong>\u00a0concoct\u00e9 par le traiteur <a href=\"https:\/\/niessen.lu\/\">Niessen<\/a> et de <strong>smoothies<\/strong> fra\u00eechement pr\u00e9par\u00e9 par <a href=\"https:\/\/www.lion-animations.lu\/\">Lion Animations<\/a> \ud83e\udd65\ud83c\udf4d. Pour ne rien manquer de cette journ\u00e9e,<a href=\"https:\/\/www.instagram.com\/romanolorispictures\/?hl=fr\"> Loris Romano<\/a> \u00e9tait derri\u00e8re l'objectif \ud83d\udcf8 pour capturer nos plus beaux sourires sous la magnifique arche de ballons de <a href=\"http:\/\/www.dibouevents.lu\/\">Bidou Events<\/a>.<\/p>\n<div id='gallery-2' class='gallery galleryid-16319 gallery-columns-2 gallery-size-medium'><figure class='gallery-item'>\n\t\t\t<div class='gallery-icon landscape'>\n\t\t\t\t<img loading=\"lazy\" decoding=\"async\" width=\"300\" height=\"200\" src=\"https:\/\/www.athome.lu\/blog\/wp-content\/uploads\/2023\/06\/athomenewoffice-91-300x200.jpg\" class=\"attachment-medium size-medium\" alt=\"\" aria-describedby=\"gallery-2-16337\" srcset=\"https:\/\/www.athome.lu\/blog\/wp-content\/uploads\/2023\/06\/athomenewoffice-91-300x200.jpg 300w, https:\/\/www.athome.lu\/blog\/wp-content\/uploads\/2023\/06\/athomenewoffice-91-1024x683.jpg 1024w, https:\/\/www.athome.lu\/blog\/wp-content\/uploads\/2023\/06\/athomenewoffice-91-768x512.jpg 768w, https:\/\/www.athome.lu\/blog\/wp-content\/uploads\/2023\/06\/athomenewoffice-91-1536x1024.jpg 1536w, https:\/\/www.athome.lu\/blog\/wp-content\/uploads\/2023\/06\/athomenewoffice-91-18x12.jpg 18w, https:\/\/www.athome.lu\/blog\/wp-content\/uploads\/2023\/06\/athomenewoffice-91.jpg 2048w\" sizes=\"auto, (max-width: 300px) 100vw, 300px\" \/>\n\t\t\t<\/div>\n\t\t\t\t<figcaption class='wp-caption-text gallery-caption' id='gallery-2-16337'>\n\t\t\t\tLion Animations\n\t\t\t\t<\/figcaption><\/figure><figure class='gallery-item'>\n\t\t\t<div class='gallery-icon landscape'>\n\t\t\t\t<img loading=\"lazy\" decoding=\"async\" width=\"300\" height=\"200\" src=\"https:\/\/www.athome.lu\/blog\/wp-content\/uploads\/2023\/06\/athomenewoffice-7-1-300x200.jpg\" class=\"attachment-medium size-medium\" alt=\"\" aria-describedby=\"gallery-2-16338\" srcset=\"https:\/\/www.athome.lu\/blog\/wp-content\/uploads\/2023\/06\/athomenewoffice-7-1-300x200.jpg 300w, https:\/\/www.athome.lu\/blog\/wp-content\/uploads\/2023\/06\/athomenewoffice-7-1-768x512.jpg 768w, https:\/\/www.athome.lu\/blog\/wp-content\/uploads\/2023\/06\/athomenewoffice-7-1-18x12.jpg 18w, https:\/\/www.athome.lu\/blog\/wp-content\/uploads\/2023\/06\/athomenewoffice-7-1.jpg 1024w\" sizes=\"auto, (max-width: 300px) 100vw, 300px\" \/>\n\t\t\t<\/div>\n\t\t\t\t<figcaption class='wp-caption-text gallery-caption' id='gallery-2-16338'>\n\t\t\t\tNiessen\n\t\t\t\t<\/figcaption><\/figure><figure class='gallery-item'>\n\t\t\t<div class='gallery-icon portrait'>\n\t\t\t\t<img loading=\"lazy\" decoding=\"async\" width=\"225\" height=\"300\" src=\"https:\/\/www.athome.lu\/blog\/wp-content\/uploads\/2023\/06\/MicrosoftTeams-image-225x300.jpg\" class=\"attachment-medium size-medium\" alt=\"\" aria-describedby=\"gallery-2-14026\" srcset=\"https:\/\/www.athome.lu\/blog\/wp-content\/uploads\/2023\/06\/MicrosoftTeams-image-225x300.jpg 225w, https:\/\/www.athome.lu\/blog\/wp-content\/uploads\/2023\/06\/MicrosoftTeams-image-9x12.jpg 9w, https:\/\/www.athome.lu\/blog\/wp-content\/uploads\/2023\/06\/MicrosoftTeams-image.jpg 768w\" sizes=\"auto, (max-width: 225px) 100vw, 225px\" \/>\n\t\t\t<\/div>\n\t\t\t\t<figcaption class='wp-caption-text gallery-caption' id='gallery-2-14026'>\n\t\t\t\tDibou Events\n\t\t\t\t<\/figcaption><\/figure><figure class='gallery-item'>\n\t\t\t<div class='gallery-icon portrait'>\n\t\t\t\t<img loading=\"lazy\" decoding=\"async\" width=\"225\" height=\"300\" src=\"https:\/\/www.athome.lu\/blog\/wp-content\/uploads\/2023\/06\/MicrosoftTeams-image-2-225x300.jpg\" class=\"attachment-medium size-medium\" alt=\"\" aria-describedby=\"gallery-2-14027\" srcset=\"https:\/\/www.athome.lu\/blog\/wp-content\/uploads\/2023\/06\/MicrosoftTeams-image-2-225x300.jpg 225w, https:\/\/www.athome.lu\/blog\/wp-content\/uploads\/2023\/06\/MicrosoftTeams-image-2-9x12.jpg 9w, https:\/\/www.athome.lu\/blog\/wp-content\/uploads\/2023\/06\/MicrosoftTeams-image-2.jpg 768w\" sizes=\"auto, (max-width: 225px) 100vw, 225px\" \/>\n\t\t\t<\/div>\n\t\t\t\t<figcaption class='wp-caption-text gallery-caption' id='gallery-2-14027'>\n\t\t\t\tLoris Romano \n\t\t\t\t<\/figcaption><\/figure>\n\t\t<\/div>\n\n<p>Cette journ\u00e9e sp\u00e9ciale a permis de marquer une<strong> nouvelle \u00e9tape<\/strong> dans l'histoire d'atHomeGroup et de ses collaborateurs.<\/p>\n<p>Suite au <strong>d\u00e9m\u00e9nagement effectif<\/strong> du <em>03 avril 2023<\/em>, vous pouvez d\u00e9sormais nous rendre visite au <a href=\"https:\/\/solutions.athome.lu\/contact.html\">5 Rue Charles Darwin, L-1433<\/a> \ud83d\udccd \u00e0 deux pas du <a href=\"https:\/\/www.clochedor-shopping.lu\/?gclid=CjwKCAjwpuajBhBpEiwA_ZtfhV3Qk0uLFMon8KK2GH2DBbth6JafL9ffntx22qUaepgWo7CoXye0bRoCxSsQAvD_BwE\">centre commercial Cloche d'Or<\/a> !<\/p>\n<h2><\/h2>\n","protected":false},"excerpt":{"rendered":"<p>Apr\u00e8s plusieurs ann\u00e9es au 25 route d'Esch, l'ensemble des \u00e9quipes d'atHomeGroup ont dit au revoir avec nostalgie \u00e0 leurs anciens bureaux, pour s'installer au c\u0153ur de Gasperich dans un tout nouveau b\u00e2timent (Bronze Gate) en cohabitation avec le cabinet d'avocat CMS DeBacker Luxembourg \u2696\ufe0f. C'est le 04 mai 2023, apr\u00e8s un discours de Soufiane Saadi, [&hellip;]<\/p>\n","protected":false},"author":17,"featured_media":14010,"comment_status":"closed","ping_status":"closed","sticky":false,"template":"","format":"standard","meta":{"_acf_changed":false,"footnotes":""},"categories":[234],"tags":[],"class_list":["post-16319","post","type-post","status-publish","format-standard","has-post-thumbnail","hentry","category-actualites-athome"],"acf":[],"yoast_head":"<!-- This site is optimized with the Yoast SEO plugin v27.4 - https:\/\/yoast.com\/product\/yoast-seo-wordpress\/ -->\n<title>Inauguration atHomeGroup - 04 mai 2023 | atHomePro<\/title>\n<meta name=\"description\" content=\"L&#039;ensemble des \u00e9quipes d&#039;atHomeGroup ont dit au revoir avec nostalgie \u00e0 leurs anciens bureaux, pour s&#039;installer au c\u0153ur de Gasperich !\" \/>\n<meta name=\"robots\" content=\"index, follow, max-snippet:-1, max-image-preview:large, max-video-preview:-1\" \/>\n<link rel=\"canonical\" href=\"https:\/\/www.athome.lu\/blog\/pro\/actualites-athome\/inauguration-athomegroup-04-mai-2023\/\" \/>\n<meta property=\"og:locale\" content=\"fr_FR\" \/>\n<meta property=\"og:type\" content=\"article\" \/>\n<meta property=\"og:title\" content=\"Inauguration atHomeGroup - 04 mai 2023 | atHomePro\" \/>\n<meta property=\"og:description\" content=\"L&#039;ensemble des \u00e9quipes d&#039;atHomeGroup ont dit au revoir avec nostalgie \u00e0 leurs anciens bureaux, pour s&#039;installer au c\u0153ur de Gasperich !\" \/>\n<meta property=\"og:url\" content=\"https:\/\/www.athome.lu\/blog\/pro\/actualites-athome\/inauguration-athomegroup-04-mai-2023\/\" \/>\n<meta property=\"og:site_name\" content=\"atHome Blog\" \/>\n<meta property=\"article:publisher\" content=\"https:\/\/www.facebook.com\/atHome.lu\/\" \/>\n<meta property=\"article:published_time\" content=\"2023-06-21T08:05:35+00:00\" \/>\n<meta property=\"article:modified_time\" content=\"2024-04-22T12:05:42+00:00\" \/>\n<meta property=\"og:image\" content=\"https:\/\/www.athome.lu\/blog\/wp-content\/uploads\/2023\/05\/athomenewoffice.jpg\" \/>\n\t<meta property=\"og:image:width\" content=\"1024\" \/>\n\t<meta property=\"og:image:height\" content=\"682\" \/>\n\t<meta property=\"og:image:type\" content=\"image\/jpeg\" \/>\n<meta name=\"author\" content=\"Fanny Pimentel\" \/>\n<meta name=\"twitter:card\" content=\"summary_large_image\" \/>\n<meta name=\"twitter:creator\" content=\"@athomelu\" \/>\n<meta name=\"twitter:site\" content=\"@athomelu\" \/>\n<meta name=\"twitter:label1\" content=\"\u00c9crit par\" \/>\n\t<meta name=\"twitter:data1\" content=\"Fanny Pimentel\" \/>\n\t<meta name=\"twitter:label2\" content=\"Dur\u00e9e de lecture estim\u00e9e\" \/>\n\t<meta name=\"twitter:data2\" content=\"2 minutes\" \/>\n<script type=\"application\/ld+json\" class=\"yoast-schema-graph\">{\"@context\":\"https:\\\/\\\/schema.org\",\"@graph\":[{\"@type\":\"Article\",\"@id\":\"https:\\\/\\\/www.athome.lu\\\/blog\\\/pro\\\/actualites-athome\\\/inauguration-athomegroup-04-mai-2023\\\/#article\",\"isPartOf\":{\"@id\":\"https:\\\/\\\/www.athome.lu\\\/blog\\\/pro\\\/actualites-athome\\\/inauguration-athomegroup-04-mai-2023\\\/\"},\"author\":{\"name\":\"Fanny Pimentel\",\"@id\":\"https:\\\/\\\/www.athome.lu\\\/blog\\\/#\\\/schema\\\/person\\\/47f7a38089f837e792876ceddc4cb2dc\"},\"headline\":\"Inauguration atHomeGroup - 04 mai 2023\",\"datePublished\":\"2023-06-21T08:05:35+00:00\",\"dateModified\":\"2024-04-22T12:05:42+00:00\",\"mainEntityOfPage\":{\"@id\":\"https:\\\/\\\/www.athome.lu\\\/blog\\\/pro\\\/actualites-athome\\\/inauguration-athomegroup-04-mai-2023\\\/\"},\"wordCount\":206,\"image\":{\"@id\":\"https:\\\/\\\/www.athome.lu\\\/blog\\\/pro\\\/actualites-athome\\\/inauguration-athomegroup-04-mai-2023\\\/#primaryimage\"},\"thumbnailUrl\":\"https:\\\/\\\/www.athome.lu\\\/blog\\\/wp-content\\\/uploads\\\/2023\\\/05\\\/athomenewoffice.jpg\",\"articleSection\":[\"Actualit\u00e9s atHome\"],\"inLanguage\":\"fr-FR\"},{\"@type\":\"WebPage\",\"@id\":\"https:\\\/\\\/www.athome.lu\\\/blog\\\/pro\\\/actualites-athome\\\/inauguration-athomegroup-04-mai-2023\\\/\",\"url\":\"https:\\\/\\\/www.athome.lu\\\/blog\\\/pro\\\/actualites-athome\\\/inauguration-athomegroup-04-mai-2023\\\/\",\"name\":\"Inauguration atHomeGroup - 04 mai 2023 | atHomePro\",\"isPartOf\":{\"@id\":\"https:\\\/\\\/www.athome.lu\\\/blog\\\/#website\"},\"primaryImageOfPage\":{\"@id\":\"https:\\\/\\\/www.athome.lu\\\/blog\\\/pro\\\/actualites-athome\\\/inauguration-athomegroup-04-mai-2023\\\/#primaryimage\"},\"image\":{\"@id\":\"https:\\\/\\\/www.athome.lu\\\/blog\\\/pro\\\/actualites-athome\\\/inauguration-athomegroup-04-mai-2023\\\/#primaryimage\"},\"thumbnailUrl\":\"https:\\\/\\\/www.athome.lu\\\/blog\\\/wp-content\\\/uploads\\\/2023\\\/05\\\/athomenewoffice.jpg\",\"datePublished\":\"2023-06-21T08:05:35+00:00\",\"dateModified\":\"2024-04-22T12:05:42+00:00\",\"author\":{\"@id\":\"https:\\\/\\\/www.athome.lu\\\/blog\\\/#\\\/schema\\\/person\\\/47f7a38089f837e792876ceddc4cb2dc\"},\"description\":\"L'ensemble des \u00e9quipes d'atHomeGroup ont dit au revoir avec nostalgie \u00e0 leurs anciens bureaux, pour s'installer au c\u0153ur de Gasperich !\",\"breadcrumb\":{\"@id\":\"https:\\\/\\\/www.athome.lu\\\/blog\\\/pro\\\/actualites-athome\\\/inauguration-athomegroup-04-mai-2023\\\/#breadcrumb\"},\"inLanguage\":\"fr-FR\",\"potentialAction\":[{\"@type\":\"ReadAction\",\"target\":[\"https:\\\/\\\/www.athome.lu\\\/blog\\\/pro\\\/actualites-athome\\\/inauguration-athomegroup-04-mai-2023\\\/\"]}]},{\"@type\":\"ImageObject\",\"inLanguage\":\"fr-FR\",\"@id\":\"https:\\\/\\\/www.athome.lu\\\/blog\\\/pro\\\/actualites-athome\\\/inauguration-athomegroup-04-mai-2023\\\/#primaryimage\",\"url\":\"https:\\\/\\\/www.athome.lu\\\/blog\\\/wp-content\\\/uploads\\\/2023\\\/05\\\/athomenewoffice.jpg\",\"contentUrl\":\"https:\\\/\\\/www.athome.lu\\\/blog\\\/wp-content\\\/uploads\\\/2023\\\/05\\\/athomenewoffice.jpg\",\"width\":1024,\"height\":682,\"caption\":\"Bronze Gate\"},{\"@type\":\"BreadcrumbList\",\"@id\":\"https:\\\/\\\/www.athome.lu\\\/blog\\\/pro\\\/actualites-athome\\\/inauguration-athomegroup-04-mai-2023\\\/#breadcrumb\",\"itemListElement\":[{\"@type\":\"ListItem\",\"position\":1,\"name\":\"Accueil\",\"item\":\"https:\\\/\\\/www.athome.lu\\\/blog\\\/\"},{\"@type\":\"ListItem\",\"position\":2,\"name\":\"Pro\",\"item\":\"https:\\\/\\\/www.athome.lu\\\/blog\\\/category\\\/pro\\\/\"},{\"@type\":\"ListItem\",\"position\":3,\"name\":\"Actualit\u00e9s atHome\",\"item\":\"https:\\\/\\\/www.athome.lu\\\/blog\\\/category\\\/pro\\\/actualites-athome\\\/\"},{\"@type\":\"ListItem\",\"position\":4,\"name\":\"Inauguration atHomeGroup - 04 mai 2023\"}]},{\"@type\":\"WebSite\",\"@id\":\"https:\\\/\\\/www.athome.lu\\\/blog\\\/#website\",\"url\":\"https:\\\/\\\/www.athome.lu\\\/blog\\\/\",\"name\":\"atHome Blog\",\"description\":\"Annonces immobili\u00e8res au Luxembourg. Le portail immobilier n\u00b01 au Luxembourg.\",\"potentialAction\":[{\"@type\":\"SearchAction\",\"target\":{\"@type\":\"EntryPoint\",\"urlTemplate\":\"https:\\\/\\\/www.athome.lu\\\/blog\\\/?s={search_term_string}\"},\"query-input\":{\"@type\":\"PropertyValueSpecification\",\"valueRequired\":true,\"valueName\":\"search_term_string\"}}],\"inLanguage\":\"fr-FR\"},{\"@type\":\"Person\",\"@id\":\"https:\\\/\\\/www.athome.lu\\\/blog\\\/#\\\/schema\\\/person\\\/47f7a38089f837e792876ceddc4cb2dc\",\"name\":\"Fanny Pimentel\",\"image\":{\"@type\":\"ImageObject\",\"inLanguage\":\"fr-FR\",\"@id\":\"https:\\\/\\\/secure.gravatar.com\\\/avatar\\\/c60b27b93851dc9503f9cc9150e73dcb0a86ba6150657e5e4b11d988400bc633?s=96&d=mm&r=g\",\"url\":\"https:\\\/\\\/secure.gravatar.com\\\/avatar\\\/c60b27b93851dc9503f9cc9150e73dcb0a86ba6150657e5e4b11d988400bc633?s=96&d=mm&r=g\",\"contentUrl\":\"https:\\\/\\\/secure.gravatar.com\\\/avatar\\\/c60b27b93851dc9503f9cc9150e73dcb0a86ba6150657e5e4b11d988400bc633?s=96&d=mm&r=g\",\"caption\":\"Fanny Pimentel\"}}]}<\/script>\n<!-- \/ Yoast SEO plugin. -->","yoast_head_json":{"title":"Inauguration atHomeGroup - 04 mai 2023 | atHomePro","description":"L'ensemble des \u00e9quipes d'atHomeGroup ont dit au revoir avec nostalgie \u00e0 leurs anciens bureaux, pour s'installer au c\u0153ur de Gasperich !","robots":{"index":"index","follow":"follow","max-snippet":"max-snippet:-1","max-image-preview":"max-image-preview:large","max-video-preview":"max-video-preview:-1"},"canonical":"https:\/\/www.athome.lu\/blog\/pro\/actualites-athome\/inauguration-athomegroup-04-mai-2023\/","og_locale":"fr_FR","og_type":"article","og_title":"Inauguration atHomeGroup - 04 mai 2023 | atHomePro","og_description":"L'ensemble des \u00e9quipes d'atHomeGroup ont dit au revoir avec nostalgie \u00e0 leurs anciens bureaux, pour s'installer au c\u0153ur de Gasperich !","og_url":"https:\/\/www.athome.lu\/blog\/pro\/actualites-athome\/inauguration-athomegroup-04-mai-2023\/","og_site_name":"atHome Blog","article_publisher":"https:\/\/www.facebook.com\/atHome.lu\/","article_published_time":"2023-06-21T08:05:35+00:00","article_modified_time":"2024-04-22T12:05:42+00:00","og_image":[{"width":1024,"height":682,"url":"https:\/\/www.athome.lu\/blog\/wp-content\/uploads\/2023\/05\/athomenewoffice.jpg","type":"image\/jpeg"}],"author":"Fanny Pimentel","twitter_card":"summary_large_image","twitter_creator":"@athomelu","twitter_site":"@athomelu","twitter_misc":{"\u00c9crit par":"Fanny Pimentel","Dur\u00e9e de lecture estim\u00e9e":"2 minutes"},"schema":{"@context":"https:\/\/schema.org","@graph":[{"@type":"Article","@id":"https:\/\/www.athome.lu\/blog\/pro\/actualites-athome\/inauguration-athomegroup-04-mai-2023\/#article","isPartOf":{"@id":"https:\/\/www.athome.lu\/blog\/pro\/actualites-athome\/inauguration-athomegroup-04-mai-2023\/"},"author":{"name":"Fanny Pimentel","@id":"https:\/\/www.athome.lu\/blog\/#\/schema\/person\/47f7a38089f837e792876ceddc4cb2dc"},"headline":"Inauguration atHomeGroup - 04 mai 2023","datePublished":"2023-06-21T08:05:35+00:00","dateModified":"2024-04-22T12:05:42+00:00","mainEntityOfPage":{"@id":"https:\/\/www.athome.lu\/blog\/pro\/actualites-athome\/inauguration-athomegroup-04-mai-2023\/"},"wordCount":206,"image":{"@id":"https:\/\/www.athome.lu\/blog\/pro\/actualites-athome\/inauguration-athomegroup-04-mai-2023\/#primaryimage"},"thumbnailUrl":"https:\/\/www.athome.lu\/blog\/wp-content\/uploads\/2023\/05\/athomenewoffice.jpg","articleSection":["Actualit\u00e9s atHome"],"inLanguage":"fr-FR"},{"@type":"WebPage","@id":"https:\/\/www.athome.lu\/blog\/pro\/actualites-athome\/inauguration-athomegroup-04-mai-2023\/","url":"https:\/\/www.athome.lu\/blog\/pro\/actualites-athome\/inauguration-athomegroup-04-mai-2023\/","name":"Inauguration atHomeGroup - 04 mai 2023 | atHomePro","isPartOf":{"@id":"https:\/\/www.athome.lu\/blog\/#website"},"primaryImageOfPage":{"@id":"https:\/\/www.athome.lu\/blog\/pro\/actualites-athome\/inauguration-athomegroup-04-mai-2023\/#primaryimage"},"image":{"@id":"https:\/\/www.athome.lu\/blog\/pro\/actualites-athome\/inauguration-athomegroup-04-mai-2023\/#primaryimage"},"thumbnailUrl":"https:\/\/www.athome.lu\/blog\/wp-content\/uploads\/2023\/05\/athomenewoffice.jpg","datePublished":"2023-06-21T08:05:35+00:00","dateModified":"2024-04-22T12:05:42+00:00","author":{"@id":"https:\/\/www.athome.lu\/blog\/#\/schema\/person\/47f7a38089f837e792876ceddc4cb2dc"},"description":"L'ensemble des \u00e9quipes d'atHomeGroup ont dit au revoir avec nostalgie \u00e0 leurs anciens bureaux, pour s'installer au c\u0153ur de Gasperich !","breadcrumb":{"@id":"https:\/\/www.athome.lu\/blog\/pro\/actualites-athome\/inauguration-athomegroup-04-mai-2023\/#breadcrumb"},"inLanguage":"fr-FR","potentialAction":[{"@type":"ReadAction","target":["https:\/\/www.athome.lu\/blog\/pro\/actualites-athome\/inauguration-athomegroup-04-mai-2023\/"]}]},{"@type":"ImageObject","inLanguage":"fr-FR","@id":"https:\/\/www.athome.lu\/blog\/pro\/actualites-athome\/inauguration-athomegroup-04-mai-2023\/#primaryimage","url":"https:\/\/www.athome.lu\/blog\/wp-content\/uploads\/2023\/05\/athomenewoffice.jpg","contentUrl":"https:\/\/www.athome.lu\/blog\/wp-content\/uploads\/2023\/05\/athomenewoffice.jpg","width":1024,"height":682,"caption":"Bronze Gate"},{"@type":"BreadcrumbList","@id":"https:\/\/www.athome.lu\/blog\/pro\/actualites-athome\/inauguration-athomegroup-04-mai-2023\/#breadcrumb","itemListElement":[{"@type":"ListItem","position":1,"name":"Accueil","item":"https:\/\/www.athome.lu\/blog\/"},{"@type":"ListItem","position":2,"name":"Pro","item":"https:\/\/www.athome.lu\/blog\/category\/pro\/"},{"@type":"ListItem","position":3,"name":"Actualit\u00e9s atHome","item":"https:\/\/www.athome.lu\/blog\/category\/pro\/actualites-athome\/"},{"@type":"ListItem","position":4,"name":"Inauguration atHomeGroup - 04 mai 2023"}]},{"@type":"WebSite","@id":"https:\/\/www.athome.lu\/blog\/#website","url":"https:\/\/www.athome.lu\/blog\/","name":"atHome Blog","description":"Annonces immobili\u00e8res au Luxembourg. Le portail immobilier n\u00b01 au Luxembourg.","potentialAction":[{"@type":"SearchAction","target":{"@type":"EntryPoint","urlTemplate":"https:\/\/www.athome.lu\/blog\/?s={search_term_string}"},"query-input":{"@type":"PropertyValueSpecification","valueRequired":true,"valueName":"search_term_string"}}],"inLanguage":"fr-FR"},{"@type":"Person","@id":"https:\/\/www.athome.lu\/blog\/#\/schema\/person\/47f7a38089f837e792876ceddc4cb2dc","name":"Fanny Pimentel","image":{"@type":"ImageObject","inLanguage":"fr-FR","@id":"https:\/\/secure.gravatar.com\/avatar\/c60b27b93851dc9503f9cc9150e73dcb0a86ba6150657e5e4b11d988400bc633?s=96&d=mm&r=g","url":"https:\/\/secure.gravatar.com\/avatar\/c60b27b93851dc9503f9cc9150e73dcb0a86ba6150657e5e4b11d988400bc633?s=96&d=mm&r=g","contentUrl":"https:\/\/secure.gravatar.com\/avatar\/c60b27b93851dc9503f9cc9150e73dcb0a86ba6150657e5e4b11d988400bc633?s=96&d=mm&r=g","caption":"Fanny Pimentel"}}]}},"featured_media_src_url":"https:\/\/www.athome.lu\/blog\/wp-content\/uploads\/2023\/05\/athomenewoffice.jpg","_links":{"self":[{"href":"https:\/\/www.athome.lu\/blog\/wp-json\/wp\/v2\/posts\/16319","targetHints":{"allow":["GET"]}}],"collection":[{"href":"https:\/\/www.athome.lu\/blog\/wp-json\/wp\/v2\/posts"}],"about":[{"href":"https:\/\/www.athome.lu\/blog\/wp-json\/wp\/v2\/types\/post"}],"author":[{"embeddable":true,"href":"https:\/\/www.athome.lu\/blog\/wp-json\/wp\/v2\/users\/17"}],"replies":[{"embeddable":true,"href":"https:\/\/www.athome.lu\/blog\/wp-json\/wp\/v2\/comments?post=16319"}],"version-history":[{"count":5,"href":"https:\/\/www.athome.lu\/blog\/wp-json\/wp\/v2\/posts\/16319\/revisions"}],"predecessor-version":[{"id":16370,"href":"https:\/\/www.athome.lu\/blog\/wp-json\/wp\/v2\/posts\/16319\/revisions\/16370"}],"wp:featuredmedia":[{"embeddable":true,"href":"https:\/\/www.athome.lu\/blog\/wp-json\/wp\/v2\/media\/14010"}],"wp:attachment":[{"href":"https:\/\/www.athome.lu\/blog\/wp-json\/wp\/v2\/media?parent=16319"}],"wp:term":[{"taxonomy":"category","embeddable":true,"href":"https:\/\/www.athome.lu\/blog\/wp-json\/wp\/v2\/categories?post=16319"},{"taxonomy":"post_tag","embeddable":true,"href":"https:\/\/www.athome.lu\/blog\/wp-json\/wp\/v2\/tags?post=16319"}],"curies":[{"name":"wp","href":"https:\/\/api.w.org\/{rel}","templated":true}]}}