{"id":16433,"date":"2024-06-24T13:48:03","date_gmt":"2024-06-24T11:48:03","guid":{"rendered":"https:\/\/www.athome.lu\/blog\/?p=16433"},"modified":"2025-01-16T10:04:32","modified_gmt":"2025-01-16T09:04:32","slug":"la-bce-baisse-ses-taux-pour-la-premiere-fois-depuis-5-ans","status":"publish","type":"post","link":"https:\/\/www.athome.lu\/blog\/acheter\/pret-immobilier\/la-bce-baisse-ses-taux-pour-la-premiere-fois-depuis-5-ans\/","title":{"rendered":"La BCE baisse ses taux pour la premi\u00e8re fois depuis 5 ans"},"content":{"rendered":"\n<p>La Banque centrale europ\u00e9enne (BCE) a surpris les march\u00e9s en annon\u00e7ant une baisse de ses taux directeurs pour la premi\u00e8re fois depuis 2019. Cette d\u00e9cision marque un tournant majeur dans la politique mon\u00e9taire de l'institution.<\/p>\n\n\n\n<h2 class=\"wp-block-heading\">Pourquoi cette baisse de taux ?<\/h2>\n\n\n\n<p>Depuis juillet 2022, la BCE avait suivi une politique de rel\u00e8vement agressif des taux d'int\u00e9r\u00eat, avec dix augmentations cons\u00e9cutives pour contenir l'inflation li\u00e9e \u00e0 la guerre en Ukraine. <strong>L'inflation avait atteint 10,6% en Europe.<\/strong> Un chiffre bien au-del\u00e0 de l'objectif de la BCE de maintenir la hausse g\u00e9n\u00e9rale des prix sous les 2%.<\/p>\n\n\n\n<p><strong>Depuis mai 2024, l'inflation est tomb\u00e9e \u00e0 2,6%.<\/strong> La premi\u00e8re fois en 2 ans qu'elle est aussi proche des 2%. Cette am\u00e9lioration a conduit la BCE \u00e0 ajuster sa politique, avec pour objectif de stimuler l'activit\u00e9 \u00e9conomique sans raviver l'inflation.<\/p>\n\n\n\n<p>La d\u00e9cision de r\u00e9duire les taux BCE vise \u00e0...<\/p>\n\n\n\n<ol class=\"wp-block-list\">\n<li><strong>Stimuler l'emprunt et l'investissement <\/strong>: Avec des taux d'int\u00e9r\u00eat plus bas, davantage d'entreprises et de particuliers empruntent, ce qui relance l'investissement et la consommation.<\/li>\n\n\n\n<li><strong>Soutenir le march\u00e9 immobilier<\/strong> : Les emprunteurs, particuli\u00e8rement ceux qui avaient choisi un taux variable, b\u00e9n\u00e9ficieront d'une diminution des taux, ce qui pourrait redynamiser le secteur immobilier.<\/li>\n\n\n\n<li><strong>All\u00e9ger la charge de la dette pour les \u00c9tats<\/strong> : Avec la forte hausse de l'inflation, de nombreux gouvernements ont vu le co\u00fbt du remboursement de leur dette exploser.<\/li>\n<\/ol>\n\n\n\n<h2 class=\"wp-block-heading\">Quel impact sur les taux des pr\u00eats immobiliers au Luxembourg ?<\/h2>\n\n\n\n<p>Avec cette baisse des taux directeurs, <strong>les banques empruntent de l'argent moins cher \u00e0 la BCE. Elles peuvent donc, en th\u00e9orie, r\u00e9percuter cette baisse des co\u00fbts sur les emprunteurs.<\/strong> Les taux d'int\u00e9r\u00eat des pr\u00eats immobiliers devraient donc baisser au Luxembourg. Mais la baisse est pour le moment tr\u00e8s limit\u00e9e.<\/p>\n\n\n\n<p>Aussi, l'effet sera diff\u00e9rent selon le type de taux choisi :<\/p>\n\n\n\n<ul class=\"wp-block-list\">\n<li><strong>L'impact est direct sur les taux variables <\/strong>: les taux variables sont adoss\u00e9s \u00e0 l'Euribor (l'<em>Euro Interbank Offered Rate<\/em>), qui d\u00e9pend directement des taux BCE. Chaque hausse ou baisse impacte donc les taux variables. Les emprunteurs luxembourgeois qui ont opt\u00e9 pour un taux variable vont sentir une l\u00e9g\u00e8re baisse sur leurs mensualit\u00e9s.<\/li>\n\n\n\n<li><strong>L'impact peut s'av\u00e9rer plus lent sur les taux fixes <\/strong>: les taux fixes sont moins r\u00e9actifs aux \u00e9volutions de taux de la BCE. A l'automne ou l'\u00e9t\u00e9 dernier par exemple, il leur est arriv\u00e9 de rester stables malgr\u00e9 des petites hausses des taux BCE. Avec un taux fixe, les banques s'engagent sur le long terme : elles attendent que la tendance baissi\u00e8re se confirme sur des projections \u00e0 long terme avant de diminuer durablement leurs taux fixes.<\/li>\n<\/ul>\n\n\n\n<h2 class=\"wp-block-heading\">Quel impact \u00e0 long terme pour le march\u00e9 immobilier au Luxembourg ?<\/h2>\n\n\n\n<p>Si de nouvelles baisses sont act\u00e9es dans les prochains mois, elle seront le signal clair d'un desserrement de la politique mon\u00e9taire de la BCE. A long terme, cela peut avoir plusieurs cons\u00e9quences :<\/p>\n\n\n\n<ol class=\"wp-block-list\">\n<li><strong>Une capacit\u00e9 d'emprunt plus \u00e9lev\u00e9e pour les acqu\u00e9reurs<\/strong> : avec des taux plus faibles, les emprunteurs luxembourgeois pourraient emprunter davantage et plus facilement<\/li>\n\n\n\n<li><strong>Des prix de l'immobilier qui repartiraient \u00e0 la hausse<\/strong> : ce serait la cons\u00e9quence directe d'une baisse de taux franche. Avec une capacit\u00e9 d'emprunt plus \u00e9lev\u00e9e et un acc\u00e8s facilit\u00e9 au cr\u00e9dit, les vendeurs auraient davantage d'offres pour leur bien, et pourraient \u00eatre tent\u00e9s de faire monter les ench\u00e8res, ou de vendre au plus offrant, faisant ainsi m\u00e9caniquement remonter les prix de vente moyens.<\/li>\n<\/ol>\n\n\n\n<h2 class=\"wp-block-heading\">Quelles cons\u00e9quences pour votre projet immobilier au Luxembourg?<\/h2>\n\n\n\n<p>Ce premier signal pourrait \u00eatre le premier d'une longue s\u00e9rie de baisses successives de taux qui s'\u00e9talent sur plusieurs ann\u00e9es.<\/p>\n\n\n\n<ul class=\"wp-block-list\">\n<li><strong>Si vous avez un projet d'achat immobilier : <\/strong>c'est le bon moment pour acheter. Les taux sont encore \u00e0 un niveau \u00e9lev\u00e9 : vous pouvez encore n\u00e9gocier le prix de votre bien \u00e0 des niveaux int\u00e9ressants. Plus les taux baisseront, plus il sera difficile de n\u00e9gocier le prix car davantage de personnes pourront de nouveau acheter au Luxembourg.<\/li>\n\n\n\n<li><strong>Si vous souhaitez vendre votre bien :<\/strong> cela peut \u00eatre \u00e9galement le bon moment. La baisse des taux, combin\u00e9e aux <a href=\"https:\/\/www.athome.lu\/blog\/acheter\/fiscalite\/mesures-gouvernement-achat-immobilier-2024\/\">aides gouvernementales<\/a>, cr\u00e9\u00e9 un regain d'int\u00e9r\u00eat pour l'immobilier. Les acheteurs sont de plus en plus nombreux \u00e0 faire des visites et \u00e0 signer des compromis, comme les courtiers d'<a href=\"https:\/\/www.athome.lu\/finance\/pret-immobilier\">atHomeFinance<\/a> le constatent depuis ce printemps. Si vous vendez imm\u00e9diatement, sachez toutefois \u00eatre flexible sur votre prix tout en \u00e9tant au fait du contexte dans lequel vous vendez (un d\u00e9but de baisse des taux).<\/li>\n<\/ul>\n\n\n\n<p>En conclusion, si 2022 et 2023 pouvaient faire place \u00e0 un peu d'attentisme, 2024 est sans doute l'ann\u00e9e de l'action : les incitations fiscales du Gouvernement, et l'amorce d'une baisse de taux, offre des perspectives int\u00e9ressantes aux acheteurs qui sauront saisir les bonnes occasions qui se pr\u00e9sentent \u00e0 eux.<\/p>\n","protected":false},"excerpt":{"rendered":"<p>La Banque centrale europ\u00e9enne (BCE) a surpris les march\u00e9s en annon\u00e7ant une baisse de ses taux directeurs pour la premi\u00e8re fois depuis 2019. Cette d\u00e9cision marque un tournant majeur dans la politique mon\u00e9taire de l'institution. Pourquoi cette baisse de taux ? Depuis juillet 2022, la BCE avait suivi une politique de rel\u00e8vement agressif des taux [&hellip;]<\/p>\n","protected":false},"author":17,"featured_media":16435,"comment_status":"closed","ping_status":"closed","sticky":false,"template":"","format":"standard","meta":{"_acf_changed":false,"footnotes":""},"categories":[207],"tags":[],"class_list":["post-16433","post","type-post","status-publish","format-standard","has-post-thumbnail","hentry","category-pret-immobilier"],"acf":[],"yoast_head":"<!-- This site is optimized with the Yoast SEO plugin v27.4 - https:\/\/yoast.com\/product\/yoast-seo-wordpress\/ -->\n<title>La BCE baisse ses taux pour la premi\u00e8re fois depuis 5 ans - atHome Blog<\/title>\n<meta name=\"robots\" content=\"index, follow, max-snippet:-1, max-image-preview:large, max-video-preview:-1\" \/>\n<link rel=\"canonical\" href=\"https:\/\/www.athome.lu\/blog\/acheter\/pret-immobilier\/la-bce-baisse-ses-taux-pour-la-premiere-fois-depuis-5-ans\/\" \/>\n<meta property=\"og:locale\" content=\"fr_FR\" \/>\n<meta property=\"og:type\" content=\"article\" \/>\n<meta property=\"og:title\" content=\"La BCE baisse ses taux pour la premi\u00e8re fois depuis 5 ans - atHome Blog\" \/>\n<meta property=\"og:description\" content=\"La Banque centrale europ\u00e9enne (BCE) a surpris les march\u00e9s en annon\u00e7ant une baisse de ses taux directeurs pour la premi\u00e8re fois depuis 2019. Cette d\u00e9cision marque un tournant majeur dans la politique mon\u00e9taire de l&#039;institution. Pourquoi cette baisse de taux ? Depuis juillet 2022, la BCE avait suivi une politique de rel\u00e8vement agressif des taux [&hellip;]\" \/>\n<meta property=\"og:url\" content=\"https:\/\/www.athome.lu\/blog\/acheter\/pret-immobilier\/la-bce-baisse-ses-taux-pour-la-premiere-fois-depuis-5-ans\/\" \/>\n<meta property=\"og:site_name\" content=\"atHome Blog\" \/>\n<meta property=\"article:publisher\" content=\"https:\/\/www.facebook.com\/atHome.lu\/\" \/>\n<meta property=\"article:published_time\" content=\"2024-06-24T11:48:03+00:00\" \/>\n<meta property=\"article:modified_time\" content=\"2025-01-16T09:04:32+00:00\" \/>\n<meta property=\"og:image\" content=\"https:\/\/www.athome.lu\/blog\/wp-content\/uploads\/2024\/06\/BCE-baisse-des-taux-en-Europe.png\" \/>\n\t<meta property=\"og:image:width\" content=\"960\" \/>\n\t<meta property=\"og:image:height\" content=\"640\" \/>\n\t<meta property=\"og:image:type\" content=\"image\/png\" \/>\n<meta name=\"author\" content=\"Fanny Pimentel\" \/>\n<meta name=\"twitter:card\" content=\"summary_large_image\" \/>\n<meta name=\"twitter:creator\" content=\"@athomelu\" \/>\n<meta name=\"twitter:site\" content=\"@athomelu\" \/>\n<meta name=\"twitter:label1\" content=\"\u00c9crit par\" \/>\n\t<meta name=\"twitter:data1\" content=\"Fanny Pimentel\" \/>\n\t<meta name=\"twitter:label2\" content=\"Dur\u00e9e de lecture estim\u00e9e\" \/>\n\t<meta name=\"twitter:data2\" content=\"1 minute\" \/>\n<script type=\"application\/ld+json\" class=\"yoast-schema-graph\">{\"@context\":\"https:\\\/\\\/schema.org\",\"@graph\":[{\"@type\":\"Article\",\"@id\":\"https:\\\/\\\/www.athome.lu\\\/blog\\\/acheter\\\/pret-immobilier\\\/la-bce-baisse-ses-taux-pour-la-premiere-fois-depuis-5-ans\\\/#article\",\"isPartOf\":{\"@id\":\"https:\\\/\\\/www.athome.lu\\\/blog\\\/acheter\\\/pret-immobilier\\\/la-bce-baisse-ses-taux-pour-la-premiere-fois-depuis-5-ans\\\/\"},\"author\":{\"name\":\"Fanny Pimentel\",\"@id\":\"https:\\\/\\\/www.athome.lu\\\/blog\\\/#\\\/schema\\\/person\\\/47f7a38089f837e792876ceddc4cb2dc\"},\"headline\":\"La BCE baisse ses taux pour la premi\u00e8re fois depuis 5 ans\",\"datePublished\":\"2024-06-24T11:48:03+00:00\",\"dateModified\":\"2025-01-16T09:04:32+00:00\",\"mainEntityOfPage\":{\"@id\":\"https:\\\/\\\/www.athome.lu\\\/blog\\\/acheter\\\/pret-immobilier\\\/la-bce-baisse-ses-taux-pour-la-premiere-fois-depuis-5-ans\\\/\"},\"wordCount\":812,\"image\":{\"@id\":\"https:\\\/\\\/www.athome.lu\\\/blog\\\/acheter\\\/pret-immobilier\\\/la-bce-baisse-ses-taux-pour-la-premiere-fois-depuis-5-ans\\\/#primaryimage\"},\"thumbnailUrl\":\"https:\\\/\\\/www.athome.lu\\\/blog\\\/wp-content\\\/uploads\\\/2024\\\/06\\\/BCE-baisse-des-taux-en-Europe.png\",\"articleSection\":[\"Pr\u00eat Immobilier\"],\"inLanguage\":\"fr-FR\"},{\"@type\":\"WebPage\",\"@id\":\"https:\\\/\\\/www.athome.lu\\\/blog\\\/acheter\\\/pret-immobilier\\\/la-bce-baisse-ses-taux-pour-la-premiere-fois-depuis-5-ans\\\/\",\"url\":\"https:\\\/\\\/www.athome.lu\\\/blog\\\/acheter\\\/pret-immobilier\\\/la-bce-baisse-ses-taux-pour-la-premiere-fois-depuis-5-ans\\\/\",\"name\":\"La BCE baisse ses taux pour la premi\u00e8re fois depuis 5 ans - atHome Blog\",\"isPartOf\":{\"@id\":\"https:\\\/\\\/www.athome.lu\\\/blog\\\/#website\"},\"primaryImageOfPage\":{\"@id\":\"https:\\\/\\\/www.athome.lu\\\/blog\\\/acheter\\\/pret-immobilier\\\/la-bce-baisse-ses-taux-pour-la-premiere-fois-depuis-5-ans\\\/#primaryimage\"},\"image\":{\"@id\":\"https:\\\/\\\/www.athome.lu\\\/blog\\\/acheter\\\/pret-immobilier\\\/la-bce-baisse-ses-taux-pour-la-premiere-fois-depuis-5-ans\\\/#primaryimage\"},\"thumbnailUrl\":\"https:\\\/\\\/www.athome.lu\\\/blog\\\/wp-content\\\/uploads\\\/2024\\\/06\\\/BCE-baisse-des-taux-en-Europe.png\",\"datePublished\":\"2024-06-24T11:48:03+00:00\",\"dateModified\":\"2025-01-16T09:04:32+00:00\",\"author\":{\"@id\":\"https:\\\/\\\/www.athome.lu\\\/blog\\\/#\\\/schema\\\/person\\\/47f7a38089f837e792876ceddc4cb2dc\"},\"breadcrumb\":{\"@id\":\"https:\\\/\\\/www.athome.lu\\\/blog\\\/acheter\\\/pret-immobilier\\\/la-bce-baisse-ses-taux-pour-la-premiere-fois-depuis-5-ans\\\/#breadcrumb\"},\"inLanguage\":\"fr-FR\",\"potentialAction\":[{\"@type\":\"ReadAction\",\"target\":[\"https:\\\/\\\/www.athome.lu\\\/blog\\\/acheter\\\/pret-immobilier\\\/la-bce-baisse-ses-taux-pour-la-premiere-fois-depuis-5-ans\\\/\"]}]},{\"@type\":\"ImageObject\",\"inLanguage\":\"fr-FR\",\"@id\":\"https:\\\/\\\/www.athome.lu\\\/blog\\\/acheter\\\/pret-immobilier\\\/la-bce-baisse-ses-taux-pour-la-premiere-fois-depuis-5-ans\\\/#primaryimage\",\"url\":\"https:\\\/\\\/www.athome.lu\\\/blog\\\/wp-content\\\/uploads\\\/2024\\\/06\\\/BCE-baisse-des-taux-en-Europe.png\",\"contentUrl\":\"https:\\\/\\\/www.athome.lu\\\/blog\\\/wp-content\\\/uploads\\\/2024\\\/06\\\/BCE-baisse-des-taux-en-Europe.png\",\"width\":960,\"height\":640,\"caption\":\"BCE baisse des taux en Europe\"},{\"@type\":\"BreadcrumbList\",\"@id\":\"https:\\\/\\\/www.athome.lu\\\/blog\\\/acheter\\\/pret-immobilier\\\/la-bce-baisse-ses-taux-pour-la-premiere-fois-depuis-5-ans\\\/#breadcrumb\",\"itemListElement\":[{\"@type\":\"ListItem\",\"position\":1,\"name\":\"Accueil\",\"item\":\"https:\\\/\\\/www.athome.lu\\\/blog\\\/\"},{\"@type\":\"ListItem\",\"position\":2,\"name\":\"Acheter\",\"item\":\"https:\\\/\\\/www.athome.lu\\\/blog\\\/en\\\/category\\\/buy\\\/\"},{\"@type\":\"ListItem\",\"position\":3,\"name\":\"Pr\u00eat Immobilier\",\"item\":\"https:\\\/\\\/www.athome.lu\\\/blog\\\/en\\\/category\\\/buy\\\/home-loan\\\/\"},{\"@type\":\"ListItem\",\"position\":4,\"name\":\"La BCE baisse ses taux pour la premi\u00e8re fois depuis 5 ans\"}]},{\"@type\":\"WebSite\",\"@id\":\"https:\\\/\\\/www.athome.lu\\\/blog\\\/#website\",\"url\":\"https:\\\/\\\/www.athome.lu\\\/blog\\\/\",\"name\":\"atHome Blog\",\"description\":\"Annonces immobili\u00e8res au Luxembourg. Le portail immobilier n\u00b01 au Luxembourg.\",\"potentialAction\":[{\"@type\":\"SearchAction\",\"target\":{\"@type\":\"EntryPoint\",\"urlTemplate\":\"https:\\\/\\\/www.athome.lu\\\/blog\\\/?s={search_term_string}\"},\"query-input\":{\"@type\":\"PropertyValueSpecification\",\"valueRequired\":true,\"valueName\":\"search_term_string\"}}],\"inLanguage\":\"fr-FR\"},{\"@type\":\"Person\",\"@id\":\"https:\\\/\\\/www.athome.lu\\\/blog\\\/#\\\/schema\\\/person\\\/47f7a38089f837e792876ceddc4cb2dc\",\"name\":\"Fanny Pimentel\",\"image\":{\"@type\":\"ImageObject\",\"inLanguage\":\"fr-FR\",\"@id\":\"https:\\\/\\\/secure.gravatar.com\\\/avatar\\\/c60b27b93851dc9503f9cc9150e73dcb0a86ba6150657e5e4b11d988400bc633?s=96&d=mm&r=g\",\"url\":\"https:\\\/\\\/secure.gravatar.com\\\/avatar\\\/c60b27b93851dc9503f9cc9150e73dcb0a86ba6150657e5e4b11d988400bc633?s=96&d=mm&r=g\",\"contentUrl\":\"https:\\\/\\\/secure.gravatar.com\\\/avatar\\\/c60b27b93851dc9503f9cc9150e73dcb0a86ba6150657e5e4b11d988400bc633?s=96&d=mm&r=g\",\"caption\":\"Fanny Pimentel\"}}]}<\/script>\n<!-- \/ Yoast SEO plugin. -->","yoast_head_json":{"title":"La BCE baisse ses taux pour la premi\u00e8re fois depuis 5 ans - atHome Blog","robots":{"index":"index","follow":"follow","max-snippet":"max-snippet:-1","max-image-preview":"max-image-preview:large","max-video-preview":"max-video-preview:-1"},"canonical":"https:\/\/www.athome.lu\/blog\/acheter\/pret-immobilier\/la-bce-baisse-ses-taux-pour-la-premiere-fois-depuis-5-ans\/","og_locale":"fr_FR","og_type":"article","og_title":"La BCE baisse ses taux pour la premi\u00e8re fois depuis 5 ans - atHome Blog","og_description":"La Banque centrale europ\u00e9enne (BCE) a surpris les march\u00e9s en annon\u00e7ant une baisse de ses taux directeurs pour la premi\u00e8re fois depuis 2019. Cette d\u00e9cision marque un tournant majeur dans la politique mon\u00e9taire de l'institution. Pourquoi cette baisse de taux ? Depuis juillet 2022, la BCE avait suivi une politique de rel\u00e8vement agressif des taux [&hellip;]","og_url":"https:\/\/www.athome.lu\/blog\/acheter\/pret-immobilier\/la-bce-baisse-ses-taux-pour-la-premiere-fois-depuis-5-ans\/","og_site_name":"atHome Blog","article_publisher":"https:\/\/www.facebook.com\/atHome.lu\/","article_published_time":"2024-06-24T11:48:03+00:00","article_modified_time":"2025-01-16T09:04:32+00:00","og_image":[{"width":960,"height":640,"url":"https:\/\/www.athome.lu\/blog\/wp-content\/uploads\/2024\/06\/BCE-baisse-des-taux-en-Europe.png","type":"image\/png"}],"author":"Fanny Pimentel","twitter_card":"summary_large_image","twitter_creator":"@athomelu","twitter_site":"@athomelu","twitter_misc":{"\u00c9crit par":"Fanny Pimentel","Dur\u00e9e de lecture estim\u00e9e":"1 minute"},"schema":{"@context":"https:\/\/schema.org","@graph":[{"@type":"Article","@id":"https:\/\/www.athome.lu\/blog\/acheter\/pret-immobilier\/la-bce-baisse-ses-taux-pour-la-premiere-fois-depuis-5-ans\/#article","isPartOf":{"@id":"https:\/\/www.athome.lu\/blog\/acheter\/pret-immobilier\/la-bce-baisse-ses-taux-pour-la-premiere-fois-depuis-5-ans\/"},"author":{"name":"Fanny Pimentel","@id":"https:\/\/www.athome.lu\/blog\/#\/schema\/person\/47f7a38089f837e792876ceddc4cb2dc"},"headline":"La BCE baisse ses taux pour la premi\u00e8re fois depuis 5 ans","datePublished":"2024-06-24T11:48:03+00:00","dateModified":"2025-01-16T09:04:32+00:00","mainEntityOfPage":{"@id":"https:\/\/www.athome.lu\/blog\/acheter\/pret-immobilier\/la-bce-baisse-ses-taux-pour-la-premiere-fois-depuis-5-ans\/"},"wordCount":812,"image":{"@id":"https:\/\/www.athome.lu\/blog\/acheter\/pret-immobilier\/la-bce-baisse-ses-taux-pour-la-premiere-fois-depuis-5-ans\/#primaryimage"},"thumbnailUrl":"https:\/\/www.athome.lu\/blog\/wp-content\/uploads\/2024\/06\/BCE-baisse-des-taux-en-Europe.png","articleSection":["Pr\u00eat Immobilier"],"inLanguage":"fr-FR"},{"@type":"WebPage","@id":"https:\/\/www.athome.lu\/blog\/acheter\/pret-immobilier\/la-bce-baisse-ses-taux-pour-la-premiere-fois-depuis-5-ans\/","url":"https:\/\/www.athome.lu\/blog\/acheter\/pret-immobilier\/la-bce-baisse-ses-taux-pour-la-premiere-fois-depuis-5-ans\/","name":"La BCE baisse ses taux pour la premi\u00e8re fois depuis 5 ans - atHome Blog","isPartOf":{"@id":"https:\/\/www.athome.lu\/blog\/#website"},"primaryImageOfPage":{"@id":"https:\/\/www.athome.lu\/blog\/acheter\/pret-immobilier\/la-bce-baisse-ses-taux-pour-la-premiere-fois-depuis-5-ans\/#primaryimage"},"image":{"@id":"https:\/\/www.athome.lu\/blog\/acheter\/pret-immobilier\/la-bce-baisse-ses-taux-pour-la-premiere-fois-depuis-5-ans\/#primaryimage"},"thumbnailUrl":"https:\/\/www.athome.lu\/blog\/wp-content\/uploads\/2024\/06\/BCE-baisse-des-taux-en-Europe.png","datePublished":"2024-06-24T11:48:03+00:00","dateModified":"2025-01-16T09:04:32+00:00","author":{"@id":"https:\/\/www.athome.lu\/blog\/#\/schema\/person\/47f7a38089f837e792876ceddc4cb2dc"},"breadcrumb":{"@id":"https:\/\/www.athome.lu\/blog\/acheter\/pret-immobilier\/la-bce-baisse-ses-taux-pour-la-premiere-fois-depuis-5-ans\/#breadcrumb"},"inLanguage":"fr-FR","potentialAction":[{"@type":"ReadAction","target":["https:\/\/www.athome.lu\/blog\/acheter\/pret-immobilier\/la-bce-baisse-ses-taux-pour-la-premiere-fois-depuis-5-ans\/"]}]},{"@type":"ImageObject","inLanguage":"fr-FR","@id":"https:\/\/www.athome.lu\/blog\/acheter\/pret-immobilier\/la-bce-baisse-ses-taux-pour-la-premiere-fois-depuis-5-ans\/#primaryimage","url":"https:\/\/www.athome.lu\/blog\/wp-content\/uploads\/2024\/06\/BCE-baisse-des-taux-en-Europe.png","contentUrl":"https:\/\/www.athome.lu\/blog\/wp-content\/uploads\/2024\/06\/BCE-baisse-des-taux-en-Europe.png","width":960,"height":640,"caption":"BCE baisse des taux en Europe"},{"@type":"BreadcrumbList","@id":"https:\/\/www.athome.lu\/blog\/acheter\/pret-immobilier\/la-bce-baisse-ses-taux-pour-la-premiere-fois-depuis-5-ans\/#breadcrumb","itemListElement":[{"@type":"ListItem","position":1,"name":"Accueil","item":"https:\/\/www.athome.lu\/blog\/"},{"@type":"ListItem","position":2,"name":"Acheter","item":"https:\/\/www.athome.lu\/blog\/en\/category\/buy\/"},{"@type":"ListItem","position":3,"name":"Pr\u00eat Immobilier","item":"https:\/\/www.athome.lu\/blog\/en\/category\/buy\/home-loan\/"},{"@type":"ListItem","position":4,"name":"La BCE baisse ses taux pour la premi\u00e8re fois depuis 5 ans"}]},{"@type":"WebSite","@id":"https:\/\/www.athome.lu\/blog\/#website","url":"https:\/\/www.athome.lu\/blog\/","name":"atHome Blog","description":"Annonces immobili\u00e8res au Luxembourg. Le portail immobilier n\u00b01 au Luxembourg.","potentialAction":[{"@type":"SearchAction","target":{"@type":"EntryPoint","urlTemplate":"https:\/\/www.athome.lu\/blog\/?s={search_term_string}"},"query-input":{"@type":"PropertyValueSpecification","valueRequired":true,"valueName":"search_term_string"}}],"inLanguage":"fr-FR"},{"@type":"Person","@id":"https:\/\/www.athome.lu\/blog\/#\/schema\/person\/47f7a38089f837e792876ceddc4cb2dc","name":"Fanny Pimentel","image":{"@type":"ImageObject","inLanguage":"fr-FR","@id":"https:\/\/secure.gravatar.com\/avatar\/c60b27b93851dc9503f9cc9150e73dcb0a86ba6150657e5e4b11d988400bc633?s=96&d=mm&r=g","url":"https:\/\/secure.gravatar.com\/avatar\/c60b27b93851dc9503f9cc9150e73dcb0a86ba6150657e5e4b11d988400bc633?s=96&d=mm&r=g","contentUrl":"https:\/\/secure.gravatar.com\/avatar\/c60b27b93851dc9503f9cc9150e73dcb0a86ba6150657e5e4b11d988400bc633?s=96&d=mm&r=g","caption":"Fanny Pimentel"}}]}},"featured_media_src_url":"https:\/\/www.athome.lu\/blog\/wp-content\/uploads\/2024\/06\/BCE-baisse-des-taux-en-Europe.png","_links":{"self":[{"href":"https:\/\/www.athome.lu\/blog\/wp-json\/wp\/v2\/posts\/16433","targetHints":{"allow":["GET"]}}],"collection":[{"href":"https:\/\/www.athome.lu\/blog\/wp-json\/wp\/v2\/posts"}],"about":[{"href":"https:\/\/www.athome.lu\/blog\/wp-json\/wp\/v2\/types\/post"}],"author":[{"embeddable":true,"href":"https:\/\/www.athome.lu\/blog\/wp-json\/wp\/v2\/users\/17"}],"replies":[{"embeddable":true,"href":"https:\/\/www.athome.lu\/blog\/wp-json\/wp\/v2\/comments?post=16433"}],"version-history":[{"count":5,"href":"https:\/\/www.athome.lu\/blog\/wp-json\/wp\/v2\/posts\/16433\/revisions"}],"predecessor-version":[{"id":16522,"href":"https:\/\/www.athome.lu\/blog\/wp-json\/wp\/v2\/posts\/16433\/revisions\/16522"}],"wp:featuredmedia":[{"embeddable":true,"href":"https:\/\/www.athome.lu\/blog\/wp-json\/wp\/v2\/media\/16435"}],"wp:attachment":[{"href":"https:\/\/www.athome.lu\/blog\/wp-json\/wp\/v2\/media?parent=16433"}],"wp:term":[{"taxonomy":"category","embeddable":true,"href":"https:\/\/www.athome.lu\/blog\/wp-json\/wp\/v2\/categories?post=16433"},{"taxonomy":"post_tag","embeddable":true,"href":"https:\/\/www.athome.lu\/blog\/wp-json\/wp\/v2\/tags?post=16433"}],"curies":[{"name":"wp","href":"https:\/\/api.w.org\/{rel}","templated":true}]}}