{"id":17095,"date":"2025-03-02T11:00:00","date_gmt":"2025-03-02T10:00:00","guid":{"rendered":"https:\/\/www.athome.lu\/blog\/?p=17095"},"modified":"2025-06-30T16:04:32","modified_gmt":"2025-06-30T14:04:32","slug":"le-marche-du-neuf-au-luxembourg-en-2025-une-reprise-prometteuse","status":"publish","type":"post","link":"https:\/\/www.athome.lu\/blog\/acheter\/le-marche-du-neuf-au-luxembourg-en-2025-une-reprise-prometteuse\/","title":{"rendered":"Le march\u00e9 du neuf au Luxembourg en 2025 : une reprise prometteuse"},"content":{"rendered":"\n<p class=\"has-foreground-color has-text-color has-link-color wp-elements-bc3a7385f4bc0462c339838a40a37512\">Apr\u00e8s une p\u00e9riode de ralentissement, le march\u00e9 des logements neufs au Luxembourg conna\u00eet en 2025 une dynamique positive. Cette \u00e9volution est soutenue par des conditions de financement plus favorables, des mesures gouvernementales avantageuses et un int\u00e9r\u00eat renouvel\u00e9 des investisseurs.<\/p>\n\n\n\n<h2 class=\"wp-block-heading has-vivid-red-color has-text-color has-link-color wp-elements-99c1776796a61d83b3ff8faf57bb12c5\">Des conditions de financement plus favorables<\/h2>\n\n\n\n<div style=\"height:10px\" aria-hidden=\"true\" class=\"wp-block-spacer\"><\/div>\n\n\n\n<p>La baisse progressive des taux d'int\u00e9r\u00eat amorc\u00e9e en 2024 se poursuit en 2025, rendant les cr\u00e9dits immobiliers plus accessibles pour les acqu\u00e9reurs. Cette tendance facilite l'investissement dans le neuf, offrant aux acheteurs des opportunit\u00e9s avantageuses pour concr\u00e9tiser leurs projets immobiliers.<\/p>\n\n\n\n<div style=\"height:10px\" aria-hidden=\"true\" class=\"wp-block-spacer\"><\/div>\n\n\n\n<h2 class=\"wp-block-heading has-vivid-red-color has-text-color has-link-color wp-elements-dcb1619e53d2ba315986d84fb30e6a29\">Des mesures gouvernementales avantageuses<\/h2>\n\n\n\n<div style=\"height:10px\" aria-hidden=\"true\" class=\"wp-block-spacer\"><\/div>\n\n\n\n<p>Le gouvernement luxembourgeois a prolong\u00e9 certaines mesures fiscales pour soutenir le secteur immobilier. Ces initiatives visent \u00e0 encourager l'achat de logements neufs, rendant le march\u00e9 plus attractif pour les primo-acc\u00e9dants et les investisseurs.<\/p>\n\n\n\n<div style=\"height:10px\" aria-hidden=\"true\" class=\"wp-block-spacer\"><\/div>\n\n\n\n<p>\ud83d\udca1 Pour en savoir plus : <a href=\"https:\/\/www.athome.lu\/blog\/acheter\/les-mesures-fiscales-immobilieres-prolongees-jusquau-1%e1%b5%89%ca%b3-juillet-2025\/\">Les mesures fiscales immobili\u00e8res prolong\u00e9es jusqu'au 1\u1d49\u02b3 juillet 2025 - atHome Blog<\/a><\/p>\n\n\n\n<div style=\"height:10px\" aria-hidden=\"true\" class=\"wp-block-spacer\"><\/div>\n\n\n\n<h2 class=\"wp-block-heading has-vivid-red-color has-text-color has-link-color wp-elements-419a023c34b5e61f6819dc5342150537\"><strong>Un regain d'int\u00e9r\u00eat des investisseurs<\/strong><\/h2>\n\n\n\n<div style=\"height:10px\" aria-hidden=\"true\" class=\"wp-block-spacer\"><\/div>\n\n\n\n<p>Avec une demande locative toujours soutenue et des conditions de financement avantageuses, les investisseurs se tournent de nouveau vers le march\u00e9 du neuf. Les logements en VEFA offrent des garanties de performance \u00e9nerg\u00e9tique et de conformit\u00e9 aux normes actuelles, constituant un atout majeur pour les investisseurs soucieux de la valorisation de leur patrimoine.<\/p>\n\n\n\n<div style=\"height:10px\" aria-hidden=\"true\" class=\"wp-block-spacer\"><\/div>\n\n\n\n<h2 class=\"wp-block-heading has-vivid-red-color has-text-color has-link-color wp-elements-f7eec956c78eb4389cfec849fd9c566d\"><strong>Des perspectives positives pour le march\u00e9 immobilier<\/strong><\/h2>\n\n\n\n<div style=\"height:10px\" aria-hidden=\"true\" class=\"wp-block-spacer\"><\/div>\n\n\n\n<p>Le march\u00e9 immobilier luxembourgeois poursuit sa reprise en 2025, apr\u00e8s une stabilisation des prix en 2024. Une l\u00e9g\u00e8re augmentation des prix est attendue, notamment pour les logements neufs, soutenue par une demande locative stable et des conditions de financement favorables. Cette dynamique positive est renforc\u00e9e par un regain de confiance des investisseurs, dans un environnement \u00e9conomique globalement favorable. Les perspectives pour le march\u00e9 sont donc optimistes, avec des opportunit\u00e9s de valorisation, notamment dans le neuf.<\/p>\n\n\n\n<div style=\"height:10px\" aria-hidden=\"true\" class=\"wp-block-spacer\"><\/div>\n\n\n\n<p>\ud83d\udca1Pour en savoir plus : <a href=\"https:\/\/www.athome.lu\/blog\/marche-immobilier\/des-prix-stabilises-en-2024-et-des-perspectives-encourageantes-pour-2025\/\">Des prix stabilis\u00e9s en 2024 et des perspectives encourageantes pour 2025 - atHome Blog<\/a><\/p>\n\n\n\n<div style=\"height:10px\" aria-hidden=\"true\" class=\"wp-block-spacer\"><\/div>\n\n\n\n<h2 class=\"wp-block-heading has-vivid-red-color has-text-color has-link-color wp-elements-4a07fe2f9938354a3f230083620ab387\"><strong><strong>\"Make your move\" : votre opportunit\u00e9 en 2025<\/strong><\/strong><\/h2>\n\n\n\n<div style=\"height:10px\" aria-hidden=\"true\" class=\"wp-block-spacer\"><\/div>\n\n\n\n<p>Pour accompagner cette dynamique, atHome.lu lance l'op\u00e9ration <strong>\"Make your move\"<\/strong>. Cette initiative vise \u00e0 mettre en avant une s\u00e9lection exclusive de biens en VEFA, offrant aux acqu\u00e9reurs potentiels des opportunit\u00e9s uniques sur le march\u00e9 luxembourgeois. Que vous soyez \u00e0 la recherche de votre r\u00e9sidence principale ou d'un investissement locatif, <strong>\"Make your move\"<\/strong> vous aide \u00e0 trouver le bien qui correspond \u00e0 vos attentes.<\/p>\n\n\n\n<div style=\"height:22px\" aria-hidden=\"true\" class=\"wp-block-spacer\"><\/div>\n\n\n\n<p><a href=\"https:\/\/lp.athome.lu\/makeyourmove-fr\/\">D\u00e9couvrez d\u00e8s maintenant notre s\u00e9lection de projets neufs<\/a> et concr\u00e9tisez votre projet immobilier en 2025 avec <strong><a href=\"https:\/\/www.athome.lu\/\">atHome.lu<\/a><\/strong>.<\/p>\n\n\n\n<p><\/p>\n","protected":false},"excerpt":{"rendered":"<p>Apr\u00e8s une p\u00e9riode de ralentissement, le march\u00e9 des logements neufs au Luxembourg conna\u00eet en 2025 une dynamique positive. Cette \u00e9volution est soutenue par des conditions de financement plus favorables, des mesures gouvernementales avantageuses et un int\u00e9r\u00eat renouvel\u00e9 des investisseurs. Des conditions de financement plus favorables La baisse progressive des taux d'int\u00e9r\u00eat amorc\u00e9e en 2024 se [&hellip;]<\/p>\n","protected":false},"author":19,"featured_media":17223,"comment_status":"closed","ping_status":"closed","sticky":false,"template":"","format":"standard","meta":{"_acf_changed":false,"footnotes":""},"categories":[3],"tags":[],"class_list":["post-17095","post","type-post","status-publish","format-standard","has-post-thumbnail","hentry","category-acheter"],"acf":[],"yoast_head":"<!-- This site is optimized with the Yoast SEO plugin v27.4 - https:\/\/yoast.com\/product\/yoast-seo-wordpress\/ -->\n<title>Le march\u00e9 du neuf au Luxembourg en 2025 : une reprise prometteuse - atHome Blog<\/title>\n<meta name=\"robots\" content=\"index, follow, max-snippet:-1, max-image-preview:large, max-video-preview:-1\" \/>\n<link rel=\"canonical\" href=\"https:\/\/www.athome.lu\/blog\/acheter\/le-marche-du-neuf-au-luxembourg-en-2025-une-reprise-prometteuse\/\" \/>\n<meta property=\"og:locale\" content=\"fr_FR\" \/>\n<meta property=\"og:type\" content=\"article\" \/>\n<meta property=\"og:title\" content=\"Le march\u00e9 du neuf au Luxembourg en 2025 : une reprise prometteuse - atHome Blog\" \/>\n<meta property=\"og:description\" content=\"Apr\u00e8s une p\u00e9riode de ralentissement, le march\u00e9 des logements neufs au Luxembourg conna\u00eet en 2025 une dynamique positive. Cette \u00e9volution est soutenue par des conditions de financement plus favorables, des mesures gouvernementales avantageuses et un int\u00e9r\u00eat renouvel\u00e9 des investisseurs. Des conditions de financement plus favorables La baisse progressive des taux d&#039;int\u00e9r\u00eat amorc\u00e9e en 2024 se [&hellip;]\" \/>\n<meta property=\"og:url\" content=\"https:\/\/www.athome.lu\/blog\/acheter\/le-marche-du-neuf-au-luxembourg-en-2025-une-reprise-prometteuse\/\" \/>\n<meta property=\"og:site_name\" content=\"atHome Blog\" \/>\n<meta property=\"article:publisher\" content=\"https:\/\/www.facebook.com\/atHome.lu\/\" \/>\n<meta property=\"article:published_time\" content=\"2025-03-02T10:00:00+00:00\" \/>\n<meta property=\"article:modified_time\" content=\"2025-06-30T14:04:32+00:00\" \/>\n<meta property=\"og:image\" content=\"https:\/\/www.athome.lu\/blog\/wp-content\/uploads\/2025\/02\/Dimensions-banniere-Wordpress-2-1024x305.png\" \/>\n\t<meta property=\"og:image:width\" content=\"1024\" \/>\n\t<meta property=\"og:image:height\" content=\"305\" \/>\n\t<meta property=\"og:image:type\" content=\"image\/png\" \/>\n<meta name=\"author\" content=\"atHome.lu\" \/>\n<meta name=\"twitter:card\" content=\"summary_large_image\" \/>\n<meta name=\"twitter:creator\" content=\"@athomelu\" \/>\n<meta name=\"twitter:site\" content=\"@athomelu\" \/>\n<meta name=\"twitter:label1\" content=\"\u00c9crit par\" \/>\n\t<meta name=\"twitter:data1\" content=\"atHome.lu\" \/>\n\t<meta name=\"twitter:label2\" content=\"Dur\u00e9e de lecture estim\u00e9e\" \/>\n\t<meta name=\"twitter:data2\" content=\"3 minutes\" \/>\n<script type=\"application\/ld+json\" class=\"yoast-schema-graph\">{\"@context\":\"https:\\\/\\\/schema.org\",\"@graph\":[{\"@type\":\"Article\",\"@id\":\"https:\\\/\\\/www.athome.lu\\\/blog\\\/acheter\\\/le-marche-du-neuf-au-luxembourg-en-2025-une-reprise-prometteuse\\\/#article\",\"isPartOf\":{\"@id\":\"https:\\\/\\\/www.athome.lu\\\/blog\\\/acheter\\\/le-marche-du-neuf-au-luxembourg-en-2025-une-reprise-prometteuse\\\/\"},\"author\":{\"name\":\"atHome.lu\",\"@id\":\"https:\\\/\\\/www.athome.lu\\\/blog\\\/#\\\/schema\\\/person\\\/6b0cae19a94059156faf7f0ce969b4a0\"},\"headline\":\"Le march\u00e9 du neuf au Luxembourg en 2025 : une reprise prometteuse\",\"datePublished\":\"2025-03-02T10:00:00+00:00\",\"dateModified\":\"2025-06-30T14:04:32+00:00\",\"mainEntityOfPage\":{\"@id\":\"https:\\\/\\\/www.athome.lu\\\/blog\\\/acheter\\\/le-marche-du-neuf-au-luxembourg-en-2025-une-reprise-prometteuse\\\/\"},\"wordCount\":412,\"image\":{\"@id\":\"https:\\\/\\\/www.athome.lu\\\/blog\\\/acheter\\\/le-marche-du-neuf-au-luxembourg-en-2025-une-reprise-prometteuse\\\/#primaryimage\"},\"thumbnailUrl\":\"https:\\\/\\\/www.athome.lu\\\/blog\\\/wp-content\\\/uploads\\\/2025\\\/02\\\/Dimensions-banniere-Wordpress-2.png\",\"articleSection\":[\"Acheter\"],\"inLanguage\":\"fr-FR\"},{\"@type\":\"WebPage\",\"@id\":\"https:\\\/\\\/www.athome.lu\\\/blog\\\/acheter\\\/le-marche-du-neuf-au-luxembourg-en-2025-une-reprise-prometteuse\\\/\",\"url\":\"https:\\\/\\\/www.athome.lu\\\/blog\\\/acheter\\\/le-marche-du-neuf-au-luxembourg-en-2025-une-reprise-prometteuse\\\/\",\"name\":\"Le march\u00e9 du neuf au Luxembourg en 2025 : une reprise prometteuse - atHome Blog\",\"isPartOf\":{\"@id\":\"https:\\\/\\\/www.athome.lu\\\/blog\\\/#website\"},\"primaryImageOfPage\":{\"@id\":\"https:\\\/\\\/www.athome.lu\\\/blog\\\/acheter\\\/le-marche-du-neuf-au-luxembourg-en-2025-une-reprise-prometteuse\\\/#primaryimage\"},\"image\":{\"@id\":\"https:\\\/\\\/www.athome.lu\\\/blog\\\/acheter\\\/le-marche-du-neuf-au-luxembourg-en-2025-une-reprise-prometteuse\\\/#primaryimage\"},\"thumbnailUrl\":\"https:\\\/\\\/www.athome.lu\\\/blog\\\/wp-content\\\/uploads\\\/2025\\\/02\\\/Dimensions-banniere-Wordpress-2.png\",\"datePublished\":\"2025-03-02T10:00:00+00:00\",\"dateModified\":\"2025-06-30T14:04:32+00:00\",\"author\":{\"@id\":\"https:\\\/\\\/www.athome.lu\\\/blog\\\/#\\\/schema\\\/person\\\/6b0cae19a94059156faf7f0ce969b4a0\"},\"breadcrumb\":{\"@id\":\"https:\\\/\\\/www.athome.lu\\\/blog\\\/acheter\\\/le-marche-du-neuf-au-luxembourg-en-2025-une-reprise-prometteuse\\\/#breadcrumb\"},\"inLanguage\":\"fr-FR\",\"potentialAction\":[{\"@type\":\"ReadAction\",\"target\":[\"https:\\\/\\\/www.athome.lu\\\/blog\\\/acheter\\\/le-marche-du-neuf-au-luxembourg-en-2025-une-reprise-prometteuse\\\/\"]}]},{\"@type\":\"ImageObject\",\"inLanguage\":\"fr-FR\",\"@id\":\"https:\\\/\\\/www.athome.lu\\\/blog\\\/acheter\\\/le-marche-du-neuf-au-luxembourg-en-2025-une-reprise-prometteuse\\\/#primaryimage\",\"url\":\"https:\\\/\\\/www.athome.lu\\\/blog\\\/wp-content\\\/uploads\\\/2025\\\/02\\\/Dimensions-banniere-Wordpress-2.png\",\"contentUrl\":\"https:\\\/\\\/www.athome.lu\\\/blog\\\/wp-content\\\/uploads\\\/2025\\\/02\\\/Dimensions-banniere-Wordpress-2.png\",\"width\":5769,\"height\":1719},{\"@type\":\"BreadcrumbList\",\"@id\":\"https:\\\/\\\/www.athome.lu\\\/blog\\\/acheter\\\/le-marche-du-neuf-au-luxembourg-en-2025-une-reprise-prometteuse\\\/#breadcrumb\",\"itemListElement\":[{\"@type\":\"ListItem\",\"position\":1,\"name\":\"Accueil\",\"item\":\"https:\\\/\\\/www.athome.lu\\\/blog\\\/\"},{\"@type\":\"ListItem\",\"position\":2,\"name\":\"Acheter\",\"item\":\"https:\\\/\\\/www.athome.lu\\\/blog\\\/en\\\/category\\\/buy\\\/\"},{\"@type\":\"ListItem\",\"position\":3,\"name\":\"Le march\u00e9 du neuf au Luxembourg en 2025 : une reprise prometteuse\"}]},{\"@type\":\"WebSite\",\"@id\":\"https:\\\/\\\/www.athome.lu\\\/blog\\\/#website\",\"url\":\"https:\\\/\\\/www.athome.lu\\\/blog\\\/\",\"name\":\"atHome Blog\",\"description\":\"Annonces immobili\u00e8res au Luxembourg. Le portail immobilier n\u00b01 au Luxembourg.\",\"potentialAction\":[{\"@type\":\"SearchAction\",\"target\":{\"@type\":\"EntryPoint\",\"urlTemplate\":\"https:\\\/\\\/www.athome.lu\\\/blog\\\/?s={search_term_string}\"},\"query-input\":{\"@type\":\"PropertyValueSpecification\",\"valueRequired\":true,\"valueName\":\"search_term_string\"}}],\"inLanguage\":\"fr-FR\"},{\"@type\":\"Person\",\"@id\":\"https:\\\/\\\/www.athome.lu\\\/blog\\\/#\\\/schema\\\/person\\\/6b0cae19a94059156faf7f0ce969b4a0\",\"name\":\"atHome.lu\",\"image\":{\"@type\":\"ImageObject\",\"inLanguage\":\"fr-FR\",\"@id\":\"https:\\\/\\\/secure.gravatar.com\\\/avatar\\\/aaf3e502d7787af3ce4793c226e9640b6ab8f2b336039142fc34b438e2e085e8?s=96&d=mm&r=g\",\"url\":\"https:\\\/\\\/secure.gravatar.com\\\/avatar\\\/aaf3e502d7787af3ce4793c226e9640b6ab8f2b336039142fc34b438e2e085e8?s=96&d=mm&r=g\",\"contentUrl\":\"https:\\\/\\\/secure.gravatar.com\\\/avatar\\\/aaf3e502d7787af3ce4793c226e9640b6ab8f2b336039142fc34b438e2e085e8?s=96&d=mm&r=g\",\"caption\":\"atHome.lu\"}}]}<\/script>\n<!-- \/ Yoast SEO plugin. -->","yoast_head_json":{"title":"Le march\u00e9 du neuf au Luxembourg en 2025 : une reprise prometteuse - atHome Blog","robots":{"index":"index","follow":"follow","max-snippet":"max-snippet:-1","max-image-preview":"max-image-preview:large","max-video-preview":"max-video-preview:-1"},"canonical":"https:\/\/www.athome.lu\/blog\/acheter\/le-marche-du-neuf-au-luxembourg-en-2025-une-reprise-prometteuse\/","og_locale":"fr_FR","og_type":"article","og_title":"Le march\u00e9 du neuf au Luxembourg en 2025 : une reprise prometteuse - atHome Blog","og_description":"Apr\u00e8s une p\u00e9riode de ralentissement, le march\u00e9 des logements neufs au Luxembourg conna\u00eet en 2025 une dynamique positive. Cette \u00e9volution est soutenue par des conditions de financement plus favorables, des mesures gouvernementales avantageuses et un int\u00e9r\u00eat renouvel\u00e9 des investisseurs. Des conditions de financement plus favorables La baisse progressive des taux d'int\u00e9r\u00eat amorc\u00e9e en 2024 se [&hellip;]","og_url":"https:\/\/www.athome.lu\/blog\/acheter\/le-marche-du-neuf-au-luxembourg-en-2025-une-reprise-prometteuse\/","og_site_name":"atHome Blog","article_publisher":"https:\/\/www.facebook.com\/atHome.lu\/","article_published_time":"2025-03-02T10:00:00+00:00","article_modified_time":"2025-06-30T14:04:32+00:00","og_image":[{"width":1024,"height":305,"url":"https:\/\/www.athome.lu\/blog\/wp-content\/uploads\/2025\/02\/Dimensions-banniere-Wordpress-2-1024x305.png","type":"image\/png"}],"author":"atHome.lu","twitter_card":"summary_large_image","twitter_creator":"@athomelu","twitter_site":"@athomelu","twitter_misc":{"\u00c9crit par":"atHome.lu","Dur\u00e9e de lecture estim\u00e9e":"3 minutes"},"schema":{"@context":"https:\/\/schema.org","@graph":[{"@type":"Article","@id":"https:\/\/www.athome.lu\/blog\/acheter\/le-marche-du-neuf-au-luxembourg-en-2025-une-reprise-prometteuse\/#article","isPartOf":{"@id":"https:\/\/www.athome.lu\/blog\/acheter\/le-marche-du-neuf-au-luxembourg-en-2025-une-reprise-prometteuse\/"},"author":{"name":"atHome.lu","@id":"https:\/\/www.athome.lu\/blog\/#\/schema\/person\/6b0cae19a94059156faf7f0ce969b4a0"},"headline":"Le march\u00e9 du neuf au Luxembourg en 2025 : une reprise prometteuse","datePublished":"2025-03-02T10:00:00+00:00","dateModified":"2025-06-30T14:04:32+00:00","mainEntityOfPage":{"@id":"https:\/\/www.athome.lu\/blog\/acheter\/le-marche-du-neuf-au-luxembourg-en-2025-une-reprise-prometteuse\/"},"wordCount":412,"image":{"@id":"https:\/\/www.athome.lu\/blog\/acheter\/le-marche-du-neuf-au-luxembourg-en-2025-une-reprise-prometteuse\/#primaryimage"},"thumbnailUrl":"https:\/\/www.athome.lu\/blog\/wp-content\/uploads\/2025\/02\/Dimensions-banniere-Wordpress-2.png","articleSection":["Acheter"],"inLanguage":"fr-FR"},{"@type":"WebPage","@id":"https:\/\/www.athome.lu\/blog\/acheter\/le-marche-du-neuf-au-luxembourg-en-2025-une-reprise-prometteuse\/","url":"https:\/\/www.athome.lu\/blog\/acheter\/le-marche-du-neuf-au-luxembourg-en-2025-une-reprise-prometteuse\/","name":"Le march\u00e9 du neuf au Luxembourg en 2025 : une reprise prometteuse - atHome Blog","isPartOf":{"@id":"https:\/\/www.athome.lu\/blog\/#website"},"primaryImageOfPage":{"@id":"https:\/\/www.athome.lu\/blog\/acheter\/le-marche-du-neuf-au-luxembourg-en-2025-une-reprise-prometteuse\/#primaryimage"},"image":{"@id":"https:\/\/www.athome.lu\/blog\/acheter\/le-marche-du-neuf-au-luxembourg-en-2025-une-reprise-prometteuse\/#primaryimage"},"thumbnailUrl":"https:\/\/www.athome.lu\/blog\/wp-content\/uploads\/2025\/02\/Dimensions-banniere-Wordpress-2.png","datePublished":"2025-03-02T10:00:00+00:00","dateModified":"2025-06-30T14:04:32+00:00","author":{"@id":"https:\/\/www.athome.lu\/blog\/#\/schema\/person\/6b0cae19a94059156faf7f0ce969b4a0"},"breadcrumb":{"@id":"https:\/\/www.athome.lu\/blog\/acheter\/le-marche-du-neuf-au-luxembourg-en-2025-une-reprise-prometteuse\/#breadcrumb"},"inLanguage":"fr-FR","potentialAction":[{"@type":"ReadAction","target":["https:\/\/www.athome.lu\/blog\/acheter\/le-marche-du-neuf-au-luxembourg-en-2025-une-reprise-prometteuse\/"]}]},{"@type":"ImageObject","inLanguage":"fr-FR","@id":"https:\/\/www.athome.lu\/blog\/acheter\/le-marche-du-neuf-au-luxembourg-en-2025-une-reprise-prometteuse\/#primaryimage","url":"https:\/\/www.athome.lu\/blog\/wp-content\/uploads\/2025\/02\/Dimensions-banniere-Wordpress-2.png","contentUrl":"https:\/\/www.athome.lu\/blog\/wp-content\/uploads\/2025\/02\/Dimensions-banniere-Wordpress-2.png","width":5769,"height":1719},{"@type":"BreadcrumbList","@id":"https:\/\/www.athome.lu\/blog\/acheter\/le-marche-du-neuf-au-luxembourg-en-2025-une-reprise-prometteuse\/#breadcrumb","itemListElement":[{"@type":"ListItem","position":1,"name":"Accueil","item":"https:\/\/www.athome.lu\/blog\/"},{"@type":"ListItem","position":2,"name":"Acheter","item":"https:\/\/www.athome.lu\/blog\/en\/category\/buy\/"},{"@type":"ListItem","position":3,"name":"Le march\u00e9 du neuf au Luxembourg en 2025 : une reprise prometteuse"}]},{"@type":"WebSite","@id":"https:\/\/www.athome.lu\/blog\/#website","url":"https:\/\/www.athome.lu\/blog\/","name":"atHome Blog","description":"Annonces immobili\u00e8res au Luxembourg. Le portail immobilier n\u00b01 au Luxembourg.","potentialAction":[{"@type":"SearchAction","target":{"@type":"EntryPoint","urlTemplate":"https:\/\/www.athome.lu\/blog\/?s={search_term_string}"},"query-input":{"@type":"PropertyValueSpecification","valueRequired":true,"valueName":"search_term_string"}}],"inLanguage":"fr-FR"},{"@type":"Person","@id":"https:\/\/www.athome.lu\/blog\/#\/schema\/person\/6b0cae19a94059156faf7f0ce969b4a0","name":"atHome.lu","image":{"@type":"ImageObject","inLanguage":"fr-FR","@id":"https:\/\/secure.gravatar.com\/avatar\/aaf3e502d7787af3ce4793c226e9640b6ab8f2b336039142fc34b438e2e085e8?s=96&d=mm&r=g","url":"https:\/\/secure.gravatar.com\/avatar\/aaf3e502d7787af3ce4793c226e9640b6ab8f2b336039142fc34b438e2e085e8?s=96&d=mm&r=g","contentUrl":"https:\/\/secure.gravatar.com\/avatar\/aaf3e502d7787af3ce4793c226e9640b6ab8f2b336039142fc34b438e2e085e8?s=96&d=mm&r=g","caption":"atHome.lu"}}]}},"featured_media_src_url":"https:\/\/www.athome.lu\/blog\/wp-content\/uploads\/2025\/02\/Dimensions-banniere-Wordpress-2-1024x305.png","_links":{"self":[{"href":"https:\/\/www.athome.lu\/blog\/wp-json\/wp\/v2\/posts\/17095","targetHints":{"allow":["GET"]}}],"collection":[{"href":"https:\/\/www.athome.lu\/blog\/wp-json\/wp\/v2\/posts"}],"about":[{"href":"https:\/\/www.athome.lu\/blog\/wp-json\/wp\/v2\/types\/post"}],"author":[{"embeddable":true,"href":"https:\/\/www.athome.lu\/blog\/wp-json\/wp\/v2\/users\/19"}],"replies":[{"embeddable":true,"href":"https:\/\/www.athome.lu\/blog\/wp-json\/wp\/v2\/comments?post=17095"}],"version-history":[{"count":5,"href":"https:\/\/www.athome.lu\/blog\/wp-json\/wp\/v2\/posts\/17095\/revisions"}],"predecessor-version":[{"id":17276,"href":"https:\/\/www.athome.lu\/blog\/wp-json\/wp\/v2\/posts\/17095\/revisions\/17276"}],"wp:featuredmedia":[{"embeddable":true,"href":"https:\/\/www.athome.lu\/blog\/wp-json\/wp\/v2\/media\/17223"}],"wp:attachment":[{"href":"https:\/\/www.athome.lu\/blog\/wp-json\/wp\/v2\/media?parent=17095"}],"wp:term":[{"taxonomy":"category","embeddable":true,"href":"https:\/\/www.athome.lu\/blog\/wp-json\/wp\/v2\/categories?post=17095"},{"taxonomy":"post_tag","embeddable":true,"href":"https:\/\/www.athome.lu\/blog\/wp-json\/wp\/v2\/tags?post=17095"}],"curies":[{"name":"wp","href":"https:\/\/api.w.org\/{rel}","templated":true}]}}