{"id":17263,"date":"2025-03-05T10:35:57","date_gmt":"2025-03-05T09:35:57","guid":{"rendered":"https:\/\/www.athome.lu\/blog\/?p=17263"},"modified":"2025-03-12T16:17:29","modified_gmt":"2025-03-12T15:17:29","slug":"make-your-move-athome-soutient-la-reprise-du-marche","status":"publish","type":"post","link":"https:\/\/www.athome.lu\/blog\/marche-immobilier\/make-your-move-athome-soutient-la-reprise-du-marche\/","title":{"rendered":"Make Your Move : atHome soutient la reprise du march\u00e9 !"},"content":{"rendered":"\n<p>Le march\u00e9 immobilier luxembourgeois conna\u00eet une reprise en 2025. Apr\u00e8s une p\u00e9riode de ralentissement, de nombreuses conditions sont aujourd\u2019hui favorables aux acheteurs, avec des taux d\u2019int\u00e9r\u00eat comp\u00e9titifs, une offre \u00e9largie et des prix des biens qui se stabilisent. De plus, les dispositifs fiscaux sont maintenus jusqu'\u00e0 mi-2025, faisant de ce moment l\u2019occasion id\u00e9ale pour concr\u00e9tiser votre projet immobilier.<\/p>\n\n\n\n<h2 class=\"wp-block-heading has-vivid-red-color has-text-color has-link-color wp-elements-d8471aee8b7ae4b8f7184fcaf761a6ae\"><strong>Pourquoi saisir l\u2019opportunit\u00e9 maintenant ?<\/strong><\/h2>\n\n\n\n<ul class=\"wp-block-list\">\n<li><strong>Taux d\u2019int\u00e9r\u00eat comp\u00e9titifs :<\/strong> Depuis le d\u00e9but de l'ann\u00e9e, les taux fixes des pr\u00eats immobiliers restent attractifs, sous la barre des 3 % sur certaines dur\u00e9es, facilitant l\u2019acquisition de votre bien.<\/li>\n<\/ul>\n\n\n\n<ul class=\"wp-block-list\">\n<li><strong>Offre \u00e9largie :<\/strong> Le march\u00e9 propose une plus grande vari\u00e9t\u00e9 de biens, tant dans le secteur de l'ancien que du neuf, offrant ainsi plus d'options aux acheteurs.<\/li>\n<\/ul>\n\n\n\n<ul class=\"wp-block-list\">\n<li><strong>Mesures fiscales avantageuses :<\/strong> Les dispositifs d\u2019aides actuels sont maintenus jusqu\u2019au 1er juillet 2025, offrant des avantages fiscaux int\u00e9ressants pour les acheteurs. C\u2019est une occasion \u00e0 ne pas manquer pour all\u00e9ger le co\u00fbt de votre acquisition.<\/li>\n<\/ul>\n\n\n\n<h2 class=\"wp-block-heading has-vivid-red-color has-text-color has-link-color wp-elements-ee7604ed90466122a349c00602076357\"><strong>Explorez les meilleures opportunit\u00e9s avec <em>Make Your Move<\/em><\/strong><\/h2>\n\n\n\n<p>Dans le cadre de <strong><a href=\"https:\/\/lp.athome.lu\/makeyourmove-fr\/\">Make Your Move<\/a><\/strong>, atHome.lu met en avant chaque semaine des opportunit\u00e9s du march\u00e9 immobilier, que ce soit dans le neuf ou l'ancien, pour vous aider \u00e0 trouver le bien qui correspond \u00e0 vos attentes. Vous pouvez \u00e9galement b\u00e9n\u00e9ficier de solutions compl\u00e8tes pour vous accompagner tout au long de votre parcours immobilier gr\u00e2ce \u00e0 <strong>atHomeFinance <\/strong>et <strong>Taxx.lu<\/strong>.<\/p>\n\n\n\n<ul class=\"wp-block-list\">\n<li><strong><a href=\"https:\/\/www.athome.lu\/finance\/pret-immobilier\">atHomeFinance <\/a><\/strong>vous aide \u00e0 calculer votre capacit\u00e9 d'emprunt et \u00e0 obtenir les meilleures conditions de financement.<\/li>\n\n\n\n<li><a href=\"https:\/\/taxx.lu\/\"><strong>Taxx.lu<\/strong> <\/a>vous accompagne dans l\u2019optimisation de vos d\u00e9marches fiscales et vous aide \u00e0 profiter pleinement des avantages fiscaux disponibles.<\/li>\n<\/ul>\n\n\n\n<p>En r\u00e9unissant ces services, <em>Make Your Move<\/em> vous offre un accompagnement complet et vous permet de prendre des d\u00e9cisions \u00e9clair\u00e9es tout en acc\u00e9dant aux meilleures opportunit\u00e9s du march\u00e9. Ne laissez pas passer cette chance \u2013 explorez les biens disponibles et faites le premier pas vers votre projet immobilier d\u00e8s aujourd\u2019hui !<\/p>\n\n\n\n<p><\/p>\n","protected":false},"excerpt":{"rendered":"<p>Le march\u00e9 immobilier luxembourgeois conna\u00eet une reprise en 2025. Apr\u00e8s une p\u00e9riode de ralentissement, de nombreuses conditions sont aujourd\u2019hui favorables aux acheteurs, avec des taux d\u2019int\u00e9r\u00eat comp\u00e9titifs, une offre \u00e9largie et des prix des biens qui se stabilisent. De plus, les dispositifs fiscaux sont maintenus jusqu'\u00e0 mi-2025, faisant de ce moment l\u2019occasion id\u00e9ale pour concr\u00e9tiser [&hellip;]<\/p>\n","protected":false},"author":17,"featured_media":17278,"comment_status":"closed","ping_status":"closed","sticky":false,"template":"","format":"standard","meta":{"_acf_changed":false,"footnotes":""},"categories":[217],"tags":[],"class_list":["post-17263","post","type-post","status-publish","format-standard","has-post-thumbnail","hentry","category-marche-immobilier"],"acf":[],"yoast_head":"<!-- This site is optimized with the Yoast SEO plugin v27.4 - https:\/\/yoast.com\/product\/yoast-seo-wordpress\/ -->\n<title>Make Your Move : atHome soutient la reprise du march\u00e9 ! - atHome Blog<\/title>\n<meta name=\"robots\" content=\"index, follow, max-snippet:-1, max-image-preview:large, max-video-preview:-1\" \/>\n<link rel=\"canonical\" href=\"https:\/\/www.athome.lu\/blog\/marche-immobilier\/make-your-move-athome-soutient-la-reprise-du-marche\/\" \/>\n<meta property=\"og:locale\" content=\"fr_FR\" \/>\n<meta property=\"og:type\" content=\"article\" \/>\n<meta property=\"og:title\" content=\"Make Your Move : atHome soutient la reprise du march\u00e9 ! - atHome Blog\" \/>\n<meta property=\"og:description\" content=\"Le march\u00e9 immobilier luxembourgeois conna\u00eet une reprise en 2025. Apr\u00e8s une p\u00e9riode de ralentissement, de nombreuses conditions sont aujourd\u2019hui favorables aux acheteurs, avec des taux d\u2019int\u00e9r\u00eat comp\u00e9titifs, une offre \u00e9largie et des prix des biens qui se stabilisent. De plus, les dispositifs fiscaux sont maintenus jusqu&#039;\u00e0 mi-2025, faisant de ce moment l\u2019occasion id\u00e9ale pour concr\u00e9tiser [&hellip;]\" \/>\n<meta property=\"og:url\" content=\"https:\/\/www.athome.lu\/blog\/marche-immobilier\/make-your-move-athome-soutient-la-reprise-du-marche\/\" \/>\n<meta property=\"og:site_name\" content=\"atHome Blog\" \/>\n<meta property=\"article:publisher\" content=\"https:\/\/www.facebook.com\/atHome.lu\/\" \/>\n<meta property=\"article:published_time\" content=\"2025-03-05T09:35:57+00:00\" \/>\n<meta property=\"article:modified_time\" content=\"2025-03-12T15:17:29+00:00\" \/>\n<meta property=\"og:image\" content=\"https:\/\/www.athome.lu\/blog\/wp-content\/uploads\/2025\/03\/Dimensions-banniere-Wordpress-1-1024x305.png\" \/>\n\t<meta property=\"og:image:width\" content=\"1024\" \/>\n\t<meta property=\"og:image:height\" content=\"305\" \/>\n\t<meta property=\"og:image:type\" content=\"image\/png\" \/>\n<meta name=\"author\" content=\"Fanny Pimentel\" \/>\n<meta name=\"twitter:card\" content=\"summary_large_image\" \/>\n<meta name=\"twitter:creator\" content=\"@athomelu\" \/>\n<meta name=\"twitter:site\" content=\"@athomelu\" \/>\n<meta name=\"twitter:label1\" content=\"\u00c9crit par\" \/>\n\t<meta name=\"twitter:data1\" content=\"Fanny Pimentel\" \/>\n\t<meta name=\"twitter:label2\" content=\"Dur\u00e9e de lecture estim\u00e9e\" \/>\n\t<meta name=\"twitter:data2\" content=\"2 minutes\" \/>\n<script type=\"application\/ld+json\" class=\"yoast-schema-graph\">{\"@context\":\"https:\\\/\\\/schema.org\",\"@graph\":[{\"@type\":\"Article\",\"@id\":\"https:\\\/\\\/www.athome.lu\\\/blog\\\/marche-immobilier\\\/make-your-move-athome-soutient-la-reprise-du-marche\\\/#article\",\"isPartOf\":{\"@id\":\"https:\\\/\\\/www.athome.lu\\\/blog\\\/marche-immobilier\\\/make-your-move-athome-soutient-la-reprise-du-marche\\\/\"},\"author\":{\"name\":\"Fanny Pimentel\",\"@id\":\"https:\\\/\\\/www.athome.lu\\\/blog\\\/#\\\/schema\\\/person\\\/47f7a38089f837e792876ceddc4cb2dc\"},\"headline\":\"Make Your Move : atHome soutient la reprise du march\u00e9 !\",\"datePublished\":\"2025-03-05T09:35:57+00:00\",\"dateModified\":\"2025-03-12T15:17:29+00:00\",\"mainEntityOfPage\":{\"@id\":\"https:\\\/\\\/www.athome.lu\\\/blog\\\/marche-immobilier\\\/make-your-move-athome-soutient-la-reprise-du-marche\\\/\"},\"wordCount\":349,\"image\":{\"@id\":\"https:\\\/\\\/www.athome.lu\\\/blog\\\/marche-immobilier\\\/make-your-move-athome-soutient-la-reprise-du-marche\\\/#primaryimage\"},\"thumbnailUrl\":\"https:\\\/\\\/www.athome.lu\\\/blog\\\/wp-content\\\/uploads\\\/2025\\\/03\\\/Dimensions-banniere-Wordpress-1.png\",\"articleSection\":[\"March\u00e9 immobilier\"],\"inLanguage\":\"fr-FR\"},{\"@type\":\"WebPage\",\"@id\":\"https:\\\/\\\/www.athome.lu\\\/blog\\\/marche-immobilier\\\/make-your-move-athome-soutient-la-reprise-du-marche\\\/\",\"url\":\"https:\\\/\\\/www.athome.lu\\\/blog\\\/marche-immobilier\\\/make-your-move-athome-soutient-la-reprise-du-marche\\\/\",\"name\":\"Make Your Move : atHome soutient la reprise du march\u00e9 ! - atHome Blog\",\"isPartOf\":{\"@id\":\"https:\\\/\\\/www.athome.lu\\\/blog\\\/#website\"},\"primaryImageOfPage\":{\"@id\":\"https:\\\/\\\/www.athome.lu\\\/blog\\\/marche-immobilier\\\/make-your-move-athome-soutient-la-reprise-du-marche\\\/#primaryimage\"},\"image\":{\"@id\":\"https:\\\/\\\/www.athome.lu\\\/blog\\\/marche-immobilier\\\/make-your-move-athome-soutient-la-reprise-du-marche\\\/#primaryimage\"},\"thumbnailUrl\":\"https:\\\/\\\/www.athome.lu\\\/blog\\\/wp-content\\\/uploads\\\/2025\\\/03\\\/Dimensions-banniere-Wordpress-1.png\",\"datePublished\":\"2025-03-05T09:35:57+00:00\",\"dateModified\":\"2025-03-12T15:17:29+00:00\",\"author\":{\"@id\":\"https:\\\/\\\/www.athome.lu\\\/blog\\\/#\\\/schema\\\/person\\\/47f7a38089f837e792876ceddc4cb2dc\"},\"breadcrumb\":{\"@id\":\"https:\\\/\\\/www.athome.lu\\\/blog\\\/marche-immobilier\\\/make-your-move-athome-soutient-la-reprise-du-marche\\\/#breadcrumb\"},\"inLanguage\":\"fr-FR\",\"potentialAction\":[{\"@type\":\"ReadAction\",\"target\":[\"https:\\\/\\\/www.athome.lu\\\/blog\\\/marche-immobilier\\\/make-your-move-athome-soutient-la-reprise-du-marche\\\/\"]}]},{\"@type\":\"ImageObject\",\"inLanguage\":\"fr-FR\",\"@id\":\"https:\\\/\\\/www.athome.lu\\\/blog\\\/marche-immobilier\\\/make-your-move-athome-soutient-la-reprise-du-marche\\\/#primaryimage\",\"url\":\"https:\\\/\\\/www.athome.lu\\\/blog\\\/wp-content\\\/uploads\\\/2025\\\/03\\\/Dimensions-banniere-Wordpress-1.png\",\"contentUrl\":\"https:\\\/\\\/www.athome.lu\\\/blog\\\/wp-content\\\/uploads\\\/2025\\\/03\\\/Dimensions-banniere-Wordpress-1.png\",\"width\":5769,\"height\":1719},{\"@type\":\"BreadcrumbList\",\"@id\":\"https:\\\/\\\/www.athome.lu\\\/blog\\\/marche-immobilier\\\/make-your-move-athome-soutient-la-reprise-du-marche\\\/#breadcrumb\",\"itemListElement\":[{\"@type\":\"ListItem\",\"position\":1,\"name\":\"Accueil\",\"item\":\"https:\\\/\\\/www.athome.lu\\\/blog\\\/\"},{\"@type\":\"ListItem\",\"position\":2,\"name\":\"March\u00e9 immobilier\",\"item\":\"https:\\\/\\\/www.athome.lu\\\/blog\\\/category\\\/marche-immobilier\\\/\"},{\"@type\":\"ListItem\",\"position\":3,\"name\":\"Make Your Move : atHome soutient la reprise du march\u00e9 !\"}]},{\"@type\":\"WebSite\",\"@id\":\"https:\\\/\\\/www.athome.lu\\\/blog\\\/#website\",\"url\":\"https:\\\/\\\/www.athome.lu\\\/blog\\\/\",\"name\":\"atHome Blog\",\"description\":\"Annonces immobili\u00e8res au Luxembourg. Le portail immobilier n\u00b01 au Luxembourg.\",\"potentialAction\":[{\"@type\":\"SearchAction\",\"target\":{\"@type\":\"EntryPoint\",\"urlTemplate\":\"https:\\\/\\\/www.athome.lu\\\/blog\\\/?s={search_term_string}\"},\"query-input\":{\"@type\":\"PropertyValueSpecification\",\"valueRequired\":true,\"valueName\":\"search_term_string\"}}],\"inLanguage\":\"fr-FR\"},{\"@type\":\"Person\",\"@id\":\"https:\\\/\\\/www.athome.lu\\\/blog\\\/#\\\/schema\\\/person\\\/47f7a38089f837e792876ceddc4cb2dc\",\"name\":\"Fanny Pimentel\",\"image\":{\"@type\":\"ImageObject\",\"inLanguage\":\"fr-FR\",\"@id\":\"https:\\\/\\\/secure.gravatar.com\\\/avatar\\\/c60b27b93851dc9503f9cc9150e73dcb0a86ba6150657e5e4b11d988400bc633?s=96&d=mm&r=g\",\"url\":\"https:\\\/\\\/secure.gravatar.com\\\/avatar\\\/c60b27b93851dc9503f9cc9150e73dcb0a86ba6150657e5e4b11d988400bc633?s=96&d=mm&r=g\",\"contentUrl\":\"https:\\\/\\\/secure.gravatar.com\\\/avatar\\\/c60b27b93851dc9503f9cc9150e73dcb0a86ba6150657e5e4b11d988400bc633?s=96&d=mm&r=g\",\"caption\":\"Fanny Pimentel\"}}]}<\/script>\n<!-- \/ Yoast SEO plugin. -->","yoast_head_json":{"title":"Make Your Move : atHome soutient la reprise du march\u00e9 ! - atHome Blog","robots":{"index":"index","follow":"follow","max-snippet":"max-snippet:-1","max-image-preview":"max-image-preview:large","max-video-preview":"max-video-preview:-1"},"canonical":"https:\/\/www.athome.lu\/blog\/marche-immobilier\/make-your-move-athome-soutient-la-reprise-du-marche\/","og_locale":"fr_FR","og_type":"article","og_title":"Make Your Move : atHome soutient la reprise du march\u00e9 ! - atHome Blog","og_description":"Le march\u00e9 immobilier luxembourgeois conna\u00eet une reprise en 2025. Apr\u00e8s une p\u00e9riode de ralentissement, de nombreuses conditions sont aujourd\u2019hui favorables aux acheteurs, avec des taux d\u2019int\u00e9r\u00eat comp\u00e9titifs, une offre \u00e9largie et des prix des biens qui se stabilisent. De plus, les dispositifs fiscaux sont maintenus jusqu'\u00e0 mi-2025, faisant de ce moment l\u2019occasion id\u00e9ale pour concr\u00e9tiser [&hellip;]","og_url":"https:\/\/www.athome.lu\/blog\/marche-immobilier\/make-your-move-athome-soutient-la-reprise-du-marche\/","og_site_name":"atHome Blog","article_publisher":"https:\/\/www.facebook.com\/atHome.lu\/","article_published_time":"2025-03-05T09:35:57+00:00","article_modified_time":"2025-03-12T15:17:29+00:00","og_image":[{"width":1024,"height":305,"url":"https:\/\/www.athome.lu\/blog\/wp-content\/uploads\/2025\/03\/Dimensions-banniere-Wordpress-1-1024x305.png","type":"image\/png"}],"author":"Fanny Pimentel","twitter_card":"summary_large_image","twitter_creator":"@athomelu","twitter_site":"@athomelu","twitter_misc":{"\u00c9crit par":"Fanny Pimentel","Dur\u00e9e de lecture estim\u00e9e":"2 minutes"},"schema":{"@context":"https:\/\/schema.org","@graph":[{"@type":"Article","@id":"https:\/\/www.athome.lu\/blog\/marche-immobilier\/make-your-move-athome-soutient-la-reprise-du-marche\/#article","isPartOf":{"@id":"https:\/\/www.athome.lu\/blog\/marche-immobilier\/make-your-move-athome-soutient-la-reprise-du-marche\/"},"author":{"name":"Fanny Pimentel","@id":"https:\/\/www.athome.lu\/blog\/#\/schema\/person\/47f7a38089f837e792876ceddc4cb2dc"},"headline":"Make Your Move : atHome soutient la reprise du march\u00e9 !","datePublished":"2025-03-05T09:35:57+00:00","dateModified":"2025-03-12T15:17:29+00:00","mainEntityOfPage":{"@id":"https:\/\/www.athome.lu\/blog\/marche-immobilier\/make-your-move-athome-soutient-la-reprise-du-marche\/"},"wordCount":349,"image":{"@id":"https:\/\/www.athome.lu\/blog\/marche-immobilier\/make-your-move-athome-soutient-la-reprise-du-marche\/#primaryimage"},"thumbnailUrl":"https:\/\/www.athome.lu\/blog\/wp-content\/uploads\/2025\/03\/Dimensions-banniere-Wordpress-1.png","articleSection":["March\u00e9 immobilier"],"inLanguage":"fr-FR"},{"@type":"WebPage","@id":"https:\/\/www.athome.lu\/blog\/marche-immobilier\/make-your-move-athome-soutient-la-reprise-du-marche\/","url":"https:\/\/www.athome.lu\/blog\/marche-immobilier\/make-your-move-athome-soutient-la-reprise-du-marche\/","name":"Make Your Move : atHome soutient la reprise du march\u00e9 ! - atHome Blog","isPartOf":{"@id":"https:\/\/www.athome.lu\/blog\/#website"},"primaryImageOfPage":{"@id":"https:\/\/www.athome.lu\/blog\/marche-immobilier\/make-your-move-athome-soutient-la-reprise-du-marche\/#primaryimage"},"image":{"@id":"https:\/\/www.athome.lu\/blog\/marche-immobilier\/make-your-move-athome-soutient-la-reprise-du-marche\/#primaryimage"},"thumbnailUrl":"https:\/\/www.athome.lu\/blog\/wp-content\/uploads\/2025\/03\/Dimensions-banniere-Wordpress-1.png","datePublished":"2025-03-05T09:35:57+00:00","dateModified":"2025-03-12T15:17:29+00:00","author":{"@id":"https:\/\/www.athome.lu\/blog\/#\/schema\/person\/47f7a38089f837e792876ceddc4cb2dc"},"breadcrumb":{"@id":"https:\/\/www.athome.lu\/blog\/marche-immobilier\/make-your-move-athome-soutient-la-reprise-du-marche\/#breadcrumb"},"inLanguage":"fr-FR","potentialAction":[{"@type":"ReadAction","target":["https:\/\/www.athome.lu\/blog\/marche-immobilier\/make-your-move-athome-soutient-la-reprise-du-marche\/"]}]},{"@type":"ImageObject","inLanguage":"fr-FR","@id":"https:\/\/www.athome.lu\/blog\/marche-immobilier\/make-your-move-athome-soutient-la-reprise-du-marche\/#primaryimage","url":"https:\/\/www.athome.lu\/blog\/wp-content\/uploads\/2025\/03\/Dimensions-banniere-Wordpress-1.png","contentUrl":"https:\/\/www.athome.lu\/blog\/wp-content\/uploads\/2025\/03\/Dimensions-banniere-Wordpress-1.png","width":5769,"height":1719},{"@type":"BreadcrumbList","@id":"https:\/\/www.athome.lu\/blog\/marche-immobilier\/make-your-move-athome-soutient-la-reprise-du-marche\/#breadcrumb","itemListElement":[{"@type":"ListItem","position":1,"name":"Accueil","item":"https:\/\/www.athome.lu\/blog\/"},{"@type":"ListItem","position":2,"name":"March\u00e9 immobilier","item":"https:\/\/www.athome.lu\/blog\/category\/marche-immobilier\/"},{"@type":"ListItem","position":3,"name":"Make Your Move : atHome soutient la reprise du march\u00e9 !"}]},{"@type":"WebSite","@id":"https:\/\/www.athome.lu\/blog\/#website","url":"https:\/\/www.athome.lu\/blog\/","name":"atHome Blog","description":"Annonces immobili\u00e8res au Luxembourg. Le portail immobilier n\u00b01 au Luxembourg.","potentialAction":[{"@type":"SearchAction","target":{"@type":"EntryPoint","urlTemplate":"https:\/\/www.athome.lu\/blog\/?s={search_term_string}"},"query-input":{"@type":"PropertyValueSpecification","valueRequired":true,"valueName":"search_term_string"}}],"inLanguage":"fr-FR"},{"@type":"Person","@id":"https:\/\/www.athome.lu\/blog\/#\/schema\/person\/47f7a38089f837e792876ceddc4cb2dc","name":"Fanny Pimentel","image":{"@type":"ImageObject","inLanguage":"fr-FR","@id":"https:\/\/secure.gravatar.com\/avatar\/c60b27b93851dc9503f9cc9150e73dcb0a86ba6150657e5e4b11d988400bc633?s=96&d=mm&r=g","url":"https:\/\/secure.gravatar.com\/avatar\/c60b27b93851dc9503f9cc9150e73dcb0a86ba6150657e5e4b11d988400bc633?s=96&d=mm&r=g","contentUrl":"https:\/\/secure.gravatar.com\/avatar\/c60b27b93851dc9503f9cc9150e73dcb0a86ba6150657e5e4b11d988400bc633?s=96&d=mm&r=g","caption":"Fanny Pimentel"}}]}},"featured_media_src_url":"https:\/\/www.athome.lu\/blog\/wp-content\/uploads\/2025\/03\/Dimensions-banniere-Wordpress-1-1024x305.png","_links":{"self":[{"href":"https:\/\/www.athome.lu\/blog\/wp-json\/wp\/v2\/posts\/17263","targetHints":{"allow":["GET"]}}],"collection":[{"href":"https:\/\/www.athome.lu\/blog\/wp-json\/wp\/v2\/posts"}],"about":[{"href":"https:\/\/www.athome.lu\/blog\/wp-json\/wp\/v2\/types\/post"}],"author":[{"embeddable":true,"href":"https:\/\/www.athome.lu\/blog\/wp-json\/wp\/v2\/users\/17"}],"replies":[{"embeddable":true,"href":"https:\/\/www.athome.lu\/blog\/wp-json\/wp\/v2\/comments?post=17263"}],"version-history":[{"count":5,"href":"https:\/\/www.athome.lu\/blog\/wp-json\/wp\/v2\/posts\/17263\/revisions"}],"predecessor-version":[{"id":17308,"href":"https:\/\/www.athome.lu\/blog\/wp-json\/wp\/v2\/posts\/17263\/revisions\/17308"}],"wp:featuredmedia":[{"embeddable":true,"href":"https:\/\/www.athome.lu\/blog\/wp-json\/wp\/v2\/media\/17278"}],"wp:attachment":[{"href":"https:\/\/www.athome.lu\/blog\/wp-json\/wp\/v2\/media?parent=17263"}],"wp:term":[{"taxonomy":"category","embeddable":true,"href":"https:\/\/www.athome.lu\/blog\/wp-json\/wp\/v2\/categories?post=17263"},{"taxonomy":"post_tag","embeddable":true,"href":"https:\/\/www.athome.lu\/blog\/wp-json\/wp\/v2\/tags?post=17263"}],"curies":[{"name":"wp","href":"https:\/\/api.w.org\/{rel}","templated":true}]}}