{"id":17496,"date":"2025-06-05T08:00:05","date_gmt":"2025-06-05T06:00:05","guid":{"rendered":"https:\/\/www.athome.lu\/blog\/?p=17496"},"modified":"2025-06-30T16:03:48","modified_gmt":"2025-06-30T14:03:48","slug":"derniere-chance-pour-beneficier-des-aides-au-logement-au-luxembourg","status":"publish","type":"post","link":"https:\/\/www.athome.lu\/blog\/acheter\/derniere-chance-pour-beneficier-des-aides-au-logement-au-luxembourg\/","title":{"rendered":"Derni\u00e8re chance pour b\u00e9n\u00e9ficier des aides au logement au Luxembourg"},"content":{"rendered":"\n<p>Afin d\u2019anticiper un afflux important de demandes d\u2019ici la fin juin, le ministre des Finances a introduit une certaine souplesse : si la date limite du <strong>30 juin 2025<\/strong> reste en vigueur, il suffira que les acqu\u00e9reurs aient <strong>enregistr\u00e9 aupr\u00e8s de l\u2019Administration de l\u2019enregistrement, des domaines et de la TVA (AED)<\/strong>, <strong>soit un compromis de vente sign\u00e9<\/strong>, soit un <strong>contrat de r\u00e9servation pour un bien en \u00e9tat futur d\u2019ach\u00e8vement<\/strong> sign\u00e9 \u00e0 cette date.<\/p>\n\n\n\n<p>L\u2019acte notari\u00e9 officialisant l\u2019achat pourra ensuite \u00eatre sign\u00e9 entre le <strong>1er juillet et le 30 septembre 2025<\/strong>. Ce d\u00e9lai suppl\u00e9mentaire vise \u00e0 laisser aux banques et aux notaires le temps n\u00e9cessaire pour traiter les nombreuses demandes des acheteurs souhaitant profiter des dispositifs fiscaux.<\/p>\n\n\n\n<p><strong>\u2705 Quelles sont les aides concern\u00e9es ?<\/strong><\/p>\n\n\n\n<ul class=\"wp-block-list\">\n<li><strong>Cr\u00e9dit d\u2019imp\u00f4t pour investissement locatif<\/strong> : 20.000 \u20ac par personne pour les investissements dans le logement locatif.<\/li>\n\n\n\n<li><strong>R\u00e9duction de moiti\u00e9 de la base imposable<\/strong> : concernant les droits d\u2019enregistrement et de transcription.<\/li>\n\n\n\n<li><strong>Amortissement acc\u00e9l\u00e9r\u00e9 \u00e0 6 %<\/strong> : pour les investissements immobiliers.<\/li>\n\n\n\n<li><strong>Imposition r\u00e9duite des b\u00e9n\u00e9fices de cession<\/strong> : au quart du taux global.<\/li>\n\n\n\n<li><strong>Exon\u00e9ration de la plus-value<\/strong> : en cas de transfert vers des immeubles destin\u00e9s \u00e0 la gestion locative sociale ou des b\u00e2timents atteignant le niveau A+.<\/li>\n<\/ul>\n\n\n\n<p>Le cr\u00e9dit d\u2019imp\u00f4t \"B\u00ebllegen Akt\" pour l\u2019achat d\u2019une r\u00e9sidence principale n\u2019est pas soumis \u00e0 cette date limite. Ce dernier restera <strong>maintenu \u00e0 40.000 euros par personne<\/strong> <strong>au-del\u00e0 du 30 juin 2025<\/strong>.<\/p>\n\n\n\n<p><strong>\ud83c\udfe1 Comment atHome.lu peut vous aider ?<\/strong><\/p>\n\n\n\n<p>Chez<strong><a href=\"https:\/\/www.athome.lu\/\"> atHome.lu,<\/a><\/strong> nous vous accompagnons dans toutes les \u00e9tapes de votre projet immobilier. Profitez de notre plateforme pour trouver le bien qui correspond \u00e0 vos besoins et b\u00e9n\u00e9ficiez des aides fiscales avant leur expiration.<\/p>\n","protected":false},"excerpt":{"rendered":"<p>Afin d\u2019anticiper un afflux important de demandes d\u2019ici la fin juin, le ministre des Finances a introduit une certaine souplesse : si la date limite du 30 juin 2025 reste en vigueur, il suffira que les acqu\u00e9reurs aient enregistr\u00e9 aupr\u00e8s de l\u2019Administration de l\u2019enregistrement, des domaines et de la TVA (AED), soit un compromis de [&hellip;]<\/p>\n","protected":false},"author":17,"featured_media":13110,"comment_status":"closed","ping_status":"closed","sticky":false,"template":"","format":"standard","meta":{"_acf_changed":false,"footnotes":""},"categories":[3],"tags":[],"class_list":["post-17496","post","type-post","status-publish","format-standard","has-post-thumbnail","hentry","category-acheter"],"acf":[],"yoast_head":"<!-- This site is optimized with the Yoast SEO plugin v27.4 - https:\/\/yoast.com\/product\/yoast-seo-wordpress\/ -->\n<title>Derni\u00e8re chance pour b\u00e9n\u00e9ficier des aides au logement au Luxembourg - atHome Blog<\/title>\n<meta name=\"description\" content=\"Le dispositif d\u2019aides fiscales au logement reste en vigueur jusqu\u2019en septembre 2025 pour les compromis enregistr\u00e9s avant le 30 juin.\" \/>\n<meta name=\"robots\" content=\"index, follow, max-snippet:-1, max-image-preview:large, max-video-preview:-1\" \/>\n<link rel=\"canonical\" href=\"https:\/\/www.athome.lu\/blog\/acheter\/derniere-chance-pour-beneficier-des-aides-au-logement-au-luxembourg\/\" \/>\n<meta property=\"og:locale\" content=\"fr_FR\" \/>\n<meta property=\"og:type\" content=\"article\" \/>\n<meta property=\"og:title\" content=\"Derni\u00e8re chance pour b\u00e9n\u00e9ficier des aides au logement au Luxembourg - atHome Blog\" \/>\n<meta property=\"og:description\" content=\"Le dispositif d\u2019aides fiscales au logement reste en vigueur jusqu\u2019en septembre 2025 pour les compromis enregistr\u00e9s avant le 30 juin.\" \/>\n<meta property=\"og:url\" content=\"https:\/\/www.athome.lu\/blog\/acheter\/derniere-chance-pour-beneficier-des-aides-au-logement-au-luxembourg\/\" \/>\n<meta property=\"og:site_name\" content=\"atHome Blog\" \/>\n<meta property=\"article:publisher\" content=\"https:\/\/www.facebook.com\/atHome.lu\/\" \/>\n<meta property=\"article:published_time\" content=\"2025-06-05T06:00:05+00:00\" \/>\n<meta property=\"article:modified_time\" content=\"2025-06-30T14:03:48+00:00\" \/>\n<meta property=\"og:image\" content=\"https:\/\/www.athome.lu\/blog\/wp-content\/uploads\/2022\/06\/top-view-hands-and-stationery-items-scaled-1.jpg\" \/>\n\t<meta property=\"og:image:width\" content=\"2560\" \/>\n\t<meta property=\"og:image:height\" content=\"1709\" \/>\n\t<meta property=\"og:image:type\" content=\"image\/jpeg\" \/>\n<meta name=\"author\" content=\"Fanny Pimentel\" \/>\n<meta name=\"twitter:card\" content=\"summary_large_image\" \/>\n<meta name=\"twitter:creator\" content=\"@athomelu\" \/>\n<meta name=\"twitter:site\" content=\"@athomelu\" \/>\n<meta name=\"twitter:label1\" content=\"\u00c9crit par\" \/>\n\t<meta name=\"twitter:data1\" content=\"Fanny Pimentel\" \/>\n\t<meta name=\"twitter:label2\" content=\"Dur\u00e9e de lecture estim\u00e9e\" \/>\n\t<meta name=\"twitter:data2\" content=\"2 minutes\" \/>\n<script type=\"application\/ld+json\" class=\"yoast-schema-graph\">{\"@context\":\"https:\\\/\\\/schema.org\",\"@graph\":[{\"@type\":\"Article\",\"@id\":\"https:\\\/\\\/www.athome.lu\\\/blog\\\/acheter\\\/derniere-chance-pour-beneficier-des-aides-au-logement-au-luxembourg\\\/#article\",\"isPartOf\":{\"@id\":\"https:\\\/\\\/www.athome.lu\\\/blog\\\/acheter\\\/derniere-chance-pour-beneficier-des-aides-au-logement-au-luxembourg\\\/\"},\"author\":{\"name\":\"Fanny Pimentel\",\"@id\":\"https:\\\/\\\/www.athome.lu\\\/blog\\\/#\\\/schema\\\/person\\\/47f7a38089f837e792876ceddc4cb2dc\"},\"headline\":\"Derni\u00e8re chance pour b\u00e9n\u00e9ficier des aides au logement au Luxembourg\",\"datePublished\":\"2025-06-05T06:00:05+00:00\",\"dateModified\":\"2025-06-30T14:03:48+00:00\",\"mainEntityOfPage\":{\"@id\":\"https:\\\/\\\/www.athome.lu\\\/blog\\\/acheter\\\/derniere-chance-pour-beneficier-des-aides-au-logement-au-luxembourg\\\/\"},\"wordCount\":299,\"image\":{\"@id\":\"https:\\\/\\\/www.athome.lu\\\/blog\\\/acheter\\\/derniere-chance-pour-beneficier-des-aides-au-logement-au-luxembourg\\\/#primaryimage\"},\"thumbnailUrl\":\"https:\\\/\\\/www.athome.lu\\\/blog\\\/wp-content\\\/uploads\\\/2022\\\/06\\\/top-view-hands-and-stationery-items-scaled-1.jpg\",\"articleSection\":[\"Acheter\"],\"inLanguage\":\"fr-FR\"},{\"@type\":\"WebPage\",\"@id\":\"https:\\\/\\\/www.athome.lu\\\/blog\\\/acheter\\\/derniere-chance-pour-beneficier-des-aides-au-logement-au-luxembourg\\\/\",\"url\":\"https:\\\/\\\/www.athome.lu\\\/blog\\\/acheter\\\/derniere-chance-pour-beneficier-des-aides-au-logement-au-luxembourg\\\/\",\"name\":\"Derni\u00e8re chance pour b\u00e9n\u00e9ficier des aides au logement au Luxembourg - atHome Blog\",\"isPartOf\":{\"@id\":\"https:\\\/\\\/www.athome.lu\\\/blog\\\/#website\"},\"primaryImageOfPage\":{\"@id\":\"https:\\\/\\\/www.athome.lu\\\/blog\\\/acheter\\\/derniere-chance-pour-beneficier-des-aides-au-logement-au-luxembourg\\\/#primaryimage\"},\"image\":{\"@id\":\"https:\\\/\\\/www.athome.lu\\\/blog\\\/acheter\\\/derniere-chance-pour-beneficier-des-aides-au-logement-au-luxembourg\\\/#primaryimage\"},\"thumbnailUrl\":\"https:\\\/\\\/www.athome.lu\\\/blog\\\/wp-content\\\/uploads\\\/2022\\\/06\\\/top-view-hands-and-stationery-items-scaled-1.jpg\",\"datePublished\":\"2025-06-05T06:00:05+00:00\",\"dateModified\":\"2025-06-30T14:03:48+00:00\",\"author\":{\"@id\":\"https:\\\/\\\/www.athome.lu\\\/blog\\\/#\\\/schema\\\/person\\\/47f7a38089f837e792876ceddc4cb2dc\"},\"description\":\"Le dispositif d\u2019aides fiscales au logement reste en vigueur jusqu\u2019en septembre 2025 pour les compromis enregistr\u00e9s avant le 30 juin.\",\"breadcrumb\":{\"@id\":\"https:\\\/\\\/www.athome.lu\\\/blog\\\/acheter\\\/derniere-chance-pour-beneficier-des-aides-au-logement-au-luxembourg\\\/#breadcrumb\"},\"inLanguage\":\"fr-FR\",\"potentialAction\":[{\"@type\":\"ReadAction\",\"target\":[\"https:\\\/\\\/www.athome.lu\\\/blog\\\/acheter\\\/derniere-chance-pour-beneficier-des-aides-au-logement-au-luxembourg\\\/\"]}]},{\"@type\":\"ImageObject\",\"inLanguage\":\"fr-FR\",\"@id\":\"https:\\\/\\\/www.athome.lu\\\/blog\\\/acheter\\\/derniere-chance-pour-beneficier-des-aides-au-logement-au-luxembourg\\\/#primaryimage\",\"url\":\"https:\\\/\\\/www.athome.lu\\\/blog\\\/wp-content\\\/uploads\\\/2022\\\/06\\\/top-view-hands-and-stationery-items-scaled-1.jpg\",\"contentUrl\":\"https:\\\/\\\/www.athome.lu\\\/blog\\\/wp-content\\\/uploads\\\/2022\\\/06\\\/top-view-hands-and-stationery-items-scaled-1.jpg\",\"width\":2560,\"height\":1709},{\"@type\":\"BreadcrumbList\",\"@id\":\"https:\\\/\\\/www.athome.lu\\\/blog\\\/acheter\\\/derniere-chance-pour-beneficier-des-aides-au-logement-au-luxembourg\\\/#breadcrumb\",\"itemListElement\":[{\"@type\":\"ListItem\",\"position\":1,\"name\":\"Accueil\",\"item\":\"https:\\\/\\\/www.athome.lu\\\/blog\\\/\"},{\"@type\":\"ListItem\",\"position\":2,\"name\":\"Acheter\",\"item\":\"https:\\\/\\\/www.athome.lu\\\/blog\\\/en\\\/category\\\/buy\\\/\"},{\"@type\":\"ListItem\",\"position\":3,\"name\":\"Derni\u00e8re chance pour b\u00e9n\u00e9ficier des aides au logement au Luxembourg\"}]},{\"@type\":\"WebSite\",\"@id\":\"https:\\\/\\\/www.athome.lu\\\/blog\\\/#website\",\"url\":\"https:\\\/\\\/www.athome.lu\\\/blog\\\/\",\"name\":\"atHome Blog\",\"description\":\"Annonces immobili\u00e8res au Luxembourg. Le portail immobilier n\u00b01 au Luxembourg.\",\"potentialAction\":[{\"@type\":\"SearchAction\",\"target\":{\"@type\":\"EntryPoint\",\"urlTemplate\":\"https:\\\/\\\/www.athome.lu\\\/blog\\\/?s={search_term_string}\"},\"query-input\":{\"@type\":\"PropertyValueSpecification\",\"valueRequired\":true,\"valueName\":\"search_term_string\"}}],\"inLanguage\":\"fr-FR\"},{\"@type\":\"Person\",\"@id\":\"https:\\\/\\\/www.athome.lu\\\/blog\\\/#\\\/schema\\\/person\\\/47f7a38089f837e792876ceddc4cb2dc\",\"name\":\"Fanny Pimentel\",\"image\":{\"@type\":\"ImageObject\",\"inLanguage\":\"fr-FR\",\"@id\":\"https:\\\/\\\/secure.gravatar.com\\\/avatar\\\/c60b27b93851dc9503f9cc9150e73dcb0a86ba6150657e5e4b11d988400bc633?s=96&d=mm&r=g\",\"url\":\"https:\\\/\\\/secure.gravatar.com\\\/avatar\\\/c60b27b93851dc9503f9cc9150e73dcb0a86ba6150657e5e4b11d988400bc633?s=96&d=mm&r=g\",\"contentUrl\":\"https:\\\/\\\/secure.gravatar.com\\\/avatar\\\/c60b27b93851dc9503f9cc9150e73dcb0a86ba6150657e5e4b11d988400bc633?s=96&d=mm&r=g\",\"caption\":\"Fanny Pimentel\"}}]}<\/script>\n<!-- \/ Yoast SEO plugin. -->","yoast_head_json":{"title":"Derni\u00e8re chance pour b\u00e9n\u00e9ficier des aides au logement au Luxembourg - atHome Blog","description":"Le dispositif d\u2019aides fiscales au logement reste en vigueur jusqu\u2019en septembre 2025 pour les compromis enregistr\u00e9s avant le 30 juin.","robots":{"index":"index","follow":"follow","max-snippet":"max-snippet:-1","max-image-preview":"max-image-preview:large","max-video-preview":"max-video-preview:-1"},"canonical":"https:\/\/www.athome.lu\/blog\/acheter\/derniere-chance-pour-beneficier-des-aides-au-logement-au-luxembourg\/","og_locale":"fr_FR","og_type":"article","og_title":"Derni\u00e8re chance pour b\u00e9n\u00e9ficier des aides au logement au Luxembourg - atHome Blog","og_description":"Le dispositif d\u2019aides fiscales au logement reste en vigueur jusqu\u2019en septembre 2025 pour les compromis enregistr\u00e9s avant le 30 juin.","og_url":"https:\/\/www.athome.lu\/blog\/acheter\/derniere-chance-pour-beneficier-des-aides-au-logement-au-luxembourg\/","og_site_name":"atHome Blog","article_publisher":"https:\/\/www.facebook.com\/atHome.lu\/","article_published_time":"2025-06-05T06:00:05+00:00","article_modified_time":"2025-06-30T14:03:48+00:00","og_image":[{"width":2560,"height":1709,"url":"https:\/\/www.athome.lu\/blog\/wp-content\/uploads\/2022\/06\/top-view-hands-and-stationery-items-scaled-1.jpg","type":"image\/jpeg"}],"author":"Fanny Pimentel","twitter_card":"summary_large_image","twitter_creator":"@athomelu","twitter_site":"@athomelu","twitter_misc":{"\u00c9crit par":"Fanny Pimentel","Dur\u00e9e de lecture estim\u00e9e":"2 minutes"},"schema":{"@context":"https:\/\/schema.org","@graph":[{"@type":"Article","@id":"https:\/\/www.athome.lu\/blog\/acheter\/derniere-chance-pour-beneficier-des-aides-au-logement-au-luxembourg\/#article","isPartOf":{"@id":"https:\/\/www.athome.lu\/blog\/acheter\/derniere-chance-pour-beneficier-des-aides-au-logement-au-luxembourg\/"},"author":{"name":"Fanny Pimentel","@id":"https:\/\/www.athome.lu\/blog\/#\/schema\/person\/47f7a38089f837e792876ceddc4cb2dc"},"headline":"Derni\u00e8re chance pour b\u00e9n\u00e9ficier des aides au logement au Luxembourg","datePublished":"2025-06-05T06:00:05+00:00","dateModified":"2025-06-30T14:03:48+00:00","mainEntityOfPage":{"@id":"https:\/\/www.athome.lu\/blog\/acheter\/derniere-chance-pour-beneficier-des-aides-au-logement-au-luxembourg\/"},"wordCount":299,"image":{"@id":"https:\/\/www.athome.lu\/blog\/acheter\/derniere-chance-pour-beneficier-des-aides-au-logement-au-luxembourg\/#primaryimage"},"thumbnailUrl":"https:\/\/www.athome.lu\/blog\/wp-content\/uploads\/2022\/06\/top-view-hands-and-stationery-items-scaled-1.jpg","articleSection":["Acheter"],"inLanguage":"fr-FR"},{"@type":"WebPage","@id":"https:\/\/www.athome.lu\/blog\/acheter\/derniere-chance-pour-beneficier-des-aides-au-logement-au-luxembourg\/","url":"https:\/\/www.athome.lu\/blog\/acheter\/derniere-chance-pour-beneficier-des-aides-au-logement-au-luxembourg\/","name":"Derni\u00e8re chance pour b\u00e9n\u00e9ficier des aides au logement au Luxembourg - atHome Blog","isPartOf":{"@id":"https:\/\/www.athome.lu\/blog\/#website"},"primaryImageOfPage":{"@id":"https:\/\/www.athome.lu\/blog\/acheter\/derniere-chance-pour-beneficier-des-aides-au-logement-au-luxembourg\/#primaryimage"},"image":{"@id":"https:\/\/www.athome.lu\/blog\/acheter\/derniere-chance-pour-beneficier-des-aides-au-logement-au-luxembourg\/#primaryimage"},"thumbnailUrl":"https:\/\/www.athome.lu\/blog\/wp-content\/uploads\/2022\/06\/top-view-hands-and-stationery-items-scaled-1.jpg","datePublished":"2025-06-05T06:00:05+00:00","dateModified":"2025-06-30T14:03:48+00:00","author":{"@id":"https:\/\/www.athome.lu\/blog\/#\/schema\/person\/47f7a38089f837e792876ceddc4cb2dc"},"description":"Le dispositif d\u2019aides fiscales au logement reste en vigueur jusqu\u2019en septembre 2025 pour les compromis enregistr\u00e9s avant le 30 juin.","breadcrumb":{"@id":"https:\/\/www.athome.lu\/blog\/acheter\/derniere-chance-pour-beneficier-des-aides-au-logement-au-luxembourg\/#breadcrumb"},"inLanguage":"fr-FR","potentialAction":[{"@type":"ReadAction","target":["https:\/\/www.athome.lu\/blog\/acheter\/derniere-chance-pour-beneficier-des-aides-au-logement-au-luxembourg\/"]}]},{"@type":"ImageObject","inLanguage":"fr-FR","@id":"https:\/\/www.athome.lu\/blog\/acheter\/derniere-chance-pour-beneficier-des-aides-au-logement-au-luxembourg\/#primaryimage","url":"https:\/\/www.athome.lu\/blog\/wp-content\/uploads\/2022\/06\/top-view-hands-and-stationery-items-scaled-1.jpg","contentUrl":"https:\/\/www.athome.lu\/blog\/wp-content\/uploads\/2022\/06\/top-view-hands-and-stationery-items-scaled-1.jpg","width":2560,"height":1709},{"@type":"BreadcrumbList","@id":"https:\/\/www.athome.lu\/blog\/acheter\/derniere-chance-pour-beneficier-des-aides-au-logement-au-luxembourg\/#breadcrumb","itemListElement":[{"@type":"ListItem","position":1,"name":"Accueil","item":"https:\/\/www.athome.lu\/blog\/"},{"@type":"ListItem","position":2,"name":"Acheter","item":"https:\/\/www.athome.lu\/blog\/en\/category\/buy\/"},{"@type":"ListItem","position":3,"name":"Derni\u00e8re chance pour b\u00e9n\u00e9ficier des aides au logement au Luxembourg"}]},{"@type":"WebSite","@id":"https:\/\/www.athome.lu\/blog\/#website","url":"https:\/\/www.athome.lu\/blog\/","name":"atHome Blog","description":"Annonces immobili\u00e8res au Luxembourg. Le portail immobilier n\u00b01 au Luxembourg.","potentialAction":[{"@type":"SearchAction","target":{"@type":"EntryPoint","urlTemplate":"https:\/\/www.athome.lu\/blog\/?s={search_term_string}"},"query-input":{"@type":"PropertyValueSpecification","valueRequired":true,"valueName":"search_term_string"}}],"inLanguage":"fr-FR"},{"@type":"Person","@id":"https:\/\/www.athome.lu\/blog\/#\/schema\/person\/47f7a38089f837e792876ceddc4cb2dc","name":"Fanny Pimentel","image":{"@type":"ImageObject","inLanguage":"fr-FR","@id":"https:\/\/secure.gravatar.com\/avatar\/c60b27b93851dc9503f9cc9150e73dcb0a86ba6150657e5e4b11d988400bc633?s=96&d=mm&r=g","url":"https:\/\/secure.gravatar.com\/avatar\/c60b27b93851dc9503f9cc9150e73dcb0a86ba6150657e5e4b11d988400bc633?s=96&d=mm&r=g","contentUrl":"https:\/\/secure.gravatar.com\/avatar\/c60b27b93851dc9503f9cc9150e73dcb0a86ba6150657e5e4b11d988400bc633?s=96&d=mm&r=g","caption":"Fanny Pimentel"}}]}},"featured_media_src_url":"https:\/\/www.athome.lu\/blog\/wp-content\/uploads\/2022\/06\/top-view-hands-and-stationery-items-scaled-1-1024x684.jpg","_links":{"self":[{"href":"https:\/\/www.athome.lu\/blog\/wp-json\/wp\/v2\/posts\/17496","targetHints":{"allow":["GET"]}}],"collection":[{"href":"https:\/\/www.athome.lu\/blog\/wp-json\/wp\/v2\/posts"}],"about":[{"href":"https:\/\/www.athome.lu\/blog\/wp-json\/wp\/v2\/types\/post"}],"author":[{"embeddable":true,"href":"https:\/\/www.athome.lu\/blog\/wp-json\/wp\/v2\/users\/17"}],"replies":[{"embeddable":true,"href":"https:\/\/www.athome.lu\/blog\/wp-json\/wp\/v2\/comments?post=17496"}],"version-history":[{"count":3,"href":"https:\/\/www.athome.lu\/blog\/wp-json\/wp\/v2\/posts\/17496\/revisions"}],"predecessor-version":[{"id":17517,"href":"https:\/\/www.athome.lu\/blog\/wp-json\/wp\/v2\/posts\/17496\/revisions\/17517"}],"wp:featuredmedia":[{"embeddable":true,"href":"https:\/\/www.athome.lu\/blog\/wp-json\/wp\/v2\/media\/13110"}],"wp:attachment":[{"href":"https:\/\/www.athome.lu\/blog\/wp-json\/wp\/v2\/media?parent=17496"}],"wp:term":[{"taxonomy":"category","embeddable":true,"href":"https:\/\/www.athome.lu\/blog\/wp-json\/wp\/v2\/categories?post=17496"},{"taxonomy":"post_tag","embeddable":true,"href":"https:\/\/www.athome.lu\/blog\/wp-json\/wp\/v2\/tags?post=17496"}],"curies":[{"name":"wp","href":"https:\/\/api.w.org\/{rel}","templated":true}]}}