{"id":17611,"date":"2025-07-16T12:00:00","date_gmt":"2025-07-16T10:00:00","guid":{"rendered":"https:\/\/www.athome.lu\/blog\/?p=17611"},"modified":"2025-07-21T10:37:15","modified_gmt":"2025-07-21T08:37:15","slug":"focus-sur-le-quartier-de-la-cloche-dor","status":"publish","type":"post","link":"https:\/\/www.athome.lu\/blog\/acheter\/demenager\/focus-sur-le-quartier-de-la-cloche-dor\/","title":{"rendered":"Focus sur le quartier de la Cloche d'Or"},"content":{"rendered":"\n<p><\/p>\n\n\n\n<p>Situ\u00e9e au sud de Luxembourg-ville, la Cloche d\u2019Or s\u2019est impos\u00e9e en quelques ann\u00e9es comme l\u2019un des quartiers les plus dynamiques du pays. \u00c0 la fois r\u00e9sidentiel, tertiaire et commer\u00e7ant, il s\u00e9duit autant les familles que les jeunes actifs ou les investisseurs.<\/p>\n\n\n\n<h2 class=\"wp-block-heading\">Une localisation strat\u00e9gique, au c\u0153ur des connexions \ud83d\uddfa\ufe0f<\/h2>\n\n\n\n<p>Ce qui fait d\u2019abord la force de la Cloche d\u2019Or, c\u2019est sa position id\u00e9ale. En bordure imm\u00e9diate du centre-ville, \u00e0 quelques minutes de la gare et parfaitement desservie par le tram et les lignes de bus, elle offre une accessibilit\u00e9 remarquable.<\/p>\n\n\n\n<p>Les autoroutes A3 et A1 permettent de rejoindre rapidement la France ou l\u2019Allemagne, renfor\u00e7ant encore l\u2019attrait du quartier. Et pour les familles, la proximit\u00e9 du Lyc\u00e9e Vauban, tr\u00e8s pris\u00e9, est un vrai plus.<\/p>\n\n\n\n<h2 class=\"wp-block-heading\">Un cadre de vie pens\u00e9 pour le quotidien \ud83c\udfd9\ufe0f<\/h2>\n\n\n\n<p>Vivre \u00e0 la Cloche d\u2019Or, c\u2019est profiter d\u2019un environnement o\u00f9 tout est \u00e0 port\u00e9e de main. Le centre commercial du m\u00eame nom, avec plus de 100 enseignes, attire autant les riverains que les visiteurs.<\/p>\n\n\n\n<p>Restaurants, caf\u00e9s, services de proximit\u00e9, cr\u00e8ches, \u00e9coles, bureaux\u2026 Ici, la vie se fait \u00e0 pied, sans compromis entre confort et modernit\u00e9.<\/p>\n\n\n\n<h2 class=\"wp-block-heading\">Une vraie respiration au c\u0153ur de la ville \ud83c\udf3f<\/h2>\n\n\n\n<p>Malgr\u00e9 son dynamisme urbain, la Cloche d\u2019Or n\u2019a rien sacrifi\u00e9 \u00e0 la qualit\u00e9 de vie. Le parc de Gasperich s\u2019\u00e9tend sur 16 hectares, avec des aires de jeux, des plans d\u2019eau, et des espaces pour le sport.<\/p>\n\n\n\n<p>Des pistes cyclables et pi\u00e9tonnes relient facilement les diff\u00e9rents p\u00f4les du quartier. C\u2019est l\u2019un des secteurs les plus verts de la capitale.<\/p>\n\n\n\n<h2 class=\"wp-block-heading\">Immobilier : un march\u00e9 en mouvement \ud83c\udfe1<\/h2>\n\n\n\n<p>La Cloche d\u2019Or propose une offre majoritairement neuve, \u00e0 l\u2019architecture contemporaine et aux hautes performances \u00e9nerg\u00e9tiques. Du studio au penthouse, les biens sont vari\u00e9s et adapt\u00e9s \u00e0 tous les profils. Le secteur est \u00e9galement tr\u00e8s attractif \u00e0 la location, gr\u00e2ce \u00e0 la proximit\u00e9 des bureaux et du Lyc\u00e9e Vauban.<\/p>\n\n\n\n<p>\ud83d\udd0d D\u00e9couvrez notre s\u00e9lection de biens disponibles en vente \u00e0 la Cloche d\u2019Or sur <a href=\"https:\/\/www.athome.lu\/srp\/?tr=buy&amp;q=5c12d5b4\"><strong>atHome.lu<\/strong><\/a><\/p>\n\n\n\n<h2 class=\"wp-block-heading\">Un p\u00f4le \u00e9conomique en pleine effervescence \ud83d\ude80<\/h2>\n\n\n\n<p>Ce quartier accueille d\u00e9j\u00e0 les si\u00e8ges de grandes entreprises comme PwC, Deloitte ou m\u00eame atHomeGroup, et continue de se d\u00e9velopper. De nouveaux projets tertiaires y voient le jour, ouvrant la voie \u00e0 toujours plus d\u2019opportunit\u00e9s pour les actifs et les investisseurs.<\/p>\n\n\n\n<h2 class=\"wp-block-heading\">Pourquoi choisir la Cloche d\u2019Or ? \ud83d\udcac<\/h2>\n\n\n\n<p>Parce qu\u2019elle simplifie le quotidien, allie vie urbaine et espaces verts, et repr\u00e9sente une valeur s\u00fbre pour l\u2019avenir. Moderne, connect\u00e9e, durable\u2026 la Cloche d\u2019Or est bien plus qu\u2019un quartier.<\/p>\n\n\n\n<p>Et si c\u2019\u00e9tait ici que tout commen\u00e7ait ? \ud83c\udf1f<\/p>\n\n\n\n<p><\/p>\n","protected":false},"excerpt":{"rendered":"<p>Situ\u00e9e au sud de Luxembourg-ville, la Cloche d\u2019Or s\u2019est impos\u00e9e en quelques ann\u00e9es comme l\u2019un des quartiers les plus dynamiques du pays. \u00c0 la fois r\u00e9sidentiel, tertiaire et commer\u00e7ant, il s\u00e9duit autant les familles que les jeunes actifs ou les investisseurs. Une localisation strat\u00e9gique, au c\u0153ur des connexions \ud83d\uddfa\ufe0f Ce qui fait d\u2019abord la force [&hellip;]<\/p>\n","protected":false},"author":19,"featured_media":17682,"comment_status":"closed","ping_status":"closed","sticky":false,"template":"","format":"standard","meta":{"_acf_changed":false,"footnotes":""},"categories":[65],"tags":[],"class_list":["post-17611","post","type-post","status-publish","format-standard","has-post-thumbnail","hentry","category-demenager"],"acf":[],"yoast_head":"<!-- This site is optimized with the Yoast SEO plugin v27.4 - https:\/\/yoast.com\/product\/yoast-seo-wordpress\/ -->\n<title>Focus sur le quartier de la Cloche d&#039;Or - atHome Blog<\/title>\n<meta name=\"robots\" content=\"index, follow, max-snippet:-1, max-image-preview:large, max-video-preview:-1\" \/>\n<link rel=\"canonical\" href=\"https:\/\/www.athome.lu\/blog\/acheter\/demenager\/focus-sur-le-quartier-de-la-cloche-dor\/\" \/>\n<meta property=\"og:locale\" content=\"fr_FR\" \/>\n<meta property=\"og:type\" content=\"article\" \/>\n<meta property=\"og:title\" content=\"Focus sur le quartier de la Cloche d&#039;Or - atHome Blog\" \/>\n<meta property=\"og:description\" content=\"Situ\u00e9e au sud de Luxembourg-ville, la Cloche d\u2019Or s\u2019est impos\u00e9e en quelques ann\u00e9es comme l\u2019un des quartiers les plus dynamiques du pays. \u00c0 la fois r\u00e9sidentiel, tertiaire et commer\u00e7ant, il s\u00e9duit autant les familles que les jeunes actifs ou les investisseurs. Une localisation strat\u00e9gique, au c\u0153ur des connexions \ud83d\uddfa\ufe0f Ce qui fait d\u2019abord la force [&hellip;]\" \/>\n<meta property=\"og:url\" content=\"https:\/\/www.athome.lu\/blog\/acheter\/demenager\/focus-sur-le-quartier-de-la-cloche-dor\/\" \/>\n<meta property=\"og:site_name\" content=\"atHome Blog\" \/>\n<meta property=\"article:publisher\" content=\"https:\/\/www.facebook.com\/atHome.lu\/\" \/>\n<meta property=\"article:published_time\" content=\"2025-07-16T10:00:00+00:00\" \/>\n<meta property=\"article:modified_time\" content=\"2025-07-21T08:37:15+00:00\" \/>\n<meta property=\"og:image\" content=\"https:\/\/www.athome.lu\/blog\/wp-content\/uploads\/2025\/07\/Wordpress-dimensions-banniere-4-1024x305.png\" \/>\n\t<meta property=\"og:image:width\" content=\"1024\" \/>\n\t<meta property=\"og:image:height\" content=\"305\" \/>\n\t<meta property=\"og:image:type\" content=\"image\/png\" \/>\n<meta name=\"author\" content=\"atHome.lu\" \/>\n<meta name=\"twitter:card\" content=\"summary_large_image\" \/>\n<meta name=\"twitter:creator\" content=\"@athomelu\" \/>\n<meta name=\"twitter:site\" content=\"@athomelu\" \/>\n<meta name=\"twitter:label1\" content=\"\u00c9crit par\" \/>\n\t<meta name=\"twitter:data1\" content=\"atHome.lu\" \/>\n\t<meta name=\"twitter:label2\" content=\"Dur\u00e9e de lecture estim\u00e9e\" \/>\n\t<meta name=\"twitter:data2\" content=\"3 minutes\" \/>\n<script type=\"application\/ld+json\" class=\"yoast-schema-graph\">{\"@context\":\"https:\\\/\\\/schema.org\",\"@graph\":[{\"@type\":\"Article\",\"@id\":\"https:\\\/\\\/www.athome.lu\\\/blog\\\/acheter\\\/demenager\\\/focus-sur-le-quartier-de-la-cloche-dor\\\/#article\",\"isPartOf\":{\"@id\":\"https:\\\/\\\/www.athome.lu\\\/blog\\\/acheter\\\/demenager\\\/focus-sur-le-quartier-de-la-cloche-dor\\\/\"},\"author\":{\"name\":\"atHome.lu\",\"@id\":\"https:\\\/\\\/www.athome.lu\\\/blog\\\/#\\\/schema\\\/person\\\/6b0cae19a94059156faf7f0ce969b4a0\"},\"headline\":\"Focus sur le quartier de la Cloche d'Or\",\"datePublished\":\"2025-07-16T10:00:00+00:00\",\"dateModified\":\"2025-07-21T08:37:15+00:00\",\"mainEntityOfPage\":{\"@id\":\"https:\\\/\\\/www.athome.lu\\\/blog\\\/acheter\\\/demenager\\\/focus-sur-le-quartier-de-la-cloche-dor\\\/\"},\"wordCount\":469,\"image\":{\"@id\":\"https:\\\/\\\/www.athome.lu\\\/blog\\\/acheter\\\/demenager\\\/focus-sur-le-quartier-de-la-cloche-dor\\\/#primaryimage\"},\"thumbnailUrl\":\"https:\\\/\\\/www.athome.lu\\\/blog\\\/wp-content\\\/uploads\\\/2025\\\/07\\\/Wordpress-dimensions-banniere-4-scaled.png\",\"articleSection\":[\"D\u00e9m\u00e9nager\"],\"inLanguage\":\"fr-FR\"},{\"@type\":\"WebPage\",\"@id\":\"https:\\\/\\\/www.athome.lu\\\/blog\\\/acheter\\\/demenager\\\/focus-sur-le-quartier-de-la-cloche-dor\\\/\",\"url\":\"https:\\\/\\\/www.athome.lu\\\/blog\\\/acheter\\\/demenager\\\/focus-sur-le-quartier-de-la-cloche-dor\\\/\",\"name\":\"Focus sur le quartier de la Cloche d'Or - atHome Blog\",\"isPartOf\":{\"@id\":\"https:\\\/\\\/www.athome.lu\\\/blog\\\/#website\"},\"primaryImageOfPage\":{\"@id\":\"https:\\\/\\\/www.athome.lu\\\/blog\\\/acheter\\\/demenager\\\/focus-sur-le-quartier-de-la-cloche-dor\\\/#primaryimage\"},\"image\":{\"@id\":\"https:\\\/\\\/www.athome.lu\\\/blog\\\/acheter\\\/demenager\\\/focus-sur-le-quartier-de-la-cloche-dor\\\/#primaryimage\"},\"thumbnailUrl\":\"https:\\\/\\\/www.athome.lu\\\/blog\\\/wp-content\\\/uploads\\\/2025\\\/07\\\/Wordpress-dimensions-banniere-4-scaled.png\",\"datePublished\":\"2025-07-16T10:00:00+00:00\",\"dateModified\":\"2025-07-21T08:37:15+00:00\",\"author\":{\"@id\":\"https:\\\/\\\/www.athome.lu\\\/blog\\\/#\\\/schema\\\/person\\\/6b0cae19a94059156faf7f0ce969b4a0\"},\"breadcrumb\":{\"@id\":\"https:\\\/\\\/www.athome.lu\\\/blog\\\/acheter\\\/demenager\\\/focus-sur-le-quartier-de-la-cloche-dor\\\/#breadcrumb\"},\"inLanguage\":\"fr-FR\",\"potentialAction\":[{\"@type\":\"ReadAction\",\"target\":[\"https:\\\/\\\/www.athome.lu\\\/blog\\\/acheter\\\/demenager\\\/focus-sur-le-quartier-de-la-cloche-dor\\\/\"]}]},{\"@type\":\"ImageObject\",\"inLanguage\":\"fr-FR\",\"@id\":\"https:\\\/\\\/www.athome.lu\\\/blog\\\/acheter\\\/demenager\\\/focus-sur-le-quartier-de-la-cloche-dor\\\/#primaryimage\",\"url\":\"https:\\\/\\\/www.athome.lu\\\/blog\\\/wp-content\\\/uploads\\\/2025\\\/07\\\/Wordpress-dimensions-banniere-4-scaled.png\",\"contentUrl\":\"https:\\\/\\\/www.athome.lu\\\/blog\\\/wp-content\\\/uploads\\\/2025\\\/07\\\/Wordpress-dimensions-banniere-4-scaled.png\",\"width\":2560,\"height\":763},{\"@type\":\"BreadcrumbList\",\"@id\":\"https:\\\/\\\/www.athome.lu\\\/blog\\\/acheter\\\/demenager\\\/focus-sur-le-quartier-de-la-cloche-dor\\\/#breadcrumb\",\"itemListElement\":[{\"@type\":\"ListItem\",\"position\":1,\"name\":\"Accueil\",\"item\":\"https:\\\/\\\/www.athome.lu\\\/blog\\\/\"},{\"@type\":\"ListItem\",\"position\":2,\"name\":\"Acheter\",\"item\":\"https:\\\/\\\/www.athome.lu\\\/blog\\\/en\\\/category\\\/buy\\\/\"},{\"@type\":\"ListItem\",\"position\":3,\"name\":\"D\u00e9m\u00e9nager\",\"item\":\"https:\\\/\\\/www.athome.lu\\\/blog\\\/category\\\/acheter\\\/demenager\\\/\"},{\"@type\":\"ListItem\",\"position\":4,\"name\":\"Focus sur le quartier de la Cloche d'Or\"}]},{\"@type\":\"WebSite\",\"@id\":\"https:\\\/\\\/www.athome.lu\\\/blog\\\/#website\",\"url\":\"https:\\\/\\\/www.athome.lu\\\/blog\\\/\",\"name\":\"atHome Blog\",\"description\":\"Annonces immobili\u00e8res au Luxembourg. Le portail immobilier n\u00b01 au Luxembourg.\",\"potentialAction\":[{\"@type\":\"SearchAction\",\"target\":{\"@type\":\"EntryPoint\",\"urlTemplate\":\"https:\\\/\\\/www.athome.lu\\\/blog\\\/?s={search_term_string}\"},\"query-input\":{\"@type\":\"PropertyValueSpecification\",\"valueRequired\":true,\"valueName\":\"search_term_string\"}}],\"inLanguage\":\"fr-FR\"},{\"@type\":\"Person\",\"@id\":\"https:\\\/\\\/www.athome.lu\\\/blog\\\/#\\\/schema\\\/person\\\/6b0cae19a94059156faf7f0ce969b4a0\",\"name\":\"atHome.lu\",\"image\":{\"@type\":\"ImageObject\",\"inLanguage\":\"fr-FR\",\"@id\":\"https:\\\/\\\/secure.gravatar.com\\\/avatar\\\/aaf3e502d7787af3ce4793c226e9640b6ab8f2b336039142fc34b438e2e085e8?s=96&d=mm&r=g\",\"url\":\"https:\\\/\\\/secure.gravatar.com\\\/avatar\\\/aaf3e502d7787af3ce4793c226e9640b6ab8f2b336039142fc34b438e2e085e8?s=96&d=mm&r=g\",\"contentUrl\":\"https:\\\/\\\/secure.gravatar.com\\\/avatar\\\/aaf3e502d7787af3ce4793c226e9640b6ab8f2b336039142fc34b438e2e085e8?s=96&d=mm&r=g\",\"caption\":\"atHome.lu\"}}]}<\/script>\n<!-- \/ Yoast SEO plugin. -->","yoast_head_json":{"title":"Focus sur le quartier de la Cloche d'Or - atHome Blog","robots":{"index":"index","follow":"follow","max-snippet":"max-snippet:-1","max-image-preview":"max-image-preview:large","max-video-preview":"max-video-preview:-1"},"canonical":"https:\/\/www.athome.lu\/blog\/acheter\/demenager\/focus-sur-le-quartier-de-la-cloche-dor\/","og_locale":"fr_FR","og_type":"article","og_title":"Focus sur le quartier de la Cloche d'Or - atHome Blog","og_description":"Situ\u00e9e au sud de Luxembourg-ville, la Cloche d\u2019Or s\u2019est impos\u00e9e en quelques ann\u00e9es comme l\u2019un des quartiers les plus dynamiques du pays. \u00c0 la fois r\u00e9sidentiel, tertiaire et commer\u00e7ant, il s\u00e9duit autant les familles que les jeunes actifs ou les investisseurs. Une localisation strat\u00e9gique, au c\u0153ur des connexions \ud83d\uddfa\ufe0f Ce qui fait d\u2019abord la force [&hellip;]","og_url":"https:\/\/www.athome.lu\/blog\/acheter\/demenager\/focus-sur-le-quartier-de-la-cloche-dor\/","og_site_name":"atHome Blog","article_publisher":"https:\/\/www.facebook.com\/atHome.lu\/","article_published_time":"2025-07-16T10:00:00+00:00","article_modified_time":"2025-07-21T08:37:15+00:00","og_image":[{"width":1024,"height":305,"url":"https:\/\/www.athome.lu\/blog\/wp-content\/uploads\/2025\/07\/Wordpress-dimensions-banniere-4-1024x305.png","type":"image\/png"}],"author":"atHome.lu","twitter_card":"summary_large_image","twitter_creator":"@athomelu","twitter_site":"@athomelu","twitter_misc":{"\u00c9crit par":"atHome.lu","Dur\u00e9e de lecture estim\u00e9e":"3 minutes"},"schema":{"@context":"https:\/\/schema.org","@graph":[{"@type":"Article","@id":"https:\/\/www.athome.lu\/blog\/acheter\/demenager\/focus-sur-le-quartier-de-la-cloche-dor\/#article","isPartOf":{"@id":"https:\/\/www.athome.lu\/blog\/acheter\/demenager\/focus-sur-le-quartier-de-la-cloche-dor\/"},"author":{"name":"atHome.lu","@id":"https:\/\/www.athome.lu\/blog\/#\/schema\/person\/6b0cae19a94059156faf7f0ce969b4a0"},"headline":"Focus sur le quartier de la Cloche d'Or","datePublished":"2025-07-16T10:00:00+00:00","dateModified":"2025-07-21T08:37:15+00:00","mainEntityOfPage":{"@id":"https:\/\/www.athome.lu\/blog\/acheter\/demenager\/focus-sur-le-quartier-de-la-cloche-dor\/"},"wordCount":469,"image":{"@id":"https:\/\/www.athome.lu\/blog\/acheter\/demenager\/focus-sur-le-quartier-de-la-cloche-dor\/#primaryimage"},"thumbnailUrl":"https:\/\/www.athome.lu\/blog\/wp-content\/uploads\/2025\/07\/Wordpress-dimensions-banniere-4-scaled.png","articleSection":["D\u00e9m\u00e9nager"],"inLanguage":"fr-FR"},{"@type":"WebPage","@id":"https:\/\/www.athome.lu\/blog\/acheter\/demenager\/focus-sur-le-quartier-de-la-cloche-dor\/","url":"https:\/\/www.athome.lu\/blog\/acheter\/demenager\/focus-sur-le-quartier-de-la-cloche-dor\/","name":"Focus sur le quartier de la Cloche d'Or - atHome Blog","isPartOf":{"@id":"https:\/\/www.athome.lu\/blog\/#website"},"primaryImageOfPage":{"@id":"https:\/\/www.athome.lu\/blog\/acheter\/demenager\/focus-sur-le-quartier-de-la-cloche-dor\/#primaryimage"},"image":{"@id":"https:\/\/www.athome.lu\/blog\/acheter\/demenager\/focus-sur-le-quartier-de-la-cloche-dor\/#primaryimage"},"thumbnailUrl":"https:\/\/www.athome.lu\/blog\/wp-content\/uploads\/2025\/07\/Wordpress-dimensions-banniere-4-scaled.png","datePublished":"2025-07-16T10:00:00+00:00","dateModified":"2025-07-21T08:37:15+00:00","author":{"@id":"https:\/\/www.athome.lu\/blog\/#\/schema\/person\/6b0cae19a94059156faf7f0ce969b4a0"},"breadcrumb":{"@id":"https:\/\/www.athome.lu\/blog\/acheter\/demenager\/focus-sur-le-quartier-de-la-cloche-dor\/#breadcrumb"},"inLanguage":"fr-FR","potentialAction":[{"@type":"ReadAction","target":["https:\/\/www.athome.lu\/blog\/acheter\/demenager\/focus-sur-le-quartier-de-la-cloche-dor\/"]}]},{"@type":"ImageObject","inLanguage":"fr-FR","@id":"https:\/\/www.athome.lu\/blog\/acheter\/demenager\/focus-sur-le-quartier-de-la-cloche-dor\/#primaryimage","url":"https:\/\/www.athome.lu\/blog\/wp-content\/uploads\/2025\/07\/Wordpress-dimensions-banniere-4-scaled.png","contentUrl":"https:\/\/www.athome.lu\/blog\/wp-content\/uploads\/2025\/07\/Wordpress-dimensions-banniere-4-scaled.png","width":2560,"height":763},{"@type":"BreadcrumbList","@id":"https:\/\/www.athome.lu\/blog\/acheter\/demenager\/focus-sur-le-quartier-de-la-cloche-dor\/#breadcrumb","itemListElement":[{"@type":"ListItem","position":1,"name":"Accueil","item":"https:\/\/www.athome.lu\/blog\/"},{"@type":"ListItem","position":2,"name":"Acheter","item":"https:\/\/www.athome.lu\/blog\/en\/category\/buy\/"},{"@type":"ListItem","position":3,"name":"D\u00e9m\u00e9nager","item":"https:\/\/www.athome.lu\/blog\/category\/acheter\/demenager\/"},{"@type":"ListItem","position":4,"name":"Focus sur le quartier de la Cloche d'Or"}]},{"@type":"WebSite","@id":"https:\/\/www.athome.lu\/blog\/#website","url":"https:\/\/www.athome.lu\/blog\/","name":"atHome Blog","description":"Annonces immobili\u00e8res au Luxembourg. Le portail immobilier n\u00b01 au Luxembourg.","potentialAction":[{"@type":"SearchAction","target":{"@type":"EntryPoint","urlTemplate":"https:\/\/www.athome.lu\/blog\/?s={search_term_string}"},"query-input":{"@type":"PropertyValueSpecification","valueRequired":true,"valueName":"search_term_string"}}],"inLanguage":"fr-FR"},{"@type":"Person","@id":"https:\/\/www.athome.lu\/blog\/#\/schema\/person\/6b0cae19a94059156faf7f0ce969b4a0","name":"atHome.lu","image":{"@type":"ImageObject","inLanguage":"fr-FR","@id":"https:\/\/secure.gravatar.com\/avatar\/aaf3e502d7787af3ce4793c226e9640b6ab8f2b336039142fc34b438e2e085e8?s=96&d=mm&r=g","url":"https:\/\/secure.gravatar.com\/avatar\/aaf3e502d7787af3ce4793c226e9640b6ab8f2b336039142fc34b438e2e085e8?s=96&d=mm&r=g","contentUrl":"https:\/\/secure.gravatar.com\/avatar\/aaf3e502d7787af3ce4793c226e9640b6ab8f2b336039142fc34b438e2e085e8?s=96&d=mm&r=g","caption":"atHome.lu"}}]}},"featured_media_src_url":"https:\/\/www.athome.lu\/blog\/wp-content\/uploads\/2025\/07\/Wordpress-dimensions-banniere-4-1024x305.png","_links":{"self":[{"href":"https:\/\/www.athome.lu\/blog\/wp-json\/wp\/v2\/posts\/17611","targetHints":{"allow":["GET"]}}],"collection":[{"href":"https:\/\/www.athome.lu\/blog\/wp-json\/wp\/v2\/posts"}],"about":[{"href":"https:\/\/www.athome.lu\/blog\/wp-json\/wp\/v2\/types\/post"}],"author":[{"embeddable":true,"href":"https:\/\/www.athome.lu\/blog\/wp-json\/wp\/v2\/users\/19"}],"replies":[{"embeddable":true,"href":"https:\/\/www.athome.lu\/blog\/wp-json\/wp\/v2\/comments?post=17611"}],"version-history":[{"count":5,"href":"https:\/\/www.athome.lu\/blog\/wp-json\/wp\/v2\/posts\/17611\/revisions"}],"predecessor-version":[{"id":17688,"href":"https:\/\/www.athome.lu\/blog\/wp-json\/wp\/v2\/posts\/17611\/revisions\/17688"}],"wp:featuredmedia":[{"embeddable":true,"href":"https:\/\/www.athome.lu\/blog\/wp-json\/wp\/v2\/media\/17682"}],"wp:attachment":[{"href":"https:\/\/www.athome.lu\/blog\/wp-json\/wp\/v2\/media?parent=17611"}],"wp:term":[{"taxonomy":"category","embeddable":true,"href":"https:\/\/www.athome.lu\/blog\/wp-json\/wp\/v2\/categories?post=17611"},{"taxonomy":"post_tag","embeddable":true,"href":"https:\/\/www.athome.lu\/blog\/wp-json\/wp\/v2\/tags?post=17611"}],"curies":[{"name":"wp","href":"https:\/\/api.w.org\/{rel}","templated":true}]}}