{"id":17676,"date":"2025-07-21T10:43:35","date_gmt":"2025-07-21T08:43:35","guid":{"rendered":"https:\/\/www.athome.lu\/blog\/?p=17676"},"modified":"2025-07-21T10:46:37","modified_gmt":"2025-07-21T08:46:37","slug":"webinaire-paroles-dexperts-juillet-2025","status":"publish","type":"post","link":"https:\/\/www.athome.lu\/blog\/marche-immobilier\/webinaire-paroles-dexperts-juillet-2025\/","title":{"rendered":"Webinaire - Paroles d\u2019Experts (Juillet 2025)"},"content":{"rendered":"\n<p>Le march\u00e9 immobilier luxembourgeois \u00e9volue. Pour faire le point sur les grandes tendances, nous avons organis\u00e9 un webinaire exclusif le <strong>jeudi 17 juillet<\/strong>, r\u00e9unissant deux acteurs majeurs du secteur : <\/p>\n\n\n\n<ul class=\"wp-block-list\">\n<li><strong>Pierre Cl\u00e9ment<\/strong>, CEO de Nexvia<\/li>\n\n\n\n<li><strong>Fran\u00e7ois-Xavier Gilen<\/strong>, Directeur commercial chez Thomas &amp; Piron Luxembourg et administrateur \u00e0 la Chambre Immobili\u00e8re.<\/li>\n<\/ul>\n\n\n\n<p>Pendant 50 minutes, les intervenants ont r\u00e9pondu \u00e0 une s\u00e9rie de questions autour des dynamiques du <strong>march\u00e9 de l\u2019ancien<\/strong>, du <strong>march\u00e9 du neuf<\/strong>, et de l\u2019\u00e9volution globale de l\u2019immobilier au Luxembourg.<\/p>\n\n\n\n<p>\ud83c\udfa5 <strong>Le replay est disponible ici<\/strong> : <\/p>\n\n\n\n<figure class=\"wp-block-image size-large\"><a href=\"https:\/\/www.youtube.com\/watch?v=0A8o1LJSjTw\" target=\"_blank\" rel=\" noreferrer noopener\"><img loading=\"lazy\" decoding=\"async\" width=\"1024\" height=\"571\" src=\"https:\/\/www.athome.lu\/blog\/wp-content\/uploads\/2025\/07\/Capture-decran_21-7-2025_103849_www.youtube.com_-1024x571.jpeg\" alt=\"\" class=\"wp-image-17699\" srcset=\"https:\/\/www.athome.lu\/blog\/wp-content\/uploads\/2025\/07\/Capture-decran_21-7-2025_103849_www.youtube.com_-1024x571.jpeg 1024w, https:\/\/www.athome.lu\/blog\/wp-content\/uploads\/2025\/07\/Capture-decran_21-7-2025_103849_www.youtube.com_-300x167.jpeg 300w, https:\/\/www.athome.lu\/blog\/wp-content\/uploads\/2025\/07\/Capture-decran_21-7-2025_103849_www.youtube.com_-768x428.jpeg 768w, https:\/\/www.athome.lu\/blog\/wp-content\/uploads\/2025\/07\/Capture-decran_21-7-2025_103849_www.youtube.com_-18x10.jpeg 18w, https:\/\/www.athome.lu\/blog\/wp-content\/uploads\/2025\/07\/Capture-decran_21-7-2025_103849_www.youtube.com_.jpeg 1073w\" sizes=\"auto, (max-width: 1024px) 100vw, 1024px\" \/><\/a><\/figure>\n\n\n\n<p>Bon visionnage !<\/p>\n\n\n\n<p><\/p>\n","protected":false},"excerpt":{"rendered":"<p>Le march\u00e9 immobilier luxembourgeois \u00e9volue. Pour faire le point sur les grandes tendances, nous avons organis\u00e9 un webinaire exclusif le jeudi 17 juillet, r\u00e9unissant deux acteurs majeurs du secteur : Pendant 50 minutes, les intervenants ont r\u00e9pondu \u00e0 une s\u00e9rie de questions autour des dynamiques du march\u00e9 de l\u2019ancien, du march\u00e9 du neuf, et de [&hellip;]<\/p>\n","protected":false},"author":19,"featured_media":17692,"comment_status":"closed","ping_status":"closed","sticky":false,"template":"","format":"standard","meta":{"_acf_changed":false,"footnotes":""},"categories":[217],"tags":[],"class_list":["post-17676","post","type-post","status-publish","format-standard","has-post-thumbnail","hentry","category-marche-immobilier"],"acf":[],"yoast_head":"<!-- This site is optimized with the Yoast SEO plugin v27.4 - https:\/\/yoast.com\/product\/yoast-seo-wordpress\/ -->\n<title>Webinaire - Paroles d\u2019Experts (Juillet 2025) - atHome Blog<\/title>\n<meta name=\"robots\" content=\"index, follow, max-snippet:-1, max-image-preview:large, max-video-preview:-1\" \/>\n<link rel=\"canonical\" href=\"https:\/\/www.athome.lu\/blog\/marche-immobilier\/webinaire-paroles-dexperts-juillet-2025\/\" \/>\n<meta property=\"og:locale\" content=\"fr_FR\" \/>\n<meta property=\"og:type\" content=\"article\" \/>\n<meta property=\"og:title\" content=\"Webinaire - Paroles d\u2019Experts (Juillet 2025) - atHome Blog\" \/>\n<meta property=\"og:description\" content=\"Le march\u00e9 immobilier luxembourgeois \u00e9volue. Pour faire le point sur les grandes tendances, nous avons organis\u00e9 un webinaire exclusif le jeudi 17 juillet, r\u00e9unissant deux acteurs majeurs du secteur : Pendant 50 minutes, les intervenants ont r\u00e9pondu \u00e0 une s\u00e9rie de questions autour des dynamiques du march\u00e9 de l\u2019ancien, du march\u00e9 du neuf, et de [&hellip;]\" \/>\n<meta property=\"og:url\" content=\"https:\/\/www.athome.lu\/blog\/marche-immobilier\/webinaire-paroles-dexperts-juillet-2025\/\" \/>\n<meta property=\"og:site_name\" content=\"atHome Blog\" \/>\n<meta property=\"article:publisher\" content=\"https:\/\/www.facebook.com\/atHome.lu\/\" \/>\n<meta property=\"article:published_time\" content=\"2025-07-21T08:43:35+00:00\" \/>\n<meta property=\"article:modified_time\" content=\"2025-07-21T08:46:37+00:00\" \/>\n<meta property=\"og:image\" content=\"https:\/\/www.athome.lu\/blog\/wp-content\/uploads\/2025\/07\/Header-article-de-blog-scaled.png\" \/>\n\t<meta property=\"og:image:width\" content=\"2560\" \/>\n\t<meta property=\"og:image:height\" content=\"763\" \/>\n\t<meta property=\"og:image:type\" content=\"image\/png\" \/>\n<meta name=\"author\" content=\"atHome.lu\" \/>\n<meta name=\"twitter:card\" content=\"summary_large_image\" \/>\n<meta name=\"twitter:creator\" content=\"@athomelu\" \/>\n<meta name=\"twitter:site\" content=\"@athomelu\" \/>\n<meta name=\"twitter:label1\" content=\"\u00c9crit par\" \/>\n\t<meta name=\"twitter:data1\" content=\"atHome.lu\" \/>\n\t<meta name=\"twitter:label2\" content=\"Dur\u00e9e de lecture estim\u00e9e\" \/>\n\t<meta name=\"twitter:data2\" content=\"1 minute\" \/>\n<script type=\"application\/ld+json\" class=\"yoast-schema-graph\">{\"@context\":\"https:\\\/\\\/schema.org\",\"@graph\":[{\"@type\":\"Article\",\"@id\":\"https:\\\/\\\/www.athome.lu\\\/blog\\\/marche-immobilier\\\/webinaire-paroles-dexperts-juillet-2025\\\/#article\",\"isPartOf\":{\"@id\":\"https:\\\/\\\/www.athome.lu\\\/blog\\\/marche-immobilier\\\/webinaire-paroles-dexperts-juillet-2025\\\/\"},\"author\":{\"name\":\"atHome.lu\",\"@id\":\"https:\\\/\\\/www.athome.lu\\\/blog\\\/#\\\/schema\\\/person\\\/6b0cae19a94059156faf7f0ce969b4a0\"},\"headline\":\"Webinaire - Paroles d\u2019Experts (Juillet 2025)\",\"datePublished\":\"2025-07-21T08:43:35+00:00\",\"dateModified\":\"2025-07-21T08:46:37+00:00\",\"mainEntityOfPage\":{\"@id\":\"https:\\\/\\\/www.athome.lu\\\/blog\\\/marche-immobilier\\\/webinaire-paroles-dexperts-juillet-2025\\\/\"},\"wordCount\":98,\"image\":{\"@id\":\"https:\\\/\\\/www.athome.lu\\\/blog\\\/marche-immobilier\\\/webinaire-paroles-dexperts-juillet-2025\\\/#primaryimage\"},\"thumbnailUrl\":\"https:\\\/\\\/www.athome.lu\\\/blog\\\/wp-content\\\/uploads\\\/2025\\\/07\\\/Header-article-de-blog-scaled.png\",\"articleSection\":[\"March\u00e9 immobilier\"],\"inLanguage\":\"fr-FR\"},{\"@type\":\"WebPage\",\"@id\":\"https:\\\/\\\/www.athome.lu\\\/blog\\\/marche-immobilier\\\/webinaire-paroles-dexperts-juillet-2025\\\/\",\"url\":\"https:\\\/\\\/www.athome.lu\\\/blog\\\/marche-immobilier\\\/webinaire-paroles-dexperts-juillet-2025\\\/\",\"name\":\"Webinaire - Paroles d\u2019Experts (Juillet 2025) - atHome Blog\",\"isPartOf\":{\"@id\":\"https:\\\/\\\/www.athome.lu\\\/blog\\\/#website\"},\"primaryImageOfPage\":{\"@id\":\"https:\\\/\\\/www.athome.lu\\\/blog\\\/marche-immobilier\\\/webinaire-paroles-dexperts-juillet-2025\\\/#primaryimage\"},\"image\":{\"@id\":\"https:\\\/\\\/www.athome.lu\\\/blog\\\/marche-immobilier\\\/webinaire-paroles-dexperts-juillet-2025\\\/#primaryimage\"},\"thumbnailUrl\":\"https:\\\/\\\/www.athome.lu\\\/blog\\\/wp-content\\\/uploads\\\/2025\\\/07\\\/Header-article-de-blog-scaled.png\",\"datePublished\":\"2025-07-21T08:43:35+00:00\",\"dateModified\":\"2025-07-21T08:46:37+00:00\",\"author\":{\"@id\":\"https:\\\/\\\/www.athome.lu\\\/blog\\\/#\\\/schema\\\/person\\\/6b0cae19a94059156faf7f0ce969b4a0\"},\"breadcrumb\":{\"@id\":\"https:\\\/\\\/www.athome.lu\\\/blog\\\/marche-immobilier\\\/webinaire-paroles-dexperts-juillet-2025\\\/#breadcrumb\"},\"inLanguage\":\"fr-FR\",\"potentialAction\":[{\"@type\":\"ReadAction\",\"target\":[\"https:\\\/\\\/www.athome.lu\\\/blog\\\/marche-immobilier\\\/webinaire-paroles-dexperts-juillet-2025\\\/\"]}]},{\"@type\":\"ImageObject\",\"inLanguage\":\"fr-FR\",\"@id\":\"https:\\\/\\\/www.athome.lu\\\/blog\\\/marche-immobilier\\\/webinaire-paroles-dexperts-juillet-2025\\\/#primaryimage\",\"url\":\"https:\\\/\\\/www.athome.lu\\\/blog\\\/wp-content\\\/uploads\\\/2025\\\/07\\\/Header-article-de-blog-scaled.png\",\"contentUrl\":\"https:\\\/\\\/www.athome.lu\\\/blog\\\/wp-content\\\/uploads\\\/2025\\\/07\\\/Header-article-de-blog-scaled.png\",\"width\":2560,\"height\":763},{\"@type\":\"BreadcrumbList\",\"@id\":\"https:\\\/\\\/www.athome.lu\\\/blog\\\/marche-immobilier\\\/webinaire-paroles-dexperts-juillet-2025\\\/#breadcrumb\",\"itemListElement\":[{\"@type\":\"ListItem\",\"position\":1,\"name\":\"Accueil\",\"item\":\"https:\\\/\\\/www.athome.lu\\\/blog\\\/\"},{\"@type\":\"ListItem\",\"position\":2,\"name\":\"March\u00e9 immobilier\",\"item\":\"https:\\\/\\\/www.athome.lu\\\/blog\\\/category\\\/marche-immobilier\\\/\"},{\"@type\":\"ListItem\",\"position\":3,\"name\":\"Webinaire - Paroles d\u2019Experts (Juillet 2025)\"}]},{\"@type\":\"WebSite\",\"@id\":\"https:\\\/\\\/www.athome.lu\\\/blog\\\/#website\",\"url\":\"https:\\\/\\\/www.athome.lu\\\/blog\\\/\",\"name\":\"atHome Blog\",\"description\":\"Annonces immobili\u00e8res au Luxembourg. Le portail immobilier n\u00b01 au Luxembourg.\",\"potentialAction\":[{\"@type\":\"SearchAction\",\"target\":{\"@type\":\"EntryPoint\",\"urlTemplate\":\"https:\\\/\\\/www.athome.lu\\\/blog\\\/?s={search_term_string}\"},\"query-input\":{\"@type\":\"PropertyValueSpecification\",\"valueRequired\":true,\"valueName\":\"search_term_string\"}}],\"inLanguage\":\"fr-FR\"},{\"@type\":\"Person\",\"@id\":\"https:\\\/\\\/www.athome.lu\\\/blog\\\/#\\\/schema\\\/person\\\/6b0cae19a94059156faf7f0ce969b4a0\",\"name\":\"atHome.lu\",\"image\":{\"@type\":\"ImageObject\",\"inLanguage\":\"fr-FR\",\"@id\":\"https:\\\/\\\/secure.gravatar.com\\\/avatar\\\/aaf3e502d7787af3ce4793c226e9640b6ab8f2b336039142fc34b438e2e085e8?s=96&d=mm&r=g\",\"url\":\"https:\\\/\\\/secure.gravatar.com\\\/avatar\\\/aaf3e502d7787af3ce4793c226e9640b6ab8f2b336039142fc34b438e2e085e8?s=96&d=mm&r=g\",\"contentUrl\":\"https:\\\/\\\/secure.gravatar.com\\\/avatar\\\/aaf3e502d7787af3ce4793c226e9640b6ab8f2b336039142fc34b438e2e085e8?s=96&d=mm&r=g\",\"caption\":\"atHome.lu\"}}]}<\/script>\n<!-- \/ Yoast SEO plugin. -->","yoast_head_json":{"title":"Webinaire - Paroles d\u2019Experts (Juillet 2025) - atHome Blog","robots":{"index":"index","follow":"follow","max-snippet":"max-snippet:-1","max-image-preview":"max-image-preview:large","max-video-preview":"max-video-preview:-1"},"canonical":"https:\/\/www.athome.lu\/blog\/marche-immobilier\/webinaire-paroles-dexperts-juillet-2025\/","og_locale":"fr_FR","og_type":"article","og_title":"Webinaire - Paroles d\u2019Experts (Juillet 2025) - atHome Blog","og_description":"Le march\u00e9 immobilier luxembourgeois \u00e9volue. Pour faire le point sur les grandes tendances, nous avons organis\u00e9 un webinaire exclusif le jeudi 17 juillet, r\u00e9unissant deux acteurs majeurs du secteur : Pendant 50 minutes, les intervenants ont r\u00e9pondu \u00e0 une s\u00e9rie de questions autour des dynamiques du march\u00e9 de l\u2019ancien, du march\u00e9 du neuf, et de [&hellip;]","og_url":"https:\/\/www.athome.lu\/blog\/marche-immobilier\/webinaire-paroles-dexperts-juillet-2025\/","og_site_name":"atHome Blog","article_publisher":"https:\/\/www.facebook.com\/atHome.lu\/","article_published_time":"2025-07-21T08:43:35+00:00","article_modified_time":"2025-07-21T08:46:37+00:00","og_image":[{"width":2560,"height":763,"url":"https:\/\/www.athome.lu\/blog\/wp-content\/uploads\/2025\/07\/Header-article-de-blog-scaled.png","type":"image\/png"}],"author":"atHome.lu","twitter_card":"summary_large_image","twitter_creator":"@athomelu","twitter_site":"@athomelu","twitter_misc":{"\u00c9crit par":"atHome.lu","Dur\u00e9e de lecture estim\u00e9e":"1 minute"},"schema":{"@context":"https:\/\/schema.org","@graph":[{"@type":"Article","@id":"https:\/\/www.athome.lu\/blog\/marche-immobilier\/webinaire-paroles-dexperts-juillet-2025\/#article","isPartOf":{"@id":"https:\/\/www.athome.lu\/blog\/marche-immobilier\/webinaire-paroles-dexperts-juillet-2025\/"},"author":{"name":"atHome.lu","@id":"https:\/\/www.athome.lu\/blog\/#\/schema\/person\/6b0cae19a94059156faf7f0ce969b4a0"},"headline":"Webinaire - Paroles d\u2019Experts (Juillet 2025)","datePublished":"2025-07-21T08:43:35+00:00","dateModified":"2025-07-21T08:46:37+00:00","mainEntityOfPage":{"@id":"https:\/\/www.athome.lu\/blog\/marche-immobilier\/webinaire-paroles-dexperts-juillet-2025\/"},"wordCount":98,"image":{"@id":"https:\/\/www.athome.lu\/blog\/marche-immobilier\/webinaire-paroles-dexperts-juillet-2025\/#primaryimage"},"thumbnailUrl":"https:\/\/www.athome.lu\/blog\/wp-content\/uploads\/2025\/07\/Header-article-de-blog-scaled.png","articleSection":["March\u00e9 immobilier"],"inLanguage":"fr-FR"},{"@type":"WebPage","@id":"https:\/\/www.athome.lu\/blog\/marche-immobilier\/webinaire-paroles-dexperts-juillet-2025\/","url":"https:\/\/www.athome.lu\/blog\/marche-immobilier\/webinaire-paroles-dexperts-juillet-2025\/","name":"Webinaire - Paroles d\u2019Experts (Juillet 2025) - atHome Blog","isPartOf":{"@id":"https:\/\/www.athome.lu\/blog\/#website"},"primaryImageOfPage":{"@id":"https:\/\/www.athome.lu\/blog\/marche-immobilier\/webinaire-paroles-dexperts-juillet-2025\/#primaryimage"},"image":{"@id":"https:\/\/www.athome.lu\/blog\/marche-immobilier\/webinaire-paroles-dexperts-juillet-2025\/#primaryimage"},"thumbnailUrl":"https:\/\/www.athome.lu\/blog\/wp-content\/uploads\/2025\/07\/Header-article-de-blog-scaled.png","datePublished":"2025-07-21T08:43:35+00:00","dateModified":"2025-07-21T08:46:37+00:00","author":{"@id":"https:\/\/www.athome.lu\/blog\/#\/schema\/person\/6b0cae19a94059156faf7f0ce969b4a0"},"breadcrumb":{"@id":"https:\/\/www.athome.lu\/blog\/marche-immobilier\/webinaire-paroles-dexperts-juillet-2025\/#breadcrumb"},"inLanguage":"fr-FR","potentialAction":[{"@type":"ReadAction","target":["https:\/\/www.athome.lu\/blog\/marche-immobilier\/webinaire-paroles-dexperts-juillet-2025\/"]}]},{"@type":"ImageObject","inLanguage":"fr-FR","@id":"https:\/\/www.athome.lu\/blog\/marche-immobilier\/webinaire-paroles-dexperts-juillet-2025\/#primaryimage","url":"https:\/\/www.athome.lu\/blog\/wp-content\/uploads\/2025\/07\/Header-article-de-blog-scaled.png","contentUrl":"https:\/\/www.athome.lu\/blog\/wp-content\/uploads\/2025\/07\/Header-article-de-blog-scaled.png","width":2560,"height":763},{"@type":"BreadcrumbList","@id":"https:\/\/www.athome.lu\/blog\/marche-immobilier\/webinaire-paroles-dexperts-juillet-2025\/#breadcrumb","itemListElement":[{"@type":"ListItem","position":1,"name":"Accueil","item":"https:\/\/www.athome.lu\/blog\/"},{"@type":"ListItem","position":2,"name":"March\u00e9 immobilier","item":"https:\/\/www.athome.lu\/blog\/category\/marche-immobilier\/"},{"@type":"ListItem","position":3,"name":"Webinaire - Paroles d\u2019Experts (Juillet 2025)"}]},{"@type":"WebSite","@id":"https:\/\/www.athome.lu\/blog\/#website","url":"https:\/\/www.athome.lu\/blog\/","name":"atHome Blog","description":"Annonces immobili\u00e8res au Luxembourg. Le portail immobilier n\u00b01 au Luxembourg.","potentialAction":[{"@type":"SearchAction","target":{"@type":"EntryPoint","urlTemplate":"https:\/\/www.athome.lu\/blog\/?s={search_term_string}"},"query-input":{"@type":"PropertyValueSpecification","valueRequired":true,"valueName":"search_term_string"}}],"inLanguage":"fr-FR"},{"@type":"Person","@id":"https:\/\/www.athome.lu\/blog\/#\/schema\/person\/6b0cae19a94059156faf7f0ce969b4a0","name":"atHome.lu","image":{"@type":"ImageObject","inLanguage":"fr-FR","@id":"https:\/\/secure.gravatar.com\/avatar\/aaf3e502d7787af3ce4793c226e9640b6ab8f2b336039142fc34b438e2e085e8?s=96&d=mm&r=g","url":"https:\/\/secure.gravatar.com\/avatar\/aaf3e502d7787af3ce4793c226e9640b6ab8f2b336039142fc34b438e2e085e8?s=96&d=mm&r=g","contentUrl":"https:\/\/secure.gravatar.com\/avatar\/aaf3e502d7787af3ce4793c226e9640b6ab8f2b336039142fc34b438e2e085e8?s=96&d=mm&r=g","caption":"atHome.lu"}}]}},"featured_media_src_url":"https:\/\/www.athome.lu\/blog\/wp-content\/uploads\/2025\/07\/Header-article-de-blog-1024x305.png","_links":{"self":[{"href":"https:\/\/www.athome.lu\/blog\/wp-json\/wp\/v2\/posts\/17676","targetHints":{"allow":["GET"]}}],"collection":[{"href":"https:\/\/www.athome.lu\/blog\/wp-json\/wp\/v2\/posts"}],"about":[{"href":"https:\/\/www.athome.lu\/blog\/wp-json\/wp\/v2\/types\/post"}],"author":[{"embeddable":true,"href":"https:\/\/www.athome.lu\/blog\/wp-json\/wp\/v2\/users\/19"}],"replies":[{"embeddable":true,"href":"https:\/\/www.athome.lu\/blog\/wp-json\/wp\/v2\/comments?post=17676"}],"version-history":[{"count":5,"href":"https:\/\/www.athome.lu\/blog\/wp-json\/wp\/v2\/posts\/17676\/revisions"}],"predecessor-version":[{"id":17701,"href":"https:\/\/www.athome.lu\/blog\/wp-json\/wp\/v2\/posts\/17676\/revisions\/17701"}],"wp:featuredmedia":[{"embeddable":true,"href":"https:\/\/www.athome.lu\/blog\/wp-json\/wp\/v2\/media\/17692"}],"wp:attachment":[{"href":"https:\/\/www.athome.lu\/blog\/wp-json\/wp\/v2\/media?parent=17676"}],"wp:term":[{"taxonomy":"category","embeddable":true,"href":"https:\/\/www.athome.lu\/blog\/wp-json\/wp\/v2\/categories?post=17676"},{"taxonomy":"post_tag","embeddable":true,"href":"https:\/\/www.athome.lu\/blog\/wp-json\/wp\/v2\/tags?post=17676"}],"curies":[{"name":"wp","href":"https:\/\/api.w.org\/{rel}","templated":true}]}}