{"id":17859,"date":"2025-10-01T00:00:00","date_gmt":"2025-09-30T22:00:00","guid":{"rendered":"https:\/\/www.athome.lu\/blog\/?p=17859"},"modified":"2026-03-02T09:33:21","modified_gmt":"2026-03-02T08:33:21","slug":"t3-2025-des-prix-de-vente-plus-mesures-et-un-marche-locatif-globalement-stable","status":"publish","type":"post","link":"https:\/\/www.athome.lu\/blog\/marche-immobilier\/t3-2025-des-prix-de-vente-plus-mesures-et-un-marche-locatif-globalement-stable\/","title":{"rendered":"T3 2025 : des prix de vente plus mesur\u00e9s et un march\u00e9 locatif globalement stable"},"content":{"rendered":"\n<p class=\"has-medium-font-size\">Le troisi\u00e8me trimestre 2025 marque une \u00e9tape de transition pour le march\u00e9 immobilier luxembourgeois. Apr\u00e8s plusieurs trimestres de hausse, les prix de vente amorcent une stabilisation, tandis que le march\u00e9 locatif confirme sa tendance \u00e0 l\u2019\u00e9quilibre.<\/p>\n\n\n\n<p class=\"has-medium-font-size\">Cette phase illustre un ralentissement observ\u00e9 ce trimestre, tout en conservant une dynamique annuelle orient\u00e9e \u00e0 la hausse. Les maisons anciennes enregistrent un l\u00e9ger recul de -1,0% par rapport au trimestre pr\u00e9c\u00e9dent, alors que les appartements anciens se maintiennent (+0,2%) et que les appartements neufs reculent de -1,7%. Sur un an, la progression reste marqu\u00e9e : +5,2% pour les maisons, +3,2% pour les appartements anciens et +6,4% pour les appartements neufs. Ces chiffres refl\u00e8tent un ajustement r\u00e9cent, sans remettre en cause la trajectoire haussi\u00e8re amorc\u00e9e d\u00e9but 2025.<\/p>\n\n\n\n<p><strong>Des dynamiques diff\u00e9rentes selon les r\u00e9gions<\/strong><\/p>\n\n\n\n<p class=\"has-medium-font-size\">Les disparit\u00e9s r\u00e9gionales se renforcent au T3 2025. Le Sud et l\u2019Ouest tirent la croissance, avec des hausses atteignant +6,9% pour les appartements neufs dans le Sud (par rapport au T3 2024) et +6,6% pour les appartements anciens dans l\u2019Ouest. \u00c0 l\u2019inverse, le Nord (-4,0% pour les maisons) et l\u2019Est (-6,9%) enregistrent des reculs notables, refl\u00e9tant un march\u00e9 plus fragment\u00e9 o\u00f9 les dynamiques locales jouent un r\u00f4le d\u00e9terminant.<\/p>\n\n\n\n<p><strong>Le march\u00e9 locatif : une stabilit\u00e9 confirm\u00e9e<\/strong><\/p>\n\n\n\n<p class=\"has-medium-font-size\">Du c\u00f4t\u00e9 de la location, la situation reste globalement stable. Les loyers des appartements progressent l\u00e9g\u00e8rement (+1,8%), tandis que ceux des maisons affichent une baisse assez marqu\u00e9e par rapport au trimestre pr\u00e9c\u00e9dent (-5,5%). Sur une base annuelle, les \u00e9volutions sont mod\u00e9r\u00e9es : -2,9% pour les maisons et +1,5% pour les appartements. Les tendances r\u00e9gionales restent contrast\u00e9es : l\u2019Est (+4,9%) et le Centre (+2,5%) enregistrent des hausses pour les appartements, alors que d\u2019autres zones, comme l\u2019Ouest ou le Sud, affichent au contraire des reculs.<\/p>\n\n\n\n<p><strong>Vers un march\u00e9 plus \u00e9quilibr\u00e9 qui s\u2019installe progressivement<\/strong><\/p>\n\n\n\n<p class=\"has-medium-font-size\">Le troisi\u00e8me trimestre 2025 confirme un march\u00e9 plus mesur\u00e9, avec des prix de vente qui se stabilisent et un march\u00e9 locatif globalement stable. Si des diff\u00e9rences persistent selon les r\u00e9gions, la tendance annuelle reste orient\u00e9e \u00e0 la hausse. Dans l\u2019ensemble, le march\u00e9 immobilier luxembourgeois semble avoir atteint, pour l'instant, une forme d'\u00e9quilibre.<\/p>\n\n\n\n<h2 class=\"wp-block-heading\">Vente : une stabilisation des prix sur le march\u00e9<\/h2>\n\n\n\n<p><strong>Evolution des prix de vente au m\u00e8tre carr\u00e9 annonc\u00e9s par trimestre<\/strong><\/p>\n\n\n\n<p class=\"has-medium-font-size\">Apr\u00e8s plusieurs trimestres de hausse, les prix affichent une relative stabilit\u00e9 au T3 2025. Les maisons anciennes (-1,0 %) et les appartements neufs (-1,7 %) reculent l\u00e9g\u00e8rement, tandis que les appartements anciens progressent de +0,2 % compar\u00e9 au trimestre pr\u00e9c\u00e9dent. Une \u00e9volution qui traduit une stabilisation \u00e0 court terme, tout en confirmant la hausse annuelle : +5,2 % pour les maisons, +3,2 % pour les appartements anciens et +6,4 % pour les appartements neufs.<\/p>\n\n\n\n<figure class=\"wp-block-image size-large\"><a href=\"https:\/\/www.athome.lu\/blog\/wp-content\/uploads\/2025\/10\/atHome_MU-T3-2025_Vente_M2.png\"><img loading=\"lazy\" decoding=\"async\" width=\"1024\" height=\"953\" src=\"https:\/\/www.athome.lu\/blog\/wp-content\/uploads\/2025\/10\/atHome_MU-T3-2025_Vente_M2-1024x953.png\" alt=\"\" class=\"wp-image-17905\" srcset=\"https:\/\/www.athome.lu\/blog\/wp-content\/uploads\/2025\/10\/atHome_MU-T3-2025_Vente_M2-1024x953.png 1024w, https:\/\/www.athome.lu\/blog\/wp-content\/uploads\/2025\/10\/atHome_MU-T3-2025_Vente_M2-300x279.png 300w, https:\/\/www.athome.lu\/blog\/wp-content\/uploads\/2025\/10\/atHome_MU-T3-2025_Vente_M2-768x714.png 768w, https:\/\/www.athome.lu\/blog\/wp-content\/uploads\/2025\/10\/atHome_MU-T3-2025_Vente_M2-13x12.png 13w, https:\/\/www.athome.lu\/blog\/wp-content\/uploads\/2025\/10\/atHome_MU-T3-2025_Vente_M2.png 1191w\" sizes=\"auto, (max-width: 1024px) 100vw, 1024px\" \/><\/a><\/figure>\n\n\n\n<p><strong>Evolution des prix de vente au m\u00e8tre carr\u00e9 annonc\u00e9s par r\u00e9gion : une tendance annuelle qui se confirme presque partout et pour tous types de biens<\/strong><\/p>\n\n\n\n<p class=\"has-medium-font-size\">L\u2019\u00e9volution annuelle des prix reste orient\u00e9e \u00e0 la hausse au T3 2025, soutenue par les progressions marqu\u00e9es dans le Sud (+6,4 % pour les maisons, +6,9 % pour les appartements neufs) et dans l\u2019Ouest (+5,0 % pour les maisons, +6,6 % pour les appartements anciens). Le Centre enregistre une hausse plus mod\u00e9r\u00e9e. En revanche, le Nord (-4,0 % sur les maisons) et l\u2019Est (-6,9 %) affichent des reculs, refl\u00e9tant un march\u00e9 plus contrast\u00e9 localement.<\/p>\n\n\n\n<figure class=\"wp-block-image size-large\"><a href=\"https:\/\/www.athome.lu\/blog\/wp-content\/uploads\/2025\/10\/2-scaled.png\"><img loading=\"lazy\" decoding=\"async\" width=\"920\" height=\"1024\" src=\"https:\/\/www.athome.lu\/blog\/wp-content\/uploads\/2025\/10\/2-920x1024.png\" alt=\"\" class=\"wp-image-17909\" srcset=\"https:\/\/www.athome.lu\/blog\/wp-content\/uploads\/2025\/10\/2-920x1024.png 920w, https:\/\/www.athome.lu\/blog\/wp-content\/uploads\/2025\/10\/2-269x300.png 269w, https:\/\/www.athome.lu\/blog\/wp-content\/uploads\/2025\/10\/2-768x855.png 768w, https:\/\/www.athome.lu\/blog\/wp-content\/uploads\/2025\/10\/2-1380x1536.png 1380w, https:\/\/www.athome.lu\/blog\/wp-content\/uploads\/2025\/10\/2-1839x2048.png 1839w, https:\/\/www.athome.lu\/blog\/wp-content\/uploads\/2025\/10\/2-11x12.png 11w, https:\/\/www.athome.lu\/blog\/wp-content\/uploads\/2025\/10\/2-scaled.png 2299w\" sizes=\"auto, (max-width: 920px) 100vw, 920px\" \/><\/a><\/figure>\n\n\n\n<h2 class=\"wp-block-heading\">Location : un march\u00e9 globalement stable<\/h2>\n\n\n\n<p><strong>Evolution des loyers annonc\u00e9s par trimestre<\/strong><\/p>\n\n\n\n<p class=\"has-medium-font-size\">Le march\u00e9 locatif confirme une stabilisation globale ce trimestre, inscrite dans une tendance annuelle \u00e9quilibr\u00e9e. Les loyers des appartements poursuivent une l\u00e9g\u00e8re progression (+1,8 % compar\u00e9 au trimestre pr\u00e9c\u00e9dent), tandis que ceux des maisons suivent une trajectoire plus volatile. Cette situation traduit une stabilit\u00e9 d\u2019ensemble, malgr\u00e9 des \u00e9volutions distinctes selon les biens et les r\u00e9gions.<\/p>\n\n\n\n<figure class=\"wp-block-image size-large\"><a href=\"https:\/\/www.athome.lu\/blog\/wp-content\/uploads\/2025\/10\/atHome_MU-T3-2025_Loc_Loyers.png\"><img loading=\"lazy\" decoding=\"async\" width=\"1024\" height=\"880\" src=\"https:\/\/www.athome.lu\/blog\/wp-content\/uploads\/2025\/10\/atHome_MU-T3-2025_Loc_Loyers-1024x880.png\" alt=\"\" class=\"wp-image-17907\" srcset=\"https:\/\/www.athome.lu\/blog\/wp-content\/uploads\/2025\/10\/atHome_MU-T3-2025_Loc_Loyers-1024x880.png 1024w, https:\/\/www.athome.lu\/blog\/wp-content\/uploads\/2025\/10\/atHome_MU-T3-2025_Loc_Loyers-300x258.png 300w, https:\/\/www.athome.lu\/blog\/wp-content\/uploads\/2025\/10\/atHome_MU-T3-2025_Loc_Loyers-768x660.png 768w, https:\/\/www.athome.lu\/blog\/wp-content\/uploads\/2025\/10\/atHome_MU-T3-2025_Loc_Loyers-14x12.png 14w, https:\/\/www.athome.lu\/blog\/wp-content\/uploads\/2025\/10\/atHome_MU-T3-2025_Loc_Loyers.png 1191w\" sizes=\"auto, (max-width: 1024px) 100vw, 1024px\" \/><\/a><\/figure>\n\n\n\n<p><strong>\u00c9volution des loyers annonc\u00e9s par r\u00e9gion : des loyers stables dans l\u2019ensemble, mais des dynamiques r\u00e9gionales vari\u00e9es<\/strong><\/p>\n\n\n\n<p class=\"has-medium-font-size\">Au troisi\u00e8me trimestre 2025, la stabilit\u00e9 du march\u00e9 locatif s\u2019observe \u00e0 l\u2019\u00e9chelle nationale, mais les \u00e9volutions diff\u00e8rent selon les r\u00e9gions. Les appartements progressent dans l\u2019Est (+4,9 %) et le Centre (+2,5 %), tandis que l\u2019Ouest se distingue par une hausse des loyers de maisons (+4,5 %). Le Sud et le Nord enregistrent des mouvements plus limit\u00e9s, illustrant la diversit\u00e9 des dynamiques locales.<\/p>\n\n\n\n<figure class=\"wp-block-image size-large\"><a href=\"https:\/\/www.athome.lu\/blog\/wp-content\/uploads\/2025\/10\/1-scaled.png\"><img loading=\"lazy\" decoding=\"async\" width=\"924\" height=\"1024\" src=\"https:\/\/www.athome.lu\/blog\/wp-content\/uploads\/2025\/10\/1-924x1024.png\" alt=\"\" class=\"wp-image-17910\" srcset=\"https:\/\/www.athome.lu\/blog\/wp-content\/uploads\/2025\/10\/1-924x1024.png 924w, https:\/\/www.athome.lu\/blog\/wp-content\/uploads\/2025\/10\/1-271x300.png 271w, https:\/\/www.athome.lu\/blog\/wp-content\/uploads\/2025\/10\/1-768x851.png 768w, https:\/\/www.athome.lu\/blog\/wp-content\/uploads\/2025\/10\/1-1386x1536.png 1386w, https:\/\/www.athome.lu\/blog\/wp-content\/uploads\/2025\/10\/1-1847x2048.png 1847w, https:\/\/www.athome.lu\/blog\/wp-content\/uploads\/2025\/10\/1-11x12.png 11w, https:\/\/www.athome.lu\/blog\/wp-content\/uploads\/2025\/10\/1-scaled.png 2309w\" sizes=\"auto, (max-width: 924px) 100vw, 924px\" \/><\/a><\/figure>\n\n\n\n<h2 class=\"wp-block-heading\">Les paroles d'experts<\/h2>\n\n\n\n<figure class=\"wp-block-image size-large\"><a href=\"https:\/\/www.athome.lu\/blog\/wp-content\/uploads\/2025\/10\/atHome_Trends-Report_09-2025.jpg\"><img loading=\"lazy\" decoding=\"async\" width=\"724\" height=\"1024\" src=\"https:\/\/www.athome.lu\/blog\/wp-content\/uploads\/2025\/10\/atHome_Trends-Report_09-2025-724x1024.jpg\" alt=\"\" class=\"wp-image-17958\" srcset=\"https:\/\/www.athome.lu\/blog\/wp-content\/uploads\/2025\/10\/atHome_Trends-Report_09-2025-724x1024.jpg 724w, https:\/\/www.athome.lu\/blog\/wp-content\/uploads\/2025\/10\/atHome_Trends-Report_09-2025-212x300.jpg 212w, https:\/\/www.athome.lu\/blog\/wp-content\/uploads\/2025\/10\/atHome_Trends-Report_09-2025-768x1086.jpg 768w, https:\/\/www.athome.lu\/blog\/wp-content\/uploads\/2025\/10\/atHome_Trends-Report_09-2025-1086x1536.jpg 1086w, https:\/\/www.athome.lu\/blog\/wp-content\/uploads\/2025\/10\/atHome_Trends-Report_09-2025-1448x2048.jpg 1448w, https:\/\/www.athome.lu\/blog\/wp-content\/uploads\/2025\/10\/atHome_Trends-Report_09-2025-8x12.jpg 8w, https:\/\/www.athome.lu\/blog\/wp-content\/uploads\/2025\/10\/atHome_Trends-Report_09-2025.jpg 1654w\" sizes=\"auto, (max-width: 724px) 100vw, 724px\" \/><\/a><\/figure>\n\n\n\n<p class=\"has-text-align-center has-large-font-size\"><\/p>\n\n\n\n<p><\/p>\n","protected":false},"excerpt":{"rendered":"<p>Le troisi\u00e8me trimestre 2025 marque une \u00e9tape de transition pour le march\u00e9 immobilier luxembourgeois. Apr\u00e8s plusieurs trimestres de hausse, les prix de vente amorcent une stabilisation, tandis que le march\u00e9 locatif confirme sa tendance \u00e0 l\u2019\u00e9quilibre. Cette phase illustre un ralentissement observ\u00e9 ce trimestre, tout en conservant une dynamique annuelle orient\u00e9e \u00e0 la hausse. Les [&hellip;]<\/p>\n","protected":false},"author":19,"featured_media":17948,"comment_status":"closed","ping_status":"closed","sticky":false,"template":"","format":"standard","meta":{"_acf_changed":false,"footnotes":""},"categories":[217],"tags":[],"class_list":["post-17859","post","type-post","status-publish","format-standard","has-post-thumbnail","hentry","category-marche-immobilier"],"acf":[],"yoast_head":"<!-- This site is optimized with the Yoast SEO plugin v27.4 - https:\/\/yoast.com\/product\/yoast-seo-wordpress\/ -->\n<title>T3 2025 : des prix de vente plus mesur\u00e9s et un march\u00e9 locatif globalement stable - atHome Blog<\/title>\n<meta name=\"robots\" content=\"index, follow, max-snippet:-1, max-image-preview:large, max-video-preview:-1\" \/>\n<link rel=\"canonical\" href=\"https:\/\/www.athome.lu\/blog\/marche-immobilier\/t3-2025-des-prix-de-vente-plus-mesures-et-un-marche-locatif-globalement-stable\/\" \/>\n<meta property=\"og:locale\" content=\"fr_FR\" \/>\n<meta property=\"og:type\" content=\"article\" \/>\n<meta property=\"og:title\" content=\"T3 2025 : des prix de vente plus mesur\u00e9s et un march\u00e9 locatif globalement stable - atHome Blog\" \/>\n<meta property=\"og:description\" content=\"Le troisi\u00e8me trimestre 2025 marque une \u00e9tape de transition pour le march\u00e9 immobilier luxembourgeois. Apr\u00e8s plusieurs trimestres de hausse, les prix de vente amorcent une stabilisation, tandis que le march\u00e9 locatif confirme sa tendance \u00e0 l\u2019\u00e9quilibre. Cette phase illustre un ralentissement observ\u00e9 ce trimestre, tout en conservant une dynamique annuelle orient\u00e9e \u00e0 la hausse. Les [&hellip;]\" \/>\n<meta property=\"og:url\" content=\"https:\/\/www.athome.lu\/blog\/marche-immobilier\/t3-2025-des-prix-de-vente-plus-mesures-et-un-marche-locatif-globalement-stable\/\" \/>\n<meta property=\"og:site_name\" content=\"atHome Blog\" \/>\n<meta property=\"article:publisher\" content=\"https:\/\/www.facebook.com\/atHome.lu\/\" \/>\n<meta property=\"article:published_time\" content=\"2025-09-30T22:00:00+00:00\" \/>\n<meta property=\"article:modified_time\" content=\"2026-03-02T08:33:21+00:00\" \/>\n<meta property=\"og:image\" content=\"https:\/\/www.athome.lu\/blog\/wp-content\/uploads\/2025\/10\/AHP-Banniere-Wordpress-1024x305.png\" \/>\n\t<meta property=\"og:image:width\" content=\"1024\" \/>\n\t<meta property=\"og:image:height\" content=\"305\" \/>\n\t<meta property=\"og:image:type\" content=\"image\/png\" \/>\n<meta name=\"author\" content=\"atHome.lu\" \/>\n<meta name=\"twitter:card\" content=\"summary_large_image\" \/>\n<meta name=\"twitter:creator\" content=\"@athomelu\" \/>\n<meta name=\"twitter:site\" content=\"@athomelu\" \/>\n<meta name=\"twitter:label1\" content=\"\u00c9crit par\" \/>\n\t<meta name=\"twitter:data1\" content=\"atHome.lu\" \/>\n\t<meta name=\"twitter:label2\" content=\"Dur\u00e9e de lecture estim\u00e9e\" \/>\n\t<meta name=\"twitter:data2\" content=\"5 minutes\" \/>\n<script type=\"application\/ld+json\" class=\"yoast-schema-graph\">{\"@context\":\"https:\\\/\\\/schema.org\",\"@graph\":[{\"@type\":\"Article\",\"@id\":\"https:\\\/\\\/www.athome.lu\\\/blog\\\/marche-immobilier\\\/t3-2025-des-prix-de-vente-plus-mesures-et-un-marche-locatif-globalement-stable\\\/#article\",\"isPartOf\":{\"@id\":\"https:\\\/\\\/www.athome.lu\\\/blog\\\/marche-immobilier\\\/t3-2025-des-prix-de-vente-plus-mesures-et-un-marche-locatif-globalement-stable\\\/\"},\"author\":{\"name\":\"atHome.lu\",\"@id\":\"https:\\\/\\\/www.athome.lu\\\/blog\\\/#\\\/schema\\\/person\\\/6b0cae19a94059156faf7f0ce969b4a0\"},\"headline\":\"T3 2025 : des prix de vente plus mesur\u00e9s et un march\u00e9 locatif globalement stable\",\"datePublished\":\"2025-09-30T22:00:00+00:00\",\"dateModified\":\"2026-03-02T08:33:21+00:00\",\"mainEntityOfPage\":{\"@id\":\"https:\\\/\\\/www.athome.lu\\\/blog\\\/marche-immobilier\\\/t3-2025-des-prix-de-vente-plus-mesures-et-un-marche-locatif-globalement-stable\\\/\"},\"wordCount\":726,\"image\":{\"@id\":\"https:\\\/\\\/www.athome.lu\\\/blog\\\/marche-immobilier\\\/t3-2025-des-prix-de-vente-plus-mesures-et-un-marche-locatif-globalement-stable\\\/#primaryimage\"},\"thumbnailUrl\":\"https:\\\/\\\/www.athome.lu\\\/blog\\\/wp-content\\\/uploads\\\/2025\\\/10\\\/AHP-Banniere-Wordpress-scaled.png\",\"articleSection\":[\"March\u00e9 immobilier\"],\"inLanguage\":\"fr-FR\"},{\"@type\":\"WebPage\",\"@id\":\"https:\\\/\\\/www.athome.lu\\\/blog\\\/marche-immobilier\\\/t3-2025-des-prix-de-vente-plus-mesures-et-un-marche-locatif-globalement-stable\\\/\",\"url\":\"https:\\\/\\\/www.athome.lu\\\/blog\\\/marche-immobilier\\\/t3-2025-des-prix-de-vente-plus-mesures-et-un-marche-locatif-globalement-stable\\\/\",\"name\":\"T3 2025 : des prix de vente plus mesur\u00e9s et un march\u00e9 locatif globalement stable - atHome Blog\",\"isPartOf\":{\"@id\":\"https:\\\/\\\/www.athome.lu\\\/blog\\\/#website\"},\"primaryImageOfPage\":{\"@id\":\"https:\\\/\\\/www.athome.lu\\\/blog\\\/marche-immobilier\\\/t3-2025-des-prix-de-vente-plus-mesures-et-un-marche-locatif-globalement-stable\\\/#primaryimage\"},\"image\":{\"@id\":\"https:\\\/\\\/www.athome.lu\\\/blog\\\/marche-immobilier\\\/t3-2025-des-prix-de-vente-plus-mesures-et-un-marche-locatif-globalement-stable\\\/#primaryimage\"},\"thumbnailUrl\":\"https:\\\/\\\/www.athome.lu\\\/blog\\\/wp-content\\\/uploads\\\/2025\\\/10\\\/AHP-Banniere-Wordpress-scaled.png\",\"datePublished\":\"2025-09-30T22:00:00+00:00\",\"dateModified\":\"2026-03-02T08:33:21+00:00\",\"author\":{\"@id\":\"https:\\\/\\\/www.athome.lu\\\/blog\\\/#\\\/schema\\\/person\\\/6b0cae19a94059156faf7f0ce969b4a0\"},\"breadcrumb\":{\"@id\":\"https:\\\/\\\/www.athome.lu\\\/blog\\\/marche-immobilier\\\/t3-2025-des-prix-de-vente-plus-mesures-et-un-marche-locatif-globalement-stable\\\/#breadcrumb\"},\"inLanguage\":\"fr-FR\",\"potentialAction\":[{\"@type\":\"ReadAction\",\"target\":[\"https:\\\/\\\/www.athome.lu\\\/blog\\\/marche-immobilier\\\/t3-2025-des-prix-de-vente-plus-mesures-et-un-marche-locatif-globalement-stable\\\/\"]}]},{\"@type\":\"ImageObject\",\"inLanguage\":\"fr-FR\",\"@id\":\"https:\\\/\\\/www.athome.lu\\\/blog\\\/marche-immobilier\\\/t3-2025-des-prix-de-vente-plus-mesures-et-un-marche-locatif-globalement-stable\\\/#primaryimage\",\"url\":\"https:\\\/\\\/www.athome.lu\\\/blog\\\/wp-content\\\/uploads\\\/2025\\\/10\\\/AHP-Banniere-Wordpress-scaled.png\",\"contentUrl\":\"https:\\\/\\\/www.athome.lu\\\/blog\\\/wp-content\\\/uploads\\\/2025\\\/10\\\/AHP-Banniere-Wordpress-scaled.png\",\"width\":2560,\"height\":763},{\"@type\":\"BreadcrumbList\",\"@id\":\"https:\\\/\\\/www.athome.lu\\\/blog\\\/marche-immobilier\\\/t3-2025-des-prix-de-vente-plus-mesures-et-un-marche-locatif-globalement-stable\\\/#breadcrumb\",\"itemListElement\":[{\"@type\":\"ListItem\",\"position\":1,\"name\":\"Accueil\",\"item\":\"https:\\\/\\\/www.athome.lu\\\/blog\\\/\"},{\"@type\":\"ListItem\",\"position\":2,\"name\":\"March\u00e9 immobilier\",\"item\":\"https:\\\/\\\/www.athome.lu\\\/blog\\\/category\\\/marche-immobilier\\\/\"},{\"@type\":\"ListItem\",\"position\":3,\"name\":\"T3 2025 : des prix de vente plus mesur\u00e9s et un march\u00e9 locatif globalement stable\"}]},{\"@type\":\"WebSite\",\"@id\":\"https:\\\/\\\/www.athome.lu\\\/blog\\\/#website\",\"url\":\"https:\\\/\\\/www.athome.lu\\\/blog\\\/\",\"name\":\"atHome Blog\",\"description\":\"Annonces immobili\u00e8res au Luxembourg. Le portail immobilier n\u00b01 au Luxembourg.\",\"potentialAction\":[{\"@type\":\"SearchAction\",\"target\":{\"@type\":\"EntryPoint\",\"urlTemplate\":\"https:\\\/\\\/www.athome.lu\\\/blog\\\/?s={search_term_string}\"},\"query-input\":{\"@type\":\"PropertyValueSpecification\",\"valueRequired\":true,\"valueName\":\"search_term_string\"}}],\"inLanguage\":\"fr-FR\"},{\"@type\":\"Person\",\"@id\":\"https:\\\/\\\/www.athome.lu\\\/blog\\\/#\\\/schema\\\/person\\\/6b0cae19a94059156faf7f0ce969b4a0\",\"name\":\"atHome.lu\",\"image\":{\"@type\":\"ImageObject\",\"inLanguage\":\"fr-FR\",\"@id\":\"https:\\\/\\\/secure.gravatar.com\\\/avatar\\\/aaf3e502d7787af3ce4793c226e9640b6ab8f2b336039142fc34b438e2e085e8?s=96&d=mm&r=g\",\"url\":\"https:\\\/\\\/secure.gravatar.com\\\/avatar\\\/aaf3e502d7787af3ce4793c226e9640b6ab8f2b336039142fc34b438e2e085e8?s=96&d=mm&r=g\",\"contentUrl\":\"https:\\\/\\\/secure.gravatar.com\\\/avatar\\\/aaf3e502d7787af3ce4793c226e9640b6ab8f2b336039142fc34b438e2e085e8?s=96&d=mm&r=g\",\"caption\":\"atHome.lu\"}}]}<\/script>\n<!-- \/ Yoast SEO plugin. -->","yoast_head_json":{"title":"T3 2025 : des prix de vente plus mesur\u00e9s et un march\u00e9 locatif globalement stable - atHome Blog","robots":{"index":"index","follow":"follow","max-snippet":"max-snippet:-1","max-image-preview":"max-image-preview:large","max-video-preview":"max-video-preview:-1"},"canonical":"https:\/\/www.athome.lu\/blog\/marche-immobilier\/t3-2025-des-prix-de-vente-plus-mesures-et-un-marche-locatif-globalement-stable\/","og_locale":"fr_FR","og_type":"article","og_title":"T3 2025 : des prix de vente plus mesur\u00e9s et un march\u00e9 locatif globalement stable - atHome Blog","og_description":"Le troisi\u00e8me trimestre 2025 marque une \u00e9tape de transition pour le march\u00e9 immobilier luxembourgeois. Apr\u00e8s plusieurs trimestres de hausse, les prix de vente amorcent une stabilisation, tandis que le march\u00e9 locatif confirme sa tendance \u00e0 l\u2019\u00e9quilibre. Cette phase illustre un ralentissement observ\u00e9 ce trimestre, tout en conservant une dynamique annuelle orient\u00e9e \u00e0 la hausse. Les [&hellip;]","og_url":"https:\/\/www.athome.lu\/blog\/marche-immobilier\/t3-2025-des-prix-de-vente-plus-mesures-et-un-marche-locatif-globalement-stable\/","og_site_name":"atHome Blog","article_publisher":"https:\/\/www.facebook.com\/atHome.lu\/","article_published_time":"2025-09-30T22:00:00+00:00","article_modified_time":"2026-03-02T08:33:21+00:00","og_image":[{"width":1024,"height":305,"url":"https:\/\/www.athome.lu\/blog\/wp-content\/uploads\/2025\/10\/AHP-Banniere-Wordpress-1024x305.png","type":"image\/png"}],"author":"atHome.lu","twitter_card":"summary_large_image","twitter_creator":"@athomelu","twitter_site":"@athomelu","twitter_misc":{"\u00c9crit par":"atHome.lu","Dur\u00e9e de lecture estim\u00e9e":"5 minutes"},"schema":{"@context":"https:\/\/schema.org","@graph":[{"@type":"Article","@id":"https:\/\/www.athome.lu\/blog\/marche-immobilier\/t3-2025-des-prix-de-vente-plus-mesures-et-un-marche-locatif-globalement-stable\/#article","isPartOf":{"@id":"https:\/\/www.athome.lu\/blog\/marche-immobilier\/t3-2025-des-prix-de-vente-plus-mesures-et-un-marche-locatif-globalement-stable\/"},"author":{"name":"atHome.lu","@id":"https:\/\/www.athome.lu\/blog\/#\/schema\/person\/6b0cae19a94059156faf7f0ce969b4a0"},"headline":"T3 2025 : des prix de vente plus mesur\u00e9s et un march\u00e9 locatif globalement stable","datePublished":"2025-09-30T22:00:00+00:00","dateModified":"2026-03-02T08:33:21+00:00","mainEntityOfPage":{"@id":"https:\/\/www.athome.lu\/blog\/marche-immobilier\/t3-2025-des-prix-de-vente-plus-mesures-et-un-marche-locatif-globalement-stable\/"},"wordCount":726,"image":{"@id":"https:\/\/www.athome.lu\/blog\/marche-immobilier\/t3-2025-des-prix-de-vente-plus-mesures-et-un-marche-locatif-globalement-stable\/#primaryimage"},"thumbnailUrl":"https:\/\/www.athome.lu\/blog\/wp-content\/uploads\/2025\/10\/AHP-Banniere-Wordpress-scaled.png","articleSection":["March\u00e9 immobilier"],"inLanguage":"fr-FR"},{"@type":"WebPage","@id":"https:\/\/www.athome.lu\/blog\/marche-immobilier\/t3-2025-des-prix-de-vente-plus-mesures-et-un-marche-locatif-globalement-stable\/","url":"https:\/\/www.athome.lu\/blog\/marche-immobilier\/t3-2025-des-prix-de-vente-plus-mesures-et-un-marche-locatif-globalement-stable\/","name":"T3 2025 : des prix de vente plus mesur\u00e9s et un march\u00e9 locatif globalement stable - atHome Blog","isPartOf":{"@id":"https:\/\/www.athome.lu\/blog\/#website"},"primaryImageOfPage":{"@id":"https:\/\/www.athome.lu\/blog\/marche-immobilier\/t3-2025-des-prix-de-vente-plus-mesures-et-un-marche-locatif-globalement-stable\/#primaryimage"},"image":{"@id":"https:\/\/www.athome.lu\/blog\/marche-immobilier\/t3-2025-des-prix-de-vente-plus-mesures-et-un-marche-locatif-globalement-stable\/#primaryimage"},"thumbnailUrl":"https:\/\/www.athome.lu\/blog\/wp-content\/uploads\/2025\/10\/AHP-Banniere-Wordpress-scaled.png","datePublished":"2025-09-30T22:00:00+00:00","dateModified":"2026-03-02T08:33:21+00:00","author":{"@id":"https:\/\/www.athome.lu\/blog\/#\/schema\/person\/6b0cae19a94059156faf7f0ce969b4a0"},"breadcrumb":{"@id":"https:\/\/www.athome.lu\/blog\/marche-immobilier\/t3-2025-des-prix-de-vente-plus-mesures-et-un-marche-locatif-globalement-stable\/#breadcrumb"},"inLanguage":"fr-FR","potentialAction":[{"@type":"ReadAction","target":["https:\/\/www.athome.lu\/blog\/marche-immobilier\/t3-2025-des-prix-de-vente-plus-mesures-et-un-marche-locatif-globalement-stable\/"]}]},{"@type":"ImageObject","inLanguage":"fr-FR","@id":"https:\/\/www.athome.lu\/blog\/marche-immobilier\/t3-2025-des-prix-de-vente-plus-mesures-et-un-marche-locatif-globalement-stable\/#primaryimage","url":"https:\/\/www.athome.lu\/blog\/wp-content\/uploads\/2025\/10\/AHP-Banniere-Wordpress-scaled.png","contentUrl":"https:\/\/www.athome.lu\/blog\/wp-content\/uploads\/2025\/10\/AHP-Banniere-Wordpress-scaled.png","width":2560,"height":763},{"@type":"BreadcrumbList","@id":"https:\/\/www.athome.lu\/blog\/marche-immobilier\/t3-2025-des-prix-de-vente-plus-mesures-et-un-marche-locatif-globalement-stable\/#breadcrumb","itemListElement":[{"@type":"ListItem","position":1,"name":"Accueil","item":"https:\/\/www.athome.lu\/blog\/"},{"@type":"ListItem","position":2,"name":"March\u00e9 immobilier","item":"https:\/\/www.athome.lu\/blog\/category\/marche-immobilier\/"},{"@type":"ListItem","position":3,"name":"T3 2025 : des prix de vente plus mesur\u00e9s et un march\u00e9 locatif globalement stable"}]},{"@type":"WebSite","@id":"https:\/\/www.athome.lu\/blog\/#website","url":"https:\/\/www.athome.lu\/blog\/","name":"atHome Blog","description":"Annonces immobili\u00e8res au Luxembourg. Le portail immobilier n\u00b01 au Luxembourg.","potentialAction":[{"@type":"SearchAction","target":{"@type":"EntryPoint","urlTemplate":"https:\/\/www.athome.lu\/blog\/?s={search_term_string}"},"query-input":{"@type":"PropertyValueSpecification","valueRequired":true,"valueName":"search_term_string"}}],"inLanguage":"fr-FR"},{"@type":"Person","@id":"https:\/\/www.athome.lu\/blog\/#\/schema\/person\/6b0cae19a94059156faf7f0ce969b4a0","name":"atHome.lu","image":{"@type":"ImageObject","inLanguage":"fr-FR","@id":"https:\/\/secure.gravatar.com\/avatar\/aaf3e502d7787af3ce4793c226e9640b6ab8f2b336039142fc34b438e2e085e8?s=96&d=mm&r=g","url":"https:\/\/secure.gravatar.com\/avatar\/aaf3e502d7787af3ce4793c226e9640b6ab8f2b336039142fc34b438e2e085e8?s=96&d=mm&r=g","contentUrl":"https:\/\/secure.gravatar.com\/avatar\/aaf3e502d7787af3ce4793c226e9640b6ab8f2b336039142fc34b438e2e085e8?s=96&d=mm&r=g","caption":"atHome.lu"}}]}},"featured_media_src_url":"https:\/\/www.athome.lu\/blog\/wp-content\/uploads\/2025\/10\/AHP-Banniere-Wordpress-1024x305.png","_links":{"self":[{"href":"https:\/\/www.athome.lu\/blog\/wp-json\/wp\/v2\/posts\/17859","targetHints":{"allow":["GET"]}}],"collection":[{"href":"https:\/\/www.athome.lu\/blog\/wp-json\/wp\/v2\/posts"}],"about":[{"href":"https:\/\/www.athome.lu\/blog\/wp-json\/wp\/v2\/types\/post"}],"author":[{"embeddable":true,"href":"https:\/\/www.athome.lu\/blog\/wp-json\/wp\/v2\/users\/19"}],"replies":[{"embeddable":true,"href":"https:\/\/www.athome.lu\/blog\/wp-json\/wp\/v2\/comments?post=17859"}],"version-history":[{"count":43,"href":"https:\/\/www.athome.lu\/blog\/wp-json\/wp\/v2\/posts\/17859\/revisions"}],"predecessor-version":[{"id":17959,"href":"https:\/\/www.athome.lu\/blog\/wp-json\/wp\/v2\/posts\/17859\/revisions\/17959"}],"wp:featuredmedia":[{"embeddable":true,"href":"https:\/\/www.athome.lu\/blog\/wp-json\/wp\/v2\/media\/17948"}],"wp:attachment":[{"href":"https:\/\/www.athome.lu\/blog\/wp-json\/wp\/v2\/media?parent=17859"}],"wp:term":[{"taxonomy":"category","embeddable":true,"href":"https:\/\/www.athome.lu\/blog\/wp-json\/wp\/v2\/categories?post=17859"},{"taxonomy":"post_tag","embeddable":true,"href":"https:\/\/www.athome.lu\/blog\/wp-json\/wp\/v2\/tags?post=17859"}],"curies":[{"name":"wp","href":"https:\/\/api.w.org\/{rel}","templated":true}]}}