{"id":18007,"date":"2025-10-06T00:00:00","date_gmt":"2025-10-05T22:00:00","guid":{"rendered":"https:\/\/www.athome.lu\/blog\/?p=18007"},"modified":"2025-10-17T16:24:19","modified_gmt":"2025-10-17T14:24:19","slug":"au-luxembourg-la-renovation-energetique-comme-priorite","status":"publish","type":"post","link":"https:\/\/www.athome.lu\/blog\/dossiers-a-la-une\/au-luxembourg-la-renovation-energetique-comme-priorite\/","title":{"rendered":"Au Luxembourg, la r\u00e9novation \u00e9nerg\u00e9tique comme priorit\u00e9"},"content":{"rendered":"\n<p><strong>Selon une enqu\u00eate europ\u00e9enne r\u00e9alis\u00e9e par BNP Paribas avec l\u2019institut Toluna - Harris Interactive, les r\u00e9sidents luxembourgeois placent la protection de leur logement au premier rang des priorit\u00e9s face au changement climatique.<\/strong><\/p>\n\n\n\n<p>En f\u00e9vrier 2025, le groupe BNP Paribas s\u2019est int\u00e9ress\u00e9 aux enjeux li\u00e9s \u00e0 l\u2019habitat, au climat et \u00e0 la performance \u00e9nerg\u00e9tique. Avec l\u2019institut Toluna -Harris Interactive, la banque a men\u00e9 une vaste <a href=\"https:\/\/www.bgl.lu\/fr\/enquete-renovation-energetique?cid=fr-jp-pw-noto25\">\u00e9tude <\/a>aupr\u00e8s de 11.700 Europ\u00e9ens dans huit pays, dont 700 r\u00e9sidents luxembourgeois. Cette \u00e9tude a notamment r\u00e9v\u00e9l\u00e9 que, au Grand-Duch\u00e9, le logement est consid\u00e9r\u00e9 comme la priorit\u00e9 num\u00e9ro un face au changement climatique.<\/p>\n\n\n\n<h2 class=\"wp-block-heading\">L\u2019habitat, levier cl\u00e9 de la transition climatique<\/h2>\n\n\n\n<p>Les r\u00e9sidents luxembourgeois placent sans h\u00e9sitation leur logement en t\u00eate des priorit\u00e9s environnementales. C\u2019est une sp\u00e9cificit\u00e9 : nulle part ailleurs en Europe l\u2019habitat ne devance les autres th\u00e9matiques. Ailleurs, c'est la mobilit\u00e9 qui pr\u00e9vaut. <\/p>\n\n\n\n<div style=\"height:20px\" aria-hidden=\"true\" class=\"wp-block-spacer\"><\/div>\n\n\n<div class=\"wp-block-image\">\n<figure class=\"aligncenter size-large is-resized has-custom-border\"><img loading=\"lazy\" decoding=\"async\" width=\"1024\" height=\"576\" src=\"https:\/\/www.athome.lu\/blog\/wp-content\/uploads\/2025\/10\/Marie-Athome-1280x720-2-1024x576.jpg\" alt=\"\" class=\"wp-image-18017\" style=\"border-style:none;border-width:0px;border-radius:13px;width:360px\" srcset=\"https:\/\/www.athome.lu\/blog\/wp-content\/uploads\/2025\/10\/Marie-Athome-1280x720-2-1024x576.jpg 1024w, https:\/\/www.athome.lu\/blog\/wp-content\/uploads\/2025\/10\/Marie-Athome-1280x720-2-300x169.jpg 300w, https:\/\/www.athome.lu\/blog\/wp-content\/uploads\/2025\/10\/Marie-Athome-1280x720-2-768x432.jpg 768w, https:\/\/www.athome.lu\/blog\/wp-content\/uploads\/2025\/10\/Marie-Athome-1280x720-2-18x10.jpg 18w, https:\/\/www.athome.lu\/blog\/wp-content\/uploads\/2025\/10\/Marie-Athome-1280x720-2.jpg 1280w\" sizes=\"auto, (max-width: 1024px) 100vw, 1024px\" \/><\/figure>\n<\/div>\n\n\n<p class=\"has-text-align-center has-small-font-size\"> Marie Delhaye, Responsable des Projets ESG au sein de BGL BNP Paribas.<\/p>\n\n\n\n<div style=\"height:6px\" aria-hidden=\"true\" class=\"wp-block-spacer\"><\/div>\n\n\n\n<div aria-hidden=\"true\" class=\"wp-block-spacer\"><\/div>\n\n\n\n<p>\u00ab Pour les habitants du Luxembourg, prot\u00e9ger son logement, c\u2019est prot\u00e9ger sa famille, son avenir et son capital. La r\u00e9novation \u00e9nerg\u00e9tique devient ainsi un levier incontournable, non seulement pour contribuer \u00e0 la transition climatique, mais aussi pour pr\u00e9server la valeur patrimoniale \u00bb, analyse Marie Delhaye, Responsable des Projets ESG au sein de BGL BNP Paribas.<\/p>\n\n\n\n<h2 class=\"wp-block-heading\">La valeur verte comme moteur principal<\/h2>\n\n\n\n<p>Les chiffres parlent d\u2019eux-m\u00eames :<\/p>\n\n\n\n<p>\u00b7 80 % des r\u00e9sidents luxembourgeois estiment que la performance \u00e9nerg\u00e9tique influence, ou influencera, le prix d\u2019un logement (contre 70 % en Europe).<\/p>\n\n\n\n<p>\u00b7 66 % consid\u00e8rent indispensable d\u2019investir dans la r\u00e9novation pour \u00e9viter une revente en dessous du march\u00e9.<\/p>\n\n\n\n<p>Dans un pays o\u00f9 l\u2019immobilier occupe une place centrale dans le patrimoine, la r\u00e9novation \u00e9nerg\u00e9tique est donc largement per\u00e7ue comme une assurance contre la d\u00e9cote. \u00ab Les m\u00e9nages prennent de plus en plus conscience qu\u2019un logement mal class\u00e9 \u00e9nerg\u00e9tiquement perd de sa valeur et devient difficile \u00e0 vendre ou \u00e0 louer. Cette prise de conscience est un moteur puissant, mais elle reste avant tout financi\u00e8re \u00bb, pr\u00e9cise Marie Delhaye.<\/p>\n\n\n\n<h2 class=\"wp-block-heading\">Une inqui\u00e9tude climatique en retrait<\/h2>\n\n\n\n<p>Paradoxalement, cette sensibilit\u00e9 patrimoniale ne s\u2019accompagne pas d\u2019une inqui\u00e9tude climatique forte. Avec l\u2019Allemagne et le Royaume-Uni, le Luxembourg figure parmi les pays les moins pr\u00e9occup\u00e9s par le r\u00e9chauffement climatique vis-\u00e0-vis de leur bien immobilier. 44 % des habitants d\u00e9clarent ne pas se sentir concern\u00e9s par les enjeux climatiques li\u00e9s au logement, contre 34 % en Europe.<\/p>\n\n\n\n<p>Cette situation peut s\u2019expliquer par le fait que le pays est moins expos\u00e9 \u00e0 certains risques climatiques imm\u00e9diats, comme les incendies ou les vagues de chaleur extr\u00eame, comme c\u2019est le cas dans d\u2019autres pays de l\u2019\u00e9chantillon de l\u2019\u00e9tude.<\/p>\n\n\n\n<p>\u00ab Notre r\u00f4le est de montrer que l\u2019int\u00e9r\u00eat \u00e9conomique et l\u2019int\u00e9r\u00eat \u00e9cologique convergent. R\u00e9nover son logement, c\u2019est \u00e0 la fois r\u00e9duire ses factures, valoriser son patrimoine et contribuer \u00e0 la lutte contre le changement climatique \u00bb, estime Marie Delhaye.<\/p>\n\n\n\n<h2 class=\"wp-block-heading\">L\u2019engagement de BGL BNP Paribas<\/h2>\n\n\n\n<p>Afin d\u2019accompagner les projets de r\u00e9novation, la banque propose notamment un ensemble de solutions de financement r\u00e9pondant aux divers besoins de ses clients d\u00e9sireux de mener des travaux de r\u00e9novation : <a href=\"https:\/\/www.bgl.lu\/fr\/particuliers\/projet-immo\/pret-immobilier.html?cid=fr-jp-pw-immo25\">pr\u00eat immobilier<\/a>, <a href=\"https:\/\/www.bgl.lu\/fr\/particuliers\/projet-renovation\/aides-renovation-energetique.html?cid=fr-jp-pw-clim25\">pr\u00eat climatique<\/a> et <a href=\"https:\/\/bgl.lu\/fr\/entreprises\/solutions-de-credit\/credit-co-propriete.html?cid=fr-jp-pw-copro25\">pr\u00eat copropri\u00e9t\u00e9<\/a>.<\/p>\n\n\n\n<p>Ses conseillers, form\u00e9s aux enjeux climatiques et \u00e0 la compr\u00e9hension d\u2019un certificat de performance \u00e9nerg\u00e9tique (CPE), travaillent avec des partenaires experts comme <a href=\"https:\/\/bgl.lu\/fr\/entreprises\/solutions-de-credit\/credit-co-propriete.html?cid=fr-jp-pw-copro25https:\/\/www.bgl.lu\/fr\/particuliers\/projet-renovation\/conseil-energie.html?cid=fr-jp-pw-actif25\">Actif <\/a>pour accompagner les clients dans toutes les \u00e9tapes de leur projet. Une dynamique que BGL BNP Paribas souhaite amplifier pour faire converger l\u2019int\u00e9r\u00eat \u00e9conomique de ses clients et leur engagement environnemental.<\/p>\n\n\n\n<p><\/p>\n","protected":false},"excerpt":{"rendered":"<p>Selon une enqu\u00eate europ\u00e9enne r\u00e9alis\u00e9e par BNP Paribas avec l\u2019institut Toluna - Harris Interactive, les r\u00e9sidents luxembourgeois placent la protection de leur logement au premier rang des priorit\u00e9s face au changement climatique. En f\u00e9vrier 2025, le groupe BNP Paribas s\u2019est int\u00e9ress\u00e9 aux enjeux li\u00e9s \u00e0 l\u2019habitat, au climat et \u00e0 la performance \u00e9nerg\u00e9tique. Avec l\u2019institut [&hellip;]<\/p>\n","protected":false},"author":19,"featured_media":18010,"comment_status":"closed","ping_status":"closed","sticky":false,"template":"","format":"standard","meta":{"_acf_changed":false,"footnotes":""},"categories":[28],"tags":[],"class_list":["post-18007","post","type-post","status-publish","format-standard","has-post-thumbnail","hentry","category-dossiers-a-la-une"],"acf":[],"yoast_head":"<!-- This site is optimized with the Yoast SEO plugin v27.4 - https:\/\/yoast.com\/product\/yoast-seo-wordpress\/ -->\n<title>Au Luxembourg, la r\u00e9novation \u00e9nerg\u00e9tique comme priorit\u00e9 - atHome Blog<\/title>\n<meta name=\"robots\" content=\"index, follow, max-snippet:-1, max-image-preview:large, max-video-preview:-1\" \/>\n<link rel=\"canonical\" href=\"https:\/\/www.athome.lu\/blog\/dossiers-a-la-une\/au-luxembourg-la-renovation-energetique-comme-priorite\/\" \/>\n<meta property=\"og:locale\" content=\"fr_FR\" \/>\n<meta property=\"og:type\" content=\"article\" \/>\n<meta property=\"og:title\" content=\"Au Luxembourg, la r\u00e9novation \u00e9nerg\u00e9tique comme priorit\u00e9 - atHome Blog\" \/>\n<meta property=\"og:description\" content=\"Selon une enqu\u00eate europ\u00e9enne r\u00e9alis\u00e9e par BNP Paribas avec l\u2019institut Toluna - Harris Interactive, les r\u00e9sidents luxembourgeois placent la protection de leur logement au premier rang des priorit\u00e9s face au changement climatique. En f\u00e9vrier 2025, le groupe BNP Paribas s\u2019est int\u00e9ress\u00e9 aux enjeux li\u00e9s \u00e0 l\u2019habitat, au climat et \u00e0 la performance \u00e9nerg\u00e9tique. Avec l\u2019institut [&hellip;]\" \/>\n<meta property=\"og:url\" content=\"https:\/\/www.athome.lu\/blog\/dossiers-a-la-une\/au-luxembourg-la-renovation-energetique-comme-priorite\/\" \/>\n<meta property=\"og:site_name\" content=\"atHome Blog\" \/>\n<meta property=\"article:publisher\" content=\"https:\/\/www.facebook.com\/atHome.lu\/\" \/>\n<meta property=\"article:published_time\" content=\"2025-10-05T22:00:00+00:00\" \/>\n<meta property=\"article:modified_time\" content=\"2025-10-17T14:24:19+00:00\" \/>\n<meta property=\"og:image\" content=\"https:\/\/www.athome.lu\/blog\/wp-content\/uploads\/2025\/10\/Toit-760x360-1.jpg\" \/>\n\t<meta property=\"og:image:width\" content=\"760\" \/>\n\t<meta property=\"og:image:height\" content=\"360\" \/>\n\t<meta property=\"og:image:type\" content=\"image\/jpeg\" \/>\n<meta name=\"author\" content=\"atHome.lu\" \/>\n<meta name=\"twitter:card\" content=\"summary_large_image\" \/>\n<meta name=\"twitter:creator\" content=\"@athomelu\" \/>\n<meta name=\"twitter:site\" content=\"@athomelu\" \/>\n<meta name=\"twitter:label1\" content=\"\u00c9crit par\" \/>\n\t<meta name=\"twitter:data1\" content=\"atHome.lu\" \/>\n\t<meta name=\"twitter:label2\" content=\"Dur\u00e9e de lecture estim\u00e9e\" \/>\n\t<meta name=\"twitter:data2\" content=\"4 minutes\" \/>\n<script type=\"application\/ld+json\" class=\"yoast-schema-graph\">{\"@context\":\"https:\\\/\\\/schema.org\",\"@graph\":[{\"@type\":\"Article\",\"@id\":\"https:\\\/\\\/www.athome.lu\\\/blog\\\/dossiers-a-la-une\\\/au-luxembourg-la-renovation-energetique-comme-priorite\\\/#article\",\"isPartOf\":{\"@id\":\"https:\\\/\\\/www.athome.lu\\\/blog\\\/dossiers-a-la-une\\\/au-luxembourg-la-renovation-energetique-comme-priorite\\\/\"},\"author\":{\"name\":\"atHome.lu\",\"@id\":\"https:\\\/\\\/www.athome.lu\\\/blog\\\/#\\\/schema\\\/person\\\/6b0cae19a94059156faf7f0ce969b4a0\"},\"headline\":\"Au Luxembourg, la r\u00e9novation \u00e9nerg\u00e9tique comme priorit\u00e9\",\"datePublished\":\"2025-10-05T22:00:00+00:00\",\"dateModified\":\"2025-10-17T14:24:19+00:00\",\"mainEntityOfPage\":{\"@id\":\"https:\\\/\\\/www.athome.lu\\\/blog\\\/dossiers-a-la-une\\\/au-luxembourg-la-renovation-energetique-comme-priorite\\\/\"},\"wordCount\":637,\"image\":{\"@id\":\"https:\\\/\\\/www.athome.lu\\\/blog\\\/dossiers-a-la-une\\\/au-luxembourg-la-renovation-energetique-comme-priorite\\\/#primaryimage\"},\"thumbnailUrl\":\"https:\\\/\\\/www.athome.lu\\\/blog\\\/wp-content\\\/uploads\\\/2025\\\/10\\\/Toit-760x360-1.jpg\",\"articleSection\":[\"Dossier \u00e0 la une\"],\"inLanguage\":\"fr-FR\"},{\"@type\":\"WebPage\",\"@id\":\"https:\\\/\\\/www.athome.lu\\\/blog\\\/dossiers-a-la-une\\\/au-luxembourg-la-renovation-energetique-comme-priorite\\\/\",\"url\":\"https:\\\/\\\/www.athome.lu\\\/blog\\\/dossiers-a-la-une\\\/au-luxembourg-la-renovation-energetique-comme-priorite\\\/\",\"name\":\"Au Luxembourg, la r\u00e9novation \u00e9nerg\u00e9tique comme priorit\u00e9 - atHome Blog\",\"isPartOf\":{\"@id\":\"https:\\\/\\\/www.athome.lu\\\/blog\\\/#website\"},\"primaryImageOfPage\":{\"@id\":\"https:\\\/\\\/www.athome.lu\\\/blog\\\/dossiers-a-la-une\\\/au-luxembourg-la-renovation-energetique-comme-priorite\\\/#primaryimage\"},\"image\":{\"@id\":\"https:\\\/\\\/www.athome.lu\\\/blog\\\/dossiers-a-la-une\\\/au-luxembourg-la-renovation-energetique-comme-priorite\\\/#primaryimage\"},\"thumbnailUrl\":\"https:\\\/\\\/www.athome.lu\\\/blog\\\/wp-content\\\/uploads\\\/2025\\\/10\\\/Toit-760x360-1.jpg\",\"datePublished\":\"2025-10-05T22:00:00+00:00\",\"dateModified\":\"2025-10-17T14:24:19+00:00\",\"author\":{\"@id\":\"https:\\\/\\\/www.athome.lu\\\/blog\\\/#\\\/schema\\\/person\\\/6b0cae19a94059156faf7f0ce969b4a0\"},\"breadcrumb\":{\"@id\":\"https:\\\/\\\/www.athome.lu\\\/blog\\\/dossiers-a-la-une\\\/au-luxembourg-la-renovation-energetique-comme-priorite\\\/#breadcrumb\"},\"inLanguage\":\"fr-FR\",\"potentialAction\":[{\"@type\":\"ReadAction\",\"target\":[\"https:\\\/\\\/www.athome.lu\\\/blog\\\/dossiers-a-la-une\\\/au-luxembourg-la-renovation-energetique-comme-priorite\\\/\"]}]},{\"@type\":\"ImageObject\",\"inLanguage\":\"fr-FR\",\"@id\":\"https:\\\/\\\/www.athome.lu\\\/blog\\\/dossiers-a-la-une\\\/au-luxembourg-la-renovation-energetique-comme-priorite\\\/#primaryimage\",\"url\":\"https:\\\/\\\/www.athome.lu\\\/blog\\\/wp-content\\\/uploads\\\/2025\\\/10\\\/Toit-760x360-1.jpg\",\"contentUrl\":\"https:\\\/\\\/www.athome.lu\\\/blog\\\/wp-content\\\/uploads\\\/2025\\\/10\\\/Toit-760x360-1.jpg\",\"width\":760,\"height\":360},{\"@type\":\"BreadcrumbList\",\"@id\":\"https:\\\/\\\/www.athome.lu\\\/blog\\\/dossiers-a-la-une\\\/au-luxembourg-la-renovation-energetique-comme-priorite\\\/#breadcrumb\",\"itemListElement\":[{\"@type\":\"ListItem\",\"position\":1,\"name\":\"Accueil\",\"item\":\"https:\\\/\\\/www.athome.lu\\\/blog\\\/\"},{\"@type\":\"ListItem\",\"position\":2,\"name\":\"Dossier \u00e0 la une\",\"item\":\"https:\\\/\\\/www.athome.lu\\\/blog\\\/en\\\/category\\\/featured\\\/\"},{\"@type\":\"ListItem\",\"position\":3,\"name\":\"Au Luxembourg, la r\u00e9novation \u00e9nerg\u00e9tique comme priorit\u00e9\"}]},{\"@type\":\"WebSite\",\"@id\":\"https:\\\/\\\/www.athome.lu\\\/blog\\\/#website\",\"url\":\"https:\\\/\\\/www.athome.lu\\\/blog\\\/\",\"name\":\"atHome Blog\",\"description\":\"Annonces immobili\u00e8res au Luxembourg. Le portail immobilier n\u00b01 au Luxembourg.\",\"potentialAction\":[{\"@type\":\"SearchAction\",\"target\":{\"@type\":\"EntryPoint\",\"urlTemplate\":\"https:\\\/\\\/www.athome.lu\\\/blog\\\/?s={search_term_string}\"},\"query-input\":{\"@type\":\"PropertyValueSpecification\",\"valueRequired\":true,\"valueName\":\"search_term_string\"}}],\"inLanguage\":\"fr-FR\"},{\"@type\":\"Person\",\"@id\":\"https:\\\/\\\/www.athome.lu\\\/blog\\\/#\\\/schema\\\/person\\\/6b0cae19a94059156faf7f0ce969b4a0\",\"name\":\"atHome.lu\",\"image\":{\"@type\":\"ImageObject\",\"inLanguage\":\"fr-FR\",\"@id\":\"https:\\\/\\\/secure.gravatar.com\\\/avatar\\\/aaf3e502d7787af3ce4793c226e9640b6ab8f2b336039142fc34b438e2e085e8?s=96&d=mm&r=g\",\"url\":\"https:\\\/\\\/secure.gravatar.com\\\/avatar\\\/aaf3e502d7787af3ce4793c226e9640b6ab8f2b336039142fc34b438e2e085e8?s=96&d=mm&r=g\",\"contentUrl\":\"https:\\\/\\\/secure.gravatar.com\\\/avatar\\\/aaf3e502d7787af3ce4793c226e9640b6ab8f2b336039142fc34b438e2e085e8?s=96&d=mm&r=g\",\"caption\":\"atHome.lu\"}}]}<\/script>\n<!-- \/ Yoast SEO plugin. -->","yoast_head_json":{"title":"Au Luxembourg, la r\u00e9novation \u00e9nerg\u00e9tique comme priorit\u00e9 - atHome Blog","robots":{"index":"index","follow":"follow","max-snippet":"max-snippet:-1","max-image-preview":"max-image-preview:large","max-video-preview":"max-video-preview:-1"},"canonical":"https:\/\/www.athome.lu\/blog\/dossiers-a-la-une\/au-luxembourg-la-renovation-energetique-comme-priorite\/","og_locale":"fr_FR","og_type":"article","og_title":"Au Luxembourg, la r\u00e9novation \u00e9nerg\u00e9tique comme priorit\u00e9 - atHome Blog","og_description":"Selon une enqu\u00eate europ\u00e9enne r\u00e9alis\u00e9e par BNP Paribas avec l\u2019institut Toluna - Harris Interactive, les r\u00e9sidents luxembourgeois placent la protection de leur logement au premier rang des priorit\u00e9s face au changement climatique. En f\u00e9vrier 2025, le groupe BNP Paribas s\u2019est int\u00e9ress\u00e9 aux enjeux li\u00e9s \u00e0 l\u2019habitat, au climat et \u00e0 la performance \u00e9nerg\u00e9tique. Avec l\u2019institut [&hellip;]","og_url":"https:\/\/www.athome.lu\/blog\/dossiers-a-la-une\/au-luxembourg-la-renovation-energetique-comme-priorite\/","og_site_name":"atHome Blog","article_publisher":"https:\/\/www.facebook.com\/atHome.lu\/","article_published_time":"2025-10-05T22:00:00+00:00","article_modified_time":"2025-10-17T14:24:19+00:00","og_image":[{"width":760,"height":360,"url":"https:\/\/www.athome.lu\/blog\/wp-content\/uploads\/2025\/10\/Toit-760x360-1.jpg","type":"image\/jpeg"}],"author":"atHome.lu","twitter_card":"summary_large_image","twitter_creator":"@athomelu","twitter_site":"@athomelu","twitter_misc":{"\u00c9crit par":"atHome.lu","Dur\u00e9e de lecture estim\u00e9e":"4 minutes"},"schema":{"@context":"https:\/\/schema.org","@graph":[{"@type":"Article","@id":"https:\/\/www.athome.lu\/blog\/dossiers-a-la-une\/au-luxembourg-la-renovation-energetique-comme-priorite\/#article","isPartOf":{"@id":"https:\/\/www.athome.lu\/blog\/dossiers-a-la-une\/au-luxembourg-la-renovation-energetique-comme-priorite\/"},"author":{"name":"atHome.lu","@id":"https:\/\/www.athome.lu\/blog\/#\/schema\/person\/6b0cae19a94059156faf7f0ce969b4a0"},"headline":"Au Luxembourg, la r\u00e9novation \u00e9nerg\u00e9tique comme priorit\u00e9","datePublished":"2025-10-05T22:00:00+00:00","dateModified":"2025-10-17T14:24:19+00:00","mainEntityOfPage":{"@id":"https:\/\/www.athome.lu\/blog\/dossiers-a-la-une\/au-luxembourg-la-renovation-energetique-comme-priorite\/"},"wordCount":637,"image":{"@id":"https:\/\/www.athome.lu\/blog\/dossiers-a-la-une\/au-luxembourg-la-renovation-energetique-comme-priorite\/#primaryimage"},"thumbnailUrl":"https:\/\/www.athome.lu\/blog\/wp-content\/uploads\/2025\/10\/Toit-760x360-1.jpg","articleSection":["Dossier \u00e0 la une"],"inLanguage":"fr-FR"},{"@type":"WebPage","@id":"https:\/\/www.athome.lu\/blog\/dossiers-a-la-une\/au-luxembourg-la-renovation-energetique-comme-priorite\/","url":"https:\/\/www.athome.lu\/blog\/dossiers-a-la-une\/au-luxembourg-la-renovation-energetique-comme-priorite\/","name":"Au Luxembourg, la r\u00e9novation \u00e9nerg\u00e9tique comme priorit\u00e9 - atHome Blog","isPartOf":{"@id":"https:\/\/www.athome.lu\/blog\/#website"},"primaryImageOfPage":{"@id":"https:\/\/www.athome.lu\/blog\/dossiers-a-la-une\/au-luxembourg-la-renovation-energetique-comme-priorite\/#primaryimage"},"image":{"@id":"https:\/\/www.athome.lu\/blog\/dossiers-a-la-une\/au-luxembourg-la-renovation-energetique-comme-priorite\/#primaryimage"},"thumbnailUrl":"https:\/\/www.athome.lu\/blog\/wp-content\/uploads\/2025\/10\/Toit-760x360-1.jpg","datePublished":"2025-10-05T22:00:00+00:00","dateModified":"2025-10-17T14:24:19+00:00","author":{"@id":"https:\/\/www.athome.lu\/blog\/#\/schema\/person\/6b0cae19a94059156faf7f0ce969b4a0"},"breadcrumb":{"@id":"https:\/\/www.athome.lu\/blog\/dossiers-a-la-une\/au-luxembourg-la-renovation-energetique-comme-priorite\/#breadcrumb"},"inLanguage":"fr-FR","potentialAction":[{"@type":"ReadAction","target":["https:\/\/www.athome.lu\/blog\/dossiers-a-la-une\/au-luxembourg-la-renovation-energetique-comme-priorite\/"]}]},{"@type":"ImageObject","inLanguage":"fr-FR","@id":"https:\/\/www.athome.lu\/blog\/dossiers-a-la-une\/au-luxembourg-la-renovation-energetique-comme-priorite\/#primaryimage","url":"https:\/\/www.athome.lu\/blog\/wp-content\/uploads\/2025\/10\/Toit-760x360-1.jpg","contentUrl":"https:\/\/www.athome.lu\/blog\/wp-content\/uploads\/2025\/10\/Toit-760x360-1.jpg","width":760,"height":360},{"@type":"BreadcrumbList","@id":"https:\/\/www.athome.lu\/blog\/dossiers-a-la-une\/au-luxembourg-la-renovation-energetique-comme-priorite\/#breadcrumb","itemListElement":[{"@type":"ListItem","position":1,"name":"Accueil","item":"https:\/\/www.athome.lu\/blog\/"},{"@type":"ListItem","position":2,"name":"Dossier \u00e0 la une","item":"https:\/\/www.athome.lu\/blog\/en\/category\/featured\/"},{"@type":"ListItem","position":3,"name":"Au Luxembourg, la r\u00e9novation \u00e9nerg\u00e9tique comme priorit\u00e9"}]},{"@type":"WebSite","@id":"https:\/\/www.athome.lu\/blog\/#website","url":"https:\/\/www.athome.lu\/blog\/","name":"atHome Blog","description":"Annonces immobili\u00e8res au Luxembourg. Le portail immobilier n\u00b01 au Luxembourg.","potentialAction":[{"@type":"SearchAction","target":{"@type":"EntryPoint","urlTemplate":"https:\/\/www.athome.lu\/blog\/?s={search_term_string}"},"query-input":{"@type":"PropertyValueSpecification","valueRequired":true,"valueName":"search_term_string"}}],"inLanguage":"fr-FR"},{"@type":"Person","@id":"https:\/\/www.athome.lu\/blog\/#\/schema\/person\/6b0cae19a94059156faf7f0ce969b4a0","name":"atHome.lu","image":{"@type":"ImageObject","inLanguage":"fr-FR","@id":"https:\/\/secure.gravatar.com\/avatar\/aaf3e502d7787af3ce4793c226e9640b6ab8f2b336039142fc34b438e2e085e8?s=96&d=mm&r=g","url":"https:\/\/secure.gravatar.com\/avatar\/aaf3e502d7787af3ce4793c226e9640b6ab8f2b336039142fc34b438e2e085e8?s=96&d=mm&r=g","contentUrl":"https:\/\/secure.gravatar.com\/avatar\/aaf3e502d7787af3ce4793c226e9640b6ab8f2b336039142fc34b438e2e085e8?s=96&d=mm&r=g","caption":"atHome.lu"}}]}},"featured_media_src_url":"https:\/\/www.athome.lu\/blog\/wp-content\/uploads\/2025\/10\/Toit-760x360-1.jpg","_links":{"self":[{"href":"https:\/\/www.athome.lu\/blog\/wp-json\/wp\/v2\/posts\/18007","targetHints":{"allow":["GET"]}}],"collection":[{"href":"https:\/\/www.athome.lu\/blog\/wp-json\/wp\/v2\/posts"}],"about":[{"href":"https:\/\/www.athome.lu\/blog\/wp-json\/wp\/v2\/types\/post"}],"author":[{"embeddable":true,"href":"https:\/\/www.athome.lu\/blog\/wp-json\/wp\/v2\/users\/19"}],"replies":[{"embeddable":true,"href":"https:\/\/www.athome.lu\/blog\/wp-json\/wp\/v2\/comments?post=18007"}],"version-history":[{"count":17,"href":"https:\/\/www.athome.lu\/blog\/wp-json\/wp\/v2\/posts\/18007\/revisions"}],"predecessor-version":[{"id":18027,"href":"https:\/\/www.athome.lu\/blog\/wp-json\/wp\/v2\/posts\/18007\/revisions\/18027"}],"wp:featuredmedia":[{"embeddable":true,"href":"https:\/\/www.athome.lu\/blog\/wp-json\/wp\/v2\/media\/18010"}],"wp:attachment":[{"href":"https:\/\/www.athome.lu\/blog\/wp-json\/wp\/v2\/media?parent=18007"}],"wp:term":[{"taxonomy":"category","embeddable":true,"href":"https:\/\/www.athome.lu\/blog\/wp-json\/wp\/v2\/categories?post=18007"},{"taxonomy":"post_tag","embeddable":true,"href":"https:\/\/www.athome.lu\/blog\/wp-json\/wp\/v2\/tags?post=18007"}],"curies":[{"name":"wp","href":"https:\/\/api.w.org\/{rel}","templated":true}]}}