{"id":18028,"date":"2025-10-07T09:59:17","date_gmt":"2025-10-07T07:59:17","guid":{"rendered":"https:\/\/www.athome.lu\/blog\/?p=18028"},"modified":"2025-10-07T09:59:57","modified_gmt":"2025-10-07T07:59:57","slug":"athomefinance-et-taxx-lu-vous-donnent-rendez-vous-au-salon-home-expo-2025","status":"publish","type":"post","link":"https:\/\/www.athome.lu\/blog\/acheter\/athomefinance-et-taxx-lu-vous-donnent-rendez-vous-au-salon-home-expo-2025\/","title":{"rendered":"atHomeFinance et taxx.lu vous donnent rendez-vous au salon Home Expo 2025"},"content":{"rendered":"\n<p>Le salon <strong>Home Expo<\/strong> revient du <strong>09 au 12 octobre 2025<\/strong> au <strong>Luxexpo The Box<\/strong>, et nos \u00e9quipes <strong>atHomeFinance<\/strong> et <strong>taxx.lu<\/strong> seront une nouvelle fois pr\u00e9sentes pour vous accompagner dans tous vos projets !<\/p>\n\n\n\n<h2 class=\"wp-block-heading\">Des experts \u00e0 votre \u00e9coute<\/h2>\n\n\n\n<p>Acheter, financer ou g\u00e9rer sa fiscalit\u00e9 : les grandes \u00e9tapes d\u2019un projet immobilier peuvent parfois sembler complexes.<br>Nos sp\u00e9cialistes seront \u00e0 votre disposition tout au long du salon pour :<\/p>\n\n\n\n<ul class=\"wp-block-list\">\n<li>\u00e9valuer votre <strong>capacit\u00e9 d\u2019emprunt<\/strong>,<\/li>\n\n\n\n<li>trouver le <strong>meilleur financement<\/strong> pour votre futur logement,<\/li>\n\n\n\n<li>ou encore vous aider \u00e0 <strong>optimiser votre situation fiscale<\/strong>.<\/li>\n<\/ul>\n\n\n\n<p>Venez \u00e9changer directement avec nos experts et repartez avec des conseils personnalis\u00e9s pour faire avancer vos projets en toute s\u00e9r\u00e9nit\u00e9.<\/p>\n\n\n\n<h2 class=\"wp-block-heading\">O\u00f9 nous trouver ?<\/h2>\n\n\n\n<p>\ud83d\udccd <strong>Stand 9A01<\/strong><br>\ud83d\udcc5 Du <strong>jeudi 09 au dimanche 12 octobre 2025<\/strong><br>\ud83d\udccc <strong>Luxexpo The Box \u2013 Kirchberg<\/strong><\/p>\n\n\n\n<h2 class=\"wp-block-heading\">Pr\u00e9parez votre visite<\/h2>\n\n\n\n<p>Pour profiter pleinement de l\u2019exp\u00e9rience Home Expo, d\u00e9couvrez toutes les informations utiles pour planifier votre venue : horaires, plan du salon, services sur place et plus encore.<\/p>\n\n\n\n<p><strong><a href=\"https:\/\/home-expo.lu\/preparez-votre-visite\/?utm_source=blog&amp;utm_medium=cta&amp;utm_campaign=home-expo-2025&amp;utm_content=07%2F10%2F2025\">\ud83d\udc49 <strong>Je planifie ma visite<\/strong><\/a><\/strong><\/p>\n\n\n\n<p>Nous avons h\u00e2te de vous rencontrer et de partager avec vous notre expertise sur le financement et la fiscalit\u00e9 au Luxembourg !<\/p>\n\n\n\n<p><\/p>\n","protected":false},"excerpt":{"rendered":"<p>Le salon Home Expo revient du 09 au 12 octobre 2025 au Luxexpo The Box, et nos \u00e9quipes atHomeFinance et taxx.lu seront une nouvelle fois pr\u00e9sentes pour vous accompagner dans tous vos projets ! Des experts \u00e0 votre \u00e9coute Acheter, financer ou g\u00e9rer sa fiscalit\u00e9 : les grandes \u00e9tapes d\u2019un projet immobilier peuvent parfois sembler [&hellip;]<\/p>\n","protected":false},"author":19,"featured_media":18036,"comment_status":"closed","ping_status":"closed","sticky":false,"template":"","format":"standard","meta":{"_acf_changed":false,"footnotes":""},"categories":[3],"tags":[],"class_list":["post-18028","post","type-post","status-publish","format-standard","has-post-thumbnail","hentry","category-acheter"],"acf":[],"yoast_head":"<!-- This site is optimized with the Yoast SEO plugin v27.4 - https:\/\/yoast.com\/product\/yoast-seo-wordpress\/ -->\n<title>atHomeFinance et taxx.lu vous donnent rendez-vous au salon Home Expo 2025 - atHome Blog<\/title>\n<meta name=\"robots\" content=\"index, follow, max-snippet:-1, max-image-preview:large, max-video-preview:-1\" \/>\n<link rel=\"canonical\" href=\"https:\/\/www.athome.lu\/blog\/acheter\/athomefinance-et-taxx-lu-vous-donnent-rendez-vous-au-salon-home-expo-2025\/\" \/>\n<meta property=\"og:locale\" content=\"fr_FR\" \/>\n<meta property=\"og:type\" content=\"article\" \/>\n<meta property=\"og:title\" content=\"atHomeFinance et taxx.lu vous donnent rendez-vous au salon Home Expo 2025 - atHome Blog\" \/>\n<meta property=\"og:description\" content=\"Le salon Home Expo revient du 09 au 12 octobre 2025 au Luxexpo The Box, et nos \u00e9quipes atHomeFinance et taxx.lu seront une nouvelle fois pr\u00e9sentes pour vous accompagner dans tous vos projets ! Des experts \u00e0 votre \u00e9coute Acheter, financer ou g\u00e9rer sa fiscalit\u00e9 : les grandes \u00e9tapes d\u2019un projet immobilier peuvent parfois sembler [&hellip;]\" \/>\n<meta property=\"og:url\" content=\"https:\/\/www.athome.lu\/blog\/acheter\/athomefinance-et-taxx-lu-vous-donnent-rendez-vous-au-salon-home-expo-2025\/\" \/>\n<meta property=\"og:site_name\" content=\"atHome Blog\" \/>\n<meta property=\"article:publisher\" content=\"https:\/\/www.facebook.com\/atHome.lu\/\" \/>\n<meta property=\"article:published_time\" content=\"2025-10-07T07:59:17+00:00\" \/>\n<meta property=\"article:modified_time\" content=\"2025-10-07T07:59:57+00:00\" \/>\n<meta property=\"og:image\" content=\"https:\/\/www.athome.lu\/blog\/wp-content\/uploads\/2025\/10\/AHP-Banniere-Wordpress-2-scaled.png\" \/>\n\t<meta property=\"og:image:width\" content=\"2560\" \/>\n\t<meta property=\"og:image:height\" content=\"763\" \/>\n\t<meta property=\"og:image:type\" content=\"image\/png\" \/>\n<meta name=\"author\" content=\"atHome.lu\" \/>\n<meta name=\"twitter:card\" content=\"summary_large_image\" \/>\n<meta name=\"twitter:creator\" content=\"@athomelu\" \/>\n<meta name=\"twitter:site\" content=\"@athomelu\" \/>\n<meta name=\"twitter:label1\" content=\"\u00c9crit par\" \/>\n\t<meta name=\"twitter:data1\" content=\"atHome.lu\" \/>\n\t<meta name=\"twitter:label2\" content=\"Dur\u00e9e de lecture estim\u00e9e\" \/>\n\t<meta name=\"twitter:data2\" content=\"2 minutes\" \/>\n<script type=\"application\/ld+json\" class=\"yoast-schema-graph\">{\"@context\":\"https:\\\/\\\/schema.org\",\"@graph\":[{\"@type\":\"Article\",\"@id\":\"https:\\\/\\\/www.athome.lu\\\/blog\\\/acheter\\\/athomefinance-et-taxx-lu-vous-donnent-rendez-vous-au-salon-home-expo-2025\\\/#article\",\"isPartOf\":{\"@id\":\"https:\\\/\\\/www.athome.lu\\\/blog\\\/acheter\\\/athomefinance-et-taxx-lu-vous-donnent-rendez-vous-au-salon-home-expo-2025\\\/\"},\"author\":{\"name\":\"atHome.lu\",\"@id\":\"https:\\\/\\\/www.athome.lu\\\/blog\\\/#\\\/schema\\\/person\\\/6b0cae19a94059156faf7f0ce969b4a0\"},\"headline\":\"atHomeFinance et taxx.lu vous donnent rendez-vous au salon Home Expo 2025\",\"datePublished\":\"2025-10-07T07:59:17+00:00\",\"dateModified\":\"2025-10-07T07:59:57+00:00\",\"mainEntityOfPage\":{\"@id\":\"https:\\\/\\\/www.athome.lu\\\/blog\\\/acheter\\\/athomefinance-et-taxx-lu-vous-donnent-rendez-vous-au-salon-home-expo-2025\\\/\"},\"wordCount\":194,\"image\":{\"@id\":\"https:\\\/\\\/www.athome.lu\\\/blog\\\/acheter\\\/athomefinance-et-taxx-lu-vous-donnent-rendez-vous-au-salon-home-expo-2025\\\/#primaryimage\"},\"thumbnailUrl\":\"https:\\\/\\\/www.athome.lu\\\/blog\\\/wp-content\\\/uploads\\\/2025\\\/10\\\/AHP-Banniere-Wordpress-2-scaled.png\",\"articleSection\":[\"Acheter\"],\"inLanguage\":\"fr-FR\"},{\"@type\":\"WebPage\",\"@id\":\"https:\\\/\\\/www.athome.lu\\\/blog\\\/acheter\\\/athomefinance-et-taxx-lu-vous-donnent-rendez-vous-au-salon-home-expo-2025\\\/\",\"url\":\"https:\\\/\\\/www.athome.lu\\\/blog\\\/acheter\\\/athomefinance-et-taxx-lu-vous-donnent-rendez-vous-au-salon-home-expo-2025\\\/\",\"name\":\"atHomeFinance et taxx.lu vous donnent rendez-vous au salon Home Expo 2025 - atHome Blog\",\"isPartOf\":{\"@id\":\"https:\\\/\\\/www.athome.lu\\\/blog\\\/#website\"},\"primaryImageOfPage\":{\"@id\":\"https:\\\/\\\/www.athome.lu\\\/blog\\\/acheter\\\/athomefinance-et-taxx-lu-vous-donnent-rendez-vous-au-salon-home-expo-2025\\\/#primaryimage\"},\"image\":{\"@id\":\"https:\\\/\\\/www.athome.lu\\\/blog\\\/acheter\\\/athomefinance-et-taxx-lu-vous-donnent-rendez-vous-au-salon-home-expo-2025\\\/#primaryimage\"},\"thumbnailUrl\":\"https:\\\/\\\/www.athome.lu\\\/blog\\\/wp-content\\\/uploads\\\/2025\\\/10\\\/AHP-Banniere-Wordpress-2-scaled.png\",\"datePublished\":\"2025-10-07T07:59:17+00:00\",\"dateModified\":\"2025-10-07T07:59:57+00:00\",\"author\":{\"@id\":\"https:\\\/\\\/www.athome.lu\\\/blog\\\/#\\\/schema\\\/person\\\/6b0cae19a94059156faf7f0ce969b4a0\"},\"breadcrumb\":{\"@id\":\"https:\\\/\\\/www.athome.lu\\\/blog\\\/acheter\\\/athomefinance-et-taxx-lu-vous-donnent-rendez-vous-au-salon-home-expo-2025\\\/#breadcrumb\"},\"inLanguage\":\"fr-FR\",\"potentialAction\":[{\"@type\":\"ReadAction\",\"target\":[\"https:\\\/\\\/www.athome.lu\\\/blog\\\/acheter\\\/athomefinance-et-taxx-lu-vous-donnent-rendez-vous-au-salon-home-expo-2025\\\/\"]}]},{\"@type\":\"ImageObject\",\"inLanguage\":\"fr-FR\",\"@id\":\"https:\\\/\\\/www.athome.lu\\\/blog\\\/acheter\\\/athomefinance-et-taxx-lu-vous-donnent-rendez-vous-au-salon-home-expo-2025\\\/#primaryimage\",\"url\":\"https:\\\/\\\/www.athome.lu\\\/blog\\\/wp-content\\\/uploads\\\/2025\\\/10\\\/AHP-Banniere-Wordpress-2-scaled.png\",\"contentUrl\":\"https:\\\/\\\/www.athome.lu\\\/blog\\\/wp-content\\\/uploads\\\/2025\\\/10\\\/AHP-Banniere-Wordpress-2-scaled.png\",\"width\":2560,\"height\":763},{\"@type\":\"BreadcrumbList\",\"@id\":\"https:\\\/\\\/www.athome.lu\\\/blog\\\/acheter\\\/athomefinance-et-taxx-lu-vous-donnent-rendez-vous-au-salon-home-expo-2025\\\/#breadcrumb\",\"itemListElement\":[{\"@type\":\"ListItem\",\"position\":1,\"name\":\"Accueil\",\"item\":\"https:\\\/\\\/www.athome.lu\\\/blog\\\/\"},{\"@type\":\"ListItem\",\"position\":2,\"name\":\"Acheter\",\"item\":\"https:\\\/\\\/www.athome.lu\\\/blog\\\/en\\\/category\\\/buy\\\/\"},{\"@type\":\"ListItem\",\"position\":3,\"name\":\"atHomeFinance et taxx.lu vous donnent rendez-vous au salon Home Expo 2025\"}]},{\"@type\":\"WebSite\",\"@id\":\"https:\\\/\\\/www.athome.lu\\\/blog\\\/#website\",\"url\":\"https:\\\/\\\/www.athome.lu\\\/blog\\\/\",\"name\":\"atHome Blog\",\"description\":\"Annonces immobili\u00e8res au Luxembourg. Le portail immobilier n\u00b01 au Luxembourg.\",\"potentialAction\":[{\"@type\":\"SearchAction\",\"target\":{\"@type\":\"EntryPoint\",\"urlTemplate\":\"https:\\\/\\\/www.athome.lu\\\/blog\\\/?s={search_term_string}\"},\"query-input\":{\"@type\":\"PropertyValueSpecification\",\"valueRequired\":true,\"valueName\":\"search_term_string\"}}],\"inLanguage\":\"fr-FR\"},{\"@type\":\"Person\",\"@id\":\"https:\\\/\\\/www.athome.lu\\\/blog\\\/#\\\/schema\\\/person\\\/6b0cae19a94059156faf7f0ce969b4a0\",\"name\":\"atHome.lu\",\"image\":{\"@type\":\"ImageObject\",\"inLanguage\":\"fr-FR\",\"@id\":\"https:\\\/\\\/secure.gravatar.com\\\/avatar\\\/aaf3e502d7787af3ce4793c226e9640b6ab8f2b336039142fc34b438e2e085e8?s=96&d=mm&r=g\",\"url\":\"https:\\\/\\\/secure.gravatar.com\\\/avatar\\\/aaf3e502d7787af3ce4793c226e9640b6ab8f2b336039142fc34b438e2e085e8?s=96&d=mm&r=g\",\"contentUrl\":\"https:\\\/\\\/secure.gravatar.com\\\/avatar\\\/aaf3e502d7787af3ce4793c226e9640b6ab8f2b336039142fc34b438e2e085e8?s=96&d=mm&r=g\",\"caption\":\"atHome.lu\"}}]}<\/script>\n<!-- \/ Yoast SEO plugin. -->","yoast_head_json":{"title":"atHomeFinance et taxx.lu vous donnent rendez-vous au salon Home Expo 2025 - atHome Blog","robots":{"index":"index","follow":"follow","max-snippet":"max-snippet:-1","max-image-preview":"max-image-preview:large","max-video-preview":"max-video-preview:-1"},"canonical":"https:\/\/www.athome.lu\/blog\/acheter\/athomefinance-et-taxx-lu-vous-donnent-rendez-vous-au-salon-home-expo-2025\/","og_locale":"fr_FR","og_type":"article","og_title":"atHomeFinance et taxx.lu vous donnent rendez-vous au salon Home Expo 2025 - atHome Blog","og_description":"Le salon Home Expo revient du 09 au 12 octobre 2025 au Luxexpo The Box, et nos \u00e9quipes atHomeFinance et taxx.lu seront une nouvelle fois pr\u00e9sentes pour vous accompagner dans tous vos projets ! Des experts \u00e0 votre \u00e9coute Acheter, financer ou g\u00e9rer sa fiscalit\u00e9 : les grandes \u00e9tapes d\u2019un projet immobilier peuvent parfois sembler [&hellip;]","og_url":"https:\/\/www.athome.lu\/blog\/acheter\/athomefinance-et-taxx-lu-vous-donnent-rendez-vous-au-salon-home-expo-2025\/","og_site_name":"atHome Blog","article_publisher":"https:\/\/www.facebook.com\/atHome.lu\/","article_published_time":"2025-10-07T07:59:17+00:00","article_modified_time":"2025-10-07T07:59:57+00:00","og_image":[{"width":2560,"height":763,"url":"https:\/\/www.athome.lu\/blog\/wp-content\/uploads\/2025\/10\/AHP-Banniere-Wordpress-2-scaled.png","type":"image\/png"}],"author":"atHome.lu","twitter_card":"summary_large_image","twitter_creator":"@athomelu","twitter_site":"@athomelu","twitter_misc":{"\u00c9crit par":"atHome.lu","Dur\u00e9e de lecture estim\u00e9e":"2 minutes"},"schema":{"@context":"https:\/\/schema.org","@graph":[{"@type":"Article","@id":"https:\/\/www.athome.lu\/blog\/acheter\/athomefinance-et-taxx-lu-vous-donnent-rendez-vous-au-salon-home-expo-2025\/#article","isPartOf":{"@id":"https:\/\/www.athome.lu\/blog\/acheter\/athomefinance-et-taxx-lu-vous-donnent-rendez-vous-au-salon-home-expo-2025\/"},"author":{"name":"atHome.lu","@id":"https:\/\/www.athome.lu\/blog\/#\/schema\/person\/6b0cae19a94059156faf7f0ce969b4a0"},"headline":"atHomeFinance et taxx.lu vous donnent rendez-vous au salon Home Expo 2025","datePublished":"2025-10-07T07:59:17+00:00","dateModified":"2025-10-07T07:59:57+00:00","mainEntityOfPage":{"@id":"https:\/\/www.athome.lu\/blog\/acheter\/athomefinance-et-taxx-lu-vous-donnent-rendez-vous-au-salon-home-expo-2025\/"},"wordCount":194,"image":{"@id":"https:\/\/www.athome.lu\/blog\/acheter\/athomefinance-et-taxx-lu-vous-donnent-rendez-vous-au-salon-home-expo-2025\/#primaryimage"},"thumbnailUrl":"https:\/\/www.athome.lu\/blog\/wp-content\/uploads\/2025\/10\/AHP-Banniere-Wordpress-2-scaled.png","articleSection":["Acheter"],"inLanguage":"fr-FR"},{"@type":"WebPage","@id":"https:\/\/www.athome.lu\/blog\/acheter\/athomefinance-et-taxx-lu-vous-donnent-rendez-vous-au-salon-home-expo-2025\/","url":"https:\/\/www.athome.lu\/blog\/acheter\/athomefinance-et-taxx-lu-vous-donnent-rendez-vous-au-salon-home-expo-2025\/","name":"atHomeFinance et taxx.lu vous donnent rendez-vous au salon Home Expo 2025 - atHome Blog","isPartOf":{"@id":"https:\/\/www.athome.lu\/blog\/#website"},"primaryImageOfPage":{"@id":"https:\/\/www.athome.lu\/blog\/acheter\/athomefinance-et-taxx-lu-vous-donnent-rendez-vous-au-salon-home-expo-2025\/#primaryimage"},"image":{"@id":"https:\/\/www.athome.lu\/blog\/acheter\/athomefinance-et-taxx-lu-vous-donnent-rendez-vous-au-salon-home-expo-2025\/#primaryimage"},"thumbnailUrl":"https:\/\/www.athome.lu\/blog\/wp-content\/uploads\/2025\/10\/AHP-Banniere-Wordpress-2-scaled.png","datePublished":"2025-10-07T07:59:17+00:00","dateModified":"2025-10-07T07:59:57+00:00","author":{"@id":"https:\/\/www.athome.lu\/blog\/#\/schema\/person\/6b0cae19a94059156faf7f0ce969b4a0"},"breadcrumb":{"@id":"https:\/\/www.athome.lu\/blog\/acheter\/athomefinance-et-taxx-lu-vous-donnent-rendez-vous-au-salon-home-expo-2025\/#breadcrumb"},"inLanguage":"fr-FR","potentialAction":[{"@type":"ReadAction","target":["https:\/\/www.athome.lu\/blog\/acheter\/athomefinance-et-taxx-lu-vous-donnent-rendez-vous-au-salon-home-expo-2025\/"]}]},{"@type":"ImageObject","inLanguage":"fr-FR","@id":"https:\/\/www.athome.lu\/blog\/acheter\/athomefinance-et-taxx-lu-vous-donnent-rendez-vous-au-salon-home-expo-2025\/#primaryimage","url":"https:\/\/www.athome.lu\/blog\/wp-content\/uploads\/2025\/10\/AHP-Banniere-Wordpress-2-scaled.png","contentUrl":"https:\/\/www.athome.lu\/blog\/wp-content\/uploads\/2025\/10\/AHP-Banniere-Wordpress-2-scaled.png","width":2560,"height":763},{"@type":"BreadcrumbList","@id":"https:\/\/www.athome.lu\/blog\/acheter\/athomefinance-et-taxx-lu-vous-donnent-rendez-vous-au-salon-home-expo-2025\/#breadcrumb","itemListElement":[{"@type":"ListItem","position":1,"name":"Accueil","item":"https:\/\/www.athome.lu\/blog\/"},{"@type":"ListItem","position":2,"name":"Acheter","item":"https:\/\/www.athome.lu\/blog\/en\/category\/buy\/"},{"@type":"ListItem","position":3,"name":"atHomeFinance et taxx.lu vous donnent rendez-vous au salon Home Expo 2025"}]},{"@type":"WebSite","@id":"https:\/\/www.athome.lu\/blog\/#website","url":"https:\/\/www.athome.lu\/blog\/","name":"atHome Blog","description":"Annonces immobili\u00e8res au Luxembourg. Le portail immobilier n\u00b01 au Luxembourg.","potentialAction":[{"@type":"SearchAction","target":{"@type":"EntryPoint","urlTemplate":"https:\/\/www.athome.lu\/blog\/?s={search_term_string}"},"query-input":{"@type":"PropertyValueSpecification","valueRequired":true,"valueName":"search_term_string"}}],"inLanguage":"fr-FR"},{"@type":"Person","@id":"https:\/\/www.athome.lu\/blog\/#\/schema\/person\/6b0cae19a94059156faf7f0ce969b4a0","name":"atHome.lu","image":{"@type":"ImageObject","inLanguage":"fr-FR","@id":"https:\/\/secure.gravatar.com\/avatar\/aaf3e502d7787af3ce4793c226e9640b6ab8f2b336039142fc34b438e2e085e8?s=96&d=mm&r=g","url":"https:\/\/secure.gravatar.com\/avatar\/aaf3e502d7787af3ce4793c226e9640b6ab8f2b336039142fc34b438e2e085e8?s=96&d=mm&r=g","contentUrl":"https:\/\/secure.gravatar.com\/avatar\/aaf3e502d7787af3ce4793c226e9640b6ab8f2b336039142fc34b438e2e085e8?s=96&d=mm&r=g","caption":"atHome.lu"}}]}},"featured_media_src_url":"https:\/\/www.athome.lu\/blog\/wp-content\/uploads\/2025\/10\/AHP-Banniere-Wordpress-2-1024x305.png","_links":{"self":[{"href":"https:\/\/www.athome.lu\/blog\/wp-json\/wp\/v2\/posts\/18028","targetHints":{"allow":["GET"]}}],"collection":[{"href":"https:\/\/www.athome.lu\/blog\/wp-json\/wp\/v2\/posts"}],"about":[{"href":"https:\/\/www.athome.lu\/blog\/wp-json\/wp\/v2\/types\/post"}],"author":[{"embeddable":true,"href":"https:\/\/www.athome.lu\/blog\/wp-json\/wp\/v2\/users\/19"}],"replies":[{"embeddable":true,"href":"https:\/\/www.athome.lu\/blog\/wp-json\/wp\/v2\/comments?post=18028"}],"version-history":[{"count":5,"href":"https:\/\/www.athome.lu\/blog\/wp-json\/wp\/v2\/posts\/18028\/revisions"}],"predecessor-version":[{"id":18035,"href":"https:\/\/www.athome.lu\/blog\/wp-json\/wp\/v2\/posts\/18028\/revisions\/18035"}],"wp:featuredmedia":[{"embeddable":true,"href":"https:\/\/www.athome.lu\/blog\/wp-json\/wp\/v2\/media\/18036"}],"wp:attachment":[{"href":"https:\/\/www.athome.lu\/blog\/wp-json\/wp\/v2\/media?parent=18028"}],"wp:term":[{"taxonomy":"category","embeddable":true,"href":"https:\/\/www.athome.lu\/blog\/wp-json\/wp\/v2\/categories?post=18028"},{"taxonomy":"post_tag","embeddable":true,"href":"https:\/\/www.athome.lu\/blog\/wp-json\/wp\/v2\/tags?post=18028"}],"curies":[{"name":"wp","href":"https:\/\/api.w.org\/{rel}","templated":true}]}}