{"id":18903,"date":"2026-07-27T16:35:37","date_gmt":"2026-07-27T14:35:37","guid":{"rendered":"https:\/\/www.athome.lu\/blog\/?p=18903"},"modified":"2026-08-03T14:16:51","modified_gmt":"2026-08-03T12:16:51","slug":"nouvelles-mesures-logement-luxembourg","status":"publish","type":"post","link":"https:\/\/www.athome.lu\/blog\/marche-immobilier\/nouvelles-mesures-logement-luxembourg\/","title":{"rendered":"Nouvelles mesures pour le logement au Luxembourg : ce qu\u2019il faut retenir"},"content":{"rendered":"\n<p class=\"wp-block-paragraph\">Les <a type=\"link\" href=\"https:\/\/gouvernement.lu\/fr\/actualites\/toutes_actualites\/communiques\/2026\/07-juillet\/16-meisch-roth-booster-wunnengsbau2.html?utm_source=chatgpt.com\" id=\"https:\/\/gouvernement.lu\/fr\/actualites\/toutes_actualites\/communiques\/2026\/07-juillet\/16-meisch-roth-booster-wunnengsbau2.html?utm_source=chatgpt.com\"><strong>nouvelles mesures <\/strong><\/a><strong>pour le logement au Luxembourg<\/strong> annonc\u00e9es en juillet 2026 pourraient avoir un impact direct sur les futurs propri\u00e9taires, les jeunes primo-acqu\u00e9reurs et les investisseurs. R\u00e9unies sous le nom \u00ab Booster fir de Wunnengsbau \u00bb, elles visent \u00e0 relancer la construction, \u00e0 faciliter l\u2019acc\u00e8s \u00e0 la propri\u00e9t\u00e9 et \u00e0 renforcer l\u2019offre de logements abordables.<\/p>\n\n\n\n<p class=\"wp-block-paragraph\">Toutefois, toutes les mesures ne suivent pas le m\u00eame calendrier. Certaines sont annonc\u00e9es pour les op\u00e9rations r\u00e9alis\u00e9es \u00e0 partir du 16 juillet 2026, tandis que d\u2019autres entreront en application en 2027 ou seulement apr\u00e8s l\u2019entr\u00e9e en vigueur de la loi.<\/p>\n\n\n\n<p class=\"wp-block-paragraph\">Au total, sept mesures ont \u00e9t\u00e9 pr\u00e9sent\u00e9es. Voici ce qu\u2019il faut retenir et ce qu\u2019elles pourraient changer pour votre projet immobilier au Luxembourg.<\/p>\n\n\n\n<p class=\"wp-block-paragraph\"><strong>Attention <\/strong>: plusieurs mesures n\u00e9cessitent encore l'adoption des textes d'application. Les modalit\u00e9s d\u00e9finitives pourront donc \u00e9voluer.<\/p>\n\n\n\n<h2 class=\"wp-block-heading\">Pourquoi de nouvelles mesures pour le logement au Luxembourg ?<\/h2>\n\n\n\n<p class=\"wp-block-paragraph\">Le gouvernement souhaite agir sur plusieurs leviers : le financement, l\u2019investissement et la construction de nouveaux logements.<\/p>\n\n\n\n<p class=\"wp-block-paragraph\">Ces mesures poursuivent notamment les objectifs suivants :<\/p>\n\n\n\n<ul class=\"wp-block-list\">\n<li>faciliter l\u2019achat d\u2019une r\u00e9sidence principale ;<\/li>\n\n\n\n<li>soutenir les jeunes et les primo-acqu\u00e9reurs ;<\/li>\n\n\n\n<li>r\u00e9duire certains frais li\u00e9s \u00e0 l\u2019acquisition ;<\/li>\n\n\n\n<li>encourager l\u2019investissement locatif ;<\/li>\n\n\n\n<li>d\u00e9velopper l\u2019offre de logements abordables ;<\/li>\n\n\n\n<li>favoriser le lancement de nouveaux projets immobiliers.<\/li>\n<\/ul>\n\n\n\n<p class=\"wp-block-paragraph\">Elles concernent donc diff\u00e9rents profils, parmi lesquels les futurs propri\u00e9taires, les m\u00e9nages, les investisseurs et les professionnels de l\u2019immobilier.<\/p>\n\n\n\n<h2 class=\"wp-block-heading\">Quelles mesures concernent les futurs propri\u00e9taires ?<\/h2>\n\n\n\n<p class=\"wp-block-paragraph\">Plusieurs mesures s\u2019adressent directement aux personnes qui souhaitent acheter un logement pour en faire leur r\u00e9sidence principale. Elles concernent notamment les achats en VEFA, le cr\u00e9dit d\u2019imp\u00f4t \u00ab B\u00ebllegen Akt \u00bb et les aides li\u00e9es au financement immobilier.<\/p>\n\n\n\n<h2 class=\"wp-block-heading\">1. Une exon\u00e9ration pour certains achats en VEFA<\/h2>\n\n\n\n<p class=\"wp-block-paragraph\">La premi\u00e8re mesure concerne l\u2019achat d\u2019un logement neuf en vente en l\u2019\u00e9tat futur d\u2019ach\u00e8vement, \u00e9galement appel\u00e9 achat en VEFA.<\/p>\n\n\n\n<p class=\"wp-block-paragraph\">Lorsqu\u2019une personne physique ach\u00e8te un logement destin\u00e9 \u00e0 devenir sa r\u00e9sidence principale, elle pourrait b\u00e9n\u00e9ficier d\u2019une <strong>exon\u00e9ration des droits d\u2019enregistrement <\/strong>et de transcription sur la partie correspondant \u00e0 la construction.<\/p>\n\n\n\n<p class=\"wp-block-paragraph\">Pour \u00eatre concern\u00e9, le logement devra \u00eatre achev\u00e9 \u00e0 <strong>80 % maximum au moment de l\u2019acquisition<\/strong>. Les droits resteront n\u00e9anmoins dus sur la valeur du terrain.<\/p>\n\n\n\n<h3 class=\"wp-block-heading\">Quelles conditions faut-il respecter ?<\/h3>\n\n\n\n<p class=\"wp-block-paragraph\">Selon le communiqu\u00e9 du gouvernement, la mesure s\u2019adresserait :<\/p>\n\n\n\n<ul class=\"wp-block-list\">\n<li>aux personnes physiques ;<\/li>\n\n\n\n<li>\u00e0 l\u2019achat d\u2019une r\u00e9sidence principale ;<\/li>\n\n\n\n<li>aux logements achet\u00e9s en VEFA ;<\/li>\n\n\n\n<li>aux constructions achev\u00e9es \u00e0 80 % maximum au moment de l\u2019acquisition.<\/li>\n<\/ul>\n\n\n\n<p class=\"wp-block-paragraph\">Le dispositif est annonc\u00e9 pour une dur\u00e9e de trois ans, pour les acquisitions conclues \u00e0 partir du <strong>16 juillet 2026<\/strong>.<\/p>\n\n\n\n<p class=\"wp-block-paragraph\">Les personnes qui signent leur acte entre l\u2019annonce de la mesure et l\u2019entr\u00e9e en vigueur de la loi devraient pouvoir introduire une demande aupr\u00e8s de l\u2019Administration de l\u2019enregistrement, des domaines et de la TVA.<\/p>\n\n\n\n<h3 class=\"wp-block-heading\">Un exemple d\u2019\u00e9conomie pour une r\u00e9sidence principale<\/h3>\n\n\n\n<p class=\"wp-block-paragraph\">Le gouvernement pr\u00e9sente l\u2019exemple d\u2019un logement achet\u00e9 sur plan au prix de <strong>1 000 000 \u20ac<\/strong>, dont <strong>250 000 \u20ac<\/strong> correspondent au terrain.<\/p>\n\n\n\n<p class=\"wp-block-paragraph\">Avec l\u2019ancien dispositif, l\u2019acqu\u00e9reur devait encore payer <strong>19 500 \u20ac<\/strong> de droits d\u2019enregistrement apr\u00e8s l\u2019utilisation du B\u00ebllegen Akt de 40 000 \u20ac.<\/p>\n\n\n\n<p class=\"wp-block-paragraph\">Avec les nouvelles dispositions annonc\u00e9es, les droits seraient uniquement calcul\u00e9s sur la valeur du terrain, soit 17 500 \u20ac. Le nouveau B\u00ebllegen Akt de 45 000 \u20ac permettrait de couvrir enti\u00e8rement ce montant.<\/p>\n\n\n\n<p class=\"wp-block-paragraph\">Dans cet exemple, l\u2019acqu\u00e9reur ne paierait donc plus de droits d\u2019enregistrement. Il conserverait \u00e9galement <strong>27 500 \u20ac<\/strong> sur son cr\u00e9dit d\u2019imp\u00f4t pour une \u00e9ventuelle acquisition ult\u00e9rieure \u00e9ligible.<\/p>\n\n\n\n<h2 class=\"wp-block-heading\">2. Le B\u00ebllegen Akt port\u00e9 \u00e0 45 000 \u20ac<\/h2>\n\n\n\n<p class=\"wp-block-paragraph\">Le cr\u00e9dit d\u2019imp\u00f4t sur les actes notari\u00e9s, appel\u00e9 <strong>B\u00ebllegen Akt<\/strong>, devrait passer de <strong>40 000 \u00e0 45 000 \u20ac par personne<\/strong>.<\/p>\n\n\n\n<p class=\"wp-block-paragraph\">Il est destin\u00e9 aux particuliers qui ach\u00e8tent un logement pour l\u2019occuper \u00e0 titre personnel. Ainsi, un couple pourrait b\u00e9n\u00e9ficier d\u2019un cr\u00e9dit d\u2019imp\u00f4t total pouvant atteindre <strong>90 000 \u20ac<\/strong>, sous r\u00e9serve que chaque acqu\u00e9reur remplisse les conditions pr\u00e9vues.<\/p>\n\n\n\n<p class=\"wp-block-paragraph\">Selon le gouvernement, ce nouveau plafond permettrait d\u2019acheter un bien d\u2019une valeur d\u2019environ <strong>640 000 \u20ac<\/strong> sans devoir payer de droits d\u2019enregistrement.<\/p>\n\n\n\n<h3 class=\"wp-block-heading\">Quelle \u00e9conomie gr\u00e2ce au nouveau plafond ?<\/h3>\n\n\n\n<p class=\"wp-block-paragraph\">Pour un logement achev\u00e9 achet\u00e9 au prix de 1 000 000 \u20ac, les droits d\u2019enregistrement repr\u00e9sentent 70 000 \u20ac dans l\u2019exemple officiel.<\/p>\n\n\n\n<p class=\"wp-block-paragraph\">Avec l\u2019ancien B\u00ebllegen Akt de 40 000 \u20ac, l\u2019acqu\u00e9reur devait encore payer 30 000 \u20ac. Avec le nouveau plafond de 45 000 \u20ac, ce montant passerait \u00e0 25 000 \u20ac.<\/p>\n\n\n\n<p class=\"wp-block-paragraph\">L\u2019\u00e9conomie suppl\u00e9mentaire atteindrait donc <strong>5 000 \u20ac par personne<\/strong>.<\/p>\n\n\n\n<p class=\"wp-block-paragraph\">Cette mesure est annonc\u00e9e pour les acquisitions r\u00e9alis\u00e9es \u00e0 partir du <strong>16 juillet 2026<\/strong>. Pour les actes conclus avant l\u2019entr\u00e9e en vigueur de la loi, une demande devra \u00eatre introduite aupr\u00e8s de l\u2019administration comp\u00e9tente.<\/p>\n\n\n\n<h2 class=\"wp-block-heading\">3. Des aides renforc\u00e9es pour les acqu\u00e9reurs<\/h2>\n\n\n\n<p class=\"wp-block-paragraph\">Le Gouvernement pr\u00e9voit \u00e9galement de renforcer plusieurs aides destin\u00e9es \u00e0 faciliter l'achat d'un logement, en particulier pour les jeunes primo-acqu\u00e9reurs et les m\u00e9nages.<\/p>\n\n\n\n<h3 class=\"wp-block-heading\">Une subvention d\u2019int\u00e9r\u00eat renforc\u00e9e pour les jeunes primo-acqu\u00e9reurs<\/h3>\n\n\n\n<p class=\"wp-block-paragraph\">Les jeunes qui souhaitent acheter leur premier logement pourraient \u00e9galement b\u00e9n\u00e9ficier d\u2019une subvention d\u2019int\u00e9r\u00eat renforc\u00e9e.<\/p>\n\n\n\n<p class=\"wp-block-paragraph\">Cette aide vise \u00e0 r\u00e9duire une partie de la charge li\u00e9e aux int\u00e9r\u00eats du pr\u00eat immobilier. Son montant d\u00e9pend notamment des revenus et de la composition du m\u00e9nage.<\/p>\n\n\n\n<p class=\"wp-block-paragraph\">Lorsqu\u2019au moins l\u2019un des titulaires du pr\u00eat est \u00e2g\u00e9 de <strong>35 ans ou moins<\/strong>, le montant maximal du pr\u00eat pris en compte pour calculer l\u2019aide devrait passer de <strong>200 000 \u00e0 300 000 \u20ac<\/strong>.<\/p>\n\n\n\n<p class=\"wp-block-paragraph\">Par cons\u00e9quent, certains jeunes m\u00e9nages pourraient b\u00e9n\u00e9ficier d\u2019une aide mensuelle plus importante.<\/p>\n\n\n\n<p class=\"wp-block-paragraph\"><strong>Un exemple pour un jeune m\u00e9nage<\/strong> :<\/p>\n\n\n\n<p class=\"wp-block-paragraph\">Le gouvernement pr\u00e9sente le cas d\u2019un m\u00e9nage avec un enfant \u00e0 charge, disposant d\u2019un revenu net annuel de 79 000 \u20ac et b\u00e9n\u00e9ficiant d\u2019une subvention d\u2019int\u00e9r\u00eat de 1,5 %.<\/p>\n\n\n\n<p class=\"wp-block-paragraph\">Gr\u00e2ce au nouveau plafond de 330 000 \u20ac, ce m\u00e9nage pourrait recevoir jusqu\u2019\u00e0 <strong>400,31 \u20ac par mois<\/strong>, soit <strong>133,43 \u20ac suppl\u00e9mentaires chaque mois<\/strong>.<\/p>\n\n\n\n<h3 class=\"wp-block-heading\">Des primes \u00e9largies aux jeunes acheteurs<\/h3>\n\n\n\n<p class=\"wp-block-paragraph\">Les jeunes qui ach\u00e8tent un logement abordable ou \u00e0 co\u00fbt mod\u00e9r\u00e9 devraient d\u00e9sormais pouvoir b\u00e9n\u00e9ficier de deux aides :<\/p>\n\n\n\n<ul class=\"wp-block-list\">\n<li>la prime d\u2019accession \u00e0 la propri\u00e9t\u00e9 ;<\/li>\n\n\n\n<li>la prime d\u2019\u00e9pargne.<\/li>\n<\/ul>\n\n\n\n<p class=\"wp-block-paragraph\">Pour \u00eatre \u00e9ligible, au moins l\u2019un des futurs propri\u00e9taires devra \u00eatre \u00e2g\u00e9 de <strong>35 ans ou moins au moment de l\u2019acte d\u2019acquisition<\/strong>.<\/p>\n\n\n\n<p class=\"wp-block-paragraph\">Cette \u00e9volution vise notamment \u00e0 aider les jeunes m\u00e9nages \u00e0 constituer l\u2019apport personnel n\u00e9cessaire pour obtenir leur financement.<\/p>\n\n\n\n<h3 class=\"wp-block-heading\">Une subvention d\u2019int\u00e9r\u00eat renforc\u00e9e pour tous les m\u00e9nages<\/h3>\n\n\n\n<p class=\"wp-block-paragraph\">Le rel\u00e8vement des plafonds ne concerne pas uniquement les jeunes acqu\u00e9reurs.<\/p>\n\n\n\n<p class=\"wp-block-paragraph\">Pour l\u2019ensemble des m\u00e9nages, le plafond du pr\u00eat subventionnable devrait passer de <strong>200 000 \u00e0 250 000 \u20ac<\/strong>.<\/p>\n\n\n\n<p class=\"wp-block-paragraph\">De plus, la majoration accord\u00e9e pour chaque enfant \u00e0 charge passerait de <strong>20 000 \u00e0 30 000 \u20ac<\/strong>. Le plafond maximal pourrait ainsi atteindre <strong>370 000 \u20ac<\/strong>, selon la composition du foyer.<\/p>\n\n\n\n<p class=\"wp-block-paragraph\">Ces am\u00e9liorations devraient profiter aux nouveaux demandeurs, mais aussi aux personnes dont le dossier est d\u00e9j\u00e0 en cours de paiement.<\/p>\n\n\n\n<p class=\"wp-block-paragraph\"><strong>Un exemple pour un m\u00e9nage avec un enfant<\/strong> :<\/p>\n\n\n\n<p class=\"wp-block-paragraph\">Dans l\u2019exemple pr\u00e9sent\u00e9 par le gouvernement, un m\u00e9nage avec un enfant \u00e0 charge et un revenu net annuel de 79 000 \u20ac pourrait b\u00e9n\u00e9ficier d\u2019une aide mensuelle maximale de <strong>339,66 \u20ac<\/strong>.<\/p>\n\n\n\n<p class=\"wp-block-paragraph\">Cela repr\u00e9sente une hausse de <strong>72,78 \u20ac par mois<\/strong> gr\u00e2ce au rel\u00e8vement du plafond du pr\u00eat pris en compte.<\/p>\n\n\n\n<h2 class=\"wp-block-heading\">Quelles mesures concernent l\u2019investissement locatif ?<\/h2>\n\n\n\n<p class=\"wp-block-paragraph\">D\u2019autres <strong>nouvelles mesures pour le logement au Luxembourg<\/strong> s\u2019adressent davantage aux investisseurs. Elles portent notamment sur la TVA applicable \u00e0 certains logements locatifs abordables et sur le r\u00e9gime d\u2019amortissement fiscal.<\/p>\n\n\n\n<h2 class=\"wp-block-heading\">4. Une TVA r\u00e9duite \u00e0 8 % pour certains logements locatifs abordables<\/h2>\n\n\n\n<p class=\"wp-block-paragraph\">Une TVA r\u00e9duite \u00e0 <strong>8 %<\/strong> est pr\u00e9vue pour certains logements locatifs r\u00e9pondant \u00e0 des crit\u00e8res d\u00e9finis par le Gouvernement.<\/p>\n\n\n\n<p class=\"wp-block-paragraph\">Pour b\u00e9n\u00e9ficier de ce taux, le logement devra notamment :<\/p>\n\n\n\n<ul class=\"wp-block-list\">\n<li>avoir une superficie maximale de <strong>120 m\u00b2<\/strong> ;<\/li>\n\n\n\n<li>\u00eatre propos\u00e9 \u00e0 un prix inf\u00e9rieur ou \u00e9gal au <strong>prix m\u00e9dian de r\u00e9f\u00e9rence<\/strong> ;<\/li>\n\n\n\n<li>\u00eatre lou\u00e9 pendant <strong>au moins dix ans<\/strong> \u00e0 un <strong>locataire certifi\u00e9<\/strong> par le minist\u00e8re du Logement et de l\u2019Am\u00e9nagement du territoire ;<\/li>\n\n\n\n<li>respecter un <strong>rendement locatif plafonn\u00e9 \u00e0 4 %<\/strong> du capital net investi.<\/li>\n<\/ul>\n\n\n\n<p class=\"wp-block-paragraph\">Contrairement \u00e0 certaines mesures destin\u00e9es aux acqu\u00e9reurs, cette TVA r\u00e9duite ne sera applicable <strong>qu'\u00e0 partir de l'entr\u00e9e en vigueur de la loi<\/strong>. Aucun effet r\u00e9troactif n'est pr\u00e9vu.<\/p>\n\n\n\n<h2 class=\"wp-block-heading\">5. Un nouveau r\u00e9gime d\u2019amortissement acc\u00e9l\u00e9r\u00e9<\/h2>\n\n\n\n<p class=\"wp-block-paragraph\">Le gouvernement pr\u00e9voit \u00e9galement un nouveau r\u00e9gime d\u2019amortissement acc\u00e9l\u00e9r\u00e9 afin d\u2019am\u00e9liorer la rentabilit\u00e9 de certains investissements locatifs.<\/p>\n\n\n\n<p class=\"wp-block-paragraph\">Ce dispositif repose sur le principe des \u00ab trois fois 6 \u00bb :<\/p>\n\n\n\n<ul class=\"wp-block-list\">\n<li>un taux d\u2019amortissement de 6 % ;<\/li>\n\n\n\n<li>pendant une dur\u00e9e de 6 ans ;<\/li>\n\n\n\n<li>sur une base amortissable maximale de 600 000 \u20ac par immeuble.<\/li>\n<\/ul>\n\n\n\n<p class=\"wp-block-paragraph\">Si la base amortissable d\u00e9passe 600 000 \u20ac, un taux de 2 % devrait s\u2019appliquer sur l\u2019ensemble de la base, sans limitation de dur\u00e9e.<\/p>\n\n\n\n<p class=\"wp-block-paragraph\">Pour les acquisitions r\u00e9alis\u00e9es en <strong>2026<\/strong>, le contribuable pourrait choisir entre le r\u00e9gime actuel et le nouveau dispositif.<\/p>\n\n\n\n<p class=\"wp-block-paragraph\">\u00c0 partir du <strong>1er janvier 2027<\/strong>, le nouveau r\u00e9gime deviendrait le seul r\u00e9gime applicable aux nouvelles acquisitions. Les r\u00e9gimes ant\u00e9rieurs continueraient n\u00e9anmoins \u00e0 s\u2019appliquer jusqu\u2019\u00e0 leur terme pour les achats d\u00e9j\u00e0 concern\u00e9s.<\/p>\n\n\n\n<h2 class=\"wp-block-heading\">6. Un emprunt citoyen pr\u00e9vu pour 2027<\/h2>\n\n\n\n<p class=\"wp-block-paragraph\">Le paquet pr\u00e9voit \u00e9galement la cr\u00e9ation d\u2019un emprunt obligataire citoyen appel\u00e9 <strong>Housing Bond<\/strong>.<\/p>\n\n\n\n<p class=\"wp-block-paragraph\">Son montant total devrait atteindre <strong>250 millions d\u2019euros<\/strong>. Les fonds r\u00e9colt\u00e9s serviraient \u00e0 soutenir le financement du logement abordable.<\/p>\n\n\n\n<p class=\"wp-block-paragraph\">Les int\u00e9r\u00eats devraient \u00eatre exon\u00e9r\u00e9s de la retenue \u00e0 la source lib\u00e9ratoire de 20 %.<\/p>\n\n\n\n<p class=\"wp-block-paragraph\">Le lancement de cet emprunt est pr\u00e9vu au <strong>d\u00e9but de l\u2019ann\u00e9e 2027<\/strong>.<\/p>\n\n\n\n<h2 class=\"wp-block-heading\">7. 300 millions d\u2019euros suppl\u00e9mentaires pour la VEFA<\/h2>\n\n\n\n<p class=\"wp-block-paragraph\">Enfin, l\u2019\u00c9tat pr\u00e9voit d\u2019investir <strong>300 millions d\u2019euros suppl\u00e9mentaires<\/strong> dans son programme d\u2019acquisition de logements en VEFA.<\/p>\n\n\n\n<p class=\"wp-block-paragraph\">Le premier programme, dot\u00e9 d\u2019une enveloppe de 480 millions d\u2019euros, a permis \u00e0 l\u2019\u00c9tat d\u2019acqu\u00e9rir ou de r\u00e9server <strong>830 logements abordables<\/strong>.<\/p>\n\n\n\n<p class=\"wp-block-paragraph\">Le dispositif doit d\u00e9sormais devenir plus flexible. L\u2019\u00c9tat pourra acheter seulement une partie des logements d\u2019un projet, au lieu de devoir acqu\u00e9rir l\u2019ensemble du programme.<\/p>\n\n\n\n<p class=\"wp-block-paragraph\">Cette intervention peut s\u00e9curiser une partie des ventes. Elle peut \u00e9galement aider le projet \u00e0 atteindre le seuil de pr\u00e9ventes demand\u00e9 par les banques et, par cons\u00e9quent, faciliter le d\u00e9marrage du chantier.<\/p>\n\n\n\n<h2 class=\"wp-block-heading\">Quel est le calendrier des nouvelles mesures ?<\/h2>\n\n\n\n<p class=\"wp-block-paragraph\">Les dates d\u2019application varient selon les dispositifs :<\/p>\n\n\n\n<ul class=\"wp-block-list\">\n<li><strong>\u00e0 partir du 16 juillet 2026<\/strong>, sous r\u00e9serve de l\u2019entr\u00e9e en vigueur de la loi : exon\u00e9ration sur la partie construction de certains achats en VEFA et hausse du B\u00ebllegen Akt ;<\/li>\n\n\n\n<li><strong>pour les acquisitions r\u00e9alis\u00e9es en 2026<\/strong> : choix possible entre l\u2019ancien et le nouveau r\u00e9gime d\u2019amortissement ;<\/li>\n\n\n\n<li><strong>\u00e0 partir du 1er janvier 2027<\/strong> : nouveau r\u00e9gime d\u2019amortissement applicable aux nouvelles acquisitions ;<\/li>\n\n\n\n<li><strong>au d\u00e9but de l\u2019ann\u00e9e 2027<\/strong> : lancement pr\u00e9vu du Housing Bond ;<\/li>\n\n\n\n<li><strong>\u00e0 l\u2019entr\u00e9e en vigueur de la loi, sans effet r\u00e9troactif<\/strong> : TVA r\u00e9duite \u00e0 8 % pour certains logements locatifs abordables.<\/li>\n<\/ul>\n\n\n\n<p class=\"wp-block-paragraph\">Il est donc important de v\u00e9rifier le calendrier et les conditions propres \u00e0 chaque mesure avant de prendre une d\u00e9cision.<\/p>\n\n\n\n<h2 class=\"wp-block-heading\">Que retenir des nouvelles mesures pour le logement au Luxembourg ?<\/h2>\n\n\n\n<p class=\"wp-block-paragraph\">Ces nouvelles mesures pourraient faciliter l'acc\u00e8s \u00e0 la propri\u00e9t\u00e9, soutenir l'investissement locatif et contribuer au d\u00e9veloppement de nouveaux logements au Luxembourg. Toutefois, les conditions et les dates d'application varient selon les dispositifs. Il est donc recommand\u00e9 de v\u00e9rifier votre situation aupr\u00e8s des autorit\u00e9s comp\u00e9tentes ou de votre notaire avant d'entreprendre un projet immobilier.<\/p>\n\n\n\n<p class=\"wp-block-paragraph\">Pour les futurs propri\u00e9taires, les principales annonces \u00e0 retenir sont :<\/p>\n\n\n\n<ul class=\"wp-block-list\">\n<li>le B\u00ebllegen Akt port\u00e9 \u00e0 45 000 \u20ac par personne ;<\/li>\n\n\n\n<li>l\u2019exon\u00e9ration des droits d\u2019enregistrement sur la partie construction de certains logements achet\u00e9s en VEFA ;<\/li>\n\n\n\n<li>le renforcement de la subvention d\u2019int\u00e9r\u00eat ;<\/li>\n\n\n\n<li>l\u2019\u00e9largissement de certaines primes aux jeunes acqu\u00e9reurs de logements abordables.<\/li>\n<\/ul>\n\n\n\n<p class=\"wp-block-paragraph\">De leur c\u00f4t\u00e9, les investisseurs peuvent \u00eatre concern\u00e9s par la TVA r\u00e9duite \u00e0 8 % pour certains logements locatifs abordables et par le nouveau r\u00e9gime d\u2019amortissement acc\u00e9l\u00e9r\u00e9.<\/p>\n\n\n\n<p class=\"wp-block-paragraph\">Toutefois, les conditions et les dates d\u2019application varient selon les dispositifs. Il est donc conseill\u00e9 de v\u00e9rifier sa situation aupr\u00e8s de l\u2019administration comp\u00e9tente, de son notaire ou d\u2019un conseiller sp\u00e9cialis\u00e9.<\/p>\n\n\n\n<h2 class=\"wp-block-heading\">Vous avez un projet immobilier au Luxembourg ?<\/h2>\n\n\n\n<p class=\"wp-block-paragraph\">Avant de commencer vos recherches, consultez notre guide consacr\u00e9 aux \u00e9tapes pour <a href=\"https:\/\/www.athome.lu\/blog\/acheter\/guides\/acheter-bien-immobilier-luxembourg\/\" type=\"link\" id=\"https:\/\/www.athome.lu\/blog\/acheter\/guides\/acheter-bien-immobilier-luxembourg\/\" target=\"_blank\" rel=\"noreferrer noopener\">acheter un bien immobilier au Luxembourg<\/a>. Vous pourrez ainsi mieux pr\u00e9parer votre budget, anticiper les frais li\u00e9s \u00e0 votre acquisition et comprendre les principales d\u00e9marches \u00e0 effectuer.<\/p>\n\n\n\n<p class=\"wp-block-paragraph\">D\u00e9couvrez ensuite les <a href=\"https:\/\/www.athome.lu\/vente\" type=\"link\" id=\"https:\/\/www.athome.lu\/vente\" target=\"_blank\" rel=\"noreferrer noopener\">biens immobiliers \u00e0 vendre au Luxembourg sur atHome <\/a>et affinez votre recherche selon votre budget, la localisation souhait\u00e9e et le type de logement recherch\u00e9.<\/p>\n","protected":false},"excerpt":{"rendered":"<p>Les nouvelles mesures pour le logement au Luxembourg annonc\u00e9es en juillet 2026 pourraient avoir un impact direct sur les futurs propri\u00e9taires, les jeunes primo-acqu\u00e9reurs et les investisseurs. R\u00e9unies sous le nom \u00ab Booster fir de Wunnengsbau \u00bb, elles visent \u00e0 relancer la construction, \u00e0 faciliter l\u2019acc\u00e8s \u00e0 la propri\u00e9t\u00e9 et \u00e0 renforcer l\u2019offre de logements [&hellip;]<\/p>\n","protected":false},"author":19,"featured_media":18905,"comment_status":"closed","ping_status":"closed","sticky":false,"template":"","format":"standard","meta":{"_acf_changed":false,"footnotes":""},"categories":[207,265,222,217],"tags":[],"class_list":["post-18903","post","type-post","status-publish","format-standard","has-post-thumbnail","hentry","category-actualites-immobilieres","category-aides-fiscalite","category-financer","category-marche-immobilier"],"acf":[],"yoast_head":"<!-- This site is optimized with the Yoast SEO plugin v28.3 - https:\/\/yoast.com\/product\/yoast-seo-wordpress\/ -->\n<title>Nouvelles mesures pour le logement au Luxembourg<\/title>\n<meta name=\"description\" content=\"D\u00e9couvrez les nouvelles mesures pour le logement au Luxembourg : B\u00ebllegen Akt, VEFA, aides et investissement locatif.\" \/>\n<meta name=\"robots\" content=\"index, follow, max-snippet:-1, max-image-preview:large, max-video-preview:-1\" \/>\n<link rel=\"canonical\" href=\"https:\/\/www.athome.lu\/blog\/marche-immobilier\/nouvelles-mesures-logement-luxembourg\/\" \/>\n<meta property=\"og:locale\" content=\"fr_FR\" \/>\n<meta property=\"og:type\" content=\"article\" \/>\n<meta property=\"og:title\" content=\"Nouvelles mesures pour le logement au Luxembourg\" \/>\n<meta property=\"og:description\" content=\"D\u00e9couvrez les nouvelles mesures pour le logement au Luxembourg : B\u00ebllegen Akt, VEFA, aides et investissement locatif.\" \/>\n<meta property=\"og:url\" content=\"https:\/\/www.athome.lu\/blog\/marche-immobilier\/nouvelles-mesures-logement-luxembourg\/\" \/>\n<meta property=\"og:site_name\" content=\"atHome Blog\" \/>\n<meta property=\"article:publisher\" content=\"https:\/\/www.facebook.com\/atHome.lu\/\" \/>\n<meta property=\"article:published_time\" content=\"2026-07-27T14:35:37+00:00\" \/>\n<meta property=\"article:modified_time\" content=\"2026-08-03T12:16:51+00:00\" \/>\n<meta property=\"og:image\" content=\"https:\/\/www.athome.lu\/blog\/wp-content\/uploads\/2026\/07\/AHP-Banniere-Wordpress-4-1.png\" \/>\n\t<meta property=\"og:image:width\" content=\"1846\" \/>\n\t<meta property=\"og:image:height\" content=\"550\" \/>\n\t<meta property=\"og:image:type\" content=\"image\/png\" \/>\n<meta name=\"author\" content=\"atHome.lu\" \/>\n<meta name=\"twitter:card\" content=\"summary_large_image\" \/>\n<meta name=\"twitter:creator\" content=\"@athomelu\" \/>\n<meta name=\"twitter:site\" content=\"@athomelu\" \/>\n<meta name=\"twitter:label1\" content=\"\u00c9crit par\" \/>\n\t<meta name=\"twitter:data1\" content=\"atHome.lu\" \/>\n\t<meta name=\"twitter:label2\" content=\"Dur\u00e9e de lecture estim\u00e9e\" \/>\n\t<meta name=\"twitter:data2\" content=\"11 minutes\" \/>\n<script type=\"application\/ld+json\" class=\"yoast-schema-graph\">{\"@context\":\"https:\\\/\\\/schema.org\",\"@graph\":[{\"@type\":\"Article\",\"@id\":\"https:\\\/\\\/www.athome.lu\\\/blog\\\/marche-immobilier\\\/nouvelles-mesures-logement-luxembourg\\\/#article\",\"isPartOf\":{\"@id\":\"https:\\\/\\\/www.athome.lu\\\/blog\\\/marche-immobilier\\\/nouvelles-mesures-logement-luxembourg\\\/\"},\"author\":{\"name\":\"atHome.lu\",\"@id\":\"https:\\\/\\\/www.athome.lu\\\/blog\\\/#\\\/schema\\\/person\\\/6b0cae19a94059156faf7f0ce969b4a0\"},\"headline\":\"Nouvelles mesures pour le logement au Luxembourg : ce qu\u2019il faut retenir\",\"datePublished\":\"2026-07-27T14:35:37+00:00\",\"dateModified\":\"2026-08-03T12:16:51+00:00\",\"mainEntityOfPage\":{\"@id\":\"https:\\\/\\\/www.athome.lu\\\/blog\\\/marche-immobilier\\\/nouvelles-mesures-logement-luxembourg\\\/\"},\"wordCount\":2147,\"image\":{\"@id\":\"https:\\\/\\\/www.athome.lu\\\/blog\\\/marche-immobilier\\\/nouvelles-mesures-logement-luxembourg\\\/#primaryimage\"},\"thumbnailUrl\":\"https:\\\/\\\/www.athome.lu\\\/blog\\\/wp-content\\\/uploads\\\/2026\\\/07\\\/AHP-Banniere-Wordpress-4-1.png\",\"articleSection\":[\"Actualit\u00e9s immobili\u00e8res\",\"Aides et fiscalit\u00e9\",\"Financer\",\"March\u00e9 immobilier\"],\"inLanguage\":\"fr-FR\"},{\"@type\":\"WebPage\",\"@id\":\"https:\\\/\\\/www.athome.lu\\\/blog\\\/marche-immobilier\\\/nouvelles-mesures-logement-luxembourg\\\/\",\"url\":\"https:\\\/\\\/www.athome.lu\\\/blog\\\/marche-immobilier\\\/nouvelles-mesures-logement-luxembourg\\\/\",\"name\":\"Nouvelles mesures pour le logement au Luxembourg\",\"isPartOf\":{\"@id\":\"https:\\\/\\\/www.athome.lu\\\/blog\\\/#website\"},\"primaryImageOfPage\":{\"@id\":\"https:\\\/\\\/www.athome.lu\\\/blog\\\/marche-immobilier\\\/nouvelles-mesures-logement-luxembourg\\\/#primaryimage\"},\"image\":{\"@id\":\"https:\\\/\\\/www.athome.lu\\\/blog\\\/marche-immobilier\\\/nouvelles-mesures-logement-luxembourg\\\/#primaryimage\"},\"thumbnailUrl\":\"https:\\\/\\\/www.athome.lu\\\/blog\\\/wp-content\\\/uploads\\\/2026\\\/07\\\/AHP-Banniere-Wordpress-4-1.png\",\"datePublished\":\"2026-07-27T14:35:37+00:00\",\"dateModified\":\"2026-08-03T12:16:51+00:00\",\"author\":{\"@id\":\"https:\\\/\\\/www.athome.lu\\\/blog\\\/#\\\/schema\\\/person\\\/6b0cae19a94059156faf7f0ce969b4a0\"},\"description\":\"D\u00e9couvrez les nouvelles mesures pour le logement au Luxembourg : B\u00ebllegen Akt, VEFA, aides et investissement locatif.\",\"breadcrumb\":{\"@id\":\"https:\\\/\\\/www.athome.lu\\\/blog\\\/marche-immobilier\\\/nouvelles-mesures-logement-luxembourg\\\/#breadcrumb\"},\"inLanguage\":\"fr-FR\",\"potentialAction\":[{\"@type\":\"ReadAction\",\"target\":[\"https:\\\/\\\/www.athome.lu\\\/blog\\\/marche-immobilier\\\/nouvelles-mesures-logement-luxembourg\\\/\"]}]},{\"@type\":\"ImageObject\",\"inLanguage\":\"fr-FR\",\"@id\":\"https:\\\/\\\/www.athome.lu\\\/blog\\\/marche-immobilier\\\/nouvelles-mesures-logement-luxembourg\\\/#primaryimage\",\"url\":\"https:\\\/\\\/www.athome.lu\\\/blog\\\/wp-content\\\/uploads\\\/2026\\\/07\\\/AHP-Banniere-Wordpress-4-1.png\",\"contentUrl\":\"https:\\\/\\\/www.athome.lu\\\/blog\\\/wp-content\\\/uploads\\\/2026\\\/07\\\/AHP-Banniere-Wordpress-4-1.png\",\"width\":1846,\"height\":550},{\"@type\":\"BreadcrumbList\",\"@id\":\"https:\\\/\\\/www.athome.lu\\\/blog\\\/marche-immobilier\\\/nouvelles-mesures-logement-luxembourg\\\/#breadcrumb\",\"itemListElement\":[{\"@type\":\"ListItem\",\"position\":1,\"name\":\"Accueil\",\"item\":\"https:\\\/\\\/www.athome.lu\\\/blog\\\/\"},{\"@type\":\"ListItem\",\"position\":2,\"name\":\"March\u00e9 immobilier\",\"item\":\"https:\\\/\\\/www.athome.lu\\\/blog\\\/category\\\/marche-immobilier\\\/\"},{\"@type\":\"ListItem\",\"position\":3,\"name\":\"Nouvelles mesures pour le logement au Luxembourg : ce qu\u2019il faut retenir\"}]},{\"@type\":\"WebSite\",\"@id\":\"https:\\\/\\\/www.athome.lu\\\/blog\\\/#website\",\"url\":\"https:\\\/\\\/www.athome.lu\\\/blog\\\/\",\"name\":\"atHome Blog\",\"description\":\"Annonces immobili\u00e8res au Luxembourg. Le portail immobilier n\u00b01 au Luxembourg.\",\"potentialAction\":[{\"@type\":\"SearchAction\",\"target\":{\"@type\":\"EntryPoint\",\"urlTemplate\":\"https:\\\/\\\/www.athome.lu\\\/blog\\\/?s={search_term_string}\"},\"query-input\":{\"@type\":\"PropertyValueSpecification\",\"valueRequired\":true,\"valueName\":\"search_term_string\"}}],\"inLanguage\":\"fr-FR\"},{\"@type\":\"Person\",\"@id\":\"https:\\\/\\\/www.athome.lu\\\/blog\\\/#\\\/schema\\\/person\\\/6b0cae19a94059156faf7f0ce969b4a0\",\"name\":\"atHome.lu\",\"image\":{\"@type\":\"ImageObject\",\"inLanguage\":\"fr-FR\",\"@id\":\"https:\\\/\\\/secure.gravatar.com\\\/avatar\\\/aaf3e502d7787af3ce4793c226e9640b6ab8f2b336039142fc34b438e2e085e8?s=96&d=mm&r=g\",\"url\":\"https:\\\/\\\/secure.gravatar.com\\\/avatar\\\/aaf3e502d7787af3ce4793c226e9640b6ab8f2b336039142fc34b438e2e085e8?s=96&d=mm&r=g\",\"contentUrl\":\"https:\\\/\\\/secure.gravatar.com\\\/avatar\\\/aaf3e502d7787af3ce4793c226e9640b6ab8f2b336039142fc34b438e2e085e8?s=96&d=mm&r=g\",\"caption\":\"atHome.lu\"}}]}<\/script>\n<!-- \/ Yoast SEO plugin. -->","yoast_head_json":{"title":"Nouvelles mesures pour le logement au Luxembourg","description":"D\u00e9couvrez les nouvelles mesures pour le logement au Luxembourg : B\u00ebllegen Akt, VEFA, aides et investissement locatif.","robots":{"index":"index","follow":"follow","max-snippet":"max-snippet:-1","max-image-preview":"max-image-preview:large","max-video-preview":"max-video-preview:-1"},"canonical":"https:\/\/www.athome.lu\/blog\/marche-immobilier\/nouvelles-mesures-logement-luxembourg\/","og_locale":"fr_FR","og_type":"article","og_title":"Nouvelles mesures pour le logement au Luxembourg","og_description":"D\u00e9couvrez les nouvelles mesures pour le logement au Luxembourg : B\u00ebllegen Akt, VEFA, aides et investissement locatif.","og_url":"https:\/\/www.athome.lu\/blog\/marche-immobilier\/nouvelles-mesures-logement-luxembourg\/","og_site_name":"atHome Blog","article_publisher":"https:\/\/www.facebook.com\/atHome.lu\/","article_published_time":"2026-07-27T14:35:37+00:00","article_modified_time":"2026-08-03T12:16:51+00:00","og_image":[{"width":1846,"height":550,"url":"https:\/\/www.athome.lu\/blog\/wp-content\/uploads\/2026\/07\/AHP-Banniere-Wordpress-4-1.png","type":"image\/png"}],"author":"atHome.lu","twitter_card":"summary_large_image","twitter_creator":"@athomelu","twitter_site":"@athomelu","twitter_misc":{"\u00c9crit par":"atHome.lu","Dur\u00e9e de lecture estim\u00e9e":"11 minutes"},"schema":{"@context":"https:\/\/schema.org","@graph":[{"@type":"Article","@id":"https:\/\/www.athome.lu\/blog\/marche-immobilier\/nouvelles-mesures-logement-luxembourg\/#article","isPartOf":{"@id":"https:\/\/www.athome.lu\/blog\/marche-immobilier\/nouvelles-mesures-logement-luxembourg\/"},"author":{"name":"atHome.lu","@id":"https:\/\/www.athome.lu\/blog\/#\/schema\/person\/6b0cae19a94059156faf7f0ce969b4a0"},"headline":"Nouvelles mesures pour le logement au Luxembourg : ce qu\u2019il faut retenir","datePublished":"2026-07-27T14:35:37+00:00","dateModified":"2026-08-03T12:16:51+00:00","mainEntityOfPage":{"@id":"https:\/\/www.athome.lu\/blog\/marche-immobilier\/nouvelles-mesures-logement-luxembourg\/"},"wordCount":2147,"image":{"@id":"https:\/\/www.athome.lu\/blog\/marche-immobilier\/nouvelles-mesures-logement-luxembourg\/#primaryimage"},"thumbnailUrl":"https:\/\/www.athome.lu\/blog\/wp-content\/uploads\/2026\/07\/AHP-Banniere-Wordpress-4-1.png","articleSection":["Actualit\u00e9s immobili\u00e8res","Aides et fiscalit\u00e9","Financer","March\u00e9 immobilier"],"inLanguage":"fr-FR"},{"@type":"WebPage","@id":"https:\/\/www.athome.lu\/blog\/marche-immobilier\/nouvelles-mesures-logement-luxembourg\/","url":"https:\/\/www.athome.lu\/blog\/marche-immobilier\/nouvelles-mesures-logement-luxembourg\/","name":"Nouvelles mesures pour le logement au Luxembourg","isPartOf":{"@id":"https:\/\/www.athome.lu\/blog\/#website"},"primaryImageOfPage":{"@id":"https:\/\/www.athome.lu\/blog\/marche-immobilier\/nouvelles-mesures-logement-luxembourg\/#primaryimage"},"image":{"@id":"https:\/\/www.athome.lu\/blog\/marche-immobilier\/nouvelles-mesures-logement-luxembourg\/#primaryimage"},"thumbnailUrl":"https:\/\/www.athome.lu\/blog\/wp-content\/uploads\/2026\/07\/AHP-Banniere-Wordpress-4-1.png","datePublished":"2026-07-27T14:35:37+00:00","dateModified":"2026-08-03T12:16:51+00:00","author":{"@id":"https:\/\/www.athome.lu\/blog\/#\/schema\/person\/6b0cae19a94059156faf7f0ce969b4a0"},"description":"D\u00e9couvrez les nouvelles mesures pour le logement au Luxembourg : B\u00ebllegen Akt, VEFA, aides et investissement locatif.","breadcrumb":{"@id":"https:\/\/www.athome.lu\/blog\/marche-immobilier\/nouvelles-mesures-logement-luxembourg\/#breadcrumb"},"inLanguage":"fr-FR","potentialAction":[{"@type":"ReadAction","target":["https:\/\/www.athome.lu\/blog\/marche-immobilier\/nouvelles-mesures-logement-luxembourg\/"]}]},{"@type":"ImageObject","inLanguage":"fr-FR","@id":"https:\/\/www.athome.lu\/blog\/marche-immobilier\/nouvelles-mesures-logement-luxembourg\/#primaryimage","url":"https:\/\/www.athome.lu\/blog\/wp-content\/uploads\/2026\/07\/AHP-Banniere-Wordpress-4-1.png","contentUrl":"https:\/\/www.athome.lu\/blog\/wp-content\/uploads\/2026\/07\/AHP-Banniere-Wordpress-4-1.png","width":1846,"height":550},{"@type":"BreadcrumbList","@id":"https:\/\/www.athome.lu\/blog\/marche-immobilier\/nouvelles-mesures-logement-luxembourg\/#breadcrumb","itemListElement":[{"@type":"ListItem","position":1,"name":"Accueil","item":"https:\/\/www.athome.lu\/blog\/"},{"@type":"ListItem","position":2,"name":"March\u00e9 immobilier","item":"https:\/\/www.athome.lu\/blog\/category\/marche-immobilier\/"},{"@type":"ListItem","position":3,"name":"Nouvelles mesures pour le logement au Luxembourg : ce qu\u2019il faut retenir"}]},{"@type":"WebSite","@id":"https:\/\/www.athome.lu\/blog\/#website","url":"https:\/\/www.athome.lu\/blog\/","name":"atHome Blog","description":"Annonces immobili\u00e8res au Luxembourg. Le portail immobilier n\u00b01 au Luxembourg.","potentialAction":[{"@type":"SearchAction","target":{"@type":"EntryPoint","urlTemplate":"https:\/\/www.athome.lu\/blog\/?s={search_term_string}"},"query-input":{"@type":"PropertyValueSpecification","valueRequired":true,"valueName":"search_term_string"}}],"inLanguage":"fr-FR"},{"@type":"Person","@id":"https:\/\/www.athome.lu\/blog\/#\/schema\/person\/6b0cae19a94059156faf7f0ce969b4a0","name":"atHome.lu","image":{"@type":"ImageObject","inLanguage":"fr-FR","@id":"https:\/\/secure.gravatar.com\/avatar\/aaf3e502d7787af3ce4793c226e9640b6ab8f2b336039142fc34b438e2e085e8?s=96&d=mm&r=g","url":"https:\/\/secure.gravatar.com\/avatar\/aaf3e502d7787af3ce4793c226e9640b6ab8f2b336039142fc34b438e2e085e8?s=96&d=mm&r=g","contentUrl":"https:\/\/secure.gravatar.com\/avatar\/aaf3e502d7787af3ce4793c226e9640b6ab8f2b336039142fc34b438e2e085e8?s=96&d=mm&r=g","caption":"atHome.lu"}}]}},"featured_media_src_url":"https:\/\/www.athome.lu\/blog\/wp-content\/uploads\/2026\/07\/AHP-Banniere-Wordpress-4-1-1024x305.png","_links":{"self":[{"href":"https:\/\/www.athome.lu\/blog\/wp-json\/wp\/v2\/posts\/18903","targetHints":{"allow":["GET"]}}],"collection":[{"href":"https:\/\/www.athome.lu\/blog\/wp-json\/wp\/v2\/posts"}],"about":[{"href":"https:\/\/www.athome.lu\/blog\/wp-json\/wp\/v2\/types\/post"}],"author":[{"embeddable":true,"href":"https:\/\/www.athome.lu\/blog\/wp-json\/wp\/v2\/users\/19"}],"replies":[{"embeddable":true,"href":"https:\/\/www.athome.lu\/blog\/wp-json\/wp\/v2\/comments?post=18903"}],"version-history":[{"count":24,"href":"https:\/\/www.athome.lu\/blog\/wp-json\/wp\/v2\/posts\/18903\/revisions"}],"predecessor-version":[{"id":18971,"href":"https:\/\/www.athome.lu\/blog\/wp-json\/wp\/v2\/posts\/18903\/revisions\/18971"}],"wp:featuredmedia":[{"embeddable":true,"href":"https:\/\/www.athome.lu\/blog\/wp-json\/wp\/v2\/media\/18905"}],"wp:attachment":[{"href":"https:\/\/www.athome.lu\/blog\/wp-json\/wp\/v2\/media?parent=18903"}],"wp:term":[{"taxonomy":"category","embeddable":true,"href":"https:\/\/www.athome.lu\/blog\/wp-json\/wp\/v2\/categories?post=18903"},{"taxonomy":"post_tag","embeddable":true,"href":"https:\/\/www.athome.lu\/blog\/wp-json\/wp\/v2\/tags?post=18903"}],"curies":[{"name":"wp","href":"https:\/\/api.w.org\/{rel}","templated":true}]}}