{"id":2367,"date":"2013-03-23T16:57:55","date_gmt":"2013-03-23T15:57:55","guid":{"rendered":"https:\/\/www.athome.lu\/blog\/services\/conseils\/?p=2367"},"modified":"2022-05-11T08:55:53","modified_gmt":"2022-05-11T06:55:53","slug":"meubles-de-jardin-le-retour-a-la-nature","status":"publish","type":"post","link":"https:\/\/www.athome.lu\/blog\/mon-logement\/meuble-decoration\/meubles-de-jardin-le-retour-a-la-nature\/","title":{"rendered":"Meubles de jardin : le retour \u00e0 la nature"},"content":{"rendered":"\n<p><span style=\"color: #000000;\">Les tendances \u2013 de la mode au design \u2013 font la part belle \u00e0 la nature, aux couleurs vives et gaies. Fini les ann\u00e9es de minimalisme et de froideur fonctionnelle, voici le retour de la chaleur et de l\u2019atmosph\u00e8re. R\u00e9sultat: l\u2019int\u00e9rieur comme l\u2019ext\u00e9rieur r\u00e9sonnent d\u2019un accent r\u00e9solument naturel.<\/span><\/p>\n\n\n\n<p><span style=\"color: #000000;\">Mat\u00e9riaux, couleurs et formes sont inspir\u00e9es de la nature, \u00e0 tel point que le leitmotiv ne sera plus \u00ab nous et la terre \u00bb, mais bien \u00ab nous sommes la terre \u00bb. Ces tendances d\u00e9voilent un message: elles nous incitent \u00e0 r\u00e9fl\u00e9chir \u00e0 notre comportement de consommateurs et \u00e0 notre environnement.<\/span><\/p>\n\n\n\n<p><span style=\"color: #000000;\">C\u00f4t\u00e9 jardin, exit les r\u00e9alisations imposantes avec dalles de format extra-large, les bancs surdimensionn\u00e9s et les topiaires g\u00e9ants en guise de plantations. Aujourd\u2019hui, l\u2019amateur de jardin recherche l\u2019authenticit\u00e9, l\u2019identit\u00e9, la chaleur et l\u2019intimit\u00e9.<\/span><\/p>\n\n\n\n<h2 class=\"wp-block-heading\"><span style=\"color: #000000;\"><strong>Chaleur et atmosph\u00e8re<br><\/strong><\/span><\/h2>\n\n\n\n<p><span style=\"color: #000000;\">Le minimalisme froid perd du terrain au profit de la chaleur et de l\u2019atmosph\u00e8re. <em>\u00abTradition, chaleur et spiritualit\u00e9 sont les nouveaux mots cl\u00e9s. Ces derni\u00e8res ann\u00e9es, le consommateur a pris conscience progressivement de la valeur d\u2019un jardin. Un jardin est un espace ext\u00e9rieur particulier, \u00e0 la fronti\u00e8re entre vie priv\u00e9e et vie publique. Vu cette \u00e9volution des mentalit\u00e9s, on s\u2019int\u00e9resse davantage \u00e0 l\u2019apparence du jardin, mais surtout \u00e0 ce que l\u2019on peut en faire. L\u2019utilisation fonctionnelle du lieu a gagn\u00e9 en importance et va aujourd\u2019hui bien au-del\u00e0 du simple fait de se trouver dehors\u00bb<\/em>, d\u00e9clare Bert Huls. S\u2019impr\u00e9gnant de ces \u00e9volutions, les fabricants adaptent leurs produits. L'heure est au retour \u00e0 la nature, profitez-en!<\/span><\/p>\n\n\n\n<p><span style=\"color: #000000;\">Le bling-bling passe mais le design reste: les \u00ab\u00a0sunbeds\u00a0\u00bb g\u00e9ants et les meubles \u00e0 baldaquin des derni\u00e8res ann\u00e9es semblent bien \u00eatre les grands oubli\u00e9s de l'\u00e9t\u00e9. La cr\u00e9ativit\u00e9 s'est log\u00e9e ailleurs, dans les formes originales ou les accessoires malins, mais semble d\u00e9sormais faire fi de l'opulence que l'on voulait exposer il y a quelques ann\u00e9es encore.<\/span><\/p>\n\n\n<section id=\"section-3-14695\" class=\" ct-section\" ><div class=\"ct-section-inner-wrap\"><div id=\"div_block-4-14695\" class=\"ct-div-block\" ><div id=\"new_columns-7-14695\" class=\"ct-new-columns\" ><div id=\"div_block-8-14695\" class=\"ct-div-block\" ><div id=\"div_block-14-14695\" class=\"ct-div-block\" ><\/div><\/div><div id=\"div_block-9-14695\" class=\"ct-div-block\" ><h1 id=\"headline-11-14695\" class=\"ct-headline\">Quels sont les prix de l'immobilier en ce moment ?<\/h1><div id=\"text_block-12-14695\" class=\"ct-text-block\" >Les prix ralentissent. Les taux d'int\u00e9r\u00eat augmentent. Quelles tendances pour les mois \u00e0 venir ?<\/div><a id=\"link_button-13-14695\" class=\"ct-link-button\" href=\"https:\/\/www.athome.lu\/blog\/blog\/marche-immobilier\/prix\/tendances-2022\/\" target=\"_blank\"  >Lire l'analyse<\/a><\/div><\/div><\/div><\/div><\/section>\n\n\n<h2 class=\"wp-block-heading\"><span style=\"color: #000000;\"><strong>Des mat\u00e9riaux r\u00e9sistants<\/strong><\/span><\/h2>\n\n\n\n<p><span style=\"color: #000000;\">Les jardins urbains se piquent aussi de simplicit\u00e9. Quelques tabourets, une grande table et \u00e0 peine quelques accessoires suffisent \u00e0 apporter les touches de couleur. Et encore pas n'importe lesquelles: du blanc et les primaires (rouge, bleu et jaune) et c\u00f4t\u00e9 motifs, quelques rayures sages. Exit le tout design un peu masculin ou la surabondance de v\u00e9g\u00e9taux et d'accessoires pop. On mise avant tout sur la fonctionnalit\u00e9 et la convivialit\u00e9 pour \u00eatre bien sur son balcon.<\/span><\/p>\n\n\n\n<p><span style=\"color: #000000;\">Parmi les mat\u00e9riaux, la r\u00e9sine tress\u00e9e est partout. Il faut dire que ses qualit\u00e9s lui permettent de se plier aux exigences de cr\u00e9ateurs qui lui font prendre toutes les formes possibles: arrondies, incurv\u00e9es ou \u00e0 angle droit. Le tout en offrant une r\u00e9sistance \u00e0 toute \u00e9preuve, y compris aux intemp\u00e9ries. Des qualit\u00e9s que l'on retrouve aussi avec le Textil\u00e8ne, un rev\u00eatement fin et r\u00e9sistant, qui ne craint ni les moisissures, ni les variations de temp\u00e9ratures et qui se nettoie ultra facilement. Le must du moment. Que demander de plus ? De la chaleur, de la douceur, vous r\u00e9pondront les d\u00e9tracteurs de ces mati\u00e8res nouvelles qu'ils jugent trop froides. La solution: le bois, qui n'a jamais r\u00e9ellement quitt\u00e9 nos jardins mais y revient aujourd'hui sous une forme plus naturelle.<\/span><\/p>\n","protected":false},"excerpt":{"rendered":"<p>En 2011, les tendances \u2013 de la mode au design \u2013 font la part belle \u00e0 la nature, aux couleurs vives et gaies. Fini les ann\u00e9es de minimalisme et de froideur fonctionnelle, voici le retour de la chaleur et de l\u2019atmosph\u00e8re. R\u00e9sultat: l\u2019int\u00e9rieur comme l\u2019ext\u00e9rieur r\u00e9sonnent d\u2019un accent r\u00e9solument naturel.<\/p>\n","protected":false},"author":17,"featured_media":7427,"comment_status":"closed","ping_status":"open","sticky":false,"template":"","format":"standard","meta":{"_acf_changed":false,"footnotes":""},"categories":[210],"tags":[82,89],"class_list":["post-2367","post","type-post","status-publish","format-standard","has-post-thumbnail","hentry","category-meuble-decoration","tag-ameublement","tag-jardin-terrasse"],"acf":[],"yoast_head":"<!-- This site is optimized with the Yoast SEO plugin v27.4 - https:\/\/yoast.com\/product\/yoast-seo-wordpress\/ -->\n<title>\u25b7 Meubles de Jardin \u25b7\u25b7 la Tendance du Mobilier de Jardin est au Naturel | atHome<\/title>\n<meta name=\"description\" content=\"Choisissez Bien votre Mobilier de Jardin \u25b7\u25b7 Aujourd\u2019hui, un bon meuble se doit d&#039;\u00eatre chaleureux, \u00e9colo, fonctionnel et r\u00e9sistant.\" \/>\n<meta name=\"robots\" content=\"index, follow, max-snippet:-1, max-image-preview:large, max-video-preview:-1\" \/>\n<link rel=\"canonical\" href=\"https:\/\/www.athome.lu\/blog\/mon-logement\/meuble-decoration\/meubles-de-jardin-le-retour-a-la-nature\/\" \/>\n<meta property=\"og:locale\" content=\"fr_FR\" \/>\n<meta property=\"og:type\" content=\"article\" \/>\n<meta property=\"og:title\" content=\"\u25b7 Meubles de Jardin \u25b7\u25b7 la Tendance du Mobilier de Jardin est au Naturel | atHome\" \/>\n<meta property=\"og:description\" content=\"Choisissez Bien votre Mobilier de Jardin \u25b7\u25b7 Aujourd\u2019hui, un bon meuble se doit d&#039;\u00eatre chaleureux, \u00e9colo, fonctionnel et r\u00e9sistant.\" \/>\n<meta property=\"og:url\" content=\"https:\/\/www.athome.lu\/blog\/mon-logement\/meuble-decoration\/meubles-de-jardin-le-retour-a-la-nature\/\" \/>\n<meta property=\"og:site_name\" content=\"atHome Blog\" \/>\n<meta property=\"article:publisher\" content=\"https:\/\/www.facebook.com\/atHome.lu\/\" \/>\n<meta property=\"article:published_time\" content=\"2013-03-23T15:57:55+00:00\" \/>\n<meta property=\"article:modified_time\" content=\"2022-05-11T06:55:53+00:00\" \/>\n<meta property=\"og:image\" content=\"https:\/\/www.athome.lu\/blog\/wp-content\/uploads\/2011\/03\/oakleigh-house-151.jpg\" \/>\n\t<meta property=\"og:image:width\" content=\"1200\" \/>\n\t<meta property=\"og:image:height\" content=\"798\" \/>\n\t<meta property=\"og:image:type\" content=\"image\/jpeg\" \/>\n<meta name=\"author\" content=\"Fanny Pimentel\" \/>\n<meta name=\"twitter:card\" content=\"summary_large_image\" \/>\n<meta name=\"twitter:creator\" content=\"@athomelu\" \/>\n<meta name=\"twitter:site\" content=\"@athomelu\" \/>\n<meta name=\"twitter:label1\" content=\"\u00c9crit par\" \/>\n\t<meta name=\"twitter:data1\" content=\"Fanny Pimentel\" \/>\n\t<meta name=\"twitter:label2\" content=\"Dur\u00e9e de lecture estim\u00e9e\" \/>\n\t<meta name=\"twitter:data2\" content=\"3 minutes\" \/>\n<script type=\"application\/ld+json\" class=\"yoast-schema-graph\">{\"@context\":\"https:\\\/\\\/schema.org\",\"@graph\":[{\"@type\":\"Article\",\"@id\":\"https:\\\/\\\/www.athome.lu\\\/blog\\\/mon-logement\\\/meuble-decoration\\\/meubles-de-jardin-le-retour-a-la-nature\\\/#article\",\"isPartOf\":{\"@id\":\"https:\\\/\\\/www.athome.lu\\\/blog\\\/mon-logement\\\/meuble-decoration\\\/meubles-de-jardin-le-retour-a-la-nature\\\/\"},\"author\":{\"name\":\"Fanny Pimentel\",\"@id\":\"https:\\\/\\\/www.athome.lu\\\/blog\\\/#\\\/schema\\\/person\\\/47f7a38089f837e792876ceddc4cb2dc\"},\"headline\":\"Meubles de jardin : le retour \u00e0 la nature\",\"datePublished\":\"2013-03-23T15:57:55+00:00\",\"dateModified\":\"2022-05-11T06:55:53+00:00\",\"mainEntityOfPage\":{\"@id\":\"https:\\\/\\\/www.athome.lu\\\/blog\\\/mon-logement\\\/meuble-decoration\\\/meubles-de-jardin-le-retour-a-la-nature\\\/\"},\"wordCount\":574,\"image\":{\"@id\":\"https:\\\/\\\/www.athome.lu\\\/blog\\\/mon-logement\\\/meuble-decoration\\\/meubles-de-jardin-le-retour-a-la-nature\\\/#primaryimage\"},\"thumbnailUrl\":\"https:\\\/\\\/www.athome.lu\\\/blog\\\/wp-content\\\/uploads\\\/2011\\\/03\\\/oakleigh-house-151.jpg\",\"keywords\":[\"Ameublement\",\"Jardin &amp; terrasse\"],\"articleSection\":[\"Meubler et D\u00e9corer\"],\"inLanguage\":\"fr-FR\"},{\"@type\":\"WebPage\",\"@id\":\"https:\\\/\\\/www.athome.lu\\\/blog\\\/mon-logement\\\/meuble-decoration\\\/meubles-de-jardin-le-retour-a-la-nature\\\/\",\"url\":\"https:\\\/\\\/www.athome.lu\\\/blog\\\/mon-logement\\\/meuble-decoration\\\/meubles-de-jardin-le-retour-a-la-nature\\\/\",\"name\":\"\u25b7 Meubles de Jardin \u25b7\u25b7 la Tendance du Mobilier de Jardin est au Naturel | atHome\",\"isPartOf\":{\"@id\":\"https:\\\/\\\/www.athome.lu\\\/blog\\\/#website\"},\"primaryImageOfPage\":{\"@id\":\"https:\\\/\\\/www.athome.lu\\\/blog\\\/mon-logement\\\/meuble-decoration\\\/meubles-de-jardin-le-retour-a-la-nature\\\/#primaryimage\"},\"image\":{\"@id\":\"https:\\\/\\\/www.athome.lu\\\/blog\\\/mon-logement\\\/meuble-decoration\\\/meubles-de-jardin-le-retour-a-la-nature\\\/#primaryimage\"},\"thumbnailUrl\":\"https:\\\/\\\/www.athome.lu\\\/blog\\\/wp-content\\\/uploads\\\/2011\\\/03\\\/oakleigh-house-151.jpg\",\"datePublished\":\"2013-03-23T15:57:55+00:00\",\"dateModified\":\"2022-05-11T06:55:53+00:00\",\"author\":{\"@id\":\"https:\\\/\\\/www.athome.lu\\\/blog\\\/#\\\/schema\\\/person\\\/47f7a38089f837e792876ceddc4cb2dc\"},\"description\":\"Choisissez Bien votre Mobilier de Jardin \u25b7\u25b7 Aujourd\u2019hui, un bon meuble se doit d'\u00eatre chaleureux, \u00e9colo, fonctionnel et r\u00e9sistant.\",\"breadcrumb\":{\"@id\":\"https:\\\/\\\/www.athome.lu\\\/blog\\\/mon-logement\\\/meuble-decoration\\\/meubles-de-jardin-le-retour-a-la-nature\\\/#breadcrumb\"},\"inLanguage\":\"fr-FR\",\"potentialAction\":[{\"@type\":\"ReadAction\",\"target\":[\"https:\\\/\\\/www.athome.lu\\\/blog\\\/mon-logement\\\/meuble-decoration\\\/meubles-de-jardin-le-retour-a-la-nature\\\/\"]}]},{\"@type\":\"ImageObject\",\"inLanguage\":\"fr-FR\",\"@id\":\"https:\\\/\\\/www.athome.lu\\\/blog\\\/mon-logement\\\/meuble-decoration\\\/meubles-de-jardin-le-retour-a-la-nature\\\/#primaryimage\",\"url\":\"https:\\\/\\\/www.athome.lu\\\/blog\\\/wp-content\\\/uploads\\\/2011\\\/03\\\/oakleigh-house-151.jpg\",\"contentUrl\":\"https:\\\/\\\/www.athome.lu\\\/blog\\\/wp-content\\\/uploads\\\/2011\\\/03\\\/oakleigh-house-151.jpg\",\"width\":1200,\"height\":798,\"caption\":\"Maison moderne avec meuble de jardin\"},{\"@type\":\"BreadcrumbList\",\"@id\":\"https:\\\/\\\/www.athome.lu\\\/blog\\\/mon-logement\\\/meuble-decoration\\\/meubles-de-jardin-le-retour-a-la-nature\\\/#breadcrumb\",\"itemListElement\":[{\"@type\":\"ListItem\",\"position\":1,\"name\":\"Accueil\",\"item\":\"https:\\\/\\\/www.athome.lu\\\/blog\\\/\"},{\"@type\":\"ListItem\",\"position\":2,\"name\":\"Mon logement\",\"item\":\"https:\\\/\\\/www.athome.lu\\\/blog\\\/de\\\/category\\\/mein-haus\\\/\"},{\"@type\":\"ListItem\",\"position\":3,\"name\":\"Meubler et D\u00e9corer\",\"item\":\"https:\\\/\\\/www.athome.lu\\\/blog\\\/de\\\/category\\\/mein-haus\\\/deko-mobel\\\/\"},{\"@type\":\"ListItem\",\"position\":4,\"name\":\"Meubles de jardin : le retour \u00e0 la nature\"}]},{\"@type\":\"WebSite\",\"@id\":\"https:\\\/\\\/www.athome.lu\\\/blog\\\/#website\",\"url\":\"https:\\\/\\\/www.athome.lu\\\/blog\\\/\",\"name\":\"atHome Blog\",\"description\":\"Annonces immobili\u00e8res au Luxembourg. Le portail immobilier n\u00b01 au Luxembourg.\",\"potentialAction\":[{\"@type\":\"SearchAction\",\"target\":{\"@type\":\"EntryPoint\",\"urlTemplate\":\"https:\\\/\\\/www.athome.lu\\\/blog\\\/?s={search_term_string}\"},\"query-input\":{\"@type\":\"PropertyValueSpecification\",\"valueRequired\":true,\"valueName\":\"search_term_string\"}}],\"inLanguage\":\"fr-FR\"},{\"@type\":\"Person\",\"@id\":\"https:\\\/\\\/www.athome.lu\\\/blog\\\/#\\\/schema\\\/person\\\/47f7a38089f837e792876ceddc4cb2dc\",\"name\":\"Fanny Pimentel\",\"image\":{\"@type\":\"ImageObject\",\"inLanguage\":\"fr-FR\",\"@id\":\"https:\\\/\\\/secure.gravatar.com\\\/avatar\\\/c60b27b93851dc9503f9cc9150e73dcb0a86ba6150657e5e4b11d988400bc633?s=96&d=mm&r=g\",\"url\":\"https:\\\/\\\/secure.gravatar.com\\\/avatar\\\/c60b27b93851dc9503f9cc9150e73dcb0a86ba6150657e5e4b11d988400bc633?s=96&d=mm&r=g\",\"contentUrl\":\"https:\\\/\\\/secure.gravatar.com\\\/avatar\\\/c60b27b93851dc9503f9cc9150e73dcb0a86ba6150657e5e4b11d988400bc633?s=96&d=mm&r=g\",\"caption\":\"Fanny Pimentel\"}}]}<\/script>\n<!-- \/ Yoast SEO plugin. -->","yoast_head_json":{"title":"\u25b7 Meubles de Jardin \u25b7\u25b7 la Tendance du Mobilier de Jardin est au Naturel | atHome","description":"Choisissez Bien votre Mobilier de Jardin \u25b7\u25b7 Aujourd\u2019hui, un bon meuble se doit d'\u00eatre chaleureux, \u00e9colo, fonctionnel et r\u00e9sistant.","robots":{"index":"index","follow":"follow","max-snippet":"max-snippet:-1","max-image-preview":"max-image-preview:large","max-video-preview":"max-video-preview:-1"},"canonical":"https:\/\/www.athome.lu\/blog\/mon-logement\/meuble-decoration\/meubles-de-jardin-le-retour-a-la-nature\/","og_locale":"fr_FR","og_type":"article","og_title":"\u25b7 Meubles de Jardin \u25b7\u25b7 la Tendance du Mobilier de Jardin est au Naturel | atHome","og_description":"Choisissez Bien votre Mobilier de Jardin \u25b7\u25b7 Aujourd\u2019hui, un bon meuble se doit d'\u00eatre chaleureux, \u00e9colo, fonctionnel et r\u00e9sistant.","og_url":"https:\/\/www.athome.lu\/blog\/mon-logement\/meuble-decoration\/meubles-de-jardin-le-retour-a-la-nature\/","og_site_name":"atHome Blog","article_publisher":"https:\/\/www.facebook.com\/atHome.lu\/","article_published_time":"2013-03-23T15:57:55+00:00","article_modified_time":"2022-05-11T06:55:53+00:00","og_image":[{"width":1200,"height":798,"url":"https:\/\/www.athome.lu\/blog\/wp-content\/uploads\/2011\/03\/oakleigh-house-151.jpg","type":"image\/jpeg"}],"author":"Fanny Pimentel","twitter_card":"summary_large_image","twitter_creator":"@athomelu","twitter_site":"@athomelu","twitter_misc":{"\u00c9crit par":"Fanny Pimentel","Dur\u00e9e de lecture estim\u00e9e":"3 minutes"},"schema":{"@context":"https:\/\/schema.org","@graph":[{"@type":"Article","@id":"https:\/\/www.athome.lu\/blog\/mon-logement\/meuble-decoration\/meubles-de-jardin-le-retour-a-la-nature\/#article","isPartOf":{"@id":"https:\/\/www.athome.lu\/blog\/mon-logement\/meuble-decoration\/meubles-de-jardin-le-retour-a-la-nature\/"},"author":{"name":"Fanny Pimentel","@id":"https:\/\/www.athome.lu\/blog\/#\/schema\/person\/47f7a38089f837e792876ceddc4cb2dc"},"headline":"Meubles de jardin : le retour \u00e0 la nature","datePublished":"2013-03-23T15:57:55+00:00","dateModified":"2022-05-11T06:55:53+00:00","mainEntityOfPage":{"@id":"https:\/\/www.athome.lu\/blog\/mon-logement\/meuble-decoration\/meubles-de-jardin-le-retour-a-la-nature\/"},"wordCount":574,"image":{"@id":"https:\/\/www.athome.lu\/blog\/mon-logement\/meuble-decoration\/meubles-de-jardin-le-retour-a-la-nature\/#primaryimage"},"thumbnailUrl":"https:\/\/www.athome.lu\/blog\/wp-content\/uploads\/2011\/03\/oakleigh-house-151.jpg","keywords":["Ameublement","Jardin &amp; terrasse"],"articleSection":["Meubler et D\u00e9corer"],"inLanguage":"fr-FR"},{"@type":"WebPage","@id":"https:\/\/www.athome.lu\/blog\/mon-logement\/meuble-decoration\/meubles-de-jardin-le-retour-a-la-nature\/","url":"https:\/\/www.athome.lu\/blog\/mon-logement\/meuble-decoration\/meubles-de-jardin-le-retour-a-la-nature\/","name":"\u25b7 Meubles de Jardin \u25b7\u25b7 la Tendance du Mobilier de Jardin est au Naturel | atHome","isPartOf":{"@id":"https:\/\/www.athome.lu\/blog\/#website"},"primaryImageOfPage":{"@id":"https:\/\/www.athome.lu\/blog\/mon-logement\/meuble-decoration\/meubles-de-jardin-le-retour-a-la-nature\/#primaryimage"},"image":{"@id":"https:\/\/www.athome.lu\/blog\/mon-logement\/meuble-decoration\/meubles-de-jardin-le-retour-a-la-nature\/#primaryimage"},"thumbnailUrl":"https:\/\/www.athome.lu\/blog\/wp-content\/uploads\/2011\/03\/oakleigh-house-151.jpg","datePublished":"2013-03-23T15:57:55+00:00","dateModified":"2022-05-11T06:55:53+00:00","author":{"@id":"https:\/\/www.athome.lu\/blog\/#\/schema\/person\/47f7a38089f837e792876ceddc4cb2dc"},"description":"Choisissez Bien votre Mobilier de Jardin \u25b7\u25b7 Aujourd\u2019hui, un bon meuble se doit d'\u00eatre chaleureux, \u00e9colo, fonctionnel et r\u00e9sistant.","breadcrumb":{"@id":"https:\/\/www.athome.lu\/blog\/mon-logement\/meuble-decoration\/meubles-de-jardin-le-retour-a-la-nature\/#breadcrumb"},"inLanguage":"fr-FR","potentialAction":[{"@type":"ReadAction","target":["https:\/\/www.athome.lu\/blog\/mon-logement\/meuble-decoration\/meubles-de-jardin-le-retour-a-la-nature\/"]}]},{"@type":"ImageObject","inLanguage":"fr-FR","@id":"https:\/\/www.athome.lu\/blog\/mon-logement\/meuble-decoration\/meubles-de-jardin-le-retour-a-la-nature\/#primaryimage","url":"https:\/\/www.athome.lu\/blog\/wp-content\/uploads\/2011\/03\/oakleigh-house-151.jpg","contentUrl":"https:\/\/www.athome.lu\/blog\/wp-content\/uploads\/2011\/03\/oakleigh-house-151.jpg","width":1200,"height":798,"caption":"Maison moderne avec meuble de jardin"},{"@type":"BreadcrumbList","@id":"https:\/\/www.athome.lu\/blog\/mon-logement\/meuble-decoration\/meubles-de-jardin-le-retour-a-la-nature\/#breadcrumb","itemListElement":[{"@type":"ListItem","position":1,"name":"Accueil","item":"https:\/\/www.athome.lu\/blog\/"},{"@type":"ListItem","position":2,"name":"Mon logement","item":"https:\/\/www.athome.lu\/blog\/de\/category\/mein-haus\/"},{"@type":"ListItem","position":3,"name":"Meubler et D\u00e9corer","item":"https:\/\/www.athome.lu\/blog\/de\/category\/mein-haus\/deko-mobel\/"},{"@type":"ListItem","position":4,"name":"Meubles de jardin : le retour \u00e0 la nature"}]},{"@type":"WebSite","@id":"https:\/\/www.athome.lu\/blog\/#website","url":"https:\/\/www.athome.lu\/blog\/","name":"atHome Blog","description":"Annonces immobili\u00e8res au Luxembourg. Le portail immobilier n\u00b01 au Luxembourg.","potentialAction":[{"@type":"SearchAction","target":{"@type":"EntryPoint","urlTemplate":"https:\/\/www.athome.lu\/blog\/?s={search_term_string}"},"query-input":{"@type":"PropertyValueSpecification","valueRequired":true,"valueName":"search_term_string"}}],"inLanguage":"fr-FR"},{"@type":"Person","@id":"https:\/\/www.athome.lu\/blog\/#\/schema\/person\/47f7a38089f837e792876ceddc4cb2dc","name":"Fanny Pimentel","image":{"@type":"ImageObject","inLanguage":"fr-FR","@id":"https:\/\/secure.gravatar.com\/avatar\/c60b27b93851dc9503f9cc9150e73dcb0a86ba6150657e5e4b11d988400bc633?s=96&d=mm&r=g","url":"https:\/\/secure.gravatar.com\/avatar\/c60b27b93851dc9503f9cc9150e73dcb0a86ba6150657e5e4b11d988400bc633?s=96&d=mm&r=g","contentUrl":"https:\/\/secure.gravatar.com\/avatar\/c60b27b93851dc9503f9cc9150e73dcb0a86ba6150657e5e4b11d988400bc633?s=96&d=mm&r=g","caption":"Fanny Pimentel"}}]}},"featured_media_src_url":"https:\/\/www.athome.lu\/blog\/wp-content\/uploads\/2011\/03\/oakleigh-house-151-1024x681.jpg","_links":{"self":[{"href":"https:\/\/www.athome.lu\/blog\/wp-json\/wp\/v2\/posts\/2367","targetHints":{"allow":["GET"]}}],"collection":[{"href":"https:\/\/www.athome.lu\/blog\/wp-json\/wp\/v2\/posts"}],"about":[{"href":"https:\/\/www.athome.lu\/blog\/wp-json\/wp\/v2\/types\/post"}],"author":[{"embeddable":true,"href":"https:\/\/www.athome.lu\/blog\/wp-json\/wp\/v2\/users\/17"}],"replies":[{"embeddable":true,"href":"https:\/\/www.athome.lu\/blog\/wp-json\/wp\/v2\/comments?post=2367"}],"version-history":[{"count":2,"href":"https:\/\/www.athome.lu\/blog\/wp-json\/wp\/v2\/posts\/2367\/revisions"}],"predecessor-version":[{"id":14746,"href":"https:\/\/www.athome.lu\/blog\/wp-json\/wp\/v2\/posts\/2367\/revisions\/14746"}],"wp:featuredmedia":[{"embeddable":true,"href":"https:\/\/www.athome.lu\/blog\/wp-json\/wp\/v2\/media\/7427"}],"wp:attachment":[{"href":"https:\/\/www.athome.lu\/blog\/wp-json\/wp\/v2\/media?parent=2367"}],"wp:term":[{"taxonomy":"category","embeddable":true,"href":"https:\/\/www.athome.lu\/blog\/wp-json\/wp\/v2\/categories?post=2367"},{"taxonomy":"post_tag","embeddable":true,"href":"https:\/\/www.athome.lu\/blog\/wp-json\/wp\/v2\/tags?post=2367"}],"curies":[{"name":"wp","href":"https:\/\/api.w.org\/{rel}","templated":true}]}}