{"id":292,"date":"2017-09-05T15:55:42","date_gmt":"2017-09-05T14:55:42","guid":{"rendered":"https:\/\/www.athome.lu\/blog\/services\/conseils\/?p=292"},"modified":"2022-05-12T09:03:40","modified_gmt":"2022-05-12T07:03:40","slug":"la-maison-en-mode-automne","status":"publish","type":"post","link":"https:\/\/www.athome.lu\/blog\/mon-logement\/meuble-decoration\/la-maison-en-mode-automne\/","title":{"rendered":"La maison en mode automne"},"content":{"rendered":"\n<p><span style=\"color: #000000;\">Apr\u00e8s le nettoyage de printemps, le relooking d\u2019automne ! C\u2019est la rentr\u00e9e, exit le salon de jardin qui a accueilli tous les barbecues de l\u2019\u00e9t\u00e9, c\u2019est d\u00e9sormais \u00e0 l\u2019int\u00e9rieur que \u00e7a se passe ! Mais pour se sentir bien chez soi et entamer la saison du cocooning, le mieux est encore d\u2019offrir un petit entretien \u00e0 votre maison avant la saison hivernale. Voici quelques petits conseils tous simples \u00e0 appliquer d\u00e8s maintenant ! A lire et \u00e0 \u00e9couter \ud83d\ude09<\/span><\/p>\n\n\n<div class=\"wp-playlist wp-audio-playlist wp-playlist-light\">\n\t\t\t<div class=\"wp-playlist-current-item\"><\/div>\n\t\t<audio controls=\"controls\" preload=\"none\" width=\"640\"\n\t\t\t><\/audio>\n\t<div class=\"wp-playlist-next\"><\/div>\n\t<div class=\"wp-playlist-prev\"><\/div>\n\t<noscript>\n\t<ol>\n\t\t<li><a href='https:\/\/www.athome.lu\/blog\/wp-content\/uploads\/2017\/09\/AT_HOME_Diff_17.mp3'>L'essentiel Radio - Rubrique Lifestyle<\/a><\/li>\t<\/ol>\n\t<\/noscript>\n\t<script type=\"application\/json\" class=\"wp-playlist-script\">{\"type\":\"audio\",\"tracklist\":true,\"tracknumbers\":true,\"images\":true,\"artists\":true,\"tracks\":[{\"src\":\"https:\/\/www.athome.lu\/blog\/wp-content\/uploads\/2017\/09\/AT_HOME_Diff_17.mp3\",\"type\":\"audio\/mpeg\",\"title\":\"L'essentiel Radio - Rubrique Lifestyle\",\"caption\":\"\",\"description\":\"\\u003Ci\\u003EAT_HOME_Diff_17\\u003C\/i\\u003E.\",\"meta\":{\"length_formatted\":\"2:22\"},\"image\":{\"src\":\"https:\/\/www.athome.lu\/blog\/wp-includes\/images\/media\/audio.svg\",\"width\":48,\"height\":64},\"thumb\":{\"src\":\"https:\/\/www.athome.lu\/blog\/wp-includes\/images\/media\/audio.svg\",\"width\":48,\"height\":64}}]}<\/script>\n<\/div>\n\t\n\n\n\n<h2 class=\"wp-block-heading\"><span style=\"color: #000000;\"><strong>A l'ext\u00e9rieur de la maison&nbsp;<\/strong><\/span><\/h2>\n\n\n\n<p><span style=\"color: #000000;\">Assurez-vous que la pente du sol autour de votre maison permet d'\u00e9vacuer les eaux de ruissellement loin des murs de fondation, de sorte que votre sous-sol ne soit pas inond\u00e9.<br>Retirez les feuilles mortes tout autour de la maison, et toutes celles qui se sont accumul\u00e9es dans les goutti\u00e8res et sur le toit afin de facilit\u00e9 l\u2019\u00e9vacuation des eaux de pluie. Et profitez-en pour v\u00e9rifier l'\u00e9tat de votre toiture.<\/span><\/p>\n\n\n\n<p><span style=\"color: #000000;\">Attention au gel : videz et entreposez les tuyaux d\u2019arrosage, fermez bien les robinets ext\u00e9rieurs.<\/span><\/p>\n\n\n\n<p><span style=\"color: #000000;\">Toujours dans le jardin ou la terrasse, il est temps de rentrer vos fleurs en pots, g\u00e9raniums\u2026Entreposez vos meubles ext\u00e9rieurs dans un endroit sec, et recouvrez-les pour \u00e9viter qu'ils ne prennent la poussi\u00e8re. Vous serez content de l'avoir fait au printemps prochain !<\/span><\/p>\n\n\n\n<p><span style=\"color: #000000;\">Enfin, pr\u00e9parez votre jardin et prot\u00e9gez les jeunes arbres ou les arbustes contre la saison froide.<\/span><\/p>\n\n\n\n<h2 class=\"wp-block-heading\"><span style=\"color: #000000;\"><strong>A l'int\u00e9rieur de la maison<\/strong><\/span><\/h2>\n\n\n\n<p><span style=\"color: #000000;\">Avant l\u2019hiver, c\u2019est le moment pour faire l\u2019entretien de vos chauffages. Pensez \u00e0 faire appel \u00e0 une entreprise sp\u00e9cialis\u00e9e. Et n\u2019attendez pas l\u2019arriv\u00e9e du grand froid pour vous en occuper.<\/span><br><span style=\"color: #000000;\"> Si vous avez une chemin\u00e9e c\u2019est aussi le moment de la contr\u00f4ler.<\/span><\/p>\n\n\n\n<p><span style=\"color: #000000;\">Vous le savez, en automne la clart\u00e9 naturelle commence \u00e0 baisser, l\u2019<a href=\"https:\/\/www.athome.lu\/blog\/blog\/conseils-pour-mettre-en-lumiere-votre-salon\/\" target=\"_blank\" rel=\"noopener noreferrer\">\u00e9clairage prend donc toute son importance<\/a>. Jouez sur l\u2019intensit\u00e9 de vos sources de lumi\u00e8re avec des variateurs. Les grosses bougies et les photophores contribuent aussi \u00e0 cr\u00e9er une ambiance chaleureuse.<\/span><\/p>\n\n\n\n<p><span style=\"color: #000000;\">Si vous souhaitez rafra\u00eechir votre d\u00e9co cet automne, sachez les mat\u00e9riaux et textile de cette ann\u00e9e&nbsp;sont: le bois, le li\u00e8ge, et le rotin pour le mobilier, et toutes les fibres naturelles comme les lainages et le lin.<\/span><\/p>\n\n\n\n<p><span style=\"color: #000000;\"> Enfin, on fait aussi place \u00e0 de nouvelles couleurs d\u2019automne : le vert fonc\u00e9 ou le bleu marine, toutes les couleurs profondes et chaleureuses. Et si vous avez peur de vous tromper, les valeurs s\u00fbres de l\u2019automne restent inchang\u00e9es\u00a0: les bruns et les orang\u00e9s et rouges !<\/span><\/p>\n\n\n<section id=\"section-3-14695\" class=\" ct-section\" ><div class=\"ct-section-inner-wrap\"><div id=\"div_block-4-14695\" class=\"ct-div-block\" ><div id=\"new_columns-7-14695\" class=\"ct-new-columns\" ><div id=\"div_block-8-14695\" class=\"ct-div-block\" ><div id=\"div_block-14-14695\" class=\"ct-div-block\" ><\/div><\/div><div id=\"div_block-9-14695\" class=\"ct-div-block\" ><h1 id=\"headline-11-14695\" class=\"ct-headline\">Quels sont les prix de l'immobilier en ce moment ?<\/h1><div id=\"text_block-12-14695\" class=\"ct-text-block\" >Les prix ralentissent. Les taux d'int\u00e9r\u00eat augmentent. Quelles tendances pour les mois \u00e0 venir ?<\/div><a id=\"link_button-13-14695\" class=\"ct-link-button\" href=\"https:\/\/www.athome.lu\/blog\/blog\/marche-immobilier\/prix\/tendances-2022\/\" target=\"_blank\"  >Lire l'analyse<\/a><\/div><\/div><\/div><\/div><\/section>","protected":false},"excerpt":{"rendered":"<p>Apr\u00e8s le nettoyage de printemps, le relooking d\u2019automne ! C\u2019est la rentr\u00e9e, exit le salon de jardin qui a accueilli tous les barbecues de l\u2019\u00e9t\u00e9, c\u2019est d\u00e9sormais \u00e0 l\u2019int\u00e9rieur que \u00e7a se passe ! Mais pour se sentir bien chez soi et entamer la saison du cocooning, le mieux est encore d\u2019offrir un petit entretien \u00e0 votre maison avant la saison hivernale. Voici quelques petits conseils tous simples \u00e0 appliquer d\u00e8s maintenant !<\/p>\n","protected":false},"author":17,"featured_media":10121,"comment_status":"closed","ping_status":"open","sticky":false,"template":"","format":"standard","meta":{"_acf_changed":false,"footnotes":""},"categories":[210],"tags":[79],"class_list":["post-292","post","type-post","status-publish","format-standard","has-post-thumbnail","hentry","category-meuble-decoration","tag-decoration"],"acf":[],"yoast_head":"<!-- This site is optimized with the Yoast SEO plugin v27.4 - https:\/\/yoast.com\/product\/yoast-seo-wordpress\/ -->\n<title>La maison en mode automne - atHome Blog<\/title>\n<meta name=\"description\" content=\"Apr\u00e8s le nettoyage de printemps, le relooking d\u2019automne ! C\u2019est la rentr\u00e9e, exit le salon de jardin, c\u2019est d\u00e9sormais \u00e0 l\u2019int\u00e9rieur que \u00e7a se passe\" \/>\n<meta name=\"robots\" content=\"index, follow, max-snippet:-1, max-image-preview:large, max-video-preview:-1\" \/>\n<link rel=\"canonical\" href=\"https:\/\/www.athome.lu\/blog\/mon-logement\/meuble-decoration\/la-maison-en-mode-automne\/\" \/>\n<meta property=\"og:locale\" content=\"fr_FR\" \/>\n<meta property=\"og:type\" content=\"article\" \/>\n<meta property=\"og:title\" content=\"La maison en mode automne - atHome Blog\" \/>\n<meta property=\"og:description\" content=\"Apr\u00e8s le nettoyage de printemps, le relooking d\u2019automne ! C\u2019est la rentr\u00e9e, exit le salon de jardin, c\u2019est d\u00e9sormais \u00e0 l\u2019int\u00e9rieur que \u00e7a se passe\" \/>\n<meta property=\"og:url\" content=\"https:\/\/www.athome.lu\/blog\/mon-logement\/meuble-decoration\/la-maison-en-mode-automne\/\" \/>\n<meta property=\"og:site_name\" content=\"atHome Blog\" \/>\n<meta property=\"article:publisher\" content=\"https:\/\/www.facebook.com\/atHome.lu\/\" \/>\n<meta property=\"article:published_time\" content=\"2017-09-05T14:55:42+00:00\" \/>\n<meta property=\"article:modified_time\" content=\"2022-05-12T07:03:40+00:00\" \/>\n<meta property=\"og:image\" content=\"https:\/\/www.athome.lu\/blog\/wp-content\/uploads\/2009\/11\/autumn-1868433_1280.jpg\" \/>\n\t<meta property=\"og:image:width\" content=\"1280\" \/>\n\t<meta property=\"og:image:height\" content=\"853\" \/>\n\t<meta property=\"og:image:type\" content=\"image\/jpeg\" \/>\n<meta name=\"author\" content=\"Fanny Pimentel\" \/>\n<meta name=\"twitter:card\" content=\"summary_large_image\" \/>\n<meta name=\"twitter:creator\" content=\"@athomelu\" \/>\n<meta name=\"twitter:site\" content=\"@athomelu\" \/>\n<meta name=\"twitter:label1\" content=\"\u00c9crit par\" \/>\n\t<meta name=\"twitter:data1\" content=\"Fanny Pimentel\" \/>\n\t<meta name=\"twitter:label2\" content=\"Dur\u00e9e de lecture estim\u00e9e\" \/>\n\t<meta name=\"twitter:data2\" content=\"3 minutes\" \/>\n<script type=\"application\/ld+json\" class=\"yoast-schema-graph\">{\"@context\":\"https:\\\/\\\/schema.org\",\"@graph\":[{\"@type\":\"Article\",\"@id\":\"https:\\\/\\\/www.athome.lu\\\/blog\\\/mon-logement\\\/meuble-decoration\\\/la-maison-en-mode-automne\\\/#article\",\"isPartOf\":{\"@id\":\"https:\\\/\\\/www.athome.lu\\\/blog\\\/mon-logement\\\/meuble-decoration\\\/la-maison-en-mode-automne\\\/\"},\"author\":{\"name\":\"Fanny Pimentel\",\"@id\":\"https:\\\/\\\/www.athome.lu\\\/blog\\\/#\\\/schema\\\/person\\\/47f7a38089f837e792876ceddc4cb2dc\"},\"headline\":\"La maison en mode automne\",\"datePublished\":\"2017-09-05T14:55:42+00:00\",\"dateModified\":\"2022-05-12T07:03:40+00:00\",\"mainEntityOfPage\":{\"@id\":\"https:\\\/\\\/www.athome.lu\\\/blog\\\/mon-logement\\\/meuble-decoration\\\/la-maison-en-mode-automne\\\/\"},\"wordCount\":445,\"image\":{\"@id\":\"https:\\\/\\\/www.athome.lu\\\/blog\\\/mon-logement\\\/meuble-decoration\\\/la-maison-en-mode-automne\\\/#primaryimage\"},\"thumbnailUrl\":\"https:\\\/\\\/www.athome.lu\\\/blog\\\/wp-content\\\/uploads\\\/2009\\\/11\\\/autumn-1868433_1280.jpg\",\"keywords\":[\"D\u00e9coration\"],\"articleSection\":[\"Meubler et D\u00e9corer\"],\"inLanguage\":\"fr-FR\"},{\"@type\":\"WebPage\",\"@id\":\"https:\\\/\\\/www.athome.lu\\\/blog\\\/mon-logement\\\/meuble-decoration\\\/la-maison-en-mode-automne\\\/\",\"url\":\"https:\\\/\\\/www.athome.lu\\\/blog\\\/mon-logement\\\/meuble-decoration\\\/la-maison-en-mode-automne\\\/\",\"name\":\"La maison en mode automne - atHome Blog\",\"isPartOf\":{\"@id\":\"https:\\\/\\\/www.athome.lu\\\/blog\\\/#website\"},\"primaryImageOfPage\":{\"@id\":\"https:\\\/\\\/www.athome.lu\\\/blog\\\/mon-logement\\\/meuble-decoration\\\/la-maison-en-mode-automne\\\/#primaryimage\"},\"image\":{\"@id\":\"https:\\\/\\\/www.athome.lu\\\/blog\\\/mon-logement\\\/meuble-decoration\\\/la-maison-en-mode-automne\\\/#primaryimage\"},\"thumbnailUrl\":\"https:\\\/\\\/www.athome.lu\\\/blog\\\/wp-content\\\/uploads\\\/2009\\\/11\\\/autumn-1868433_1280.jpg\",\"datePublished\":\"2017-09-05T14:55:42+00:00\",\"dateModified\":\"2022-05-12T07:03:40+00:00\",\"author\":{\"@id\":\"https:\\\/\\\/www.athome.lu\\\/blog\\\/#\\\/schema\\\/person\\\/47f7a38089f837e792876ceddc4cb2dc\"},\"description\":\"Apr\u00e8s le nettoyage de printemps, le relooking d\u2019automne ! C\u2019est la rentr\u00e9e, exit le salon de jardin, c\u2019est d\u00e9sormais \u00e0 l\u2019int\u00e9rieur que \u00e7a se passe\",\"breadcrumb\":{\"@id\":\"https:\\\/\\\/www.athome.lu\\\/blog\\\/mon-logement\\\/meuble-decoration\\\/la-maison-en-mode-automne\\\/#breadcrumb\"},\"inLanguage\":\"fr-FR\",\"potentialAction\":[{\"@type\":\"ReadAction\",\"target\":[\"https:\\\/\\\/www.athome.lu\\\/blog\\\/mon-logement\\\/meuble-decoration\\\/la-maison-en-mode-automne\\\/\"]}]},{\"@type\":\"ImageObject\",\"inLanguage\":\"fr-FR\",\"@id\":\"https:\\\/\\\/www.athome.lu\\\/blog\\\/mon-logement\\\/meuble-decoration\\\/la-maison-en-mode-automne\\\/#primaryimage\",\"url\":\"https:\\\/\\\/www.athome.lu\\\/blog\\\/wp-content\\\/uploads\\\/2009\\\/11\\\/autumn-1868433_1280.jpg\",\"contentUrl\":\"https:\\\/\\\/www.athome.lu\\\/blog\\\/wp-content\\\/uploads\\\/2009\\\/11\\\/autumn-1868433_1280.jpg\",\"width\":1280,\"height\":853,\"caption\":\"La maison en automne\"},{\"@type\":\"BreadcrumbList\",\"@id\":\"https:\\\/\\\/www.athome.lu\\\/blog\\\/mon-logement\\\/meuble-decoration\\\/la-maison-en-mode-automne\\\/#breadcrumb\",\"itemListElement\":[{\"@type\":\"ListItem\",\"position\":1,\"name\":\"Accueil\",\"item\":\"https:\\\/\\\/www.athome.lu\\\/blog\\\/\"},{\"@type\":\"ListItem\",\"position\":2,\"name\":\"Mon logement\",\"item\":\"https:\\\/\\\/www.athome.lu\\\/blog\\\/de\\\/category\\\/mein-haus\\\/\"},{\"@type\":\"ListItem\",\"position\":3,\"name\":\"Meubler et D\u00e9corer\",\"item\":\"https:\\\/\\\/www.athome.lu\\\/blog\\\/de\\\/category\\\/mein-haus\\\/deko-mobel\\\/\"},{\"@type\":\"ListItem\",\"position\":4,\"name\":\"La maison en mode automne\"}]},{\"@type\":\"WebSite\",\"@id\":\"https:\\\/\\\/www.athome.lu\\\/blog\\\/#website\",\"url\":\"https:\\\/\\\/www.athome.lu\\\/blog\\\/\",\"name\":\"atHome Blog\",\"description\":\"Annonces immobili\u00e8res au Luxembourg. Le portail immobilier n\u00b01 au Luxembourg.\",\"potentialAction\":[{\"@type\":\"SearchAction\",\"target\":{\"@type\":\"EntryPoint\",\"urlTemplate\":\"https:\\\/\\\/www.athome.lu\\\/blog\\\/?s={search_term_string}\"},\"query-input\":{\"@type\":\"PropertyValueSpecification\",\"valueRequired\":true,\"valueName\":\"search_term_string\"}}],\"inLanguage\":\"fr-FR\"},{\"@type\":\"Person\",\"@id\":\"https:\\\/\\\/www.athome.lu\\\/blog\\\/#\\\/schema\\\/person\\\/47f7a38089f837e792876ceddc4cb2dc\",\"name\":\"Fanny Pimentel\",\"image\":{\"@type\":\"ImageObject\",\"inLanguage\":\"fr-FR\",\"@id\":\"https:\\\/\\\/secure.gravatar.com\\\/avatar\\\/c60b27b93851dc9503f9cc9150e73dcb0a86ba6150657e5e4b11d988400bc633?s=96&d=mm&r=g\",\"url\":\"https:\\\/\\\/secure.gravatar.com\\\/avatar\\\/c60b27b93851dc9503f9cc9150e73dcb0a86ba6150657e5e4b11d988400bc633?s=96&d=mm&r=g\",\"contentUrl\":\"https:\\\/\\\/secure.gravatar.com\\\/avatar\\\/c60b27b93851dc9503f9cc9150e73dcb0a86ba6150657e5e4b11d988400bc633?s=96&d=mm&r=g\",\"caption\":\"Fanny Pimentel\"}}]}<\/script>\n<!-- \/ Yoast SEO plugin. -->","yoast_head_json":{"title":"La maison en mode automne - atHome Blog","description":"Apr\u00e8s le nettoyage de printemps, le relooking d\u2019automne ! C\u2019est la rentr\u00e9e, exit le salon de jardin, c\u2019est d\u00e9sormais \u00e0 l\u2019int\u00e9rieur que \u00e7a se passe","robots":{"index":"index","follow":"follow","max-snippet":"max-snippet:-1","max-image-preview":"max-image-preview:large","max-video-preview":"max-video-preview:-1"},"canonical":"https:\/\/www.athome.lu\/blog\/mon-logement\/meuble-decoration\/la-maison-en-mode-automne\/","og_locale":"fr_FR","og_type":"article","og_title":"La maison en mode automne - atHome Blog","og_description":"Apr\u00e8s le nettoyage de printemps, le relooking d\u2019automne ! C\u2019est la rentr\u00e9e, exit le salon de jardin, c\u2019est d\u00e9sormais \u00e0 l\u2019int\u00e9rieur que \u00e7a se passe","og_url":"https:\/\/www.athome.lu\/blog\/mon-logement\/meuble-decoration\/la-maison-en-mode-automne\/","og_site_name":"atHome Blog","article_publisher":"https:\/\/www.facebook.com\/atHome.lu\/","article_published_time":"2017-09-05T14:55:42+00:00","article_modified_time":"2022-05-12T07:03:40+00:00","og_image":[{"width":1280,"height":853,"url":"https:\/\/www.athome.lu\/blog\/wp-content\/uploads\/2009\/11\/autumn-1868433_1280.jpg","type":"image\/jpeg"}],"author":"Fanny Pimentel","twitter_card":"summary_large_image","twitter_creator":"@athomelu","twitter_site":"@athomelu","twitter_misc":{"\u00c9crit par":"Fanny Pimentel","Dur\u00e9e de lecture estim\u00e9e":"3 minutes"},"schema":{"@context":"https:\/\/schema.org","@graph":[{"@type":"Article","@id":"https:\/\/www.athome.lu\/blog\/mon-logement\/meuble-decoration\/la-maison-en-mode-automne\/#article","isPartOf":{"@id":"https:\/\/www.athome.lu\/blog\/mon-logement\/meuble-decoration\/la-maison-en-mode-automne\/"},"author":{"name":"Fanny Pimentel","@id":"https:\/\/www.athome.lu\/blog\/#\/schema\/person\/47f7a38089f837e792876ceddc4cb2dc"},"headline":"La maison en mode automne","datePublished":"2017-09-05T14:55:42+00:00","dateModified":"2022-05-12T07:03:40+00:00","mainEntityOfPage":{"@id":"https:\/\/www.athome.lu\/blog\/mon-logement\/meuble-decoration\/la-maison-en-mode-automne\/"},"wordCount":445,"image":{"@id":"https:\/\/www.athome.lu\/blog\/mon-logement\/meuble-decoration\/la-maison-en-mode-automne\/#primaryimage"},"thumbnailUrl":"https:\/\/www.athome.lu\/blog\/wp-content\/uploads\/2009\/11\/autumn-1868433_1280.jpg","keywords":["D\u00e9coration"],"articleSection":["Meubler et D\u00e9corer"],"inLanguage":"fr-FR"},{"@type":"WebPage","@id":"https:\/\/www.athome.lu\/blog\/mon-logement\/meuble-decoration\/la-maison-en-mode-automne\/","url":"https:\/\/www.athome.lu\/blog\/mon-logement\/meuble-decoration\/la-maison-en-mode-automne\/","name":"La maison en mode automne - atHome Blog","isPartOf":{"@id":"https:\/\/www.athome.lu\/blog\/#website"},"primaryImageOfPage":{"@id":"https:\/\/www.athome.lu\/blog\/mon-logement\/meuble-decoration\/la-maison-en-mode-automne\/#primaryimage"},"image":{"@id":"https:\/\/www.athome.lu\/blog\/mon-logement\/meuble-decoration\/la-maison-en-mode-automne\/#primaryimage"},"thumbnailUrl":"https:\/\/www.athome.lu\/blog\/wp-content\/uploads\/2009\/11\/autumn-1868433_1280.jpg","datePublished":"2017-09-05T14:55:42+00:00","dateModified":"2022-05-12T07:03:40+00:00","author":{"@id":"https:\/\/www.athome.lu\/blog\/#\/schema\/person\/47f7a38089f837e792876ceddc4cb2dc"},"description":"Apr\u00e8s le nettoyage de printemps, le relooking d\u2019automne ! C\u2019est la rentr\u00e9e, exit le salon de jardin, c\u2019est d\u00e9sormais \u00e0 l\u2019int\u00e9rieur que \u00e7a se passe","breadcrumb":{"@id":"https:\/\/www.athome.lu\/blog\/mon-logement\/meuble-decoration\/la-maison-en-mode-automne\/#breadcrumb"},"inLanguage":"fr-FR","potentialAction":[{"@type":"ReadAction","target":["https:\/\/www.athome.lu\/blog\/mon-logement\/meuble-decoration\/la-maison-en-mode-automne\/"]}]},{"@type":"ImageObject","inLanguage":"fr-FR","@id":"https:\/\/www.athome.lu\/blog\/mon-logement\/meuble-decoration\/la-maison-en-mode-automne\/#primaryimage","url":"https:\/\/www.athome.lu\/blog\/wp-content\/uploads\/2009\/11\/autumn-1868433_1280.jpg","contentUrl":"https:\/\/www.athome.lu\/blog\/wp-content\/uploads\/2009\/11\/autumn-1868433_1280.jpg","width":1280,"height":853,"caption":"La maison en automne"},{"@type":"BreadcrumbList","@id":"https:\/\/www.athome.lu\/blog\/mon-logement\/meuble-decoration\/la-maison-en-mode-automne\/#breadcrumb","itemListElement":[{"@type":"ListItem","position":1,"name":"Accueil","item":"https:\/\/www.athome.lu\/blog\/"},{"@type":"ListItem","position":2,"name":"Mon logement","item":"https:\/\/www.athome.lu\/blog\/de\/category\/mein-haus\/"},{"@type":"ListItem","position":3,"name":"Meubler et D\u00e9corer","item":"https:\/\/www.athome.lu\/blog\/de\/category\/mein-haus\/deko-mobel\/"},{"@type":"ListItem","position":4,"name":"La maison en mode automne"}]},{"@type":"WebSite","@id":"https:\/\/www.athome.lu\/blog\/#website","url":"https:\/\/www.athome.lu\/blog\/","name":"atHome Blog","description":"Annonces immobili\u00e8res au Luxembourg. Le portail immobilier n\u00b01 au Luxembourg.","potentialAction":[{"@type":"SearchAction","target":{"@type":"EntryPoint","urlTemplate":"https:\/\/www.athome.lu\/blog\/?s={search_term_string}"},"query-input":{"@type":"PropertyValueSpecification","valueRequired":true,"valueName":"search_term_string"}}],"inLanguage":"fr-FR"},{"@type":"Person","@id":"https:\/\/www.athome.lu\/blog\/#\/schema\/person\/47f7a38089f837e792876ceddc4cb2dc","name":"Fanny Pimentel","image":{"@type":"ImageObject","inLanguage":"fr-FR","@id":"https:\/\/secure.gravatar.com\/avatar\/c60b27b93851dc9503f9cc9150e73dcb0a86ba6150657e5e4b11d988400bc633?s=96&d=mm&r=g","url":"https:\/\/secure.gravatar.com\/avatar\/c60b27b93851dc9503f9cc9150e73dcb0a86ba6150657e5e4b11d988400bc633?s=96&d=mm&r=g","contentUrl":"https:\/\/secure.gravatar.com\/avatar\/c60b27b93851dc9503f9cc9150e73dcb0a86ba6150657e5e4b11d988400bc633?s=96&d=mm&r=g","caption":"Fanny Pimentel"}}]}},"featured_media_src_url":"https:\/\/www.athome.lu\/blog\/wp-content\/uploads\/2009\/11\/autumn-1868433_1280-1024x682.jpg","_links":{"self":[{"href":"https:\/\/www.athome.lu\/blog\/wp-json\/wp\/v2\/posts\/292","targetHints":{"allow":["GET"]}}],"collection":[{"href":"https:\/\/www.athome.lu\/blog\/wp-json\/wp\/v2\/posts"}],"about":[{"href":"https:\/\/www.athome.lu\/blog\/wp-json\/wp\/v2\/types\/post"}],"author":[{"embeddable":true,"href":"https:\/\/www.athome.lu\/blog\/wp-json\/wp\/v2\/users\/17"}],"replies":[{"embeddable":true,"href":"https:\/\/www.athome.lu\/blog\/wp-json\/wp\/v2\/comments?post=292"}],"version-history":[{"count":2,"href":"https:\/\/www.athome.lu\/blog\/wp-json\/wp\/v2\/posts\/292\/revisions"}],"predecessor-version":[{"id":15240,"href":"https:\/\/www.athome.lu\/blog\/wp-json\/wp\/v2\/posts\/292\/revisions\/15240"}],"wp:featuredmedia":[{"embeddable":true,"href":"https:\/\/www.athome.lu\/blog\/wp-json\/wp\/v2\/media\/10121"}],"wp:attachment":[{"href":"https:\/\/www.athome.lu\/blog\/wp-json\/wp\/v2\/media?parent=292"}],"wp:term":[{"taxonomy":"category","embeddable":true,"href":"https:\/\/www.athome.lu\/blog\/wp-json\/wp\/v2\/categories?post=292"},{"taxonomy":"post_tag","embeddable":true,"href":"https:\/\/www.athome.lu\/blog\/wp-json\/wp\/v2\/tags?post=292"}],"curies":[{"name":"wp","href":"https:\/\/api.w.org\/{rel}","templated":true}]}}