{"id":5025,"date":"2013-04-04T14:53:29","date_gmt":"2013-04-04T13:53:29","guid":{"rendered":"https:\/\/www.athome.lu\/blog\/services\/conseils\/?p=5025"},"modified":"2022-05-11T08:56:35","modified_gmt":"2022-05-11T06:56:35","slug":"astuce-creez-votre-propre-jardin-zen","status":"publish","type":"post","link":"https:\/\/www.athome.lu\/blog\/mon-logement\/meuble-decoration\/astuce-creez-votre-propre-jardin-zen\/","title":{"rendered":"Astuce: cr\u00e9ez votre propre jardin zen"},"content":{"rendered":"\n<p>&nbsp;<\/p>\n\n\n\n<p><span style=\"color: #000000;\">Un jardin zen est l\u2019endroit parfait pour s\u2019asseoir et se d\u00e9tendre. A l\u2019origine c\u2019est un style japonais de jardin, il combine \u00e0 la fois des \u00e9l\u00e9ments naturels et architecturaux.<\/span><\/p>\n\n\n\n<p><span style=\"color: #000000;\">Le jardin zen spirituel a \u00e9t\u00e9 utilis\u00e9 par les moines bouddhistes japonais \u00e0 travers le 13\u00e8me si\u00e8cle comme lieu de m\u00e9ditation. En couche pour cr\u00e9er une image en trois dimensions, un jardin zen spirituel est pr\u00e9vu avec un premier plan et un arri\u00e8re-plan qui m\u00e8ne \u00e0 un point de vue. Suivez les conseils ci-dessous pour cr\u00e9er votre propre jardin Zen.<\/span><\/p>\n\n\n\n<h2 class=\"wp-block-heading\"><span style=\"color: #000000;\"><strong>L\u2019eau<\/strong><\/span><\/h2>\n\n\n\n<p><span style=\"color: #000000;\">Tous les \u00e9l\u00e9ments ont un but dans le jardin zen, et l\u2019eau est le principal fournisseur de la vie. C\u2019est un \u00e9l\u00e9ment naturel qui peut \u00eatre repr\u00e9sent\u00e9 par un ruisseau, ou un \u00e9tang par exemple. Le sable peut \u00e9galement \u00eatre utilis\u00e9 pour repr\u00e9senter l\u2019eau.<\/span><\/p>\n\n\n\n<h2 class=\"wp-block-heading\"><span style=\"color: #000000;\"><strong>Les rochers<\/strong><\/span><\/h2>\n\n\n\n<p><span style=\"color: #000000;\">Les roches sont l\u2019un des \u00e9l\u00e9ments les plus importants d\u2019un jardin zen, car ils cr\u00e9ent de la dimension. Ils refl\u00e8tent l\u2019\u00e9chelle du temps mais assure aussi une pr\u00e9sence et de l\u2019\u00e9nergie. S\u00e9lectionnez vos pierres et rochers, de diff\u00e9rentes tailles, avec les plus grandes en arri\u00e8re plan et les plus petites en avant. Vous pouvez choisir des pierres abim\u00e9es pour ajouter de la profondeur et du caract\u00e8re.<\/span><\/p>\n\n\n\n<h2 class=\"wp-block-heading\"><span style=\"color: #000000;\"><strong>Les alternatives \u00e0 l\u2019eau<\/strong><\/span><\/h2>\n\n\n\n<p><span style=\"color: #000000;\">Du sable ou des galets peuvent &nbsp;\u00eatre utilis\u00e9 comme alternative \u00e0 l\u2019eau. Dispersez le sable autour pour cr\u00e9er un effet d\u2019eau ondulante et pour &nbsp;fournir de l\u2019\u00e9nergie au jardin. Le sable utilis\u00e9 dans les jardins Zen n\u2019est pas du sable classique mais du granit concass\u00e9 (il se d\u00e9cline en diff\u00e9rentes teintes)<\/span><\/p>\n\n\n\n<h2 class=\"wp-block-heading\"><span style=\"color: #000000;\"><strong>Am\u00e9nagez votre jardin<\/strong><\/span><\/h2>\n\n\n\n<p><span style=\"color: #000000;\">Un pont est l\u2019un des \u00e9l\u00e9ments architecturaux qui peuvent \u00eatre utilis\u00e9s dans un jardin zen. Ils sont utilis\u00e9s pour relier les diff\u00e9rentes zones du jardin.<\/span><\/p>\n\n\n\n<h2 class=\"wp-block-heading\"><span style=\"color: #000000;\"><strong>La d\u00e9coration<\/strong><\/span><\/h2>\n\n\n\n<p><span style=\"color: #000000;\">La d\u00e9coration est un autre \u00e9l\u00e9ment architectural \u00e0 ajouter dans votre jardin. Elle est id\u00e9ale pour aider \u00e0 cr\u00e9er un sentiment de bien-\u00eatre (vous pouvez disposer des lanternes, ou des statues par exemple).<\/span><\/p>\n\n\n<section id=\"section-3-14695\" class=\" ct-section\" ><div class=\"ct-section-inner-wrap\"><div id=\"div_block-4-14695\" class=\"ct-div-block\" ><div id=\"new_columns-7-14695\" class=\"ct-new-columns\" ><div id=\"div_block-8-14695\" class=\"ct-div-block\" ><div id=\"div_block-14-14695\" class=\"ct-div-block\" ><\/div><\/div><div id=\"div_block-9-14695\" class=\"ct-div-block\" ><h1 id=\"headline-11-14695\" class=\"ct-headline\">Quels sont les prix de l'immobilier en ce moment ?<\/h1><div id=\"text_block-12-14695\" class=\"ct-text-block\" >Les prix ralentissent. Les taux d'int\u00e9r\u00eat augmentent. Quelles tendances pour les mois \u00e0 venir ?<\/div><a id=\"link_button-13-14695\" class=\"ct-link-button\" href=\"https:\/\/www.athome.lu\/blog\/blog\/marche-immobilier\/prix\/tendances-2022\/\" target=\"_blank\"  >Lire l'analyse<\/a><\/div><\/div><\/div><\/div><\/section>\n\n\n<p><span style=\"color: #000000;\">\u00a0<\/span><\/p>\n","protected":false},"excerpt":{"rendered":"<p>&nbsp; Un jardin zen est l\u2019endroit parfait pour s\u2019asseoir et se d\u00e9tendre. A l\u2019origine c\u2019est un style japonais de jardin, il combine \u00e0 la fois des \u00e9l\u00e9ments naturels et architecturaux. Le jardin zen spirituel a \u00e9t\u00e9 utilis\u00e9 par les moines bouddhistes japonais \u00e0 travers le 13\u00e8me si\u00e8cle comme lieu de m\u00e9ditation. En couche pour cr\u00e9er [&hellip;]<\/p>\n","protected":false},"author":17,"featured_media":7418,"comment_status":"closed","ping_status":"open","sticky":false,"template":"","format":"standard","meta":{"_acf_changed":false,"footnotes":""},"categories":[210],"tags":[89],"class_list":["post-5025","post","type-post","status-publish","format-standard","has-post-thumbnail","hentry","category-meuble-decoration","tag-jardin-terrasse"],"acf":[],"yoast_head":"<!-- This site is optimized with the Yoast SEO plugin v27.4 - https:\/\/yoast.com\/product\/yoast-seo-wordpress\/ -->\n<title>\u25b7 Am\u00e9nagement Jardin \u25b7\u25b7 Cr\u00e9ez un Jardin Zen | atHome<\/title>\n<meta name=\"description\" content=\"Un jardin zen est l\u2019endroit parfait pour se d\u00e9tendre. Inspir\u00e9 du jardin japonais, atHome vous donne des astuces pour bien am\u00e9nager son jardin.\" \/>\n<meta name=\"robots\" content=\"index, follow, max-snippet:-1, max-image-preview:large, max-video-preview:-1\" \/>\n<link rel=\"canonical\" href=\"https:\/\/www.athome.lu\/blog\/mon-logement\/meuble-decoration\/astuce-creez-votre-propre-jardin-zen\/\" \/>\n<meta property=\"og:locale\" content=\"fr_FR\" \/>\n<meta property=\"og:type\" content=\"article\" \/>\n<meta property=\"og:title\" content=\"\u25b7 Am\u00e9nagement Jardin \u25b7\u25b7 Cr\u00e9ez un Jardin Zen | atHome\" \/>\n<meta property=\"og:description\" content=\"Un jardin zen est l\u2019endroit parfait pour se d\u00e9tendre. Inspir\u00e9 du jardin japonais, atHome vous donne des astuces pour bien am\u00e9nager son jardin.\" \/>\n<meta property=\"og:url\" content=\"https:\/\/www.athome.lu\/blog\/mon-logement\/meuble-decoration\/astuce-creez-votre-propre-jardin-zen\/\" \/>\n<meta property=\"og:site_name\" content=\"atHome Blog\" \/>\n<meta property=\"article:publisher\" content=\"https:\/\/www.facebook.com\/atHome.lu\/\" \/>\n<meta property=\"article:published_time\" content=\"2013-04-04T13:53:29+00:00\" \/>\n<meta property=\"article:modified_time\" content=\"2022-05-11T06:56:35+00:00\" \/>\n<meta property=\"og:image\" content=\"https:\/\/www.athome.lu\/blog\/wp-content\/uploads\/2013\/04\/OJP0014093.jpg\" \/>\n\t<meta property=\"og:image:width\" content=\"738\" \/>\n\t<meta property=\"og:image:height\" content=\"492\" \/>\n\t<meta property=\"og:image:type\" content=\"image\/jpeg\" \/>\n<meta name=\"author\" content=\"Fanny Pimentel\" \/>\n<meta name=\"twitter:card\" content=\"summary_large_image\" \/>\n<meta name=\"twitter:title\" content=\"\u25b7 Am\u00e9nagement Jardin \u25b7\u25b7 Cr\u00e9ez un Jardin Zen | atHome\" \/>\n<meta name=\"twitter:description\" content=\"Un jardin zen est l\u2019endroit parfait pour se d\u00e9tendre. Inspir\u00e9 du jardin japonais, atHome vous donne des astuces pour bien am\u00e9nager son jardin.\" \/>\n<meta name=\"twitter:creator\" content=\"@athomelu\" \/>\n<meta name=\"twitter:site\" content=\"@athomelu\" \/>\n<meta name=\"twitter:label1\" content=\"\u00c9crit par\" \/>\n\t<meta name=\"twitter:data1\" content=\"Fanny Pimentel\" \/>\n\t<meta name=\"twitter:label2\" content=\"Dur\u00e9e de lecture estim\u00e9e\" \/>\n\t<meta name=\"twitter:data2\" content=\"2 minutes\" \/>\n<script type=\"application\/ld+json\" class=\"yoast-schema-graph\">{\"@context\":\"https:\\\/\\\/schema.org\",\"@graph\":[{\"@type\":\"Article\",\"@id\":\"https:\\\/\\\/www.athome.lu\\\/blog\\\/mon-logement\\\/meuble-decoration\\\/astuce-creez-votre-propre-jardin-zen\\\/#article\",\"isPartOf\":{\"@id\":\"https:\\\/\\\/www.athome.lu\\\/blog\\\/mon-logement\\\/meuble-decoration\\\/astuce-creez-votre-propre-jardin-zen\\\/\"},\"author\":{\"name\":\"Fanny Pimentel\",\"@id\":\"https:\\\/\\\/www.athome.lu\\\/blog\\\/#\\\/schema\\\/person\\\/47f7a38089f837e792876ceddc4cb2dc\"},\"headline\":\"Astuce: cr\u00e9ez votre propre jardin zen\",\"datePublished\":\"2013-04-04T13:53:29+00:00\",\"dateModified\":\"2022-05-11T06:56:35+00:00\",\"mainEntityOfPage\":{\"@id\":\"https:\\\/\\\/www.athome.lu\\\/blog\\\/mon-logement\\\/meuble-decoration\\\/astuce-creez-votre-propre-jardin-zen\\\/\"},\"wordCount\":377,\"image\":{\"@id\":\"https:\\\/\\\/www.athome.lu\\\/blog\\\/mon-logement\\\/meuble-decoration\\\/astuce-creez-votre-propre-jardin-zen\\\/#primaryimage\"},\"thumbnailUrl\":\"https:\\\/\\\/www.athome.lu\\\/blog\\\/wp-content\\\/uploads\\\/2013\\\/04\\\/OJP0014093.jpg\",\"keywords\":[\"Jardin &amp; terrasse\"],\"articleSection\":[\"Meubler et D\u00e9corer\"],\"inLanguage\":\"fr-FR\"},{\"@type\":\"WebPage\",\"@id\":\"https:\\\/\\\/www.athome.lu\\\/blog\\\/mon-logement\\\/meuble-decoration\\\/astuce-creez-votre-propre-jardin-zen\\\/\",\"url\":\"https:\\\/\\\/www.athome.lu\\\/blog\\\/mon-logement\\\/meuble-decoration\\\/astuce-creez-votre-propre-jardin-zen\\\/\",\"name\":\"\u25b7 Am\u00e9nagement Jardin \u25b7\u25b7 Cr\u00e9ez un Jardin Zen | atHome\",\"isPartOf\":{\"@id\":\"https:\\\/\\\/www.athome.lu\\\/blog\\\/#website\"},\"primaryImageOfPage\":{\"@id\":\"https:\\\/\\\/www.athome.lu\\\/blog\\\/mon-logement\\\/meuble-decoration\\\/astuce-creez-votre-propre-jardin-zen\\\/#primaryimage\"},\"image\":{\"@id\":\"https:\\\/\\\/www.athome.lu\\\/blog\\\/mon-logement\\\/meuble-decoration\\\/astuce-creez-votre-propre-jardin-zen\\\/#primaryimage\"},\"thumbnailUrl\":\"https:\\\/\\\/www.athome.lu\\\/blog\\\/wp-content\\\/uploads\\\/2013\\\/04\\\/OJP0014093.jpg\",\"datePublished\":\"2013-04-04T13:53:29+00:00\",\"dateModified\":\"2022-05-11T06:56:35+00:00\",\"author\":{\"@id\":\"https:\\\/\\\/www.athome.lu\\\/blog\\\/#\\\/schema\\\/person\\\/47f7a38089f837e792876ceddc4cb2dc\"},\"description\":\"Un jardin zen est l\u2019endroit parfait pour se d\u00e9tendre. Inspir\u00e9 du jardin japonais, atHome vous donne des astuces pour bien am\u00e9nager son jardin.\",\"breadcrumb\":{\"@id\":\"https:\\\/\\\/www.athome.lu\\\/blog\\\/mon-logement\\\/meuble-decoration\\\/astuce-creez-votre-propre-jardin-zen\\\/#breadcrumb\"},\"inLanguage\":\"fr-FR\",\"potentialAction\":[{\"@type\":\"ReadAction\",\"target\":[\"https:\\\/\\\/www.athome.lu\\\/blog\\\/mon-logement\\\/meuble-decoration\\\/astuce-creez-votre-propre-jardin-zen\\\/\"]}]},{\"@type\":\"ImageObject\",\"inLanguage\":\"fr-FR\",\"@id\":\"https:\\\/\\\/www.athome.lu\\\/blog\\\/mon-logement\\\/meuble-decoration\\\/astuce-creez-votre-propre-jardin-zen\\\/#primaryimage\",\"url\":\"https:\\\/\\\/www.athome.lu\\\/blog\\\/wp-content\\\/uploads\\\/2013\\\/04\\\/OJP0014093.jpg\",\"contentUrl\":\"https:\\\/\\\/www.athome.lu\\\/blog\\\/wp-content\\\/uploads\\\/2013\\\/04\\\/OJP0014093.jpg\",\"width\":738,\"height\":492,\"caption\":\"Maison moderne en bois et b\u00e9ton am\u00e9nagement du jardin\"},{\"@type\":\"BreadcrumbList\",\"@id\":\"https:\\\/\\\/www.athome.lu\\\/blog\\\/mon-logement\\\/meuble-decoration\\\/astuce-creez-votre-propre-jardin-zen\\\/#breadcrumb\",\"itemListElement\":[{\"@type\":\"ListItem\",\"position\":1,\"name\":\"Accueil\",\"item\":\"https:\\\/\\\/www.athome.lu\\\/blog\\\/\"},{\"@type\":\"ListItem\",\"position\":2,\"name\":\"Mon logement\",\"item\":\"https:\\\/\\\/www.athome.lu\\\/blog\\\/de\\\/category\\\/mein-haus\\\/\"},{\"@type\":\"ListItem\",\"position\":3,\"name\":\"Meubler et D\u00e9corer\",\"item\":\"https:\\\/\\\/www.athome.lu\\\/blog\\\/de\\\/category\\\/mein-haus\\\/deko-mobel\\\/\"},{\"@type\":\"ListItem\",\"position\":4,\"name\":\"Astuce: cr\u00e9ez votre propre jardin zen\"}]},{\"@type\":\"WebSite\",\"@id\":\"https:\\\/\\\/www.athome.lu\\\/blog\\\/#website\",\"url\":\"https:\\\/\\\/www.athome.lu\\\/blog\\\/\",\"name\":\"atHome Blog\",\"description\":\"Annonces immobili\u00e8res au Luxembourg. Le portail immobilier n\u00b01 au Luxembourg.\",\"potentialAction\":[{\"@type\":\"SearchAction\",\"target\":{\"@type\":\"EntryPoint\",\"urlTemplate\":\"https:\\\/\\\/www.athome.lu\\\/blog\\\/?s={search_term_string}\"},\"query-input\":{\"@type\":\"PropertyValueSpecification\",\"valueRequired\":true,\"valueName\":\"search_term_string\"}}],\"inLanguage\":\"fr-FR\"},{\"@type\":\"Person\",\"@id\":\"https:\\\/\\\/www.athome.lu\\\/blog\\\/#\\\/schema\\\/person\\\/47f7a38089f837e792876ceddc4cb2dc\",\"name\":\"Fanny Pimentel\",\"image\":{\"@type\":\"ImageObject\",\"inLanguage\":\"fr-FR\",\"@id\":\"https:\\\/\\\/secure.gravatar.com\\\/avatar\\\/c60b27b93851dc9503f9cc9150e73dcb0a86ba6150657e5e4b11d988400bc633?s=96&d=mm&r=g\",\"url\":\"https:\\\/\\\/secure.gravatar.com\\\/avatar\\\/c60b27b93851dc9503f9cc9150e73dcb0a86ba6150657e5e4b11d988400bc633?s=96&d=mm&r=g\",\"contentUrl\":\"https:\\\/\\\/secure.gravatar.com\\\/avatar\\\/c60b27b93851dc9503f9cc9150e73dcb0a86ba6150657e5e4b11d988400bc633?s=96&d=mm&r=g\",\"caption\":\"Fanny Pimentel\"}}]}<\/script>\n<!-- \/ Yoast SEO plugin. -->","yoast_head_json":{"title":"\u25b7 Am\u00e9nagement Jardin \u25b7\u25b7 Cr\u00e9ez un Jardin Zen | atHome","description":"Un jardin zen est l\u2019endroit parfait pour se d\u00e9tendre. Inspir\u00e9 du jardin japonais, atHome vous donne des astuces pour bien am\u00e9nager son jardin.","robots":{"index":"index","follow":"follow","max-snippet":"max-snippet:-1","max-image-preview":"max-image-preview:large","max-video-preview":"max-video-preview:-1"},"canonical":"https:\/\/www.athome.lu\/blog\/mon-logement\/meuble-decoration\/astuce-creez-votre-propre-jardin-zen\/","og_locale":"fr_FR","og_type":"article","og_title":"\u25b7 Am\u00e9nagement Jardin \u25b7\u25b7 Cr\u00e9ez un Jardin Zen | atHome","og_description":"Un jardin zen est l\u2019endroit parfait pour se d\u00e9tendre. Inspir\u00e9 du jardin japonais, atHome vous donne des astuces pour bien am\u00e9nager son jardin.","og_url":"https:\/\/www.athome.lu\/blog\/mon-logement\/meuble-decoration\/astuce-creez-votre-propre-jardin-zen\/","og_site_name":"atHome Blog","article_publisher":"https:\/\/www.facebook.com\/atHome.lu\/","article_published_time":"2013-04-04T13:53:29+00:00","article_modified_time":"2022-05-11T06:56:35+00:00","og_image":[{"width":738,"height":492,"url":"https:\/\/www.athome.lu\/blog\/wp-content\/uploads\/2013\/04\/OJP0014093.jpg","type":"image\/jpeg"}],"author":"Fanny Pimentel","twitter_card":"summary_large_image","twitter_title":"\u25b7 Am\u00e9nagement Jardin \u25b7\u25b7 Cr\u00e9ez un Jardin Zen | atHome","twitter_description":"Un jardin zen est l\u2019endroit parfait pour se d\u00e9tendre. Inspir\u00e9 du jardin japonais, atHome vous donne des astuces pour bien am\u00e9nager son jardin.","twitter_creator":"@athomelu","twitter_site":"@athomelu","twitter_misc":{"\u00c9crit par":"Fanny Pimentel","Dur\u00e9e de lecture estim\u00e9e":"2 minutes"},"schema":{"@context":"https:\/\/schema.org","@graph":[{"@type":"Article","@id":"https:\/\/www.athome.lu\/blog\/mon-logement\/meuble-decoration\/astuce-creez-votre-propre-jardin-zen\/#article","isPartOf":{"@id":"https:\/\/www.athome.lu\/blog\/mon-logement\/meuble-decoration\/astuce-creez-votre-propre-jardin-zen\/"},"author":{"name":"Fanny Pimentel","@id":"https:\/\/www.athome.lu\/blog\/#\/schema\/person\/47f7a38089f837e792876ceddc4cb2dc"},"headline":"Astuce: cr\u00e9ez votre propre jardin zen","datePublished":"2013-04-04T13:53:29+00:00","dateModified":"2022-05-11T06:56:35+00:00","mainEntityOfPage":{"@id":"https:\/\/www.athome.lu\/blog\/mon-logement\/meuble-decoration\/astuce-creez-votre-propre-jardin-zen\/"},"wordCount":377,"image":{"@id":"https:\/\/www.athome.lu\/blog\/mon-logement\/meuble-decoration\/astuce-creez-votre-propre-jardin-zen\/#primaryimage"},"thumbnailUrl":"https:\/\/www.athome.lu\/blog\/wp-content\/uploads\/2013\/04\/OJP0014093.jpg","keywords":["Jardin &amp; terrasse"],"articleSection":["Meubler et D\u00e9corer"],"inLanguage":"fr-FR"},{"@type":"WebPage","@id":"https:\/\/www.athome.lu\/blog\/mon-logement\/meuble-decoration\/astuce-creez-votre-propre-jardin-zen\/","url":"https:\/\/www.athome.lu\/blog\/mon-logement\/meuble-decoration\/astuce-creez-votre-propre-jardin-zen\/","name":"\u25b7 Am\u00e9nagement Jardin \u25b7\u25b7 Cr\u00e9ez un Jardin Zen | atHome","isPartOf":{"@id":"https:\/\/www.athome.lu\/blog\/#website"},"primaryImageOfPage":{"@id":"https:\/\/www.athome.lu\/blog\/mon-logement\/meuble-decoration\/astuce-creez-votre-propre-jardin-zen\/#primaryimage"},"image":{"@id":"https:\/\/www.athome.lu\/blog\/mon-logement\/meuble-decoration\/astuce-creez-votre-propre-jardin-zen\/#primaryimage"},"thumbnailUrl":"https:\/\/www.athome.lu\/blog\/wp-content\/uploads\/2013\/04\/OJP0014093.jpg","datePublished":"2013-04-04T13:53:29+00:00","dateModified":"2022-05-11T06:56:35+00:00","author":{"@id":"https:\/\/www.athome.lu\/blog\/#\/schema\/person\/47f7a38089f837e792876ceddc4cb2dc"},"description":"Un jardin zen est l\u2019endroit parfait pour se d\u00e9tendre. Inspir\u00e9 du jardin japonais, atHome vous donne des astuces pour bien am\u00e9nager son jardin.","breadcrumb":{"@id":"https:\/\/www.athome.lu\/blog\/mon-logement\/meuble-decoration\/astuce-creez-votre-propre-jardin-zen\/#breadcrumb"},"inLanguage":"fr-FR","potentialAction":[{"@type":"ReadAction","target":["https:\/\/www.athome.lu\/blog\/mon-logement\/meuble-decoration\/astuce-creez-votre-propre-jardin-zen\/"]}]},{"@type":"ImageObject","inLanguage":"fr-FR","@id":"https:\/\/www.athome.lu\/blog\/mon-logement\/meuble-decoration\/astuce-creez-votre-propre-jardin-zen\/#primaryimage","url":"https:\/\/www.athome.lu\/blog\/wp-content\/uploads\/2013\/04\/OJP0014093.jpg","contentUrl":"https:\/\/www.athome.lu\/blog\/wp-content\/uploads\/2013\/04\/OJP0014093.jpg","width":738,"height":492,"caption":"Maison moderne en bois et b\u00e9ton am\u00e9nagement du jardin"},{"@type":"BreadcrumbList","@id":"https:\/\/www.athome.lu\/blog\/mon-logement\/meuble-decoration\/astuce-creez-votre-propre-jardin-zen\/#breadcrumb","itemListElement":[{"@type":"ListItem","position":1,"name":"Accueil","item":"https:\/\/www.athome.lu\/blog\/"},{"@type":"ListItem","position":2,"name":"Mon logement","item":"https:\/\/www.athome.lu\/blog\/de\/category\/mein-haus\/"},{"@type":"ListItem","position":3,"name":"Meubler et D\u00e9corer","item":"https:\/\/www.athome.lu\/blog\/de\/category\/mein-haus\/deko-mobel\/"},{"@type":"ListItem","position":4,"name":"Astuce: cr\u00e9ez votre propre jardin zen"}]},{"@type":"WebSite","@id":"https:\/\/www.athome.lu\/blog\/#website","url":"https:\/\/www.athome.lu\/blog\/","name":"atHome Blog","description":"Annonces immobili\u00e8res au Luxembourg. Le portail immobilier n\u00b01 au Luxembourg.","potentialAction":[{"@type":"SearchAction","target":{"@type":"EntryPoint","urlTemplate":"https:\/\/www.athome.lu\/blog\/?s={search_term_string}"},"query-input":{"@type":"PropertyValueSpecification","valueRequired":true,"valueName":"search_term_string"}}],"inLanguage":"fr-FR"},{"@type":"Person","@id":"https:\/\/www.athome.lu\/blog\/#\/schema\/person\/47f7a38089f837e792876ceddc4cb2dc","name":"Fanny Pimentel","image":{"@type":"ImageObject","inLanguage":"fr-FR","@id":"https:\/\/secure.gravatar.com\/avatar\/c60b27b93851dc9503f9cc9150e73dcb0a86ba6150657e5e4b11d988400bc633?s=96&d=mm&r=g","url":"https:\/\/secure.gravatar.com\/avatar\/c60b27b93851dc9503f9cc9150e73dcb0a86ba6150657e5e4b11d988400bc633?s=96&d=mm&r=g","contentUrl":"https:\/\/secure.gravatar.com\/avatar\/c60b27b93851dc9503f9cc9150e73dcb0a86ba6150657e5e4b11d988400bc633?s=96&d=mm&r=g","caption":"Fanny Pimentel"}}]}},"featured_media_src_url":"https:\/\/www.athome.lu\/blog\/wp-content\/uploads\/2013\/04\/OJP0014093.jpg","_links":{"self":[{"href":"https:\/\/www.athome.lu\/blog\/wp-json\/wp\/v2\/posts\/5025","targetHints":{"allow":["GET"]}}],"collection":[{"href":"https:\/\/www.athome.lu\/blog\/wp-json\/wp\/v2\/posts"}],"about":[{"href":"https:\/\/www.athome.lu\/blog\/wp-json\/wp\/v2\/types\/post"}],"author":[{"embeddable":true,"href":"https:\/\/www.athome.lu\/blog\/wp-json\/wp\/v2\/users\/17"}],"replies":[{"embeddable":true,"href":"https:\/\/www.athome.lu\/blog\/wp-json\/wp\/v2\/comments?post=5025"}],"version-history":[{"count":2,"href":"https:\/\/www.athome.lu\/blog\/wp-json\/wp\/v2\/posts\/5025\/revisions"}],"predecessor-version":[{"id":14747,"href":"https:\/\/www.athome.lu\/blog\/wp-json\/wp\/v2\/posts\/5025\/revisions\/14747"}],"wp:featuredmedia":[{"embeddable":true,"href":"https:\/\/www.athome.lu\/blog\/wp-json\/wp\/v2\/media\/7418"}],"wp:attachment":[{"href":"https:\/\/www.athome.lu\/blog\/wp-json\/wp\/v2\/media?parent=5025"}],"wp:term":[{"taxonomy":"category","embeddable":true,"href":"https:\/\/www.athome.lu\/blog\/wp-json\/wp\/v2\/categories?post=5025"},{"taxonomy":"post_tag","embeddable":true,"href":"https:\/\/www.athome.lu\/blog\/wp-json\/wp\/v2\/tags?post=5025"}],"curies":[{"name":"wp","href":"https:\/\/api.w.org\/{rel}","templated":true}]}}